{"id":28781,"date":"2025-08-09T17:11:29","date_gmt":"2025-08-09T15:11:29","guid":{"rendered":"https:\/\/radioleinewelle.de\/?p=28781"},"modified":"2025-08-09T17:11:30","modified_gmt":"2025-08-09T15:11:30","slug":"nach-ortung-mittels-airtag-polizei-stoppt-transporter-mit-diebesgut-auf-a-38-bei-bleicherode","status":"publish","type":"post","link":"https:\/\/radioleinewelle.de\/index.php\/2025\/08\/09\/nach-ortung-mittels-airtag-polizei-stoppt-transporter-mit-diebesgut-auf-a-38-bei-bleicherode\/","title":{"rendered":"Nach Ortung mittels AirTag: Polizei stoppt Transporter mit Diebesgut auf A 38 bei Bleicherode"},"content":{"rendered":"\n<p>Auf der Ladefl\u00e4che eines Mercedes Vito mit ausl\u00e4ndischer Zulassung haben Beamte der Autobahnpolizei G\u00f6ttingen und der Polizei Friedland am letzten Donnerstag (31.07.25) an der Autobahn 38 insgesamt sechs hochwertige Fahrr\u00e4der entdeckt, darunter ein ca. 5.000 Euro teures Trekkingrad, das einer G\u00f6ttingerin knapp zwei Wochen zuvor an der Robert-Koch-Stra\u00dfe gestohlen worden war. Der 25 Jahre alte Fahrer des Fahrzeuges wurde festgenommen. Er sitzt inzwischen in U-Haft.<\/p>\n\n\n\n\n\n<p><strong>Ortung f\u00fchrt Ermittler auf die A 38 <\/strong><br>Die Besitzerin des gestohlen Trekkingrades hatte der Polizei am Donnerstagmorgen gegen 06.20 Uhr gemeldet, dass sie ihr Rad anhand des AirTag wieder habe orten k\u00f6nnen. Nach \u00dcbermittlung mehrerer wechselnder Standortdaten, die zun\u00e4chst von der A 7 kamen, meldete sich das Signal zuletzt gegen 06.50 Uhr von der A 38 Richtung Halle. Im Rahmen der aufgenommenen Fahndung entdeckten zwei Funkstreifen das nach kriminalistischer Erfahrung &#8222;szenetypische&#8220; Transportfahrzeug kurze Zeit sp\u00e4ter und lotsten es zur Kontrolle an der Anschlussstelle Bleicherode von der Autobahn.<\/p>\n\n\n\n<p><strong>Sechs hochwertige Fahrr\u00e4der im vollgestopften Laderaum entdeck<\/strong>t <br>Beim Entladen des vollgestopften Laderaums stie\u00dfen die Beamten unter einer Vielzahl anderer Gegenst\u00e4nde auf vier E-Bikes und zwei Rennr\u00e4der. Zwei Fahrr\u00e4der, allen voran das markante Rad der G\u00f6ttingerin, konnten noch w\u00e4hrend der ersten \u00dcberpr\u00fcfung anhand der Rahmennummern konkreten Diebst\u00e4hlen zugeordnet werden. Die Gesamtumst\u00e4nde deuten darauf hin, dass auch die anderen vier aus Straftaten stammen. Die Ermittlungen hierzu dauern an. Der gesamte Fund wurden beschlagnahmt und zur Polizeidienststelle nach G\u00f6ttingen verbracht. Weiteres mutma\u00dfliches Diebesgut befand sich unter der restlichen Ladung nicht.<\/p>\n\n\n\n<p><strong>Fahrer auf Antrag der Staatsanwaltschaft vorgef\u00fchrt &#8211; U-Haftbefehl erlassen<\/strong> <br>Die Ermittler nahmen den Transporterfahrer wegen Verdachts der gewerbsm\u00e4\u00dfigen Hehlerei fest. Auf Antrag der Staatsanwaltschaft G\u00f6ttingen wurde der 25-J\u00e4hrige am Freitag (01.08.25) dem Haftrichter vorgef\u00fchrt. Dieser erlie\u00df U-Haftbefehl gegen den Mann ohne Wohnsitz im Bundesgebiet wegen Fluchtgefahr und ordnete seine Einlieferung in die JVA an. (jk)<\/p>\n\n\n\n<p><strong>Foto: <\/strong>Polizeiinspektion G\u00f6ttingen<\/p>\n","protected":false},"excerpt":{"rendered":"<p>Auf der Ladefl\u00e4che eines Mercedes Vito mit ausl\u00e4ndischer Zulassung haben Beamte der Autobahnpolizei G\u00f6ttingen und der Polizei Friedland am letzten Donnerstag (31.07.25) an der Autobahn 38 insgesamt sechs hochwertige Fahrr\u00e4der entdeckt, darunter ein ca. 5.000 Euro teures Trekkingrad, das einer G\u00f6ttingerin knapp zwei Wochen zuvor an der Robert-Koch-Stra\u00dfe gestohlen worden war. Der 25 Jahre alte [&hellip;]<\/p>\n","protected":false},"author":1,"featured_media":28784,"comment_status":"open","ping_status":"open","sticky":false,"template":"","format":"standard","meta":{"saved_in_kubio":false,"footnotes":""},"categories":[1],"tags":[],"class_list":["post-28781","post","type-post","status-publish","format-standard","has-post-thumbnail","hentry","category-allgemein"],"yoast_head":"<!-- This site is optimized with the Yoast SEO plugin v27.5 - https:\/\/yoast.com\/product\/yoast-seo-wordpress\/ -->\n<title>Nach Ortung mittels AirTag: Polizei stoppt Transporter mit Diebesgut auf A 38 bei Bleicherode - Radio Leinewelle<\/title>\n<meta name=\"robots\" content=\"index, follow, max-snippet:-1, max-image-preview:large, max-video-preview:-1\" \/>\n<link rel=\"canonical\" href=\"https:\/\/radioleinewelle.de\/index.php\/2025\/08\/09\/nach-ortung-mittels-airtag-polizei-stoppt-transporter-mit-diebesgut-auf-a-38-bei-bleicherode\/\" \/>\n<meta property=\"og:locale\" content=\"de_DE\" \/>\n<meta property=\"og:type\" content=\"article\" \/>\n<meta property=\"og:title\" content=\"Nach Ortung mittels AirTag: Polizei stoppt Transporter mit Diebesgut auf A 38 bei Bleicherode - Radio Leinewelle\" \/>\n<meta property=\"og:description\" content=\"Auf der Ladefl\u00e4che eines Mercedes Vito mit ausl\u00e4ndischer Zulassung haben Beamte der Autobahnpolizei G\u00f6ttingen und der Polizei Friedland am letzten Donnerstag (31.07.25) an der Autobahn 38 insgesamt sechs hochwertige Fahrr\u00e4der entdeckt, darunter ein ca. 5.000 Euro teures Trekkingrad, das einer G\u00f6ttingerin knapp zwei Wochen zuvor an der Robert-Koch-Stra\u00dfe gestohlen worden war. Der 25 Jahre alte [&hellip;]\" \/>\n<meta property=\"og:url\" content=\"https:\/\/radioleinewelle.de\/index.php\/2025\/08\/09\/nach-ortung-mittels-airtag-polizei-stoppt-transporter-mit-diebesgut-auf-a-38-bei-bleicherode\/\" \/>\n<meta property=\"og:site_name\" content=\"Radio Leinewelle\" \/>\n<meta property=\"article:publisher\" content=\"https:\/\/www.facebook.com\/radioleinewelle\" \/>\n<meta property=\"article:author\" content=\"https:\/\/www.facebook.com\/radioleinewelle\" \/>\n<meta property=\"article:published_time\" content=\"2025-08-09T15:11:29+00:00\" \/>\n<meta property=\"article:modified_time\" content=\"2025-08-09T15:11:30+00:00\" \/>\n<meta property=\"og:image\" content=\"https:\/\/radioleinewelle.de\/wp-content\/uploads\/2025\/08\/Transporter-scaled.jpg\" \/>\n\t<meta property=\"og:image:width\" content=\"2560\" \/>\n\t<meta property=\"og:image:height\" content=\"1441\" \/>\n\t<meta property=\"og:image:type\" content=\"image\/jpeg\" \/>\n<meta name=\"author\" content=\"Leinewelle\" \/>\n<meta name=\"twitter:card\" content=\"summary_large_image\" \/>\n<meta name=\"twitter:creator\" content=\"@https:\/\/twitter.com\/RLeinewelle?ref_src=twsrcgoogletwcampserptwgrauthor\" \/>\n<meta name=\"twitter:site\" content=\"@RLeinewelle\" \/>\n<meta name=\"twitter:label1\" content=\"Verfasst von\" \/>\n\t<meta name=\"twitter:data1\" content=\"Leinewelle\" \/>\n\t<meta name=\"twitter:label2\" content=\"Gesch\u00e4tzte Lesezeit\" \/>\n\t<meta name=\"twitter:data2\" content=\"2\u00a0Minuten\" \/>\n<script type=\"application\/ld+json\" class=\"yoast-schema-graph\">{\"@context\":\"https:\\\/\\\/schema.org\",\"@graph\":[{\"@type\":\"Article\",\"@id\":\"https:\\\/\\\/radioleinewelle.de\\\/index.php\\\/2025\\\/08\\\/09\\\/nach-ortung-mittels-airtag-polizei-stoppt-transporter-mit-diebesgut-auf-a-38-bei-bleicherode\\\/#article\",\"isPartOf\":{\"@id\":\"https:\\\/\\\/radioleinewelle.de\\\/index.php\\\/2025\\\/08\\\/09\\\/nach-ortung-mittels-airtag-polizei-stoppt-transporter-mit-diebesgut-auf-a-38-bei-bleicherode\\\/\"},\"author\":{\"name\":\"Leinewelle\",\"@id\":\"https:\\\/\\\/radioleinewelle.de\\\/#\\\/schema\\\/person\\\/45606f348637df637192dc1b68399a63\"},\"headline\":\"Nach Ortung mittels AirTag: Polizei stoppt Transporter mit Diebesgut auf A 38 bei Bleicherode\",\"datePublished\":\"2025-08-09T15:11:29+00:00\",\"dateModified\":\"2025-08-09T15:11:30+00:00\",\"mainEntityOfPage\":{\"@id\":\"https:\\\/\\\/radioleinewelle.de\\\/index.php\\\/2025\\\/08\\\/09\\\/nach-ortung-mittels-airtag-polizei-stoppt-transporter-mit-diebesgut-auf-a-38-bei-bleicherode\\\/\"},\"wordCount\":332,\"commentCount\":0,\"publisher\":{\"@id\":\"https:\\\/\\\/radioleinewelle.de\\\/#organization\"},\"image\":{\"@id\":\"https:\\\/\\\/radioleinewelle.de\\\/index.php\\\/2025\\\/08\\\/09\\\/nach-ortung-mittels-airtag-polizei-stoppt-transporter-mit-diebesgut-auf-a-38-bei-bleicherode\\\/#primaryimage\"},\"thumbnailUrl\":\"https:\\\/\\\/radioleinewelle.de\\\/wp-content\\\/uploads\\\/2025\\\/08\\\/Transporter-scaled.jpg\",\"inLanguage\":\"de\",\"potentialAction\":[{\"@type\":\"CommentAction\",\"name\":\"Comment\",\"target\":[\"https:\\\/\\\/radioleinewelle.de\\\/index.php\\\/2025\\\/08\\\/09\\\/nach-ortung-mittels-airtag-polizei-stoppt-transporter-mit-diebesgut-auf-a-38-bei-bleicherode\\\/#respond\"]}]},{\"@type\":\"WebPage\",\"@id\":\"https:\\\/\\\/radioleinewelle.de\\\/index.php\\\/2025\\\/08\\\/09\\\/nach-ortung-mittels-airtag-polizei-stoppt-transporter-mit-diebesgut-auf-a-38-bei-bleicherode\\\/\",\"url\":\"https:\\\/\\\/radioleinewelle.de\\\/index.php\\\/2025\\\/08\\\/09\\\/nach-ortung-mittels-airtag-polizei-stoppt-transporter-mit-diebesgut-auf-a-38-bei-bleicherode\\\/\",\"name\":\"Nach Ortung mittels AirTag: Polizei stoppt Transporter mit Diebesgut auf A 38 bei Bleicherode - Radio Leinewelle\",\"isPartOf\":{\"@id\":\"https:\\\/\\\/radioleinewelle.de\\\/#website\"},\"primaryImageOfPage\":{\"@id\":\"https:\\\/\\\/radioleinewelle.de\\\/index.php\\\/2025\\\/08\\\/09\\\/nach-ortung-mittels-airtag-polizei-stoppt-transporter-mit-diebesgut-auf-a-38-bei-bleicherode\\\/#primaryimage\"},\"image\":{\"@id\":\"https:\\\/\\\/radioleinewelle.de\\\/index.php\\\/2025\\\/08\\\/09\\\/nach-ortung-mittels-airtag-polizei-stoppt-transporter-mit-diebesgut-auf-a-38-bei-bleicherode\\\/#primaryimage\"},\"thumbnailUrl\":\"https:\\\/\\\/radioleinewelle.de\\\/wp-content\\\/uploads\\\/2025\\\/08\\\/Transporter-scaled.jpg\",\"datePublished\":\"2025-08-09T15:11:29+00:00\",\"dateModified\":\"2025-08-09T15:11:30+00:00\",\"breadcrumb\":{\"@id\":\"https:\\\/\\\/radioleinewelle.de\\\/index.php\\\/2025\\\/08\\\/09\\\/nach-ortung-mittels-airtag-polizei-stoppt-transporter-mit-diebesgut-auf-a-38-bei-bleicherode\\\/#breadcrumb\"},\"inLanguage\":\"de\",\"potentialAction\":[{\"@type\":\"ReadAction\",\"target\":[\"https:\\\/\\\/radioleinewelle.de\\\/index.php\\\/2025\\\/08\\\/09\\\/nach-ortung-mittels-airtag-polizei-stoppt-transporter-mit-diebesgut-auf-a-38-bei-bleicherode\\\/\"]}]},{\"@type\":\"ImageObject\",\"inLanguage\":\"de\",\"@id\":\"https:\\\/\\\/radioleinewelle.de\\\/index.php\\\/2025\\\/08\\\/09\\\/nach-ortung-mittels-airtag-polizei-stoppt-transporter-mit-diebesgut-auf-a-38-bei-bleicherode\\\/#primaryimage\",\"url\":\"https:\\\/\\\/radioleinewelle.de\\\/wp-content\\\/uploads\\\/2025\\\/08\\\/Transporter-scaled.jpg\",\"contentUrl\":\"https:\\\/\\\/radioleinewelle.de\\\/wp-content\\\/uploads\\\/2025\\\/08\\\/Transporter-scaled.jpg\",\"width\":2560,\"height\":1441,\"caption\":\"Blick in den Laderaum\"},{\"@type\":\"BreadcrumbList\",\"@id\":\"https:\\\/\\\/radioleinewelle.de\\\/index.php\\\/2025\\\/08\\\/09\\\/nach-ortung-mittels-airtag-polizei-stoppt-transporter-mit-diebesgut-auf-a-38-bei-bleicherode\\\/#breadcrumb\",\"itemListElement\":[{\"@type\":\"ListItem\",\"position\":1,\"name\":\"Startseite\",\"item\":\"https:\\\/\\\/radioleinewelle.de\\\/\"},{\"@type\":\"ListItem\",\"position\":2,\"name\":\"Nach Ortung mittels AirTag: Polizei stoppt Transporter mit Diebesgut auf A 38 bei Bleicherode\"}]},{\"@type\":\"WebSite\",\"@id\":\"https:\\\/\\\/radioleinewelle.de\\\/#website\",\"url\":\"https:\\\/\\\/radioleinewelle.de\\\/\",\"name\":\"Radio Leinewelle\",\"description\":\"\",\"publisher\":{\"@id\":\"https:\\\/\\\/radioleinewelle.de\\\/#organization\"},\"potentialAction\":[{\"@type\":\"SearchAction\",\"target\":{\"@type\":\"EntryPoint\",\"urlTemplate\":\"https:\\\/\\\/radioleinewelle.de\\\/?s={search_term_string}\"},\"query-input\":{\"@type\":\"PropertyValueSpecification\",\"valueRequired\":true,\"valueName\":\"search_term_string\"}}],\"inLanguage\":\"de\"},{\"@type\":\"Organization\",\"@id\":\"https:\\\/\\\/radioleinewelle.de\\\/#organization\",\"name\":\"Radio Leinewelle\",\"alternateName\":\"Mein Radio f\u00fcr S\u00fcdniedersachsen\",\"url\":\"https:\\\/\\\/radioleinewelle.de\\\/\",\"logo\":{\"@type\":\"ImageObject\",\"inLanguage\":\"de\",\"@id\":\"https:\\\/\\\/radioleinewelle.de\\\/#\\\/schema\\\/logo\\\/image\\\/\",\"url\":\"https:\\\/\\\/radioleinewelle.de\\\/wp-content\\\/uploads\\\/2023\\\/11\\\/cropped-Leinewelle_Logo_weiss.png\",\"contentUrl\":\"https:\\\/\\\/radioleinewelle.de\\\/wp-content\\\/uploads\\\/2023\\\/11\\\/cropped-Leinewelle_Logo_weiss.png\",\"width\":854,\"height\":260,\"caption\":\"Radio Leinewelle\"},\"image\":{\"@id\":\"https:\\\/\\\/radioleinewelle.de\\\/#\\\/schema\\\/logo\\\/image\\\/\"},\"sameAs\":[\"https:\\\/\\\/www.facebook.com\\\/radioleinewelle\",\"https:\\\/\\\/x.com\\\/RLeinewelle\",\"https:\\\/\\\/www.instagram.com\\\/radioleinewelle\\\/?hl=de\"]},{\"@type\":\"Person\",\"@id\":\"https:\\\/\\\/radioleinewelle.de\\\/#\\\/schema\\\/person\\\/45606f348637df637192dc1b68399a63\",\"name\":\"Leinewelle\",\"image\":{\"@type\":\"ImageObject\",\"inLanguage\":\"de\",\"@id\":\"https:\\\/\\\/secure.gravatar.com\\\/avatar\\\/05c9a17bc973052ee5d91549bd32fb4dd0dc85b7b85ae94b2e2b4943476bbea5?s=96&d=blank&r=g\",\"url\":\"https:\\\/\\\/secure.gravatar.com\\\/avatar\\\/05c9a17bc973052ee5d91549bd32fb4dd0dc85b7b85ae94b2e2b4943476bbea5?s=96&d=blank&r=g\",\"contentUrl\":\"https:\\\/\\\/secure.gravatar.com\\\/avatar\\\/05c9a17bc973052ee5d91549bd32fb4dd0dc85b7b85ae94b2e2b4943476bbea5?s=96&d=blank&r=g\",\"caption\":\"Leinewelle\"},\"sameAs\":[\"http:\\\/\\\/localhost\\\/radio%20leinewelle\\\/wordpress\",\"https:\\\/\\\/www.facebook.com\\\/radioleinewelle\",\"https:\\\/\\\/www.instagram.com\\\/radioleinewelle\",\"https:\\\/\\\/x.com\\\/https:\\\/\\\/twitter.com\\\/RLeinewelle?ref_src=twsrcgoogletwcampserptwgrauthor\",\"https:\\\/\\\/soundcloud.com\\\/foerderverein-lokalradio?utm_source=clipboard&utm_medium=text&utm_campaign=social_sharing\"],\"url\":\"https:\\\/\\\/radioleinewelle.de\\\/index.php\\\/author\\\/leinewelle\\\/\"}]}<\/script>\n<!-- \/ Yoast SEO plugin. -->","yoast_head_json":{"title":"Nach Ortung mittels AirTag: Polizei stoppt Transporter mit Diebesgut auf A 38 bei Bleicherode - Radio Leinewelle","robots":{"index":"index","follow":"follow","max-snippet":"max-snippet:-1","max-image-preview":"max-image-preview:large","max-video-preview":"max-video-preview:-1"},"canonical":"https:\/\/radioleinewelle.de\/index.php\/2025\/08\/09\/nach-ortung-mittels-airtag-polizei-stoppt-transporter-mit-diebesgut-auf-a-38-bei-bleicherode\/","og_locale":"de_DE","og_type":"article","og_title":"Nach Ortung mittels AirTag: Polizei stoppt Transporter mit Diebesgut auf A 38 bei Bleicherode - Radio Leinewelle","og_description":"Auf der Ladefl\u00e4che eines Mercedes Vito mit ausl\u00e4ndischer Zulassung haben Beamte der Autobahnpolizei G\u00f6ttingen und der Polizei Friedland am letzten Donnerstag (31.07.25) an der Autobahn 38 insgesamt sechs hochwertige Fahrr\u00e4der entdeckt, darunter ein ca. 5.000 Euro teures Trekkingrad, das einer G\u00f6ttingerin knapp zwei Wochen zuvor an der Robert-Koch-Stra\u00dfe gestohlen worden war. Der 25 Jahre alte [&hellip;]","og_url":"https:\/\/radioleinewelle.de\/index.php\/2025\/08\/09\/nach-ortung-mittels-airtag-polizei-stoppt-transporter-mit-diebesgut-auf-a-38-bei-bleicherode\/","og_site_name":"Radio Leinewelle","article_publisher":"https:\/\/www.facebook.com\/radioleinewelle","article_author":"https:\/\/www.facebook.com\/radioleinewelle","article_published_time":"2025-08-09T15:11:29+00:00","article_modified_time":"2025-08-09T15:11:30+00:00","og_image":[{"width":2560,"height":1441,"url":"https:\/\/radioleinewelle.de\/wp-content\/uploads\/2025\/08\/Transporter-scaled.jpg","type":"image\/jpeg"}],"author":"Leinewelle","twitter_card":"summary_large_image","twitter_creator":"@https:\/\/twitter.com\/RLeinewelle?ref_src=twsrcgoogletwcampserptwgrauthor","twitter_site":"@RLeinewelle","twitter_misc":{"Verfasst von":"Leinewelle","Gesch\u00e4tzte Lesezeit":"2\u00a0Minuten"},"schema":{"@context":"https:\/\/schema.org","@graph":[{"@type":"Article","@id":"https:\/\/radioleinewelle.de\/index.php\/2025\/08\/09\/nach-ortung-mittels-airtag-polizei-stoppt-transporter-mit-diebesgut-auf-a-38-bei-bleicherode\/#article","isPartOf":{"@id":"https:\/\/radioleinewelle.de\/index.php\/2025\/08\/09\/nach-ortung-mittels-airtag-polizei-stoppt-transporter-mit-diebesgut-auf-a-38-bei-bleicherode\/"},"author":{"name":"Leinewelle","@id":"https:\/\/radioleinewelle.de\/#\/schema\/person\/45606f348637df637192dc1b68399a63"},"headline":"Nach Ortung mittels AirTag: Polizei stoppt Transporter mit Diebesgut auf A 38 bei Bleicherode","datePublished":"2025-08-09T15:11:29+00:00","dateModified":"2025-08-09T15:11:30+00:00","mainEntityOfPage":{"@id":"https:\/\/radioleinewelle.de\/index.php\/2025\/08\/09\/nach-ortung-mittels-airtag-polizei-stoppt-transporter-mit-diebesgut-auf-a-38-bei-bleicherode\/"},"wordCount":332,"commentCount":0,"publisher":{"@id":"https:\/\/radioleinewelle.de\/#organization"},"image":{"@id":"https:\/\/radioleinewelle.de\/index.php\/2025\/08\/09\/nach-ortung-mittels-airtag-polizei-stoppt-transporter-mit-diebesgut-auf-a-38-bei-bleicherode\/#primaryimage"},"thumbnailUrl":"https:\/\/radioleinewelle.de\/wp-content\/uploads\/2025\/08\/Transporter-scaled.jpg","inLanguage":"de","potentialAction":[{"@type":"CommentAction","name":"Comment","target":["https:\/\/radioleinewelle.de\/index.php\/2025\/08\/09\/nach-ortung-mittels-airtag-polizei-stoppt-transporter-mit-diebesgut-auf-a-38-bei-bleicherode\/#respond"]}]},{"@type":"WebPage","@id":"https:\/\/radioleinewelle.de\/index.php\/2025\/08\/09\/nach-ortung-mittels-airtag-polizei-stoppt-transporter-mit-diebesgut-auf-a-38-bei-bleicherode\/","url":"https:\/\/radioleinewelle.de\/index.php\/2025\/08\/09\/nach-ortung-mittels-airtag-polizei-stoppt-transporter-mit-diebesgut-auf-a-38-bei-bleicherode\/","name":"Nach Ortung mittels AirTag: Polizei stoppt Transporter mit Diebesgut auf A 38 bei Bleicherode - Radio Leinewelle","isPartOf":{"@id":"https:\/\/radioleinewelle.de\/#website"},"primaryImageOfPage":{"@id":"https:\/\/radioleinewelle.de\/index.php\/2025\/08\/09\/nach-ortung-mittels-airtag-polizei-stoppt-transporter-mit-diebesgut-auf-a-38-bei-bleicherode\/#primaryimage"},"image":{"@id":"https:\/\/radioleinewelle.de\/index.php\/2025\/08\/09\/nach-ortung-mittels-airtag-polizei-stoppt-transporter-mit-diebesgut-auf-a-38-bei-bleicherode\/#primaryimage"},"thumbnailUrl":"https:\/\/radioleinewelle.de\/wp-content\/uploads\/2025\/08\/Transporter-scaled.jpg","datePublished":"2025-08-09T15:11:29+00:00","dateModified":"2025-08-09T15:11:30+00:00","breadcrumb":{"@id":"https:\/\/radioleinewelle.de\/index.php\/2025\/08\/09\/nach-ortung-mittels-airtag-polizei-stoppt-transporter-mit-diebesgut-auf-a-38-bei-bleicherode\/#breadcrumb"},"inLanguage":"de","potentialAction":[{"@type":"ReadAction","target":["https:\/\/radioleinewelle.de\/index.php\/2025\/08\/09\/nach-ortung-mittels-airtag-polizei-stoppt-transporter-mit-diebesgut-auf-a-38-bei-bleicherode\/"]}]},{"@type":"ImageObject","inLanguage":"de","@id":"https:\/\/radioleinewelle.de\/index.php\/2025\/08\/09\/nach-ortung-mittels-airtag-polizei-stoppt-transporter-mit-diebesgut-auf-a-38-bei-bleicherode\/#primaryimage","url":"https:\/\/radioleinewelle.de\/wp-content\/uploads\/2025\/08\/Transporter-scaled.jpg","contentUrl":"https:\/\/radioleinewelle.de\/wp-content\/uploads\/2025\/08\/Transporter-scaled.jpg","width":2560,"height":1441,"caption":"Blick in den Laderaum"},{"@type":"BreadcrumbList","@id":"https:\/\/radioleinewelle.de\/index.php\/2025\/08\/09\/nach-ortung-mittels-airtag-polizei-stoppt-transporter-mit-diebesgut-auf-a-38-bei-bleicherode\/#breadcrumb","itemListElement":[{"@type":"ListItem","position":1,"name":"Startseite","item":"https:\/\/radioleinewelle.de\/"},{"@type":"ListItem","position":2,"name":"Nach Ortung mittels AirTag: Polizei stoppt Transporter mit Diebesgut auf A 38 bei Bleicherode"}]},{"@type":"WebSite","@id":"https:\/\/radioleinewelle.de\/#website","url":"https:\/\/radioleinewelle.de\/","name":"Radio Leinewelle","description":"","publisher":{"@id":"https:\/\/radioleinewelle.de\/#organization"},"potentialAction":[{"@type":"SearchAction","target":{"@type":"EntryPoint","urlTemplate":"https:\/\/radioleinewelle.de\/?s={search_term_string}"},"query-input":{"@type":"PropertyValueSpecification","valueRequired":true,"valueName":"search_term_string"}}],"inLanguage":"de"},{"@type":"Organization","@id":"https:\/\/radioleinewelle.de\/#organization","name":"Radio Leinewelle","alternateName":"Mein Radio f\u00fcr S\u00fcdniedersachsen","url":"https:\/\/radioleinewelle.de\/","logo":{"@type":"ImageObject","inLanguage":"de","@id":"https:\/\/radioleinewelle.de\/#\/schema\/logo\/image\/","url":"https:\/\/radioleinewelle.de\/wp-content\/uploads\/2023\/11\/cropped-Leinewelle_Logo_weiss.png","contentUrl":"https:\/\/radioleinewelle.de\/wp-content\/uploads\/2023\/11\/cropped-Leinewelle_Logo_weiss.png","width":854,"height":260,"caption":"Radio Leinewelle"},"image":{"@id":"https:\/\/radioleinewelle.de\/#\/schema\/logo\/image\/"},"sameAs":["https:\/\/www.facebook.com\/radioleinewelle","https:\/\/x.com\/RLeinewelle","https:\/\/www.instagram.com\/radioleinewelle\/?hl=de"]},{"@type":"Person","@id":"https:\/\/radioleinewelle.de\/#\/schema\/person\/45606f348637df637192dc1b68399a63","name":"Leinewelle","image":{"@type":"ImageObject","inLanguage":"de","@id":"https:\/\/secure.gravatar.com\/avatar\/05c9a17bc973052ee5d91549bd32fb4dd0dc85b7b85ae94b2e2b4943476bbea5?s=96&d=blank&r=g","url":"https:\/\/secure.gravatar.com\/avatar\/05c9a17bc973052ee5d91549bd32fb4dd0dc85b7b85ae94b2e2b4943476bbea5?s=96&d=blank&r=g","contentUrl":"https:\/\/secure.gravatar.com\/avatar\/05c9a17bc973052ee5d91549bd32fb4dd0dc85b7b85ae94b2e2b4943476bbea5?s=96&d=blank&r=g","caption":"Leinewelle"},"sameAs":["http:\/\/localhost\/radio%20leinewelle\/wordpress","https:\/\/www.facebook.com\/radioleinewelle","https:\/\/www.instagram.com\/radioleinewelle","https:\/\/x.com\/https:\/\/twitter.com\/RLeinewelle?ref_src=twsrcgoogletwcampserptwgrauthor","https:\/\/soundcloud.com\/foerderverein-lokalradio?utm_source=clipboard&utm_medium=text&utm_campaign=social_sharing"],"url":"https:\/\/radioleinewelle.de\/index.php\/author\/leinewelle\/"}]}},"_links":{"self":[{"href":"https:\/\/radioleinewelle.de\/index.php\/wp-json\/wp\/v2\/posts\/28781","targetHints":{"allow":["GET"]}}],"collection":[{"href":"https:\/\/radioleinewelle.de\/index.php\/wp-json\/wp\/v2\/posts"}],"about":[{"href":"https:\/\/radioleinewelle.de\/index.php\/wp-json\/wp\/v2\/types\/post"}],"author":[{"embeddable":true,"href":"https:\/\/radioleinewelle.de\/index.php\/wp-json\/wp\/v2\/users\/1"}],"replies":[{"embeddable":true,"href":"https:\/\/radioleinewelle.de\/index.php\/wp-json\/wp\/v2\/comments?post=28781"}],"version-history":[{"count":3,"href":"https:\/\/radioleinewelle.de\/index.php\/wp-json\/wp\/v2\/posts\/28781\/revisions"}],"predecessor-version":[{"id":28785,"href":"https:\/\/radioleinewelle.de\/index.php\/wp-json\/wp\/v2\/posts\/28781\/revisions\/28785"}],"wp:featuredmedia":[{"embeddable":true,"href":"https:\/\/radioleinewelle.de\/index.php\/wp-json\/wp\/v2\/media\/28784"}],"wp:attachment":[{"href":"https:\/\/radioleinewelle.de\/index.php\/wp-json\/wp\/v2\/media?parent=28781"}],"wp:term":[{"taxonomy":"category","embeddable":true,"href":"https:\/\/radioleinewelle.de\/index.php\/wp-json\/wp\/v2\/categories?post=28781"},{"taxonomy":"post_tag","embeddable":true,"href":"https:\/\/radioleinewelle.de\/index.php\/wp-json\/wp\/v2\/tags?post=28781"}],"curies":[{"name":"wp","href":"https:\/\/api.w.org\/{rel}","templated":true}]}}