{"id":28796,"date":"2025-08-11T08:20:41","date_gmt":"2025-08-11T06:20:41","guid":{"rendered":"https:\/\/radioleinewelle.de\/?p=28796"},"modified":"2025-08-11T08:20:41","modified_gmt":"2025-08-11T06:20:41","slug":"radwegebau-an-der-b27-verkehrsfreigabe-unter-einschraenkungen-ab-14-08-2025","status":"publish","type":"post","link":"https:\/\/radioleinewelle.de\/index.php\/2025\/08\/11\/radwegebau-an-der-b27-verkehrsfreigabe-unter-einschraenkungen-ab-14-08-2025\/","title":{"rendered":"Radwegebau  an der B27: Verkehrsfreigabe unter Einschr\u00e4nkungen ab 14.08.2025"},"content":{"rendered":"\n<p>Die Bauarbeiten an der K 8 im Zusammenhang mit dem Radwegebau in Richtung B 27 n\u00e4hern sich einem n\u00e4chsten Schritt: Ab Donnerstag, 14.08.2025, wird die aktuell bestehende Vollsperrung aufgehoben. Der Verkehr kann dann wieder eingeschr\u00e4nkt flie\u00dfen. Vorgesehen ist eine Kombination aus halbseitiger Sperrung mit Ampelregelung und Einbahnstra\u00dfenf\u00fchrung, die eine Nutzung der Strecke erm\u00f6glichen. Die entsprechenden Ma\u00dfnahmen dienen der Verkehrslenkung und der Sicherheit w\u00e4hrend der fortlaufenden Arbeiten. Der Busverkehr erfolgt wieder im Rahmen des Regelfahrplan.<\/p>\n\n\n\n<p><strong>F\u00fcr Anwohnende des S\u00f6dderichs gilt:<\/strong> <br>Das bestehende Provisorium zur Anbindung an die B 27 bleibt weiterhin nutzbar. Eine regul\u00e4re Anbindung ist voraussichtlich ab Samstag, 01.11.2025, wieder m\u00f6glich.<\/p>\n\n\n\n<p>Der Landkreis G\u00f6ttingen bittet alle Verkehrsteilnehmenden um Verst\u00e4ndnis f\u00fcr die notwendigen Einschr\u00e4nkungen und dankt f\u00fcr die Geduld w\u00e4hrend der Bauzeit.<\/p>\n\n\n\n<p class=\"has-text-align-right has-small-font-size\"><strong>Foto:<\/strong> Bild von <a href=\"https:\/\/pixabay.com\/de\/users\/perklex-9603129\/?utm_source=link-attribution&amp;utm_medium=referral&amp;utm_campaign=image&amp;utm_content=6285105\">perklex<\/a> auf <a href=\"https:\/\/pixabay.com\/de\/\/?utm_source=link-attribution&amp;utm_medium=referral&amp;utm_campaign=image&amp;utm_content=6285105\">Pixabay<\/a><\/p>\n","protected":false},"excerpt":{"rendered":"<p>Die Bauarbeiten an der K 8 im Zusammenhang mit dem Radwegebau in Richtung B 27 n\u00e4hern sich einem n\u00e4chsten Schritt: Ab Donnerstag, 14.08.2025, wird die aktuell bestehende Vollsperrung aufgehoben. Der Verkehr kann dann wieder eingeschr\u00e4nkt flie\u00dfen. Vorgesehen ist eine Kombination aus halbseitiger Sperrung mit Ampelregelung und Einbahnstra\u00dfenf\u00fchrung, die eine Nutzung der Strecke erm\u00f6glichen. Die entsprechenden [&hellip;]<\/p>\n","protected":false},"author":1,"featured_media":28798,"comment_status":"open","ping_status":"open","sticky":false,"template":"","format":"standard","meta":{"saved_in_kubio":false,"footnotes":""},"categories":[24,4302],"tags":[],"class_list":["post-28796","post","type-post","status-publish","format-standard","has-post-thumbnail","hentry","category-news","category-verkehr"],"yoast_head":"<!-- This site is optimized with the Yoast SEO plugin v27.5 - https:\/\/yoast.com\/product\/yoast-seo-wordpress\/ -->\n<title>Radwegebau an der B27: Verkehrsfreigabe unter Einschr\u00e4nkungen ab 14.08.2025 - Radio Leinewelle<\/title>\n<meta name=\"robots\" content=\"index, follow, max-snippet:-1, max-image-preview:large, max-video-preview:-1\" \/>\n<link rel=\"canonical\" href=\"https:\/\/radioleinewelle.de\/index.php\/2025\/08\/11\/radwegebau-an-der-b27-verkehrsfreigabe-unter-einschraenkungen-ab-14-08-2025\/\" \/>\n<meta property=\"og:locale\" content=\"de_DE\" \/>\n<meta property=\"og:type\" content=\"article\" \/>\n<meta property=\"og:title\" content=\"Radwegebau an der B27: Verkehrsfreigabe unter Einschr\u00e4nkungen ab 14.08.2025 - Radio Leinewelle\" \/>\n<meta property=\"og:description\" content=\"Die Bauarbeiten an der K 8 im Zusammenhang mit dem Radwegebau in Richtung B 27 n\u00e4hern sich einem n\u00e4chsten Schritt: Ab Donnerstag, 14.08.2025, wird die aktuell bestehende Vollsperrung aufgehoben. Der Verkehr kann dann wieder eingeschr\u00e4nkt flie\u00dfen. Vorgesehen ist eine Kombination aus halbseitiger Sperrung mit Ampelregelung und Einbahnstra\u00dfenf\u00fchrung, die eine Nutzung der Strecke erm\u00f6glichen. Die entsprechenden [&hellip;]\" \/>\n<meta property=\"og:url\" content=\"https:\/\/radioleinewelle.de\/index.php\/2025\/08\/11\/radwegebau-an-der-b27-verkehrsfreigabe-unter-einschraenkungen-ab-14-08-2025\/\" \/>\n<meta property=\"og:site_name\" content=\"Radio Leinewelle\" \/>\n<meta property=\"article:publisher\" content=\"https:\/\/www.facebook.com\/radioleinewelle\" \/>\n<meta property=\"article:author\" content=\"https:\/\/www.facebook.com\/radioleinewelle\" \/>\n<meta property=\"article:published_time\" content=\"2025-08-11T06:20:41+00:00\" \/>\n<meta property=\"og:image\" content=\"https:\/\/radioleinewelle.de\/wp-content\/uploads\/2025\/08\/Sperrbalken-Strasse.jpg\" \/>\n\t<meta property=\"og:image:width\" content=\"1280\" \/>\n\t<meta property=\"og:image:height\" content=\"853\" \/>\n\t<meta property=\"og:image:type\" content=\"image\/jpeg\" \/>\n<meta name=\"author\" content=\"Leinewelle\" \/>\n<meta name=\"twitter:card\" content=\"summary_large_image\" \/>\n<meta name=\"twitter:creator\" content=\"@https:\/\/twitter.com\/RLeinewelle?ref_src=twsrcgoogletwcampserptwgrauthor\" \/>\n<meta name=\"twitter:site\" content=\"@RLeinewelle\" \/>\n<meta name=\"twitter:label1\" content=\"Verfasst von\" \/>\n\t<meta name=\"twitter:data1\" content=\"Leinewelle\" \/>\n\t<meta name=\"twitter:label2\" content=\"Gesch\u00e4tzte Lesezeit\" \/>\n\t<meta name=\"twitter:data2\" content=\"1\u00a0Minute\" \/>\n<script type=\"application\/ld+json\" class=\"yoast-schema-graph\">{\"@context\":\"https:\\\/\\\/schema.org\",\"@graph\":[{\"@type\":\"Article\",\"@id\":\"https:\\\/\\\/radioleinewelle.de\\\/index.php\\\/2025\\\/08\\\/11\\\/radwegebau-an-der-b27-verkehrsfreigabe-unter-einschraenkungen-ab-14-08-2025\\\/#article\",\"isPartOf\":{\"@id\":\"https:\\\/\\\/radioleinewelle.de\\\/index.php\\\/2025\\\/08\\\/11\\\/radwegebau-an-der-b27-verkehrsfreigabe-unter-einschraenkungen-ab-14-08-2025\\\/\"},\"author\":{\"name\":\"Leinewelle\",\"@id\":\"https:\\\/\\\/radioleinewelle.de\\\/#\\\/schema\\\/person\\\/45606f348637df637192dc1b68399a63\"},\"headline\":\"Radwegebau an der B27: Verkehrsfreigabe unter Einschr\u00e4nkungen ab 14.08.2025\",\"datePublished\":\"2025-08-11T06:20:41+00:00\",\"mainEntityOfPage\":{\"@id\":\"https:\\\/\\\/radioleinewelle.de\\\/index.php\\\/2025\\\/08\\\/11\\\/radwegebau-an-der-b27-verkehrsfreigabe-unter-einschraenkungen-ab-14-08-2025\\\/\"},\"wordCount\":150,\"commentCount\":0,\"publisher\":{\"@id\":\"https:\\\/\\\/radioleinewelle.de\\\/#organization\"},\"image\":{\"@id\":\"https:\\\/\\\/radioleinewelle.de\\\/index.php\\\/2025\\\/08\\\/11\\\/radwegebau-an-der-b27-verkehrsfreigabe-unter-einschraenkungen-ab-14-08-2025\\\/#primaryimage\"},\"thumbnailUrl\":\"https:\\\/\\\/radioleinewelle.de\\\/wp-content\\\/uploads\\\/2025\\\/08\\\/Sperrbalken-Strasse.jpg\",\"articleSection\":[\"Aktuelle Nachrichten\",\"Verkehr\"],\"inLanguage\":\"de\",\"potentialAction\":[{\"@type\":\"CommentAction\",\"name\":\"Comment\",\"target\":[\"https:\\\/\\\/radioleinewelle.de\\\/index.php\\\/2025\\\/08\\\/11\\\/radwegebau-an-der-b27-verkehrsfreigabe-unter-einschraenkungen-ab-14-08-2025\\\/#respond\"]}]},{\"@type\":\"WebPage\",\"@id\":\"https:\\\/\\\/radioleinewelle.de\\\/index.php\\\/2025\\\/08\\\/11\\\/radwegebau-an-der-b27-verkehrsfreigabe-unter-einschraenkungen-ab-14-08-2025\\\/\",\"url\":\"https:\\\/\\\/radioleinewelle.de\\\/index.php\\\/2025\\\/08\\\/11\\\/radwegebau-an-der-b27-verkehrsfreigabe-unter-einschraenkungen-ab-14-08-2025\\\/\",\"name\":\"Radwegebau an der B27: Verkehrsfreigabe unter Einschr\u00e4nkungen ab 14.08.2025 - Radio Leinewelle\",\"isPartOf\":{\"@id\":\"https:\\\/\\\/radioleinewelle.de\\\/#website\"},\"primaryImageOfPage\":{\"@id\":\"https:\\\/\\\/radioleinewelle.de\\\/index.php\\\/2025\\\/08\\\/11\\\/radwegebau-an-der-b27-verkehrsfreigabe-unter-einschraenkungen-ab-14-08-2025\\\/#primaryimage\"},\"image\":{\"@id\":\"https:\\\/\\\/radioleinewelle.de\\\/index.php\\\/2025\\\/08\\\/11\\\/radwegebau-an-der-b27-verkehrsfreigabe-unter-einschraenkungen-ab-14-08-2025\\\/#primaryimage\"},\"thumbnailUrl\":\"https:\\\/\\\/radioleinewelle.de\\\/wp-content\\\/uploads\\\/2025\\\/08\\\/Sperrbalken-Strasse.jpg\",\"datePublished\":\"2025-08-11T06:20:41+00:00\",\"breadcrumb\":{\"@id\":\"https:\\\/\\\/radioleinewelle.de\\\/index.php\\\/2025\\\/08\\\/11\\\/radwegebau-an-der-b27-verkehrsfreigabe-unter-einschraenkungen-ab-14-08-2025\\\/#breadcrumb\"},\"inLanguage\":\"de\",\"potentialAction\":[{\"@type\":\"ReadAction\",\"target\":[\"https:\\\/\\\/radioleinewelle.de\\\/index.php\\\/2025\\\/08\\\/11\\\/radwegebau-an-der-b27-verkehrsfreigabe-unter-einschraenkungen-ab-14-08-2025\\\/\"]}]},{\"@type\":\"ImageObject\",\"inLanguage\":\"de\",\"@id\":\"https:\\\/\\\/radioleinewelle.de\\\/index.php\\\/2025\\\/08\\\/11\\\/radwegebau-an-der-b27-verkehrsfreigabe-unter-einschraenkungen-ab-14-08-2025\\\/#primaryimage\",\"url\":\"https:\\\/\\\/radioleinewelle.de\\\/wp-content\\\/uploads\\\/2025\\\/08\\\/Sperrbalken-Strasse.jpg\",\"contentUrl\":\"https:\\\/\\\/radioleinewelle.de\\\/wp-content\\\/uploads\\\/2025\\\/08\\\/Sperrbalken-Strasse.jpg\",\"width\":1280,\"height\":853},{\"@type\":\"BreadcrumbList\",\"@id\":\"https:\\\/\\\/radioleinewelle.de\\\/index.php\\\/2025\\\/08\\\/11\\\/radwegebau-an-der-b27-verkehrsfreigabe-unter-einschraenkungen-ab-14-08-2025\\\/#breadcrumb\",\"itemListElement\":[{\"@type\":\"ListItem\",\"position\":1,\"name\":\"Startseite\",\"item\":\"https:\\\/\\\/radioleinewelle.de\\\/\"},{\"@type\":\"ListItem\",\"position\":2,\"name\":\"Radwegebau an der B27: Verkehrsfreigabe unter Einschr\u00e4nkungen ab 14.08.2025\"}]},{\"@type\":\"WebSite\",\"@id\":\"https:\\\/\\\/radioleinewelle.de\\\/#website\",\"url\":\"https:\\\/\\\/radioleinewelle.de\\\/\",\"name\":\"Radio Leinewelle\",\"description\":\"\",\"publisher\":{\"@id\":\"https:\\\/\\\/radioleinewelle.de\\\/#organization\"},\"potentialAction\":[{\"@type\":\"SearchAction\",\"target\":{\"@type\":\"EntryPoint\",\"urlTemplate\":\"https:\\\/\\\/radioleinewelle.de\\\/?s={search_term_string}\"},\"query-input\":{\"@type\":\"PropertyValueSpecification\",\"valueRequired\":true,\"valueName\":\"search_term_string\"}}],\"inLanguage\":\"de\"},{\"@type\":\"Organization\",\"@id\":\"https:\\\/\\\/radioleinewelle.de\\\/#organization\",\"name\":\"Radio Leinewelle\",\"alternateName\":\"Mein Radio f\u00fcr S\u00fcdniedersachsen\",\"url\":\"https:\\\/\\\/radioleinewelle.de\\\/\",\"logo\":{\"@type\":\"ImageObject\",\"inLanguage\":\"de\",\"@id\":\"https:\\\/\\\/radioleinewelle.de\\\/#\\\/schema\\\/logo\\\/image\\\/\",\"url\":\"https:\\\/\\\/radioleinewelle.de\\\/wp-content\\\/uploads\\\/2023\\\/11\\\/cropped-Leinewelle_Logo_weiss.png\",\"contentUrl\":\"https:\\\/\\\/radioleinewelle.de\\\/wp-content\\\/uploads\\\/2023\\\/11\\\/cropped-Leinewelle_Logo_weiss.png\",\"width\":854,\"height\":260,\"caption\":\"Radio Leinewelle\"},\"image\":{\"@id\":\"https:\\\/\\\/radioleinewelle.de\\\/#\\\/schema\\\/logo\\\/image\\\/\"},\"sameAs\":[\"https:\\\/\\\/www.facebook.com\\\/radioleinewelle\",\"https:\\\/\\\/x.com\\\/RLeinewelle\",\"https:\\\/\\\/www.instagram.com\\\/radioleinewelle\\\/?hl=de\"]},{\"@type\":\"Person\",\"@id\":\"https:\\\/\\\/radioleinewelle.de\\\/#\\\/schema\\\/person\\\/45606f348637df637192dc1b68399a63\",\"name\":\"Leinewelle\",\"image\":{\"@type\":\"ImageObject\",\"inLanguage\":\"de\",\"@id\":\"https:\\\/\\\/secure.gravatar.com\\\/avatar\\\/05c9a17bc973052ee5d91549bd32fb4dd0dc85b7b85ae94b2e2b4943476bbea5?s=96&d=blank&r=g\",\"url\":\"https:\\\/\\\/secure.gravatar.com\\\/avatar\\\/05c9a17bc973052ee5d91549bd32fb4dd0dc85b7b85ae94b2e2b4943476bbea5?s=96&d=blank&r=g\",\"contentUrl\":\"https:\\\/\\\/secure.gravatar.com\\\/avatar\\\/05c9a17bc973052ee5d91549bd32fb4dd0dc85b7b85ae94b2e2b4943476bbea5?s=96&d=blank&r=g\",\"caption\":\"Leinewelle\"},\"sameAs\":[\"http:\\\/\\\/localhost\\\/radio%20leinewelle\\\/wordpress\",\"https:\\\/\\\/www.facebook.com\\\/radioleinewelle\",\"https:\\\/\\\/www.instagram.com\\\/radioleinewelle\",\"https:\\\/\\\/x.com\\\/https:\\\/\\\/twitter.com\\\/RLeinewelle?ref_src=twsrcgoogletwcampserptwgrauthor\",\"https:\\\/\\\/soundcloud.com\\\/foerderverein-lokalradio?utm_source=clipboard&utm_medium=text&utm_campaign=social_sharing\"],\"url\":\"https:\\\/\\\/radioleinewelle.de\\\/index.php\\\/author\\\/leinewelle\\\/\"}]}<\/script>\n<!-- \/ Yoast SEO plugin. -->","yoast_head_json":{"title":"Radwegebau an der B27: Verkehrsfreigabe unter Einschr\u00e4nkungen ab 14.08.2025 - Radio Leinewelle","robots":{"index":"index","follow":"follow","max-snippet":"max-snippet:-1","max-image-preview":"max-image-preview:large","max-video-preview":"max-video-preview:-1"},"canonical":"https:\/\/radioleinewelle.de\/index.php\/2025\/08\/11\/radwegebau-an-der-b27-verkehrsfreigabe-unter-einschraenkungen-ab-14-08-2025\/","og_locale":"de_DE","og_type":"article","og_title":"Radwegebau an der B27: Verkehrsfreigabe unter Einschr\u00e4nkungen ab 14.08.2025 - Radio Leinewelle","og_description":"Die Bauarbeiten an der K 8 im Zusammenhang mit dem Radwegebau in Richtung B 27 n\u00e4hern sich einem n\u00e4chsten Schritt: Ab Donnerstag, 14.08.2025, wird die aktuell bestehende Vollsperrung aufgehoben. Der Verkehr kann dann wieder eingeschr\u00e4nkt flie\u00dfen. Vorgesehen ist eine Kombination aus halbseitiger Sperrung mit Ampelregelung und Einbahnstra\u00dfenf\u00fchrung, die eine Nutzung der Strecke erm\u00f6glichen. Die entsprechenden [&hellip;]","og_url":"https:\/\/radioleinewelle.de\/index.php\/2025\/08\/11\/radwegebau-an-der-b27-verkehrsfreigabe-unter-einschraenkungen-ab-14-08-2025\/","og_site_name":"Radio Leinewelle","article_publisher":"https:\/\/www.facebook.com\/radioleinewelle","article_author":"https:\/\/www.facebook.com\/radioleinewelle","article_published_time":"2025-08-11T06:20:41+00:00","og_image":[{"width":1280,"height":853,"url":"https:\/\/radioleinewelle.de\/wp-content\/uploads\/2025\/08\/Sperrbalken-Strasse.jpg","type":"image\/jpeg"}],"author":"Leinewelle","twitter_card":"summary_large_image","twitter_creator":"@https:\/\/twitter.com\/RLeinewelle?ref_src=twsrcgoogletwcampserptwgrauthor","twitter_site":"@RLeinewelle","twitter_misc":{"Verfasst von":"Leinewelle","Gesch\u00e4tzte Lesezeit":"1\u00a0Minute"},"schema":{"@context":"https:\/\/schema.org","@graph":[{"@type":"Article","@id":"https:\/\/radioleinewelle.de\/index.php\/2025\/08\/11\/radwegebau-an-der-b27-verkehrsfreigabe-unter-einschraenkungen-ab-14-08-2025\/#article","isPartOf":{"@id":"https:\/\/radioleinewelle.de\/index.php\/2025\/08\/11\/radwegebau-an-der-b27-verkehrsfreigabe-unter-einschraenkungen-ab-14-08-2025\/"},"author":{"name":"Leinewelle","@id":"https:\/\/radioleinewelle.de\/#\/schema\/person\/45606f348637df637192dc1b68399a63"},"headline":"Radwegebau an der B27: Verkehrsfreigabe unter Einschr\u00e4nkungen ab 14.08.2025","datePublished":"2025-08-11T06:20:41+00:00","mainEntityOfPage":{"@id":"https:\/\/radioleinewelle.de\/index.php\/2025\/08\/11\/radwegebau-an-der-b27-verkehrsfreigabe-unter-einschraenkungen-ab-14-08-2025\/"},"wordCount":150,"commentCount":0,"publisher":{"@id":"https:\/\/radioleinewelle.de\/#organization"},"image":{"@id":"https:\/\/radioleinewelle.de\/index.php\/2025\/08\/11\/radwegebau-an-der-b27-verkehrsfreigabe-unter-einschraenkungen-ab-14-08-2025\/#primaryimage"},"thumbnailUrl":"https:\/\/radioleinewelle.de\/wp-content\/uploads\/2025\/08\/Sperrbalken-Strasse.jpg","articleSection":["Aktuelle Nachrichten","Verkehr"],"inLanguage":"de","potentialAction":[{"@type":"CommentAction","name":"Comment","target":["https:\/\/radioleinewelle.de\/index.php\/2025\/08\/11\/radwegebau-an-der-b27-verkehrsfreigabe-unter-einschraenkungen-ab-14-08-2025\/#respond"]}]},{"@type":"WebPage","@id":"https:\/\/radioleinewelle.de\/index.php\/2025\/08\/11\/radwegebau-an-der-b27-verkehrsfreigabe-unter-einschraenkungen-ab-14-08-2025\/","url":"https:\/\/radioleinewelle.de\/index.php\/2025\/08\/11\/radwegebau-an-der-b27-verkehrsfreigabe-unter-einschraenkungen-ab-14-08-2025\/","name":"Radwegebau an der B27: Verkehrsfreigabe unter Einschr\u00e4nkungen ab 14.08.2025 - Radio Leinewelle","isPartOf":{"@id":"https:\/\/radioleinewelle.de\/#website"},"primaryImageOfPage":{"@id":"https:\/\/radioleinewelle.de\/index.php\/2025\/08\/11\/radwegebau-an-der-b27-verkehrsfreigabe-unter-einschraenkungen-ab-14-08-2025\/#primaryimage"},"image":{"@id":"https:\/\/radioleinewelle.de\/index.php\/2025\/08\/11\/radwegebau-an-der-b27-verkehrsfreigabe-unter-einschraenkungen-ab-14-08-2025\/#primaryimage"},"thumbnailUrl":"https:\/\/radioleinewelle.de\/wp-content\/uploads\/2025\/08\/Sperrbalken-Strasse.jpg","datePublished":"2025-08-11T06:20:41+00:00","breadcrumb":{"@id":"https:\/\/radioleinewelle.de\/index.php\/2025\/08\/11\/radwegebau-an-der-b27-verkehrsfreigabe-unter-einschraenkungen-ab-14-08-2025\/#breadcrumb"},"inLanguage":"de","potentialAction":[{"@type":"ReadAction","target":["https:\/\/radioleinewelle.de\/index.php\/2025\/08\/11\/radwegebau-an-der-b27-verkehrsfreigabe-unter-einschraenkungen-ab-14-08-2025\/"]}]},{"@type":"ImageObject","inLanguage":"de","@id":"https:\/\/radioleinewelle.de\/index.php\/2025\/08\/11\/radwegebau-an-der-b27-verkehrsfreigabe-unter-einschraenkungen-ab-14-08-2025\/#primaryimage","url":"https:\/\/radioleinewelle.de\/wp-content\/uploads\/2025\/08\/Sperrbalken-Strasse.jpg","contentUrl":"https:\/\/radioleinewelle.de\/wp-content\/uploads\/2025\/08\/Sperrbalken-Strasse.jpg","width":1280,"height":853},{"@type":"BreadcrumbList","@id":"https:\/\/radioleinewelle.de\/index.php\/2025\/08\/11\/radwegebau-an-der-b27-verkehrsfreigabe-unter-einschraenkungen-ab-14-08-2025\/#breadcrumb","itemListElement":[{"@type":"ListItem","position":1,"name":"Startseite","item":"https:\/\/radioleinewelle.de\/"},{"@type":"ListItem","position":2,"name":"Radwegebau an der B27: Verkehrsfreigabe unter Einschr\u00e4nkungen ab 14.08.2025"}]},{"@type":"WebSite","@id":"https:\/\/radioleinewelle.de\/#website","url":"https:\/\/radioleinewelle.de\/","name":"Radio Leinewelle","description":"","publisher":{"@id":"https:\/\/radioleinewelle.de\/#organization"},"potentialAction":[{"@type":"SearchAction","target":{"@type":"EntryPoint","urlTemplate":"https:\/\/radioleinewelle.de\/?s={search_term_string}"},"query-input":{"@type":"PropertyValueSpecification","valueRequired":true,"valueName":"search_term_string"}}],"inLanguage":"de"},{"@type":"Organization","@id":"https:\/\/radioleinewelle.de\/#organization","name":"Radio Leinewelle","alternateName":"Mein Radio f\u00fcr S\u00fcdniedersachsen","url":"https:\/\/radioleinewelle.de\/","logo":{"@type":"ImageObject","inLanguage":"de","@id":"https:\/\/radioleinewelle.de\/#\/schema\/logo\/image\/","url":"https:\/\/radioleinewelle.de\/wp-content\/uploads\/2023\/11\/cropped-Leinewelle_Logo_weiss.png","contentUrl":"https:\/\/radioleinewelle.de\/wp-content\/uploads\/2023\/11\/cropped-Leinewelle_Logo_weiss.png","width":854,"height":260,"caption":"Radio Leinewelle"},"image":{"@id":"https:\/\/radioleinewelle.de\/#\/schema\/logo\/image\/"},"sameAs":["https:\/\/www.facebook.com\/radioleinewelle","https:\/\/x.com\/RLeinewelle","https:\/\/www.instagram.com\/radioleinewelle\/?hl=de"]},{"@type":"Person","@id":"https:\/\/radioleinewelle.de\/#\/schema\/person\/45606f348637df637192dc1b68399a63","name":"Leinewelle","image":{"@type":"ImageObject","inLanguage":"de","@id":"https:\/\/secure.gravatar.com\/avatar\/05c9a17bc973052ee5d91549bd32fb4dd0dc85b7b85ae94b2e2b4943476bbea5?s=96&d=blank&r=g","url":"https:\/\/secure.gravatar.com\/avatar\/05c9a17bc973052ee5d91549bd32fb4dd0dc85b7b85ae94b2e2b4943476bbea5?s=96&d=blank&r=g","contentUrl":"https:\/\/secure.gravatar.com\/avatar\/05c9a17bc973052ee5d91549bd32fb4dd0dc85b7b85ae94b2e2b4943476bbea5?s=96&d=blank&r=g","caption":"Leinewelle"},"sameAs":["http:\/\/localhost\/radio%20leinewelle\/wordpress","https:\/\/www.facebook.com\/radioleinewelle","https:\/\/www.instagram.com\/radioleinewelle","https:\/\/x.com\/https:\/\/twitter.com\/RLeinewelle?ref_src=twsrcgoogletwcampserptwgrauthor","https:\/\/soundcloud.com\/foerderverein-lokalradio?utm_source=clipboard&utm_medium=text&utm_campaign=social_sharing"],"url":"https:\/\/radioleinewelle.de\/index.php\/author\/leinewelle\/"}]}},"_links":{"self":[{"href":"https:\/\/radioleinewelle.de\/index.php\/wp-json\/wp\/v2\/posts\/28796","targetHints":{"allow":["GET"]}}],"collection":[{"href":"https:\/\/radioleinewelle.de\/index.php\/wp-json\/wp\/v2\/posts"}],"about":[{"href":"https:\/\/radioleinewelle.de\/index.php\/wp-json\/wp\/v2\/types\/post"}],"author":[{"embeddable":true,"href":"https:\/\/radioleinewelle.de\/index.php\/wp-json\/wp\/v2\/users\/1"}],"replies":[{"embeddable":true,"href":"https:\/\/radioleinewelle.de\/index.php\/wp-json\/wp\/v2\/comments?post=28796"}],"version-history":[{"count":2,"href":"https:\/\/radioleinewelle.de\/index.php\/wp-json\/wp\/v2\/posts\/28796\/revisions"}],"predecessor-version":[{"id":28799,"href":"https:\/\/radioleinewelle.de\/index.php\/wp-json\/wp\/v2\/posts\/28796\/revisions\/28799"}],"wp:featuredmedia":[{"embeddable":true,"href":"https:\/\/radioleinewelle.de\/index.php\/wp-json\/wp\/v2\/media\/28798"}],"wp:attachment":[{"href":"https:\/\/radioleinewelle.de\/index.php\/wp-json\/wp\/v2\/media?parent=28796"}],"wp:term":[{"taxonomy":"category","embeddable":true,"href":"https:\/\/radioleinewelle.de\/index.php\/wp-json\/wp\/v2\/categories?post=28796"},{"taxonomy":"post_tag","embeddable":true,"href":"https:\/\/radioleinewelle.de\/index.php\/wp-json\/wp\/v2\/tags?post=28796"}],"curies":[{"name":"wp","href":"https:\/\/api.w.org\/{rel}","templated":true}]}}