{"id":28800,"date":"2025-08-11T09:28:52","date_gmt":"2025-08-11T07:28:52","guid":{"rendered":"https:\/\/radioleinewelle.de\/?p=28800"},"modified":"2025-08-11T09:28:53","modified_gmt":"2025-08-11T07:28:53","slug":"immer-mehr-junge-maedchen-werden-wegen-essstoerungen-stationaer-behandelt","status":"publish","type":"post","link":"https:\/\/radioleinewelle.de\/index.php\/2025\/08\/11\/immer-mehr-junge-maedchen-werden-wegen-essstoerungen-stationaer-behandelt\/","title":{"rendered":"Immer mehr junge M\u00e4dchen werden wegen Essst\u00f6rungen station\u00e4r behandelt"},"content":{"rendered":"\n<p>Immer mehr M\u00e4dchen und junge Frauen werden wegen Essst\u00f6rungen station\u00e4r im Krankenhaus behandelt. Die Zahl der Behandlungen von 10- bis 17-J\u00e4hrigen hat sich binnen 20 Jahren verdoppelt: Von 3 000 Patientinnen im Jahr 2003 auf 6 000 im Jahr 2023, wie das <strong>Statistische Bundesamt (Destatis)<\/strong> mitteilt. Insgesamt hat sich die Zahl der Behandlungen wegen Essst\u00f6rungen im l\u00e4ngerfristigen Vergleich dagegen wenig ver\u00e4ndert: Im Jahr 2023 wurden hierzulande rund 12 100 Patientinnen und Patienten deswegen im Krankenhaus behandelt. Das waren weniger als 20 Jahre zuvor (2003: 12 600 F\u00e4lle), aber mehr als im Vor-Corona-Jahr 2019 mit rund 10 600 F\u00e4llen. Entsprechend machten M\u00e4dchen und junge Frauen im Alter von 10 bis 17 Jahren im Jahr 2023 knapp die H\u00e4lfte (49,3 %) aller station\u00e4r wegen Essst\u00f6rungen behandelten Patientinnen und Patienten aus. 20 Jahre zuvor lag deren Anteil noch bei knapp einem Viertel (23,4 %).<\/p>\n\n\n\n<p>Unter den Essst\u00f6rungen wurde 2023 am h\u00e4ufigsten Magersucht (Anorexia Nervosa) behandelt, die in gut drei Viertel der Behandlungsf\u00e4lle (76,0 % oder 9 200 Patientinnen und Patienten) diagnostiziert wurde. Danach folgte Bulimie (Ess-Brechsucht) mit 11,1 % (1 300 Behandlungsf\u00e4lle).<\/p>\n\n\n\n<p><strong>93 % der wegen Essst\u00f6rungen im Krankenhaus Behandelten waren Frauen<\/strong><br>Frauen werden deutlich h\u00e4ufiger aufgrund einer Essst\u00f6rung im Krankenhaus behandelt als M\u00e4nner: 11 300 oder 93,3 % der mit dieser Diagnose im Jahr 2023 Behandelten waren Frauen. 2003 waren es rund 11 000 Patientinnen mit einem Anteil von 87,6 %. Dagegen waren lediglich rund 820 M\u00e4nner im Jahr 2023 aufgrund von Essst\u00f6rungen station\u00e4r in Behandlung. Die Zahl ist in den vergangenen Jahren gesunken: 2003 war sie mit 1 560 Behandlungsf\u00e4llen fast doppelt so hoch. Insgesamt werden besonders h\u00e4ufig j\u00fcngere Menschen wegen Essst\u00f6rungen behandelt: Mehr als die H\u00e4lfte (52,8 %) der Patientinnen und Patienten mit einer solchen Diagnose waren 2023 j\u00fcnger als 18 Jahre. Mehr als ein Viertel (28,1 %) war in der Altersgruppe von 18 bis 29 Jahre, weitere 12,7 % waren zwischen 30 und 49 Jahren alt. Nur 6,3 % der Behandelten waren 50 Jahre und \u00e4lter.<\/p>\n\n\n\n\n\n<ul class=\"wp-block-list\">\n<li><strong><mark style=\"background-color:rgba(0, 0, 0, 0)\" class=\"has-inline-color has-kubio-color-2-color\">Zahl 10- bis 17-j\u00e4hrigen Patientinnen mit entsprechender Diagnose binnen 20 Jahren verdoppelt<\/mark><\/strong><\/li>\n\n\n\n<li><strong><mark style=\"background-color:rgba(0, 0, 0, 0)\" class=\"has-inline-color has-kubio-color-2-color\">Insgesamt dagegen leichter R\u00fcckgang der Behandlungsf\u00e4lle auf 12 100 im Jahr 2023<\/mark><\/strong><\/li>\n\n\n\n<li><strong><mark style=\"background-color:rgba(0, 0, 0, 0)\" class=\"has-inline-color has-kubio-color-2-color\">93 % der wegen Essst\u00f6rungen in der Klinik Behandelten waren Frauen<\/mark><\/strong><\/li>\n<\/ul>\n\n\n\n\n\n<p><strong>Behandlungsdauer bei Essst\u00f6rungen \u00fcberdurchschnittlich lang<\/strong><br>Patientinnen und Patienten m\u00fcssen wegen einer Essst\u00f6rung deutlich l\u00e4nger im Krankenhaus behandelt werden als im Durchschnitt aller Erkrankungen. 53,2 Tage dauerte eine Behandlung bei einer Essst\u00f6rung im Jahr 2023 durchschnittlich &#8211; das war der h\u00f6chste Wert seit 2003. Zum Vergleich: Ein station\u00e4rer Krankenhausaufenthalt dauerte im Jahr 2023 durchschnittlich 7,2 Tage.<\/p>\n\n\n\n<p><strong>Essst\u00f6rungen 2023 in 78 F\u00e4llen die Todesursache<\/strong> <br>Im Jahr 2023 starben hierzulande 78 Menschen aufgrund von Essst\u00f6rungen. Die Zahl der Todesf\u00e4lle unterliegt im langfristigen Vergleich hohen j\u00e4hrlichen Schwankungen. Der H\u00f6chstwert der vergangenen 20 Jahre lag im Jahr 2008, als 100 Menschen an den Folgen von Essst\u00f6rungen gestorben sind. Der niedrigste Wert war 2004 mit 36 Todesf\u00e4llen.<\/p>\n\n\n\n<p class=\"has-text-align-right has-small-font-size\"><strong>Foto:<\/strong> Bild von <a href=\"https:\/\/pixabay.com\/de\/users\/joshuamiranda-1183994\/?utm_source=link-attribution&amp;utm_medium=referral&amp;utm_campaign=image&amp;utm_content=4957962\">Joshua Miranda<\/a> auf <a href=\"https:\/\/pixabay.com\/de\/\/?utm_source=link-attribution&amp;utm_medium=referral&amp;utm_campaign=image&amp;utm_content=4957962\">Pixabay<\/a><\/p>\n","protected":false},"excerpt":{"rendered":"<p>Immer mehr M\u00e4dchen und junge Frauen werden wegen Essst\u00f6rungen station\u00e4r im Krankenhaus behandelt. Die Zahl der Behandlungen von 10- bis 17-J\u00e4hrigen hat sich binnen 20 Jahren verdoppelt: Von 3 000 Patientinnen im Jahr 2003 auf 6 000 im Jahr 2023, wie das Statistische Bundesamt (Destatis) mitteilt. Insgesamt hat sich die Zahl der Behandlungen wegen Essst\u00f6rungen [&hellip;]<\/p>\n","protected":false},"author":1,"featured_media":28805,"comment_status":"open","ping_status":"open","sticky":false,"template":"","format":"standard","meta":{"saved_in_kubio":false,"footnotes":""},"categories":[40],"tags":[4303,4304],"class_list":["post-28800","post","type-post","status-publish","format-standard","has-post-thumbnail","hentry","category-gesundheit","tag-essstoerung","tag-magersucht"],"yoast_head":"<!-- This site is optimized with the Yoast SEO plugin v27.5 - https:\/\/yoast.com\/product\/yoast-seo-wordpress\/ -->\n<title>Immer mehr junge M\u00e4dchen werden wegen Essst\u00f6rungen station\u00e4r behandelt - Radio Leinewelle<\/title>\n<meta name=\"robots\" content=\"index, follow, max-snippet:-1, max-image-preview:large, max-video-preview:-1\" \/>\n<link rel=\"canonical\" href=\"https:\/\/radioleinewelle.de\/index.php\/2025\/08\/11\/immer-mehr-junge-maedchen-werden-wegen-essstoerungen-stationaer-behandelt\/\" \/>\n<meta property=\"og:locale\" content=\"de_DE\" \/>\n<meta property=\"og:type\" content=\"article\" \/>\n<meta property=\"og:title\" content=\"Immer mehr junge M\u00e4dchen werden wegen Essst\u00f6rungen station\u00e4r behandelt - Radio Leinewelle\" \/>\n<meta property=\"og:description\" content=\"Immer mehr M\u00e4dchen und junge Frauen werden wegen Essst\u00f6rungen station\u00e4r im Krankenhaus behandelt. Die Zahl der Behandlungen von 10- bis 17-J\u00e4hrigen hat sich binnen 20 Jahren verdoppelt: Von 3 000 Patientinnen im Jahr 2003 auf 6 000 im Jahr 2023, wie das Statistische Bundesamt (Destatis) mitteilt. Insgesamt hat sich die Zahl der Behandlungen wegen Essst\u00f6rungen [&hellip;]\" \/>\n<meta property=\"og:url\" content=\"https:\/\/radioleinewelle.de\/index.php\/2025\/08\/11\/immer-mehr-junge-maedchen-werden-wegen-essstoerungen-stationaer-behandelt\/\" \/>\n<meta property=\"og:site_name\" content=\"Radio Leinewelle\" \/>\n<meta property=\"article:publisher\" content=\"https:\/\/www.facebook.com\/radioleinewelle\" \/>\n<meta property=\"article:author\" content=\"https:\/\/www.facebook.com\/radioleinewelle\" \/>\n<meta property=\"article:published_time\" content=\"2025-08-11T07:28:52+00:00\" \/>\n<meta property=\"article:modified_time\" content=\"2025-08-11T07:28:53+00:00\" \/>\n<meta property=\"og:image\" content=\"https:\/\/radioleinewelle.de\/wp-content\/uploads\/2025\/08\/scrabble-4957962_1280.jpg\" \/>\n\t<meta property=\"og:image:width\" content=\"1280\" \/>\n\t<meta property=\"og:image:height\" content=\"853\" \/>\n\t<meta property=\"og:image:type\" content=\"image\/jpeg\" \/>\n<meta name=\"author\" content=\"Leinewelle\" \/>\n<meta name=\"twitter:card\" content=\"summary_large_image\" \/>\n<meta name=\"twitter:creator\" content=\"@https:\/\/twitter.com\/RLeinewelle?ref_src=twsrcgoogletwcampserptwgrauthor\" \/>\n<meta name=\"twitter:site\" content=\"@RLeinewelle\" \/>\n<meta name=\"twitter:label1\" content=\"Verfasst von\" \/>\n\t<meta name=\"twitter:data1\" content=\"Leinewelle\" \/>\n\t<meta name=\"twitter:label2\" content=\"Gesch\u00e4tzte Lesezeit\" \/>\n\t<meta name=\"twitter:data2\" content=\"3\u00a0Minuten\" \/>\n<script type=\"application\/ld+json\" class=\"yoast-schema-graph\">{\"@context\":\"https:\\\/\\\/schema.org\",\"@graph\":[{\"@type\":\"Article\",\"@id\":\"https:\\\/\\\/radioleinewelle.de\\\/index.php\\\/2025\\\/08\\\/11\\\/immer-mehr-junge-maedchen-werden-wegen-essstoerungen-stationaer-behandelt\\\/#article\",\"isPartOf\":{\"@id\":\"https:\\\/\\\/radioleinewelle.de\\\/index.php\\\/2025\\\/08\\\/11\\\/immer-mehr-junge-maedchen-werden-wegen-essstoerungen-stationaer-behandelt\\\/\"},\"author\":{\"name\":\"Leinewelle\",\"@id\":\"https:\\\/\\\/radioleinewelle.de\\\/#\\\/schema\\\/person\\\/45606f348637df637192dc1b68399a63\"},\"headline\":\"Immer mehr junge M\u00e4dchen werden wegen Essst\u00f6rungen station\u00e4r behandelt\",\"datePublished\":\"2025-08-11T07:28:52+00:00\",\"dateModified\":\"2025-08-11T07:28:53+00:00\",\"mainEntityOfPage\":{\"@id\":\"https:\\\/\\\/radioleinewelle.de\\\/index.php\\\/2025\\\/08\\\/11\\\/immer-mehr-junge-maedchen-werden-wegen-essstoerungen-stationaer-behandelt\\\/\"},\"wordCount\":455,\"commentCount\":0,\"publisher\":{\"@id\":\"https:\\\/\\\/radioleinewelle.de\\\/#organization\"},\"image\":{\"@id\":\"https:\\\/\\\/radioleinewelle.de\\\/index.php\\\/2025\\\/08\\\/11\\\/immer-mehr-junge-maedchen-werden-wegen-essstoerungen-stationaer-behandelt\\\/#primaryimage\"},\"thumbnailUrl\":\"https:\\\/\\\/radioleinewelle.de\\\/wp-content\\\/uploads\\\/2025\\\/08\\\/scrabble-4957962_1280.jpg\",\"keywords\":[\"Essst\u00f6rung\",\"Magersucht\"],\"articleSection\":[\"Gesundheit\"],\"inLanguage\":\"de\",\"potentialAction\":[{\"@type\":\"CommentAction\",\"name\":\"Comment\",\"target\":[\"https:\\\/\\\/radioleinewelle.de\\\/index.php\\\/2025\\\/08\\\/11\\\/immer-mehr-junge-maedchen-werden-wegen-essstoerungen-stationaer-behandelt\\\/#respond\"]}]},{\"@type\":\"WebPage\",\"@id\":\"https:\\\/\\\/radioleinewelle.de\\\/index.php\\\/2025\\\/08\\\/11\\\/immer-mehr-junge-maedchen-werden-wegen-essstoerungen-stationaer-behandelt\\\/\",\"url\":\"https:\\\/\\\/radioleinewelle.de\\\/index.php\\\/2025\\\/08\\\/11\\\/immer-mehr-junge-maedchen-werden-wegen-essstoerungen-stationaer-behandelt\\\/\",\"name\":\"Immer mehr junge M\u00e4dchen werden wegen Essst\u00f6rungen station\u00e4r behandelt - Radio Leinewelle\",\"isPartOf\":{\"@id\":\"https:\\\/\\\/radioleinewelle.de\\\/#website\"},\"primaryImageOfPage\":{\"@id\":\"https:\\\/\\\/radioleinewelle.de\\\/index.php\\\/2025\\\/08\\\/11\\\/immer-mehr-junge-maedchen-werden-wegen-essstoerungen-stationaer-behandelt\\\/#primaryimage\"},\"image\":{\"@id\":\"https:\\\/\\\/radioleinewelle.de\\\/index.php\\\/2025\\\/08\\\/11\\\/immer-mehr-junge-maedchen-werden-wegen-essstoerungen-stationaer-behandelt\\\/#primaryimage\"},\"thumbnailUrl\":\"https:\\\/\\\/radioleinewelle.de\\\/wp-content\\\/uploads\\\/2025\\\/08\\\/scrabble-4957962_1280.jpg\",\"datePublished\":\"2025-08-11T07:28:52+00:00\",\"dateModified\":\"2025-08-11T07:28:53+00:00\",\"breadcrumb\":{\"@id\":\"https:\\\/\\\/radioleinewelle.de\\\/index.php\\\/2025\\\/08\\\/11\\\/immer-mehr-junge-maedchen-werden-wegen-essstoerungen-stationaer-behandelt\\\/#breadcrumb\"},\"inLanguage\":\"de\",\"potentialAction\":[{\"@type\":\"ReadAction\",\"target\":[\"https:\\\/\\\/radioleinewelle.de\\\/index.php\\\/2025\\\/08\\\/11\\\/immer-mehr-junge-maedchen-werden-wegen-essstoerungen-stationaer-behandelt\\\/\"]}]},{\"@type\":\"ImageObject\",\"inLanguage\":\"de\",\"@id\":\"https:\\\/\\\/radioleinewelle.de\\\/index.php\\\/2025\\\/08\\\/11\\\/immer-mehr-junge-maedchen-werden-wegen-essstoerungen-stationaer-behandelt\\\/#primaryimage\",\"url\":\"https:\\\/\\\/radioleinewelle.de\\\/wp-content\\\/uploads\\\/2025\\\/08\\\/scrabble-4957962_1280.jpg\",\"contentUrl\":\"https:\\\/\\\/radioleinewelle.de\\\/wp-content\\\/uploads\\\/2025\\\/08\\\/scrabble-4957962_1280.jpg\",\"width\":1280,\"height\":853},{\"@type\":\"BreadcrumbList\",\"@id\":\"https:\\\/\\\/radioleinewelle.de\\\/index.php\\\/2025\\\/08\\\/11\\\/immer-mehr-junge-maedchen-werden-wegen-essstoerungen-stationaer-behandelt\\\/#breadcrumb\",\"itemListElement\":[{\"@type\":\"ListItem\",\"position\":1,\"name\":\"Startseite\",\"item\":\"https:\\\/\\\/radioleinewelle.de\\\/\"},{\"@type\":\"ListItem\",\"position\":2,\"name\":\"Immer mehr junge M\u00e4dchen werden wegen Essst\u00f6rungen station\u00e4r behandelt\"}]},{\"@type\":\"WebSite\",\"@id\":\"https:\\\/\\\/radioleinewelle.de\\\/#website\",\"url\":\"https:\\\/\\\/radioleinewelle.de\\\/\",\"name\":\"Radio Leinewelle\",\"description\":\"\",\"publisher\":{\"@id\":\"https:\\\/\\\/radioleinewelle.de\\\/#organization\"},\"potentialAction\":[{\"@type\":\"SearchAction\",\"target\":{\"@type\":\"EntryPoint\",\"urlTemplate\":\"https:\\\/\\\/radioleinewelle.de\\\/?s={search_term_string}\"},\"query-input\":{\"@type\":\"PropertyValueSpecification\",\"valueRequired\":true,\"valueName\":\"search_term_string\"}}],\"inLanguage\":\"de\"},{\"@type\":\"Organization\",\"@id\":\"https:\\\/\\\/radioleinewelle.de\\\/#organization\",\"name\":\"Radio Leinewelle\",\"alternateName\":\"Mein Radio f\u00fcr S\u00fcdniedersachsen\",\"url\":\"https:\\\/\\\/radioleinewelle.de\\\/\",\"logo\":{\"@type\":\"ImageObject\",\"inLanguage\":\"de\",\"@id\":\"https:\\\/\\\/radioleinewelle.de\\\/#\\\/schema\\\/logo\\\/image\\\/\",\"url\":\"https:\\\/\\\/radioleinewelle.de\\\/wp-content\\\/uploads\\\/2023\\\/11\\\/cropped-Leinewelle_Logo_weiss.png\",\"contentUrl\":\"https:\\\/\\\/radioleinewelle.de\\\/wp-content\\\/uploads\\\/2023\\\/11\\\/cropped-Leinewelle_Logo_weiss.png\",\"width\":854,\"height\":260,\"caption\":\"Radio Leinewelle\"},\"image\":{\"@id\":\"https:\\\/\\\/radioleinewelle.de\\\/#\\\/schema\\\/logo\\\/image\\\/\"},\"sameAs\":[\"https:\\\/\\\/www.facebook.com\\\/radioleinewelle\",\"https:\\\/\\\/x.com\\\/RLeinewelle\",\"https:\\\/\\\/www.instagram.com\\\/radioleinewelle\\\/?hl=de\"]},{\"@type\":\"Person\",\"@id\":\"https:\\\/\\\/radioleinewelle.de\\\/#\\\/schema\\\/person\\\/45606f348637df637192dc1b68399a63\",\"name\":\"Leinewelle\",\"image\":{\"@type\":\"ImageObject\",\"inLanguage\":\"de\",\"@id\":\"https:\\\/\\\/secure.gravatar.com\\\/avatar\\\/05c9a17bc973052ee5d91549bd32fb4dd0dc85b7b85ae94b2e2b4943476bbea5?s=96&d=blank&r=g\",\"url\":\"https:\\\/\\\/secure.gravatar.com\\\/avatar\\\/05c9a17bc973052ee5d91549bd32fb4dd0dc85b7b85ae94b2e2b4943476bbea5?s=96&d=blank&r=g\",\"contentUrl\":\"https:\\\/\\\/secure.gravatar.com\\\/avatar\\\/05c9a17bc973052ee5d91549bd32fb4dd0dc85b7b85ae94b2e2b4943476bbea5?s=96&d=blank&r=g\",\"caption\":\"Leinewelle\"},\"sameAs\":[\"http:\\\/\\\/localhost\\\/radio%20leinewelle\\\/wordpress\",\"https:\\\/\\\/www.facebook.com\\\/radioleinewelle\",\"https:\\\/\\\/www.instagram.com\\\/radioleinewelle\",\"https:\\\/\\\/x.com\\\/https:\\\/\\\/twitter.com\\\/RLeinewelle?ref_src=twsrcgoogletwcampserptwgrauthor\",\"https:\\\/\\\/soundcloud.com\\\/foerderverein-lokalradio?utm_source=clipboard&utm_medium=text&utm_campaign=social_sharing\"],\"url\":\"https:\\\/\\\/radioleinewelle.de\\\/index.php\\\/author\\\/leinewelle\\\/\"}]}<\/script>\n<!-- \/ Yoast SEO plugin. -->","yoast_head_json":{"title":"Immer mehr junge M\u00e4dchen werden wegen Essst\u00f6rungen station\u00e4r behandelt - Radio Leinewelle","robots":{"index":"index","follow":"follow","max-snippet":"max-snippet:-1","max-image-preview":"max-image-preview:large","max-video-preview":"max-video-preview:-1"},"canonical":"https:\/\/radioleinewelle.de\/index.php\/2025\/08\/11\/immer-mehr-junge-maedchen-werden-wegen-essstoerungen-stationaer-behandelt\/","og_locale":"de_DE","og_type":"article","og_title":"Immer mehr junge M\u00e4dchen werden wegen Essst\u00f6rungen station\u00e4r behandelt - Radio Leinewelle","og_description":"Immer mehr M\u00e4dchen und junge Frauen werden wegen Essst\u00f6rungen station\u00e4r im Krankenhaus behandelt. Die Zahl der Behandlungen von 10- bis 17-J\u00e4hrigen hat sich binnen 20 Jahren verdoppelt: Von 3 000 Patientinnen im Jahr 2003 auf 6 000 im Jahr 2023, wie das Statistische Bundesamt (Destatis) mitteilt. Insgesamt hat sich die Zahl der Behandlungen wegen Essst\u00f6rungen [&hellip;]","og_url":"https:\/\/radioleinewelle.de\/index.php\/2025\/08\/11\/immer-mehr-junge-maedchen-werden-wegen-essstoerungen-stationaer-behandelt\/","og_site_name":"Radio Leinewelle","article_publisher":"https:\/\/www.facebook.com\/radioleinewelle","article_author":"https:\/\/www.facebook.com\/radioleinewelle","article_published_time":"2025-08-11T07:28:52+00:00","article_modified_time":"2025-08-11T07:28:53+00:00","og_image":[{"width":1280,"height":853,"url":"https:\/\/radioleinewelle.de\/wp-content\/uploads\/2025\/08\/scrabble-4957962_1280.jpg","type":"image\/jpeg"}],"author":"Leinewelle","twitter_card":"summary_large_image","twitter_creator":"@https:\/\/twitter.com\/RLeinewelle?ref_src=twsrcgoogletwcampserptwgrauthor","twitter_site":"@RLeinewelle","twitter_misc":{"Verfasst von":"Leinewelle","Gesch\u00e4tzte Lesezeit":"3\u00a0Minuten"},"schema":{"@context":"https:\/\/schema.org","@graph":[{"@type":"Article","@id":"https:\/\/radioleinewelle.de\/index.php\/2025\/08\/11\/immer-mehr-junge-maedchen-werden-wegen-essstoerungen-stationaer-behandelt\/#article","isPartOf":{"@id":"https:\/\/radioleinewelle.de\/index.php\/2025\/08\/11\/immer-mehr-junge-maedchen-werden-wegen-essstoerungen-stationaer-behandelt\/"},"author":{"name":"Leinewelle","@id":"https:\/\/radioleinewelle.de\/#\/schema\/person\/45606f348637df637192dc1b68399a63"},"headline":"Immer mehr junge M\u00e4dchen werden wegen Essst\u00f6rungen station\u00e4r behandelt","datePublished":"2025-08-11T07:28:52+00:00","dateModified":"2025-08-11T07:28:53+00:00","mainEntityOfPage":{"@id":"https:\/\/radioleinewelle.de\/index.php\/2025\/08\/11\/immer-mehr-junge-maedchen-werden-wegen-essstoerungen-stationaer-behandelt\/"},"wordCount":455,"commentCount":0,"publisher":{"@id":"https:\/\/radioleinewelle.de\/#organization"},"image":{"@id":"https:\/\/radioleinewelle.de\/index.php\/2025\/08\/11\/immer-mehr-junge-maedchen-werden-wegen-essstoerungen-stationaer-behandelt\/#primaryimage"},"thumbnailUrl":"https:\/\/radioleinewelle.de\/wp-content\/uploads\/2025\/08\/scrabble-4957962_1280.jpg","keywords":["Essst\u00f6rung","Magersucht"],"articleSection":["Gesundheit"],"inLanguage":"de","potentialAction":[{"@type":"CommentAction","name":"Comment","target":["https:\/\/radioleinewelle.de\/index.php\/2025\/08\/11\/immer-mehr-junge-maedchen-werden-wegen-essstoerungen-stationaer-behandelt\/#respond"]}]},{"@type":"WebPage","@id":"https:\/\/radioleinewelle.de\/index.php\/2025\/08\/11\/immer-mehr-junge-maedchen-werden-wegen-essstoerungen-stationaer-behandelt\/","url":"https:\/\/radioleinewelle.de\/index.php\/2025\/08\/11\/immer-mehr-junge-maedchen-werden-wegen-essstoerungen-stationaer-behandelt\/","name":"Immer mehr junge M\u00e4dchen werden wegen Essst\u00f6rungen station\u00e4r behandelt - Radio Leinewelle","isPartOf":{"@id":"https:\/\/radioleinewelle.de\/#website"},"primaryImageOfPage":{"@id":"https:\/\/radioleinewelle.de\/index.php\/2025\/08\/11\/immer-mehr-junge-maedchen-werden-wegen-essstoerungen-stationaer-behandelt\/#primaryimage"},"image":{"@id":"https:\/\/radioleinewelle.de\/index.php\/2025\/08\/11\/immer-mehr-junge-maedchen-werden-wegen-essstoerungen-stationaer-behandelt\/#primaryimage"},"thumbnailUrl":"https:\/\/radioleinewelle.de\/wp-content\/uploads\/2025\/08\/scrabble-4957962_1280.jpg","datePublished":"2025-08-11T07:28:52+00:00","dateModified":"2025-08-11T07:28:53+00:00","breadcrumb":{"@id":"https:\/\/radioleinewelle.de\/index.php\/2025\/08\/11\/immer-mehr-junge-maedchen-werden-wegen-essstoerungen-stationaer-behandelt\/#breadcrumb"},"inLanguage":"de","potentialAction":[{"@type":"ReadAction","target":["https:\/\/radioleinewelle.de\/index.php\/2025\/08\/11\/immer-mehr-junge-maedchen-werden-wegen-essstoerungen-stationaer-behandelt\/"]}]},{"@type":"ImageObject","inLanguage":"de","@id":"https:\/\/radioleinewelle.de\/index.php\/2025\/08\/11\/immer-mehr-junge-maedchen-werden-wegen-essstoerungen-stationaer-behandelt\/#primaryimage","url":"https:\/\/radioleinewelle.de\/wp-content\/uploads\/2025\/08\/scrabble-4957962_1280.jpg","contentUrl":"https:\/\/radioleinewelle.de\/wp-content\/uploads\/2025\/08\/scrabble-4957962_1280.jpg","width":1280,"height":853},{"@type":"BreadcrumbList","@id":"https:\/\/radioleinewelle.de\/index.php\/2025\/08\/11\/immer-mehr-junge-maedchen-werden-wegen-essstoerungen-stationaer-behandelt\/#breadcrumb","itemListElement":[{"@type":"ListItem","position":1,"name":"Startseite","item":"https:\/\/radioleinewelle.de\/"},{"@type":"ListItem","position":2,"name":"Immer mehr junge M\u00e4dchen werden wegen Essst\u00f6rungen station\u00e4r behandelt"}]},{"@type":"WebSite","@id":"https:\/\/radioleinewelle.de\/#website","url":"https:\/\/radioleinewelle.de\/","name":"Radio Leinewelle","description":"","publisher":{"@id":"https:\/\/radioleinewelle.de\/#organization"},"potentialAction":[{"@type":"SearchAction","target":{"@type":"EntryPoint","urlTemplate":"https:\/\/radioleinewelle.de\/?s={search_term_string}"},"query-input":{"@type":"PropertyValueSpecification","valueRequired":true,"valueName":"search_term_string"}}],"inLanguage":"de"},{"@type":"Organization","@id":"https:\/\/radioleinewelle.de\/#organization","name":"Radio Leinewelle","alternateName":"Mein Radio f\u00fcr S\u00fcdniedersachsen","url":"https:\/\/radioleinewelle.de\/","logo":{"@type":"ImageObject","inLanguage":"de","@id":"https:\/\/radioleinewelle.de\/#\/schema\/logo\/image\/","url":"https:\/\/radioleinewelle.de\/wp-content\/uploads\/2023\/11\/cropped-Leinewelle_Logo_weiss.png","contentUrl":"https:\/\/radioleinewelle.de\/wp-content\/uploads\/2023\/11\/cropped-Leinewelle_Logo_weiss.png","width":854,"height":260,"caption":"Radio Leinewelle"},"image":{"@id":"https:\/\/radioleinewelle.de\/#\/schema\/logo\/image\/"},"sameAs":["https:\/\/www.facebook.com\/radioleinewelle","https:\/\/x.com\/RLeinewelle","https:\/\/www.instagram.com\/radioleinewelle\/?hl=de"]},{"@type":"Person","@id":"https:\/\/radioleinewelle.de\/#\/schema\/person\/45606f348637df637192dc1b68399a63","name":"Leinewelle","image":{"@type":"ImageObject","inLanguage":"de","@id":"https:\/\/secure.gravatar.com\/avatar\/05c9a17bc973052ee5d91549bd32fb4dd0dc85b7b85ae94b2e2b4943476bbea5?s=96&d=blank&r=g","url":"https:\/\/secure.gravatar.com\/avatar\/05c9a17bc973052ee5d91549bd32fb4dd0dc85b7b85ae94b2e2b4943476bbea5?s=96&d=blank&r=g","contentUrl":"https:\/\/secure.gravatar.com\/avatar\/05c9a17bc973052ee5d91549bd32fb4dd0dc85b7b85ae94b2e2b4943476bbea5?s=96&d=blank&r=g","caption":"Leinewelle"},"sameAs":["http:\/\/localhost\/radio%20leinewelle\/wordpress","https:\/\/www.facebook.com\/radioleinewelle","https:\/\/www.instagram.com\/radioleinewelle","https:\/\/x.com\/https:\/\/twitter.com\/RLeinewelle?ref_src=twsrcgoogletwcampserptwgrauthor","https:\/\/soundcloud.com\/foerderverein-lokalradio?utm_source=clipboard&utm_medium=text&utm_campaign=social_sharing"],"url":"https:\/\/radioleinewelle.de\/index.php\/author\/leinewelle\/"}]}},"_links":{"self":[{"href":"https:\/\/radioleinewelle.de\/index.php\/wp-json\/wp\/v2\/posts\/28800","targetHints":{"allow":["GET"]}}],"collection":[{"href":"https:\/\/radioleinewelle.de\/index.php\/wp-json\/wp\/v2\/posts"}],"about":[{"href":"https:\/\/radioleinewelle.de\/index.php\/wp-json\/wp\/v2\/types\/post"}],"author":[{"embeddable":true,"href":"https:\/\/radioleinewelle.de\/index.php\/wp-json\/wp\/v2\/users\/1"}],"replies":[{"embeddable":true,"href":"https:\/\/radioleinewelle.de\/index.php\/wp-json\/wp\/v2\/comments?post=28800"}],"version-history":[{"count":5,"href":"https:\/\/radioleinewelle.de\/index.php\/wp-json\/wp\/v2\/posts\/28800\/revisions"}],"predecessor-version":[{"id":28806,"href":"https:\/\/radioleinewelle.de\/index.php\/wp-json\/wp\/v2\/posts\/28800\/revisions\/28806"}],"wp:featuredmedia":[{"embeddable":true,"href":"https:\/\/radioleinewelle.de\/index.php\/wp-json\/wp\/v2\/media\/28805"}],"wp:attachment":[{"href":"https:\/\/radioleinewelle.de\/index.php\/wp-json\/wp\/v2\/media?parent=28800"}],"wp:term":[{"taxonomy":"category","embeddable":true,"href":"https:\/\/radioleinewelle.de\/index.php\/wp-json\/wp\/v2\/categories?post=28800"},{"taxonomy":"post_tag","embeddable":true,"href":"https:\/\/radioleinewelle.de\/index.php\/wp-json\/wp\/v2\/tags?post=28800"}],"curies":[{"name":"wp","href":"https:\/\/api.w.org\/{rel}","templated":true}]}}