{"id":28823,"date":"2025-08-12T19:27:00","date_gmt":"2025-08-12T17:27:00","guid":{"rendered":"https:\/\/radioleinewelle.de\/?p=28823"},"modified":"2025-08-12T19:27:01","modified_gmt":"2025-08-12T17:27:01","slug":"schwerer-unfall-in-friedland-jugendliche-auf-bahnsteig-von-gueterzug-erfasst-und-toedlich-verletzt","status":"publish","type":"post","link":"https:\/\/radioleinewelle.de\/index.php\/2025\/08\/12\/schwerer-unfall-in-friedland-jugendliche-auf-bahnsteig-von-gueterzug-erfasst-und-toedlich-verletzt\/","title":{"rendered":"Schwerer Unfall in Friedland &#8211; Jugendliche auf Bahnsteig von G\u00fcterzug erfasst und t\u00f6dlich verletzt"},"content":{"rendered":"\n<p>Am Bahnhof von Friedland  ist es am Montagnachmittag  zu einem schweren Unfall gekommen. Ein 16 Jahre altes M\u00e4dchen aus Heiligenstadt (Landkreis Eichsfeld) wurde ersten Ermittlungen zufolge gegen 16.00 Uhr auf dem Bahnsteig von einem vorbeifahrenden G\u00fcterzug touchiert und t\u00f6dlich verletzt. Der genaue Hergang ist noch unklar. Die Polizei sperrte den Bahnhof weitr\u00e4umig ab. Der Zugverkehr wurde bis gegen 18.50 Uhr eingestellt.<\/p>\n\n\n\n<p>Nach Erstinformationen hielten sich zum Zeitpunkt des Unfalls einige Personen im Bahnhofsbereich auf, darunter auch ein Mann in einem wei\u00dfen T-Shirt. Alle werden als Zeugen gesucht. Ein weiterer Mann aus Friedland entdeckte den auf dem Bahnsteig liegenden Leichnam des M\u00e4dchens und lief sofort vor das Geb\u00e4ude, um Passanten und Autofahrer auf das Ungl\u00fcck aufmerksam zu machen. Wie es zu der t\u00f6dlichen Ber\u00fchrung mit dem herannahenden Zug kommen konnte, ist bislang noch v\u00f6llig unklar.<\/p>\n\n\n\n<p>Die Polizei in Duderstadt hat die weiteren Ermittlungen aufgenommen und bittet Personen, die sich entweder zur fraglichen Zeit auf dem Bahnsteig in Fahrtrichtung Kassel oder im restlichen Bereich des Friedl\u00e4nder Bahnhofes befunden haben, sich unter Telefon 05527\/8461-0 zu melden. Auch sonstige sachdienliche Hinweise zu dem Geschehen werden unter dieser Rufnummer entgegengenommen. <\/p>\n\n\n\n<p class=\"has-text-align-right has-small-font-size\"><strong>Foto:<\/strong> \u00a9Radio Leinewelle (ue)<\/p>\n","protected":false},"excerpt":{"rendered":"<p>Am Bahnhof von Friedland ist es am Montagnachmittag zu einem schweren Unfall gekommen. Ein 16 Jahre altes M\u00e4dchen aus Heiligenstadt (Landkreis Eichsfeld) wurde ersten Ermittlungen zufolge gegen 16.00 Uhr auf dem Bahnsteig von einem vorbeifahrenden G\u00fcterzug touchiert und t\u00f6dlich verletzt. Der genaue Hergang ist noch unklar. Die Polizei sperrte den Bahnhof weitr\u00e4umig ab. Der Zugverkehr [&hellip;]<\/p>\n","protected":false},"author":1,"featured_media":28825,"comment_status":"open","ping_status":"open","sticky":false,"template":"","format":"standard","meta":{"saved_in_kubio":false,"footnotes":""},"categories":[24],"tags":[],"class_list":["post-28823","post","type-post","status-publish","format-standard","has-post-thumbnail","hentry","category-news"],"yoast_head":"<!-- This site is optimized with the Yoast SEO plugin v27.5 - https:\/\/yoast.com\/product\/yoast-seo-wordpress\/ -->\n<title>Schwerer Unfall in Friedland - Jugendliche auf Bahnsteig von G\u00fcterzug erfasst und t\u00f6dlich verletzt - Radio Leinewelle<\/title>\n<meta name=\"robots\" content=\"index, follow, max-snippet:-1, max-image-preview:large, max-video-preview:-1\" \/>\n<link rel=\"canonical\" href=\"https:\/\/radioleinewelle.de\/index.php\/2025\/08\/12\/schwerer-unfall-in-friedland-jugendliche-auf-bahnsteig-von-gueterzug-erfasst-und-toedlich-verletzt\/\" \/>\n<meta property=\"og:locale\" content=\"de_DE\" \/>\n<meta property=\"og:type\" content=\"article\" \/>\n<meta property=\"og:title\" content=\"Schwerer Unfall in Friedland - Jugendliche auf Bahnsteig von G\u00fcterzug erfasst und t\u00f6dlich verletzt - Radio Leinewelle\" \/>\n<meta property=\"og:description\" content=\"Am Bahnhof von Friedland ist es am Montagnachmittag zu einem schweren Unfall gekommen. Ein 16 Jahre altes M\u00e4dchen aus Heiligenstadt (Landkreis Eichsfeld) wurde ersten Ermittlungen zufolge gegen 16.00 Uhr auf dem Bahnsteig von einem vorbeifahrenden G\u00fcterzug touchiert und t\u00f6dlich verletzt. Der genaue Hergang ist noch unklar. Die Polizei sperrte den Bahnhof weitr\u00e4umig ab. Der Zugverkehr [&hellip;]\" \/>\n<meta property=\"og:url\" content=\"https:\/\/radioleinewelle.de\/index.php\/2025\/08\/12\/schwerer-unfall-in-friedland-jugendliche-auf-bahnsteig-von-gueterzug-erfasst-und-toedlich-verletzt\/\" \/>\n<meta property=\"og:site_name\" content=\"Radio Leinewelle\" \/>\n<meta property=\"article:publisher\" content=\"https:\/\/www.facebook.com\/radioleinewelle\" \/>\n<meta property=\"article:author\" content=\"https:\/\/www.facebook.com\/radioleinewelle\" \/>\n<meta property=\"article:published_time\" content=\"2025-08-12T17:27:00+00:00\" \/>\n<meta property=\"article:modified_time\" content=\"2025-08-12T17:27:01+00:00\" \/>\n<meta property=\"og:image\" content=\"https:\/\/radioleinewelle.de\/wp-content\/uploads\/2025\/08\/Friedland-Bahnhof-scaled-e1755019467916.jpg\" \/>\n\t<meta property=\"og:image:width\" content=\"2090\" \/>\n\t<meta property=\"og:image:height\" content=\"1404\" \/>\n\t<meta property=\"og:image:type\" content=\"image\/jpeg\" \/>\n<meta name=\"author\" content=\"Leinewelle\" \/>\n<meta name=\"twitter:card\" content=\"summary_large_image\" \/>\n<meta name=\"twitter:creator\" content=\"@https:\/\/twitter.com\/RLeinewelle?ref_src=twsrcgoogletwcampserptwgrauthor\" \/>\n<meta name=\"twitter:site\" content=\"@RLeinewelle\" \/>\n<meta name=\"twitter:label1\" content=\"Verfasst von\" \/>\n\t<meta name=\"twitter:data1\" content=\"Leinewelle\" \/>\n\t<meta name=\"twitter:label2\" content=\"Gesch\u00e4tzte Lesezeit\" \/>\n\t<meta name=\"twitter:data2\" content=\"2\u00a0Minuten\" \/>\n<script type=\"application\/ld+json\" class=\"yoast-schema-graph\">{\"@context\":\"https:\\\/\\\/schema.org\",\"@graph\":[{\"@type\":\"Article\",\"@id\":\"https:\\\/\\\/radioleinewelle.de\\\/index.php\\\/2025\\\/08\\\/12\\\/schwerer-unfall-in-friedland-jugendliche-auf-bahnsteig-von-gueterzug-erfasst-und-toedlich-verletzt\\\/#article\",\"isPartOf\":{\"@id\":\"https:\\\/\\\/radioleinewelle.de\\\/index.php\\\/2025\\\/08\\\/12\\\/schwerer-unfall-in-friedland-jugendliche-auf-bahnsteig-von-gueterzug-erfasst-und-toedlich-verletzt\\\/\"},\"author\":{\"name\":\"Leinewelle\",\"@id\":\"https:\\\/\\\/radioleinewelle.de\\\/#\\\/schema\\\/person\\\/45606f348637df637192dc1b68399a63\"},\"headline\":\"Schwerer Unfall in Friedland &#8211; Jugendliche auf Bahnsteig von G\u00fcterzug erfasst und t\u00f6dlich verletzt\",\"datePublished\":\"2025-08-12T17:27:00+00:00\",\"dateModified\":\"2025-08-12T17:27:01+00:00\",\"mainEntityOfPage\":{\"@id\":\"https:\\\/\\\/radioleinewelle.de\\\/index.php\\\/2025\\\/08\\\/12\\\/schwerer-unfall-in-friedland-jugendliche-auf-bahnsteig-von-gueterzug-erfasst-und-toedlich-verletzt\\\/\"},\"wordCount\":214,\"commentCount\":0,\"publisher\":{\"@id\":\"https:\\\/\\\/radioleinewelle.de\\\/#organization\"},\"image\":{\"@id\":\"https:\\\/\\\/radioleinewelle.de\\\/index.php\\\/2025\\\/08\\\/12\\\/schwerer-unfall-in-friedland-jugendliche-auf-bahnsteig-von-gueterzug-erfasst-und-toedlich-verletzt\\\/#primaryimage\"},\"thumbnailUrl\":\"https:\\\/\\\/radioleinewelle.de\\\/wp-content\\\/uploads\\\/2025\\\/08\\\/Friedland-Bahnhof-scaled-e1755019467916.jpg\",\"articleSection\":[\"Aktuelle Nachrichten\"],\"inLanguage\":\"de\",\"potentialAction\":[{\"@type\":\"CommentAction\",\"name\":\"Comment\",\"target\":[\"https:\\\/\\\/radioleinewelle.de\\\/index.php\\\/2025\\\/08\\\/12\\\/schwerer-unfall-in-friedland-jugendliche-auf-bahnsteig-von-gueterzug-erfasst-und-toedlich-verletzt\\\/#respond\"]}]},{\"@type\":\"WebPage\",\"@id\":\"https:\\\/\\\/radioleinewelle.de\\\/index.php\\\/2025\\\/08\\\/12\\\/schwerer-unfall-in-friedland-jugendliche-auf-bahnsteig-von-gueterzug-erfasst-und-toedlich-verletzt\\\/\",\"url\":\"https:\\\/\\\/radioleinewelle.de\\\/index.php\\\/2025\\\/08\\\/12\\\/schwerer-unfall-in-friedland-jugendliche-auf-bahnsteig-von-gueterzug-erfasst-und-toedlich-verletzt\\\/\",\"name\":\"Schwerer Unfall in Friedland - Jugendliche auf Bahnsteig von G\u00fcterzug erfasst und t\u00f6dlich verletzt - Radio Leinewelle\",\"isPartOf\":{\"@id\":\"https:\\\/\\\/radioleinewelle.de\\\/#website\"},\"primaryImageOfPage\":{\"@id\":\"https:\\\/\\\/radioleinewelle.de\\\/index.php\\\/2025\\\/08\\\/12\\\/schwerer-unfall-in-friedland-jugendliche-auf-bahnsteig-von-gueterzug-erfasst-und-toedlich-verletzt\\\/#primaryimage\"},\"image\":{\"@id\":\"https:\\\/\\\/radioleinewelle.de\\\/index.php\\\/2025\\\/08\\\/12\\\/schwerer-unfall-in-friedland-jugendliche-auf-bahnsteig-von-gueterzug-erfasst-und-toedlich-verletzt\\\/#primaryimage\"},\"thumbnailUrl\":\"https:\\\/\\\/radioleinewelle.de\\\/wp-content\\\/uploads\\\/2025\\\/08\\\/Friedland-Bahnhof-scaled-e1755019467916.jpg\",\"datePublished\":\"2025-08-12T17:27:00+00:00\",\"dateModified\":\"2025-08-12T17:27:01+00:00\",\"breadcrumb\":{\"@id\":\"https:\\\/\\\/radioleinewelle.de\\\/index.php\\\/2025\\\/08\\\/12\\\/schwerer-unfall-in-friedland-jugendliche-auf-bahnsteig-von-gueterzug-erfasst-und-toedlich-verletzt\\\/#breadcrumb\"},\"inLanguage\":\"de\",\"potentialAction\":[{\"@type\":\"ReadAction\",\"target\":[\"https:\\\/\\\/radioleinewelle.de\\\/index.php\\\/2025\\\/08\\\/12\\\/schwerer-unfall-in-friedland-jugendliche-auf-bahnsteig-von-gueterzug-erfasst-und-toedlich-verletzt\\\/\"]}]},{\"@type\":\"ImageObject\",\"inLanguage\":\"de\",\"@id\":\"https:\\\/\\\/radioleinewelle.de\\\/index.php\\\/2025\\\/08\\\/12\\\/schwerer-unfall-in-friedland-jugendliche-auf-bahnsteig-von-gueterzug-erfasst-und-toedlich-verletzt\\\/#primaryimage\",\"url\":\"https:\\\/\\\/radioleinewelle.de\\\/wp-content\\\/uploads\\\/2025\\\/08\\\/Friedland-Bahnhof-scaled-e1755019467916.jpg\",\"contentUrl\":\"https:\\\/\\\/radioleinewelle.de\\\/wp-content\\\/uploads\\\/2025\\\/08\\\/Friedland-Bahnhof-scaled-e1755019467916.jpg\",\"width\":2090,\"height\":1404},{\"@type\":\"BreadcrumbList\",\"@id\":\"https:\\\/\\\/radioleinewelle.de\\\/index.php\\\/2025\\\/08\\\/12\\\/schwerer-unfall-in-friedland-jugendliche-auf-bahnsteig-von-gueterzug-erfasst-und-toedlich-verletzt\\\/#breadcrumb\",\"itemListElement\":[{\"@type\":\"ListItem\",\"position\":1,\"name\":\"Startseite\",\"item\":\"https:\\\/\\\/radioleinewelle.de\\\/\"},{\"@type\":\"ListItem\",\"position\":2,\"name\":\"Schwerer Unfall in Friedland &#8211; Jugendliche auf Bahnsteig von G\u00fcterzug erfasst und t\u00f6dlich verletzt\"}]},{\"@type\":\"WebSite\",\"@id\":\"https:\\\/\\\/radioleinewelle.de\\\/#website\",\"url\":\"https:\\\/\\\/radioleinewelle.de\\\/\",\"name\":\"Radio Leinewelle\",\"description\":\"\",\"publisher\":{\"@id\":\"https:\\\/\\\/radioleinewelle.de\\\/#organization\"},\"potentialAction\":[{\"@type\":\"SearchAction\",\"target\":{\"@type\":\"EntryPoint\",\"urlTemplate\":\"https:\\\/\\\/radioleinewelle.de\\\/?s={search_term_string}\"},\"query-input\":{\"@type\":\"PropertyValueSpecification\",\"valueRequired\":true,\"valueName\":\"search_term_string\"}}],\"inLanguage\":\"de\"},{\"@type\":\"Organization\",\"@id\":\"https:\\\/\\\/radioleinewelle.de\\\/#organization\",\"name\":\"Radio Leinewelle\",\"alternateName\":\"Mein Radio f\u00fcr S\u00fcdniedersachsen\",\"url\":\"https:\\\/\\\/radioleinewelle.de\\\/\",\"logo\":{\"@type\":\"ImageObject\",\"inLanguage\":\"de\",\"@id\":\"https:\\\/\\\/radioleinewelle.de\\\/#\\\/schema\\\/logo\\\/image\\\/\",\"url\":\"https:\\\/\\\/radioleinewelle.de\\\/wp-content\\\/uploads\\\/2023\\\/11\\\/cropped-Leinewelle_Logo_weiss.png\",\"contentUrl\":\"https:\\\/\\\/radioleinewelle.de\\\/wp-content\\\/uploads\\\/2023\\\/11\\\/cropped-Leinewelle_Logo_weiss.png\",\"width\":854,\"height\":260,\"caption\":\"Radio Leinewelle\"},\"image\":{\"@id\":\"https:\\\/\\\/radioleinewelle.de\\\/#\\\/schema\\\/logo\\\/image\\\/\"},\"sameAs\":[\"https:\\\/\\\/www.facebook.com\\\/radioleinewelle\",\"https:\\\/\\\/x.com\\\/RLeinewelle\",\"https:\\\/\\\/www.instagram.com\\\/radioleinewelle\\\/?hl=de\"]},{\"@type\":\"Person\",\"@id\":\"https:\\\/\\\/radioleinewelle.de\\\/#\\\/schema\\\/person\\\/45606f348637df637192dc1b68399a63\",\"name\":\"Leinewelle\",\"image\":{\"@type\":\"ImageObject\",\"inLanguage\":\"de\",\"@id\":\"https:\\\/\\\/secure.gravatar.com\\\/avatar\\\/05c9a17bc973052ee5d91549bd32fb4dd0dc85b7b85ae94b2e2b4943476bbea5?s=96&d=blank&r=g\",\"url\":\"https:\\\/\\\/secure.gravatar.com\\\/avatar\\\/05c9a17bc973052ee5d91549bd32fb4dd0dc85b7b85ae94b2e2b4943476bbea5?s=96&d=blank&r=g\",\"contentUrl\":\"https:\\\/\\\/secure.gravatar.com\\\/avatar\\\/05c9a17bc973052ee5d91549bd32fb4dd0dc85b7b85ae94b2e2b4943476bbea5?s=96&d=blank&r=g\",\"caption\":\"Leinewelle\"},\"sameAs\":[\"http:\\\/\\\/localhost\\\/radio%20leinewelle\\\/wordpress\",\"https:\\\/\\\/www.facebook.com\\\/radioleinewelle\",\"https:\\\/\\\/www.instagram.com\\\/radioleinewelle\",\"https:\\\/\\\/x.com\\\/https:\\\/\\\/twitter.com\\\/RLeinewelle?ref_src=twsrcgoogletwcampserptwgrauthor\",\"https:\\\/\\\/soundcloud.com\\\/foerderverein-lokalradio?utm_source=clipboard&utm_medium=text&utm_campaign=social_sharing\"],\"url\":\"https:\\\/\\\/radioleinewelle.de\\\/index.php\\\/author\\\/leinewelle\\\/\"}]}<\/script>\n<!-- \/ Yoast SEO plugin. -->","yoast_head_json":{"title":"Schwerer Unfall in Friedland - Jugendliche auf Bahnsteig von G\u00fcterzug erfasst und t\u00f6dlich verletzt - Radio Leinewelle","robots":{"index":"index","follow":"follow","max-snippet":"max-snippet:-1","max-image-preview":"max-image-preview:large","max-video-preview":"max-video-preview:-1"},"canonical":"https:\/\/radioleinewelle.de\/index.php\/2025\/08\/12\/schwerer-unfall-in-friedland-jugendliche-auf-bahnsteig-von-gueterzug-erfasst-und-toedlich-verletzt\/","og_locale":"de_DE","og_type":"article","og_title":"Schwerer Unfall in Friedland - Jugendliche auf Bahnsteig von G\u00fcterzug erfasst und t\u00f6dlich verletzt - Radio Leinewelle","og_description":"Am Bahnhof von Friedland ist es am Montagnachmittag zu einem schweren Unfall gekommen. Ein 16 Jahre altes M\u00e4dchen aus Heiligenstadt (Landkreis Eichsfeld) wurde ersten Ermittlungen zufolge gegen 16.00 Uhr auf dem Bahnsteig von einem vorbeifahrenden G\u00fcterzug touchiert und t\u00f6dlich verletzt. Der genaue Hergang ist noch unklar. Die Polizei sperrte den Bahnhof weitr\u00e4umig ab. Der Zugverkehr [&hellip;]","og_url":"https:\/\/radioleinewelle.de\/index.php\/2025\/08\/12\/schwerer-unfall-in-friedland-jugendliche-auf-bahnsteig-von-gueterzug-erfasst-und-toedlich-verletzt\/","og_site_name":"Radio Leinewelle","article_publisher":"https:\/\/www.facebook.com\/radioleinewelle","article_author":"https:\/\/www.facebook.com\/radioleinewelle","article_published_time":"2025-08-12T17:27:00+00:00","article_modified_time":"2025-08-12T17:27:01+00:00","og_image":[{"width":2090,"height":1404,"url":"https:\/\/radioleinewelle.de\/wp-content\/uploads\/2025\/08\/Friedland-Bahnhof-scaled-e1755019467916.jpg","type":"image\/jpeg"}],"author":"Leinewelle","twitter_card":"summary_large_image","twitter_creator":"@https:\/\/twitter.com\/RLeinewelle?ref_src=twsrcgoogletwcampserptwgrauthor","twitter_site":"@RLeinewelle","twitter_misc":{"Verfasst von":"Leinewelle","Gesch\u00e4tzte Lesezeit":"2\u00a0Minuten"},"schema":{"@context":"https:\/\/schema.org","@graph":[{"@type":"Article","@id":"https:\/\/radioleinewelle.de\/index.php\/2025\/08\/12\/schwerer-unfall-in-friedland-jugendliche-auf-bahnsteig-von-gueterzug-erfasst-und-toedlich-verletzt\/#article","isPartOf":{"@id":"https:\/\/radioleinewelle.de\/index.php\/2025\/08\/12\/schwerer-unfall-in-friedland-jugendliche-auf-bahnsteig-von-gueterzug-erfasst-und-toedlich-verletzt\/"},"author":{"name":"Leinewelle","@id":"https:\/\/radioleinewelle.de\/#\/schema\/person\/45606f348637df637192dc1b68399a63"},"headline":"Schwerer Unfall in Friedland &#8211; Jugendliche auf Bahnsteig von G\u00fcterzug erfasst und t\u00f6dlich verletzt","datePublished":"2025-08-12T17:27:00+00:00","dateModified":"2025-08-12T17:27:01+00:00","mainEntityOfPage":{"@id":"https:\/\/radioleinewelle.de\/index.php\/2025\/08\/12\/schwerer-unfall-in-friedland-jugendliche-auf-bahnsteig-von-gueterzug-erfasst-und-toedlich-verletzt\/"},"wordCount":214,"commentCount":0,"publisher":{"@id":"https:\/\/radioleinewelle.de\/#organization"},"image":{"@id":"https:\/\/radioleinewelle.de\/index.php\/2025\/08\/12\/schwerer-unfall-in-friedland-jugendliche-auf-bahnsteig-von-gueterzug-erfasst-und-toedlich-verletzt\/#primaryimage"},"thumbnailUrl":"https:\/\/radioleinewelle.de\/wp-content\/uploads\/2025\/08\/Friedland-Bahnhof-scaled-e1755019467916.jpg","articleSection":["Aktuelle Nachrichten"],"inLanguage":"de","potentialAction":[{"@type":"CommentAction","name":"Comment","target":["https:\/\/radioleinewelle.de\/index.php\/2025\/08\/12\/schwerer-unfall-in-friedland-jugendliche-auf-bahnsteig-von-gueterzug-erfasst-und-toedlich-verletzt\/#respond"]}]},{"@type":"WebPage","@id":"https:\/\/radioleinewelle.de\/index.php\/2025\/08\/12\/schwerer-unfall-in-friedland-jugendliche-auf-bahnsteig-von-gueterzug-erfasst-und-toedlich-verletzt\/","url":"https:\/\/radioleinewelle.de\/index.php\/2025\/08\/12\/schwerer-unfall-in-friedland-jugendliche-auf-bahnsteig-von-gueterzug-erfasst-und-toedlich-verletzt\/","name":"Schwerer Unfall in Friedland - Jugendliche auf Bahnsteig von G\u00fcterzug erfasst und t\u00f6dlich verletzt - Radio Leinewelle","isPartOf":{"@id":"https:\/\/radioleinewelle.de\/#website"},"primaryImageOfPage":{"@id":"https:\/\/radioleinewelle.de\/index.php\/2025\/08\/12\/schwerer-unfall-in-friedland-jugendliche-auf-bahnsteig-von-gueterzug-erfasst-und-toedlich-verletzt\/#primaryimage"},"image":{"@id":"https:\/\/radioleinewelle.de\/index.php\/2025\/08\/12\/schwerer-unfall-in-friedland-jugendliche-auf-bahnsteig-von-gueterzug-erfasst-und-toedlich-verletzt\/#primaryimage"},"thumbnailUrl":"https:\/\/radioleinewelle.de\/wp-content\/uploads\/2025\/08\/Friedland-Bahnhof-scaled-e1755019467916.jpg","datePublished":"2025-08-12T17:27:00+00:00","dateModified":"2025-08-12T17:27:01+00:00","breadcrumb":{"@id":"https:\/\/radioleinewelle.de\/index.php\/2025\/08\/12\/schwerer-unfall-in-friedland-jugendliche-auf-bahnsteig-von-gueterzug-erfasst-und-toedlich-verletzt\/#breadcrumb"},"inLanguage":"de","potentialAction":[{"@type":"ReadAction","target":["https:\/\/radioleinewelle.de\/index.php\/2025\/08\/12\/schwerer-unfall-in-friedland-jugendliche-auf-bahnsteig-von-gueterzug-erfasst-und-toedlich-verletzt\/"]}]},{"@type":"ImageObject","inLanguage":"de","@id":"https:\/\/radioleinewelle.de\/index.php\/2025\/08\/12\/schwerer-unfall-in-friedland-jugendliche-auf-bahnsteig-von-gueterzug-erfasst-und-toedlich-verletzt\/#primaryimage","url":"https:\/\/radioleinewelle.de\/wp-content\/uploads\/2025\/08\/Friedland-Bahnhof-scaled-e1755019467916.jpg","contentUrl":"https:\/\/radioleinewelle.de\/wp-content\/uploads\/2025\/08\/Friedland-Bahnhof-scaled-e1755019467916.jpg","width":2090,"height":1404},{"@type":"BreadcrumbList","@id":"https:\/\/radioleinewelle.de\/index.php\/2025\/08\/12\/schwerer-unfall-in-friedland-jugendliche-auf-bahnsteig-von-gueterzug-erfasst-und-toedlich-verletzt\/#breadcrumb","itemListElement":[{"@type":"ListItem","position":1,"name":"Startseite","item":"https:\/\/radioleinewelle.de\/"},{"@type":"ListItem","position":2,"name":"Schwerer Unfall in Friedland &#8211; Jugendliche auf Bahnsteig von G\u00fcterzug erfasst und t\u00f6dlich verletzt"}]},{"@type":"WebSite","@id":"https:\/\/radioleinewelle.de\/#website","url":"https:\/\/radioleinewelle.de\/","name":"Radio Leinewelle","description":"","publisher":{"@id":"https:\/\/radioleinewelle.de\/#organization"},"potentialAction":[{"@type":"SearchAction","target":{"@type":"EntryPoint","urlTemplate":"https:\/\/radioleinewelle.de\/?s={search_term_string}"},"query-input":{"@type":"PropertyValueSpecification","valueRequired":true,"valueName":"search_term_string"}}],"inLanguage":"de"},{"@type":"Organization","@id":"https:\/\/radioleinewelle.de\/#organization","name":"Radio Leinewelle","alternateName":"Mein Radio f\u00fcr S\u00fcdniedersachsen","url":"https:\/\/radioleinewelle.de\/","logo":{"@type":"ImageObject","inLanguage":"de","@id":"https:\/\/radioleinewelle.de\/#\/schema\/logo\/image\/","url":"https:\/\/radioleinewelle.de\/wp-content\/uploads\/2023\/11\/cropped-Leinewelle_Logo_weiss.png","contentUrl":"https:\/\/radioleinewelle.de\/wp-content\/uploads\/2023\/11\/cropped-Leinewelle_Logo_weiss.png","width":854,"height":260,"caption":"Radio Leinewelle"},"image":{"@id":"https:\/\/radioleinewelle.de\/#\/schema\/logo\/image\/"},"sameAs":["https:\/\/www.facebook.com\/radioleinewelle","https:\/\/x.com\/RLeinewelle","https:\/\/www.instagram.com\/radioleinewelle\/?hl=de"]},{"@type":"Person","@id":"https:\/\/radioleinewelle.de\/#\/schema\/person\/45606f348637df637192dc1b68399a63","name":"Leinewelle","image":{"@type":"ImageObject","inLanguage":"de","@id":"https:\/\/secure.gravatar.com\/avatar\/05c9a17bc973052ee5d91549bd32fb4dd0dc85b7b85ae94b2e2b4943476bbea5?s=96&d=blank&r=g","url":"https:\/\/secure.gravatar.com\/avatar\/05c9a17bc973052ee5d91549bd32fb4dd0dc85b7b85ae94b2e2b4943476bbea5?s=96&d=blank&r=g","contentUrl":"https:\/\/secure.gravatar.com\/avatar\/05c9a17bc973052ee5d91549bd32fb4dd0dc85b7b85ae94b2e2b4943476bbea5?s=96&d=blank&r=g","caption":"Leinewelle"},"sameAs":["http:\/\/localhost\/radio%20leinewelle\/wordpress","https:\/\/www.facebook.com\/radioleinewelle","https:\/\/www.instagram.com\/radioleinewelle","https:\/\/x.com\/https:\/\/twitter.com\/RLeinewelle?ref_src=twsrcgoogletwcampserptwgrauthor","https:\/\/soundcloud.com\/foerderverein-lokalradio?utm_source=clipboard&utm_medium=text&utm_campaign=social_sharing"],"url":"https:\/\/radioleinewelle.de\/index.php\/author\/leinewelle\/"}]}},"_links":{"self":[{"href":"https:\/\/radioleinewelle.de\/index.php\/wp-json\/wp\/v2\/posts\/28823","targetHints":{"allow":["GET"]}}],"collection":[{"href":"https:\/\/radioleinewelle.de\/index.php\/wp-json\/wp\/v2\/posts"}],"about":[{"href":"https:\/\/radioleinewelle.de\/index.php\/wp-json\/wp\/v2\/types\/post"}],"author":[{"embeddable":true,"href":"https:\/\/radioleinewelle.de\/index.php\/wp-json\/wp\/v2\/users\/1"}],"replies":[{"embeddable":true,"href":"https:\/\/radioleinewelle.de\/index.php\/wp-json\/wp\/v2\/comments?post=28823"}],"version-history":[{"count":2,"href":"https:\/\/radioleinewelle.de\/index.php\/wp-json\/wp\/v2\/posts\/28823\/revisions"}],"predecessor-version":[{"id":28826,"href":"https:\/\/radioleinewelle.de\/index.php\/wp-json\/wp\/v2\/posts\/28823\/revisions\/28826"}],"wp:featuredmedia":[{"embeddable":true,"href":"https:\/\/radioleinewelle.de\/index.php\/wp-json\/wp\/v2\/media\/28825"}],"wp:attachment":[{"href":"https:\/\/radioleinewelle.de\/index.php\/wp-json\/wp\/v2\/media?parent=28823"}],"wp:term":[{"taxonomy":"category","embeddable":true,"href":"https:\/\/radioleinewelle.de\/index.php\/wp-json\/wp\/v2\/categories?post=28823"},{"taxonomy":"post_tag","embeddable":true,"href":"https:\/\/radioleinewelle.de\/index.php\/wp-json\/wp\/v2\/tags?post=28823"}],"curies":[{"name":"wp","href":"https:\/\/api.w.org\/{rel}","templated":true}]}}