{"id":28840,"date":"2025-08-14T09:07:12","date_gmt":"2025-08-14T07:07:12","guid":{"rendered":"https:\/\/radioleinewelle.de\/?p=28840"},"modified":"2025-08-14T14:07:18","modified_gmt":"2025-08-14T12:07:18","slug":"stefan-weil-neuer-vorsitzender-des-stiftungsausschusses-der-uni-goettingen","status":"publish","type":"post","link":"https:\/\/radioleinewelle.de\/index.php\/2025\/08\/14\/stefan-weil-neuer-vorsitzender-des-stiftungsausschusses-der-uni-goettingen\/","title":{"rendered":"Stefan Weil neuer Vorsitzender des Stiftungsausschuss  der Uni G\u00f6ttingen"},"content":{"rendered":"\n<p>Nach monatelangen Auseinandersetzungen in den F\u00fchrungsorganen der G\u00f6ttinger Universit\u00e4t und die Absetzung des Unipr\u00e4sidenten Metin Tolan  hat sich der Senat auf neue Mitglieder im Stiftungsausschuss verst\u00e4ndigt. Ein Blick zeigt, hier ist ein gro\u00dfer Wurf gelungen. <br>.Das Gremium besteht k\u00fcnftig aus Stephan Weil, Prof. Dr. Patrick Cramer, Prof. Dr. Anke Kaysser-Pyzalla, Prof. Dr. Verena Lepper und Dr. Hagen Duenbostel. Hinzu kommen Prof. Dr. Andrea B\u00fchrmann als Vertreterin des Senats, die ebenfalls gew\u00e4hlt wurde, und Staatssekret\u00e4r Prof. Dr. Joachim Schachtner als Vertreter des Nieders\u00e4chsischen Ministeriums f\u00fcr Wissenschaft und Kultur (MWK). Das MWK muss die neuen Mitglieder noch bestellen.<\/p>\n\n\n\n\n\n<p class=\"has-text-align-center\"><em><strong><mark style=\"background-color:rgba(0, 0, 0, 0)\" class=\"has-inline-color has-kubio-color-2-color\">Es ist uns gelungen, f\u00fcr die Arbeit im Stiftungsausschuss herausragende Pers\u00f6nlichkeiten zu gewinnen, die ein breites Spektrum an Fachexpertise und Perspektiven mitbringen.Das zeigt: Die Universit\u00e4t G\u00f6ttingen hat eine unver\u00e4nderte Strahlkraft in Wissenschaft und Gesellschaft<\/mark><\/strong><\/em><\/p>\n\n\n\n<p class=\"has-text-align-center\"><strong>Wissenschaftsminister Falko Mohrs<\/strong><\/p>\n\n\n\n\n\n<p>\u201eDie Universit\u00e4t G\u00f6ttingen steht f\u00fcr eine lange und stolze Tradition exzellenter Wissenschaft\u201c, sagte Stephan Weil. \u201eSie hat aber nicht nur eine reiche Vergangenheit, sondern auch eine gro\u00dfe Zukunft \u2013 wenn wir heute gemeinschaftlich die Weichen richtig stellen. Ich freue mich, meine Alma Mater auf diesem Weg begleiten und dabei meine Erfahrung einbringen zu d\u00fcrfen.\u201c<\/p>\n\n\n\n<p>\u201eWir freuen uns sehr \u00fcber dieses Ergebnis und auf die Zusammenarbeit mit dem neuen Stiftungsausschuss\u201c, erkl\u00e4rte Universit\u00e4tspr\u00e4sident Prof. Dr. Axel Sch\u00f6lmerich. \u201eSeine Zusammensetzung verspricht intensive Beratungen der zuk\u00fcnftigen strategischen Orientierung der Universit\u00e4t G\u00f6ttingen. Gleichzeitig sind damit die Voraussetzungen geschaffen, den Prozess der Findung einer neuen Pr\u00e4sidentin oder eines neuen Pr\u00e4sidenten einzuleiten. Ich danke allen Beteiligten im Senat und im Ministerium f\u00fcr Wissenschaft und Kultur f\u00fcr ihr Engagement in dieser Sache.\u201c<\/p>\n\n\n\n<p>Zu den neuen Mitgliedern des Stiftungsausschusses Universit\u00e4t:<\/p>\n\n\n\n<ul class=\"wp-block-list\">\n<li><strong>Stephan Weil<\/strong> ist Jurist und war von Februar 2013 bis Mai 2025 nieders\u00e4chsischer Ministerpr\u00e4sident und von Januar 2012 bis Mai 2025 Vorsitzender der SPD Niedersachsen. Zuvor war er von November 2006 bis Januar 2013 Oberb\u00fcrgermeister der Landeshauptstadt Hannover. Seit 2013 ist er Mitglied des Nieders\u00e4chsischen Landtages. Er studierte ab 1978 Jura an der Universit\u00e4t G\u00f6ttingen, das Studium schloss er 1983 mit dem Ersten Staatsexamen ab.<\/li>\n\n\n\n<li><strong>Prof. Dr. Patrick Crame<\/strong>r ist Chemiker, Strukturbiologe und Molekularbiologe. Seit 2022 ist Cramer Direktor des Max-Planck-Instituts f\u00fcr Multidisziplin\u00e4re Naturwissenschaften und seit Juni 2023 Pr\u00e4sident der Max-Planck-Gesellschaft. Zuvor leitete er das Max-Planck-Institut f\u00fcr biophysikalische Chemie (2014 bis 2021) und war Professor f\u00fcr Biochemie an der Ludwig-Maximilians-Universit\u00e4t M\u00fcnchen (2004 bis 2014).<\/li>\n\n\n\n<li><strong>Prof. Dr. Anke Kaysser-Pyzalla<\/strong> ist Materialwissenschaftlerin und Maschinenbauerin. Seit M\u00e4rz 2020 ist Kaysser-Pyzalla Vorstandsvorsitzende des Deutschen Zentrums f\u00fcr Luft- und Raumfahrt (DLR). Zuvor war sie ab 2017 Pr\u00e4sidentin der Technischen Universit\u00e4t Braunschweig.<\/li>\n\n\n\n<li><strong>Prof. Dr. Verena Lepper<\/strong> ist \u00c4gyptologin und Orientalistin. Vor ihrer T\u00e4tigkeit als Kuratorin am \u00c4gyptischen Museum und Papyrussammlung war sie unter anderem als Postdoctoral Fellow in Harvard t\u00e4tig. Seit 2011 lehrt sie an der Freien Universit\u00e4t Berlin \u00c4gyptologie, an der Humboldt-Universit\u00e4t zu Berlin hat sie seit 2013 eine Honorarprofessur inne. 2014 erhielt sie 1,5 Millionen Euro ERC Starting Grant f\u00fcr Forschung an der Papyrussammlung des \u00c4gyptischen Museums zur Nilinsel Elephantine.<\/li>\n\n\n\n<li><strong>Dr. Hagen Duenbostel<\/strong> ist Wirtschaftsmanager und seit 2025 Vorsitzender des Aufsichtsrats der KWS SE. Nach seinem Studium der Betriebswirtschaft in Regensburg und Passau erwarb er zwei MBA-Abschl\u00fcsse und promovierte anschlie\u00dfend an der Universit\u00e4t G\u00f6ttingen im Bereich Wirtschaftswissenschaften. Im Jahr 1998 begann er seine Karriere bei KWS. Bereits im Alter von nur 33 Jahren wurde er zum Finanzvorstand ernannt.<\/li>\n\n\n\n<li><strong>Prof. Dr. Andrea D. B\u00fchrmann<\/strong> ist seit 2011 Professorin an der Sozialwissenschaftlichen Fakult\u00e4t der Universit\u00e4t G\u00f6ttingen und seit 2013 gesch\u00e4ftsf\u00fchrende Direktorin des von ihr gegr\u00fcndeten Instituts f\u00fcr Diversit\u00e4tsforschung. Sie war von 2015 bis 2017 Vizepr\u00e4sidentin f\u00fcr Studium und Lehre der Universit\u00e4t G\u00f6ttingen und von 2017 bis 2019 Vizepr\u00e4sidentin f\u00fcr Studium, Lehre und Diversit\u00e4t. Seit Oktober 2024 ist sie Dekanin der Sozialwissenschaftlichen Fakult\u00e4t.<\/li>\n<\/ul>\n\n\n\n<p><strong>Funktion und Aufgaben des Stiftungsausschuss<\/strong><br>Der Stiftungsausschuss Universit\u00e4t ist das zentrale Aufsichts- und Beratungsgremium der Stiftungsuniversit\u00e4t. Er besteht aus sieben Mitgliedern, von denen f\u00fcnf externe Fachleute aus Wissenschaft, Wirtschaft oder Gesellschaft sind und vom MWK im Einvernehmen mit dem Senat bestellt werden. Die nun erfolgte Neubesetzung dieser Posten war n\u00f6tig geworden, nachdem die ehemaligen Mitglieder des Gremiums im Zuge der Abwahl des Pr\u00e4sidenten Prof. Dr. Metin Tolan zur\u00fcckgetreten waren.<\/p>\n\n\n\n<p>Zu den wichtigsten Aufgaben des Stiftungsausschusses z\u00e4hlen die Beratung der Universit\u00e4t in grundlegenden Fragen, die Kontrolle und \u00dcberwachung der Arbeit des Pr\u00e4sidiums, die Aus\u00fcbung der Rechtsaufsicht sowie die Genehmigung des Jahresabschlusses und die Best\u00e4tigung der Entlastung des Pr\u00e4sidiums. Damit stellt der Ausschuss ein unabh\u00e4ngiges Gremium dar, das ma\u00dfgeblich zur Qualit\u00e4tssicherung und Transparenz in der Universit\u00e4tsleitung beitr\u00e4gt.<\/p>\n\n\n\n<p class=\"has-text-align-right has-small-font-size\"><strong>Foto:<\/strong> \u00a9Radio Leinewelle (ue)<\/p>\n\n\n\n<p><\/p>\n","protected":false},"excerpt":{"rendered":"<p>Nach monatelangen Auseinandersetzungen in den F\u00fchrungsorganen der G\u00f6ttinger Universit\u00e4t und die Absetzung des Unipr\u00e4sidenten Metin Tolan hat sich der Senat auf neue Mitglieder im Stiftungsausschuss verst\u00e4ndigt. Ein Blick zeigt, hier ist ein gro\u00dfer Wurf gelungen. .Das Gremium besteht k\u00fcnftig aus Stephan Weil, Prof. Dr. Patrick Cramer, Prof. Dr. Anke Kaysser-Pyzalla, Prof. Dr. Verena Lepper und [&hellip;]<\/p>\n","protected":false},"author":1,"featured_media":28269,"comment_status":"open","ping_status":"open","sticky":false,"template":"","format":"standard","meta":{"saved_in_kubio":false,"footnotes":""},"categories":[35],"tags":[4307,601],"class_list":["post-28840","post","type-post","status-publish","format-standard","has-post-thumbnail","hentry","category-universitaet","tag-stefan-weil","tag-stiftungsausschuss-universitaet"],"yoast_head":"<!-- This site is optimized with the Yoast SEO plugin v27.5 - https:\/\/yoast.com\/product\/yoast-seo-wordpress\/ -->\n<title>Stefan Weil neuer Vorsitzender des Stiftungsausschuss der Uni G\u00f6ttingen - Radio Leinewelle<\/title>\n<meta name=\"robots\" content=\"index, follow, max-snippet:-1, max-image-preview:large, max-video-preview:-1\" \/>\n<link rel=\"canonical\" href=\"https:\/\/radioleinewelle.de\/index.php\/2025\/08\/14\/stefan-weil-neuer-vorsitzender-des-stiftungsausschusses-der-uni-goettingen\/\" \/>\n<meta property=\"og:locale\" content=\"de_DE\" \/>\n<meta property=\"og:type\" content=\"article\" \/>\n<meta property=\"og:title\" content=\"Stefan Weil neuer Vorsitzender des Stiftungsausschuss der Uni G\u00f6ttingen - Radio Leinewelle\" \/>\n<meta property=\"og:description\" content=\"Nach monatelangen Auseinandersetzungen in den F\u00fchrungsorganen der G\u00f6ttinger Universit\u00e4t und die Absetzung des Unipr\u00e4sidenten Metin Tolan hat sich der Senat auf neue Mitglieder im Stiftungsausschuss verst\u00e4ndigt. Ein Blick zeigt, hier ist ein gro\u00dfer Wurf gelungen. .Das Gremium besteht k\u00fcnftig aus Stephan Weil, Prof. Dr. Patrick Cramer, Prof. Dr. Anke Kaysser-Pyzalla, Prof. Dr. Verena Lepper und [&hellip;]\" \/>\n<meta property=\"og:url\" content=\"https:\/\/radioleinewelle.de\/index.php\/2025\/08\/14\/stefan-weil-neuer-vorsitzender-des-stiftungsausschusses-der-uni-goettingen\/\" \/>\n<meta property=\"og:site_name\" content=\"Radio Leinewelle\" \/>\n<meta property=\"article:publisher\" content=\"https:\/\/www.facebook.com\/radioleinewelle\" \/>\n<meta property=\"article:author\" content=\"https:\/\/www.facebook.com\/radioleinewelle\" \/>\n<meta property=\"article:published_time\" content=\"2025-08-14T07:07:12+00:00\" \/>\n<meta property=\"article:modified_time\" content=\"2025-08-14T12:07:18+00:00\" \/>\n<meta property=\"og:image\" content=\"https:\/\/radioleinewelle.de\/wp-content\/uploads\/2025\/05\/Uni-Wilhelmsplatz.jpg\" \/>\n\t<meta property=\"og:image:width\" content=\"2016\" \/>\n\t<meta property=\"og:image:height\" content=\"1512\" \/>\n\t<meta property=\"og:image:type\" content=\"image\/jpeg\" \/>\n<meta name=\"author\" content=\"Leinewelle\" \/>\n<meta name=\"twitter:card\" content=\"summary_large_image\" \/>\n<meta name=\"twitter:creator\" content=\"@https:\/\/twitter.com\/RLeinewelle?ref_src=twsrcgoogletwcampserptwgrauthor\" \/>\n<meta name=\"twitter:site\" content=\"@RLeinewelle\" \/>\n<meta name=\"twitter:label1\" content=\"Verfasst von\" \/>\n\t<meta name=\"twitter:data1\" content=\"Leinewelle\" \/>\n\t<meta name=\"twitter:label2\" content=\"Gesch\u00e4tzte Lesezeit\" \/>\n\t<meta name=\"twitter:data2\" content=\"5\u00a0Minuten\" \/>\n<script type=\"application\/ld+json\" class=\"yoast-schema-graph\">{\"@context\":\"https:\\\/\\\/schema.org\",\"@graph\":[{\"@type\":\"Article\",\"@id\":\"https:\\\/\\\/radioleinewelle.de\\\/index.php\\\/2025\\\/08\\\/14\\\/stefan-weil-neuer-vorsitzender-des-stiftungsausschusses-der-uni-goettingen\\\/#article\",\"isPartOf\":{\"@id\":\"https:\\\/\\\/radioleinewelle.de\\\/index.php\\\/2025\\\/08\\\/14\\\/stefan-weil-neuer-vorsitzender-des-stiftungsausschusses-der-uni-goettingen\\\/\"},\"author\":{\"name\":\"Leinewelle\",\"@id\":\"https:\\\/\\\/radioleinewelle.de\\\/#\\\/schema\\\/person\\\/45606f348637df637192dc1b68399a63\"},\"headline\":\"Stefan Weil neuer Vorsitzender des Stiftungsausschuss der Uni G\u00f6ttingen\",\"datePublished\":\"2025-08-14T07:07:12+00:00\",\"dateModified\":\"2025-08-14T12:07:18+00:00\",\"mainEntityOfPage\":{\"@id\":\"https:\\\/\\\/radioleinewelle.de\\\/index.php\\\/2025\\\/08\\\/14\\\/stefan-weil-neuer-vorsitzender-des-stiftungsausschusses-der-uni-goettingen\\\/\"},\"wordCount\":802,\"commentCount\":0,\"publisher\":{\"@id\":\"https:\\\/\\\/radioleinewelle.de\\\/#organization\"},\"image\":{\"@id\":\"https:\\\/\\\/radioleinewelle.de\\\/index.php\\\/2025\\\/08\\\/14\\\/stefan-weil-neuer-vorsitzender-des-stiftungsausschusses-der-uni-goettingen\\\/#primaryimage\"},\"thumbnailUrl\":\"https:\\\/\\\/radioleinewelle.de\\\/wp-content\\\/uploads\\\/2025\\\/05\\\/Uni-Wilhelmsplatz.jpg\",\"keywords\":[\"Stefan Weil\",\"Stiftungsausschuss Universit\u00e4t\"],\"articleSection\":[\"Universit\u00e4t\"],\"inLanguage\":\"de\",\"potentialAction\":[{\"@type\":\"CommentAction\",\"name\":\"Comment\",\"target\":[\"https:\\\/\\\/radioleinewelle.de\\\/index.php\\\/2025\\\/08\\\/14\\\/stefan-weil-neuer-vorsitzender-des-stiftungsausschusses-der-uni-goettingen\\\/#respond\"]}]},{\"@type\":\"WebPage\",\"@id\":\"https:\\\/\\\/radioleinewelle.de\\\/index.php\\\/2025\\\/08\\\/14\\\/stefan-weil-neuer-vorsitzender-des-stiftungsausschusses-der-uni-goettingen\\\/\",\"url\":\"https:\\\/\\\/radioleinewelle.de\\\/index.php\\\/2025\\\/08\\\/14\\\/stefan-weil-neuer-vorsitzender-des-stiftungsausschusses-der-uni-goettingen\\\/\",\"name\":\"Stefan Weil neuer Vorsitzender des Stiftungsausschuss der Uni G\u00f6ttingen - Radio Leinewelle\",\"isPartOf\":{\"@id\":\"https:\\\/\\\/radioleinewelle.de\\\/#website\"},\"primaryImageOfPage\":{\"@id\":\"https:\\\/\\\/radioleinewelle.de\\\/index.php\\\/2025\\\/08\\\/14\\\/stefan-weil-neuer-vorsitzender-des-stiftungsausschusses-der-uni-goettingen\\\/#primaryimage\"},\"image\":{\"@id\":\"https:\\\/\\\/radioleinewelle.de\\\/index.php\\\/2025\\\/08\\\/14\\\/stefan-weil-neuer-vorsitzender-des-stiftungsausschusses-der-uni-goettingen\\\/#primaryimage\"},\"thumbnailUrl\":\"https:\\\/\\\/radioleinewelle.de\\\/wp-content\\\/uploads\\\/2025\\\/05\\\/Uni-Wilhelmsplatz.jpg\",\"datePublished\":\"2025-08-14T07:07:12+00:00\",\"dateModified\":\"2025-08-14T12:07:18+00:00\",\"breadcrumb\":{\"@id\":\"https:\\\/\\\/radioleinewelle.de\\\/index.php\\\/2025\\\/08\\\/14\\\/stefan-weil-neuer-vorsitzender-des-stiftungsausschusses-der-uni-goettingen\\\/#breadcrumb\"},\"inLanguage\":\"de\",\"potentialAction\":[{\"@type\":\"ReadAction\",\"target\":[\"https:\\\/\\\/radioleinewelle.de\\\/index.php\\\/2025\\\/08\\\/14\\\/stefan-weil-neuer-vorsitzender-des-stiftungsausschusses-der-uni-goettingen\\\/\"]}]},{\"@type\":\"ImageObject\",\"inLanguage\":\"de\",\"@id\":\"https:\\\/\\\/radioleinewelle.de\\\/index.php\\\/2025\\\/08\\\/14\\\/stefan-weil-neuer-vorsitzender-des-stiftungsausschusses-der-uni-goettingen\\\/#primaryimage\",\"url\":\"https:\\\/\\\/radioleinewelle.de\\\/wp-content\\\/uploads\\\/2025\\\/05\\\/Uni-Wilhelmsplatz.jpg\",\"contentUrl\":\"https:\\\/\\\/radioleinewelle.de\\\/wp-content\\\/uploads\\\/2025\\\/05\\\/Uni-Wilhelmsplatz.jpg\",\"width\":2016,\"height\":1512},{\"@type\":\"BreadcrumbList\",\"@id\":\"https:\\\/\\\/radioleinewelle.de\\\/index.php\\\/2025\\\/08\\\/14\\\/stefan-weil-neuer-vorsitzender-des-stiftungsausschusses-der-uni-goettingen\\\/#breadcrumb\",\"itemListElement\":[{\"@type\":\"ListItem\",\"position\":1,\"name\":\"Startseite\",\"item\":\"https:\\\/\\\/radioleinewelle.de\\\/\"},{\"@type\":\"ListItem\",\"position\":2,\"name\":\"Stefan Weil neuer Vorsitzender des Stiftungsausschuss der Uni G\u00f6ttingen\"}]},{\"@type\":\"WebSite\",\"@id\":\"https:\\\/\\\/radioleinewelle.de\\\/#website\",\"url\":\"https:\\\/\\\/radioleinewelle.de\\\/\",\"name\":\"Radio Leinewelle\",\"description\":\"\",\"publisher\":{\"@id\":\"https:\\\/\\\/radioleinewelle.de\\\/#organization\"},\"potentialAction\":[{\"@type\":\"SearchAction\",\"target\":{\"@type\":\"EntryPoint\",\"urlTemplate\":\"https:\\\/\\\/radioleinewelle.de\\\/?s={search_term_string}\"},\"query-input\":{\"@type\":\"PropertyValueSpecification\",\"valueRequired\":true,\"valueName\":\"search_term_string\"}}],\"inLanguage\":\"de\"},{\"@type\":\"Organization\",\"@id\":\"https:\\\/\\\/radioleinewelle.de\\\/#organization\",\"name\":\"Radio Leinewelle\",\"alternateName\":\"Mein Radio f\u00fcr S\u00fcdniedersachsen\",\"url\":\"https:\\\/\\\/radioleinewelle.de\\\/\",\"logo\":{\"@type\":\"ImageObject\",\"inLanguage\":\"de\",\"@id\":\"https:\\\/\\\/radioleinewelle.de\\\/#\\\/schema\\\/logo\\\/image\\\/\",\"url\":\"https:\\\/\\\/radioleinewelle.de\\\/wp-content\\\/uploads\\\/2023\\\/11\\\/cropped-Leinewelle_Logo_weiss.png\",\"contentUrl\":\"https:\\\/\\\/radioleinewelle.de\\\/wp-content\\\/uploads\\\/2023\\\/11\\\/cropped-Leinewelle_Logo_weiss.png\",\"width\":854,\"height\":260,\"caption\":\"Radio Leinewelle\"},\"image\":{\"@id\":\"https:\\\/\\\/radioleinewelle.de\\\/#\\\/schema\\\/logo\\\/image\\\/\"},\"sameAs\":[\"https:\\\/\\\/www.facebook.com\\\/radioleinewelle\",\"https:\\\/\\\/x.com\\\/RLeinewelle\",\"https:\\\/\\\/www.instagram.com\\\/radioleinewelle\\\/?hl=de\"]},{\"@type\":\"Person\",\"@id\":\"https:\\\/\\\/radioleinewelle.de\\\/#\\\/schema\\\/person\\\/45606f348637df637192dc1b68399a63\",\"name\":\"Leinewelle\",\"image\":{\"@type\":\"ImageObject\",\"inLanguage\":\"de\",\"@id\":\"https:\\\/\\\/secure.gravatar.com\\\/avatar\\\/05c9a17bc973052ee5d91549bd32fb4dd0dc85b7b85ae94b2e2b4943476bbea5?s=96&d=blank&r=g\",\"url\":\"https:\\\/\\\/secure.gravatar.com\\\/avatar\\\/05c9a17bc973052ee5d91549bd32fb4dd0dc85b7b85ae94b2e2b4943476bbea5?s=96&d=blank&r=g\",\"contentUrl\":\"https:\\\/\\\/secure.gravatar.com\\\/avatar\\\/05c9a17bc973052ee5d91549bd32fb4dd0dc85b7b85ae94b2e2b4943476bbea5?s=96&d=blank&r=g\",\"caption\":\"Leinewelle\"},\"sameAs\":[\"http:\\\/\\\/localhost\\\/radio%20leinewelle\\\/wordpress\",\"https:\\\/\\\/www.facebook.com\\\/radioleinewelle\",\"https:\\\/\\\/www.instagram.com\\\/radioleinewelle\",\"https:\\\/\\\/x.com\\\/https:\\\/\\\/twitter.com\\\/RLeinewelle?ref_src=twsrcgoogletwcampserptwgrauthor\",\"https:\\\/\\\/soundcloud.com\\\/foerderverein-lokalradio?utm_source=clipboard&utm_medium=text&utm_campaign=social_sharing\"],\"url\":\"https:\\\/\\\/radioleinewelle.de\\\/index.php\\\/author\\\/leinewelle\\\/\"}]}<\/script>\n<!-- \/ Yoast SEO plugin. -->","yoast_head_json":{"title":"Stefan Weil neuer Vorsitzender des Stiftungsausschuss der Uni G\u00f6ttingen - Radio Leinewelle","robots":{"index":"index","follow":"follow","max-snippet":"max-snippet:-1","max-image-preview":"max-image-preview:large","max-video-preview":"max-video-preview:-1"},"canonical":"https:\/\/radioleinewelle.de\/index.php\/2025\/08\/14\/stefan-weil-neuer-vorsitzender-des-stiftungsausschusses-der-uni-goettingen\/","og_locale":"de_DE","og_type":"article","og_title":"Stefan Weil neuer Vorsitzender des Stiftungsausschuss der Uni G\u00f6ttingen - Radio Leinewelle","og_description":"Nach monatelangen Auseinandersetzungen in den F\u00fchrungsorganen der G\u00f6ttinger Universit\u00e4t und die Absetzung des Unipr\u00e4sidenten Metin Tolan hat sich der Senat auf neue Mitglieder im Stiftungsausschuss verst\u00e4ndigt. Ein Blick zeigt, hier ist ein gro\u00dfer Wurf gelungen. .Das Gremium besteht k\u00fcnftig aus Stephan Weil, Prof. Dr. Patrick Cramer, Prof. Dr. Anke Kaysser-Pyzalla, Prof. Dr. Verena Lepper und [&hellip;]","og_url":"https:\/\/radioleinewelle.de\/index.php\/2025\/08\/14\/stefan-weil-neuer-vorsitzender-des-stiftungsausschusses-der-uni-goettingen\/","og_site_name":"Radio Leinewelle","article_publisher":"https:\/\/www.facebook.com\/radioleinewelle","article_author":"https:\/\/www.facebook.com\/radioleinewelle","article_published_time":"2025-08-14T07:07:12+00:00","article_modified_time":"2025-08-14T12:07:18+00:00","og_image":[{"width":2016,"height":1512,"url":"https:\/\/radioleinewelle.de\/wp-content\/uploads\/2025\/05\/Uni-Wilhelmsplatz.jpg","type":"image\/jpeg"}],"author":"Leinewelle","twitter_card":"summary_large_image","twitter_creator":"@https:\/\/twitter.com\/RLeinewelle?ref_src=twsrcgoogletwcampserptwgrauthor","twitter_site":"@RLeinewelle","twitter_misc":{"Verfasst von":"Leinewelle","Gesch\u00e4tzte Lesezeit":"5\u00a0Minuten"},"schema":{"@context":"https:\/\/schema.org","@graph":[{"@type":"Article","@id":"https:\/\/radioleinewelle.de\/index.php\/2025\/08\/14\/stefan-weil-neuer-vorsitzender-des-stiftungsausschusses-der-uni-goettingen\/#article","isPartOf":{"@id":"https:\/\/radioleinewelle.de\/index.php\/2025\/08\/14\/stefan-weil-neuer-vorsitzender-des-stiftungsausschusses-der-uni-goettingen\/"},"author":{"name":"Leinewelle","@id":"https:\/\/radioleinewelle.de\/#\/schema\/person\/45606f348637df637192dc1b68399a63"},"headline":"Stefan Weil neuer Vorsitzender des Stiftungsausschuss der Uni G\u00f6ttingen","datePublished":"2025-08-14T07:07:12+00:00","dateModified":"2025-08-14T12:07:18+00:00","mainEntityOfPage":{"@id":"https:\/\/radioleinewelle.de\/index.php\/2025\/08\/14\/stefan-weil-neuer-vorsitzender-des-stiftungsausschusses-der-uni-goettingen\/"},"wordCount":802,"commentCount":0,"publisher":{"@id":"https:\/\/radioleinewelle.de\/#organization"},"image":{"@id":"https:\/\/radioleinewelle.de\/index.php\/2025\/08\/14\/stefan-weil-neuer-vorsitzender-des-stiftungsausschusses-der-uni-goettingen\/#primaryimage"},"thumbnailUrl":"https:\/\/radioleinewelle.de\/wp-content\/uploads\/2025\/05\/Uni-Wilhelmsplatz.jpg","keywords":["Stefan Weil","Stiftungsausschuss Universit\u00e4t"],"articleSection":["Universit\u00e4t"],"inLanguage":"de","potentialAction":[{"@type":"CommentAction","name":"Comment","target":["https:\/\/radioleinewelle.de\/index.php\/2025\/08\/14\/stefan-weil-neuer-vorsitzender-des-stiftungsausschusses-der-uni-goettingen\/#respond"]}]},{"@type":"WebPage","@id":"https:\/\/radioleinewelle.de\/index.php\/2025\/08\/14\/stefan-weil-neuer-vorsitzender-des-stiftungsausschusses-der-uni-goettingen\/","url":"https:\/\/radioleinewelle.de\/index.php\/2025\/08\/14\/stefan-weil-neuer-vorsitzender-des-stiftungsausschusses-der-uni-goettingen\/","name":"Stefan Weil neuer Vorsitzender des Stiftungsausschuss der Uni G\u00f6ttingen - Radio Leinewelle","isPartOf":{"@id":"https:\/\/radioleinewelle.de\/#website"},"primaryImageOfPage":{"@id":"https:\/\/radioleinewelle.de\/index.php\/2025\/08\/14\/stefan-weil-neuer-vorsitzender-des-stiftungsausschusses-der-uni-goettingen\/#primaryimage"},"image":{"@id":"https:\/\/radioleinewelle.de\/index.php\/2025\/08\/14\/stefan-weil-neuer-vorsitzender-des-stiftungsausschusses-der-uni-goettingen\/#primaryimage"},"thumbnailUrl":"https:\/\/radioleinewelle.de\/wp-content\/uploads\/2025\/05\/Uni-Wilhelmsplatz.jpg","datePublished":"2025-08-14T07:07:12+00:00","dateModified":"2025-08-14T12:07:18+00:00","breadcrumb":{"@id":"https:\/\/radioleinewelle.de\/index.php\/2025\/08\/14\/stefan-weil-neuer-vorsitzender-des-stiftungsausschusses-der-uni-goettingen\/#breadcrumb"},"inLanguage":"de","potentialAction":[{"@type":"ReadAction","target":["https:\/\/radioleinewelle.de\/index.php\/2025\/08\/14\/stefan-weil-neuer-vorsitzender-des-stiftungsausschusses-der-uni-goettingen\/"]}]},{"@type":"ImageObject","inLanguage":"de","@id":"https:\/\/radioleinewelle.de\/index.php\/2025\/08\/14\/stefan-weil-neuer-vorsitzender-des-stiftungsausschusses-der-uni-goettingen\/#primaryimage","url":"https:\/\/radioleinewelle.de\/wp-content\/uploads\/2025\/05\/Uni-Wilhelmsplatz.jpg","contentUrl":"https:\/\/radioleinewelle.de\/wp-content\/uploads\/2025\/05\/Uni-Wilhelmsplatz.jpg","width":2016,"height":1512},{"@type":"BreadcrumbList","@id":"https:\/\/radioleinewelle.de\/index.php\/2025\/08\/14\/stefan-weil-neuer-vorsitzender-des-stiftungsausschusses-der-uni-goettingen\/#breadcrumb","itemListElement":[{"@type":"ListItem","position":1,"name":"Startseite","item":"https:\/\/radioleinewelle.de\/"},{"@type":"ListItem","position":2,"name":"Stefan Weil neuer Vorsitzender des Stiftungsausschuss der Uni G\u00f6ttingen"}]},{"@type":"WebSite","@id":"https:\/\/radioleinewelle.de\/#website","url":"https:\/\/radioleinewelle.de\/","name":"Radio Leinewelle","description":"","publisher":{"@id":"https:\/\/radioleinewelle.de\/#organization"},"potentialAction":[{"@type":"SearchAction","target":{"@type":"EntryPoint","urlTemplate":"https:\/\/radioleinewelle.de\/?s={search_term_string}"},"query-input":{"@type":"PropertyValueSpecification","valueRequired":true,"valueName":"search_term_string"}}],"inLanguage":"de"},{"@type":"Organization","@id":"https:\/\/radioleinewelle.de\/#organization","name":"Radio Leinewelle","alternateName":"Mein Radio f\u00fcr S\u00fcdniedersachsen","url":"https:\/\/radioleinewelle.de\/","logo":{"@type":"ImageObject","inLanguage":"de","@id":"https:\/\/radioleinewelle.de\/#\/schema\/logo\/image\/","url":"https:\/\/radioleinewelle.de\/wp-content\/uploads\/2023\/11\/cropped-Leinewelle_Logo_weiss.png","contentUrl":"https:\/\/radioleinewelle.de\/wp-content\/uploads\/2023\/11\/cropped-Leinewelle_Logo_weiss.png","width":854,"height":260,"caption":"Radio Leinewelle"},"image":{"@id":"https:\/\/radioleinewelle.de\/#\/schema\/logo\/image\/"},"sameAs":["https:\/\/www.facebook.com\/radioleinewelle","https:\/\/x.com\/RLeinewelle","https:\/\/www.instagram.com\/radioleinewelle\/?hl=de"]},{"@type":"Person","@id":"https:\/\/radioleinewelle.de\/#\/schema\/person\/45606f348637df637192dc1b68399a63","name":"Leinewelle","image":{"@type":"ImageObject","inLanguage":"de","@id":"https:\/\/secure.gravatar.com\/avatar\/05c9a17bc973052ee5d91549bd32fb4dd0dc85b7b85ae94b2e2b4943476bbea5?s=96&d=blank&r=g","url":"https:\/\/secure.gravatar.com\/avatar\/05c9a17bc973052ee5d91549bd32fb4dd0dc85b7b85ae94b2e2b4943476bbea5?s=96&d=blank&r=g","contentUrl":"https:\/\/secure.gravatar.com\/avatar\/05c9a17bc973052ee5d91549bd32fb4dd0dc85b7b85ae94b2e2b4943476bbea5?s=96&d=blank&r=g","caption":"Leinewelle"},"sameAs":["http:\/\/localhost\/radio%20leinewelle\/wordpress","https:\/\/www.facebook.com\/radioleinewelle","https:\/\/www.instagram.com\/radioleinewelle","https:\/\/x.com\/https:\/\/twitter.com\/RLeinewelle?ref_src=twsrcgoogletwcampserptwgrauthor","https:\/\/soundcloud.com\/foerderverein-lokalradio?utm_source=clipboard&utm_medium=text&utm_campaign=social_sharing"],"url":"https:\/\/radioleinewelle.de\/index.php\/author\/leinewelle\/"}]}},"_links":{"self":[{"href":"https:\/\/radioleinewelle.de\/index.php\/wp-json\/wp\/v2\/posts\/28840","targetHints":{"allow":["GET"]}}],"collection":[{"href":"https:\/\/radioleinewelle.de\/index.php\/wp-json\/wp\/v2\/posts"}],"about":[{"href":"https:\/\/radioleinewelle.de\/index.php\/wp-json\/wp\/v2\/types\/post"}],"author":[{"embeddable":true,"href":"https:\/\/radioleinewelle.de\/index.php\/wp-json\/wp\/v2\/users\/1"}],"replies":[{"embeddable":true,"href":"https:\/\/radioleinewelle.de\/index.php\/wp-json\/wp\/v2\/comments?post=28840"}],"version-history":[{"count":3,"href":"https:\/\/radioleinewelle.de\/index.php\/wp-json\/wp\/v2\/posts\/28840\/revisions"}],"predecessor-version":[{"id":28843,"href":"https:\/\/radioleinewelle.de\/index.php\/wp-json\/wp\/v2\/posts\/28840\/revisions\/28843"}],"wp:featuredmedia":[{"embeddable":true,"href":"https:\/\/radioleinewelle.de\/index.php\/wp-json\/wp\/v2\/media\/28269"}],"wp:attachment":[{"href":"https:\/\/radioleinewelle.de\/index.php\/wp-json\/wp\/v2\/media?parent=28840"}],"wp:term":[{"taxonomy":"category","embeddable":true,"href":"https:\/\/radioleinewelle.de\/index.php\/wp-json\/wp\/v2\/categories?post=28840"},{"taxonomy":"post_tag","embeddable":true,"href":"https:\/\/radioleinewelle.de\/index.php\/wp-json\/wp\/v2\/tags?post=28840"}],"curies":[{"name":"wp","href":"https:\/\/api.w.org\/{rel}","templated":true}]}}