{"id":28844,"date":"2025-08-15T08:55:38","date_gmt":"2025-08-15T06:55:38","guid":{"rendered":"https:\/\/radioleinewelle.de\/?p=28844"},"modified":"2025-08-15T08:55:40","modified_gmt":"2025-08-15T06:55:40","slug":"unbekannter-radfahrer-attackiert-mehrfach-personen-in-goettingen","status":"publish","type":"post","link":"https:\/\/radioleinewelle.de\/index.php\/2025\/08\/15\/unbekannter-radfahrer-attackiert-mehrfach-personen-in-goettingen\/","title":{"rendered":"Unbekannter Radfahrer attackiert mehrfach Personen in G\u00f6ttingen"},"content":{"rendered":"\n<p>Der Zentrale Kriminaldienst der Polizeiinspektion G\u00f6ttingen ermittelt wegen zweier mutma\u00dflich zusammenh\u00e4ngender Vorf\u00e4lle, bei denen ein bislang unbekannter Radfahrer am Freitag vergangener Woche (08.08.2025) offenbar gezielt Passanten attackiert hat. Die Taten ereigneten sich zu unterschiedlichen Tageszeiten im Stadtgebiet, weisen jedoch sowohl im Tatablauf als auch in der Beschreibung des T\u00e4ters deutliche \u00dcbereinstimmungen auf.<\/p>\n\n\n\n<p>Gegen 13:30 Uhr hielten sich mehrere Personen im Bereich der Platzanlage vor der Nieders\u00e4chsischen Staats- und Universit\u00e4tsbibliothek (SUB) auf, als der Mann auf einem schwarzen Fahrrad aus Richtung Zentralgeb\u00e4ude (ZHG) vorbeifuhr. Nach Zeugenaussagen beleidigte er dabei scheinbar wahllos vorbeigehende Personen und zeigte ihnen den Mittelfinger. Kurz darauf soll er gezielt auf eine Frau zugefahren sein, die durch den Zusammensto\u00df zu Boden st\u00fcrzte. Die Frau blieb unverletzt, wurde jedoch auf ihr Gep\u00e4ck gedr\u00fcckt. Ohne sich um das Geschehen zu k\u00fcmmern, setzte der Radfahrer seine Fahrt fort. Mehrere Zeuginnen gaben an, der Mann habe sich noch umgedreht und in die Richtung des Opfers gerufen.<\/p>\n\n\n\n<p>Etwa f\u00fcnf Stunden sp\u00e4ter, gegen 18:15 Uhr, stieg eine Frau an der Bushaltestelle &#8222;Deutsches Theater&#8220; aus einem Linienbus, als sich in diesem Moment ein Radfahrer aus Richtung Nikolausberger Weg n\u00e4herte. Nach Angaben der Frau machte der Mann unmittelbar vor ihr einen Schlenker auf den Gehweg, streckte den beschuhten linken Fu\u00df aus und traf sie mit einem kr\u00e4ftigen Tritt vor den Brustkorb. Die Frau sackte vor Schmerzen zusammen. Der Radfahrer drehte sich beim Weiterfahren noch um, grinste und setzte seine Fahrt in Richtung Innenstadt fort. Die Frau musste vor Ort von der Besatzung eines hinzugerufenen Rettungswagens versorgt werden. Sie wurde bei dem Angriff leicht verletzt.<\/p>\n\n\n\n<p><strong>\u00dcbereinstimmende T\u00e4terbeschreibung<\/strong><br>Aufgrund der sehr \u00e4hnlichen Vorgehensweise und der nahezu identischen Personenbeschreibung gehen die Ermittler derzeit davon aus, dass es sich in beiden F\u00e4llen um denselben T\u00e4ter handelt.<\/p>\n\n\n\n\n\n<p><mark style=\"background-color:rgba(0, 0, 0, 0)\" class=\"has-inline-color has-kubio-color-2-color\"><strong>Der Mann wird wie folgt beschrieben: <\/strong><br>&#8211; m\u00e4nnlich, etwa 40 Jahre alt, &#8211; schlanke Statur, normale\u00a0 K\u00f6rpergr\u00f6\u00dfe, <br>&#8211; dunkle bis braune Hautfarbe, &#8211; dunkle, kurze Haare mit hoher Stirn \/ Geheimratsecken, <\/mark><br><mark style=\"background-color:rgba(0, 0, 0, 0)\" class=\"has-inline-color has-kubio-color-2-color\">&#8211; m\u00f6glicherweise 3-Tage-Bart, <br>&#8211;\u00a0 auff\u00e4llige Zahnl\u00fccke zwischen den oberen Schneidez\u00e4hnen, <br>&#8211; bei den\u00a0Taten mit heller Oberbekleidung bzw. hellem T-Shirt (ggf. mit Jacke)\u00a0 gesehen, <br>&#8211; fuhr ein schwarzes, eher d\u00fcnnes Fahrrad.<\/mark><\/p>\n\n\n\n\n\n<p>Die Ermittler bitten um Hinweise zu dem Mann oder dessen Aufenthaltsort. Wer den beschriebenen Radfahrer am Tattag oder in den Tagen davor oder danach gesehen hat &#8211; insbesondere im Bereich Innenstadt, Nikolausberger Weg oder Universit\u00e4tsgel\u00e4nde &#8211; oder weitere Angaben zu seiner Identit\u00e4t machen kann, wird gebeten, sich unter Telefon 0551\/491-2215 bei der Polizei G\u00f6ttingen zu melden.<\/p>\n\n\n\n<p class=\"has-text-align-right\">Symbolbild: Pixabay<br><\/p>\n","protected":false},"excerpt":{"rendered":"<p>Der Zentrale Kriminaldienst der Polizeiinspektion G\u00f6ttingen ermittelt wegen zweier mutma\u00dflich zusammenh\u00e4ngender Vorf\u00e4lle, bei denen ein bislang unbekannter Radfahrer am Freitag vergangener Woche (08.08.2025) offenbar gezielt Passanten attackiert hat. Die Taten ereigneten sich zu unterschiedlichen Tageszeiten im Stadtgebiet, weisen jedoch sowohl im Tatablauf als auch in der Beschreibung des T\u00e4ters deutliche \u00dcbereinstimmungen auf. Gegen 13:30 Uhr [&hellip;]<\/p>\n","protected":false},"author":1,"featured_media":24537,"comment_status":"open","ping_status":"open","sticky":false,"template":"","format":"standard","meta":{"saved_in_kubio":false,"footnotes":""},"categories":[24],"tags":[349],"class_list":["post-28844","post","type-post","status-publish","format-standard","has-post-thumbnail","hentry","category-news","tag-polizeiinspektion-goettingen"],"yoast_head":"<!-- This site is optimized with the Yoast SEO plugin v27.5 - https:\/\/yoast.com\/product\/yoast-seo-wordpress\/ -->\n<title>Unbekannter Radfahrer attackiert mehrfach Personen in G\u00f6ttingen - Radio Leinewelle<\/title>\n<meta name=\"robots\" content=\"index, follow, max-snippet:-1, max-image-preview:large, max-video-preview:-1\" \/>\n<link rel=\"canonical\" href=\"https:\/\/radioleinewelle.de\/index.php\/2025\/08\/15\/unbekannter-radfahrer-attackiert-mehrfach-personen-in-goettingen\/\" \/>\n<meta property=\"og:locale\" content=\"de_DE\" \/>\n<meta property=\"og:type\" content=\"article\" \/>\n<meta property=\"og:title\" content=\"Unbekannter Radfahrer attackiert mehrfach Personen in G\u00f6ttingen - Radio Leinewelle\" \/>\n<meta property=\"og:description\" content=\"Der Zentrale Kriminaldienst der Polizeiinspektion G\u00f6ttingen ermittelt wegen zweier mutma\u00dflich zusammenh\u00e4ngender Vorf\u00e4lle, bei denen ein bislang unbekannter Radfahrer am Freitag vergangener Woche (08.08.2025) offenbar gezielt Passanten attackiert hat. Die Taten ereigneten sich zu unterschiedlichen Tageszeiten im Stadtgebiet, weisen jedoch sowohl im Tatablauf als auch in der Beschreibung des T\u00e4ters deutliche \u00dcbereinstimmungen auf. Gegen 13:30 Uhr [&hellip;]\" \/>\n<meta property=\"og:url\" content=\"https:\/\/radioleinewelle.de\/index.php\/2025\/08\/15\/unbekannter-radfahrer-attackiert-mehrfach-personen-in-goettingen\/\" \/>\n<meta property=\"og:site_name\" content=\"Radio Leinewelle\" \/>\n<meta property=\"article:publisher\" content=\"https:\/\/www.facebook.com\/radioleinewelle\" \/>\n<meta property=\"article:author\" content=\"https:\/\/www.facebook.com\/radioleinewelle\" \/>\n<meta property=\"article:published_time\" content=\"2025-08-15T06:55:38+00:00\" \/>\n<meta property=\"article:modified_time\" content=\"2025-08-15T06:55:40+00:00\" \/>\n<meta property=\"og:image\" content=\"https:\/\/radioleinewelle.de\/wp-content\/uploads\/2023\/11\/police-1530531_1280.jpg\" \/>\n\t<meta property=\"og:image:width\" content=\"1280\" \/>\n\t<meta property=\"og:image:height\" content=\"766\" \/>\n\t<meta property=\"og:image:type\" content=\"image\/jpeg\" \/>\n<meta name=\"author\" content=\"Leinewelle\" \/>\n<meta name=\"twitter:card\" content=\"summary_large_image\" \/>\n<meta name=\"twitter:creator\" content=\"@https:\/\/twitter.com\/RLeinewelle?ref_src=twsrcgoogletwcampserptwgrauthor\" \/>\n<meta name=\"twitter:site\" content=\"@RLeinewelle\" \/>\n<meta name=\"twitter:label1\" content=\"Verfasst von\" \/>\n\t<meta name=\"twitter:data1\" content=\"Leinewelle\" \/>\n\t<meta name=\"twitter:label2\" content=\"Gesch\u00e4tzte Lesezeit\" \/>\n\t<meta name=\"twitter:data2\" content=\"3\u00a0Minuten\" \/>\n<script type=\"application\/ld+json\" class=\"yoast-schema-graph\">{\"@context\":\"https:\\\/\\\/schema.org\",\"@graph\":[{\"@type\":\"Article\",\"@id\":\"https:\\\/\\\/radioleinewelle.de\\\/index.php\\\/2025\\\/08\\\/15\\\/unbekannter-radfahrer-attackiert-mehrfach-personen-in-goettingen\\\/#article\",\"isPartOf\":{\"@id\":\"https:\\\/\\\/radioleinewelle.de\\\/index.php\\\/2025\\\/08\\\/15\\\/unbekannter-radfahrer-attackiert-mehrfach-personen-in-goettingen\\\/\"},\"author\":{\"name\":\"Leinewelle\",\"@id\":\"https:\\\/\\\/radioleinewelle.de\\\/#\\\/schema\\\/person\\\/45606f348637df637192dc1b68399a63\"},\"headline\":\"Unbekannter Radfahrer attackiert mehrfach Personen in G\u00f6ttingen\",\"datePublished\":\"2025-08-15T06:55:38+00:00\",\"dateModified\":\"2025-08-15T06:55:40+00:00\",\"mainEntityOfPage\":{\"@id\":\"https:\\\/\\\/radioleinewelle.de\\\/index.php\\\/2025\\\/08\\\/15\\\/unbekannter-radfahrer-attackiert-mehrfach-personen-in-goettingen\\\/\"},\"wordCount\":440,\"commentCount\":0,\"publisher\":{\"@id\":\"https:\\\/\\\/radioleinewelle.de\\\/#organization\"},\"image\":{\"@id\":\"https:\\\/\\\/radioleinewelle.de\\\/index.php\\\/2025\\\/08\\\/15\\\/unbekannter-radfahrer-attackiert-mehrfach-personen-in-goettingen\\\/#primaryimage\"},\"thumbnailUrl\":\"https:\\\/\\\/radioleinewelle.de\\\/wp-content\\\/uploads\\\/2023\\\/11\\\/police-1530531_1280.jpg\",\"keywords\":[\"Polizeiinspektion G\u00f6ttingen\"],\"articleSection\":[\"Aktuelle Nachrichten\"],\"inLanguage\":\"de\",\"potentialAction\":[{\"@type\":\"CommentAction\",\"name\":\"Comment\",\"target\":[\"https:\\\/\\\/radioleinewelle.de\\\/index.php\\\/2025\\\/08\\\/15\\\/unbekannter-radfahrer-attackiert-mehrfach-personen-in-goettingen\\\/#respond\"]}]},{\"@type\":\"WebPage\",\"@id\":\"https:\\\/\\\/radioleinewelle.de\\\/index.php\\\/2025\\\/08\\\/15\\\/unbekannter-radfahrer-attackiert-mehrfach-personen-in-goettingen\\\/\",\"url\":\"https:\\\/\\\/radioleinewelle.de\\\/index.php\\\/2025\\\/08\\\/15\\\/unbekannter-radfahrer-attackiert-mehrfach-personen-in-goettingen\\\/\",\"name\":\"Unbekannter Radfahrer attackiert mehrfach Personen in G\u00f6ttingen - Radio Leinewelle\",\"isPartOf\":{\"@id\":\"https:\\\/\\\/radioleinewelle.de\\\/#website\"},\"primaryImageOfPage\":{\"@id\":\"https:\\\/\\\/radioleinewelle.de\\\/index.php\\\/2025\\\/08\\\/15\\\/unbekannter-radfahrer-attackiert-mehrfach-personen-in-goettingen\\\/#primaryimage\"},\"image\":{\"@id\":\"https:\\\/\\\/radioleinewelle.de\\\/index.php\\\/2025\\\/08\\\/15\\\/unbekannter-radfahrer-attackiert-mehrfach-personen-in-goettingen\\\/#primaryimage\"},\"thumbnailUrl\":\"https:\\\/\\\/radioleinewelle.de\\\/wp-content\\\/uploads\\\/2023\\\/11\\\/police-1530531_1280.jpg\",\"datePublished\":\"2025-08-15T06:55:38+00:00\",\"dateModified\":\"2025-08-15T06:55:40+00:00\",\"breadcrumb\":{\"@id\":\"https:\\\/\\\/radioleinewelle.de\\\/index.php\\\/2025\\\/08\\\/15\\\/unbekannter-radfahrer-attackiert-mehrfach-personen-in-goettingen\\\/#breadcrumb\"},\"inLanguage\":\"de\",\"potentialAction\":[{\"@type\":\"ReadAction\",\"target\":[\"https:\\\/\\\/radioleinewelle.de\\\/index.php\\\/2025\\\/08\\\/15\\\/unbekannter-radfahrer-attackiert-mehrfach-personen-in-goettingen\\\/\"]}]},{\"@type\":\"ImageObject\",\"inLanguage\":\"de\",\"@id\":\"https:\\\/\\\/radioleinewelle.de\\\/index.php\\\/2025\\\/08\\\/15\\\/unbekannter-radfahrer-attackiert-mehrfach-personen-in-goettingen\\\/#primaryimage\",\"url\":\"https:\\\/\\\/radioleinewelle.de\\\/wp-content\\\/uploads\\\/2023\\\/11\\\/police-1530531_1280.jpg\",\"contentUrl\":\"https:\\\/\\\/radioleinewelle.de\\\/wp-content\\\/uploads\\\/2023\\\/11\\\/police-1530531_1280.jpg\",\"width\":1280,\"height\":766},{\"@type\":\"BreadcrumbList\",\"@id\":\"https:\\\/\\\/radioleinewelle.de\\\/index.php\\\/2025\\\/08\\\/15\\\/unbekannter-radfahrer-attackiert-mehrfach-personen-in-goettingen\\\/#breadcrumb\",\"itemListElement\":[{\"@type\":\"ListItem\",\"position\":1,\"name\":\"Startseite\",\"item\":\"https:\\\/\\\/radioleinewelle.de\\\/\"},{\"@type\":\"ListItem\",\"position\":2,\"name\":\"Unbekannter Radfahrer attackiert mehrfach Personen in G\u00f6ttingen\"}]},{\"@type\":\"WebSite\",\"@id\":\"https:\\\/\\\/radioleinewelle.de\\\/#website\",\"url\":\"https:\\\/\\\/radioleinewelle.de\\\/\",\"name\":\"Radio Leinewelle\",\"description\":\"\",\"publisher\":{\"@id\":\"https:\\\/\\\/radioleinewelle.de\\\/#organization\"},\"potentialAction\":[{\"@type\":\"SearchAction\",\"target\":{\"@type\":\"EntryPoint\",\"urlTemplate\":\"https:\\\/\\\/radioleinewelle.de\\\/?s={search_term_string}\"},\"query-input\":{\"@type\":\"PropertyValueSpecification\",\"valueRequired\":true,\"valueName\":\"search_term_string\"}}],\"inLanguage\":\"de\"},{\"@type\":\"Organization\",\"@id\":\"https:\\\/\\\/radioleinewelle.de\\\/#organization\",\"name\":\"Radio Leinewelle\",\"alternateName\":\"Mein Radio f\u00fcr S\u00fcdniedersachsen\",\"url\":\"https:\\\/\\\/radioleinewelle.de\\\/\",\"logo\":{\"@type\":\"ImageObject\",\"inLanguage\":\"de\",\"@id\":\"https:\\\/\\\/radioleinewelle.de\\\/#\\\/schema\\\/logo\\\/image\\\/\",\"url\":\"https:\\\/\\\/radioleinewelle.de\\\/wp-content\\\/uploads\\\/2023\\\/11\\\/cropped-Leinewelle_Logo_weiss.png\",\"contentUrl\":\"https:\\\/\\\/radioleinewelle.de\\\/wp-content\\\/uploads\\\/2023\\\/11\\\/cropped-Leinewelle_Logo_weiss.png\",\"width\":854,\"height\":260,\"caption\":\"Radio Leinewelle\"},\"image\":{\"@id\":\"https:\\\/\\\/radioleinewelle.de\\\/#\\\/schema\\\/logo\\\/image\\\/\"},\"sameAs\":[\"https:\\\/\\\/www.facebook.com\\\/radioleinewelle\",\"https:\\\/\\\/x.com\\\/RLeinewelle\",\"https:\\\/\\\/www.instagram.com\\\/radioleinewelle\\\/?hl=de\"]},{\"@type\":\"Person\",\"@id\":\"https:\\\/\\\/radioleinewelle.de\\\/#\\\/schema\\\/person\\\/45606f348637df637192dc1b68399a63\",\"name\":\"Leinewelle\",\"image\":{\"@type\":\"ImageObject\",\"inLanguage\":\"de\",\"@id\":\"https:\\\/\\\/secure.gravatar.com\\\/avatar\\\/05c9a17bc973052ee5d91549bd32fb4dd0dc85b7b85ae94b2e2b4943476bbea5?s=96&d=blank&r=g\",\"url\":\"https:\\\/\\\/secure.gravatar.com\\\/avatar\\\/05c9a17bc973052ee5d91549bd32fb4dd0dc85b7b85ae94b2e2b4943476bbea5?s=96&d=blank&r=g\",\"contentUrl\":\"https:\\\/\\\/secure.gravatar.com\\\/avatar\\\/05c9a17bc973052ee5d91549bd32fb4dd0dc85b7b85ae94b2e2b4943476bbea5?s=96&d=blank&r=g\",\"caption\":\"Leinewelle\"},\"sameAs\":[\"http:\\\/\\\/localhost\\\/radio%20leinewelle\\\/wordpress\",\"https:\\\/\\\/www.facebook.com\\\/radioleinewelle\",\"https:\\\/\\\/www.instagram.com\\\/radioleinewelle\",\"https:\\\/\\\/x.com\\\/https:\\\/\\\/twitter.com\\\/RLeinewelle?ref_src=twsrcgoogletwcampserptwgrauthor\",\"https:\\\/\\\/soundcloud.com\\\/foerderverein-lokalradio?utm_source=clipboard&utm_medium=text&utm_campaign=social_sharing\"],\"url\":\"https:\\\/\\\/radioleinewelle.de\\\/index.php\\\/author\\\/leinewelle\\\/\"}]}<\/script>\n<!-- \/ Yoast SEO plugin. -->","yoast_head_json":{"title":"Unbekannter Radfahrer attackiert mehrfach Personen in G\u00f6ttingen - Radio Leinewelle","robots":{"index":"index","follow":"follow","max-snippet":"max-snippet:-1","max-image-preview":"max-image-preview:large","max-video-preview":"max-video-preview:-1"},"canonical":"https:\/\/radioleinewelle.de\/index.php\/2025\/08\/15\/unbekannter-radfahrer-attackiert-mehrfach-personen-in-goettingen\/","og_locale":"de_DE","og_type":"article","og_title":"Unbekannter Radfahrer attackiert mehrfach Personen in G\u00f6ttingen - Radio Leinewelle","og_description":"Der Zentrale Kriminaldienst der Polizeiinspektion G\u00f6ttingen ermittelt wegen zweier mutma\u00dflich zusammenh\u00e4ngender Vorf\u00e4lle, bei denen ein bislang unbekannter Radfahrer am Freitag vergangener Woche (08.08.2025) offenbar gezielt Passanten attackiert hat. Die Taten ereigneten sich zu unterschiedlichen Tageszeiten im Stadtgebiet, weisen jedoch sowohl im Tatablauf als auch in der Beschreibung des T\u00e4ters deutliche \u00dcbereinstimmungen auf. Gegen 13:30 Uhr [&hellip;]","og_url":"https:\/\/radioleinewelle.de\/index.php\/2025\/08\/15\/unbekannter-radfahrer-attackiert-mehrfach-personen-in-goettingen\/","og_site_name":"Radio Leinewelle","article_publisher":"https:\/\/www.facebook.com\/radioleinewelle","article_author":"https:\/\/www.facebook.com\/radioleinewelle","article_published_time":"2025-08-15T06:55:38+00:00","article_modified_time":"2025-08-15T06:55:40+00:00","og_image":[{"width":1280,"height":766,"url":"https:\/\/radioleinewelle.de\/wp-content\/uploads\/2023\/11\/police-1530531_1280.jpg","type":"image\/jpeg"}],"author":"Leinewelle","twitter_card":"summary_large_image","twitter_creator":"@https:\/\/twitter.com\/RLeinewelle?ref_src=twsrcgoogletwcampserptwgrauthor","twitter_site":"@RLeinewelle","twitter_misc":{"Verfasst von":"Leinewelle","Gesch\u00e4tzte Lesezeit":"3\u00a0Minuten"},"schema":{"@context":"https:\/\/schema.org","@graph":[{"@type":"Article","@id":"https:\/\/radioleinewelle.de\/index.php\/2025\/08\/15\/unbekannter-radfahrer-attackiert-mehrfach-personen-in-goettingen\/#article","isPartOf":{"@id":"https:\/\/radioleinewelle.de\/index.php\/2025\/08\/15\/unbekannter-radfahrer-attackiert-mehrfach-personen-in-goettingen\/"},"author":{"name":"Leinewelle","@id":"https:\/\/radioleinewelle.de\/#\/schema\/person\/45606f348637df637192dc1b68399a63"},"headline":"Unbekannter Radfahrer attackiert mehrfach Personen in G\u00f6ttingen","datePublished":"2025-08-15T06:55:38+00:00","dateModified":"2025-08-15T06:55:40+00:00","mainEntityOfPage":{"@id":"https:\/\/radioleinewelle.de\/index.php\/2025\/08\/15\/unbekannter-radfahrer-attackiert-mehrfach-personen-in-goettingen\/"},"wordCount":440,"commentCount":0,"publisher":{"@id":"https:\/\/radioleinewelle.de\/#organization"},"image":{"@id":"https:\/\/radioleinewelle.de\/index.php\/2025\/08\/15\/unbekannter-radfahrer-attackiert-mehrfach-personen-in-goettingen\/#primaryimage"},"thumbnailUrl":"https:\/\/radioleinewelle.de\/wp-content\/uploads\/2023\/11\/police-1530531_1280.jpg","keywords":["Polizeiinspektion G\u00f6ttingen"],"articleSection":["Aktuelle Nachrichten"],"inLanguage":"de","potentialAction":[{"@type":"CommentAction","name":"Comment","target":["https:\/\/radioleinewelle.de\/index.php\/2025\/08\/15\/unbekannter-radfahrer-attackiert-mehrfach-personen-in-goettingen\/#respond"]}]},{"@type":"WebPage","@id":"https:\/\/radioleinewelle.de\/index.php\/2025\/08\/15\/unbekannter-radfahrer-attackiert-mehrfach-personen-in-goettingen\/","url":"https:\/\/radioleinewelle.de\/index.php\/2025\/08\/15\/unbekannter-radfahrer-attackiert-mehrfach-personen-in-goettingen\/","name":"Unbekannter Radfahrer attackiert mehrfach Personen in G\u00f6ttingen - Radio Leinewelle","isPartOf":{"@id":"https:\/\/radioleinewelle.de\/#website"},"primaryImageOfPage":{"@id":"https:\/\/radioleinewelle.de\/index.php\/2025\/08\/15\/unbekannter-radfahrer-attackiert-mehrfach-personen-in-goettingen\/#primaryimage"},"image":{"@id":"https:\/\/radioleinewelle.de\/index.php\/2025\/08\/15\/unbekannter-radfahrer-attackiert-mehrfach-personen-in-goettingen\/#primaryimage"},"thumbnailUrl":"https:\/\/radioleinewelle.de\/wp-content\/uploads\/2023\/11\/police-1530531_1280.jpg","datePublished":"2025-08-15T06:55:38+00:00","dateModified":"2025-08-15T06:55:40+00:00","breadcrumb":{"@id":"https:\/\/radioleinewelle.de\/index.php\/2025\/08\/15\/unbekannter-radfahrer-attackiert-mehrfach-personen-in-goettingen\/#breadcrumb"},"inLanguage":"de","potentialAction":[{"@type":"ReadAction","target":["https:\/\/radioleinewelle.de\/index.php\/2025\/08\/15\/unbekannter-radfahrer-attackiert-mehrfach-personen-in-goettingen\/"]}]},{"@type":"ImageObject","inLanguage":"de","@id":"https:\/\/radioleinewelle.de\/index.php\/2025\/08\/15\/unbekannter-radfahrer-attackiert-mehrfach-personen-in-goettingen\/#primaryimage","url":"https:\/\/radioleinewelle.de\/wp-content\/uploads\/2023\/11\/police-1530531_1280.jpg","contentUrl":"https:\/\/radioleinewelle.de\/wp-content\/uploads\/2023\/11\/police-1530531_1280.jpg","width":1280,"height":766},{"@type":"BreadcrumbList","@id":"https:\/\/radioleinewelle.de\/index.php\/2025\/08\/15\/unbekannter-radfahrer-attackiert-mehrfach-personen-in-goettingen\/#breadcrumb","itemListElement":[{"@type":"ListItem","position":1,"name":"Startseite","item":"https:\/\/radioleinewelle.de\/"},{"@type":"ListItem","position":2,"name":"Unbekannter Radfahrer attackiert mehrfach Personen in G\u00f6ttingen"}]},{"@type":"WebSite","@id":"https:\/\/radioleinewelle.de\/#website","url":"https:\/\/radioleinewelle.de\/","name":"Radio Leinewelle","description":"","publisher":{"@id":"https:\/\/radioleinewelle.de\/#organization"},"potentialAction":[{"@type":"SearchAction","target":{"@type":"EntryPoint","urlTemplate":"https:\/\/radioleinewelle.de\/?s={search_term_string}"},"query-input":{"@type":"PropertyValueSpecification","valueRequired":true,"valueName":"search_term_string"}}],"inLanguage":"de"},{"@type":"Organization","@id":"https:\/\/radioleinewelle.de\/#organization","name":"Radio Leinewelle","alternateName":"Mein Radio f\u00fcr S\u00fcdniedersachsen","url":"https:\/\/radioleinewelle.de\/","logo":{"@type":"ImageObject","inLanguage":"de","@id":"https:\/\/radioleinewelle.de\/#\/schema\/logo\/image\/","url":"https:\/\/radioleinewelle.de\/wp-content\/uploads\/2023\/11\/cropped-Leinewelle_Logo_weiss.png","contentUrl":"https:\/\/radioleinewelle.de\/wp-content\/uploads\/2023\/11\/cropped-Leinewelle_Logo_weiss.png","width":854,"height":260,"caption":"Radio Leinewelle"},"image":{"@id":"https:\/\/radioleinewelle.de\/#\/schema\/logo\/image\/"},"sameAs":["https:\/\/www.facebook.com\/radioleinewelle","https:\/\/x.com\/RLeinewelle","https:\/\/www.instagram.com\/radioleinewelle\/?hl=de"]},{"@type":"Person","@id":"https:\/\/radioleinewelle.de\/#\/schema\/person\/45606f348637df637192dc1b68399a63","name":"Leinewelle","image":{"@type":"ImageObject","inLanguage":"de","@id":"https:\/\/secure.gravatar.com\/avatar\/05c9a17bc973052ee5d91549bd32fb4dd0dc85b7b85ae94b2e2b4943476bbea5?s=96&d=blank&r=g","url":"https:\/\/secure.gravatar.com\/avatar\/05c9a17bc973052ee5d91549bd32fb4dd0dc85b7b85ae94b2e2b4943476bbea5?s=96&d=blank&r=g","contentUrl":"https:\/\/secure.gravatar.com\/avatar\/05c9a17bc973052ee5d91549bd32fb4dd0dc85b7b85ae94b2e2b4943476bbea5?s=96&d=blank&r=g","caption":"Leinewelle"},"sameAs":["http:\/\/localhost\/radio%20leinewelle\/wordpress","https:\/\/www.facebook.com\/radioleinewelle","https:\/\/www.instagram.com\/radioleinewelle","https:\/\/x.com\/https:\/\/twitter.com\/RLeinewelle?ref_src=twsrcgoogletwcampserptwgrauthor","https:\/\/soundcloud.com\/foerderverein-lokalradio?utm_source=clipboard&utm_medium=text&utm_campaign=social_sharing"],"url":"https:\/\/radioleinewelle.de\/index.php\/author\/leinewelle\/"}]}},"_links":{"self":[{"href":"https:\/\/radioleinewelle.de\/index.php\/wp-json\/wp\/v2\/posts\/28844","targetHints":{"allow":["GET"]}}],"collection":[{"href":"https:\/\/radioleinewelle.de\/index.php\/wp-json\/wp\/v2\/posts"}],"about":[{"href":"https:\/\/radioleinewelle.de\/index.php\/wp-json\/wp\/v2\/types\/post"}],"author":[{"embeddable":true,"href":"https:\/\/radioleinewelle.de\/index.php\/wp-json\/wp\/v2\/users\/1"}],"replies":[{"embeddable":true,"href":"https:\/\/radioleinewelle.de\/index.php\/wp-json\/wp\/v2\/comments?post=28844"}],"version-history":[{"count":4,"href":"https:\/\/radioleinewelle.de\/index.php\/wp-json\/wp\/v2\/posts\/28844\/revisions"}],"predecessor-version":[{"id":28848,"href":"https:\/\/radioleinewelle.de\/index.php\/wp-json\/wp\/v2\/posts\/28844\/revisions\/28848"}],"wp:featuredmedia":[{"embeddable":true,"href":"https:\/\/radioleinewelle.de\/index.php\/wp-json\/wp\/v2\/media\/24537"}],"wp:attachment":[{"href":"https:\/\/radioleinewelle.de\/index.php\/wp-json\/wp\/v2\/media?parent=28844"}],"wp:term":[{"taxonomy":"category","embeddable":true,"href":"https:\/\/radioleinewelle.de\/index.php\/wp-json\/wp\/v2\/categories?post=28844"},{"taxonomy":"post_tag","embeddable":true,"href":"https:\/\/radioleinewelle.de\/index.php\/wp-json\/wp\/v2\/tags?post=28844"}],"curies":[{"name":"wp","href":"https:\/\/api.w.org\/{rel}","templated":true}]}}