{"id":28854,"date":"2025-08-16T09:04:46","date_gmt":"2025-08-16T07:04:46","guid":{"rendered":"https:\/\/radioleinewelle.de\/?p=28854"},"modified":"2025-08-16T09:04:47","modified_gmt":"2025-08-16T07:04:47","slug":"auseinandersetzung-in-der-goettinger-innenstadt-42-jaehriger-durch-messer-verletzt","status":"publish","type":"post","link":"https:\/\/radioleinewelle.de\/index.php\/2025\/08\/16\/auseinandersetzung-in-der-goettinger-innenstadt-42-jaehriger-durch-messer-verletzt\/","title":{"rendered":"Auseinandersetzung in der G\u00f6ttinger Innenstadt &#8211; 42-J\u00e4hriger durch Messer verletzt"},"content":{"rendered":"\n<p>\u00a0Bei einer handfesten Auseinandersetzung in der G\u00f6ttinger Innenstadt ist am gestrigen  Freitagmorgen gegen 05.40 Uhr ein 25-j\u00e4hriger Mann im Rahmen eines eskalierten Streits zwischen zwei M\u00e4nnern verletzt worden. Nach derzeitigen Erkenntnissen erlitt der 25-J\u00e4hrige im Kreuzungsbereich Burgstra\u00dfe\/Rote Stra\u00dfe eine Schnittverletzung.<\/p>\n\n\n\n<p>Ersten Informationen zufolge gerieten die beiden M\u00e4nner zuvor im Bereich der Barf\u00fc\u00dferstra\u00dfe, unweit einer Gastst\u00e4tte, aus bislang ungekl\u00e4rter Ursache in Streit. Im weiteren Verlauf soll einem der Beteiligten in der J\u00fcdenstra\u00dfe die Geldb\u00f6rse entwendet worden sein. Der Mann nahm zu Fu\u00df die Verfolgung auf, die \u00fcber den Wilhelmsplatz bis in die Burgstra\u00dfe\/ Ecke Rote Stra\u00dfe f\u00fchrte. Dort kam es zu einer erneuten Konfrontation, bei der die Verletzung zugef\u00fcgt wurde.<\/p>\n\n\n\n<p>Im Zusammenhang mit dem Geschehen haben Ermittler einen 30 Jahre alten Tatverd\u00e4chtigen festgenommen. Der Verletzte wurde noch am Tatort von Rettungskr\u00e4ften versorgt und anschlie\u00dfend in eine Klinik gebracht. Lebensgefahr besteht nach derzeitigem Stand nicht. Der genaue Tathergang ist derzeit noch unklar und Bestandteil der laufenden Ermittlungen des 2. Fachkommissariats. Ein Verfahren wegen des Verdachts des schweren r\u00e4uberischen Diebstahls wurde eingeleitet.<\/p>\n\n\n\n<p>Zeugen des Tatgeschehens werden gebeten, sich unter Telefon 0551\/491-2115 bei der Polizei G\u00f6ttingen zu melden. Auch Hinweise zu bislang unbekannten Personen, die entweder an dem Diebstahl in der J\u00fcdenstra\u00dfe oder an der folgenden Konfrontation im Bereich Burgstra\u00dfe\/Ecke Rote Stra\u00dfe beteiligt gewesen sein k\u00f6nnten, sind f\u00fcr die Ermittler von gro\u00dfer Bedeutung.<\/p>\n\n\n\n<p class=\"has-text-align-right has-small-font-size\"><strong>Foto:<\/strong> <a href=\"https:\/\/pixabay.com\/de\/users\/augustin-foto_j_augustin-22500483\/?utm_source=link-attribution&amp;utm_medium=referral&amp;utm_campaign=image&amp;utm_content=7066596\">(Augustin-Foto) Jonas Augustin<\/a> auf <a href=\"https:\/\/pixabay.com\/de\/\/?utm_source=link-attribution&amp;utm_medium=referral&amp;utm_campaign=image&amp;utm_content=7066596\">Pixabay<\/a><\/p>\n","protected":false},"excerpt":{"rendered":"<p>\u00a0Bei einer handfesten Auseinandersetzung in der G\u00f6ttinger Innenstadt ist am gestrigen Freitagmorgen gegen 05.40 Uhr ein 25-j\u00e4hriger Mann im Rahmen eines eskalierten Streits zwischen zwei M\u00e4nnern verletzt worden. Nach derzeitigen Erkenntnissen erlitt der 25-J\u00e4hrige im Kreuzungsbereich Burgstra\u00dfe\/Rote Stra\u00dfe eine Schnittverletzung. Ersten Informationen zufolge gerieten die beiden M\u00e4nner zuvor im Bereich der Barf\u00fc\u00dferstra\u00dfe, unweit einer Gastst\u00e4tte, [&hellip;]<\/p>\n","protected":false},"author":1,"featured_media":28856,"comment_status":"open","ping_status":"open","sticky":false,"template":"","format":"standard","meta":{"saved_in_kubio":false,"footnotes":""},"categories":[24],"tags":[],"class_list":["post-28854","post","type-post","status-publish","format-standard","has-post-thumbnail","hentry","category-news"],"yoast_head":"<!-- This site is optimized with the Yoast SEO plugin v27.5 - https:\/\/yoast.com\/product\/yoast-seo-wordpress\/ -->\n<title>Auseinandersetzung in der G\u00f6ttinger Innenstadt - 42-J\u00e4hriger durch Messer verletzt - Radio Leinewelle<\/title>\n<meta name=\"robots\" content=\"index, follow, max-snippet:-1, max-image-preview:large, max-video-preview:-1\" \/>\n<link rel=\"canonical\" href=\"https:\/\/radioleinewelle.de\/index.php\/2025\/08\/16\/auseinandersetzung-in-der-goettinger-innenstadt-42-jaehriger-durch-messer-verletzt\/\" \/>\n<meta property=\"og:locale\" content=\"de_DE\" \/>\n<meta property=\"og:type\" content=\"article\" \/>\n<meta property=\"og:title\" content=\"Auseinandersetzung in der G\u00f6ttinger Innenstadt - 42-J\u00e4hriger durch Messer verletzt - Radio Leinewelle\" \/>\n<meta property=\"og:description\" content=\"\u00a0Bei einer handfesten Auseinandersetzung in der G\u00f6ttinger Innenstadt ist am gestrigen Freitagmorgen gegen 05.40 Uhr ein 25-j\u00e4hriger Mann im Rahmen eines eskalierten Streits zwischen zwei M\u00e4nnern verletzt worden. Nach derzeitigen Erkenntnissen erlitt der 25-J\u00e4hrige im Kreuzungsbereich Burgstra\u00dfe\/Rote Stra\u00dfe eine Schnittverletzung. Ersten Informationen zufolge gerieten die beiden M\u00e4nner zuvor im Bereich der Barf\u00fc\u00dferstra\u00dfe, unweit einer Gastst\u00e4tte, [&hellip;]\" \/>\n<meta property=\"og:url\" content=\"https:\/\/radioleinewelle.de\/index.php\/2025\/08\/16\/auseinandersetzung-in-der-goettinger-innenstadt-42-jaehriger-durch-messer-verletzt\/\" \/>\n<meta property=\"og:site_name\" content=\"Radio Leinewelle\" \/>\n<meta property=\"article:publisher\" content=\"https:\/\/www.facebook.com\/radioleinewelle\" \/>\n<meta property=\"article:author\" content=\"https:\/\/www.facebook.com\/radioleinewelle\" \/>\n<meta property=\"article:published_time\" content=\"2025-08-16T07:04:46+00:00\" \/>\n<meta property=\"article:modified_time\" content=\"2025-08-16T07:04:47+00:00\" \/>\n<meta property=\"og:image\" content=\"https:\/\/radioleinewelle.de\/wp-content\/uploads\/2025\/08\/police-7066596_1280.jpg\" \/>\n\t<meta property=\"og:image:width\" content=\"1280\" \/>\n\t<meta property=\"og:image:height\" content=\"853\" \/>\n\t<meta property=\"og:image:type\" content=\"image\/jpeg\" \/>\n<meta name=\"author\" content=\"Leinewelle\" \/>\n<meta name=\"twitter:card\" content=\"summary_large_image\" \/>\n<meta name=\"twitter:creator\" content=\"@https:\/\/twitter.com\/RLeinewelle?ref_src=twsrcgoogletwcampserptwgrauthor\" \/>\n<meta name=\"twitter:site\" content=\"@RLeinewelle\" \/>\n<meta name=\"twitter:label1\" content=\"Verfasst von\" \/>\n\t<meta name=\"twitter:data1\" content=\"Leinewelle\" \/>\n\t<meta name=\"twitter:label2\" content=\"Gesch\u00e4tzte Lesezeit\" \/>\n\t<meta name=\"twitter:data2\" content=\"2\u00a0Minuten\" \/>\n<script type=\"application\/ld+json\" class=\"yoast-schema-graph\">{\"@context\":\"https:\\\/\\\/schema.org\",\"@graph\":[{\"@type\":\"Article\",\"@id\":\"https:\\\/\\\/radioleinewelle.de\\\/index.php\\\/2025\\\/08\\\/16\\\/auseinandersetzung-in-der-goettinger-innenstadt-42-jaehriger-durch-messer-verletzt\\\/#article\",\"isPartOf\":{\"@id\":\"https:\\\/\\\/radioleinewelle.de\\\/index.php\\\/2025\\\/08\\\/16\\\/auseinandersetzung-in-der-goettinger-innenstadt-42-jaehriger-durch-messer-verletzt\\\/\"},\"author\":{\"name\":\"Leinewelle\",\"@id\":\"https:\\\/\\\/radioleinewelle.de\\\/#\\\/schema\\\/person\\\/45606f348637df637192dc1b68399a63\"},\"headline\":\"Auseinandersetzung in der G\u00f6ttinger Innenstadt &#8211; 42-J\u00e4hriger durch Messer verletzt\",\"datePublished\":\"2025-08-16T07:04:46+00:00\",\"dateModified\":\"2025-08-16T07:04:47+00:00\",\"mainEntityOfPage\":{\"@id\":\"https:\\\/\\\/radioleinewelle.de\\\/index.php\\\/2025\\\/08\\\/16\\\/auseinandersetzung-in-der-goettinger-innenstadt-42-jaehriger-durch-messer-verletzt\\\/\"},\"wordCount\":266,\"commentCount\":0,\"publisher\":{\"@id\":\"https:\\\/\\\/radioleinewelle.de\\\/#organization\"},\"image\":{\"@id\":\"https:\\\/\\\/radioleinewelle.de\\\/index.php\\\/2025\\\/08\\\/16\\\/auseinandersetzung-in-der-goettinger-innenstadt-42-jaehriger-durch-messer-verletzt\\\/#primaryimage\"},\"thumbnailUrl\":\"https:\\\/\\\/radioleinewelle.de\\\/wp-content\\\/uploads\\\/2025\\\/08\\\/police-7066596_1280.jpg\",\"articleSection\":[\"Aktuelle Nachrichten\"],\"inLanguage\":\"de\",\"potentialAction\":[{\"@type\":\"CommentAction\",\"name\":\"Comment\",\"target\":[\"https:\\\/\\\/radioleinewelle.de\\\/index.php\\\/2025\\\/08\\\/16\\\/auseinandersetzung-in-der-goettinger-innenstadt-42-jaehriger-durch-messer-verletzt\\\/#respond\"]}]},{\"@type\":\"WebPage\",\"@id\":\"https:\\\/\\\/radioleinewelle.de\\\/index.php\\\/2025\\\/08\\\/16\\\/auseinandersetzung-in-der-goettinger-innenstadt-42-jaehriger-durch-messer-verletzt\\\/\",\"url\":\"https:\\\/\\\/radioleinewelle.de\\\/index.php\\\/2025\\\/08\\\/16\\\/auseinandersetzung-in-der-goettinger-innenstadt-42-jaehriger-durch-messer-verletzt\\\/\",\"name\":\"Auseinandersetzung in der G\u00f6ttinger Innenstadt - 42-J\u00e4hriger durch Messer verletzt - Radio Leinewelle\",\"isPartOf\":{\"@id\":\"https:\\\/\\\/radioleinewelle.de\\\/#website\"},\"primaryImageOfPage\":{\"@id\":\"https:\\\/\\\/radioleinewelle.de\\\/index.php\\\/2025\\\/08\\\/16\\\/auseinandersetzung-in-der-goettinger-innenstadt-42-jaehriger-durch-messer-verletzt\\\/#primaryimage\"},\"image\":{\"@id\":\"https:\\\/\\\/radioleinewelle.de\\\/index.php\\\/2025\\\/08\\\/16\\\/auseinandersetzung-in-der-goettinger-innenstadt-42-jaehriger-durch-messer-verletzt\\\/#primaryimage\"},\"thumbnailUrl\":\"https:\\\/\\\/radioleinewelle.de\\\/wp-content\\\/uploads\\\/2025\\\/08\\\/police-7066596_1280.jpg\",\"datePublished\":\"2025-08-16T07:04:46+00:00\",\"dateModified\":\"2025-08-16T07:04:47+00:00\",\"breadcrumb\":{\"@id\":\"https:\\\/\\\/radioleinewelle.de\\\/index.php\\\/2025\\\/08\\\/16\\\/auseinandersetzung-in-der-goettinger-innenstadt-42-jaehriger-durch-messer-verletzt\\\/#breadcrumb\"},\"inLanguage\":\"de\",\"potentialAction\":[{\"@type\":\"ReadAction\",\"target\":[\"https:\\\/\\\/radioleinewelle.de\\\/index.php\\\/2025\\\/08\\\/16\\\/auseinandersetzung-in-der-goettinger-innenstadt-42-jaehriger-durch-messer-verletzt\\\/\"]}]},{\"@type\":\"ImageObject\",\"inLanguage\":\"de\",\"@id\":\"https:\\\/\\\/radioleinewelle.de\\\/index.php\\\/2025\\\/08\\\/16\\\/auseinandersetzung-in-der-goettinger-innenstadt-42-jaehriger-durch-messer-verletzt\\\/#primaryimage\",\"url\":\"https:\\\/\\\/radioleinewelle.de\\\/wp-content\\\/uploads\\\/2025\\\/08\\\/police-7066596_1280.jpg\",\"contentUrl\":\"https:\\\/\\\/radioleinewelle.de\\\/wp-content\\\/uploads\\\/2025\\\/08\\\/police-7066596_1280.jpg\",\"width\":1280,\"height\":853},{\"@type\":\"BreadcrumbList\",\"@id\":\"https:\\\/\\\/radioleinewelle.de\\\/index.php\\\/2025\\\/08\\\/16\\\/auseinandersetzung-in-der-goettinger-innenstadt-42-jaehriger-durch-messer-verletzt\\\/#breadcrumb\",\"itemListElement\":[{\"@type\":\"ListItem\",\"position\":1,\"name\":\"Startseite\",\"item\":\"https:\\\/\\\/radioleinewelle.de\\\/\"},{\"@type\":\"ListItem\",\"position\":2,\"name\":\"Auseinandersetzung in der G\u00f6ttinger Innenstadt &#8211; 42-J\u00e4hriger durch Messer verletzt\"}]},{\"@type\":\"WebSite\",\"@id\":\"https:\\\/\\\/radioleinewelle.de\\\/#website\",\"url\":\"https:\\\/\\\/radioleinewelle.de\\\/\",\"name\":\"Radio Leinewelle\",\"description\":\"\",\"publisher\":{\"@id\":\"https:\\\/\\\/radioleinewelle.de\\\/#organization\"},\"potentialAction\":[{\"@type\":\"SearchAction\",\"target\":{\"@type\":\"EntryPoint\",\"urlTemplate\":\"https:\\\/\\\/radioleinewelle.de\\\/?s={search_term_string}\"},\"query-input\":{\"@type\":\"PropertyValueSpecification\",\"valueRequired\":true,\"valueName\":\"search_term_string\"}}],\"inLanguage\":\"de\"},{\"@type\":\"Organization\",\"@id\":\"https:\\\/\\\/radioleinewelle.de\\\/#organization\",\"name\":\"Radio Leinewelle\",\"alternateName\":\"Mein Radio f\u00fcr S\u00fcdniedersachsen\",\"url\":\"https:\\\/\\\/radioleinewelle.de\\\/\",\"logo\":{\"@type\":\"ImageObject\",\"inLanguage\":\"de\",\"@id\":\"https:\\\/\\\/radioleinewelle.de\\\/#\\\/schema\\\/logo\\\/image\\\/\",\"url\":\"https:\\\/\\\/radioleinewelle.de\\\/wp-content\\\/uploads\\\/2023\\\/11\\\/cropped-Leinewelle_Logo_weiss.png\",\"contentUrl\":\"https:\\\/\\\/radioleinewelle.de\\\/wp-content\\\/uploads\\\/2023\\\/11\\\/cropped-Leinewelle_Logo_weiss.png\",\"width\":854,\"height\":260,\"caption\":\"Radio Leinewelle\"},\"image\":{\"@id\":\"https:\\\/\\\/radioleinewelle.de\\\/#\\\/schema\\\/logo\\\/image\\\/\"},\"sameAs\":[\"https:\\\/\\\/www.facebook.com\\\/radioleinewelle\",\"https:\\\/\\\/x.com\\\/RLeinewelle\",\"https:\\\/\\\/www.instagram.com\\\/radioleinewelle\\\/?hl=de\"]},{\"@type\":\"Person\",\"@id\":\"https:\\\/\\\/radioleinewelle.de\\\/#\\\/schema\\\/person\\\/45606f348637df637192dc1b68399a63\",\"name\":\"Leinewelle\",\"image\":{\"@type\":\"ImageObject\",\"inLanguage\":\"de\",\"@id\":\"https:\\\/\\\/secure.gravatar.com\\\/avatar\\\/05c9a17bc973052ee5d91549bd32fb4dd0dc85b7b85ae94b2e2b4943476bbea5?s=96&d=blank&r=g\",\"url\":\"https:\\\/\\\/secure.gravatar.com\\\/avatar\\\/05c9a17bc973052ee5d91549bd32fb4dd0dc85b7b85ae94b2e2b4943476bbea5?s=96&d=blank&r=g\",\"contentUrl\":\"https:\\\/\\\/secure.gravatar.com\\\/avatar\\\/05c9a17bc973052ee5d91549bd32fb4dd0dc85b7b85ae94b2e2b4943476bbea5?s=96&d=blank&r=g\",\"caption\":\"Leinewelle\"},\"sameAs\":[\"http:\\\/\\\/localhost\\\/radio%20leinewelle\\\/wordpress\",\"https:\\\/\\\/www.facebook.com\\\/radioleinewelle\",\"https:\\\/\\\/www.instagram.com\\\/radioleinewelle\",\"https:\\\/\\\/x.com\\\/https:\\\/\\\/twitter.com\\\/RLeinewelle?ref_src=twsrcgoogletwcampserptwgrauthor\",\"https:\\\/\\\/soundcloud.com\\\/foerderverein-lokalradio?utm_source=clipboard&utm_medium=text&utm_campaign=social_sharing\"],\"url\":\"https:\\\/\\\/radioleinewelle.de\\\/index.php\\\/author\\\/leinewelle\\\/\"}]}<\/script>\n<!-- \/ Yoast SEO plugin. -->","yoast_head_json":{"title":"Auseinandersetzung in der G\u00f6ttinger Innenstadt - 42-J\u00e4hriger durch Messer verletzt - Radio Leinewelle","robots":{"index":"index","follow":"follow","max-snippet":"max-snippet:-1","max-image-preview":"max-image-preview:large","max-video-preview":"max-video-preview:-1"},"canonical":"https:\/\/radioleinewelle.de\/index.php\/2025\/08\/16\/auseinandersetzung-in-der-goettinger-innenstadt-42-jaehriger-durch-messer-verletzt\/","og_locale":"de_DE","og_type":"article","og_title":"Auseinandersetzung in der G\u00f6ttinger Innenstadt - 42-J\u00e4hriger durch Messer verletzt - Radio Leinewelle","og_description":"\u00a0Bei einer handfesten Auseinandersetzung in der G\u00f6ttinger Innenstadt ist am gestrigen Freitagmorgen gegen 05.40 Uhr ein 25-j\u00e4hriger Mann im Rahmen eines eskalierten Streits zwischen zwei M\u00e4nnern verletzt worden. Nach derzeitigen Erkenntnissen erlitt der 25-J\u00e4hrige im Kreuzungsbereich Burgstra\u00dfe\/Rote Stra\u00dfe eine Schnittverletzung. Ersten Informationen zufolge gerieten die beiden M\u00e4nner zuvor im Bereich der Barf\u00fc\u00dferstra\u00dfe, unweit einer Gastst\u00e4tte, [&hellip;]","og_url":"https:\/\/radioleinewelle.de\/index.php\/2025\/08\/16\/auseinandersetzung-in-der-goettinger-innenstadt-42-jaehriger-durch-messer-verletzt\/","og_site_name":"Radio Leinewelle","article_publisher":"https:\/\/www.facebook.com\/radioleinewelle","article_author":"https:\/\/www.facebook.com\/radioleinewelle","article_published_time":"2025-08-16T07:04:46+00:00","article_modified_time":"2025-08-16T07:04:47+00:00","og_image":[{"width":1280,"height":853,"url":"https:\/\/radioleinewelle.de\/wp-content\/uploads\/2025\/08\/police-7066596_1280.jpg","type":"image\/jpeg"}],"author":"Leinewelle","twitter_card":"summary_large_image","twitter_creator":"@https:\/\/twitter.com\/RLeinewelle?ref_src=twsrcgoogletwcampserptwgrauthor","twitter_site":"@RLeinewelle","twitter_misc":{"Verfasst von":"Leinewelle","Gesch\u00e4tzte Lesezeit":"2\u00a0Minuten"},"schema":{"@context":"https:\/\/schema.org","@graph":[{"@type":"Article","@id":"https:\/\/radioleinewelle.de\/index.php\/2025\/08\/16\/auseinandersetzung-in-der-goettinger-innenstadt-42-jaehriger-durch-messer-verletzt\/#article","isPartOf":{"@id":"https:\/\/radioleinewelle.de\/index.php\/2025\/08\/16\/auseinandersetzung-in-der-goettinger-innenstadt-42-jaehriger-durch-messer-verletzt\/"},"author":{"name":"Leinewelle","@id":"https:\/\/radioleinewelle.de\/#\/schema\/person\/45606f348637df637192dc1b68399a63"},"headline":"Auseinandersetzung in der G\u00f6ttinger Innenstadt &#8211; 42-J\u00e4hriger durch Messer verletzt","datePublished":"2025-08-16T07:04:46+00:00","dateModified":"2025-08-16T07:04:47+00:00","mainEntityOfPage":{"@id":"https:\/\/radioleinewelle.de\/index.php\/2025\/08\/16\/auseinandersetzung-in-der-goettinger-innenstadt-42-jaehriger-durch-messer-verletzt\/"},"wordCount":266,"commentCount":0,"publisher":{"@id":"https:\/\/radioleinewelle.de\/#organization"},"image":{"@id":"https:\/\/radioleinewelle.de\/index.php\/2025\/08\/16\/auseinandersetzung-in-der-goettinger-innenstadt-42-jaehriger-durch-messer-verletzt\/#primaryimage"},"thumbnailUrl":"https:\/\/radioleinewelle.de\/wp-content\/uploads\/2025\/08\/police-7066596_1280.jpg","articleSection":["Aktuelle Nachrichten"],"inLanguage":"de","potentialAction":[{"@type":"CommentAction","name":"Comment","target":["https:\/\/radioleinewelle.de\/index.php\/2025\/08\/16\/auseinandersetzung-in-der-goettinger-innenstadt-42-jaehriger-durch-messer-verletzt\/#respond"]}]},{"@type":"WebPage","@id":"https:\/\/radioleinewelle.de\/index.php\/2025\/08\/16\/auseinandersetzung-in-der-goettinger-innenstadt-42-jaehriger-durch-messer-verletzt\/","url":"https:\/\/radioleinewelle.de\/index.php\/2025\/08\/16\/auseinandersetzung-in-der-goettinger-innenstadt-42-jaehriger-durch-messer-verletzt\/","name":"Auseinandersetzung in der G\u00f6ttinger Innenstadt - 42-J\u00e4hriger durch Messer verletzt - Radio Leinewelle","isPartOf":{"@id":"https:\/\/radioleinewelle.de\/#website"},"primaryImageOfPage":{"@id":"https:\/\/radioleinewelle.de\/index.php\/2025\/08\/16\/auseinandersetzung-in-der-goettinger-innenstadt-42-jaehriger-durch-messer-verletzt\/#primaryimage"},"image":{"@id":"https:\/\/radioleinewelle.de\/index.php\/2025\/08\/16\/auseinandersetzung-in-der-goettinger-innenstadt-42-jaehriger-durch-messer-verletzt\/#primaryimage"},"thumbnailUrl":"https:\/\/radioleinewelle.de\/wp-content\/uploads\/2025\/08\/police-7066596_1280.jpg","datePublished":"2025-08-16T07:04:46+00:00","dateModified":"2025-08-16T07:04:47+00:00","breadcrumb":{"@id":"https:\/\/radioleinewelle.de\/index.php\/2025\/08\/16\/auseinandersetzung-in-der-goettinger-innenstadt-42-jaehriger-durch-messer-verletzt\/#breadcrumb"},"inLanguage":"de","potentialAction":[{"@type":"ReadAction","target":["https:\/\/radioleinewelle.de\/index.php\/2025\/08\/16\/auseinandersetzung-in-der-goettinger-innenstadt-42-jaehriger-durch-messer-verletzt\/"]}]},{"@type":"ImageObject","inLanguage":"de","@id":"https:\/\/radioleinewelle.de\/index.php\/2025\/08\/16\/auseinandersetzung-in-der-goettinger-innenstadt-42-jaehriger-durch-messer-verletzt\/#primaryimage","url":"https:\/\/radioleinewelle.de\/wp-content\/uploads\/2025\/08\/police-7066596_1280.jpg","contentUrl":"https:\/\/radioleinewelle.de\/wp-content\/uploads\/2025\/08\/police-7066596_1280.jpg","width":1280,"height":853},{"@type":"BreadcrumbList","@id":"https:\/\/radioleinewelle.de\/index.php\/2025\/08\/16\/auseinandersetzung-in-der-goettinger-innenstadt-42-jaehriger-durch-messer-verletzt\/#breadcrumb","itemListElement":[{"@type":"ListItem","position":1,"name":"Startseite","item":"https:\/\/radioleinewelle.de\/"},{"@type":"ListItem","position":2,"name":"Auseinandersetzung in der G\u00f6ttinger Innenstadt &#8211; 42-J\u00e4hriger durch Messer verletzt"}]},{"@type":"WebSite","@id":"https:\/\/radioleinewelle.de\/#website","url":"https:\/\/radioleinewelle.de\/","name":"Radio Leinewelle","description":"","publisher":{"@id":"https:\/\/radioleinewelle.de\/#organization"},"potentialAction":[{"@type":"SearchAction","target":{"@type":"EntryPoint","urlTemplate":"https:\/\/radioleinewelle.de\/?s={search_term_string}"},"query-input":{"@type":"PropertyValueSpecification","valueRequired":true,"valueName":"search_term_string"}}],"inLanguage":"de"},{"@type":"Organization","@id":"https:\/\/radioleinewelle.de\/#organization","name":"Radio Leinewelle","alternateName":"Mein Radio f\u00fcr S\u00fcdniedersachsen","url":"https:\/\/radioleinewelle.de\/","logo":{"@type":"ImageObject","inLanguage":"de","@id":"https:\/\/radioleinewelle.de\/#\/schema\/logo\/image\/","url":"https:\/\/radioleinewelle.de\/wp-content\/uploads\/2023\/11\/cropped-Leinewelle_Logo_weiss.png","contentUrl":"https:\/\/radioleinewelle.de\/wp-content\/uploads\/2023\/11\/cropped-Leinewelle_Logo_weiss.png","width":854,"height":260,"caption":"Radio Leinewelle"},"image":{"@id":"https:\/\/radioleinewelle.de\/#\/schema\/logo\/image\/"},"sameAs":["https:\/\/www.facebook.com\/radioleinewelle","https:\/\/x.com\/RLeinewelle","https:\/\/www.instagram.com\/radioleinewelle\/?hl=de"]},{"@type":"Person","@id":"https:\/\/radioleinewelle.de\/#\/schema\/person\/45606f348637df637192dc1b68399a63","name":"Leinewelle","image":{"@type":"ImageObject","inLanguage":"de","@id":"https:\/\/secure.gravatar.com\/avatar\/05c9a17bc973052ee5d91549bd32fb4dd0dc85b7b85ae94b2e2b4943476bbea5?s=96&d=blank&r=g","url":"https:\/\/secure.gravatar.com\/avatar\/05c9a17bc973052ee5d91549bd32fb4dd0dc85b7b85ae94b2e2b4943476bbea5?s=96&d=blank&r=g","contentUrl":"https:\/\/secure.gravatar.com\/avatar\/05c9a17bc973052ee5d91549bd32fb4dd0dc85b7b85ae94b2e2b4943476bbea5?s=96&d=blank&r=g","caption":"Leinewelle"},"sameAs":["http:\/\/localhost\/radio%20leinewelle\/wordpress","https:\/\/www.facebook.com\/radioleinewelle","https:\/\/www.instagram.com\/radioleinewelle","https:\/\/x.com\/https:\/\/twitter.com\/RLeinewelle?ref_src=twsrcgoogletwcampserptwgrauthor","https:\/\/soundcloud.com\/foerderverein-lokalradio?utm_source=clipboard&utm_medium=text&utm_campaign=social_sharing"],"url":"https:\/\/radioleinewelle.de\/index.php\/author\/leinewelle\/"}]}},"_links":{"self":[{"href":"https:\/\/radioleinewelle.de\/index.php\/wp-json\/wp\/v2\/posts\/28854","targetHints":{"allow":["GET"]}}],"collection":[{"href":"https:\/\/radioleinewelle.de\/index.php\/wp-json\/wp\/v2\/posts"}],"about":[{"href":"https:\/\/radioleinewelle.de\/index.php\/wp-json\/wp\/v2\/types\/post"}],"author":[{"embeddable":true,"href":"https:\/\/radioleinewelle.de\/index.php\/wp-json\/wp\/v2\/users\/1"}],"replies":[{"embeddable":true,"href":"https:\/\/radioleinewelle.de\/index.php\/wp-json\/wp\/v2\/comments?post=28854"}],"version-history":[{"count":2,"href":"https:\/\/radioleinewelle.de\/index.php\/wp-json\/wp\/v2\/posts\/28854\/revisions"}],"predecessor-version":[{"id":28857,"href":"https:\/\/radioleinewelle.de\/index.php\/wp-json\/wp\/v2\/posts\/28854\/revisions\/28857"}],"wp:featuredmedia":[{"embeddable":true,"href":"https:\/\/radioleinewelle.de\/index.php\/wp-json\/wp\/v2\/media\/28856"}],"wp:attachment":[{"href":"https:\/\/radioleinewelle.de\/index.php\/wp-json\/wp\/v2\/media?parent=28854"}],"wp:term":[{"taxonomy":"category","embeddable":true,"href":"https:\/\/radioleinewelle.de\/index.php\/wp-json\/wp\/v2\/categories?post=28854"},{"taxonomy":"post_tag","embeddable":true,"href":"https:\/\/radioleinewelle.de\/index.php\/wp-json\/wp\/v2\/tags?post=28854"}],"curies":[{"name":"wp","href":"https:\/\/api.w.org\/{rel}","templated":true}]}}