{"id":28898,"date":"2025-08-20T10:28:24","date_gmt":"2025-08-20T08:28:24","guid":{"rendered":"https:\/\/radioleinewelle.de\/?p=28898"},"modified":"2025-08-20T10:28:26","modified_gmt":"2025-08-20T08:28:26","slug":"veranstaltung-goettingen-im-hitzestress-klimaanpassung-gemeinsam-denken","status":"publish","type":"post","link":"https:\/\/radioleinewelle.de\/index.php\/2025\/08\/20\/veranstaltung-goettingen-im-hitzestress-klimaanpassung-gemeinsam-denken\/","title":{"rendered":"Veranstaltung: G\u00f6ttingen im Hitzestress \u2013 Klimaanpassung gemeinsam denken"},"content":{"rendered":"\n<p>Am 23. August 2025 G\u00f6ttingen l\u00e4dt der Verein Klimaschutz G\u00f6ttingen zur Veranstaltung \u201eG\u00f6ttingen im Hitzestress \u2013 Klimaanpassung gemeinsam denken\u201c ein. Die Veranstaltung beginnt um 20 Uhr und findet in der Albani-Kirche G\u00f6ttingen statt.&nbsp;<\/p>\n\n\n\n<p>Mittlerweile verzeichnen wir auch in unseren Breitengraden ein zunehmendes Aufkommen von Hitzewellen, die sich insbesondere f\u00fcr Stadtbewohner*innen negativ auf die Lebensqualit\u00e4t und auf die Gesundheit auswirken. Unabh\u00e4ngig davon, dass gegen die Versch\u00e4rfung der Klimakrise weiterhin vorzugehen ist, bedarf es auch eines B\u00fcndels an Ma\u00dfnahmen, die das Leben mit der Klimakrise erleichtern.&nbsp;<\/p>\n\n\n\n<p>Der Klimaschutz G\u00f6ttingen e.V. stellt dieses Thema in den Mittelpunkt einer Podiumsveranstaltung. Es geht um eine Zusammenstellung von Ma\u00dfnahmen, die kurz- bis mittelfristig umsetzbar sind. Sie sollen sich an den G\u00f6ttinger Gegebenheiten orientieren. Ein Fokus wird auf Ma\u00dfnahmen gelegt, die nicht nur Klimawandelfolgen abdecken, sondern Synergien mit Klimaschutz und Naturschutzzielen erreichen.<br><\/p>\n\n\n\n\n\n<p><strong>Das Podium bilden vier Fachleute<\/strong><br>Da sind zun\u00e4chst eine Vertreterin und ein Vertreter zweier wichtige G\u00f6ttinger Einrichtungen und Arbeitgeber &#8211; Frau Nadine Finn (Referat f\u00fcr Nachhaltige Stadtentwicklung Stadt G\u00f6ttingen) und Prof. Dr. Michael Wibral (Senatskommission f\u00fcr Klimaschutz und Nachhaltigkeit, Universit\u00e4t G\u00f6ttingen). Des Weiteren werden Dr. Martin Hulpke-Wette (Arzt und G\u00f6ttingen Zero) zum Bereich Auswirkungen auf die menschliche Gesundheit und Dr. Gerald Moser (Institut f\u00fcr Pflanzen\u00f6kologie, Universit\u00e4t Gie\u00dfen, Scientists for Future, Gie\u00dfen) aus der Klimafolgenforschung teilnehmen.\u00a0<\/p>\n\n\n\n<p>Der zweite Teil der Veranstaltung gibt Raum f\u00fcr Fragen und Anregungen aus dem Publikum. \u201eUnser Ziel ist es, konstruktive vorw\u00e4rts gerichtete Ma\u00dfnahmen herauszuarbeiten, die das Leben in der Stadt G\u00f6ttingen f\u00fcr die Bewohnerinnen und Bewohner erleichtern \u2013 und im Idealfall die Aufenthaltsqualit\u00e4t steigern\u201c, fasst Dr. Anette Gr\u00e4ff vom Klimaschutz G\u00f6ttingen e.V. zusammen.&nbsp;<\/p>\n\n\n\n<p>Die Veranstaltung soll bei sichtbarem Interesse ein erster Aufschlag f\u00fcr eine Reihe sein, die sich mit weiteren klimarelevanten Themen wie z.B. Architektur, Begr\u00fcnung, Entsiegelung, Wassernutzung und -r\u00fcckgewinnung, Einbindung von Wirtschaft und Bev\u00f6lkerung besch\u00e4ftigt.&nbsp;<\/p>\n\n\n\n<p>Die Veranstaltung ist kostenfrei. Der Veranstalter weist darauf hin, dass Spenden gerne gesehen sind.<\/p>\n","protected":false},"excerpt":{"rendered":"<p>Am 23. August 2025 G\u00f6ttingen l\u00e4dt der Verein Klimaschutz G\u00f6ttingen zur Veranstaltung \u201eG\u00f6ttingen im Hitzestress \u2013 Klimaanpassung gemeinsam denken\u201c ein. Die Veranstaltung beginnt um 20 Uhr und findet in der Albani-Kirche G\u00f6ttingen statt.&nbsp; Mittlerweile verzeichnen wir auch in unseren Breitengraden ein zunehmendes Aufkommen von Hitzewellen, die sich insbesondere f\u00fcr Stadtbewohner*innen negativ auf die Lebensqualit\u00e4t und [&hellip;]<\/p>\n","protected":false},"author":1,"featured_media":28900,"comment_status":"open","ping_status":"open","sticky":false,"template":"","format":"standard","meta":{"saved_in_kubio":false,"footnotes":""},"categories":[520],"tags":[],"class_list":["post-28898","post","type-post","status-publish","format-standard","has-post-thumbnail","hentry","category-klimawandel"],"yoast_head":"<!-- This site is optimized with the Yoast SEO plugin v27.4 - https:\/\/yoast.com\/product\/yoast-seo-wordpress\/ -->\n<title>Veranstaltung: G\u00f6ttingen im Hitzestress \u2013 Klimaanpassung gemeinsam denken - Radio Leinewelle<\/title>\n<meta name=\"robots\" content=\"index, follow, max-snippet:-1, max-image-preview:large, max-video-preview:-1\" \/>\n<link rel=\"canonical\" href=\"https:\/\/radioleinewelle.de\/index.php\/2025\/08\/20\/veranstaltung-goettingen-im-hitzestress-klimaanpassung-gemeinsam-denken\/\" \/>\n<meta property=\"og:locale\" content=\"de_DE\" \/>\n<meta property=\"og:type\" content=\"article\" \/>\n<meta property=\"og:title\" content=\"Veranstaltung: G\u00f6ttingen im Hitzestress \u2013 Klimaanpassung gemeinsam denken - Radio Leinewelle\" \/>\n<meta property=\"og:description\" content=\"Am 23. August 2025 G\u00f6ttingen l\u00e4dt der Verein Klimaschutz G\u00f6ttingen zur Veranstaltung \u201eG\u00f6ttingen im Hitzestress \u2013 Klimaanpassung gemeinsam denken\u201c ein. Die Veranstaltung beginnt um 20 Uhr und findet in der Albani-Kirche G\u00f6ttingen statt.&nbsp; Mittlerweile verzeichnen wir auch in unseren Breitengraden ein zunehmendes Aufkommen von Hitzewellen, die sich insbesondere f\u00fcr Stadtbewohner*innen negativ auf die Lebensqualit\u00e4t und [&hellip;]\" \/>\n<meta property=\"og:url\" content=\"https:\/\/radioleinewelle.de\/index.php\/2025\/08\/20\/veranstaltung-goettingen-im-hitzestress-klimaanpassung-gemeinsam-denken\/\" \/>\n<meta property=\"og:site_name\" content=\"Radio Leinewelle\" \/>\n<meta property=\"article:publisher\" content=\"https:\/\/www.facebook.com\/radioleinewelle\" \/>\n<meta property=\"article:author\" content=\"https:\/\/www.facebook.com\/radioleinewelle\" \/>\n<meta property=\"article:published_time\" content=\"2025-08-20T08:28:24+00:00\" \/>\n<meta property=\"article:modified_time\" content=\"2025-08-20T08:28:26+00:00\" \/>\n<meta property=\"og:image\" content=\"https:\/\/radioleinewelle.de\/wp-content\/uploads\/2025\/08\/Plakat-Goettingen-im-Hitzestress-A.3-min-scaled.jpg\" \/>\n\t<meta property=\"og:image:width\" content=\"1810\" \/>\n\t<meta property=\"og:image:height\" content=\"2560\" \/>\n\t<meta property=\"og:image:type\" content=\"image\/jpeg\" \/>\n<meta name=\"author\" content=\"Leinewelle\" \/>\n<meta name=\"twitter:card\" content=\"summary_large_image\" \/>\n<meta name=\"twitter:creator\" content=\"@https:\/\/twitter.com\/RLeinewelle?ref_src=twsrcgoogletwcampserptwgrauthor\" \/>\n<meta name=\"twitter:site\" content=\"@RLeinewelle\" \/>\n<meta name=\"twitter:label1\" content=\"Verfasst von\" \/>\n\t<meta name=\"twitter:data1\" content=\"Leinewelle\" \/>\n\t<meta name=\"twitter:label2\" content=\"Gesch\u00e4tzte Lesezeit\" \/>\n\t<meta name=\"twitter:data2\" content=\"2\u00a0Minuten\" \/>\n<script type=\"application\/ld+json\" class=\"yoast-schema-graph\">{\"@context\":\"https:\\\/\\\/schema.org\",\"@graph\":[{\"@type\":\"Article\",\"@id\":\"https:\\\/\\\/radioleinewelle.de\\\/index.php\\\/2025\\\/08\\\/20\\\/veranstaltung-goettingen-im-hitzestress-klimaanpassung-gemeinsam-denken\\\/#article\",\"isPartOf\":{\"@id\":\"https:\\\/\\\/radioleinewelle.de\\\/index.php\\\/2025\\\/08\\\/20\\\/veranstaltung-goettingen-im-hitzestress-klimaanpassung-gemeinsam-denken\\\/\"},\"author\":{\"name\":\"Leinewelle\",\"@id\":\"https:\\\/\\\/radioleinewelle.de\\\/#\\\/schema\\\/person\\\/45606f348637df637192dc1b68399a63\"},\"headline\":\"Veranstaltung: G\u00f6ttingen im Hitzestress \u2013 Klimaanpassung gemeinsam denken\",\"datePublished\":\"2025-08-20T08:28:24+00:00\",\"dateModified\":\"2025-08-20T08:28:26+00:00\",\"mainEntityOfPage\":{\"@id\":\"https:\\\/\\\/radioleinewelle.de\\\/index.php\\\/2025\\\/08\\\/20\\\/veranstaltung-goettingen-im-hitzestress-klimaanpassung-gemeinsam-denken\\\/\"},\"wordCount\":361,\"commentCount\":0,\"publisher\":{\"@id\":\"https:\\\/\\\/radioleinewelle.de\\\/#organization\"},\"image\":{\"@id\":\"https:\\\/\\\/radioleinewelle.de\\\/index.php\\\/2025\\\/08\\\/20\\\/veranstaltung-goettingen-im-hitzestress-klimaanpassung-gemeinsam-denken\\\/#primaryimage\"},\"thumbnailUrl\":\"https:\\\/\\\/radioleinewelle.de\\\/wp-content\\\/uploads\\\/2025\\\/08\\\/Plakat-Goettingen-im-Hitzestress-A.3-min-scaled.jpg\",\"articleSection\":[\"Klimawandel\"],\"inLanguage\":\"de\",\"potentialAction\":[{\"@type\":\"CommentAction\",\"name\":\"Comment\",\"target\":[\"https:\\\/\\\/radioleinewelle.de\\\/index.php\\\/2025\\\/08\\\/20\\\/veranstaltung-goettingen-im-hitzestress-klimaanpassung-gemeinsam-denken\\\/#respond\"]}]},{\"@type\":\"WebPage\",\"@id\":\"https:\\\/\\\/radioleinewelle.de\\\/index.php\\\/2025\\\/08\\\/20\\\/veranstaltung-goettingen-im-hitzestress-klimaanpassung-gemeinsam-denken\\\/\",\"url\":\"https:\\\/\\\/radioleinewelle.de\\\/index.php\\\/2025\\\/08\\\/20\\\/veranstaltung-goettingen-im-hitzestress-klimaanpassung-gemeinsam-denken\\\/\",\"name\":\"Veranstaltung: G\u00f6ttingen im Hitzestress \u2013 Klimaanpassung gemeinsam denken - Radio Leinewelle\",\"isPartOf\":{\"@id\":\"https:\\\/\\\/radioleinewelle.de\\\/#website\"},\"primaryImageOfPage\":{\"@id\":\"https:\\\/\\\/radioleinewelle.de\\\/index.php\\\/2025\\\/08\\\/20\\\/veranstaltung-goettingen-im-hitzestress-klimaanpassung-gemeinsam-denken\\\/#primaryimage\"},\"image\":{\"@id\":\"https:\\\/\\\/radioleinewelle.de\\\/index.php\\\/2025\\\/08\\\/20\\\/veranstaltung-goettingen-im-hitzestress-klimaanpassung-gemeinsam-denken\\\/#primaryimage\"},\"thumbnailUrl\":\"https:\\\/\\\/radioleinewelle.de\\\/wp-content\\\/uploads\\\/2025\\\/08\\\/Plakat-Goettingen-im-Hitzestress-A.3-min-scaled.jpg\",\"datePublished\":\"2025-08-20T08:28:24+00:00\",\"dateModified\":\"2025-08-20T08:28:26+00:00\",\"breadcrumb\":{\"@id\":\"https:\\\/\\\/radioleinewelle.de\\\/index.php\\\/2025\\\/08\\\/20\\\/veranstaltung-goettingen-im-hitzestress-klimaanpassung-gemeinsam-denken\\\/#breadcrumb\"},\"inLanguage\":\"de\",\"potentialAction\":[{\"@type\":\"ReadAction\",\"target\":[\"https:\\\/\\\/radioleinewelle.de\\\/index.php\\\/2025\\\/08\\\/20\\\/veranstaltung-goettingen-im-hitzestress-klimaanpassung-gemeinsam-denken\\\/\"]}]},{\"@type\":\"ImageObject\",\"inLanguage\":\"de\",\"@id\":\"https:\\\/\\\/radioleinewelle.de\\\/index.php\\\/2025\\\/08\\\/20\\\/veranstaltung-goettingen-im-hitzestress-klimaanpassung-gemeinsam-denken\\\/#primaryimage\",\"url\":\"https:\\\/\\\/radioleinewelle.de\\\/wp-content\\\/uploads\\\/2025\\\/08\\\/Plakat-Goettingen-im-Hitzestress-A.3-min-scaled.jpg\",\"contentUrl\":\"https:\\\/\\\/radioleinewelle.de\\\/wp-content\\\/uploads\\\/2025\\\/08\\\/Plakat-Goettingen-im-Hitzestress-A.3-min-scaled.jpg\",\"width\":1810,\"height\":2560},{\"@type\":\"BreadcrumbList\",\"@id\":\"https:\\\/\\\/radioleinewelle.de\\\/index.php\\\/2025\\\/08\\\/20\\\/veranstaltung-goettingen-im-hitzestress-klimaanpassung-gemeinsam-denken\\\/#breadcrumb\",\"itemListElement\":[{\"@type\":\"ListItem\",\"position\":1,\"name\":\"Startseite\",\"item\":\"https:\\\/\\\/radioleinewelle.de\\\/\"},{\"@type\":\"ListItem\",\"position\":2,\"name\":\"Veranstaltung: G\u00f6ttingen im Hitzestress \u2013 Klimaanpassung gemeinsam denken\"}]},{\"@type\":\"WebSite\",\"@id\":\"https:\\\/\\\/radioleinewelle.de\\\/#website\",\"url\":\"https:\\\/\\\/radioleinewelle.de\\\/\",\"name\":\"Radio Leinewelle\",\"description\":\"\",\"publisher\":{\"@id\":\"https:\\\/\\\/radioleinewelle.de\\\/#organization\"},\"potentialAction\":[{\"@type\":\"SearchAction\",\"target\":{\"@type\":\"EntryPoint\",\"urlTemplate\":\"https:\\\/\\\/radioleinewelle.de\\\/?s={search_term_string}\"},\"query-input\":{\"@type\":\"PropertyValueSpecification\",\"valueRequired\":true,\"valueName\":\"search_term_string\"}}],\"inLanguage\":\"de\"},{\"@type\":\"Organization\",\"@id\":\"https:\\\/\\\/radioleinewelle.de\\\/#organization\",\"name\":\"Radio Leinewelle\",\"alternateName\":\"Mein Radio f\u00fcr S\u00fcdniedersachsen\",\"url\":\"https:\\\/\\\/radioleinewelle.de\\\/\",\"logo\":{\"@type\":\"ImageObject\",\"inLanguage\":\"de\",\"@id\":\"https:\\\/\\\/radioleinewelle.de\\\/#\\\/schema\\\/logo\\\/image\\\/\",\"url\":\"https:\\\/\\\/radioleinewelle.de\\\/wp-content\\\/uploads\\\/2023\\\/11\\\/cropped-Leinewelle_Logo_weiss.png\",\"contentUrl\":\"https:\\\/\\\/radioleinewelle.de\\\/wp-content\\\/uploads\\\/2023\\\/11\\\/cropped-Leinewelle_Logo_weiss.png\",\"width\":854,\"height\":260,\"caption\":\"Radio Leinewelle\"},\"image\":{\"@id\":\"https:\\\/\\\/radioleinewelle.de\\\/#\\\/schema\\\/logo\\\/image\\\/\"},\"sameAs\":[\"https:\\\/\\\/www.facebook.com\\\/radioleinewelle\",\"https:\\\/\\\/x.com\\\/RLeinewelle\",\"https:\\\/\\\/www.instagram.com\\\/radioleinewelle\\\/?hl=de\"]},{\"@type\":\"Person\",\"@id\":\"https:\\\/\\\/radioleinewelle.de\\\/#\\\/schema\\\/person\\\/45606f348637df637192dc1b68399a63\",\"name\":\"Leinewelle\",\"image\":{\"@type\":\"ImageObject\",\"inLanguage\":\"de\",\"@id\":\"https:\\\/\\\/secure.gravatar.com\\\/avatar\\\/05c9a17bc973052ee5d91549bd32fb4dd0dc85b7b85ae94b2e2b4943476bbea5?s=96&d=blank&r=g\",\"url\":\"https:\\\/\\\/secure.gravatar.com\\\/avatar\\\/05c9a17bc973052ee5d91549bd32fb4dd0dc85b7b85ae94b2e2b4943476bbea5?s=96&d=blank&r=g\",\"contentUrl\":\"https:\\\/\\\/secure.gravatar.com\\\/avatar\\\/05c9a17bc973052ee5d91549bd32fb4dd0dc85b7b85ae94b2e2b4943476bbea5?s=96&d=blank&r=g\",\"caption\":\"Leinewelle\"},\"sameAs\":[\"http:\\\/\\\/localhost\\\/radio%20leinewelle\\\/wordpress\",\"https:\\\/\\\/www.facebook.com\\\/radioleinewelle\",\"https:\\\/\\\/www.instagram.com\\\/radioleinewelle\",\"https:\\\/\\\/x.com\\\/https:\\\/\\\/twitter.com\\\/RLeinewelle?ref_src=twsrcgoogletwcampserptwgrauthor\",\"https:\\\/\\\/soundcloud.com\\\/foerderverein-lokalradio?utm_source=clipboard&utm_medium=text&utm_campaign=social_sharing\"],\"url\":\"https:\\\/\\\/radioleinewelle.de\\\/index.php\\\/author\\\/leinewelle\\\/\"}]}<\/script>\n<!-- \/ Yoast SEO plugin. -->","yoast_head_json":{"title":"Veranstaltung: G\u00f6ttingen im Hitzestress \u2013 Klimaanpassung gemeinsam denken - Radio Leinewelle","robots":{"index":"index","follow":"follow","max-snippet":"max-snippet:-1","max-image-preview":"max-image-preview:large","max-video-preview":"max-video-preview:-1"},"canonical":"https:\/\/radioleinewelle.de\/index.php\/2025\/08\/20\/veranstaltung-goettingen-im-hitzestress-klimaanpassung-gemeinsam-denken\/","og_locale":"de_DE","og_type":"article","og_title":"Veranstaltung: G\u00f6ttingen im Hitzestress \u2013 Klimaanpassung gemeinsam denken - Radio Leinewelle","og_description":"Am 23. August 2025 G\u00f6ttingen l\u00e4dt der Verein Klimaschutz G\u00f6ttingen zur Veranstaltung \u201eG\u00f6ttingen im Hitzestress \u2013 Klimaanpassung gemeinsam denken\u201c ein. Die Veranstaltung beginnt um 20 Uhr und findet in der Albani-Kirche G\u00f6ttingen statt.&nbsp; Mittlerweile verzeichnen wir auch in unseren Breitengraden ein zunehmendes Aufkommen von Hitzewellen, die sich insbesondere f\u00fcr Stadtbewohner*innen negativ auf die Lebensqualit\u00e4t und [&hellip;]","og_url":"https:\/\/radioleinewelle.de\/index.php\/2025\/08\/20\/veranstaltung-goettingen-im-hitzestress-klimaanpassung-gemeinsam-denken\/","og_site_name":"Radio Leinewelle","article_publisher":"https:\/\/www.facebook.com\/radioleinewelle","article_author":"https:\/\/www.facebook.com\/radioleinewelle","article_published_time":"2025-08-20T08:28:24+00:00","article_modified_time":"2025-08-20T08:28:26+00:00","og_image":[{"width":1810,"height":2560,"url":"https:\/\/radioleinewelle.de\/wp-content\/uploads\/2025\/08\/Plakat-Goettingen-im-Hitzestress-A.3-min-scaled.jpg","type":"image\/jpeg"}],"author":"Leinewelle","twitter_card":"summary_large_image","twitter_creator":"@https:\/\/twitter.com\/RLeinewelle?ref_src=twsrcgoogletwcampserptwgrauthor","twitter_site":"@RLeinewelle","twitter_misc":{"Verfasst von":"Leinewelle","Gesch\u00e4tzte Lesezeit":"2\u00a0Minuten"},"schema":{"@context":"https:\/\/schema.org","@graph":[{"@type":"Article","@id":"https:\/\/radioleinewelle.de\/index.php\/2025\/08\/20\/veranstaltung-goettingen-im-hitzestress-klimaanpassung-gemeinsam-denken\/#article","isPartOf":{"@id":"https:\/\/radioleinewelle.de\/index.php\/2025\/08\/20\/veranstaltung-goettingen-im-hitzestress-klimaanpassung-gemeinsam-denken\/"},"author":{"name":"Leinewelle","@id":"https:\/\/radioleinewelle.de\/#\/schema\/person\/45606f348637df637192dc1b68399a63"},"headline":"Veranstaltung: G\u00f6ttingen im Hitzestress \u2013 Klimaanpassung gemeinsam denken","datePublished":"2025-08-20T08:28:24+00:00","dateModified":"2025-08-20T08:28:26+00:00","mainEntityOfPage":{"@id":"https:\/\/radioleinewelle.de\/index.php\/2025\/08\/20\/veranstaltung-goettingen-im-hitzestress-klimaanpassung-gemeinsam-denken\/"},"wordCount":361,"commentCount":0,"publisher":{"@id":"https:\/\/radioleinewelle.de\/#organization"},"image":{"@id":"https:\/\/radioleinewelle.de\/index.php\/2025\/08\/20\/veranstaltung-goettingen-im-hitzestress-klimaanpassung-gemeinsam-denken\/#primaryimage"},"thumbnailUrl":"https:\/\/radioleinewelle.de\/wp-content\/uploads\/2025\/08\/Plakat-Goettingen-im-Hitzestress-A.3-min-scaled.jpg","articleSection":["Klimawandel"],"inLanguage":"de","potentialAction":[{"@type":"CommentAction","name":"Comment","target":["https:\/\/radioleinewelle.de\/index.php\/2025\/08\/20\/veranstaltung-goettingen-im-hitzestress-klimaanpassung-gemeinsam-denken\/#respond"]}]},{"@type":"WebPage","@id":"https:\/\/radioleinewelle.de\/index.php\/2025\/08\/20\/veranstaltung-goettingen-im-hitzestress-klimaanpassung-gemeinsam-denken\/","url":"https:\/\/radioleinewelle.de\/index.php\/2025\/08\/20\/veranstaltung-goettingen-im-hitzestress-klimaanpassung-gemeinsam-denken\/","name":"Veranstaltung: G\u00f6ttingen im Hitzestress \u2013 Klimaanpassung gemeinsam denken - Radio Leinewelle","isPartOf":{"@id":"https:\/\/radioleinewelle.de\/#website"},"primaryImageOfPage":{"@id":"https:\/\/radioleinewelle.de\/index.php\/2025\/08\/20\/veranstaltung-goettingen-im-hitzestress-klimaanpassung-gemeinsam-denken\/#primaryimage"},"image":{"@id":"https:\/\/radioleinewelle.de\/index.php\/2025\/08\/20\/veranstaltung-goettingen-im-hitzestress-klimaanpassung-gemeinsam-denken\/#primaryimage"},"thumbnailUrl":"https:\/\/radioleinewelle.de\/wp-content\/uploads\/2025\/08\/Plakat-Goettingen-im-Hitzestress-A.3-min-scaled.jpg","datePublished":"2025-08-20T08:28:24+00:00","dateModified":"2025-08-20T08:28:26+00:00","breadcrumb":{"@id":"https:\/\/radioleinewelle.de\/index.php\/2025\/08\/20\/veranstaltung-goettingen-im-hitzestress-klimaanpassung-gemeinsam-denken\/#breadcrumb"},"inLanguage":"de","potentialAction":[{"@type":"ReadAction","target":["https:\/\/radioleinewelle.de\/index.php\/2025\/08\/20\/veranstaltung-goettingen-im-hitzestress-klimaanpassung-gemeinsam-denken\/"]}]},{"@type":"ImageObject","inLanguage":"de","@id":"https:\/\/radioleinewelle.de\/index.php\/2025\/08\/20\/veranstaltung-goettingen-im-hitzestress-klimaanpassung-gemeinsam-denken\/#primaryimage","url":"https:\/\/radioleinewelle.de\/wp-content\/uploads\/2025\/08\/Plakat-Goettingen-im-Hitzestress-A.3-min-scaled.jpg","contentUrl":"https:\/\/radioleinewelle.de\/wp-content\/uploads\/2025\/08\/Plakat-Goettingen-im-Hitzestress-A.3-min-scaled.jpg","width":1810,"height":2560},{"@type":"BreadcrumbList","@id":"https:\/\/radioleinewelle.de\/index.php\/2025\/08\/20\/veranstaltung-goettingen-im-hitzestress-klimaanpassung-gemeinsam-denken\/#breadcrumb","itemListElement":[{"@type":"ListItem","position":1,"name":"Startseite","item":"https:\/\/radioleinewelle.de\/"},{"@type":"ListItem","position":2,"name":"Veranstaltung: G\u00f6ttingen im Hitzestress \u2013 Klimaanpassung gemeinsam denken"}]},{"@type":"WebSite","@id":"https:\/\/radioleinewelle.de\/#website","url":"https:\/\/radioleinewelle.de\/","name":"Radio Leinewelle","description":"","publisher":{"@id":"https:\/\/radioleinewelle.de\/#organization"},"potentialAction":[{"@type":"SearchAction","target":{"@type":"EntryPoint","urlTemplate":"https:\/\/radioleinewelle.de\/?s={search_term_string}"},"query-input":{"@type":"PropertyValueSpecification","valueRequired":true,"valueName":"search_term_string"}}],"inLanguage":"de"},{"@type":"Organization","@id":"https:\/\/radioleinewelle.de\/#organization","name":"Radio Leinewelle","alternateName":"Mein Radio f\u00fcr S\u00fcdniedersachsen","url":"https:\/\/radioleinewelle.de\/","logo":{"@type":"ImageObject","inLanguage":"de","@id":"https:\/\/radioleinewelle.de\/#\/schema\/logo\/image\/","url":"https:\/\/radioleinewelle.de\/wp-content\/uploads\/2023\/11\/cropped-Leinewelle_Logo_weiss.png","contentUrl":"https:\/\/radioleinewelle.de\/wp-content\/uploads\/2023\/11\/cropped-Leinewelle_Logo_weiss.png","width":854,"height":260,"caption":"Radio Leinewelle"},"image":{"@id":"https:\/\/radioleinewelle.de\/#\/schema\/logo\/image\/"},"sameAs":["https:\/\/www.facebook.com\/radioleinewelle","https:\/\/x.com\/RLeinewelle","https:\/\/www.instagram.com\/radioleinewelle\/?hl=de"]},{"@type":"Person","@id":"https:\/\/radioleinewelle.de\/#\/schema\/person\/45606f348637df637192dc1b68399a63","name":"Leinewelle","image":{"@type":"ImageObject","inLanguage":"de","@id":"https:\/\/secure.gravatar.com\/avatar\/05c9a17bc973052ee5d91549bd32fb4dd0dc85b7b85ae94b2e2b4943476bbea5?s=96&d=blank&r=g","url":"https:\/\/secure.gravatar.com\/avatar\/05c9a17bc973052ee5d91549bd32fb4dd0dc85b7b85ae94b2e2b4943476bbea5?s=96&d=blank&r=g","contentUrl":"https:\/\/secure.gravatar.com\/avatar\/05c9a17bc973052ee5d91549bd32fb4dd0dc85b7b85ae94b2e2b4943476bbea5?s=96&d=blank&r=g","caption":"Leinewelle"},"sameAs":["http:\/\/localhost\/radio%20leinewelle\/wordpress","https:\/\/www.facebook.com\/radioleinewelle","https:\/\/www.instagram.com\/radioleinewelle","https:\/\/x.com\/https:\/\/twitter.com\/RLeinewelle?ref_src=twsrcgoogletwcampserptwgrauthor","https:\/\/soundcloud.com\/foerderverein-lokalradio?utm_source=clipboard&utm_medium=text&utm_campaign=social_sharing"],"url":"https:\/\/radioleinewelle.de\/index.php\/author\/leinewelle\/"}]}},"_links":{"self":[{"href":"https:\/\/radioleinewelle.de\/index.php\/wp-json\/wp\/v2\/posts\/28898","targetHints":{"allow":["GET"]}}],"collection":[{"href":"https:\/\/radioleinewelle.de\/index.php\/wp-json\/wp\/v2\/posts"}],"about":[{"href":"https:\/\/radioleinewelle.de\/index.php\/wp-json\/wp\/v2\/types\/post"}],"author":[{"embeddable":true,"href":"https:\/\/radioleinewelle.de\/index.php\/wp-json\/wp\/v2\/users\/1"}],"replies":[{"embeddable":true,"href":"https:\/\/radioleinewelle.de\/index.php\/wp-json\/wp\/v2\/comments?post=28898"}],"version-history":[{"count":2,"href":"https:\/\/radioleinewelle.de\/index.php\/wp-json\/wp\/v2\/posts\/28898\/revisions"}],"predecessor-version":[{"id":28901,"href":"https:\/\/radioleinewelle.de\/index.php\/wp-json\/wp\/v2\/posts\/28898\/revisions\/28901"}],"wp:featuredmedia":[{"embeddable":true,"href":"https:\/\/radioleinewelle.de\/index.php\/wp-json\/wp\/v2\/media\/28900"}],"wp:attachment":[{"href":"https:\/\/radioleinewelle.de\/index.php\/wp-json\/wp\/v2\/media?parent=28898"}],"wp:term":[{"taxonomy":"category","embeddable":true,"href":"https:\/\/radioleinewelle.de\/index.php\/wp-json\/wp\/v2\/categories?post=28898"},{"taxonomy":"post_tag","embeddable":true,"href":"https:\/\/radioleinewelle.de\/index.php\/wp-json\/wp\/v2\/tags?post=28898"}],"curies":[{"name":"wp","href":"https:\/\/api.w.org\/{rel}","templated":true}]}}