{"id":2893,"date":"2020-11-12T05:15:26","date_gmt":"2020-11-12T04:15:26","guid":{"rendered":"https:\/\/radioleinewelle.de\/?p=2893"},"modified":"2020-11-12T05:15:26","modified_gmt":"2020-11-12T04:15:26","slug":"osterode-buergermeister-augat-besucht-fa-piller","status":"publish","type":"post","link":"https:\/\/radioleinewelle.de\/index.php\/2020\/11\/12\/osterode-buergermeister-augat-besucht-fa-piller\/","title":{"rendered":"Osterode: B\u00fcrgermeister Augat besucht Fa. Piller"},"content":{"rendered":"<p>Der Austausch zwischen Osteroder Unternehmen und der Stadtverwaltung wird auch in schwierigen Zeiten fortgesetzt. Deshalb besuchte Osterodes B\u00fcrgermeister Jens Augat zusammen mit dem ersten Stadtrat Thomas Christiansen und Uwe Breyer, Servicestelle Wirtschaft, die Firma Piller. Herr Dr. Detlev Seidel, Gesch\u00e4ftsf\u00fchrer des Unternehmens, begr\u00fc\u00dfte die G\u00e4ste. Im Rahmen des intensiven Austausches ging es um die k\u00fcnftige Entwicklung des Unternehmens am Standort Osterode am Harz und eine weitere Verbesserung der Rahmenbedingungen durch die Stadt. Die Firma Piller ist seit mehr als 100 Jahren am Standort Osterode am Harz beheimatet und eng mit dem Standort verbunden. Piller ist ein weltweit f\u00fchrender Anbieter von Systemen zur unterbrechungsfreien Stromversorgung unternehmenskritischer Energieanwendungen. 1909 von Anton Piller in Hamburg gegr\u00fcndet, zog das Unternehmen 1919 an seinen heutigen Hauptsitz und Produktionsstandort in Osterode am Harz um. Das Unternehmen besch\u00e4ftigt weltweit rund 1000 Mitarbeiter und ist eine Tochtergesellschaft der englischen, diversifizierten und in Privatbesitz befindlichen Maschinenbaugruppe <a href=\"http:\/\/www.langleyholdings.com\/\">Langley Holdings plc<\/a>.<\/p>\n<p>&nbsp;<\/p>\n<p>&#8212;&#8212;&#8212;&#8212;&#8212;&#8212;&#8212;&#8212;&#8212;&#8212;&#8212;&#8212;&#8212;&#8212;&#8212;&#8212;&#8212;&#8212;&#8212;&#8212;&#8212;&#8212;&#8212;&#8212;&#8212;&#8212;&#8212;&#8212;&#8212;&#8212;&#8212;&#8212;&#8212;&#8212;&#8212;&#8212;&#8212;&#8212;&#8212;&#8212;&#8212;&#8212;&#8212;&#8212;-<\/p>\n<p>Das Bild zeigt von links: Erster Stadtrat Thomas Christiansen, Gesch\u00e4ftsf\u00fchrer \u00a0Dr. Detlev Seidel und B\u00fcrgermeister Jens Augat im Foyer des Unternehmens. (Foto: Stadt Osterode)<\/p>\n","protected":false},"excerpt":{"rendered":"<p>Der Austausch zwischen Osteroder Unternehmen und der Stadtverwaltung wird auch in schwierigen Zeiten fortgesetzt. Deshalb besuchte Osterodes B\u00fcrgermeister Jens Augat zusammen mit dem ersten Stadtrat Thomas Christiansen und Uwe Breyer, Servicestelle Wirtschaft, die Firma Piller. Herr Dr. Detlev Seidel, Gesch\u00e4ftsf\u00fchrer des Unternehmens, begr\u00fc\u00dfte die G\u00e4ste. Im Rahmen des intensiven Austausches ging es um die k\u00fcnftige [&hellip;]<\/p>\n","protected":false},"author":1,"featured_media":2895,"comment_status":"closed","ping_status":"closed","sticky":false,"template":"","format":"standard","meta":{"saved_in_kubio":false,"footnotes":""},"categories":[1],"tags":[],"class_list":["post-2893","post","type-post","status-publish","format-standard","has-post-thumbnail","hentry","category-allgemein"],"yoast_head":"<!-- This site is optimized with the Yoast SEO plugin v27.5 - https:\/\/yoast.com\/product\/yoast-seo-wordpress\/ -->\n<title>Osterode: B\u00fcrgermeister Augat besucht Fa. Piller - Radio Leinewelle<\/title>\n<meta name=\"robots\" content=\"index, follow, max-snippet:-1, max-image-preview:large, max-video-preview:-1\" \/>\n<link rel=\"canonical\" href=\"https:\/\/radioleinewelle.de\/index.php\/2020\/11\/12\/osterode-buergermeister-augat-besucht-fa-piller\/\" \/>\n<meta property=\"og:locale\" content=\"de_DE\" \/>\n<meta property=\"og:type\" content=\"article\" \/>\n<meta property=\"og:title\" content=\"Osterode: B\u00fcrgermeister Augat besucht Fa. Piller - Radio Leinewelle\" \/>\n<meta property=\"og:description\" content=\"Der Austausch zwischen Osteroder Unternehmen und der Stadtverwaltung wird auch in schwierigen Zeiten fortgesetzt. Deshalb besuchte Osterodes B\u00fcrgermeister Jens Augat zusammen mit dem ersten Stadtrat Thomas Christiansen und Uwe Breyer, Servicestelle Wirtschaft, die Firma Piller. Herr Dr. Detlev Seidel, Gesch\u00e4ftsf\u00fchrer des Unternehmens, begr\u00fc\u00dfte die G\u00e4ste. Im Rahmen des intensiven Austausches ging es um die k\u00fcnftige [&hellip;]\" \/>\n<meta property=\"og:url\" content=\"https:\/\/radioleinewelle.de\/index.php\/2020\/11\/12\/osterode-buergermeister-augat-besucht-fa-piller\/\" \/>\n<meta property=\"og:site_name\" content=\"Radio Leinewelle\" \/>\n<meta property=\"article:publisher\" content=\"https:\/\/www.facebook.com\/radioleinewelle\" \/>\n<meta property=\"article:author\" content=\"https:\/\/www.facebook.com\/radioleinewelle\" \/>\n<meta property=\"article:published_time\" content=\"2020-11-12T04:15:26+00:00\" \/>\n<meta property=\"og:image\" content=\"https:\/\/radioleinewelle.de\/wp-content\/uploads\/2020\/11\/Fa.-Piller-Besuch-am-06.11.20-e1605112787101.jpg\" \/>\n\t<meta property=\"og:image:width\" content=\"574\" \/>\n\t<meta property=\"og:image:height\" content=\"291\" \/>\n\t<meta property=\"og:image:type\" content=\"image\/jpeg\" \/>\n<meta name=\"author\" content=\"Leinewelle\" \/>\n<meta name=\"twitter:card\" content=\"summary_large_image\" \/>\n<meta name=\"twitter:creator\" content=\"@https:\/\/twitter.com\/RLeinewelle?ref_src=twsrcgoogletwcampserptwgrauthor\" \/>\n<meta name=\"twitter:site\" content=\"@RLeinewelle\" \/>\n<meta name=\"twitter:label1\" content=\"Verfasst von\" \/>\n\t<meta name=\"twitter:data1\" content=\"Leinewelle\" \/>\n\t<meta name=\"twitter:label2\" content=\"Gesch\u00e4tzte Lesezeit\" \/>\n\t<meta name=\"twitter:data2\" content=\"1\u00a0Minute\" \/>\n<script type=\"application\/ld+json\" class=\"yoast-schema-graph\">{\"@context\":\"https:\\\/\\\/schema.org\",\"@graph\":[{\"@type\":\"Article\",\"@id\":\"https:\\\/\\\/radioleinewelle.de\\\/index.php\\\/2020\\\/11\\\/12\\\/osterode-buergermeister-augat-besucht-fa-piller\\\/#article\",\"isPartOf\":{\"@id\":\"https:\\\/\\\/radioleinewelle.de\\\/index.php\\\/2020\\\/11\\\/12\\\/osterode-buergermeister-augat-besucht-fa-piller\\\/\"},\"author\":{\"name\":\"Leinewelle\",\"@id\":\"https:\\\/\\\/radioleinewelle.de\\\/#\\\/schema\\\/person\\\/45606f348637df637192dc1b68399a63\"},\"headline\":\"Osterode: B\u00fcrgermeister Augat besucht Fa. Piller\",\"datePublished\":\"2020-11-12T04:15:26+00:00\",\"mainEntityOfPage\":{\"@id\":\"https:\\\/\\\/radioleinewelle.de\\\/index.php\\\/2020\\\/11\\\/12\\\/osterode-buergermeister-augat-besucht-fa-piller\\\/\"},\"wordCount\":191,\"publisher\":{\"@id\":\"https:\\\/\\\/radioleinewelle.de\\\/#organization\"},\"image\":{\"@id\":\"https:\\\/\\\/radioleinewelle.de\\\/index.php\\\/2020\\\/11\\\/12\\\/osterode-buergermeister-augat-besucht-fa-piller\\\/#primaryimage\"},\"thumbnailUrl\":\"https:\\\/\\\/radioleinewelle.de\\\/wp-content\\\/uploads\\\/2020\\\/11\\\/Fa.-Piller-Besuch-am-06.11.20-e1605112787101.jpg\",\"inLanguage\":\"de\"},{\"@type\":\"WebPage\",\"@id\":\"https:\\\/\\\/radioleinewelle.de\\\/index.php\\\/2020\\\/11\\\/12\\\/osterode-buergermeister-augat-besucht-fa-piller\\\/\",\"url\":\"https:\\\/\\\/radioleinewelle.de\\\/index.php\\\/2020\\\/11\\\/12\\\/osterode-buergermeister-augat-besucht-fa-piller\\\/\",\"name\":\"Osterode: B\u00fcrgermeister Augat besucht Fa. Piller - Radio Leinewelle\",\"isPartOf\":{\"@id\":\"https:\\\/\\\/radioleinewelle.de\\\/#website\"},\"primaryImageOfPage\":{\"@id\":\"https:\\\/\\\/radioleinewelle.de\\\/index.php\\\/2020\\\/11\\\/12\\\/osterode-buergermeister-augat-besucht-fa-piller\\\/#primaryimage\"},\"image\":{\"@id\":\"https:\\\/\\\/radioleinewelle.de\\\/index.php\\\/2020\\\/11\\\/12\\\/osterode-buergermeister-augat-besucht-fa-piller\\\/#primaryimage\"},\"thumbnailUrl\":\"https:\\\/\\\/radioleinewelle.de\\\/wp-content\\\/uploads\\\/2020\\\/11\\\/Fa.-Piller-Besuch-am-06.11.20-e1605112787101.jpg\",\"datePublished\":\"2020-11-12T04:15:26+00:00\",\"breadcrumb\":{\"@id\":\"https:\\\/\\\/radioleinewelle.de\\\/index.php\\\/2020\\\/11\\\/12\\\/osterode-buergermeister-augat-besucht-fa-piller\\\/#breadcrumb\"},\"inLanguage\":\"de\",\"potentialAction\":[{\"@type\":\"ReadAction\",\"target\":[\"https:\\\/\\\/radioleinewelle.de\\\/index.php\\\/2020\\\/11\\\/12\\\/osterode-buergermeister-augat-besucht-fa-piller\\\/\"]}]},{\"@type\":\"ImageObject\",\"inLanguage\":\"de\",\"@id\":\"https:\\\/\\\/radioleinewelle.de\\\/index.php\\\/2020\\\/11\\\/12\\\/osterode-buergermeister-augat-besucht-fa-piller\\\/#primaryimage\",\"url\":\"https:\\\/\\\/radioleinewelle.de\\\/wp-content\\\/uploads\\\/2020\\\/11\\\/Fa.-Piller-Besuch-am-06.11.20-e1605112787101.jpg\",\"contentUrl\":\"https:\\\/\\\/radioleinewelle.de\\\/wp-content\\\/uploads\\\/2020\\\/11\\\/Fa.-Piller-Besuch-am-06.11.20-e1605112787101.jpg\",\"width\":574,\"height\":291},{\"@type\":\"BreadcrumbList\",\"@id\":\"https:\\\/\\\/radioleinewelle.de\\\/index.php\\\/2020\\\/11\\\/12\\\/osterode-buergermeister-augat-besucht-fa-piller\\\/#breadcrumb\",\"itemListElement\":[{\"@type\":\"ListItem\",\"position\":1,\"name\":\"Startseite\",\"item\":\"https:\\\/\\\/radioleinewelle.de\\\/\"},{\"@type\":\"ListItem\",\"position\":2,\"name\":\"Osterode: B\u00fcrgermeister Augat besucht Fa. Piller\"}]},{\"@type\":\"WebSite\",\"@id\":\"https:\\\/\\\/radioleinewelle.de\\\/#website\",\"url\":\"https:\\\/\\\/radioleinewelle.de\\\/\",\"name\":\"Radio Leinewelle\",\"description\":\"\",\"publisher\":{\"@id\":\"https:\\\/\\\/radioleinewelle.de\\\/#organization\"},\"potentialAction\":[{\"@type\":\"SearchAction\",\"target\":{\"@type\":\"EntryPoint\",\"urlTemplate\":\"https:\\\/\\\/radioleinewelle.de\\\/?s={search_term_string}\"},\"query-input\":{\"@type\":\"PropertyValueSpecification\",\"valueRequired\":true,\"valueName\":\"search_term_string\"}}],\"inLanguage\":\"de\"},{\"@type\":\"Organization\",\"@id\":\"https:\\\/\\\/radioleinewelle.de\\\/#organization\",\"name\":\"Radio Leinewelle\",\"alternateName\":\"Mein Radio f\u00fcr S\u00fcdniedersachsen\",\"url\":\"https:\\\/\\\/radioleinewelle.de\\\/\",\"logo\":{\"@type\":\"ImageObject\",\"inLanguage\":\"de\",\"@id\":\"https:\\\/\\\/radioleinewelle.de\\\/#\\\/schema\\\/logo\\\/image\\\/\",\"url\":\"https:\\\/\\\/radioleinewelle.de\\\/wp-content\\\/uploads\\\/2023\\\/11\\\/cropped-Leinewelle_Logo_weiss.png\",\"contentUrl\":\"https:\\\/\\\/radioleinewelle.de\\\/wp-content\\\/uploads\\\/2023\\\/11\\\/cropped-Leinewelle_Logo_weiss.png\",\"width\":854,\"height\":260,\"caption\":\"Radio Leinewelle\"},\"image\":{\"@id\":\"https:\\\/\\\/radioleinewelle.de\\\/#\\\/schema\\\/logo\\\/image\\\/\"},\"sameAs\":[\"https:\\\/\\\/www.facebook.com\\\/radioleinewelle\",\"https:\\\/\\\/x.com\\\/RLeinewelle\",\"https:\\\/\\\/www.instagram.com\\\/radioleinewelle\\\/?hl=de\"]},{\"@type\":\"Person\",\"@id\":\"https:\\\/\\\/radioleinewelle.de\\\/#\\\/schema\\\/person\\\/45606f348637df637192dc1b68399a63\",\"name\":\"Leinewelle\",\"image\":{\"@type\":\"ImageObject\",\"inLanguage\":\"de\",\"@id\":\"https:\\\/\\\/secure.gravatar.com\\\/avatar\\\/05c9a17bc973052ee5d91549bd32fb4dd0dc85b7b85ae94b2e2b4943476bbea5?s=96&d=blank&r=g\",\"url\":\"https:\\\/\\\/secure.gravatar.com\\\/avatar\\\/05c9a17bc973052ee5d91549bd32fb4dd0dc85b7b85ae94b2e2b4943476bbea5?s=96&d=blank&r=g\",\"contentUrl\":\"https:\\\/\\\/secure.gravatar.com\\\/avatar\\\/05c9a17bc973052ee5d91549bd32fb4dd0dc85b7b85ae94b2e2b4943476bbea5?s=96&d=blank&r=g\",\"caption\":\"Leinewelle\"},\"sameAs\":[\"http:\\\/\\\/localhost\\\/radio%20leinewelle\\\/wordpress\",\"https:\\\/\\\/www.facebook.com\\\/radioleinewelle\",\"https:\\\/\\\/www.instagram.com\\\/radioleinewelle\",\"https:\\\/\\\/x.com\\\/https:\\\/\\\/twitter.com\\\/RLeinewelle?ref_src=twsrcgoogletwcampserptwgrauthor\",\"https:\\\/\\\/soundcloud.com\\\/foerderverein-lokalradio?utm_source=clipboard&utm_medium=text&utm_campaign=social_sharing\"],\"url\":\"https:\\\/\\\/radioleinewelle.de\\\/index.php\\\/author\\\/leinewelle\\\/\"}]}<\/script>\n<!-- \/ Yoast SEO plugin. -->","yoast_head_json":{"title":"Osterode: B\u00fcrgermeister Augat besucht Fa. Piller - Radio Leinewelle","robots":{"index":"index","follow":"follow","max-snippet":"max-snippet:-1","max-image-preview":"max-image-preview:large","max-video-preview":"max-video-preview:-1"},"canonical":"https:\/\/radioleinewelle.de\/index.php\/2020\/11\/12\/osterode-buergermeister-augat-besucht-fa-piller\/","og_locale":"de_DE","og_type":"article","og_title":"Osterode: B\u00fcrgermeister Augat besucht Fa. Piller - Radio Leinewelle","og_description":"Der Austausch zwischen Osteroder Unternehmen und der Stadtverwaltung wird auch in schwierigen Zeiten fortgesetzt. Deshalb besuchte Osterodes B\u00fcrgermeister Jens Augat zusammen mit dem ersten Stadtrat Thomas Christiansen und Uwe Breyer, Servicestelle Wirtschaft, die Firma Piller. Herr Dr. Detlev Seidel, Gesch\u00e4ftsf\u00fchrer des Unternehmens, begr\u00fc\u00dfte die G\u00e4ste. Im Rahmen des intensiven Austausches ging es um die k\u00fcnftige [&hellip;]","og_url":"https:\/\/radioleinewelle.de\/index.php\/2020\/11\/12\/osterode-buergermeister-augat-besucht-fa-piller\/","og_site_name":"Radio Leinewelle","article_publisher":"https:\/\/www.facebook.com\/radioleinewelle","article_author":"https:\/\/www.facebook.com\/radioleinewelle","article_published_time":"2020-11-12T04:15:26+00:00","og_image":[{"width":574,"height":291,"url":"https:\/\/radioleinewelle.de\/wp-content\/uploads\/2020\/11\/Fa.-Piller-Besuch-am-06.11.20-e1605112787101.jpg","type":"image\/jpeg"}],"author":"Leinewelle","twitter_card":"summary_large_image","twitter_creator":"@https:\/\/twitter.com\/RLeinewelle?ref_src=twsrcgoogletwcampserptwgrauthor","twitter_site":"@RLeinewelle","twitter_misc":{"Verfasst von":"Leinewelle","Gesch\u00e4tzte Lesezeit":"1\u00a0Minute"},"schema":{"@context":"https:\/\/schema.org","@graph":[{"@type":"Article","@id":"https:\/\/radioleinewelle.de\/index.php\/2020\/11\/12\/osterode-buergermeister-augat-besucht-fa-piller\/#article","isPartOf":{"@id":"https:\/\/radioleinewelle.de\/index.php\/2020\/11\/12\/osterode-buergermeister-augat-besucht-fa-piller\/"},"author":{"name":"Leinewelle","@id":"https:\/\/radioleinewelle.de\/#\/schema\/person\/45606f348637df637192dc1b68399a63"},"headline":"Osterode: B\u00fcrgermeister Augat besucht Fa. Piller","datePublished":"2020-11-12T04:15:26+00:00","mainEntityOfPage":{"@id":"https:\/\/radioleinewelle.de\/index.php\/2020\/11\/12\/osterode-buergermeister-augat-besucht-fa-piller\/"},"wordCount":191,"publisher":{"@id":"https:\/\/radioleinewelle.de\/#organization"},"image":{"@id":"https:\/\/radioleinewelle.de\/index.php\/2020\/11\/12\/osterode-buergermeister-augat-besucht-fa-piller\/#primaryimage"},"thumbnailUrl":"https:\/\/radioleinewelle.de\/wp-content\/uploads\/2020\/11\/Fa.-Piller-Besuch-am-06.11.20-e1605112787101.jpg","inLanguage":"de"},{"@type":"WebPage","@id":"https:\/\/radioleinewelle.de\/index.php\/2020\/11\/12\/osterode-buergermeister-augat-besucht-fa-piller\/","url":"https:\/\/radioleinewelle.de\/index.php\/2020\/11\/12\/osterode-buergermeister-augat-besucht-fa-piller\/","name":"Osterode: B\u00fcrgermeister Augat besucht Fa. Piller - Radio Leinewelle","isPartOf":{"@id":"https:\/\/radioleinewelle.de\/#website"},"primaryImageOfPage":{"@id":"https:\/\/radioleinewelle.de\/index.php\/2020\/11\/12\/osterode-buergermeister-augat-besucht-fa-piller\/#primaryimage"},"image":{"@id":"https:\/\/radioleinewelle.de\/index.php\/2020\/11\/12\/osterode-buergermeister-augat-besucht-fa-piller\/#primaryimage"},"thumbnailUrl":"https:\/\/radioleinewelle.de\/wp-content\/uploads\/2020\/11\/Fa.-Piller-Besuch-am-06.11.20-e1605112787101.jpg","datePublished":"2020-11-12T04:15:26+00:00","breadcrumb":{"@id":"https:\/\/radioleinewelle.de\/index.php\/2020\/11\/12\/osterode-buergermeister-augat-besucht-fa-piller\/#breadcrumb"},"inLanguage":"de","potentialAction":[{"@type":"ReadAction","target":["https:\/\/radioleinewelle.de\/index.php\/2020\/11\/12\/osterode-buergermeister-augat-besucht-fa-piller\/"]}]},{"@type":"ImageObject","inLanguage":"de","@id":"https:\/\/radioleinewelle.de\/index.php\/2020\/11\/12\/osterode-buergermeister-augat-besucht-fa-piller\/#primaryimage","url":"https:\/\/radioleinewelle.de\/wp-content\/uploads\/2020\/11\/Fa.-Piller-Besuch-am-06.11.20-e1605112787101.jpg","contentUrl":"https:\/\/radioleinewelle.de\/wp-content\/uploads\/2020\/11\/Fa.-Piller-Besuch-am-06.11.20-e1605112787101.jpg","width":574,"height":291},{"@type":"BreadcrumbList","@id":"https:\/\/radioleinewelle.de\/index.php\/2020\/11\/12\/osterode-buergermeister-augat-besucht-fa-piller\/#breadcrumb","itemListElement":[{"@type":"ListItem","position":1,"name":"Startseite","item":"https:\/\/radioleinewelle.de\/"},{"@type":"ListItem","position":2,"name":"Osterode: B\u00fcrgermeister Augat besucht Fa. Piller"}]},{"@type":"WebSite","@id":"https:\/\/radioleinewelle.de\/#website","url":"https:\/\/radioleinewelle.de\/","name":"Radio Leinewelle","description":"","publisher":{"@id":"https:\/\/radioleinewelle.de\/#organization"},"potentialAction":[{"@type":"SearchAction","target":{"@type":"EntryPoint","urlTemplate":"https:\/\/radioleinewelle.de\/?s={search_term_string}"},"query-input":{"@type":"PropertyValueSpecification","valueRequired":true,"valueName":"search_term_string"}}],"inLanguage":"de"},{"@type":"Organization","@id":"https:\/\/radioleinewelle.de\/#organization","name":"Radio Leinewelle","alternateName":"Mein Radio f\u00fcr S\u00fcdniedersachsen","url":"https:\/\/radioleinewelle.de\/","logo":{"@type":"ImageObject","inLanguage":"de","@id":"https:\/\/radioleinewelle.de\/#\/schema\/logo\/image\/","url":"https:\/\/radioleinewelle.de\/wp-content\/uploads\/2023\/11\/cropped-Leinewelle_Logo_weiss.png","contentUrl":"https:\/\/radioleinewelle.de\/wp-content\/uploads\/2023\/11\/cropped-Leinewelle_Logo_weiss.png","width":854,"height":260,"caption":"Radio Leinewelle"},"image":{"@id":"https:\/\/radioleinewelle.de\/#\/schema\/logo\/image\/"},"sameAs":["https:\/\/www.facebook.com\/radioleinewelle","https:\/\/x.com\/RLeinewelle","https:\/\/www.instagram.com\/radioleinewelle\/?hl=de"]},{"@type":"Person","@id":"https:\/\/radioleinewelle.de\/#\/schema\/person\/45606f348637df637192dc1b68399a63","name":"Leinewelle","image":{"@type":"ImageObject","inLanguage":"de","@id":"https:\/\/secure.gravatar.com\/avatar\/05c9a17bc973052ee5d91549bd32fb4dd0dc85b7b85ae94b2e2b4943476bbea5?s=96&d=blank&r=g","url":"https:\/\/secure.gravatar.com\/avatar\/05c9a17bc973052ee5d91549bd32fb4dd0dc85b7b85ae94b2e2b4943476bbea5?s=96&d=blank&r=g","contentUrl":"https:\/\/secure.gravatar.com\/avatar\/05c9a17bc973052ee5d91549bd32fb4dd0dc85b7b85ae94b2e2b4943476bbea5?s=96&d=blank&r=g","caption":"Leinewelle"},"sameAs":["http:\/\/localhost\/radio%20leinewelle\/wordpress","https:\/\/www.facebook.com\/radioleinewelle","https:\/\/www.instagram.com\/radioleinewelle","https:\/\/x.com\/https:\/\/twitter.com\/RLeinewelle?ref_src=twsrcgoogletwcampserptwgrauthor","https:\/\/soundcloud.com\/foerderverein-lokalradio?utm_source=clipboard&utm_medium=text&utm_campaign=social_sharing"],"url":"https:\/\/radioleinewelle.de\/index.php\/author\/leinewelle\/"}]}},"_links":{"self":[{"href":"https:\/\/radioleinewelle.de\/index.php\/wp-json\/wp\/v2\/posts\/2893","targetHints":{"allow":["GET"]}}],"collection":[{"href":"https:\/\/radioleinewelle.de\/index.php\/wp-json\/wp\/v2\/posts"}],"about":[{"href":"https:\/\/radioleinewelle.de\/index.php\/wp-json\/wp\/v2\/types\/post"}],"author":[{"embeddable":true,"href":"https:\/\/radioleinewelle.de\/index.php\/wp-json\/wp\/v2\/users\/1"}],"replies":[{"embeddable":true,"href":"https:\/\/radioleinewelle.de\/index.php\/wp-json\/wp\/v2\/comments?post=2893"}],"version-history":[{"count":0,"href":"https:\/\/radioleinewelle.de\/index.php\/wp-json\/wp\/v2\/posts\/2893\/revisions"}],"wp:featuredmedia":[{"embeddable":true,"href":"https:\/\/radioleinewelle.de\/index.php\/wp-json\/wp\/v2\/media\/2895"}],"wp:attachment":[{"href":"https:\/\/radioleinewelle.de\/index.php\/wp-json\/wp\/v2\/media?parent=2893"}],"wp:term":[{"taxonomy":"category","embeddable":true,"href":"https:\/\/radioleinewelle.de\/index.php\/wp-json\/wp\/v2\/categories?post=2893"},{"taxonomy":"post_tag","embeddable":true,"href":"https:\/\/radioleinewelle.de\/index.php\/wp-json\/wp\/v2\/tags?post=2893"}],"curies":[{"name":"wp","href":"https:\/\/api.w.org\/{rel}","templated":true}]}}