{"id":2902,"date":"2020-11-12T05:25:24","date_gmt":"2020-11-12T04:25:24","guid":{"rendered":"https:\/\/radioleinewelle.de\/?p=2902"},"modified":"2020-11-12T05:25:24","modified_gmt":"2020-11-12T04:25:24","slug":"trittin-kritisiert-das-ermittlungsverfahren-gegen-den-leiter-der-gedenkstaette-buchenwald","status":"publish","type":"post","link":"https:\/\/radioleinewelle.de\/index.php\/2020\/11\/12\/trittin-kritisiert-das-ermittlungsverfahren-gegen-den-leiter-der-gedenkstaette-buchenwald\/","title":{"rendered":"Trittin kritisiert das Ermittlungsverfahren gegen den Leiter der Gedenkst\u00e4tte Buchenwald"},"content":{"rendered":"<p>Der G\u00f6ttinger Bundestagsabgeordnete J\u00fcrgen Trittin erkl\u00e4rt zu dem mittlerweile eingestellten Ermittlungsverfahren gegen den Leiter der Gedenkst\u00e4tte Buchenwald Jens-Uwe Wagner:<\/p>\n<p>&#8222;Es ist skandal\u00f6s, dass im Jahr 2020 \u00fcberhaupt ein solches Ermittlungsverfahren eingeleitet wurde und die Anzeige nicht gleich als gegenstandslos abgewiesen wurde. Es handelt sich um den wissenschaftlichen Begleittext zu einer Ausstellung in der Landesgedenkst\u00e4tte Bergen-Belsen. Allein das jemand deshalb wegen \u201eehrenr\u00fchriger Tatsachen zum Nachteil der Wehrmachtssoldaten\u201c Anzeige erstattet, ist an sich schon absurd. Die Verbrechen der Wehrmacht in der NS-Zeit sind unumstritten. Das sollten Staatsanw\u00e4lte schon im Grundstudium gelernt haben. Wir d\u00fcrfen nicht zulassen, dass der verbrecherische Teil der deutschen Geschichte in Frage gestellt wird. Wir m\u00fcssen als Gesellschaft und jeder einzeln klar Position beziehen gegen Relativierungen von Seiten der Rechten.&#8220;<\/p>\n<p>Bild von <a href=\"https:\/\/pixabay.com\/de\/users\/dominik_alexander_1977-16111059\/?utm_source=link-attribution&amp;utm_medium=referral&amp;utm_campaign=image&amp;utm_content=5116959\">Alexander Zenker<\/a> auf <a href=\"https:\/\/pixabay.com\/de\/?utm_source=link-attribution&amp;utm_medium=referral&amp;utm_campaign=image&amp;utm_content=5116959\">Pixabay<\/a><\/p>\n","protected":false},"excerpt":{"rendered":"<p>Der G\u00f6ttinger Bundestagsabgeordnete J\u00fcrgen Trittin erkl\u00e4rt zu dem mittlerweile eingestellten Ermittlungsverfahren gegen den Leiter der Gedenkst\u00e4tte Buchenwald Jens-Uwe Wagner: &#8222;Es ist skandal\u00f6s, dass im Jahr 2020 \u00fcberhaupt ein solches Ermittlungsverfahren eingeleitet wurde und die Anzeige nicht gleich als gegenstandslos abgewiesen wurde. Es handelt sich um den wissenschaftlichen Begleittext zu einer Ausstellung in der Landesgedenkst\u00e4tte Bergen-Belsen. [&hellip;]<\/p>\n","protected":false},"author":1,"featured_media":2905,"comment_status":"closed","ping_status":"closed","sticky":false,"template":"","format":"standard","meta":{"saved_in_kubio":false,"footnotes":""},"categories":[24],"tags":[],"class_list":["post-2902","post","type-post","status-publish","format-standard","has-post-thumbnail","hentry","category-news"],"yoast_head":"<!-- This site is optimized with the Yoast SEO plugin v27.5 - https:\/\/yoast.com\/product\/yoast-seo-wordpress\/ -->\n<title>Trittin kritisiert das Ermittlungsverfahren gegen den Leiter der Gedenkst\u00e4tte Buchenwald - Radio Leinewelle<\/title>\n<meta name=\"robots\" content=\"index, follow, max-snippet:-1, max-image-preview:large, max-video-preview:-1\" \/>\n<link rel=\"canonical\" href=\"https:\/\/radioleinewelle.de\/index.php\/2020\/11\/12\/trittin-kritisiert-das-ermittlungsverfahren-gegen-den-leiter-der-gedenkstaette-buchenwald\/\" \/>\n<meta property=\"og:locale\" content=\"de_DE\" \/>\n<meta property=\"og:type\" content=\"article\" \/>\n<meta property=\"og:title\" content=\"Trittin kritisiert das Ermittlungsverfahren gegen den Leiter der Gedenkst\u00e4tte Buchenwald - Radio Leinewelle\" \/>\n<meta property=\"og:description\" content=\"Der G\u00f6ttinger Bundestagsabgeordnete J\u00fcrgen Trittin erkl\u00e4rt zu dem mittlerweile eingestellten Ermittlungsverfahren gegen den Leiter der Gedenkst\u00e4tte Buchenwald Jens-Uwe Wagner: &#8222;Es ist skandal\u00f6s, dass im Jahr 2020 \u00fcberhaupt ein solches Ermittlungsverfahren eingeleitet wurde und die Anzeige nicht gleich als gegenstandslos abgewiesen wurde. Es handelt sich um den wissenschaftlichen Begleittext zu einer Ausstellung in der Landesgedenkst\u00e4tte Bergen-Belsen. [&hellip;]\" \/>\n<meta property=\"og:url\" content=\"https:\/\/radioleinewelle.de\/index.php\/2020\/11\/12\/trittin-kritisiert-das-ermittlungsverfahren-gegen-den-leiter-der-gedenkstaette-buchenwald\/\" \/>\n<meta property=\"og:site_name\" content=\"Radio Leinewelle\" \/>\n<meta property=\"article:publisher\" content=\"https:\/\/www.facebook.com\/radioleinewelle\" \/>\n<meta property=\"article:author\" content=\"https:\/\/www.facebook.com\/radioleinewelle\" \/>\n<meta property=\"article:published_time\" content=\"2020-11-12T04:25:24+00:00\" \/>\n<meta property=\"og:image\" content=\"https:\/\/radioleinewelle.de\/wp-content\/uploads\/2020\/11\/beech-wood-5116959_640.jpg\" \/>\n\t<meta property=\"og:image:width\" content=\"640\" \/>\n\t<meta property=\"og:image:height\" content=\"416\" \/>\n\t<meta property=\"og:image:type\" content=\"image\/jpeg\" \/>\n<meta name=\"author\" content=\"Leinewelle\" \/>\n<meta name=\"twitter:card\" content=\"summary_large_image\" \/>\n<meta name=\"twitter:creator\" content=\"@https:\/\/twitter.com\/RLeinewelle?ref_src=twsrcgoogletwcampserptwgrauthor\" \/>\n<meta name=\"twitter:site\" content=\"@RLeinewelle\" \/>\n<meta name=\"twitter:label1\" content=\"Verfasst von\" \/>\n\t<meta name=\"twitter:data1\" content=\"Leinewelle\" \/>\n\t<meta name=\"twitter:label2\" content=\"Gesch\u00e4tzte Lesezeit\" \/>\n\t<meta name=\"twitter:data2\" content=\"1\u00a0Minute\" \/>\n<script type=\"application\/ld+json\" class=\"yoast-schema-graph\">{\"@context\":\"https:\\\/\\\/schema.org\",\"@graph\":[{\"@type\":\"Article\",\"@id\":\"https:\\\/\\\/radioleinewelle.de\\\/index.php\\\/2020\\\/11\\\/12\\\/trittin-kritisiert-das-ermittlungsverfahren-gegen-den-leiter-der-gedenkstaette-buchenwald\\\/#article\",\"isPartOf\":{\"@id\":\"https:\\\/\\\/radioleinewelle.de\\\/index.php\\\/2020\\\/11\\\/12\\\/trittin-kritisiert-das-ermittlungsverfahren-gegen-den-leiter-der-gedenkstaette-buchenwald\\\/\"},\"author\":{\"name\":\"Leinewelle\",\"@id\":\"https:\\\/\\\/radioleinewelle.de\\\/#\\\/schema\\\/person\\\/45606f348637df637192dc1b68399a63\"},\"headline\":\"Trittin kritisiert das Ermittlungsverfahren gegen den Leiter der Gedenkst\u00e4tte Buchenwald\",\"datePublished\":\"2020-11-12T04:25:24+00:00\",\"mainEntityOfPage\":{\"@id\":\"https:\\\/\\\/radioleinewelle.de\\\/index.php\\\/2020\\\/11\\\/12\\\/trittin-kritisiert-das-ermittlungsverfahren-gegen-den-leiter-der-gedenkstaette-buchenwald\\\/\"},\"wordCount\":147,\"publisher\":{\"@id\":\"https:\\\/\\\/radioleinewelle.de\\\/#organization\"},\"image\":{\"@id\":\"https:\\\/\\\/radioleinewelle.de\\\/index.php\\\/2020\\\/11\\\/12\\\/trittin-kritisiert-das-ermittlungsverfahren-gegen-den-leiter-der-gedenkstaette-buchenwald\\\/#primaryimage\"},\"thumbnailUrl\":\"https:\\\/\\\/radioleinewelle.de\\\/wp-content\\\/uploads\\\/2020\\\/11\\\/beech-wood-5116959_640.jpg\",\"articleSection\":[\"Aktuelle Nachrichten\"],\"inLanguage\":\"de\"},{\"@type\":\"WebPage\",\"@id\":\"https:\\\/\\\/radioleinewelle.de\\\/index.php\\\/2020\\\/11\\\/12\\\/trittin-kritisiert-das-ermittlungsverfahren-gegen-den-leiter-der-gedenkstaette-buchenwald\\\/\",\"url\":\"https:\\\/\\\/radioleinewelle.de\\\/index.php\\\/2020\\\/11\\\/12\\\/trittin-kritisiert-das-ermittlungsverfahren-gegen-den-leiter-der-gedenkstaette-buchenwald\\\/\",\"name\":\"Trittin kritisiert das Ermittlungsverfahren gegen den Leiter der Gedenkst\u00e4tte Buchenwald - Radio Leinewelle\",\"isPartOf\":{\"@id\":\"https:\\\/\\\/radioleinewelle.de\\\/#website\"},\"primaryImageOfPage\":{\"@id\":\"https:\\\/\\\/radioleinewelle.de\\\/index.php\\\/2020\\\/11\\\/12\\\/trittin-kritisiert-das-ermittlungsverfahren-gegen-den-leiter-der-gedenkstaette-buchenwald\\\/#primaryimage\"},\"image\":{\"@id\":\"https:\\\/\\\/radioleinewelle.de\\\/index.php\\\/2020\\\/11\\\/12\\\/trittin-kritisiert-das-ermittlungsverfahren-gegen-den-leiter-der-gedenkstaette-buchenwald\\\/#primaryimage\"},\"thumbnailUrl\":\"https:\\\/\\\/radioleinewelle.de\\\/wp-content\\\/uploads\\\/2020\\\/11\\\/beech-wood-5116959_640.jpg\",\"datePublished\":\"2020-11-12T04:25:24+00:00\",\"breadcrumb\":{\"@id\":\"https:\\\/\\\/radioleinewelle.de\\\/index.php\\\/2020\\\/11\\\/12\\\/trittin-kritisiert-das-ermittlungsverfahren-gegen-den-leiter-der-gedenkstaette-buchenwald\\\/#breadcrumb\"},\"inLanguage\":\"de\",\"potentialAction\":[{\"@type\":\"ReadAction\",\"target\":[\"https:\\\/\\\/radioleinewelle.de\\\/index.php\\\/2020\\\/11\\\/12\\\/trittin-kritisiert-das-ermittlungsverfahren-gegen-den-leiter-der-gedenkstaette-buchenwald\\\/\"]}]},{\"@type\":\"ImageObject\",\"inLanguage\":\"de\",\"@id\":\"https:\\\/\\\/radioleinewelle.de\\\/index.php\\\/2020\\\/11\\\/12\\\/trittin-kritisiert-das-ermittlungsverfahren-gegen-den-leiter-der-gedenkstaette-buchenwald\\\/#primaryimage\",\"url\":\"https:\\\/\\\/radioleinewelle.de\\\/wp-content\\\/uploads\\\/2020\\\/11\\\/beech-wood-5116959_640.jpg\",\"contentUrl\":\"https:\\\/\\\/radioleinewelle.de\\\/wp-content\\\/uploads\\\/2020\\\/11\\\/beech-wood-5116959_640.jpg\",\"width\":640,\"height\":416},{\"@type\":\"BreadcrumbList\",\"@id\":\"https:\\\/\\\/radioleinewelle.de\\\/index.php\\\/2020\\\/11\\\/12\\\/trittin-kritisiert-das-ermittlungsverfahren-gegen-den-leiter-der-gedenkstaette-buchenwald\\\/#breadcrumb\",\"itemListElement\":[{\"@type\":\"ListItem\",\"position\":1,\"name\":\"Startseite\",\"item\":\"https:\\\/\\\/radioleinewelle.de\\\/\"},{\"@type\":\"ListItem\",\"position\":2,\"name\":\"Trittin kritisiert das Ermittlungsverfahren gegen den Leiter der Gedenkst\u00e4tte Buchenwald\"}]},{\"@type\":\"WebSite\",\"@id\":\"https:\\\/\\\/radioleinewelle.de\\\/#website\",\"url\":\"https:\\\/\\\/radioleinewelle.de\\\/\",\"name\":\"Radio Leinewelle\",\"description\":\"\",\"publisher\":{\"@id\":\"https:\\\/\\\/radioleinewelle.de\\\/#organization\"},\"potentialAction\":[{\"@type\":\"SearchAction\",\"target\":{\"@type\":\"EntryPoint\",\"urlTemplate\":\"https:\\\/\\\/radioleinewelle.de\\\/?s={search_term_string}\"},\"query-input\":{\"@type\":\"PropertyValueSpecification\",\"valueRequired\":true,\"valueName\":\"search_term_string\"}}],\"inLanguage\":\"de\"},{\"@type\":\"Organization\",\"@id\":\"https:\\\/\\\/radioleinewelle.de\\\/#organization\",\"name\":\"Radio Leinewelle\",\"alternateName\":\"Mein Radio f\u00fcr S\u00fcdniedersachsen\",\"url\":\"https:\\\/\\\/radioleinewelle.de\\\/\",\"logo\":{\"@type\":\"ImageObject\",\"inLanguage\":\"de\",\"@id\":\"https:\\\/\\\/radioleinewelle.de\\\/#\\\/schema\\\/logo\\\/image\\\/\",\"url\":\"https:\\\/\\\/radioleinewelle.de\\\/wp-content\\\/uploads\\\/2023\\\/11\\\/cropped-Leinewelle_Logo_weiss.png\",\"contentUrl\":\"https:\\\/\\\/radioleinewelle.de\\\/wp-content\\\/uploads\\\/2023\\\/11\\\/cropped-Leinewelle_Logo_weiss.png\",\"width\":854,\"height\":260,\"caption\":\"Radio Leinewelle\"},\"image\":{\"@id\":\"https:\\\/\\\/radioleinewelle.de\\\/#\\\/schema\\\/logo\\\/image\\\/\"},\"sameAs\":[\"https:\\\/\\\/www.facebook.com\\\/radioleinewelle\",\"https:\\\/\\\/x.com\\\/RLeinewelle\",\"https:\\\/\\\/www.instagram.com\\\/radioleinewelle\\\/?hl=de\"]},{\"@type\":\"Person\",\"@id\":\"https:\\\/\\\/radioleinewelle.de\\\/#\\\/schema\\\/person\\\/45606f348637df637192dc1b68399a63\",\"name\":\"Leinewelle\",\"image\":{\"@type\":\"ImageObject\",\"inLanguage\":\"de\",\"@id\":\"https:\\\/\\\/secure.gravatar.com\\\/avatar\\\/05c9a17bc973052ee5d91549bd32fb4dd0dc85b7b85ae94b2e2b4943476bbea5?s=96&d=blank&r=g\",\"url\":\"https:\\\/\\\/secure.gravatar.com\\\/avatar\\\/05c9a17bc973052ee5d91549bd32fb4dd0dc85b7b85ae94b2e2b4943476bbea5?s=96&d=blank&r=g\",\"contentUrl\":\"https:\\\/\\\/secure.gravatar.com\\\/avatar\\\/05c9a17bc973052ee5d91549bd32fb4dd0dc85b7b85ae94b2e2b4943476bbea5?s=96&d=blank&r=g\",\"caption\":\"Leinewelle\"},\"sameAs\":[\"http:\\\/\\\/localhost\\\/radio%20leinewelle\\\/wordpress\",\"https:\\\/\\\/www.facebook.com\\\/radioleinewelle\",\"https:\\\/\\\/www.instagram.com\\\/radioleinewelle\",\"https:\\\/\\\/x.com\\\/https:\\\/\\\/twitter.com\\\/RLeinewelle?ref_src=twsrcgoogletwcampserptwgrauthor\",\"https:\\\/\\\/soundcloud.com\\\/foerderverein-lokalradio?utm_source=clipboard&utm_medium=text&utm_campaign=social_sharing\"],\"url\":\"https:\\\/\\\/radioleinewelle.de\\\/index.php\\\/author\\\/leinewelle\\\/\"}]}<\/script>\n<!-- \/ Yoast SEO plugin. -->","yoast_head_json":{"title":"Trittin kritisiert das Ermittlungsverfahren gegen den Leiter der Gedenkst\u00e4tte Buchenwald - Radio Leinewelle","robots":{"index":"index","follow":"follow","max-snippet":"max-snippet:-1","max-image-preview":"max-image-preview:large","max-video-preview":"max-video-preview:-1"},"canonical":"https:\/\/radioleinewelle.de\/index.php\/2020\/11\/12\/trittin-kritisiert-das-ermittlungsverfahren-gegen-den-leiter-der-gedenkstaette-buchenwald\/","og_locale":"de_DE","og_type":"article","og_title":"Trittin kritisiert das Ermittlungsverfahren gegen den Leiter der Gedenkst\u00e4tte Buchenwald - Radio Leinewelle","og_description":"Der G\u00f6ttinger Bundestagsabgeordnete J\u00fcrgen Trittin erkl\u00e4rt zu dem mittlerweile eingestellten Ermittlungsverfahren gegen den Leiter der Gedenkst\u00e4tte Buchenwald Jens-Uwe Wagner: &#8222;Es ist skandal\u00f6s, dass im Jahr 2020 \u00fcberhaupt ein solches Ermittlungsverfahren eingeleitet wurde und die Anzeige nicht gleich als gegenstandslos abgewiesen wurde. Es handelt sich um den wissenschaftlichen Begleittext zu einer Ausstellung in der Landesgedenkst\u00e4tte Bergen-Belsen. [&hellip;]","og_url":"https:\/\/radioleinewelle.de\/index.php\/2020\/11\/12\/trittin-kritisiert-das-ermittlungsverfahren-gegen-den-leiter-der-gedenkstaette-buchenwald\/","og_site_name":"Radio Leinewelle","article_publisher":"https:\/\/www.facebook.com\/radioleinewelle","article_author":"https:\/\/www.facebook.com\/radioleinewelle","article_published_time":"2020-11-12T04:25:24+00:00","og_image":[{"width":640,"height":416,"url":"https:\/\/radioleinewelle.de\/wp-content\/uploads\/2020\/11\/beech-wood-5116959_640.jpg","type":"image\/jpeg"}],"author":"Leinewelle","twitter_card":"summary_large_image","twitter_creator":"@https:\/\/twitter.com\/RLeinewelle?ref_src=twsrcgoogletwcampserptwgrauthor","twitter_site":"@RLeinewelle","twitter_misc":{"Verfasst von":"Leinewelle","Gesch\u00e4tzte Lesezeit":"1\u00a0Minute"},"schema":{"@context":"https:\/\/schema.org","@graph":[{"@type":"Article","@id":"https:\/\/radioleinewelle.de\/index.php\/2020\/11\/12\/trittin-kritisiert-das-ermittlungsverfahren-gegen-den-leiter-der-gedenkstaette-buchenwald\/#article","isPartOf":{"@id":"https:\/\/radioleinewelle.de\/index.php\/2020\/11\/12\/trittin-kritisiert-das-ermittlungsverfahren-gegen-den-leiter-der-gedenkstaette-buchenwald\/"},"author":{"name":"Leinewelle","@id":"https:\/\/radioleinewelle.de\/#\/schema\/person\/45606f348637df637192dc1b68399a63"},"headline":"Trittin kritisiert das Ermittlungsverfahren gegen den Leiter der Gedenkst\u00e4tte Buchenwald","datePublished":"2020-11-12T04:25:24+00:00","mainEntityOfPage":{"@id":"https:\/\/radioleinewelle.de\/index.php\/2020\/11\/12\/trittin-kritisiert-das-ermittlungsverfahren-gegen-den-leiter-der-gedenkstaette-buchenwald\/"},"wordCount":147,"publisher":{"@id":"https:\/\/radioleinewelle.de\/#organization"},"image":{"@id":"https:\/\/radioleinewelle.de\/index.php\/2020\/11\/12\/trittin-kritisiert-das-ermittlungsverfahren-gegen-den-leiter-der-gedenkstaette-buchenwald\/#primaryimage"},"thumbnailUrl":"https:\/\/radioleinewelle.de\/wp-content\/uploads\/2020\/11\/beech-wood-5116959_640.jpg","articleSection":["Aktuelle Nachrichten"],"inLanguage":"de"},{"@type":"WebPage","@id":"https:\/\/radioleinewelle.de\/index.php\/2020\/11\/12\/trittin-kritisiert-das-ermittlungsverfahren-gegen-den-leiter-der-gedenkstaette-buchenwald\/","url":"https:\/\/radioleinewelle.de\/index.php\/2020\/11\/12\/trittin-kritisiert-das-ermittlungsverfahren-gegen-den-leiter-der-gedenkstaette-buchenwald\/","name":"Trittin kritisiert das Ermittlungsverfahren gegen den Leiter der Gedenkst\u00e4tte Buchenwald - Radio Leinewelle","isPartOf":{"@id":"https:\/\/radioleinewelle.de\/#website"},"primaryImageOfPage":{"@id":"https:\/\/radioleinewelle.de\/index.php\/2020\/11\/12\/trittin-kritisiert-das-ermittlungsverfahren-gegen-den-leiter-der-gedenkstaette-buchenwald\/#primaryimage"},"image":{"@id":"https:\/\/radioleinewelle.de\/index.php\/2020\/11\/12\/trittin-kritisiert-das-ermittlungsverfahren-gegen-den-leiter-der-gedenkstaette-buchenwald\/#primaryimage"},"thumbnailUrl":"https:\/\/radioleinewelle.de\/wp-content\/uploads\/2020\/11\/beech-wood-5116959_640.jpg","datePublished":"2020-11-12T04:25:24+00:00","breadcrumb":{"@id":"https:\/\/radioleinewelle.de\/index.php\/2020\/11\/12\/trittin-kritisiert-das-ermittlungsverfahren-gegen-den-leiter-der-gedenkstaette-buchenwald\/#breadcrumb"},"inLanguage":"de","potentialAction":[{"@type":"ReadAction","target":["https:\/\/radioleinewelle.de\/index.php\/2020\/11\/12\/trittin-kritisiert-das-ermittlungsverfahren-gegen-den-leiter-der-gedenkstaette-buchenwald\/"]}]},{"@type":"ImageObject","inLanguage":"de","@id":"https:\/\/radioleinewelle.de\/index.php\/2020\/11\/12\/trittin-kritisiert-das-ermittlungsverfahren-gegen-den-leiter-der-gedenkstaette-buchenwald\/#primaryimage","url":"https:\/\/radioleinewelle.de\/wp-content\/uploads\/2020\/11\/beech-wood-5116959_640.jpg","contentUrl":"https:\/\/radioleinewelle.de\/wp-content\/uploads\/2020\/11\/beech-wood-5116959_640.jpg","width":640,"height":416},{"@type":"BreadcrumbList","@id":"https:\/\/radioleinewelle.de\/index.php\/2020\/11\/12\/trittin-kritisiert-das-ermittlungsverfahren-gegen-den-leiter-der-gedenkstaette-buchenwald\/#breadcrumb","itemListElement":[{"@type":"ListItem","position":1,"name":"Startseite","item":"https:\/\/radioleinewelle.de\/"},{"@type":"ListItem","position":2,"name":"Trittin kritisiert das Ermittlungsverfahren gegen den Leiter der Gedenkst\u00e4tte Buchenwald"}]},{"@type":"WebSite","@id":"https:\/\/radioleinewelle.de\/#website","url":"https:\/\/radioleinewelle.de\/","name":"Radio Leinewelle","description":"","publisher":{"@id":"https:\/\/radioleinewelle.de\/#organization"},"potentialAction":[{"@type":"SearchAction","target":{"@type":"EntryPoint","urlTemplate":"https:\/\/radioleinewelle.de\/?s={search_term_string}"},"query-input":{"@type":"PropertyValueSpecification","valueRequired":true,"valueName":"search_term_string"}}],"inLanguage":"de"},{"@type":"Organization","@id":"https:\/\/radioleinewelle.de\/#organization","name":"Radio Leinewelle","alternateName":"Mein Radio f\u00fcr S\u00fcdniedersachsen","url":"https:\/\/radioleinewelle.de\/","logo":{"@type":"ImageObject","inLanguage":"de","@id":"https:\/\/radioleinewelle.de\/#\/schema\/logo\/image\/","url":"https:\/\/radioleinewelle.de\/wp-content\/uploads\/2023\/11\/cropped-Leinewelle_Logo_weiss.png","contentUrl":"https:\/\/radioleinewelle.de\/wp-content\/uploads\/2023\/11\/cropped-Leinewelle_Logo_weiss.png","width":854,"height":260,"caption":"Radio Leinewelle"},"image":{"@id":"https:\/\/radioleinewelle.de\/#\/schema\/logo\/image\/"},"sameAs":["https:\/\/www.facebook.com\/radioleinewelle","https:\/\/x.com\/RLeinewelle","https:\/\/www.instagram.com\/radioleinewelle\/?hl=de"]},{"@type":"Person","@id":"https:\/\/radioleinewelle.de\/#\/schema\/person\/45606f348637df637192dc1b68399a63","name":"Leinewelle","image":{"@type":"ImageObject","inLanguage":"de","@id":"https:\/\/secure.gravatar.com\/avatar\/05c9a17bc973052ee5d91549bd32fb4dd0dc85b7b85ae94b2e2b4943476bbea5?s=96&d=blank&r=g","url":"https:\/\/secure.gravatar.com\/avatar\/05c9a17bc973052ee5d91549bd32fb4dd0dc85b7b85ae94b2e2b4943476bbea5?s=96&d=blank&r=g","contentUrl":"https:\/\/secure.gravatar.com\/avatar\/05c9a17bc973052ee5d91549bd32fb4dd0dc85b7b85ae94b2e2b4943476bbea5?s=96&d=blank&r=g","caption":"Leinewelle"},"sameAs":["http:\/\/localhost\/radio%20leinewelle\/wordpress","https:\/\/www.facebook.com\/radioleinewelle","https:\/\/www.instagram.com\/radioleinewelle","https:\/\/x.com\/https:\/\/twitter.com\/RLeinewelle?ref_src=twsrcgoogletwcampserptwgrauthor","https:\/\/soundcloud.com\/foerderverein-lokalradio?utm_source=clipboard&utm_medium=text&utm_campaign=social_sharing"],"url":"https:\/\/radioleinewelle.de\/index.php\/author\/leinewelle\/"}]}},"_links":{"self":[{"href":"https:\/\/radioleinewelle.de\/index.php\/wp-json\/wp\/v2\/posts\/2902","targetHints":{"allow":["GET"]}}],"collection":[{"href":"https:\/\/radioleinewelle.de\/index.php\/wp-json\/wp\/v2\/posts"}],"about":[{"href":"https:\/\/radioleinewelle.de\/index.php\/wp-json\/wp\/v2\/types\/post"}],"author":[{"embeddable":true,"href":"https:\/\/radioleinewelle.de\/index.php\/wp-json\/wp\/v2\/users\/1"}],"replies":[{"embeddable":true,"href":"https:\/\/radioleinewelle.de\/index.php\/wp-json\/wp\/v2\/comments?post=2902"}],"version-history":[{"count":0,"href":"https:\/\/radioleinewelle.de\/index.php\/wp-json\/wp\/v2\/posts\/2902\/revisions"}],"wp:featuredmedia":[{"embeddable":true,"href":"https:\/\/radioleinewelle.de\/index.php\/wp-json\/wp\/v2\/media\/2905"}],"wp:attachment":[{"href":"https:\/\/radioleinewelle.de\/index.php\/wp-json\/wp\/v2\/media?parent=2902"}],"wp:term":[{"taxonomy":"category","embeddable":true,"href":"https:\/\/radioleinewelle.de\/index.php\/wp-json\/wp\/v2\/categories?post=2902"},{"taxonomy":"post_tag","embeddable":true,"href":"https:\/\/radioleinewelle.de\/index.php\/wp-json\/wp\/v2\/tags?post=2902"}],"curies":[{"name":"wp","href":"https:\/\/api.w.org\/{rel}","templated":true}]}}