{"id":29106,"date":"2025-09-13T15:13:00","date_gmt":"2025-09-13T13:13:00","guid":{"rendered":"https:\/\/radioleinewelle.de\/?p=29106"},"modified":"2025-09-14T14:21:57","modified_gmt":"2025-09-14T12:21:57","slug":"goettingen-mittelaltermarkt-auf-dem-hagenberg","status":"publish","type":"post","link":"https:\/\/radioleinewelle.de\/index.php\/2025\/09\/13\/goettingen-mittelaltermarkt-auf-dem-hagenberg\/","title":{"rendered":"G\u00f6ttingen &#8211; Mittelaltermarkt auf dem Hagenberg"},"content":{"rendered":"\n<p>Am morgigen Sonntag, dem 14. September 2025, findet auf dem Hagenberg in G\u00f6ttingen der zweite Tag des Mittelalterfests \u201eSpectaculum Pfalz Grona\u201c statt. Das familienfreundliche Event bietet bei freiem Eintritt eine Zeitreise ins Jahr 1024 n. Chr., als K\u00f6nig Heinrich II. auf der Pfalz Grona verstarb.<\/p>\n\n\n\n<p><strong>Programm-Highlights am Sonntag<\/strong><\/p>\n\n\n\n<p>&#8211; 11:00 Uhr: \u00d6kumenischer Gottesdienst auf der Festwiese mit Posaunenchor und der Band Soulfroot.<br>&#8211; Live-Musik von Bands wie Taurus Ferus, Rabenwei\u00df, In Ora Mundi sowie den Musikern Andreas D\u00fcker und Jonathan Roth-Deblon.<br>&#8211; Mittelalterliches Handwerk, Gaukler, Feuershows, Falknerei, Bogenschie\u00dfen und Blasrohrschlachten.<br>&#8211; Aktivit\u00e4ten f\u00fcr Kinder, darunter Kindervariet\u00e9 und Strohbalken-K\u00e4mpfe.<br>&#8211; Ausstellung zur Geschichte der Pfalz Grona mit neuesten arch\u00e4ologischen Erkenntnissen.<\/p>\n\n\n\n\n\n<p>Das Festgel\u00e4nde befindet sich auf dem Hagenberg, dem historischen Standort der ehemaligen Pfalz Grona. Es wird empfohlen, \u00f6ffentliche Verkehrsmittel zu nutzen oder Fahrgemeinschaften zu bilden, da Parkpl\u00e4tze begrenzt sind.<\/p>\n\n\n\n<p>Weitere Informationen und das vollst\u00e4ndige Programm finden Sie auf der offiziellen Website: <a href=\"http:\/\/wir-vom-hagenberg.de\/spectaculum\">wir-vom-hagenberg.de\/spectaculum<\/a><br>Erleben Sie einen Tag voller mittelalterlicher Atmosph\u00e4re und entdecken Sie die Geschichte G\u00f6ttingens auf unterhaltsame Weise!<br>Aufgrund der beschr\u00e4nkt vorhandenen Parkpl\u00e4tze wird die Anreise per \u00f6ffentliche Verkehrsmittel empfohlen.<\/p>\n","protected":false},"excerpt":{"rendered":"<p>Am morgigen Sonntag, dem 14. September 2025, findet auf dem Hagenberg in G\u00f6ttingen der zweite Tag des Mittelalterfests \u201eSpectaculum Pfalz Grona\u201c statt. Das familienfreundliche Event bietet bei freiem Eintritt eine Zeitreise ins Jahr 1024 n. Chr., als K\u00f6nig Heinrich II. auf der Pfalz Grona verstarb. Programm-Highlights am Sonntag &#8211; 11:00 Uhr: \u00d6kumenischer Gottesdienst auf der [&hellip;]<\/p>\n","protected":false},"author":1,"featured_media":29107,"comment_status":"open","ping_status":"open","sticky":false,"template":"","format":"standard","meta":{"saved_in_kubio":false,"footnotes":""},"categories":[1],"tags":[],"class_list":["post-29106","post","type-post","status-publish","format-standard","has-post-thumbnail","hentry","category-allgemein"],"yoast_head":"<!-- This site is optimized with the Yoast SEO plugin v27.5 - https:\/\/yoast.com\/product\/yoast-seo-wordpress\/ -->\n<title>G\u00f6ttingen - Mittelaltermarkt auf dem Hagenberg - Radio Leinewelle<\/title>\n<meta name=\"robots\" content=\"index, follow, max-snippet:-1, max-image-preview:large, max-video-preview:-1\" \/>\n<link rel=\"canonical\" href=\"https:\/\/radioleinewelle.de\/index.php\/2025\/09\/13\/goettingen-mittelaltermarkt-auf-dem-hagenberg\/\" \/>\n<meta property=\"og:locale\" content=\"de_DE\" \/>\n<meta property=\"og:type\" content=\"article\" \/>\n<meta property=\"og:title\" content=\"G\u00f6ttingen - Mittelaltermarkt auf dem Hagenberg - Radio Leinewelle\" \/>\n<meta property=\"og:description\" content=\"Am morgigen Sonntag, dem 14. September 2025, findet auf dem Hagenberg in G\u00f6ttingen der zweite Tag des Mittelalterfests \u201eSpectaculum Pfalz Grona\u201c statt. Das familienfreundliche Event bietet bei freiem Eintritt eine Zeitreise ins Jahr 1024 n. Chr., als K\u00f6nig Heinrich II. auf der Pfalz Grona verstarb. Programm-Highlights am Sonntag &#8211; 11:00 Uhr: \u00d6kumenischer Gottesdienst auf der [&hellip;]\" \/>\n<meta property=\"og:url\" content=\"https:\/\/radioleinewelle.de\/index.php\/2025\/09\/13\/goettingen-mittelaltermarkt-auf-dem-hagenberg\/\" \/>\n<meta property=\"og:site_name\" content=\"Radio Leinewelle\" \/>\n<meta property=\"article:publisher\" content=\"https:\/\/www.facebook.com\/radioleinewelle\" \/>\n<meta property=\"article:author\" content=\"https:\/\/www.facebook.com\/radioleinewelle\" \/>\n<meta property=\"article:published_time\" content=\"2025-09-13T13:13:00+00:00\" \/>\n<meta property=\"article:modified_time\" content=\"2025-09-14T12:21:57+00:00\" \/>\n<meta property=\"og:image\" content=\"https:\/\/radioleinewelle.de\/wp-content\/uploads\/2025\/09\/Spectaculum-e1757844261512.jpg\" \/>\n\t<meta property=\"og:image:width\" content=\"1125\" \/>\n\t<meta property=\"og:image:height\" content=\"660\" \/>\n\t<meta property=\"og:image:type\" content=\"image\/jpeg\" \/>\n<meta name=\"author\" content=\"Leinewelle\" \/>\n<meta name=\"twitter:card\" content=\"summary_large_image\" \/>\n<meta name=\"twitter:creator\" content=\"@https:\/\/twitter.com\/RLeinewelle?ref_src=twsrcgoogletwcampserptwgrauthor\" \/>\n<meta name=\"twitter:site\" content=\"@RLeinewelle\" \/>\n<meta name=\"twitter:label1\" content=\"Verfasst von\" \/>\n\t<meta name=\"twitter:data1\" content=\"Leinewelle\" \/>\n\t<meta name=\"twitter:label2\" content=\"Gesch\u00e4tzte Lesezeit\" \/>\n\t<meta name=\"twitter:data2\" content=\"2\u00a0Minuten\" \/>\n<script type=\"application\/ld+json\" class=\"yoast-schema-graph\">{\"@context\":\"https:\\\/\\\/schema.org\",\"@graph\":[{\"@type\":\"Article\",\"@id\":\"https:\\\/\\\/radioleinewelle.de\\\/index.php\\\/2025\\\/09\\\/13\\\/goettingen-mittelaltermarkt-auf-dem-hagenberg\\\/#article\",\"isPartOf\":{\"@id\":\"https:\\\/\\\/radioleinewelle.de\\\/index.php\\\/2025\\\/09\\\/13\\\/goettingen-mittelaltermarkt-auf-dem-hagenberg\\\/\"},\"author\":{\"name\":\"Leinewelle\",\"@id\":\"https:\\\/\\\/radioleinewelle.de\\\/#\\\/schema\\\/person\\\/45606f348637df637192dc1b68399a63\"},\"headline\":\"G\u00f6ttingen &#8211; Mittelaltermarkt auf dem Hagenberg\",\"datePublished\":\"2025-09-13T13:13:00+00:00\",\"dateModified\":\"2025-09-14T12:21:57+00:00\",\"mainEntityOfPage\":{\"@id\":\"https:\\\/\\\/radioleinewelle.de\\\/index.php\\\/2025\\\/09\\\/13\\\/goettingen-mittelaltermarkt-auf-dem-hagenberg\\\/\"},\"wordCount\":199,\"commentCount\":0,\"publisher\":{\"@id\":\"https:\\\/\\\/radioleinewelle.de\\\/#organization\"},\"image\":{\"@id\":\"https:\\\/\\\/radioleinewelle.de\\\/index.php\\\/2025\\\/09\\\/13\\\/goettingen-mittelaltermarkt-auf-dem-hagenberg\\\/#primaryimage\"},\"thumbnailUrl\":\"https:\\\/\\\/radioleinewelle.de\\\/wp-content\\\/uploads\\\/2025\\\/09\\\/Spectaculum-e1757844261512.jpg\",\"inLanguage\":\"de\",\"potentialAction\":[{\"@type\":\"CommentAction\",\"name\":\"Comment\",\"target\":[\"https:\\\/\\\/radioleinewelle.de\\\/index.php\\\/2025\\\/09\\\/13\\\/goettingen-mittelaltermarkt-auf-dem-hagenberg\\\/#respond\"]}]},{\"@type\":\"WebPage\",\"@id\":\"https:\\\/\\\/radioleinewelle.de\\\/index.php\\\/2025\\\/09\\\/13\\\/goettingen-mittelaltermarkt-auf-dem-hagenberg\\\/\",\"url\":\"https:\\\/\\\/radioleinewelle.de\\\/index.php\\\/2025\\\/09\\\/13\\\/goettingen-mittelaltermarkt-auf-dem-hagenberg\\\/\",\"name\":\"G\u00f6ttingen - Mittelaltermarkt auf dem Hagenberg - Radio Leinewelle\",\"isPartOf\":{\"@id\":\"https:\\\/\\\/radioleinewelle.de\\\/#website\"},\"primaryImageOfPage\":{\"@id\":\"https:\\\/\\\/radioleinewelle.de\\\/index.php\\\/2025\\\/09\\\/13\\\/goettingen-mittelaltermarkt-auf-dem-hagenberg\\\/#primaryimage\"},\"image\":{\"@id\":\"https:\\\/\\\/radioleinewelle.de\\\/index.php\\\/2025\\\/09\\\/13\\\/goettingen-mittelaltermarkt-auf-dem-hagenberg\\\/#primaryimage\"},\"thumbnailUrl\":\"https:\\\/\\\/radioleinewelle.de\\\/wp-content\\\/uploads\\\/2025\\\/09\\\/Spectaculum-e1757844261512.jpg\",\"datePublished\":\"2025-09-13T13:13:00+00:00\",\"dateModified\":\"2025-09-14T12:21:57+00:00\",\"breadcrumb\":{\"@id\":\"https:\\\/\\\/radioleinewelle.de\\\/index.php\\\/2025\\\/09\\\/13\\\/goettingen-mittelaltermarkt-auf-dem-hagenberg\\\/#breadcrumb\"},\"inLanguage\":\"de\",\"potentialAction\":[{\"@type\":\"ReadAction\",\"target\":[\"https:\\\/\\\/radioleinewelle.de\\\/index.php\\\/2025\\\/09\\\/13\\\/goettingen-mittelaltermarkt-auf-dem-hagenberg\\\/\"]}]},{\"@type\":\"ImageObject\",\"inLanguage\":\"de\",\"@id\":\"https:\\\/\\\/radioleinewelle.de\\\/index.php\\\/2025\\\/09\\\/13\\\/goettingen-mittelaltermarkt-auf-dem-hagenberg\\\/#primaryimage\",\"url\":\"https:\\\/\\\/radioleinewelle.de\\\/wp-content\\\/uploads\\\/2025\\\/09\\\/Spectaculum-e1757844261512.jpg\",\"contentUrl\":\"https:\\\/\\\/radioleinewelle.de\\\/wp-content\\\/uploads\\\/2025\\\/09\\\/Spectaculum-e1757844261512.jpg\",\"width\":1125,\"height\":660},{\"@type\":\"BreadcrumbList\",\"@id\":\"https:\\\/\\\/radioleinewelle.de\\\/index.php\\\/2025\\\/09\\\/13\\\/goettingen-mittelaltermarkt-auf-dem-hagenberg\\\/#breadcrumb\",\"itemListElement\":[{\"@type\":\"ListItem\",\"position\":1,\"name\":\"Startseite\",\"item\":\"https:\\\/\\\/radioleinewelle.de\\\/\"},{\"@type\":\"ListItem\",\"position\":2,\"name\":\"G\u00f6ttingen &#8211; Mittelaltermarkt auf dem Hagenberg\"}]},{\"@type\":\"WebSite\",\"@id\":\"https:\\\/\\\/radioleinewelle.de\\\/#website\",\"url\":\"https:\\\/\\\/radioleinewelle.de\\\/\",\"name\":\"Radio Leinewelle\",\"description\":\"\",\"publisher\":{\"@id\":\"https:\\\/\\\/radioleinewelle.de\\\/#organization\"},\"potentialAction\":[{\"@type\":\"SearchAction\",\"target\":{\"@type\":\"EntryPoint\",\"urlTemplate\":\"https:\\\/\\\/radioleinewelle.de\\\/?s={search_term_string}\"},\"query-input\":{\"@type\":\"PropertyValueSpecification\",\"valueRequired\":true,\"valueName\":\"search_term_string\"}}],\"inLanguage\":\"de\"},{\"@type\":\"Organization\",\"@id\":\"https:\\\/\\\/radioleinewelle.de\\\/#organization\",\"name\":\"Radio Leinewelle\",\"alternateName\":\"Mein Radio f\u00fcr S\u00fcdniedersachsen\",\"url\":\"https:\\\/\\\/radioleinewelle.de\\\/\",\"logo\":{\"@type\":\"ImageObject\",\"inLanguage\":\"de\",\"@id\":\"https:\\\/\\\/radioleinewelle.de\\\/#\\\/schema\\\/logo\\\/image\\\/\",\"url\":\"https:\\\/\\\/radioleinewelle.de\\\/wp-content\\\/uploads\\\/2023\\\/11\\\/cropped-Leinewelle_Logo_weiss.png\",\"contentUrl\":\"https:\\\/\\\/radioleinewelle.de\\\/wp-content\\\/uploads\\\/2023\\\/11\\\/cropped-Leinewelle_Logo_weiss.png\",\"width\":854,\"height\":260,\"caption\":\"Radio Leinewelle\"},\"image\":{\"@id\":\"https:\\\/\\\/radioleinewelle.de\\\/#\\\/schema\\\/logo\\\/image\\\/\"},\"sameAs\":[\"https:\\\/\\\/www.facebook.com\\\/radioleinewelle\",\"https:\\\/\\\/x.com\\\/RLeinewelle\",\"https:\\\/\\\/www.instagram.com\\\/radioleinewelle\\\/?hl=de\"]},{\"@type\":\"Person\",\"@id\":\"https:\\\/\\\/radioleinewelle.de\\\/#\\\/schema\\\/person\\\/45606f348637df637192dc1b68399a63\",\"name\":\"Leinewelle\",\"image\":{\"@type\":\"ImageObject\",\"inLanguage\":\"de\",\"@id\":\"https:\\\/\\\/secure.gravatar.com\\\/avatar\\\/05c9a17bc973052ee5d91549bd32fb4dd0dc85b7b85ae94b2e2b4943476bbea5?s=96&d=blank&r=g\",\"url\":\"https:\\\/\\\/secure.gravatar.com\\\/avatar\\\/05c9a17bc973052ee5d91549bd32fb4dd0dc85b7b85ae94b2e2b4943476bbea5?s=96&d=blank&r=g\",\"contentUrl\":\"https:\\\/\\\/secure.gravatar.com\\\/avatar\\\/05c9a17bc973052ee5d91549bd32fb4dd0dc85b7b85ae94b2e2b4943476bbea5?s=96&d=blank&r=g\",\"caption\":\"Leinewelle\"},\"sameAs\":[\"http:\\\/\\\/localhost\\\/radio%20leinewelle\\\/wordpress\",\"https:\\\/\\\/www.facebook.com\\\/radioleinewelle\",\"https:\\\/\\\/www.instagram.com\\\/radioleinewelle\",\"https:\\\/\\\/x.com\\\/https:\\\/\\\/twitter.com\\\/RLeinewelle?ref_src=twsrcgoogletwcampserptwgrauthor\",\"https:\\\/\\\/soundcloud.com\\\/foerderverein-lokalradio?utm_source=clipboard&utm_medium=text&utm_campaign=social_sharing\"],\"url\":\"https:\\\/\\\/radioleinewelle.de\\\/index.php\\\/author\\\/leinewelle\\\/\"}]}<\/script>\n<!-- \/ Yoast SEO plugin. -->","yoast_head_json":{"title":"G\u00f6ttingen - Mittelaltermarkt auf dem Hagenberg - Radio Leinewelle","robots":{"index":"index","follow":"follow","max-snippet":"max-snippet:-1","max-image-preview":"max-image-preview:large","max-video-preview":"max-video-preview:-1"},"canonical":"https:\/\/radioleinewelle.de\/index.php\/2025\/09\/13\/goettingen-mittelaltermarkt-auf-dem-hagenberg\/","og_locale":"de_DE","og_type":"article","og_title":"G\u00f6ttingen - Mittelaltermarkt auf dem Hagenberg - Radio Leinewelle","og_description":"Am morgigen Sonntag, dem 14. September 2025, findet auf dem Hagenberg in G\u00f6ttingen der zweite Tag des Mittelalterfests \u201eSpectaculum Pfalz Grona\u201c statt. Das familienfreundliche Event bietet bei freiem Eintritt eine Zeitreise ins Jahr 1024 n. Chr., als K\u00f6nig Heinrich II. auf der Pfalz Grona verstarb. Programm-Highlights am Sonntag &#8211; 11:00 Uhr: \u00d6kumenischer Gottesdienst auf der [&hellip;]","og_url":"https:\/\/radioleinewelle.de\/index.php\/2025\/09\/13\/goettingen-mittelaltermarkt-auf-dem-hagenberg\/","og_site_name":"Radio Leinewelle","article_publisher":"https:\/\/www.facebook.com\/radioleinewelle","article_author":"https:\/\/www.facebook.com\/radioleinewelle","article_published_time":"2025-09-13T13:13:00+00:00","article_modified_time":"2025-09-14T12:21:57+00:00","og_image":[{"width":1125,"height":660,"url":"https:\/\/radioleinewelle.de\/wp-content\/uploads\/2025\/09\/Spectaculum-e1757844261512.jpg","type":"image\/jpeg"}],"author":"Leinewelle","twitter_card":"summary_large_image","twitter_creator":"@https:\/\/twitter.com\/RLeinewelle?ref_src=twsrcgoogletwcampserptwgrauthor","twitter_site":"@RLeinewelle","twitter_misc":{"Verfasst von":"Leinewelle","Gesch\u00e4tzte Lesezeit":"2\u00a0Minuten"},"schema":{"@context":"https:\/\/schema.org","@graph":[{"@type":"Article","@id":"https:\/\/radioleinewelle.de\/index.php\/2025\/09\/13\/goettingen-mittelaltermarkt-auf-dem-hagenberg\/#article","isPartOf":{"@id":"https:\/\/radioleinewelle.de\/index.php\/2025\/09\/13\/goettingen-mittelaltermarkt-auf-dem-hagenberg\/"},"author":{"name":"Leinewelle","@id":"https:\/\/radioleinewelle.de\/#\/schema\/person\/45606f348637df637192dc1b68399a63"},"headline":"G\u00f6ttingen &#8211; Mittelaltermarkt auf dem Hagenberg","datePublished":"2025-09-13T13:13:00+00:00","dateModified":"2025-09-14T12:21:57+00:00","mainEntityOfPage":{"@id":"https:\/\/radioleinewelle.de\/index.php\/2025\/09\/13\/goettingen-mittelaltermarkt-auf-dem-hagenberg\/"},"wordCount":199,"commentCount":0,"publisher":{"@id":"https:\/\/radioleinewelle.de\/#organization"},"image":{"@id":"https:\/\/radioleinewelle.de\/index.php\/2025\/09\/13\/goettingen-mittelaltermarkt-auf-dem-hagenberg\/#primaryimage"},"thumbnailUrl":"https:\/\/radioleinewelle.de\/wp-content\/uploads\/2025\/09\/Spectaculum-e1757844261512.jpg","inLanguage":"de","potentialAction":[{"@type":"CommentAction","name":"Comment","target":["https:\/\/radioleinewelle.de\/index.php\/2025\/09\/13\/goettingen-mittelaltermarkt-auf-dem-hagenberg\/#respond"]}]},{"@type":"WebPage","@id":"https:\/\/radioleinewelle.de\/index.php\/2025\/09\/13\/goettingen-mittelaltermarkt-auf-dem-hagenberg\/","url":"https:\/\/radioleinewelle.de\/index.php\/2025\/09\/13\/goettingen-mittelaltermarkt-auf-dem-hagenberg\/","name":"G\u00f6ttingen - Mittelaltermarkt auf dem Hagenberg - Radio Leinewelle","isPartOf":{"@id":"https:\/\/radioleinewelle.de\/#website"},"primaryImageOfPage":{"@id":"https:\/\/radioleinewelle.de\/index.php\/2025\/09\/13\/goettingen-mittelaltermarkt-auf-dem-hagenberg\/#primaryimage"},"image":{"@id":"https:\/\/radioleinewelle.de\/index.php\/2025\/09\/13\/goettingen-mittelaltermarkt-auf-dem-hagenberg\/#primaryimage"},"thumbnailUrl":"https:\/\/radioleinewelle.de\/wp-content\/uploads\/2025\/09\/Spectaculum-e1757844261512.jpg","datePublished":"2025-09-13T13:13:00+00:00","dateModified":"2025-09-14T12:21:57+00:00","breadcrumb":{"@id":"https:\/\/radioleinewelle.de\/index.php\/2025\/09\/13\/goettingen-mittelaltermarkt-auf-dem-hagenberg\/#breadcrumb"},"inLanguage":"de","potentialAction":[{"@type":"ReadAction","target":["https:\/\/radioleinewelle.de\/index.php\/2025\/09\/13\/goettingen-mittelaltermarkt-auf-dem-hagenberg\/"]}]},{"@type":"ImageObject","inLanguage":"de","@id":"https:\/\/radioleinewelle.de\/index.php\/2025\/09\/13\/goettingen-mittelaltermarkt-auf-dem-hagenberg\/#primaryimage","url":"https:\/\/radioleinewelle.de\/wp-content\/uploads\/2025\/09\/Spectaculum-e1757844261512.jpg","contentUrl":"https:\/\/radioleinewelle.de\/wp-content\/uploads\/2025\/09\/Spectaculum-e1757844261512.jpg","width":1125,"height":660},{"@type":"BreadcrumbList","@id":"https:\/\/radioleinewelle.de\/index.php\/2025\/09\/13\/goettingen-mittelaltermarkt-auf-dem-hagenberg\/#breadcrumb","itemListElement":[{"@type":"ListItem","position":1,"name":"Startseite","item":"https:\/\/radioleinewelle.de\/"},{"@type":"ListItem","position":2,"name":"G\u00f6ttingen &#8211; Mittelaltermarkt auf dem Hagenberg"}]},{"@type":"WebSite","@id":"https:\/\/radioleinewelle.de\/#website","url":"https:\/\/radioleinewelle.de\/","name":"Radio Leinewelle","description":"","publisher":{"@id":"https:\/\/radioleinewelle.de\/#organization"},"potentialAction":[{"@type":"SearchAction","target":{"@type":"EntryPoint","urlTemplate":"https:\/\/radioleinewelle.de\/?s={search_term_string}"},"query-input":{"@type":"PropertyValueSpecification","valueRequired":true,"valueName":"search_term_string"}}],"inLanguage":"de"},{"@type":"Organization","@id":"https:\/\/radioleinewelle.de\/#organization","name":"Radio Leinewelle","alternateName":"Mein Radio f\u00fcr S\u00fcdniedersachsen","url":"https:\/\/radioleinewelle.de\/","logo":{"@type":"ImageObject","inLanguage":"de","@id":"https:\/\/radioleinewelle.de\/#\/schema\/logo\/image\/","url":"https:\/\/radioleinewelle.de\/wp-content\/uploads\/2023\/11\/cropped-Leinewelle_Logo_weiss.png","contentUrl":"https:\/\/radioleinewelle.de\/wp-content\/uploads\/2023\/11\/cropped-Leinewelle_Logo_weiss.png","width":854,"height":260,"caption":"Radio Leinewelle"},"image":{"@id":"https:\/\/radioleinewelle.de\/#\/schema\/logo\/image\/"},"sameAs":["https:\/\/www.facebook.com\/radioleinewelle","https:\/\/x.com\/RLeinewelle","https:\/\/www.instagram.com\/radioleinewelle\/?hl=de"]},{"@type":"Person","@id":"https:\/\/radioleinewelle.de\/#\/schema\/person\/45606f348637df637192dc1b68399a63","name":"Leinewelle","image":{"@type":"ImageObject","inLanguage":"de","@id":"https:\/\/secure.gravatar.com\/avatar\/05c9a17bc973052ee5d91549bd32fb4dd0dc85b7b85ae94b2e2b4943476bbea5?s=96&d=blank&r=g","url":"https:\/\/secure.gravatar.com\/avatar\/05c9a17bc973052ee5d91549bd32fb4dd0dc85b7b85ae94b2e2b4943476bbea5?s=96&d=blank&r=g","contentUrl":"https:\/\/secure.gravatar.com\/avatar\/05c9a17bc973052ee5d91549bd32fb4dd0dc85b7b85ae94b2e2b4943476bbea5?s=96&d=blank&r=g","caption":"Leinewelle"},"sameAs":["http:\/\/localhost\/radio%20leinewelle\/wordpress","https:\/\/www.facebook.com\/radioleinewelle","https:\/\/www.instagram.com\/radioleinewelle","https:\/\/x.com\/https:\/\/twitter.com\/RLeinewelle?ref_src=twsrcgoogletwcampserptwgrauthor","https:\/\/soundcloud.com\/foerderverein-lokalradio?utm_source=clipboard&utm_medium=text&utm_campaign=social_sharing"],"url":"https:\/\/radioleinewelle.de\/index.php\/author\/leinewelle\/"}]}},"_links":{"self":[{"href":"https:\/\/radioleinewelle.de\/index.php\/wp-json\/wp\/v2\/posts\/29106","targetHints":{"allow":["GET"]}}],"collection":[{"href":"https:\/\/radioleinewelle.de\/index.php\/wp-json\/wp\/v2\/posts"}],"about":[{"href":"https:\/\/radioleinewelle.de\/index.php\/wp-json\/wp\/v2\/types\/post"}],"author":[{"embeddable":true,"href":"https:\/\/radioleinewelle.de\/index.php\/wp-json\/wp\/v2\/users\/1"}],"replies":[{"embeddable":true,"href":"https:\/\/radioleinewelle.de\/index.php\/wp-json\/wp\/v2\/comments?post=29106"}],"version-history":[{"count":5,"href":"https:\/\/radioleinewelle.de\/index.php\/wp-json\/wp\/v2\/posts\/29106\/revisions"}],"predecessor-version":[{"id":29113,"href":"https:\/\/radioleinewelle.de\/index.php\/wp-json\/wp\/v2\/posts\/29106\/revisions\/29113"}],"wp:featuredmedia":[{"embeddable":true,"href":"https:\/\/radioleinewelle.de\/index.php\/wp-json\/wp\/v2\/media\/29107"}],"wp:attachment":[{"href":"https:\/\/radioleinewelle.de\/index.php\/wp-json\/wp\/v2\/media?parent=29106"}],"wp:term":[{"taxonomy":"category","embeddable":true,"href":"https:\/\/radioleinewelle.de\/index.php\/wp-json\/wp\/v2\/categories?post=29106"},{"taxonomy":"post_tag","embeddable":true,"href":"https:\/\/radioleinewelle.de\/index.php\/wp-json\/wp\/v2\/tags?post=29106"}],"curies":[{"name":"wp","href":"https:\/\/api.w.org\/{rel}","templated":true}]}}