{"id":2917,"date":"2020-11-12T08:06:14","date_gmt":"2020-11-12T07:06:14","guid":{"rendered":"https:\/\/radioleinewelle.de\/?p=2917"},"modified":"2020-11-12T08:06:14","modified_gmt":"2020-11-12T07:06:14","slug":"ratssitzung-der-stadt-goettingen-am-13-11","status":"publish","type":"post","link":"https:\/\/radioleinewelle.de\/index.php\/2020\/11\/12\/ratssitzung-der-stadt-goettingen-am-13-11\/","title":{"rendered":"Ratssitzung der Stadt G\u00f6ttingen am 13.11.20"},"content":{"rendered":"<p>Der Rat der Stadt G\u00f6ttingen tagt am Freitag, 13. November 2020, ab 16.00 Uhr aufgrund der Corona-Pandemie in der Sparkassen-Arena, Sch\u00fctzenplatz 1, in G\u00f6ttingen. Damit wird es erm\u00f6glicht, den notwendigen Abstand zwischen den Sitzungsteilnehmer*innen beziehungsweise den Besucher*innen einzuhalten.<\/p>\n<p>Auf der\u00a0<a class=\"intern\" title=\"Tagesordnung\" href=\"https:\/\/ratsinfo.goettingen.de\/bi\/to010.asp?SILFDNR=4849&amp;TOLFDNR=137967#beschluss\" target=\"_blank\" rel=\"noopener\">Tagesordnung<\/a>\u00a0stehen neben weiteren Themen unter anderem diese politischen Antr\u00e4ge:<\/p>\n<ul>\n<li>\u201eGro\u00dfe Wohnungen f\u00fcr kinderreiche Familien\u201c (Antrag der SPD-Ratsfraktion)<\/li>\n<li>\u201eBegleitender Sanierungsausschuss f\u00fcr das Deutsche Theater\u201c (Antrag der CDU-Ratsfraktion)<\/li>\n<li>\u201eEin qualifizierter Mietspiegel f\u00fcr G\u00f6ttingen\u201c (Antrag der B\u00fcndnis90\/Die Gr\u00fcnen-Ratsfraktion)<\/li>\n<li>\u201eWiederherstellung des B\u00fcrgerservice in den Ordnungsbeh\u00f6rden\u201c (Antrag der G\u00f6Linke\/ALG-Ratsgruppe)<\/li>\n<li>\u201eElterntaxis stilllegen: Verkehrssituation rund um unsere Schulen entsch\u00e4rfen\u201c (Antrag der PARTEI-Ratsgruppe)<\/li>\n<li>\u201eEin Wohnraumschutzgesetz f\u00fcr sozialen Zusammenhalt\u201c (Antrag der B\u00fcndnis90\/Die Gr\u00fcnen-Ratsfraktion)<\/li>\n<li>\u201eKeine Geb\u00fchren f\u00fcr Au\u00dfengastronomie 2020\/21\u201c (Antrag der PARTEI-Ratsgruppe)<\/li>\n<\/ul>\n<p><strong>Einwohnerfragen \/ Anh\u00f6rung<\/strong><\/p>\n<p>Anwesende Einwohnerinnen und Einwohner k\u00f6nnen Fragen in den Sitzungen an die Rats- und Ausschussmitglieder und die Verwaltung zu Beratungsgegenst\u00e4nden der jeweiligen Sitzung und zu anderen Angelegenheiten der Stadt stellen. Die Beantwortung der Fragen findet m\u00f6glichst nicht sp\u00e4ter als 18.00 Uhr f\u00fcr eine halbe Stunde statt. Der Ausschuss kann au\u00dferdem beschlie\u00dfen, anwesende Sachverst\u00e4ndige und anwesende Einwohnerinnen und Einwohner zum Gegenstand der Beratung zu h\u00f6ren.<\/p>\n<p><strong><em>Radio Leinewelle berichtet auf Facebook und Twitter live \u00fcber die Ergebnisse der Ratssitzung.<\/em><\/strong><\/p>\n","protected":false},"excerpt":{"rendered":"<p>Der Rat der Stadt G\u00f6ttingen tagt am Freitag, 13. November 2020, ab 16.00 Uhr aufgrund der Corona-Pandemie in der Sparkassen-Arena, Sch\u00fctzenplatz 1, in G\u00f6ttingen. Damit wird es erm\u00f6glicht, den notwendigen Abstand zwischen den Sitzungsteilnehmer*innen beziehungsweise den Besucher*innen einzuhalten. Auf der\u00a0Tagesordnung\u00a0stehen neben weiteren Themen unter anderem diese politischen Antr\u00e4ge: \u201eGro\u00dfe Wohnungen f\u00fcr kinderreiche Familien\u201c (Antrag der [&hellip;]<\/p>\n","protected":false},"author":1,"featured_media":1648,"comment_status":"closed","ping_status":"closed","sticky":false,"template":"","format":"standard","meta":{"saved_in_kubio":false,"footnotes":""},"categories":[39],"tags":[],"class_list":["post-2917","post","type-post","status-publish","format-standard","has-post-thumbnail","hentry","category-lokalpolitik"],"yoast_head":"<!-- This site is optimized with the Yoast SEO plugin v27.5 - https:\/\/yoast.com\/product\/yoast-seo-wordpress\/ -->\n<title>Ratssitzung der Stadt G\u00f6ttingen am 13.11.20 - Radio Leinewelle<\/title>\n<meta name=\"robots\" content=\"index, follow, max-snippet:-1, max-image-preview:large, max-video-preview:-1\" \/>\n<link rel=\"canonical\" href=\"https:\/\/radioleinewelle.de\/index.php\/2020\/11\/12\/ratssitzung-der-stadt-goettingen-am-13-11\/\" \/>\n<meta property=\"og:locale\" content=\"de_DE\" \/>\n<meta property=\"og:type\" content=\"article\" \/>\n<meta property=\"og:title\" content=\"Ratssitzung der Stadt G\u00f6ttingen am 13.11.20 - Radio Leinewelle\" \/>\n<meta property=\"og:description\" content=\"Der Rat der Stadt G\u00f6ttingen tagt am Freitag, 13. November 2020, ab 16.00 Uhr aufgrund der Corona-Pandemie in der Sparkassen-Arena, Sch\u00fctzenplatz 1, in G\u00f6ttingen. Damit wird es erm\u00f6glicht, den notwendigen Abstand zwischen den Sitzungsteilnehmer*innen beziehungsweise den Besucher*innen einzuhalten. Auf der\u00a0Tagesordnung\u00a0stehen neben weiteren Themen unter anderem diese politischen Antr\u00e4ge: \u201eGro\u00dfe Wohnungen f\u00fcr kinderreiche Familien\u201c (Antrag der [&hellip;]\" \/>\n<meta property=\"og:url\" content=\"https:\/\/radioleinewelle.de\/index.php\/2020\/11\/12\/ratssitzung-der-stadt-goettingen-am-13-11\/\" \/>\n<meta property=\"og:site_name\" content=\"Radio Leinewelle\" \/>\n<meta property=\"article:publisher\" content=\"https:\/\/www.facebook.com\/radioleinewelle\" \/>\n<meta property=\"article:author\" content=\"https:\/\/www.facebook.com\/radioleinewelle\" \/>\n<meta property=\"article:published_time\" content=\"2020-11-12T07:06:14+00:00\" \/>\n<meta property=\"og:image\" content=\"https:\/\/radioleinewelle.de\/wp-content\/uploads\/2020\/09\/Rathaus-e1600119510700.jpg\" \/>\n\t<meta property=\"og:image:width\" content=\"300\" \/>\n\t<meta property=\"og:image:height\" content=\"269\" \/>\n\t<meta property=\"og:image:type\" content=\"image\/jpeg\" \/>\n<meta name=\"author\" content=\"Leinewelle\" \/>\n<meta name=\"twitter:card\" content=\"summary_large_image\" \/>\n<meta name=\"twitter:creator\" content=\"@https:\/\/twitter.com\/RLeinewelle?ref_src=twsrcgoogletwcampserptwgrauthor\" \/>\n<meta name=\"twitter:site\" content=\"@RLeinewelle\" \/>\n<meta name=\"twitter:label1\" content=\"Verfasst von\" \/>\n\t<meta name=\"twitter:data1\" content=\"Leinewelle\" \/>\n\t<meta name=\"twitter:label2\" content=\"Gesch\u00e4tzte Lesezeit\" \/>\n\t<meta name=\"twitter:data2\" content=\"1\u00a0Minute\" \/>\n<script type=\"application\/ld+json\" class=\"yoast-schema-graph\">{\"@context\":\"https:\\\/\\\/schema.org\",\"@graph\":[{\"@type\":\"Article\",\"@id\":\"https:\\\/\\\/radioleinewelle.de\\\/index.php\\\/2020\\\/11\\\/12\\\/ratssitzung-der-stadt-goettingen-am-13-11\\\/#article\",\"isPartOf\":{\"@id\":\"https:\\\/\\\/radioleinewelle.de\\\/index.php\\\/2020\\\/11\\\/12\\\/ratssitzung-der-stadt-goettingen-am-13-11\\\/\"},\"author\":{\"name\":\"Leinewelle\",\"@id\":\"https:\\\/\\\/radioleinewelle.de\\\/#\\\/schema\\\/person\\\/45606f348637df637192dc1b68399a63\"},\"headline\":\"Ratssitzung der Stadt G\u00f6ttingen am 13.11.20\",\"datePublished\":\"2020-11-12T07:06:14+00:00\",\"mainEntityOfPage\":{\"@id\":\"https:\\\/\\\/radioleinewelle.de\\\/index.php\\\/2020\\\/11\\\/12\\\/ratssitzung-der-stadt-goettingen-am-13-11\\\/\"},\"wordCount\":228,\"publisher\":{\"@id\":\"https:\\\/\\\/radioleinewelle.de\\\/#organization\"},\"image\":{\"@id\":\"https:\\\/\\\/radioleinewelle.de\\\/index.php\\\/2020\\\/11\\\/12\\\/ratssitzung-der-stadt-goettingen-am-13-11\\\/#primaryimage\"},\"thumbnailUrl\":\"https:\\\/\\\/radioleinewelle.de\\\/wp-content\\\/uploads\\\/2020\\\/09\\\/Rathaus-e1600119510700.jpg\",\"articleSection\":[\"Lokalpolitik\"],\"inLanguage\":\"de\"},{\"@type\":\"WebPage\",\"@id\":\"https:\\\/\\\/radioleinewelle.de\\\/index.php\\\/2020\\\/11\\\/12\\\/ratssitzung-der-stadt-goettingen-am-13-11\\\/\",\"url\":\"https:\\\/\\\/radioleinewelle.de\\\/index.php\\\/2020\\\/11\\\/12\\\/ratssitzung-der-stadt-goettingen-am-13-11\\\/\",\"name\":\"Ratssitzung der Stadt G\u00f6ttingen am 13.11.20 - Radio Leinewelle\",\"isPartOf\":{\"@id\":\"https:\\\/\\\/radioleinewelle.de\\\/#website\"},\"primaryImageOfPage\":{\"@id\":\"https:\\\/\\\/radioleinewelle.de\\\/index.php\\\/2020\\\/11\\\/12\\\/ratssitzung-der-stadt-goettingen-am-13-11\\\/#primaryimage\"},\"image\":{\"@id\":\"https:\\\/\\\/radioleinewelle.de\\\/index.php\\\/2020\\\/11\\\/12\\\/ratssitzung-der-stadt-goettingen-am-13-11\\\/#primaryimage\"},\"thumbnailUrl\":\"https:\\\/\\\/radioleinewelle.de\\\/wp-content\\\/uploads\\\/2020\\\/09\\\/Rathaus-e1600119510700.jpg\",\"datePublished\":\"2020-11-12T07:06:14+00:00\",\"breadcrumb\":{\"@id\":\"https:\\\/\\\/radioleinewelle.de\\\/index.php\\\/2020\\\/11\\\/12\\\/ratssitzung-der-stadt-goettingen-am-13-11\\\/#breadcrumb\"},\"inLanguage\":\"de\",\"potentialAction\":[{\"@type\":\"ReadAction\",\"target\":[\"https:\\\/\\\/radioleinewelle.de\\\/index.php\\\/2020\\\/11\\\/12\\\/ratssitzung-der-stadt-goettingen-am-13-11\\\/\"]}]},{\"@type\":\"ImageObject\",\"inLanguage\":\"de\",\"@id\":\"https:\\\/\\\/radioleinewelle.de\\\/index.php\\\/2020\\\/11\\\/12\\\/ratssitzung-der-stadt-goettingen-am-13-11\\\/#primaryimage\",\"url\":\"https:\\\/\\\/radioleinewelle.de\\\/wp-content\\\/uploads\\\/2020\\\/09\\\/Rathaus-e1600119510700.jpg\",\"contentUrl\":\"https:\\\/\\\/radioleinewelle.de\\\/wp-content\\\/uploads\\\/2020\\\/09\\\/Rathaus-e1600119510700.jpg\",\"width\":300,\"height\":269},{\"@type\":\"BreadcrumbList\",\"@id\":\"https:\\\/\\\/radioleinewelle.de\\\/index.php\\\/2020\\\/11\\\/12\\\/ratssitzung-der-stadt-goettingen-am-13-11\\\/#breadcrumb\",\"itemListElement\":[{\"@type\":\"ListItem\",\"position\":1,\"name\":\"Startseite\",\"item\":\"https:\\\/\\\/radioleinewelle.de\\\/\"},{\"@type\":\"ListItem\",\"position\":2,\"name\":\"Ratssitzung der Stadt G\u00f6ttingen am 13.11.20\"}]},{\"@type\":\"WebSite\",\"@id\":\"https:\\\/\\\/radioleinewelle.de\\\/#website\",\"url\":\"https:\\\/\\\/radioleinewelle.de\\\/\",\"name\":\"Radio Leinewelle\",\"description\":\"\",\"publisher\":{\"@id\":\"https:\\\/\\\/radioleinewelle.de\\\/#organization\"},\"potentialAction\":[{\"@type\":\"SearchAction\",\"target\":{\"@type\":\"EntryPoint\",\"urlTemplate\":\"https:\\\/\\\/radioleinewelle.de\\\/?s={search_term_string}\"},\"query-input\":{\"@type\":\"PropertyValueSpecification\",\"valueRequired\":true,\"valueName\":\"search_term_string\"}}],\"inLanguage\":\"de\"},{\"@type\":\"Organization\",\"@id\":\"https:\\\/\\\/radioleinewelle.de\\\/#organization\",\"name\":\"Radio Leinewelle\",\"alternateName\":\"Mein Radio f\u00fcr S\u00fcdniedersachsen\",\"url\":\"https:\\\/\\\/radioleinewelle.de\\\/\",\"logo\":{\"@type\":\"ImageObject\",\"inLanguage\":\"de\",\"@id\":\"https:\\\/\\\/radioleinewelle.de\\\/#\\\/schema\\\/logo\\\/image\\\/\",\"url\":\"https:\\\/\\\/radioleinewelle.de\\\/wp-content\\\/uploads\\\/2023\\\/11\\\/cropped-Leinewelle_Logo_weiss.png\",\"contentUrl\":\"https:\\\/\\\/radioleinewelle.de\\\/wp-content\\\/uploads\\\/2023\\\/11\\\/cropped-Leinewelle_Logo_weiss.png\",\"width\":854,\"height\":260,\"caption\":\"Radio Leinewelle\"},\"image\":{\"@id\":\"https:\\\/\\\/radioleinewelle.de\\\/#\\\/schema\\\/logo\\\/image\\\/\"},\"sameAs\":[\"https:\\\/\\\/www.facebook.com\\\/radioleinewelle\",\"https:\\\/\\\/x.com\\\/RLeinewelle\",\"https:\\\/\\\/www.instagram.com\\\/radioleinewelle\\\/?hl=de\"]},{\"@type\":\"Person\",\"@id\":\"https:\\\/\\\/radioleinewelle.de\\\/#\\\/schema\\\/person\\\/45606f348637df637192dc1b68399a63\",\"name\":\"Leinewelle\",\"image\":{\"@type\":\"ImageObject\",\"inLanguage\":\"de\",\"@id\":\"https:\\\/\\\/secure.gravatar.com\\\/avatar\\\/05c9a17bc973052ee5d91549bd32fb4dd0dc85b7b85ae94b2e2b4943476bbea5?s=96&d=blank&r=g\",\"url\":\"https:\\\/\\\/secure.gravatar.com\\\/avatar\\\/05c9a17bc973052ee5d91549bd32fb4dd0dc85b7b85ae94b2e2b4943476bbea5?s=96&d=blank&r=g\",\"contentUrl\":\"https:\\\/\\\/secure.gravatar.com\\\/avatar\\\/05c9a17bc973052ee5d91549bd32fb4dd0dc85b7b85ae94b2e2b4943476bbea5?s=96&d=blank&r=g\",\"caption\":\"Leinewelle\"},\"sameAs\":[\"http:\\\/\\\/localhost\\\/radio%20leinewelle\\\/wordpress\",\"https:\\\/\\\/www.facebook.com\\\/radioleinewelle\",\"https:\\\/\\\/www.instagram.com\\\/radioleinewelle\",\"https:\\\/\\\/x.com\\\/https:\\\/\\\/twitter.com\\\/RLeinewelle?ref_src=twsrcgoogletwcampserptwgrauthor\",\"https:\\\/\\\/soundcloud.com\\\/foerderverein-lokalradio?utm_source=clipboard&utm_medium=text&utm_campaign=social_sharing\"],\"url\":\"https:\\\/\\\/radioleinewelle.de\\\/index.php\\\/author\\\/leinewelle\\\/\"}]}<\/script>\n<!-- \/ Yoast SEO plugin. -->","yoast_head_json":{"title":"Ratssitzung der Stadt G\u00f6ttingen am 13.11.20 - Radio Leinewelle","robots":{"index":"index","follow":"follow","max-snippet":"max-snippet:-1","max-image-preview":"max-image-preview:large","max-video-preview":"max-video-preview:-1"},"canonical":"https:\/\/radioleinewelle.de\/index.php\/2020\/11\/12\/ratssitzung-der-stadt-goettingen-am-13-11\/","og_locale":"de_DE","og_type":"article","og_title":"Ratssitzung der Stadt G\u00f6ttingen am 13.11.20 - Radio Leinewelle","og_description":"Der Rat der Stadt G\u00f6ttingen tagt am Freitag, 13. November 2020, ab 16.00 Uhr aufgrund der Corona-Pandemie in der Sparkassen-Arena, Sch\u00fctzenplatz 1, in G\u00f6ttingen. Damit wird es erm\u00f6glicht, den notwendigen Abstand zwischen den Sitzungsteilnehmer*innen beziehungsweise den Besucher*innen einzuhalten. Auf der\u00a0Tagesordnung\u00a0stehen neben weiteren Themen unter anderem diese politischen Antr\u00e4ge: \u201eGro\u00dfe Wohnungen f\u00fcr kinderreiche Familien\u201c (Antrag der [&hellip;]","og_url":"https:\/\/radioleinewelle.de\/index.php\/2020\/11\/12\/ratssitzung-der-stadt-goettingen-am-13-11\/","og_site_name":"Radio Leinewelle","article_publisher":"https:\/\/www.facebook.com\/radioleinewelle","article_author":"https:\/\/www.facebook.com\/radioleinewelle","article_published_time":"2020-11-12T07:06:14+00:00","og_image":[{"width":300,"height":269,"url":"https:\/\/radioleinewelle.de\/wp-content\/uploads\/2020\/09\/Rathaus-e1600119510700.jpg","type":"image\/jpeg"}],"author":"Leinewelle","twitter_card":"summary_large_image","twitter_creator":"@https:\/\/twitter.com\/RLeinewelle?ref_src=twsrcgoogletwcampserptwgrauthor","twitter_site":"@RLeinewelle","twitter_misc":{"Verfasst von":"Leinewelle","Gesch\u00e4tzte Lesezeit":"1\u00a0Minute"},"schema":{"@context":"https:\/\/schema.org","@graph":[{"@type":"Article","@id":"https:\/\/radioleinewelle.de\/index.php\/2020\/11\/12\/ratssitzung-der-stadt-goettingen-am-13-11\/#article","isPartOf":{"@id":"https:\/\/radioleinewelle.de\/index.php\/2020\/11\/12\/ratssitzung-der-stadt-goettingen-am-13-11\/"},"author":{"name":"Leinewelle","@id":"https:\/\/radioleinewelle.de\/#\/schema\/person\/45606f348637df637192dc1b68399a63"},"headline":"Ratssitzung der Stadt G\u00f6ttingen am 13.11.20","datePublished":"2020-11-12T07:06:14+00:00","mainEntityOfPage":{"@id":"https:\/\/radioleinewelle.de\/index.php\/2020\/11\/12\/ratssitzung-der-stadt-goettingen-am-13-11\/"},"wordCount":228,"publisher":{"@id":"https:\/\/radioleinewelle.de\/#organization"},"image":{"@id":"https:\/\/radioleinewelle.de\/index.php\/2020\/11\/12\/ratssitzung-der-stadt-goettingen-am-13-11\/#primaryimage"},"thumbnailUrl":"https:\/\/radioleinewelle.de\/wp-content\/uploads\/2020\/09\/Rathaus-e1600119510700.jpg","articleSection":["Lokalpolitik"],"inLanguage":"de"},{"@type":"WebPage","@id":"https:\/\/radioleinewelle.de\/index.php\/2020\/11\/12\/ratssitzung-der-stadt-goettingen-am-13-11\/","url":"https:\/\/radioleinewelle.de\/index.php\/2020\/11\/12\/ratssitzung-der-stadt-goettingen-am-13-11\/","name":"Ratssitzung der Stadt G\u00f6ttingen am 13.11.20 - Radio Leinewelle","isPartOf":{"@id":"https:\/\/radioleinewelle.de\/#website"},"primaryImageOfPage":{"@id":"https:\/\/radioleinewelle.de\/index.php\/2020\/11\/12\/ratssitzung-der-stadt-goettingen-am-13-11\/#primaryimage"},"image":{"@id":"https:\/\/radioleinewelle.de\/index.php\/2020\/11\/12\/ratssitzung-der-stadt-goettingen-am-13-11\/#primaryimage"},"thumbnailUrl":"https:\/\/radioleinewelle.de\/wp-content\/uploads\/2020\/09\/Rathaus-e1600119510700.jpg","datePublished":"2020-11-12T07:06:14+00:00","breadcrumb":{"@id":"https:\/\/radioleinewelle.de\/index.php\/2020\/11\/12\/ratssitzung-der-stadt-goettingen-am-13-11\/#breadcrumb"},"inLanguage":"de","potentialAction":[{"@type":"ReadAction","target":["https:\/\/radioleinewelle.de\/index.php\/2020\/11\/12\/ratssitzung-der-stadt-goettingen-am-13-11\/"]}]},{"@type":"ImageObject","inLanguage":"de","@id":"https:\/\/radioleinewelle.de\/index.php\/2020\/11\/12\/ratssitzung-der-stadt-goettingen-am-13-11\/#primaryimage","url":"https:\/\/radioleinewelle.de\/wp-content\/uploads\/2020\/09\/Rathaus-e1600119510700.jpg","contentUrl":"https:\/\/radioleinewelle.de\/wp-content\/uploads\/2020\/09\/Rathaus-e1600119510700.jpg","width":300,"height":269},{"@type":"BreadcrumbList","@id":"https:\/\/radioleinewelle.de\/index.php\/2020\/11\/12\/ratssitzung-der-stadt-goettingen-am-13-11\/#breadcrumb","itemListElement":[{"@type":"ListItem","position":1,"name":"Startseite","item":"https:\/\/radioleinewelle.de\/"},{"@type":"ListItem","position":2,"name":"Ratssitzung der Stadt G\u00f6ttingen am 13.11.20"}]},{"@type":"WebSite","@id":"https:\/\/radioleinewelle.de\/#website","url":"https:\/\/radioleinewelle.de\/","name":"Radio Leinewelle","description":"","publisher":{"@id":"https:\/\/radioleinewelle.de\/#organization"},"potentialAction":[{"@type":"SearchAction","target":{"@type":"EntryPoint","urlTemplate":"https:\/\/radioleinewelle.de\/?s={search_term_string}"},"query-input":{"@type":"PropertyValueSpecification","valueRequired":true,"valueName":"search_term_string"}}],"inLanguage":"de"},{"@type":"Organization","@id":"https:\/\/radioleinewelle.de\/#organization","name":"Radio Leinewelle","alternateName":"Mein Radio f\u00fcr S\u00fcdniedersachsen","url":"https:\/\/radioleinewelle.de\/","logo":{"@type":"ImageObject","inLanguage":"de","@id":"https:\/\/radioleinewelle.de\/#\/schema\/logo\/image\/","url":"https:\/\/radioleinewelle.de\/wp-content\/uploads\/2023\/11\/cropped-Leinewelle_Logo_weiss.png","contentUrl":"https:\/\/radioleinewelle.de\/wp-content\/uploads\/2023\/11\/cropped-Leinewelle_Logo_weiss.png","width":854,"height":260,"caption":"Radio Leinewelle"},"image":{"@id":"https:\/\/radioleinewelle.de\/#\/schema\/logo\/image\/"},"sameAs":["https:\/\/www.facebook.com\/radioleinewelle","https:\/\/x.com\/RLeinewelle","https:\/\/www.instagram.com\/radioleinewelle\/?hl=de"]},{"@type":"Person","@id":"https:\/\/radioleinewelle.de\/#\/schema\/person\/45606f348637df637192dc1b68399a63","name":"Leinewelle","image":{"@type":"ImageObject","inLanguage":"de","@id":"https:\/\/secure.gravatar.com\/avatar\/05c9a17bc973052ee5d91549bd32fb4dd0dc85b7b85ae94b2e2b4943476bbea5?s=96&d=blank&r=g","url":"https:\/\/secure.gravatar.com\/avatar\/05c9a17bc973052ee5d91549bd32fb4dd0dc85b7b85ae94b2e2b4943476bbea5?s=96&d=blank&r=g","contentUrl":"https:\/\/secure.gravatar.com\/avatar\/05c9a17bc973052ee5d91549bd32fb4dd0dc85b7b85ae94b2e2b4943476bbea5?s=96&d=blank&r=g","caption":"Leinewelle"},"sameAs":["http:\/\/localhost\/radio%20leinewelle\/wordpress","https:\/\/www.facebook.com\/radioleinewelle","https:\/\/www.instagram.com\/radioleinewelle","https:\/\/x.com\/https:\/\/twitter.com\/RLeinewelle?ref_src=twsrcgoogletwcampserptwgrauthor","https:\/\/soundcloud.com\/foerderverein-lokalradio?utm_source=clipboard&utm_medium=text&utm_campaign=social_sharing"],"url":"https:\/\/radioleinewelle.de\/index.php\/author\/leinewelle\/"}]}},"_links":{"self":[{"href":"https:\/\/radioleinewelle.de\/index.php\/wp-json\/wp\/v2\/posts\/2917","targetHints":{"allow":["GET"]}}],"collection":[{"href":"https:\/\/radioleinewelle.de\/index.php\/wp-json\/wp\/v2\/posts"}],"about":[{"href":"https:\/\/radioleinewelle.de\/index.php\/wp-json\/wp\/v2\/types\/post"}],"author":[{"embeddable":true,"href":"https:\/\/radioleinewelle.de\/index.php\/wp-json\/wp\/v2\/users\/1"}],"replies":[{"embeddable":true,"href":"https:\/\/radioleinewelle.de\/index.php\/wp-json\/wp\/v2\/comments?post=2917"}],"version-history":[{"count":0,"href":"https:\/\/radioleinewelle.de\/index.php\/wp-json\/wp\/v2\/posts\/2917\/revisions"}],"wp:featuredmedia":[{"embeddable":true,"href":"https:\/\/radioleinewelle.de\/index.php\/wp-json\/wp\/v2\/media\/1648"}],"wp:attachment":[{"href":"https:\/\/radioleinewelle.de\/index.php\/wp-json\/wp\/v2\/media?parent=2917"}],"wp:term":[{"taxonomy":"category","embeddable":true,"href":"https:\/\/radioleinewelle.de\/index.php\/wp-json\/wp\/v2\/categories?post=2917"},{"taxonomy":"post_tag","embeddable":true,"href":"https:\/\/radioleinewelle.de\/index.php\/wp-json\/wp\/v2\/tags?post=2917"}],"curies":[{"name":"wp","href":"https:\/\/api.w.org\/{rel}","templated":true}]}}