{"id":2927,"date":"2020-11-13T05:15:41","date_gmt":"2020-11-13T04:15:41","guid":{"rendered":"https:\/\/radioleinewelle.de\/?p=2927"},"modified":"2020-11-13T05:15:41","modified_gmt":"2020-11-13T04:15:41","slug":"pirat-ramaswamy-ruft-zum-protest-gegen-die-geplante-eu-verschluessungspraxis-auf","status":"publish","type":"post","link":"https:\/\/radioleinewelle.de\/index.php\/2020\/11\/13\/pirat-ramaswamy-ruft-zum-protest-gegen-die-geplante-eu-verschluessungspraxis-auf\/","title":{"rendered":"Pirat Ramaswamy ruft zum Protest gegen die geplante EU Verschl\u00fcssungspraxis auf"},"content":{"rendered":"<p>Anl\u00e4sslich der Planungen in der EU, federf\u00fchrend durch die Bundesregierung bzw die Deutsche Ratspr\u00e4sidentschaft\u00a0 protestiert Kreistagsabgeordneter der Piraten in der P2+ Fraktion Dr. M. Ramaswamy\u00a0 gegen die Einf\u00fchrung von herstellerseitigen Generalschl\u00fcsseln, um Verschl\u00fcsselungen und Cryptographie auszuhebeln, die Hintert\u00fcr soll zum Standard werden. Ber\u00fcchtigt ist dieses geplante EU-Gesetz auch, da es neben den vorgesehenen Uploadfiltern auch eine Ein-Stunden-L\u00f6schanordnung vorsieht.\u00a0Der Terroranschlag in Wien wird im EU-Ministerrat dazu benutzt, um ein Verbot sicherer Verschl\u00fcsselung f\u00fcr Services wie WhatsApp, Signal und viele andere im Schnellsiedeverfahren durchzusetzen. Das geht aus einem mit 6. November datierten internen Dokument der deutschen Ratspr\u00e4sidentschaft an die Delegationen der Mitgliedsstaaten im Rat hervor. Verwunderlich ist nur, dass die T\u00e4ter bereits beh\u00f6rdlich bekannt waren und die etwaige Verschl\u00fcsselung von Kommunikation zur Verhinderung der Tat keinerlei Rolle spielte.<\/p>\n<p>Im EU-Ministerrat wurde binnen weniger Tage eine Resolution beschlussfertig gemacht, die Plattformbetreiber wie WhatsApp, Signal und Co. k\u00fcnftig dazu verpflichtet, Generalschl\u00fcssel zur \u00dcberwachbarkeit von End-to-End-verschl\u00fcsselten Chats und Messages anzulegen.\u00a0&#8222;Das w\u00e4re das Ende sicherer Verschl\u00fcsselung insgesamt und w\u00fcrde Hintert\u00fcren auch f\u00fcr Hacker, Geheimdienste usw. \u00f6ffnen. Stoppt diesen Angriff auf unsere Sicherheit im Netz!&#8220; (appeliert Patrik Breyer, Pirat im EU Prlament)\u00a0Selbst die ehemalige Justizminsterin Sabine Leutheuser-Schnarrenberger twittert: Ein Generalschl\u00fcssel zur \u00dcberwachung\u00a0 von Chats ist ein Werkzeug, von dem Diktatoren tr\u00e4umen. Terrorismus muss bek\u00e4mpft werden \u2013 durch fundierte Ermittlungen, auch im Darknet. Gewalt darf kein Feigenblatt f\u00fcr die Unterwanderung unserer Grundrechte sein.\u00a0&#8222;Diese Versuche der Einschr\u00e4nkung elementarer Rechte sollte nicht widerstandslos hingenommen werden&#8220; meint der G\u00f6ttinger Pirat Dr. M. Ramaswamy. &#8222;Wir m\u00fcssen nun so schnell wie m\u00f6glich den Druck auf die im Rat vertretenen Regierungen erh\u00f6hen, da durch dieses Gesetz ein massiver Schaden f\u00fcr unser Internet entstehen wird.&#8220; erg\u00e4nzt Ramaswamy.<\/p>\n<p>Er fordert die B\u00fcrgerinnen und B\u00fcrger auf, selbst aktiv zu werden und sich medial an der \u00f6ffentlichen Diskussion zu beteiligen. \u00a0\u00a0Aus einem freien und offenen Internet droht ein eingeschr\u00e4nktes Internet zu werden, dass durch gro\u00dfe Anbieter, die \u00fcber die technische Infrastruktur verf\u00fcgen z.B. eine einst\u00fcndige L\u00f6schanordnung zu vollziehen, dominiert werden wird. Ebenfalls ist zu bef\u00fcrchten, dass auch politische Institutionen versuchen k\u00f6nnten, mit solchen L\u00f6schanforderungen, das Meinungssprektrum im Internet zu beeinflussen.\u00a0\u00a0Die Verabschiedung des Gesetzes soll bereits am 25. November im Europ\u00e4ischen Rat erfolgen, substanzielle Kommentare sind bis zum 19. November erw\u00fcnscht.<\/p>\n","protected":false},"excerpt":{"rendered":"<p>Anl\u00e4sslich der Planungen in der EU, federf\u00fchrend durch die Bundesregierung bzw die Deutsche Ratspr\u00e4sidentschaft\u00a0 protestiert Kreistagsabgeordneter der Piraten in der P2+ Fraktion Dr. M. Ramaswamy\u00a0 gegen die Einf\u00fchrung von herstellerseitigen Generalschl\u00fcsseln, um Verschl\u00fcsselungen und Cryptographie auszuhebeln, die Hintert\u00fcr soll zum Standard werden. Ber\u00fcchtigt ist dieses geplante EU-Gesetz auch, da es neben den vorgesehenen Uploadfiltern auch [&hellip;]<\/p>\n","protected":false},"author":1,"featured_media":2929,"comment_status":"closed","ping_status":"closed","sticky":false,"template":"","format":"standard","meta":{"saved_in_kubio":false,"footnotes":""},"categories":[47],"tags":[],"class_list":["post-2927","post","type-post","status-publish","format-standard","has-post-thumbnail","hentry","category-netzwelt"],"yoast_head":"<!-- This site is optimized with the Yoast SEO plugin v27.5 - https:\/\/yoast.com\/product\/yoast-seo-wordpress\/ -->\n<title>Pirat Ramaswamy ruft zum Protest gegen die geplante EU Verschl\u00fcssungspraxis auf - Radio Leinewelle<\/title>\n<meta name=\"robots\" content=\"index, follow, max-snippet:-1, max-image-preview:large, max-video-preview:-1\" \/>\n<link rel=\"canonical\" href=\"https:\/\/radioleinewelle.de\/index.php\/2020\/11\/13\/pirat-ramaswamy-ruft-zum-protest-gegen-die-geplante-eu-verschluessungspraxis-auf\/\" \/>\n<meta property=\"og:locale\" content=\"de_DE\" \/>\n<meta property=\"og:type\" content=\"article\" \/>\n<meta property=\"og:title\" content=\"Pirat Ramaswamy ruft zum Protest gegen die geplante EU Verschl\u00fcssungspraxis auf - Radio Leinewelle\" \/>\n<meta property=\"og:description\" content=\"Anl\u00e4sslich der Planungen in der EU, federf\u00fchrend durch die Bundesregierung bzw die Deutsche Ratspr\u00e4sidentschaft\u00a0 protestiert Kreistagsabgeordneter der Piraten in der P2+ Fraktion Dr. M. Ramaswamy\u00a0 gegen die Einf\u00fchrung von herstellerseitigen Generalschl\u00fcsseln, um Verschl\u00fcsselungen und Cryptographie auszuhebeln, die Hintert\u00fcr soll zum Standard werden. Ber\u00fcchtigt ist dieses geplante EU-Gesetz auch, da es neben den vorgesehenen Uploadfiltern auch [&hellip;]\" \/>\n<meta property=\"og:url\" content=\"https:\/\/radioleinewelle.de\/index.php\/2020\/11\/13\/pirat-ramaswamy-ruft-zum-protest-gegen-die-geplante-eu-verschluessungspraxis-auf\/\" \/>\n<meta property=\"og:site_name\" content=\"Radio Leinewelle\" \/>\n<meta property=\"article:publisher\" content=\"https:\/\/www.facebook.com\/radioleinewelle\" \/>\n<meta property=\"article:author\" content=\"https:\/\/www.facebook.com\/radioleinewelle\" \/>\n<meta property=\"article:published_time\" content=\"2020-11-13T04:15:41+00:00\" \/>\n<meta property=\"og:image\" content=\"https:\/\/radioleinewelle.de\/wp-content\/uploads\/2020\/11\/computer-1836330_640.png\" \/>\n\t<meta property=\"og:image:width\" content=\"640\" \/>\n\t<meta property=\"og:image:height\" content=\"314\" \/>\n\t<meta property=\"og:image:type\" content=\"image\/png\" \/>\n<meta name=\"author\" content=\"Leinewelle\" \/>\n<meta name=\"twitter:card\" content=\"summary_large_image\" \/>\n<meta name=\"twitter:creator\" content=\"@https:\/\/twitter.com\/RLeinewelle?ref_src=twsrcgoogletwcampserptwgrauthor\" \/>\n<meta name=\"twitter:site\" content=\"@RLeinewelle\" \/>\n<meta name=\"twitter:label1\" content=\"Verfasst von\" \/>\n\t<meta name=\"twitter:data1\" content=\"Leinewelle\" \/>\n\t<meta name=\"twitter:label2\" content=\"Gesch\u00e4tzte Lesezeit\" \/>\n\t<meta name=\"twitter:data2\" content=\"2\u00a0Minuten\" \/>\n<script type=\"application\/ld+json\" class=\"yoast-schema-graph\">{\"@context\":\"https:\\\/\\\/schema.org\",\"@graph\":[{\"@type\":\"Article\",\"@id\":\"https:\\\/\\\/radioleinewelle.de\\\/index.php\\\/2020\\\/11\\\/13\\\/pirat-ramaswamy-ruft-zum-protest-gegen-die-geplante-eu-verschluessungspraxis-auf\\\/#article\",\"isPartOf\":{\"@id\":\"https:\\\/\\\/radioleinewelle.de\\\/index.php\\\/2020\\\/11\\\/13\\\/pirat-ramaswamy-ruft-zum-protest-gegen-die-geplante-eu-verschluessungspraxis-auf\\\/\"},\"author\":{\"name\":\"Leinewelle\",\"@id\":\"https:\\\/\\\/radioleinewelle.de\\\/#\\\/schema\\\/person\\\/45606f348637df637192dc1b68399a63\"},\"headline\":\"Pirat Ramaswamy ruft zum Protest gegen die geplante EU Verschl\u00fcssungspraxis auf\",\"datePublished\":\"2020-11-13T04:15:41+00:00\",\"mainEntityOfPage\":{\"@id\":\"https:\\\/\\\/radioleinewelle.de\\\/index.php\\\/2020\\\/11\\\/13\\\/pirat-ramaswamy-ruft-zum-protest-gegen-die-geplante-eu-verschluessungspraxis-auf\\\/\"},\"wordCount\":422,\"publisher\":{\"@id\":\"https:\\\/\\\/radioleinewelle.de\\\/#organization\"},\"image\":{\"@id\":\"https:\\\/\\\/radioleinewelle.de\\\/index.php\\\/2020\\\/11\\\/13\\\/pirat-ramaswamy-ruft-zum-protest-gegen-die-geplante-eu-verschluessungspraxis-auf\\\/#primaryimage\"},\"thumbnailUrl\":\"https:\\\/\\\/radioleinewelle.de\\\/wp-content\\\/uploads\\\/2020\\\/11\\\/computer-1836330_640.png\",\"articleSection\":[\"Netzwelt\"],\"inLanguage\":\"de\"},{\"@type\":\"WebPage\",\"@id\":\"https:\\\/\\\/radioleinewelle.de\\\/index.php\\\/2020\\\/11\\\/13\\\/pirat-ramaswamy-ruft-zum-protest-gegen-die-geplante-eu-verschluessungspraxis-auf\\\/\",\"url\":\"https:\\\/\\\/radioleinewelle.de\\\/index.php\\\/2020\\\/11\\\/13\\\/pirat-ramaswamy-ruft-zum-protest-gegen-die-geplante-eu-verschluessungspraxis-auf\\\/\",\"name\":\"Pirat Ramaswamy ruft zum Protest gegen die geplante EU Verschl\u00fcssungspraxis auf - Radio Leinewelle\",\"isPartOf\":{\"@id\":\"https:\\\/\\\/radioleinewelle.de\\\/#website\"},\"primaryImageOfPage\":{\"@id\":\"https:\\\/\\\/radioleinewelle.de\\\/index.php\\\/2020\\\/11\\\/13\\\/pirat-ramaswamy-ruft-zum-protest-gegen-die-geplante-eu-verschluessungspraxis-auf\\\/#primaryimage\"},\"image\":{\"@id\":\"https:\\\/\\\/radioleinewelle.de\\\/index.php\\\/2020\\\/11\\\/13\\\/pirat-ramaswamy-ruft-zum-protest-gegen-die-geplante-eu-verschluessungspraxis-auf\\\/#primaryimage\"},\"thumbnailUrl\":\"https:\\\/\\\/radioleinewelle.de\\\/wp-content\\\/uploads\\\/2020\\\/11\\\/computer-1836330_640.png\",\"datePublished\":\"2020-11-13T04:15:41+00:00\",\"breadcrumb\":{\"@id\":\"https:\\\/\\\/radioleinewelle.de\\\/index.php\\\/2020\\\/11\\\/13\\\/pirat-ramaswamy-ruft-zum-protest-gegen-die-geplante-eu-verschluessungspraxis-auf\\\/#breadcrumb\"},\"inLanguage\":\"de\",\"potentialAction\":[{\"@type\":\"ReadAction\",\"target\":[\"https:\\\/\\\/radioleinewelle.de\\\/index.php\\\/2020\\\/11\\\/13\\\/pirat-ramaswamy-ruft-zum-protest-gegen-die-geplante-eu-verschluessungspraxis-auf\\\/\"]}]},{\"@type\":\"ImageObject\",\"inLanguage\":\"de\",\"@id\":\"https:\\\/\\\/radioleinewelle.de\\\/index.php\\\/2020\\\/11\\\/13\\\/pirat-ramaswamy-ruft-zum-protest-gegen-die-geplante-eu-verschluessungspraxis-auf\\\/#primaryimage\",\"url\":\"https:\\\/\\\/radioleinewelle.de\\\/wp-content\\\/uploads\\\/2020\\\/11\\\/computer-1836330_640.png\",\"contentUrl\":\"https:\\\/\\\/radioleinewelle.de\\\/wp-content\\\/uploads\\\/2020\\\/11\\\/computer-1836330_640.png\",\"width\":640,\"height\":314},{\"@type\":\"BreadcrumbList\",\"@id\":\"https:\\\/\\\/radioleinewelle.de\\\/index.php\\\/2020\\\/11\\\/13\\\/pirat-ramaswamy-ruft-zum-protest-gegen-die-geplante-eu-verschluessungspraxis-auf\\\/#breadcrumb\",\"itemListElement\":[{\"@type\":\"ListItem\",\"position\":1,\"name\":\"Startseite\",\"item\":\"https:\\\/\\\/radioleinewelle.de\\\/\"},{\"@type\":\"ListItem\",\"position\":2,\"name\":\"Pirat Ramaswamy ruft zum Protest gegen die geplante EU Verschl\u00fcssungspraxis auf\"}]},{\"@type\":\"WebSite\",\"@id\":\"https:\\\/\\\/radioleinewelle.de\\\/#website\",\"url\":\"https:\\\/\\\/radioleinewelle.de\\\/\",\"name\":\"Radio Leinewelle\",\"description\":\"\",\"publisher\":{\"@id\":\"https:\\\/\\\/radioleinewelle.de\\\/#organization\"},\"potentialAction\":[{\"@type\":\"SearchAction\",\"target\":{\"@type\":\"EntryPoint\",\"urlTemplate\":\"https:\\\/\\\/radioleinewelle.de\\\/?s={search_term_string}\"},\"query-input\":{\"@type\":\"PropertyValueSpecification\",\"valueRequired\":true,\"valueName\":\"search_term_string\"}}],\"inLanguage\":\"de\"},{\"@type\":\"Organization\",\"@id\":\"https:\\\/\\\/radioleinewelle.de\\\/#organization\",\"name\":\"Radio Leinewelle\",\"alternateName\":\"Mein Radio f\u00fcr S\u00fcdniedersachsen\",\"url\":\"https:\\\/\\\/radioleinewelle.de\\\/\",\"logo\":{\"@type\":\"ImageObject\",\"inLanguage\":\"de\",\"@id\":\"https:\\\/\\\/radioleinewelle.de\\\/#\\\/schema\\\/logo\\\/image\\\/\",\"url\":\"https:\\\/\\\/radioleinewelle.de\\\/wp-content\\\/uploads\\\/2023\\\/11\\\/cropped-Leinewelle_Logo_weiss.png\",\"contentUrl\":\"https:\\\/\\\/radioleinewelle.de\\\/wp-content\\\/uploads\\\/2023\\\/11\\\/cropped-Leinewelle_Logo_weiss.png\",\"width\":854,\"height\":260,\"caption\":\"Radio Leinewelle\"},\"image\":{\"@id\":\"https:\\\/\\\/radioleinewelle.de\\\/#\\\/schema\\\/logo\\\/image\\\/\"},\"sameAs\":[\"https:\\\/\\\/www.facebook.com\\\/radioleinewelle\",\"https:\\\/\\\/x.com\\\/RLeinewelle\",\"https:\\\/\\\/www.instagram.com\\\/radioleinewelle\\\/?hl=de\"]},{\"@type\":\"Person\",\"@id\":\"https:\\\/\\\/radioleinewelle.de\\\/#\\\/schema\\\/person\\\/45606f348637df637192dc1b68399a63\",\"name\":\"Leinewelle\",\"image\":{\"@type\":\"ImageObject\",\"inLanguage\":\"de\",\"@id\":\"https:\\\/\\\/secure.gravatar.com\\\/avatar\\\/05c9a17bc973052ee5d91549bd32fb4dd0dc85b7b85ae94b2e2b4943476bbea5?s=96&d=blank&r=g\",\"url\":\"https:\\\/\\\/secure.gravatar.com\\\/avatar\\\/05c9a17bc973052ee5d91549bd32fb4dd0dc85b7b85ae94b2e2b4943476bbea5?s=96&d=blank&r=g\",\"contentUrl\":\"https:\\\/\\\/secure.gravatar.com\\\/avatar\\\/05c9a17bc973052ee5d91549bd32fb4dd0dc85b7b85ae94b2e2b4943476bbea5?s=96&d=blank&r=g\",\"caption\":\"Leinewelle\"},\"sameAs\":[\"http:\\\/\\\/localhost\\\/radio%20leinewelle\\\/wordpress\",\"https:\\\/\\\/www.facebook.com\\\/radioleinewelle\",\"https:\\\/\\\/www.instagram.com\\\/radioleinewelle\",\"https:\\\/\\\/x.com\\\/https:\\\/\\\/twitter.com\\\/RLeinewelle?ref_src=twsrcgoogletwcampserptwgrauthor\",\"https:\\\/\\\/soundcloud.com\\\/foerderverein-lokalradio?utm_source=clipboard&utm_medium=text&utm_campaign=social_sharing\"],\"url\":\"https:\\\/\\\/radioleinewelle.de\\\/index.php\\\/author\\\/leinewelle\\\/\"}]}<\/script>\n<!-- \/ Yoast SEO plugin. -->","yoast_head_json":{"title":"Pirat Ramaswamy ruft zum Protest gegen die geplante EU Verschl\u00fcssungspraxis auf - Radio Leinewelle","robots":{"index":"index","follow":"follow","max-snippet":"max-snippet:-1","max-image-preview":"max-image-preview:large","max-video-preview":"max-video-preview:-1"},"canonical":"https:\/\/radioleinewelle.de\/index.php\/2020\/11\/13\/pirat-ramaswamy-ruft-zum-protest-gegen-die-geplante-eu-verschluessungspraxis-auf\/","og_locale":"de_DE","og_type":"article","og_title":"Pirat Ramaswamy ruft zum Protest gegen die geplante EU Verschl\u00fcssungspraxis auf - Radio Leinewelle","og_description":"Anl\u00e4sslich der Planungen in der EU, federf\u00fchrend durch die Bundesregierung bzw die Deutsche Ratspr\u00e4sidentschaft\u00a0 protestiert Kreistagsabgeordneter der Piraten in der P2+ Fraktion Dr. M. Ramaswamy\u00a0 gegen die Einf\u00fchrung von herstellerseitigen Generalschl\u00fcsseln, um Verschl\u00fcsselungen und Cryptographie auszuhebeln, die Hintert\u00fcr soll zum Standard werden. Ber\u00fcchtigt ist dieses geplante EU-Gesetz auch, da es neben den vorgesehenen Uploadfiltern auch [&hellip;]","og_url":"https:\/\/radioleinewelle.de\/index.php\/2020\/11\/13\/pirat-ramaswamy-ruft-zum-protest-gegen-die-geplante-eu-verschluessungspraxis-auf\/","og_site_name":"Radio Leinewelle","article_publisher":"https:\/\/www.facebook.com\/radioleinewelle","article_author":"https:\/\/www.facebook.com\/radioleinewelle","article_published_time":"2020-11-13T04:15:41+00:00","og_image":[{"width":640,"height":314,"url":"https:\/\/radioleinewelle.de\/wp-content\/uploads\/2020\/11\/computer-1836330_640.png","type":"image\/png"}],"author":"Leinewelle","twitter_card":"summary_large_image","twitter_creator":"@https:\/\/twitter.com\/RLeinewelle?ref_src=twsrcgoogletwcampserptwgrauthor","twitter_site":"@RLeinewelle","twitter_misc":{"Verfasst von":"Leinewelle","Gesch\u00e4tzte Lesezeit":"2\u00a0Minuten"},"schema":{"@context":"https:\/\/schema.org","@graph":[{"@type":"Article","@id":"https:\/\/radioleinewelle.de\/index.php\/2020\/11\/13\/pirat-ramaswamy-ruft-zum-protest-gegen-die-geplante-eu-verschluessungspraxis-auf\/#article","isPartOf":{"@id":"https:\/\/radioleinewelle.de\/index.php\/2020\/11\/13\/pirat-ramaswamy-ruft-zum-protest-gegen-die-geplante-eu-verschluessungspraxis-auf\/"},"author":{"name":"Leinewelle","@id":"https:\/\/radioleinewelle.de\/#\/schema\/person\/45606f348637df637192dc1b68399a63"},"headline":"Pirat Ramaswamy ruft zum Protest gegen die geplante EU Verschl\u00fcssungspraxis auf","datePublished":"2020-11-13T04:15:41+00:00","mainEntityOfPage":{"@id":"https:\/\/radioleinewelle.de\/index.php\/2020\/11\/13\/pirat-ramaswamy-ruft-zum-protest-gegen-die-geplante-eu-verschluessungspraxis-auf\/"},"wordCount":422,"publisher":{"@id":"https:\/\/radioleinewelle.de\/#organization"},"image":{"@id":"https:\/\/radioleinewelle.de\/index.php\/2020\/11\/13\/pirat-ramaswamy-ruft-zum-protest-gegen-die-geplante-eu-verschluessungspraxis-auf\/#primaryimage"},"thumbnailUrl":"https:\/\/radioleinewelle.de\/wp-content\/uploads\/2020\/11\/computer-1836330_640.png","articleSection":["Netzwelt"],"inLanguage":"de"},{"@type":"WebPage","@id":"https:\/\/radioleinewelle.de\/index.php\/2020\/11\/13\/pirat-ramaswamy-ruft-zum-protest-gegen-die-geplante-eu-verschluessungspraxis-auf\/","url":"https:\/\/radioleinewelle.de\/index.php\/2020\/11\/13\/pirat-ramaswamy-ruft-zum-protest-gegen-die-geplante-eu-verschluessungspraxis-auf\/","name":"Pirat Ramaswamy ruft zum Protest gegen die geplante EU Verschl\u00fcssungspraxis auf - Radio Leinewelle","isPartOf":{"@id":"https:\/\/radioleinewelle.de\/#website"},"primaryImageOfPage":{"@id":"https:\/\/radioleinewelle.de\/index.php\/2020\/11\/13\/pirat-ramaswamy-ruft-zum-protest-gegen-die-geplante-eu-verschluessungspraxis-auf\/#primaryimage"},"image":{"@id":"https:\/\/radioleinewelle.de\/index.php\/2020\/11\/13\/pirat-ramaswamy-ruft-zum-protest-gegen-die-geplante-eu-verschluessungspraxis-auf\/#primaryimage"},"thumbnailUrl":"https:\/\/radioleinewelle.de\/wp-content\/uploads\/2020\/11\/computer-1836330_640.png","datePublished":"2020-11-13T04:15:41+00:00","breadcrumb":{"@id":"https:\/\/radioleinewelle.de\/index.php\/2020\/11\/13\/pirat-ramaswamy-ruft-zum-protest-gegen-die-geplante-eu-verschluessungspraxis-auf\/#breadcrumb"},"inLanguage":"de","potentialAction":[{"@type":"ReadAction","target":["https:\/\/radioleinewelle.de\/index.php\/2020\/11\/13\/pirat-ramaswamy-ruft-zum-protest-gegen-die-geplante-eu-verschluessungspraxis-auf\/"]}]},{"@type":"ImageObject","inLanguage":"de","@id":"https:\/\/radioleinewelle.de\/index.php\/2020\/11\/13\/pirat-ramaswamy-ruft-zum-protest-gegen-die-geplante-eu-verschluessungspraxis-auf\/#primaryimage","url":"https:\/\/radioleinewelle.de\/wp-content\/uploads\/2020\/11\/computer-1836330_640.png","contentUrl":"https:\/\/radioleinewelle.de\/wp-content\/uploads\/2020\/11\/computer-1836330_640.png","width":640,"height":314},{"@type":"BreadcrumbList","@id":"https:\/\/radioleinewelle.de\/index.php\/2020\/11\/13\/pirat-ramaswamy-ruft-zum-protest-gegen-die-geplante-eu-verschluessungspraxis-auf\/#breadcrumb","itemListElement":[{"@type":"ListItem","position":1,"name":"Startseite","item":"https:\/\/radioleinewelle.de\/"},{"@type":"ListItem","position":2,"name":"Pirat Ramaswamy ruft zum Protest gegen die geplante EU Verschl\u00fcssungspraxis auf"}]},{"@type":"WebSite","@id":"https:\/\/radioleinewelle.de\/#website","url":"https:\/\/radioleinewelle.de\/","name":"Radio Leinewelle","description":"","publisher":{"@id":"https:\/\/radioleinewelle.de\/#organization"},"potentialAction":[{"@type":"SearchAction","target":{"@type":"EntryPoint","urlTemplate":"https:\/\/radioleinewelle.de\/?s={search_term_string}"},"query-input":{"@type":"PropertyValueSpecification","valueRequired":true,"valueName":"search_term_string"}}],"inLanguage":"de"},{"@type":"Organization","@id":"https:\/\/radioleinewelle.de\/#organization","name":"Radio Leinewelle","alternateName":"Mein Radio f\u00fcr S\u00fcdniedersachsen","url":"https:\/\/radioleinewelle.de\/","logo":{"@type":"ImageObject","inLanguage":"de","@id":"https:\/\/radioleinewelle.de\/#\/schema\/logo\/image\/","url":"https:\/\/radioleinewelle.de\/wp-content\/uploads\/2023\/11\/cropped-Leinewelle_Logo_weiss.png","contentUrl":"https:\/\/radioleinewelle.de\/wp-content\/uploads\/2023\/11\/cropped-Leinewelle_Logo_weiss.png","width":854,"height":260,"caption":"Radio Leinewelle"},"image":{"@id":"https:\/\/radioleinewelle.de\/#\/schema\/logo\/image\/"},"sameAs":["https:\/\/www.facebook.com\/radioleinewelle","https:\/\/x.com\/RLeinewelle","https:\/\/www.instagram.com\/radioleinewelle\/?hl=de"]},{"@type":"Person","@id":"https:\/\/radioleinewelle.de\/#\/schema\/person\/45606f348637df637192dc1b68399a63","name":"Leinewelle","image":{"@type":"ImageObject","inLanguage":"de","@id":"https:\/\/secure.gravatar.com\/avatar\/05c9a17bc973052ee5d91549bd32fb4dd0dc85b7b85ae94b2e2b4943476bbea5?s=96&d=blank&r=g","url":"https:\/\/secure.gravatar.com\/avatar\/05c9a17bc973052ee5d91549bd32fb4dd0dc85b7b85ae94b2e2b4943476bbea5?s=96&d=blank&r=g","contentUrl":"https:\/\/secure.gravatar.com\/avatar\/05c9a17bc973052ee5d91549bd32fb4dd0dc85b7b85ae94b2e2b4943476bbea5?s=96&d=blank&r=g","caption":"Leinewelle"},"sameAs":["http:\/\/localhost\/radio%20leinewelle\/wordpress","https:\/\/www.facebook.com\/radioleinewelle","https:\/\/www.instagram.com\/radioleinewelle","https:\/\/x.com\/https:\/\/twitter.com\/RLeinewelle?ref_src=twsrcgoogletwcampserptwgrauthor","https:\/\/soundcloud.com\/foerderverein-lokalradio?utm_source=clipboard&utm_medium=text&utm_campaign=social_sharing"],"url":"https:\/\/radioleinewelle.de\/index.php\/author\/leinewelle\/"}]}},"_links":{"self":[{"href":"https:\/\/radioleinewelle.de\/index.php\/wp-json\/wp\/v2\/posts\/2927","targetHints":{"allow":["GET"]}}],"collection":[{"href":"https:\/\/radioleinewelle.de\/index.php\/wp-json\/wp\/v2\/posts"}],"about":[{"href":"https:\/\/radioleinewelle.de\/index.php\/wp-json\/wp\/v2\/types\/post"}],"author":[{"embeddable":true,"href":"https:\/\/radioleinewelle.de\/index.php\/wp-json\/wp\/v2\/users\/1"}],"replies":[{"embeddable":true,"href":"https:\/\/radioleinewelle.de\/index.php\/wp-json\/wp\/v2\/comments?post=2927"}],"version-history":[{"count":0,"href":"https:\/\/radioleinewelle.de\/index.php\/wp-json\/wp\/v2\/posts\/2927\/revisions"}],"wp:featuredmedia":[{"embeddable":true,"href":"https:\/\/radioleinewelle.de\/index.php\/wp-json\/wp\/v2\/media\/2929"}],"wp:attachment":[{"href":"https:\/\/radioleinewelle.de\/index.php\/wp-json\/wp\/v2\/media?parent=2927"}],"wp:term":[{"taxonomy":"category","embeddable":true,"href":"https:\/\/radioleinewelle.de\/index.php\/wp-json\/wp\/v2\/categories?post=2927"},{"taxonomy":"post_tag","embeddable":true,"href":"https:\/\/radioleinewelle.de\/index.php\/wp-json\/wp\/v2\/tags?post=2927"}],"curies":[{"name":"wp","href":"https:\/\/api.w.org\/{rel}","templated":true}]}}