{"id":2930,"date":"2020-11-13T05:32:09","date_gmt":"2020-11-13T04:32:09","guid":{"rendered":"https:\/\/radioleinewelle.de\/?p=2930"},"modified":"2020-11-13T05:32:09","modified_gmt":"2020-11-13T04:32:09","slug":"2020-bringt-keine-erholung-fuer-waelder-in-niedersachsen","status":"publish","type":"post","link":"https:\/\/radioleinewelle.de\/index.php\/2020\/11\/13\/2020-bringt-keine-erholung-fuer-waelder-in-niedersachsen\/","title":{"rendered":"2020 bringt keine Erholung f\u00fcr W\u00e4lder in Niedersachsen"},"content":{"rendered":"<p>Der Witterungsverlauf brachte f\u00fcr unsere W\u00e4lder in diesem Jahr keine Entlastung. Erneut war es zu warm und zu trocken. Abgestorbene B\u00e4ume und entwaldete Fl\u00e4chen pr\u00e4gen leider das Landschaftsbild unserer Mittelgebirge\u201c. Mit diesem Fazit kommentierte die nieders\u00e4chsische Forstministerin Barbara Otte-Kinast den neuen Waldzustandsbericht f\u00fcr 2020. Besonders schwer hat es die W\u00e4lder in S\u00fcdniedersachsen getroffen. Die deutlichen Sch\u00e4den durch Sturm, Trockenheit und Borkenk\u00e4ferplage haben die langj\u00e4hrigen Messwerte des Waldumweltmonitorings f\u00fcr B\u00e4ume und Waldb\u00f6den bereits im dritten Jahr \u00fcberlagert. Insgesamt zeigen die Ergebnisse der Waldzustandserhebung, dass die Krise unseres Waldes noch nicht \u00fcberstanden ist. Die mittlere Kronenverlichtung verbesserte sich im Schnitt \u00fcber alle Baumarten und Altersklassen nicht nennenswert. Mit 21 Prozent liegt die Kronenverlichtung einen Prozentpunkt unter dem Vorjahr \u2013 dem h\u00f6chsten Wert \u00fcberhaupt in der Zeitreihe der Waldzustandserhebung.<\/p>\n<p>Der Vitalit\u00e4tszustand aller Baumarten mit Ausnahme der Eichen hat sich in den letzten drei Jahren verschlechtert, insbesondere in den Fichtenbest\u00e4nden sind die Sch\u00e4den verheerend. Mehr als die H\u00e4lfte der Fichten in der Stichprobe der Waldzustandserhebung musste seit 2017 als Schadholz entnommen werden oder ist abgestorben.\u00a0Aber auch viele alte Rotbuchen sind abgestorben. Wesentliche Ursache dieser Vitalit\u00e4tsschw\u00e4che sind Trockenheit sowie die Dauer und Intensit\u00e4t der Sonneneinstrahlung. Nachfolgend haben Pilze und Insekten die m\u00e4chtigen Buchen rasch absterben lassen.<\/p>\n<p><strong>\u201eDie Schadensbew\u00e4ltigung und der klimagerechte Waldumbau stellen Forstbetriebe, Waldbesitzer und Forstwissenschaftler vor gro\u00dfe Herausforderungen.<\/strong><br \/>\nGemeinsames Ziel ist und bleibt ein stabiler, arten- und strukturreicher Wald, der nachhaltig auf \u00f6kologischer Grundlage bewirtschaftet wird\u201c, so die Forstministerin. Klima angepasste Baumarten sind die Voraussetzung f\u00fcr den zukunftssicheren Waldumbau. Bei dieser wichtigen und langfristigen Aufgabe ist die Verf\u00fcgbarkeit von geeignetem forstlichen Vermehrungsgut von gro\u00dfer Bedeutung. Aktuelle Klimaprojektionen lassen f\u00fcr Niedersachsen einen Temperaturanstieg mit trockeneren Sommern und verl\u00e4ngerten Vegetationszeiten erwarten. F\u00fcr die Waldb\u00e4ume bedeutet das ein zunehmendes Trockenstressrisiko. Zuk\u00fcnftig spielt das pflanzenverf\u00fcgbare Wasser eine entscheidende Rolle bei der Baumartenwahl. Dies wird durch die so genannte Standortswasserbilanz bei der klimaangepassten Waldbauplanung ber\u00fccksichtigt.\u00a0Forstministerin Barbara Otte-Kinast zeigt sich zuversichtlich: \u201eIm Vordergrund steht die Wiederbewaldung der Kahlfl\u00e4chen mit standortsgerechten und klimaresilienten Mischbest\u00e4nden. Dazu stellt mein Ministerium erhebliche F\u00f6rdergelder von Bund und Land bereit. Wir lassen unsere Waldbesitzer nicht allein!\u201c<\/p>\n<p><b><\/b><b>Download des Waldzustandsberichts 2020:<\/b><br \/>\n<a class=\"download\" href=\"http:\/\/www.ml.niedersachsen.de\/\" target=\"target=\" rel=\"noopener\">www.ml.niedersachsen.de<\/a> im Themenbereich &#8222;Wald, Holz &amp; Jagd&#8220; unter &#8222;<a href=\"https:\/\/www.ml.niedersachsen.de\/startseite\/themen\/wald_holz_jagd\/wald_und_forstwirtschaft\/zustand-des-niedersaechsischen-waldes-waldschaeden-und-risiken-5181.html\" target=\"_self\" rel=\"noopener\">Wald und Forstwirtschaft<\/a>&#8222;<\/p>\n","protected":false},"excerpt":{"rendered":"<p>Der Witterungsverlauf brachte f\u00fcr unsere W\u00e4lder in diesem Jahr keine Entlastung. Erneut war es zu warm und zu trocken. Abgestorbene B\u00e4ume und entwaldete Fl\u00e4chen pr\u00e4gen leider das Landschaftsbild unserer Mittelgebirge\u201c. Mit diesem Fazit kommentierte die nieders\u00e4chsische Forstministerin Barbara Otte-Kinast den neuen Waldzustandsbericht f\u00fcr 2020. Besonders schwer hat es die W\u00e4lder in S\u00fcdniedersachsen getroffen. Die deutlichen [&hellip;]<\/p>\n","protected":false},"author":1,"featured_media":0,"comment_status":"closed","ping_status":"closed","sticky":false,"template":"","format":"standard","meta":{"saved_in_kubio":false,"footnotes":""},"categories":[32],"tags":[],"class_list":["post-2930","post","type-post","status-publish","format-standard","hentry","category-natur-umwelt"],"yoast_head":"<!-- This site is optimized with the Yoast SEO plugin v27.5 - https:\/\/yoast.com\/product\/yoast-seo-wordpress\/ -->\n<title>2020 bringt keine Erholung f\u00fcr W\u00e4lder in Niedersachsen - Radio Leinewelle<\/title>\n<meta name=\"robots\" content=\"index, follow, max-snippet:-1, max-image-preview:large, max-video-preview:-1\" \/>\n<link rel=\"canonical\" href=\"https:\/\/radioleinewelle.de\/index.php\/2020\/11\/13\/2020-bringt-keine-erholung-fuer-waelder-in-niedersachsen\/\" \/>\n<meta property=\"og:locale\" content=\"de_DE\" \/>\n<meta property=\"og:type\" content=\"article\" \/>\n<meta property=\"og:title\" content=\"2020 bringt keine Erholung f\u00fcr W\u00e4lder in Niedersachsen - Radio Leinewelle\" \/>\n<meta property=\"og:description\" content=\"Der Witterungsverlauf brachte f\u00fcr unsere W\u00e4lder in diesem Jahr keine Entlastung. Erneut war es zu warm und zu trocken. Abgestorbene B\u00e4ume und entwaldete Fl\u00e4chen pr\u00e4gen leider das Landschaftsbild unserer Mittelgebirge\u201c. Mit diesem Fazit kommentierte die nieders\u00e4chsische Forstministerin Barbara Otte-Kinast den neuen Waldzustandsbericht f\u00fcr 2020. Besonders schwer hat es die W\u00e4lder in S\u00fcdniedersachsen getroffen. Die deutlichen [&hellip;]\" \/>\n<meta property=\"og:url\" content=\"https:\/\/radioleinewelle.de\/index.php\/2020\/11\/13\/2020-bringt-keine-erholung-fuer-waelder-in-niedersachsen\/\" \/>\n<meta property=\"og:site_name\" content=\"Radio Leinewelle\" \/>\n<meta property=\"article:publisher\" content=\"https:\/\/www.facebook.com\/radioleinewelle\" \/>\n<meta property=\"article:author\" content=\"https:\/\/www.facebook.com\/radioleinewelle\" \/>\n<meta property=\"article:published_time\" content=\"2020-11-13T04:32:09+00:00\" \/>\n<meta name=\"author\" content=\"Leinewelle\" \/>\n<meta name=\"twitter:card\" content=\"summary_large_image\" \/>\n<meta name=\"twitter:creator\" content=\"@https:\/\/twitter.com\/RLeinewelle?ref_src=twsrcgoogletwcampserptwgrauthor\" \/>\n<meta name=\"twitter:site\" content=\"@RLeinewelle\" \/>\n<meta name=\"twitter:label1\" content=\"Verfasst von\" \/>\n\t<meta name=\"twitter:data1\" content=\"Leinewelle\" \/>\n\t<meta name=\"twitter:label2\" content=\"Gesch\u00e4tzte Lesezeit\" \/>\n\t<meta name=\"twitter:data2\" content=\"2\u00a0Minuten\" \/>\n<script type=\"application\/ld+json\" class=\"yoast-schema-graph\">{\"@context\":\"https:\\\/\\\/schema.org\",\"@graph\":[{\"@type\":\"Article\",\"@id\":\"https:\\\/\\\/radioleinewelle.de\\\/index.php\\\/2020\\\/11\\\/13\\\/2020-bringt-keine-erholung-fuer-waelder-in-niedersachsen\\\/#article\",\"isPartOf\":{\"@id\":\"https:\\\/\\\/radioleinewelle.de\\\/index.php\\\/2020\\\/11\\\/13\\\/2020-bringt-keine-erholung-fuer-waelder-in-niedersachsen\\\/\"},\"author\":{\"name\":\"Leinewelle\",\"@id\":\"https:\\\/\\\/radioleinewelle.de\\\/#\\\/schema\\\/person\\\/45606f348637df637192dc1b68399a63\"},\"headline\":\"2020 bringt keine Erholung f\u00fcr W\u00e4lder in Niedersachsen\",\"datePublished\":\"2020-11-13T04:32:09+00:00\",\"mainEntityOfPage\":{\"@id\":\"https:\\\/\\\/radioleinewelle.de\\\/index.php\\\/2020\\\/11\\\/13\\\/2020-bringt-keine-erholung-fuer-waelder-in-niedersachsen\\\/\"},\"wordCount\":404,\"publisher\":{\"@id\":\"https:\\\/\\\/radioleinewelle.de\\\/#organization\"},\"articleSection\":[\"Natur &amp; Umwelt\"],\"inLanguage\":\"de\"},{\"@type\":\"WebPage\",\"@id\":\"https:\\\/\\\/radioleinewelle.de\\\/index.php\\\/2020\\\/11\\\/13\\\/2020-bringt-keine-erholung-fuer-waelder-in-niedersachsen\\\/\",\"url\":\"https:\\\/\\\/radioleinewelle.de\\\/index.php\\\/2020\\\/11\\\/13\\\/2020-bringt-keine-erholung-fuer-waelder-in-niedersachsen\\\/\",\"name\":\"2020 bringt keine Erholung f\u00fcr W\u00e4lder in Niedersachsen - Radio Leinewelle\",\"isPartOf\":{\"@id\":\"https:\\\/\\\/radioleinewelle.de\\\/#website\"},\"datePublished\":\"2020-11-13T04:32:09+00:00\",\"breadcrumb\":{\"@id\":\"https:\\\/\\\/radioleinewelle.de\\\/index.php\\\/2020\\\/11\\\/13\\\/2020-bringt-keine-erholung-fuer-waelder-in-niedersachsen\\\/#breadcrumb\"},\"inLanguage\":\"de\",\"potentialAction\":[{\"@type\":\"ReadAction\",\"target\":[\"https:\\\/\\\/radioleinewelle.de\\\/index.php\\\/2020\\\/11\\\/13\\\/2020-bringt-keine-erholung-fuer-waelder-in-niedersachsen\\\/\"]}]},{\"@type\":\"BreadcrumbList\",\"@id\":\"https:\\\/\\\/radioleinewelle.de\\\/index.php\\\/2020\\\/11\\\/13\\\/2020-bringt-keine-erholung-fuer-waelder-in-niedersachsen\\\/#breadcrumb\",\"itemListElement\":[{\"@type\":\"ListItem\",\"position\":1,\"name\":\"Startseite\",\"item\":\"https:\\\/\\\/radioleinewelle.de\\\/\"},{\"@type\":\"ListItem\",\"position\":2,\"name\":\"2020 bringt keine Erholung f\u00fcr W\u00e4lder in Niedersachsen\"}]},{\"@type\":\"WebSite\",\"@id\":\"https:\\\/\\\/radioleinewelle.de\\\/#website\",\"url\":\"https:\\\/\\\/radioleinewelle.de\\\/\",\"name\":\"Radio Leinewelle\",\"description\":\"\",\"publisher\":{\"@id\":\"https:\\\/\\\/radioleinewelle.de\\\/#organization\"},\"potentialAction\":[{\"@type\":\"SearchAction\",\"target\":{\"@type\":\"EntryPoint\",\"urlTemplate\":\"https:\\\/\\\/radioleinewelle.de\\\/?s={search_term_string}\"},\"query-input\":{\"@type\":\"PropertyValueSpecification\",\"valueRequired\":true,\"valueName\":\"search_term_string\"}}],\"inLanguage\":\"de\"},{\"@type\":\"Organization\",\"@id\":\"https:\\\/\\\/radioleinewelle.de\\\/#organization\",\"name\":\"Radio Leinewelle\",\"alternateName\":\"Mein Radio f\u00fcr S\u00fcdniedersachsen\",\"url\":\"https:\\\/\\\/radioleinewelle.de\\\/\",\"logo\":{\"@type\":\"ImageObject\",\"inLanguage\":\"de\",\"@id\":\"https:\\\/\\\/radioleinewelle.de\\\/#\\\/schema\\\/logo\\\/image\\\/\",\"url\":\"https:\\\/\\\/radioleinewelle.de\\\/wp-content\\\/uploads\\\/2023\\\/11\\\/cropped-Leinewelle_Logo_weiss.png\",\"contentUrl\":\"https:\\\/\\\/radioleinewelle.de\\\/wp-content\\\/uploads\\\/2023\\\/11\\\/cropped-Leinewelle_Logo_weiss.png\",\"width\":854,\"height\":260,\"caption\":\"Radio Leinewelle\"},\"image\":{\"@id\":\"https:\\\/\\\/radioleinewelle.de\\\/#\\\/schema\\\/logo\\\/image\\\/\"},\"sameAs\":[\"https:\\\/\\\/www.facebook.com\\\/radioleinewelle\",\"https:\\\/\\\/x.com\\\/RLeinewelle\",\"https:\\\/\\\/www.instagram.com\\\/radioleinewelle\\\/?hl=de\"]},{\"@type\":\"Person\",\"@id\":\"https:\\\/\\\/radioleinewelle.de\\\/#\\\/schema\\\/person\\\/45606f348637df637192dc1b68399a63\",\"name\":\"Leinewelle\",\"image\":{\"@type\":\"ImageObject\",\"inLanguage\":\"de\",\"@id\":\"https:\\\/\\\/secure.gravatar.com\\\/avatar\\\/05c9a17bc973052ee5d91549bd32fb4dd0dc85b7b85ae94b2e2b4943476bbea5?s=96&d=blank&r=g\",\"url\":\"https:\\\/\\\/secure.gravatar.com\\\/avatar\\\/05c9a17bc973052ee5d91549bd32fb4dd0dc85b7b85ae94b2e2b4943476bbea5?s=96&d=blank&r=g\",\"contentUrl\":\"https:\\\/\\\/secure.gravatar.com\\\/avatar\\\/05c9a17bc973052ee5d91549bd32fb4dd0dc85b7b85ae94b2e2b4943476bbea5?s=96&d=blank&r=g\",\"caption\":\"Leinewelle\"},\"sameAs\":[\"http:\\\/\\\/localhost\\\/radio%20leinewelle\\\/wordpress\",\"https:\\\/\\\/www.facebook.com\\\/radioleinewelle\",\"https:\\\/\\\/www.instagram.com\\\/radioleinewelle\",\"https:\\\/\\\/x.com\\\/https:\\\/\\\/twitter.com\\\/RLeinewelle?ref_src=twsrcgoogletwcampserptwgrauthor\",\"https:\\\/\\\/soundcloud.com\\\/foerderverein-lokalradio?utm_source=clipboard&utm_medium=text&utm_campaign=social_sharing\"],\"url\":\"https:\\\/\\\/radioleinewelle.de\\\/index.php\\\/author\\\/leinewelle\\\/\"}]}<\/script>\n<!-- \/ Yoast SEO plugin. -->","yoast_head_json":{"title":"2020 bringt keine Erholung f\u00fcr W\u00e4lder in Niedersachsen - Radio Leinewelle","robots":{"index":"index","follow":"follow","max-snippet":"max-snippet:-1","max-image-preview":"max-image-preview:large","max-video-preview":"max-video-preview:-1"},"canonical":"https:\/\/radioleinewelle.de\/index.php\/2020\/11\/13\/2020-bringt-keine-erholung-fuer-waelder-in-niedersachsen\/","og_locale":"de_DE","og_type":"article","og_title":"2020 bringt keine Erholung f\u00fcr W\u00e4lder in Niedersachsen - Radio Leinewelle","og_description":"Der Witterungsverlauf brachte f\u00fcr unsere W\u00e4lder in diesem Jahr keine Entlastung. Erneut war es zu warm und zu trocken. Abgestorbene B\u00e4ume und entwaldete Fl\u00e4chen pr\u00e4gen leider das Landschaftsbild unserer Mittelgebirge\u201c. Mit diesem Fazit kommentierte die nieders\u00e4chsische Forstministerin Barbara Otte-Kinast den neuen Waldzustandsbericht f\u00fcr 2020. Besonders schwer hat es die W\u00e4lder in S\u00fcdniedersachsen getroffen. Die deutlichen [&hellip;]","og_url":"https:\/\/radioleinewelle.de\/index.php\/2020\/11\/13\/2020-bringt-keine-erholung-fuer-waelder-in-niedersachsen\/","og_site_name":"Radio Leinewelle","article_publisher":"https:\/\/www.facebook.com\/radioleinewelle","article_author":"https:\/\/www.facebook.com\/radioleinewelle","article_published_time":"2020-11-13T04:32:09+00:00","author":"Leinewelle","twitter_card":"summary_large_image","twitter_creator":"@https:\/\/twitter.com\/RLeinewelle?ref_src=twsrcgoogletwcampserptwgrauthor","twitter_site":"@RLeinewelle","twitter_misc":{"Verfasst von":"Leinewelle","Gesch\u00e4tzte Lesezeit":"2\u00a0Minuten"},"schema":{"@context":"https:\/\/schema.org","@graph":[{"@type":"Article","@id":"https:\/\/radioleinewelle.de\/index.php\/2020\/11\/13\/2020-bringt-keine-erholung-fuer-waelder-in-niedersachsen\/#article","isPartOf":{"@id":"https:\/\/radioleinewelle.de\/index.php\/2020\/11\/13\/2020-bringt-keine-erholung-fuer-waelder-in-niedersachsen\/"},"author":{"name":"Leinewelle","@id":"https:\/\/radioleinewelle.de\/#\/schema\/person\/45606f348637df637192dc1b68399a63"},"headline":"2020 bringt keine Erholung f\u00fcr W\u00e4lder in Niedersachsen","datePublished":"2020-11-13T04:32:09+00:00","mainEntityOfPage":{"@id":"https:\/\/radioleinewelle.de\/index.php\/2020\/11\/13\/2020-bringt-keine-erholung-fuer-waelder-in-niedersachsen\/"},"wordCount":404,"publisher":{"@id":"https:\/\/radioleinewelle.de\/#organization"},"articleSection":["Natur &amp; Umwelt"],"inLanguage":"de"},{"@type":"WebPage","@id":"https:\/\/radioleinewelle.de\/index.php\/2020\/11\/13\/2020-bringt-keine-erholung-fuer-waelder-in-niedersachsen\/","url":"https:\/\/radioleinewelle.de\/index.php\/2020\/11\/13\/2020-bringt-keine-erholung-fuer-waelder-in-niedersachsen\/","name":"2020 bringt keine Erholung f\u00fcr W\u00e4lder in Niedersachsen - Radio Leinewelle","isPartOf":{"@id":"https:\/\/radioleinewelle.de\/#website"},"datePublished":"2020-11-13T04:32:09+00:00","breadcrumb":{"@id":"https:\/\/radioleinewelle.de\/index.php\/2020\/11\/13\/2020-bringt-keine-erholung-fuer-waelder-in-niedersachsen\/#breadcrumb"},"inLanguage":"de","potentialAction":[{"@type":"ReadAction","target":["https:\/\/radioleinewelle.de\/index.php\/2020\/11\/13\/2020-bringt-keine-erholung-fuer-waelder-in-niedersachsen\/"]}]},{"@type":"BreadcrumbList","@id":"https:\/\/radioleinewelle.de\/index.php\/2020\/11\/13\/2020-bringt-keine-erholung-fuer-waelder-in-niedersachsen\/#breadcrumb","itemListElement":[{"@type":"ListItem","position":1,"name":"Startseite","item":"https:\/\/radioleinewelle.de\/"},{"@type":"ListItem","position":2,"name":"2020 bringt keine Erholung f\u00fcr W\u00e4lder in Niedersachsen"}]},{"@type":"WebSite","@id":"https:\/\/radioleinewelle.de\/#website","url":"https:\/\/radioleinewelle.de\/","name":"Radio Leinewelle","description":"","publisher":{"@id":"https:\/\/radioleinewelle.de\/#organization"},"potentialAction":[{"@type":"SearchAction","target":{"@type":"EntryPoint","urlTemplate":"https:\/\/radioleinewelle.de\/?s={search_term_string}"},"query-input":{"@type":"PropertyValueSpecification","valueRequired":true,"valueName":"search_term_string"}}],"inLanguage":"de"},{"@type":"Organization","@id":"https:\/\/radioleinewelle.de\/#organization","name":"Radio Leinewelle","alternateName":"Mein Radio f\u00fcr S\u00fcdniedersachsen","url":"https:\/\/radioleinewelle.de\/","logo":{"@type":"ImageObject","inLanguage":"de","@id":"https:\/\/radioleinewelle.de\/#\/schema\/logo\/image\/","url":"https:\/\/radioleinewelle.de\/wp-content\/uploads\/2023\/11\/cropped-Leinewelle_Logo_weiss.png","contentUrl":"https:\/\/radioleinewelle.de\/wp-content\/uploads\/2023\/11\/cropped-Leinewelle_Logo_weiss.png","width":854,"height":260,"caption":"Radio Leinewelle"},"image":{"@id":"https:\/\/radioleinewelle.de\/#\/schema\/logo\/image\/"},"sameAs":["https:\/\/www.facebook.com\/radioleinewelle","https:\/\/x.com\/RLeinewelle","https:\/\/www.instagram.com\/radioleinewelle\/?hl=de"]},{"@type":"Person","@id":"https:\/\/radioleinewelle.de\/#\/schema\/person\/45606f348637df637192dc1b68399a63","name":"Leinewelle","image":{"@type":"ImageObject","inLanguage":"de","@id":"https:\/\/secure.gravatar.com\/avatar\/05c9a17bc973052ee5d91549bd32fb4dd0dc85b7b85ae94b2e2b4943476bbea5?s=96&d=blank&r=g","url":"https:\/\/secure.gravatar.com\/avatar\/05c9a17bc973052ee5d91549bd32fb4dd0dc85b7b85ae94b2e2b4943476bbea5?s=96&d=blank&r=g","contentUrl":"https:\/\/secure.gravatar.com\/avatar\/05c9a17bc973052ee5d91549bd32fb4dd0dc85b7b85ae94b2e2b4943476bbea5?s=96&d=blank&r=g","caption":"Leinewelle"},"sameAs":["http:\/\/localhost\/radio%20leinewelle\/wordpress","https:\/\/www.facebook.com\/radioleinewelle","https:\/\/www.instagram.com\/radioleinewelle","https:\/\/x.com\/https:\/\/twitter.com\/RLeinewelle?ref_src=twsrcgoogletwcampserptwgrauthor","https:\/\/soundcloud.com\/foerderverein-lokalradio?utm_source=clipboard&utm_medium=text&utm_campaign=social_sharing"],"url":"https:\/\/radioleinewelle.de\/index.php\/author\/leinewelle\/"}]}},"_links":{"self":[{"href":"https:\/\/radioleinewelle.de\/index.php\/wp-json\/wp\/v2\/posts\/2930","targetHints":{"allow":["GET"]}}],"collection":[{"href":"https:\/\/radioleinewelle.de\/index.php\/wp-json\/wp\/v2\/posts"}],"about":[{"href":"https:\/\/radioleinewelle.de\/index.php\/wp-json\/wp\/v2\/types\/post"}],"author":[{"embeddable":true,"href":"https:\/\/radioleinewelle.de\/index.php\/wp-json\/wp\/v2\/users\/1"}],"replies":[{"embeddable":true,"href":"https:\/\/radioleinewelle.de\/index.php\/wp-json\/wp\/v2\/comments?post=2930"}],"version-history":[{"count":0,"href":"https:\/\/radioleinewelle.de\/index.php\/wp-json\/wp\/v2\/posts\/2930\/revisions"}],"wp:attachment":[{"href":"https:\/\/radioleinewelle.de\/index.php\/wp-json\/wp\/v2\/media?parent=2930"}],"wp:term":[{"taxonomy":"category","embeddable":true,"href":"https:\/\/radioleinewelle.de\/index.php\/wp-json\/wp\/v2\/categories?post=2930"},{"taxonomy":"post_tag","embeddable":true,"href":"https:\/\/radioleinewelle.de\/index.php\/wp-json\/wp\/v2\/tags?post=2930"}],"curies":[{"name":"wp","href":"https:\/\/api.w.org\/{rel}","templated":true}]}}