{"id":2933,"date":"2020-11-13T08:01:15","date_gmt":"2020-11-13T07:01:15","guid":{"rendered":"https:\/\/radioleinewelle.de\/?p=2933"},"modified":"2020-11-13T08:01:15","modified_gmt":"2020-11-13T07:01:15","slug":"pro-city-startet-aktion-goettingen-sagt-danke","status":"publish","type":"post","link":"https:\/\/radioleinewelle.de\/index.php\/2020\/11\/13\/pro-city-startet-aktion-goettingen-sagt-danke\/","title":{"rendered":"Pro-City startet Aktion &#8222;G\u00f6ttingen sagt Danke&#8220;"},"content":{"rendered":"<p>Die G\u00f6ttinger Innenstadtvereinigung Pro-City startet am Samstag, den 14.11.2020, die gro\u00df angelegte Aktion \u201eG\u00f6ttingen sagt Danke\u201c: Besucher der G\u00f6ttinger Innenstadt und alle, die mitmachen m\u00f6chten, sind dazu aufgerufen, individuell gestaltete Dankesbotschaften zu erstellen und diese \u00f6ffentlich zu teilen. Auf H\u00f6he Weender Stra\u00dfe 17-19 dient dazu als Pinnwand, Blickfang und Fotomotiv ein rund zwei mal zwei Meter gro\u00dfer \u201eDankesstern\u201c \u2013 zugleich visueller Anker der Aktion. Unter dem Hashtag #g\u00f6ttingensagtdanke k\u00f6nnen Fotos und Videos kreativer Dankesbotschaften zudem auf Instagram geteilt werden. Diese erscheinen gesammelt auf der Aktionswebsite g\u00f6ttingen-sagt-danke.de. Auch auf Facebook wird Pro-City ausgew\u00e4hlte Motive ver\u00f6ffentlichen. Passende Stern-Schablonen f\u00fcr die Gestaltung der Ideen liegen in den Gesch\u00e4ften der Innenstadt aus oder k\u00f6nnen als Bastelvorlage von der Aktionswebsite g\u00f6ttingen-sagt-danke.de heruntergeladen werden.<\/p>\n<p>\u201e2020 ist f\u00fcr viele von uns ein herausforderndes Jahr, in dem wir uns aber auch \u00fcber viel Zuspruch, Solidarit\u00e4t und Unterst\u00fctzung freuen durften. Hierf\u00fcr m\u00f6chten wir uns mit der gro\u00df angelegten und charmanten Aktion \u201aG\u00f6ttingen sagt Danke\u2018 bedanken\u201c, erkl\u00e4rt Susanne Heller, Vorstandsvorsitzende des Vereins Pro-City. Die letzten Monate h\u00e4tten gezeigt, dass vieles nicht mehr so selbstverst\u00e4ndlich sei. \u201eDas l\u00e4sst vielleicht umso deutlicher erkennen, wof\u00fcr wir dennoch dankbar sein k\u00f6nnen. Wir sind deshalb gespannt und freuen uns sehr auf die Einf\u00e4lle sowohl der Teilnehmer als auch der Innenstadt-Einzelh\u00e4ndler. Diese sind herzlich eingeladen, ihre eigenen Aktions-Ideen rund um das Dankesstern-Motto einzubringen.\u201c<\/p>\n<p>Am Starttag wird Pro-City von 12 bis 15 Uhr mit G\u00e4nseliesel Kerstin Albrecht und Mini-G\u00e4nseliesel Hanna Schleevoigt am gro\u00dfen \u201eDankesstern\u201c auf H\u00f6he Weender Stra\u00dfe 17-19 pr\u00e4sent sein. Vom 14.11.2020 bis 11.01.2021 sind noch viele weitere Aktionen rund um den Dankesstern geplant, um die positive Botschaft so weit wie m\u00f6glich zu verbreiten. So wird es unter anderem noch Postkarten mit dem Sternmotiv geben, um Dankesbotschaften auch per Post verschicken zu k\u00f6nnen.<\/p>\n<p><em>Foto: ProCity<\/em><\/p>\n","protected":false},"excerpt":{"rendered":"<p>Die G\u00f6ttinger Innenstadtvereinigung Pro-City startet am Samstag, den 14.11.2020, die gro\u00df angelegte Aktion \u201eG\u00f6ttingen sagt Danke\u201c: Besucher der G\u00f6ttinger Innenstadt und alle, die mitmachen m\u00f6chten, sind dazu aufgerufen, individuell gestaltete Dankesbotschaften zu erstellen und diese \u00f6ffentlich zu teilen. Auf H\u00f6he Weender Stra\u00dfe 17-19 dient dazu als Pinnwand, Blickfang und Fotomotiv ein rund zwei mal zwei [&hellip;]<\/p>\n","protected":false},"author":1,"featured_media":0,"comment_status":"closed","ping_status":"closed","sticky":false,"template":"","format":"standard","meta":{"saved_in_kubio":false,"footnotes":""},"categories":[38],"tags":[],"class_list":["post-2933","post","type-post","status-publish","format-standard","hentry","category-wirtschaft"],"yoast_head":"<!-- This site is optimized with the Yoast SEO plugin v27.5 - https:\/\/yoast.com\/product\/yoast-seo-wordpress\/ -->\n<title>Pro-City startet Aktion &quot;G\u00f6ttingen sagt Danke&quot; - Radio Leinewelle<\/title>\n<meta name=\"robots\" content=\"index, follow, max-snippet:-1, max-image-preview:large, max-video-preview:-1\" \/>\n<link rel=\"canonical\" href=\"https:\/\/radioleinewelle.de\/index.php\/2020\/11\/13\/pro-city-startet-aktion-goettingen-sagt-danke\/\" \/>\n<meta property=\"og:locale\" content=\"de_DE\" \/>\n<meta property=\"og:type\" content=\"article\" \/>\n<meta property=\"og:title\" content=\"Pro-City startet Aktion &quot;G\u00f6ttingen sagt Danke&quot; - Radio Leinewelle\" \/>\n<meta property=\"og:description\" content=\"Die G\u00f6ttinger Innenstadtvereinigung Pro-City startet am Samstag, den 14.11.2020, die gro\u00df angelegte Aktion \u201eG\u00f6ttingen sagt Danke\u201c: Besucher der G\u00f6ttinger Innenstadt und alle, die mitmachen m\u00f6chten, sind dazu aufgerufen, individuell gestaltete Dankesbotschaften zu erstellen und diese \u00f6ffentlich zu teilen. Auf H\u00f6he Weender Stra\u00dfe 17-19 dient dazu als Pinnwand, Blickfang und Fotomotiv ein rund zwei mal zwei [&hellip;]\" \/>\n<meta property=\"og:url\" content=\"https:\/\/radioleinewelle.de\/index.php\/2020\/11\/13\/pro-city-startet-aktion-goettingen-sagt-danke\/\" \/>\n<meta property=\"og:site_name\" content=\"Radio Leinewelle\" \/>\n<meta property=\"article:publisher\" content=\"https:\/\/www.facebook.com\/radioleinewelle\" \/>\n<meta property=\"article:author\" content=\"https:\/\/www.facebook.com\/radioleinewelle\" \/>\n<meta property=\"article:published_time\" content=\"2020-11-13T07:01:15+00:00\" \/>\n<meta name=\"author\" content=\"Leinewelle\" \/>\n<meta name=\"twitter:card\" content=\"summary_large_image\" \/>\n<meta name=\"twitter:creator\" content=\"@https:\/\/twitter.com\/RLeinewelle?ref_src=twsrcgoogletwcampserptwgrauthor\" \/>\n<meta name=\"twitter:site\" content=\"@RLeinewelle\" \/>\n<meta name=\"twitter:label1\" content=\"Verfasst von\" \/>\n\t<meta name=\"twitter:data1\" content=\"Leinewelle\" \/>\n\t<meta name=\"twitter:label2\" content=\"Gesch\u00e4tzte Lesezeit\" \/>\n\t<meta name=\"twitter:data2\" content=\"2\u00a0Minuten\" \/>\n<script type=\"application\/ld+json\" class=\"yoast-schema-graph\">{\"@context\":\"https:\\\/\\\/schema.org\",\"@graph\":[{\"@type\":\"Article\",\"@id\":\"https:\\\/\\\/radioleinewelle.de\\\/index.php\\\/2020\\\/11\\\/13\\\/pro-city-startet-aktion-goettingen-sagt-danke\\\/#article\",\"isPartOf\":{\"@id\":\"https:\\\/\\\/radioleinewelle.de\\\/index.php\\\/2020\\\/11\\\/13\\\/pro-city-startet-aktion-goettingen-sagt-danke\\\/\"},\"author\":{\"name\":\"Leinewelle\",\"@id\":\"https:\\\/\\\/radioleinewelle.de\\\/#\\\/schema\\\/person\\\/45606f348637df637192dc1b68399a63\"},\"headline\":\"Pro-City startet Aktion &#8222;G\u00f6ttingen sagt Danke&#8220;\",\"datePublished\":\"2020-11-13T07:01:15+00:00\",\"mainEntityOfPage\":{\"@id\":\"https:\\\/\\\/radioleinewelle.de\\\/index.php\\\/2020\\\/11\\\/13\\\/pro-city-startet-aktion-goettingen-sagt-danke\\\/\"},\"wordCount\":329,\"publisher\":{\"@id\":\"https:\\\/\\\/radioleinewelle.de\\\/#organization\"},\"articleSection\":[\"Wirtschaft\"],\"inLanguage\":\"de\"},{\"@type\":\"WebPage\",\"@id\":\"https:\\\/\\\/radioleinewelle.de\\\/index.php\\\/2020\\\/11\\\/13\\\/pro-city-startet-aktion-goettingen-sagt-danke\\\/\",\"url\":\"https:\\\/\\\/radioleinewelle.de\\\/index.php\\\/2020\\\/11\\\/13\\\/pro-city-startet-aktion-goettingen-sagt-danke\\\/\",\"name\":\"Pro-City startet Aktion \\\"G\u00f6ttingen sagt Danke\\\" - Radio Leinewelle\",\"isPartOf\":{\"@id\":\"https:\\\/\\\/radioleinewelle.de\\\/#website\"},\"datePublished\":\"2020-11-13T07:01:15+00:00\",\"breadcrumb\":{\"@id\":\"https:\\\/\\\/radioleinewelle.de\\\/index.php\\\/2020\\\/11\\\/13\\\/pro-city-startet-aktion-goettingen-sagt-danke\\\/#breadcrumb\"},\"inLanguage\":\"de\",\"potentialAction\":[{\"@type\":\"ReadAction\",\"target\":[\"https:\\\/\\\/radioleinewelle.de\\\/index.php\\\/2020\\\/11\\\/13\\\/pro-city-startet-aktion-goettingen-sagt-danke\\\/\"]}]},{\"@type\":\"BreadcrumbList\",\"@id\":\"https:\\\/\\\/radioleinewelle.de\\\/index.php\\\/2020\\\/11\\\/13\\\/pro-city-startet-aktion-goettingen-sagt-danke\\\/#breadcrumb\",\"itemListElement\":[{\"@type\":\"ListItem\",\"position\":1,\"name\":\"Startseite\",\"item\":\"https:\\\/\\\/radioleinewelle.de\\\/\"},{\"@type\":\"ListItem\",\"position\":2,\"name\":\"Pro-City startet Aktion &#8222;G\u00f6ttingen sagt Danke&#8220;\"}]},{\"@type\":\"WebSite\",\"@id\":\"https:\\\/\\\/radioleinewelle.de\\\/#website\",\"url\":\"https:\\\/\\\/radioleinewelle.de\\\/\",\"name\":\"Radio Leinewelle\",\"description\":\"\",\"publisher\":{\"@id\":\"https:\\\/\\\/radioleinewelle.de\\\/#organization\"},\"potentialAction\":[{\"@type\":\"SearchAction\",\"target\":{\"@type\":\"EntryPoint\",\"urlTemplate\":\"https:\\\/\\\/radioleinewelle.de\\\/?s={search_term_string}\"},\"query-input\":{\"@type\":\"PropertyValueSpecification\",\"valueRequired\":true,\"valueName\":\"search_term_string\"}}],\"inLanguage\":\"de\"},{\"@type\":\"Organization\",\"@id\":\"https:\\\/\\\/radioleinewelle.de\\\/#organization\",\"name\":\"Radio Leinewelle\",\"alternateName\":\"Mein Radio f\u00fcr S\u00fcdniedersachsen\",\"url\":\"https:\\\/\\\/radioleinewelle.de\\\/\",\"logo\":{\"@type\":\"ImageObject\",\"inLanguage\":\"de\",\"@id\":\"https:\\\/\\\/radioleinewelle.de\\\/#\\\/schema\\\/logo\\\/image\\\/\",\"url\":\"https:\\\/\\\/radioleinewelle.de\\\/wp-content\\\/uploads\\\/2023\\\/11\\\/cropped-Leinewelle_Logo_weiss.png\",\"contentUrl\":\"https:\\\/\\\/radioleinewelle.de\\\/wp-content\\\/uploads\\\/2023\\\/11\\\/cropped-Leinewelle_Logo_weiss.png\",\"width\":854,\"height\":260,\"caption\":\"Radio Leinewelle\"},\"image\":{\"@id\":\"https:\\\/\\\/radioleinewelle.de\\\/#\\\/schema\\\/logo\\\/image\\\/\"},\"sameAs\":[\"https:\\\/\\\/www.facebook.com\\\/radioleinewelle\",\"https:\\\/\\\/x.com\\\/RLeinewelle\",\"https:\\\/\\\/www.instagram.com\\\/radioleinewelle\\\/?hl=de\"]},{\"@type\":\"Person\",\"@id\":\"https:\\\/\\\/radioleinewelle.de\\\/#\\\/schema\\\/person\\\/45606f348637df637192dc1b68399a63\",\"name\":\"Leinewelle\",\"image\":{\"@type\":\"ImageObject\",\"inLanguage\":\"de\",\"@id\":\"https:\\\/\\\/secure.gravatar.com\\\/avatar\\\/05c9a17bc973052ee5d91549bd32fb4dd0dc85b7b85ae94b2e2b4943476bbea5?s=96&d=blank&r=g\",\"url\":\"https:\\\/\\\/secure.gravatar.com\\\/avatar\\\/05c9a17bc973052ee5d91549bd32fb4dd0dc85b7b85ae94b2e2b4943476bbea5?s=96&d=blank&r=g\",\"contentUrl\":\"https:\\\/\\\/secure.gravatar.com\\\/avatar\\\/05c9a17bc973052ee5d91549bd32fb4dd0dc85b7b85ae94b2e2b4943476bbea5?s=96&d=blank&r=g\",\"caption\":\"Leinewelle\"},\"sameAs\":[\"http:\\\/\\\/localhost\\\/radio%20leinewelle\\\/wordpress\",\"https:\\\/\\\/www.facebook.com\\\/radioleinewelle\",\"https:\\\/\\\/www.instagram.com\\\/radioleinewelle\",\"https:\\\/\\\/x.com\\\/https:\\\/\\\/twitter.com\\\/RLeinewelle?ref_src=twsrcgoogletwcampserptwgrauthor\",\"https:\\\/\\\/soundcloud.com\\\/foerderverein-lokalradio?utm_source=clipboard&utm_medium=text&utm_campaign=social_sharing\"],\"url\":\"https:\\\/\\\/radioleinewelle.de\\\/index.php\\\/author\\\/leinewelle\\\/\"}]}<\/script>\n<!-- \/ Yoast SEO plugin. -->","yoast_head_json":{"title":"Pro-City startet Aktion \"G\u00f6ttingen sagt Danke\" - Radio Leinewelle","robots":{"index":"index","follow":"follow","max-snippet":"max-snippet:-1","max-image-preview":"max-image-preview:large","max-video-preview":"max-video-preview:-1"},"canonical":"https:\/\/radioleinewelle.de\/index.php\/2020\/11\/13\/pro-city-startet-aktion-goettingen-sagt-danke\/","og_locale":"de_DE","og_type":"article","og_title":"Pro-City startet Aktion \"G\u00f6ttingen sagt Danke\" - Radio Leinewelle","og_description":"Die G\u00f6ttinger Innenstadtvereinigung Pro-City startet am Samstag, den 14.11.2020, die gro\u00df angelegte Aktion \u201eG\u00f6ttingen sagt Danke\u201c: Besucher der G\u00f6ttinger Innenstadt und alle, die mitmachen m\u00f6chten, sind dazu aufgerufen, individuell gestaltete Dankesbotschaften zu erstellen und diese \u00f6ffentlich zu teilen. Auf H\u00f6he Weender Stra\u00dfe 17-19 dient dazu als Pinnwand, Blickfang und Fotomotiv ein rund zwei mal zwei [&hellip;]","og_url":"https:\/\/radioleinewelle.de\/index.php\/2020\/11\/13\/pro-city-startet-aktion-goettingen-sagt-danke\/","og_site_name":"Radio Leinewelle","article_publisher":"https:\/\/www.facebook.com\/radioleinewelle","article_author":"https:\/\/www.facebook.com\/radioleinewelle","article_published_time":"2020-11-13T07:01:15+00:00","author":"Leinewelle","twitter_card":"summary_large_image","twitter_creator":"@https:\/\/twitter.com\/RLeinewelle?ref_src=twsrcgoogletwcampserptwgrauthor","twitter_site":"@RLeinewelle","twitter_misc":{"Verfasst von":"Leinewelle","Gesch\u00e4tzte Lesezeit":"2\u00a0Minuten"},"schema":{"@context":"https:\/\/schema.org","@graph":[{"@type":"Article","@id":"https:\/\/radioleinewelle.de\/index.php\/2020\/11\/13\/pro-city-startet-aktion-goettingen-sagt-danke\/#article","isPartOf":{"@id":"https:\/\/radioleinewelle.de\/index.php\/2020\/11\/13\/pro-city-startet-aktion-goettingen-sagt-danke\/"},"author":{"name":"Leinewelle","@id":"https:\/\/radioleinewelle.de\/#\/schema\/person\/45606f348637df637192dc1b68399a63"},"headline":"Pro-City startet Aktion &#8222;G\u00f6ttingen sagt Danke&#8220;","datePublished":"2020-11-13T07:01:15+00:00","mainEntityOfPage":{"@id":"https:\/\/radioleinewelle.de\/index.php\/2020\/11\/13\/pro-city-startet-aktion-goettingen-sagt-danke\/"},"wordCount":329,"publisher":{"@id":"https:\/\/radioleinewelle.de\/#organization"},"articleSection":["Wirtschaft"],"inLanguage":"de"},{"@type":"WebPage","@id":"https:\/\/radioleinewelle.de\/index.php\/2020\/11\/13\/pro-city-startet-aktion-goettingen-sagt-danke\/","url":"https:\/\/radioleinewelle.de\/index.php\/2020\/11\/13\/pro-city-startet-aktion-goettingen-sagt-danke\/","name":"Pro-City startet Aktion \"G\u00f6ttingen sagt Danke\" - Radio Leinewelle","isPartOf":{"@id":"https:\/\/radioleinewelle.de\/#website"},"datePublished":"2020-11-13T07:01:15+00:00","breadcrumb":{"@id":"https:\/\/radioleinewelle.de\/index.php\/2020\/11\/13\/pro-city-startet-aktion-goettingen-sagt-danke\/#breadcrumb"},"inLanguage":"de","potentialAction":[{"@type":"ReadAction","target":["https:\/\/radioleinewelle.de\/index.php\/2020\/11\/13\/pro-city-startet-aktion-goettingen-sagt-danke\/"]}]},{"@type":"BreadcrumbList","@id":"https:\/\/radioleinewelle.de\/index.php\/2020\/11\/13\/pro-city-startet-aktion-goettingen-sagt-danke\/#breadcrumb","itemListElement":[{"@type":"ListItem","position":1,"name":"Startseite","item":"https:\/\/radioleinewelle.de\/"},{"@type":"ListItem","position":2,"name":"Pro-City startet Aktion &#8222;G\u00f6ttingen sagt Danke&#8220;"}]},{"@type":"WebSite","@id":"https:\/\/radioleinewelle.de\/#website","url":"https:\/\/radioleinewelle.de\/","name":"Radio Leinewelle","description":"","publisher":{"@id":"https:\/\/radioleinewelle.de\/#organization"},"potentialAction":[{"@type":"SearchAction","target":{"@type":"EntryPoint","urlTemplate":"https:\/\/radioleinewelle.de\/?s={search_term_string}"},"query-input":{"@type":"PropertyValueSpecification","valueRequired":true,"valueName":"search_term_string"}}],"inLanguage":"de"},{"@type":"Organization","@id":"https:\/\/radioleinewelle.de\/#organization","name":"Radio Leinewelle","alternateName":"Mein Radio f\u00fcr S\u00fcdniedersachsen","url":"https:\/\/radioleinewelle.de\/","logo":{"@type":"ImageObject","inLanguage":"de","@id":"https:\/\/radioleinewelle.de\/#\/schema\/logo\/image\/","url":"https:\/\/radioleinewelle.de\/wp-content\/uploads\/2023\/11\/cropped-Leinewelle_Logo_weiss.png","contentUrl":"https:\/\/radioleinewelle.de\/wp-content\/uploads\/2023\/11\/cropped-Leinewelle_Logo_weiss.png","width":854,"height":260,"caption":"Radio Leinewelle"},"image":{"@id":"https:\/\/radioleinewelle.de\/#\/schema\/logo\/image\/"},"sameAs":["https:\/\/www.facebook.com\/radioleinewelle","https:\/\/x.com\/RLeinewelle","https:\/\/www.instagram.com\/radioleinewelle\/?hl=de"]},{"@type":"Person","@id":"https:\/\/radioleinewelle.de\/#\/schema\/person\/45606f348637df637192dc1b68399a63","name":"Leinewelle","image":{"@type":"ImageObject","inLanguage":"de","@id":"https:\/\/secure.gravatar.com\/avatar\/05c9a17bc973052ee5d91549bd32fb4dd0dc85b7b85ae94b2e2b4943476bbea5?s=96&d=blank&r=g","url":"https:\/\/secure.gravatar.com\/avatar\/05c9a17bc973052ee5d91549bd32fb4dd0dc85b7b85ae94b2e2b4943476bbea5?s=96&d=blank&r=g","contentUrl":"https:\/\/secure.gravatar.com\/avatar\/05c9a17bc973052ee5d91549bd32fb4dd0dc85b7b85ae94b2e2b4943476bbea5?s=96&d=blank&r=g","caption":"Leinewelle"},"sameAs":["http:\/\/localhost\/radio%20leinewelle\/wordpress","https:\/\/www.facebook.com\/radioleinewelle","https:\/\/www.instagram.com\/radioleinewelle","https:\/\/x.com\/https:\/\/twitter.com\/RLeinewelle?ref_src=twsrcgoogletwcampserptwgrauthor","https:\/\/soundcloud.com\/foerderverein-lokalradio?utm_source=clipboard&utm_medium=text&utm_campaign=social_sharing"],"url":"https:\/\/radioleinewelle.de\/index.php\/author\/leinewelle\/"}]}},"_links":{"self":[{"href":"https:\/\/radioleinewelle.de\/index.php\/wp-json\/wp\/v2\/posts\/2933","targetHints":{"allow":["GET"]}}],"collection":[{"href":"https:\/\/radioleinewelle.de\/index.php\/wp-json\/wp\/v2\/posts"}],"about":[{"href":"https:\/\/radioleinewelle.de\/index.php\/wp-json\/wp\/v2\/types\/post"}],"author":[{"embeddable":true,"href":"https:\/\/radioleinewelle.de\/index.php\/wp-json\/wp\/v2\/users\/1"}],"replies":[{"embeddable":true,"href":"https:\/\/radioleinewelle.de\/index.php\/wp-json\/wp\/v2\/comments?post=2933"}],"version-history":[{"count":0,"href":"https:\/\/radioleinewelle.de\/index.php\/wp-json\/wp\/v2\/posts\/2933\/revisions"}],"wp:attachment":[{"href":"https:\/\/radioleinewelle.de\/index.php\/wp-json\/wp\/v2\/media?parent=2933"}],"wp:term":[{"taxonomy":"category","embeddable":true,"href":"https:\/\/radioleinewelle.de\/index.php\/wp-json\/wp\/v2\/categories?post=2933"},{"taxonomy":"post_tag","embeddable":true,"href":"https:\/\/radioleinewelle.de\/index.php\/wp-json\/wp\/v2\/tags?post=2933"}],"curies":[{"name":"wp","href":"https:\/\/api.w.org\/{rel}","templated":true}]}}