{"id":29336,"date":"2025-10-15T11:50:52","date_gmt":"2025-10-15T09:50:52","guid":{"rendered":"https:\/\/radioleinewelle.de\/?p=29336"},"modified":"2025-10-15T11:50:53","modified_gmt":"2025-10-15T09:50:53","slug":"danziger-strasse-in-goettingen-wird-zur-einbahnstrasse-wegen-fahrbahnsanierung","status":"publish","type":"post","link":"https:\/\/radioleinewelle.de\/index.php\/2025\/10\/15\/danziger-strasse-in-goettingen-wird-zur-einbahnstrasse-wegen-fahrbahnsanierung\/","title":{"rendered":"Danziger Stra\u00dfe in G\u00f6ttingen wird zur Einbahnstra\u00dfe wegen Fahrbahnsanierung"},"content":{"rendered":"\n<p>Ab Freitag, 24. Oktober 2025, wird die Danziger Stra\u00dfe im Abschnitt zwischen der Reinh\u00e4user Landstra\u00dfe und Elbinger Stra\u00dfe halbseitig gesperrt. Hierf\u00fcr wird dieser Abschnitt der Danziger Stra\u00dfe als Einbahnstra\u00dfe Richtung Stettiner Stra\u00dfe eingerichtet. Die Sanierungsarbeiten werden voraussichtlich bis einschlie\u00dflich Montag, 3. November 2025, andauern.<\/p>\n\n\n\n<p>Ebenfalls werden die Linksabbiegerspur der Danziger Stra\u00dfe in die Reinh\u00e4user Landstra\u00dfe sowie die Linksabbiegerspur der Reinh\u00e4user Landstra\u00dfe in die Danziger Stra\u00dfe gesperrt. Eine Umleitung \u00fcber die Reinh\u00e4user Landstra\u00dfe, Kiesseestra\u00dfe, Hauptstra\u00dfe und Geismar Landstra\u00dfe ist ausgeschildert.<br>F\u00fcr die Umleitung des Busverkehrs ist in dieser Zeit die Einrichtung von Halteverbotszonen in der Schillerstra\u00dfe im Bereich zwischen Reinh\u00e4user Landstra\u00dfe und Elbinger Stra\u00dfe sowie zwischen der Leibnizstra\u00dfe und Geismar Landstra\u00dfe notwendig.<\/p>\n\n\n\n<p>Im\u00a0<a href=\"https:\/\/stadtplan.goettingen.de\/Goettingen\/client\/gisclient\/index.html?&amp;applicationId=1105#layers\/66,67,69,68,64,63,65,62,58,61,59,60,57|header\/Baustellen\">digitalen Stadtplan\u00a0<\/a>sind gr\u00f6\u00dfere Baustellen f\u00fcr die Dauer der Ma\u00dfnahmen zu finden.<\/p>\n\n\n\n<p>Im&nbsp;<a href=\"https:\/\/stadtplan.goettingen.de\/Goettingen\/client\/gisclient\/index.html?&amp;applicationId=1105#layers\/66,67,69,68,64,63,65,62,58,61,59,60,57|header\/Baustellen\">digitalen Stadtplan&nbsp;<\/a>sind gr\u00f6\u00dfere Baustellen f\u00fcr die Dauer der Ma\u00dfnahmen zu finden.<\/p>\n","protected":false},"excerpt":{"rendered":"<p>Ab Freitag, 24. Oktober 2025, wird die Danziger Stra\u00dfe im Abschnitt zwischen der Reinh\u00e4user Landstra\u00dfe und Elbinger Stra\u00dfe halbseitig gesperrt. Hierf\u00fcr wird dieser Abschnitt der Danziger Stra\u00dfe als Einbahnstra\u00dfe Richtung Stettiner Stra\u00dfe eingerichtet. Die Sanierungsarbeiten werden voraussichtlich bis einschlie\u00dflich Montag, 3. November 2025, andauern. Ebenfalls werden die Linksabbiegerspur der Danziger Stra\u00dfe in die Reinh\u00e4user Landstra\u00dfe [&hellip;]<\/p>\n","protected":false},"author":1,"featured_media":29178,"comment_status":"open","ping_status":"open","sticky":false,"template":"","format":"standard","meta":{"saved_in_kubio":false,"footnotes":""},"categories":[24,31],"tags":[],"class_list":["post-29336","post","type-post","status-publish","format-standard","has-post-thumbnail","hentry","category-news","category-bauen-verkehr"],"yoast_head":"<!-- This site is optimized with the Yoast SEO plugin v27.5 - https:\/\/yoast.com\/product\/yoast-seo-wordpress\/ -->\n<title>Danziger Stra\u00dfe in G\u00f6ttingen wird zur Einbahnstra\u00dfe wegen Fahrbahnsanierung - Radio Leinewelle<\/title>\n<meta name=\"robots\" content=\"index, follow, max-snippet:-1, max-image-preview:large, max-video-preview:-1\" \/>\n<link rel=\"canonical\" href=\"https:\/\/radioleinewelle.de\/index.php\/2025\/10\/15\/danziger-strasse-in-goettingen-wird-zur-einbahnstrasse-wegen-fahrbahnsanierung\/\" \/>\n<meta property=\"og:locale\" content=\"de_DE\" \/>\n<meta property=\"og:type\" content=\"article\" \/>\n<meta property=\"og:title\" content=\"Danziger Stra\u00dfe in G\u00f6ttingen wird zur Einbahnstra\u00dfe wegen Fahrbahnsanierung - Radio Leinewelle\" \/>\n<meta property=\"og:description\" content=\"Ab Freitag, 24. Oktober 2025, wird die Danziger Stra\u00dfe im Abschnitt zwischen der Reinh\u00e4user Landstra\u00dfe und Elbinger Stra\u00dfe halbseitig gesperrt. Hierf\u00fcr wird dieser Abschnitt der Danziger Stra\u00dfe als Einbahnstra\u00dfe Richtung Stettiner Stra\u00dfe eingerichtet. Die Sanierungsarbeiten werden voraussichtlich bis einschlie\u00dflich Montag, 3. November 2025, andauern. Ebenfalls werden die Linksabbiegerspur der Danziger Stra\u00dfe in die Reinh\u00e4user Landstra\u00dfe [&hellip;]\" \/>\n<meta property=\"og:url\" content=\"https:\/\/radioleinewelle.de\/index.php\/2025\/10\/15\/danziger-strasse-in-goettingen-wird-zur-einbahnstrasse-wegen-fahrbahnsanierung\/\" \/>\n<meta property=\"og:site_name\" content=\"Radio Leinewelle\" \/>\n<meta property=\"article:publisher\" content=\"https:\/\/www.facebook.com\/radioleinewelle\" \/>\n<meta property=\"article:author\" content=\"https:\/\/www.facebook.com\/radioleinewelle\" \/>\n<meta property=\"article:published_time\" content=\"2025-10-15T09:50:52+00:00\" \/>\n<meta property=\"article:modified_time\" content=\"2025-10-15T09:50:53+00:00\" \/>\n<meta property=\"og:image\" content=\"https:\/\/radioleinewelle.de\/wp-content\/uploads\/2025\/09\/sign-319990_1280.jpg\" \/>\n\t<meta property=\"og:image:width\" content=\"1280\" \/>\n\t<meta property=\"og:image:height\" content=\"852\" \/>\n\t<meta property=\"og:image:type\" content=\"image\/jpeg\" \/>\n<meta name=\"author\" content=\"Leinewelle\" \/>\n<meta name=\"twitter:card\" content=\"summary_large_image\" \/>\n<meta name=\"twitter:creator\" content=\"@https:\/\/twitter.com\/RLeinewelle?ref_src=twsrcgoogletwcampserptwgrauthor\" \/>\n<meta name=\"twitter:site\" content=\"@RLeinewelle\" \/>\n<meta name=\"twitter:label1\" content=\"Verfasst von\" \/>\n\t<meta name=\"twitter:data1\" content=\"Leinewelle\" \/>\n\t<meta name=\"twitter:label2\" content=\"Gesch\u00e4tzte Lesezeit\" \/>\n\t<meta name=\"twitter:data2\" content=\"1\u00a0Minute\" \/>\n<script type=\"application\/ld+json\" class=\"yoast-schema-graph\">{\"@context\":\"https:\\\/\\\/schema.org\",\"@graph\":[{\"@type\":\"Article\",\"@id\":\"https:\\\/\\\/radioleinewelle.de\\\/index.php\\\/2025\\\/10\\\/15\\\/danziger-strasse-in-goettingen-wird-zur-einbahnstrasse-wegen-fahrbahnsanierung\\\/#article\",\"isPartOf\":{\"@id\":\"https:\\\/\\\/radioleinewelle.de\\\/index.php\\\/2025\\\/10\\\/15\\\/danziger-strasse-in-goettingen-wird-zur-einbahnstrasse-wegen-fahrbahnsanierung\\\/\"},\"author\":{\"name\":\"Leinewelle\",\"@id\":\"https:\\\/\\\/radioleinewelle.de\\\/#\\\/schema\\\/person\\\/45606f348637df637192dc1b68399a63\"},\"headline\":\"Danziger Stra\u00dfe in G\u00f6ttingen wird zur Einbahnstra\u00dfe wegen Fahrbahnsanierung\",\"datePublished\":\"2025-10-15T09:50:52+00:00\",\"dateModified\":\"2025-10-15T09:50:53+00:00\",\"mainEntityOfPage\":{\"@id\":\"https:\\\/\\\/radioleinewelle.de\\\/index.php\\\/2025\\\/10\\\/15\\\/danziger-strasse-in-goettingen-wird-zur-einbahnstrasse-wegen-fahrbahnsanierung\\\/\"},\"wordCount\":180,\"commentCount\":0,\"publisher\":{\"@id\":\"https:\\\/\\\/radioleinewelle.de\\\/#organization\"},\"image\":{\"@id\":\"https:\\\/\\\/radioleinewelle.de\\\/index.php\\\/2025\\\/10\\\/15\\\/danziger-strasse-in-goettingen-wird-zur-einbahnstrasse-wegen-fahrbahnsanierung\\\/#primaryimage\"},\"thumbnailUrl\":\"https:\\\/\\\/radioleinewelle.de\\\/wp-content\\\/uploads\\\/2025\\\/09\\\/sign-319990_1280.jpg\",\"articleSection\":[\"Aktuelle Nachrichten\",\"Bauen &amp; Verkehr\"],\"inLanguage\":\"de\",\"potentialAction\":[{\"@type\":\"CommentAction\",\"name\":\"Comment\",\"target\":[\"https:\\\/\\\/radioleinewelle.de\\\/index.php\\\/2025\\\/10\\\/15\\\/danziger-strasse-in-goettingen-wird-zur-einbahnstrasse-wegen-fahrbahnsanierung\\\/#respond\"]}]},{\"@type\":\"WebPage\",\"@id\":\"https:\\\/\\\/radioleinewelle.de\\\/index.php\\\/2025\\\/10\\\/15\\\/danziger-strasse-in-goettingen-wird-zur-einbahnstrasse-wegen-fahrbahnsanierung\\\/\",\"url\":\"https:\\\/\\\/radioleinewelle.de\\\/index.php\\\/2025\\\/10\\\/15\\\/danziger-strasse-in-goettingen-wird-zur-einbahnstrasse-wegen-fahrbahnsanierung\\\/\",\"name\":\"Danziger Stra\u00dfe in G\u00f6ttingen wird zur Einbahnstra\u00dfe wegen Fahrbahnsanierung - Radio Leinewelle\",\"isPartOf\":{\"@id\":\"https:\\\/\\\/radioleinewelle.de\\\/#website\"},\"primaryImageOfPage\":{\"@id\":\"https:\\\/\\\/radioleinewelle.de\\\/index.php\\\/2025\\\/10\\\/15\\\/danziger-strasse-in-goettingen-wird-zur-einbahnstrasse-wegen-fahrbahnsanierung\\\/#primaryimage\"},\"image\":{\"@id\":\"https:\\\/\\\/radioleinewelle.de\\\/index.php\\\/2025\\\/10\\\/15\\\/danziger-strasse-in-goettingen-wird-zur-einbahnstrasse-wegen-fahrbahnsanierung\\\/#primaryimage\"},\"thumbnailUrl\":\"https:\\\/\\\/radioleinewelle.de\\\/wp-content\\\/uploads\\\/2025\\\/09\\\/sign-319990_1280.jpg\",\"datePublished\":\"2025-10-15T09:50:52+00:00\",\"dateModified\":\"2025-10-15T09:50:53+00:00\",\"breadcrumb\":{\"@id\":\"https:\\\/\\\/radioleinewelle.de\\\/index.php\\\/2025\\\/10\\\/15\\\/danziger-strasse-in-goettingen-wird-zur-einbahnstrasse-wegen-fahrbahnsanierung\\\/#breadcrumb\"},\"inLanguage\":\"de\",\"potentialAction\":[{\"@type\":\"ReadAction\",\"target\":[\"https:\\\/\\\/radioleinewelle.de\\\/index.php\\\/2025\\\/10\\\/15\\\/danziger-strasse-in-goettingen-wird-zur-einbahnstrasse-wegen-fahrbahnsanierung\\\/\"]}]},{\"@type\":\"ImageObject\",\"inLanguage\":\"de\",\"@id\":\"https:\\\/\\\/radioleinewelle.de\\\/index.php\\\/2025\\\/10\\\/15\\\/danziger-strasse-in-goettingen-wird-zur-einbahnstrasse-wegen-fahrbahnsanierung\\\/#primaryimage\",\"url\":\"https:\\\/\\\/radioleinewelle.de\\\/wp-content\\\/uploads\\\/2025\\\/09\\\/sign-319990_1280.jpg\",\"contentUrl\":\"https:\\\/\\\/radioleinewelle.de\\\/wp-content\\\/uploads\\\/2025\\\/09\\\/sign-319990_1280.jpg\",\"width\":1280,\"height\":852},{\"@type\":\"BreadcrumbList\",\"@id\":\"https:\\\/\\\/radioleinewelle.de\\\/index.php\\\/2025\\\/10\\\/15\\\/danziger-strasse-in-goettingen-wird-zur-einbahnstrasse-wegen-fahrbahnsanierung\\\/#breadcrumb\",\"itemListElement\":[{\"@type\":\"ListItem\",\"position\":1,\"name\":\"Startseite\",\"item\":\"https:\\\/\\\/radioleinewelle.de\\\/\"},{\"@type\":\"ListItem\",\"position\":2,\"name\":\"Danziger Stra\u00dfe in G\u00f6ttingen wird zur Einbahnstra\u00dfe wegen Fahrbahnsanierung\"}]},{\"@type\":\"WebSite\",\"@id\":\"https:\\\/\\\/radioleinewelle.de\\\/#website\",\"url\":\"https:\\\/\\\/radioleinewelle.de\\\/\",\"name\":\"Radio Leinewelle\",\"description\":\"\",\"publisher\":{\"@id\":\"https:\\\/\\\/radioleinewelle.de\\\/#organization\"},\"potentialAction\":[{\"@type\":\"SearchAction\",\"target\":{\"@type\":\"EntryPoint\",\"urlTemplate\":\"https:\\\/\\\/radioleinewelle.de\\\/?s={search_term_string}\"},\"query-input\":{\"@type\":\"PropertyValueSpecification\",\"valueRequired\":true,\"valueName\":\"search_term_string\"}}],\"inLanguage\":\"de\"},{\"@type\":\"Organization\",\"@id\":\"https:\\\/\\\/radioleinewelle.de\\\/#organization\",\"name\":\"Radio Leinewelle\",\"alternateName\":\"Mein Radio f\u00fcr S\u00fcdniedersachsen\",\"url\":\"https:\\\/\\\/radioleinewelle.de\\\/\",\"logo\":{\"@type\":\"ImageObject\",\"inLanguage\":\"de\",\"@id\":\"https:\\\/\\\/radioleinewelle.de\\\/#\\\/schema\\\/logo\\\/image\\\/\",\"url\":\"https:\\\/\\\/radioleinewelle.de\\\/wp-content\\\/uploads\\\/2023\\\/11\\\/cropped-Leinewelle_Logo_weiss.png\",\"contentUrl\":\"https:\\\/\\\/radioleinewelle.de\\\/wp-content\\\/uploads\\\/2023\\\/11\\\/cropped-Leinewelle_Logo_weiss.png\",\"width\":854,\"height\":260,\"caption\":\"Radio Leinewelle\"},\"image\":{\"@id\":\"https:\\\/\\\/radioleinewelle.de\\\/#\\\/schema\\\/logo\\\/image\\\/\"},\"sameAs\":[\"https:\\\/\\\/www.facebook.com\\\/radioleinewelle\",\"https:\\\/\\\/x.com\\\/RLeinewelle\",\"https:\\\/\\\/www.instagram.com\\\/radioleinewelle\\\/?hl=de\"]},{\"@type\":\"Person\",\"@id\":\"https:\\\/\\\/radioleinewelle.de\\\/#\\\/schema\\\/person\\\/45606f348637df637192dc1b68399a63\",\"name\":\"Leinewelle\",\"image\":{\"@type\":\"ImageObject\",\"inLanguage\":\"de\",\"@id\":\"https:\\\/\\\/secure.gravatar.com\\\/avatar\\\/05c9a17bc973052ee5d91549bd32fb4dd0dc85b7b85ae94b2e2b4943476bbea5?s=96&d=blank&r=g\",\"url\":\"https:\\\/\\\/secure.gravatar.com\\\/avatar\\\/05c9a17bc973052ee5d91549bd32fb4dd0dc85b7b85ae94b2e2b4943476bbea5?s=96&d=blank&r=g\",\"contentUrl\":\"https:\\\/\\\/secure.gravatar.com\\\/avatar\\\/05c9a17bc973052ee5d91549bd32fb4dd0dc85b7b85ae94b2e2b4943476bbea5?s=96&d=blank&r=g\",\"caption\":\"Leinewelle\"},\"sameAs\":[\"http:\\\/\\\/localhost\\\/radio%20leinewelle\\\/wordpress\",\"https:\\\/\\\/www.facebook.com\\\/radioleinewelle\",\"https:\\\/\\\/www.instagram.com\\\/radioleinewelle\",\"https:\\\/\\\/x.com\\\/https:\\\/\\\/twitter.com\\\/RLeinewelle?ref_src=twsrcgoogletwcampserptwgrauthor\",\"https:\\\/\\\/soundcloud.com\\\/foerderverein-lokalradio?utm_source=clipboard&utm_medium=text&utm_campaign=social_sharing\"],\"url\":\"https:\\\/\\\/radioleinewelle.de\\\/index.php\\\/author\\\/leinewelle\\\/\"}]}<\/script>\n<!-- \/ Yoast SEO plugin. -->","yoast_head_json":{"title":"Danziger Stra\u00dfe in G\u00f6ttingen wird zur Einbahnstra\u00dfe wegen Fahrbahnsanierung - Radio Leinewelle","robots":{"index":"index","follow":"follow","max-snippet":"max-snippet:-1","max-image-preview":"max-image-preview:large","max-video-preview":"max-video-preview:-1"},"canonical":"https:\/\/radioleinewelle.de\/index.php\/2025\/10\/15\/danziger-strasse-in-goettingen-wird-zur-einbahnstrasse-wegen-fahrbahnsanierung\/","og_locale":"de_DE","og_type":"article","og_title":"Danziger Stra\u00dfe in G\u00f6ttingen wird zur Einbahnstra\u00dfe wegen Fahrbahnsanierung - Radio Leinewelle","og_description":"Ab Freitag, 24. Oktober 2025, wird die Danziger Stra\u00dfe im Abschnitt zwischen der Reinh\u00e4user Landstra\u00dfe und Elbinger Stra\u00dfe halbseitig gesperrt. Hierf\u00fcr wird dieser Abschnitt der Danziger Stra\u00dfe als Einbahnstra\u00dfe Richtung Stettiner Stra\u00dfe eingerichtet. Die Sanierungsarbeiten werden voraussichtlich bis einschlie\u00dflich Montag, 3. November 2025, andauern. Ebenfalls werden die Linksabbiegerspur der Danziger Stra\u00dfe in die Reinh\u00e4user Landstra\u00dfe [&hellip;]","og_url":"https:\/\/radioleinewelle.de\/index.php\/2025\/10\/15\/danziger-strasse-in-goettingen-wird-zur-einbahnstrasse-wegen-fahrbahnsanierung\/","og_site_name":"Radio Leinewelle","article_publisher":"https:\/\/www.facebook.com\/radioleinewelle","article_author":"https:\/\/www.facebook.com\/radioleinewelle","article_published_time":"2025-10-15T09:50:52+00:00","article_modified_time":"2025-10-15T09:50:53+00:00","og_image":[{"width":1280,"height":852,"url":"https:\/\/radioleinewelle.de\/wp-content\/uploads\/2025\/09\/sign-319990_1280.jpg","type":"image\/jpeg"}],"author":"Leinewelle","twitter_card":"summary_large_image","twitter_creator":"@https:\/\/twitter.com\/RLeinewelle?ref_src=twsrcgoogletwcampserptwgrauthor","twitter_site":"@RLeinewelle","twitter_misc":{"Verfasst von":"Leinewelle","Gesch\u00e4tzte Lesezeit":"1\u00a0Minute"},"schema":{"@context":"https:\/\/schema.org","@graph":[{"@type":"Article","@id":"https:\/\/radioleinewelle.de\/index.php\/2025\/10\/15\/danziger-strasse-in-goettingen-wird-zur-einbahnstrasse-wegen-fahrbahnsanierung\/#article","isPartOf":{"@id":"https:\/\/radioleinewelle.de\/index.php\/2025\/10\/15\/danziger-strasse-in-goettingen-wird-zur-einbahnstrasse-wegen-fahrbahnsanierung\/"},"author":{"name":"Leinewelle","@id":"https:\/\/radioleinewelle.de\/#\/schema\/person\/45606f348637df637192dc1b68399a63"},"headline":"Danziger Stra\u00dfe in G\u00f6ttingen wird zur Einbahnstra\u00dfe wegen Fahrbahnsanierung","datePublished":"2025-10-15T09:50:52+00:00","dateModified":"2025-10-15T09:50:53+00:00","mainEntityOfPage":{"@id":"https:\/\/radioleinewelle.de\/index.php\/2025\/10\/15\/danziger-strasse-in-goettingen-wird-zur-einbahnstrasse-wegen-fahrbahnsanierung\/"},"wordCount":180,"commentCount":0,"publisher":{"@id":"https:\/\/radioleinewelle.de\/#organization"},"image":{"@id":"https:\/\/radioleinewelle.de\/index.php\/2025\/10\/15\/danziger-strasse-in-goettingen-wird-zur-einbahnstrasse-wegen-fahrbahnsanierung\/#primaryimage"},"thumbnailUrl":"https:\/\/radioleinewelle.de\/wp-content\/uploads\/2025\/09\/sign-319990_1280.jpg","articleSection":["Aktuelle Nachrichten","Bauen &amp; Verkehr"],"inLanguage":"de","potentialAction":[{"@type":"CommentAction","name":"Comment","target":["https:\/\/radioleinewelle.de\/index.php\/2025\/10\/15\/danziger-strasse-in-goettingen-wird-zur-einbahnstrasse-wegen-fahrbahnsanierung\/#respond"]}]},{"@type":"WebPage","@id":"https:\/\/radioleinewelle.de\/index.php\/2025\/10\/15\/danziger-strasse-in-goettingen-wird-zur-einbahnstrasse-wegen-fahrbahnsanierung\/","url":"https:\/\/radioleinewelle.de\/index.php\/2025\/10\/15\/danziger-strasse-in-goettingen-wird-zur-einbahnstrasse-wegen-fahrbahnsanierung\/","name":"Danziger Stra\u00dfe in G\u00f6ttingen wird zur Einbahnstra\u00dfe wegen Fahrbahnsanierung - Radio Leinewelle","isPartOf":{"@id":"https:\/\/radioleinewelle.de\/#website"},"primaryImageOfPage":{"@id":"https:\/\/radioleinewelle.de\/index.php\/2025\/10\/15\/danziger-strasse-in-goettingen-wird-zur-einbahnstrasse-wegen-fahrbahnsanierung\/#primaryimage"},"image":{"@id":"https:\/\/radioleinewelle.de\/index.php\/2025\/10\/15\/danziger-strasse-in-goettingen-wird-zur-einbahnstrasse-wegen-fahrbahnsanierung\/#primaryimage"},"thumbnailUrl":"https:\/\/radioleinewelle.de\/wp-content\/uploads\/2025\/09\/sign-319990_1280.jpg","datePublished":"2025-10-15T09:50:52+00:00","dateModified":"2025-10-15T09:50:53+00:00","breadcrumb":{"@id":"https:\/\/radioleinewelle.de\/index.php\/2025\/10\/15\/danziger-strasse-in-goettingen-wird-zur-einbahnstrasse-wegen-fahrbahnsanierung\/#breadcrumb"},"inLanguage":"de","potentialAction":[{"@type":"ReadAction","target":["https:\/\/radioleinewelle.de\/index.php\/2025\/10\/15\/danziger-strasse-in-goettingen-wird-zur-einbahnstrasse-wegen-fahrbahnsanierung\/"]}]},{"@type":"ImageObject","inLanguage":"de","@id":"https:\/\/radioleinewelle.de\/index.php\/2025\/10\/15\/danziger-strasse-in-goettingen-wird-zur-einbahnstrasse-wegen-fahrbahnsanierung\/#primaryimage","url":"https:\/\/radioleinewelle.de\/wp-content\/uploads\/2025\/09\/sign-319990_1280.jpg","contentUrl":"https:\/\/radioleinewelle.de\/wp-content\/uploads\/2025\/09\/sign-319990_1280.jpg","width":1280,"height":852},{"@type":"BreadcrumbList","@id":"https:\/\/radioleinewelle.de\/index.php\/2025\/10\/15\/danziger-strasse-in-goettingen-wird-zur-einbahnstrasse-wegen-fahrbahnsanierung\/#breadcrumb","itemListElement":[{"@type":"ListItem","position":1,"name":"Startseite","item":"https:\/\/radioleinewelle.de\/"},{"@type":"ListItem","position":2,"name":"Danziger Stra\u00dfe in G\u00f6ttingen wird zur Einbahnstra\u00dfe wegen Fahrbahnsanierung"}]},{"@type":"WebSite","@id":"https:\/\/radioleinewelle.de\/#website","url":"https:\/\/radioleinewelle.de\/","name":"Radio Leinewelle","description":"","publisher":{"@id":"https:\/\/radioleinewelle.de\/#organization"},"potentialAction":[{"@type":"SearchAction","target":{"@type":"EntryPoint","urlTemplate":"https:\/\/radioleinewelle.de\/?s={search_term_string}"},"query-input":{"@type":"PropertyValueSpecification","valueRequired":true,"valueName":"search_term_string"}}],"inLanguage":"de"},{"@type":"Organization","@id":"https:\/\/radioleinewelle.de\/#organization","name":"Radio Leinewelle","alternateName":"Mein Radio f\u00fcr S\u00fcdniedersachsen","url":"https:\/\/radioleinewelle.de\/","logo":{"@type":"ImageObject","inLanguage":"de","@id":"https:\/\/radioleinewelle.de\/#\/schema\/logo\/image\/","url":"https:\/\/radioleinewelle.de\/wp-content\/uploads\/2023\/11\/cropped-Leinewelle_Logo_weiss.png","contentUrl":"https:\/\/radioleinewelle.de\/wp-content\/uploads\/2023\/11\/cropped-Leinewelle_Logo_weiss.png","width":854,"height":260,"caption":"Radio Leinewelle"},"image":{"@id":"https:\/\/radioleinewelle.de\/#\/schema\/logo\/image\/"},"sameAs":["https:\/\/www.facebook.com\/radioleinewelle","https:\/\/x.com\/RLeinewelle","https:\/\/www.instagram.com\/radioleinewelle\/?hl=de"]},{"@type":"Person","@id":"https:\/\/radioleinewelle.de\/#\/schema\/person\/45606f348637df637192dc1b68399a63","name":"Leinewelle","image":{"@type":"ImageObject","inLanguage":"de","@id":"https:\/\/secure.gravatar.com\/avatar\/05c9a17bc973052ee5d91549bd32fb4dd0dc85b7b85ae94b2e2b4943476bbea5?s=96&d=blank&r=g","url":"https:\/\/secure.gravatar.com\/avatar\/05c9a17bc973052ee5d91549bd32fb4dd0dc85b7b85ae94b2e2b4943476bbea5?s=96&d=blank&r=g","contentUrl":"https:\/\/secure.gravatar.com\/avatar\/05c9a17bc973052ee5d91549bd32fb4dd0dc85b7b85ae94b2e2b4943476bbea5?s=96&d=blank&r=g","caption":"Leinewelle"},"sameAs":["http:\/\/localhost\/radio%20leinewelle\/wordpress","https:\/\/www.facebook.com\/radioleinewelle","https:\/\/www.instagram.com\/radioleinewelle","https:\/\/x.com\/https:\/\/twitter.com\/RLeinewelle?ref_src=twsrcgoogletwcampserptwgrauthor","https:\/\/soundcloud.com\/foerderverein-lokalradio?utm_source=clipboard&utm_medium=text&utm_campaign=social_sharing"],"url":"https:\/\/radioleinewelle.de\/index.php\/author\/leinewelle\/"}]}},"_links":{"self":[{"href":"https:\/\/radioleinewelle.de\/index.php\/wp-json\/wp\/v2\/posts\/29336","targetHints":{"allow":["GET"]}}],"collection":[{"href":"https:\/\/radioleinewelle.de\/index.php\/wp-json\/wp\/v2\/posts"}],"about":[{"href":"https:\/\/radioleinewelle.de\/index.php\/wp-json\/wp\/v2\/types\/post"}],"author":[{"embeddable":true,"href":"https:\/\/radioleinewelle.de\/index.php\/wp-json\/wp\/v2\/users\/1"}],"replies":[{"embeddable":true,"href":"https:\/\/radioleinewelle.de\/index.php\/wp-json\/wp\/v2\/comments?post=29336"}],"version-history":[{"count":1,"href":"https:\/\/radioleinewelle.de\/index.php\/wp-json\/wp\/v2\/posts\/29336\/revisions"}],"predecessor-version":[{"id":29337,"href":"https:\/\/radioleinewelle.de\/index.php\/wp-json\/wp\/v2\/posts\/29336\/revisions\/29337"}],"wp:featuredmedia":[{"embeddable":true,"href":"https:\/\/radioleinewelle.de\/index.php\/wp-json\/wp\/v2\/media\/29178"}],"wp:attachment":[{"href":"https:\/\/radioleinewelle.de\/index.php\/wp-json\/wp\/v2\/media?parent=29336"}],"wp:term":[{"taxonomy":"category","embeddable":true,"href":"https:\/\/radioleinewelle.de\/index.php\/wp-json\/wp\/v2\/categories?post=29336"},{"taxonomy":"post_tag","embeddable":true,"href":"https:\/\/radioleinewelle.de\/index.php\/wp-json\/wp\/v2\/tags?post=29336"}],"curies":[{"name":"wp","href":"https:\/\/api.w.org\/{rel}","templated":true}]}}