{"id":29362,"date":"2025-10-17T12:30:15","date_gmt":"2025-10-17T10:30:15","guid":{"rendered":"https:\/\/radioleinewelle.de\/?p=29362"},"modified":"2025-10-17T12:56:52","modified_gmt":"2025-10-17T10:56:52","slug":"goettingen-kunst-am-fassberg-kehrt-zurueck","status":"publish","type":"post","link":"https:\/\/radioleinewelle.de\/index.php\/2025\/10\/17\/goettingen-kunst-am-fassberg-kehrt-zurueck\/","title":{"rendered":"G\u00f6ttingen &#8211; Kunst am Fassberg kehrt zur\u00fcck"},"content":{"rendered":"\n\n\n<p>Nach drei Jahren Pause meldet sich die Ausstellungsreihe am Max-Planck-Institut f\u00fcr Multidisziplin\u00e4re Naturwissenschaften (MPI) zur\u00fcck. Im Foyer auf dem Fassberg wird vom 23. Oktober bis 24. November die Ausstellung FARBCODE der K\u00fcnstlerin Birgit Egen zu sehen sein.<br>Mit der R\u00fcckkehr dieses Formats setzt das MPI eine \u00fcber 20 Jahre alte Tradition fort, Besucherinnen und Besucher mit zeitgen\u00f6ssischer Kunst in einen Dialog mit Wissenschaft zu bringen. F\u00fcr die Kuratorinnen Svea Viola Dettmer und Johannes Pauly besteht kein Widerspruch zwischen k\u00fcnstlerischem Schaffen und naturwissenschaftlicher Forschung: Kreativit\u00e4t sei ein gemeinsamer N\u00e4hrboden.<\/p>\n\n\n\n<p class=\"has-border-color has-kubio-color-2-border-color has-background\" style=\"border-width:3px;background-color:#e6e6e6\"><strong>\u00dcber Birgit Egen:<\/strong> Die in der N\u00e4he von M\u00fcnchen t\u00e4tige K\u00fcnstlerin besch\u00e4ftigt sich seit fast drei Jahrzehnten mit Malerei und Zeichnung. In ihrer Bildsprache macht sie Unausgesprochenes sichtbar und verarbeitet unter anderem weggeworfene Materialien neu (Projekt \u201eARTcycling by egenART\u201c). Anfang 2025 war sie Finalistin beim St.-Leopold-Friedenspreis f\u00fcr humanit\u00e4res Engagement in der Kunst.<\/p>\n\n\n\n<p>Die Vernissage findet statt am Donnerstag, 23. Oktober, ab 17:30 Uhr im Institutsfoyer, Am Fassberg 11. Interessierte sind herzlich eingeladen. Die Ausstellung ist montags bis freitags von 9 bis 18 Uhr, sowie samstags und sonntags von 10 bis 16 Uhr ge\u00f6ffnet. Der Eintritt ist frei.<\/p>\n\n\n\n<p class=\"has-text-align-right has-small-font-size\"><strong>Foto:<\/strong> \u00a9 Birgit Egen<\/p>\n\n\n","protected":false},"excerpt":{"rendered":"<p>Nach drei Jahren Pause meldet sich die Ausstellungsreihe am Max-Planck-Institut f\u00fcr Multidisziplin\u00e4re Naturwissenschaften (MPI) zur\u00fcck. Im Foyer auf dem Fassberg wird vom 23. Oktober bis 24. November die Ausstellung FARBCODE der K\u00fcnstlerin Birgit Egen zu sehen sein.Mit der R\u00fcckkehr dieses Formats setzt das MPI eine \u00fcber 20 Jahre alte Tradition fort, Besucherinnen und Besucher mit [&hellip;]<\/p>\n","protected":false},"author":1,"featured_media":29366,"comment_status":"open","ping_status":"open","sticky":false,"template":"","format":"standard","meta":{"saved_in_kubio":false,"footnotes":""},"categories":[2930],"tags":[4388,4389,4387,4386],"class_list":["post-29362","post","type-post","status-publish","format-standard","has-post-thumbnail","hentry","category-ausstellungen","tag-birgit-egen","tag-farbcode","tag-kunst-am-fassberg","tag-mpi"],"yoast_head":"<!-- This site is optimized with the Yoast SEO plugin v27.5 - https:\/\/yoast.com\/product\/yoast-seo-wordpress\/ -->\n<title>G\u00f6ttingen - Kunst am Fassberg kehrt zur\u00fcck - Radio Leinewelle<\/title>\n<meta name=\"robots\" content=\"index, follow, max-snippet:-1, max-image-preview:large, max-video-preview:-1\" \/>\n<link rel=\"canonical\" href=\"https:\/\/radioleinewelle.de\/index.php\/2025\/10\/17\/goettingen-kunst-am-fassberg-kehrt-zurueck\/\" \/>\n<meta property=\"og:locale\" content=\"de_DE\" \/>\n<meta property=\"og:type\" content=\"article\" \/>\n<meta property=\"og:title\" content=\"G\u00f6ttingen - Kunst am Fassberg kehrt zur\u00fcck - Radio Leinewelle\" \/>\n<meta property=\"og:description\" content=\"Nach drei Jahren Pause meldet sich die Ausstellungsreihe am Max-Planck-Institut f\u00fcr Multidisziplin\u00e4re Naturwissenschaften (MPI) zur\u00fcck. Im Foyer auf dem Fassberg wird vom 23. Oktober bis 24. November die Ausstellung FARBCODE der K\u00fcnstlerin Birgit Egen zu sehen sein.Mit der R\u00fcckkehr dieses Formats setzt das MPI eine \u00fcber 20 Jahre alte Tradition fort, Besucherinnen und Besucher mit [&hellip;]\" \/>\n<meta property=\"og:url\" content=\"https:\/\/radioleinewelle.de\/index.php\/2025\/10\/17\/goettingen-kunst-am-fassberg-kehrt-zurueck\/\" \/>\n<meta property=\"og:site_name\" content=\"Radio Leinewelle\" \/>\n<meta property=\"article:publisher\" content=\"https:\/\/www.facebook.com\/radioleinewelle\" \/>\n<meta property=\"article:author\" content=\"https:\/\/www.facebook.com\/radioleinewelle\" \/>\n<meta property=\"article:published_time\" content=\"2025-10-17T10:30:15+00:00\" \/>\n<meta property=\"article:modified_time\" content=\"2025-10-17T10:56:52+00:00\" \/>\n<meta property=\"og:image\" content=\"https:\/\/radioleinewelle.de\/wp-content\/uploads\/2025\/10\/PR_Kunst-am-Fassberg_institute-scaled-e1760697087958.jpeg\" \/>\n\t<meta property=\"og:image:width\" content=\"1920\" \/>\n\t<meta property=\"og:image:height\" content=\"1130\" \/>\n\t<meta property=\"og:image:type\" content=\"image\/jpeg\" \/>\n<meta name=\"author\" content=\"Leinewelle\" \/>\n<meta name=\"twitter:card\" content=\"summary_large_image\" \/>\n<meta name=\"twitter:creator\" content=\"@https:\/\/twitter.com\/RLeinewelle?ref_src=twsrcgoogletwcampserptwgrauthor\" \/>\n<meta name=\"twitter:site\" content=\"@RLeinewelle\" \/>\n<meta name=\"twitter:label1\" content=\"Verfasst von\" \/>\n\t<meta name=\"twitter:data1\" content=\"Leinewelle\" \/>\n\t<meta name=\"twitter:label2\" content=\"Gesch\u00e4tzte Lesezeit\" \/>\n\t<meta name=\"twitter:data2\" content=\"2\u00a0Minuten\" \/>\n<script type=\"application\/ld+json\" class=\"yoast-schema-graph\">{\"@context\":\"https:\\\/\\\/schema.org\",\"@graph\":[{\"@type\":\"Article\",\"@id\":\"https:\\\/\\\/radioleinewelle.de\\\/index.php\\\/2025\\\/10\\\/17\\\/goettingen-kunst-am-fassberg-kehrt-zurueck\\\/#article\",\"isPartOf\":{\"@id\":\"https:\\\/\\\/radioleinewelle.de\\\/index.php\\\/2025\\\/10\\\/17\\\/goettingen-kunst-am-fassberg-kehrt-zurueck\\\/\"},\"author\":{\"name\":\"Leinewelle\",\"@id\":\"https:\\\/\\\/radioleinewelle.de\\\/#\\\/schema\\\/person\\\/45606f348637df637192dc1b68399a63\"},\"headline\":\"G\u00f6ttingen &#8211; Kunst am Fassberg kehrt zur\u00fcck\",\"datePublished\":\"2025-10-17T10:30:15+00:00\",\"dateModified\":\"2025-10-17T10:56:52+00:00\",\"mainEntityOfPage\":{\"@id\":\"https:\\\/\\\/radioleinewelle.de\\\/index.php\\\/2025\\\/10\\\/17\\\/goettingen-kunst-am-fassberg-kehrt-zurueck\\\/\"},\"wordCount\":205,\"commentCount\":0,\"publisher\":{\"@id\":\"https:\\\/\\\/radioleinewelle.de\\\/#organization\"},\"image\":{\"@id\":\"https:\\\/\\\/radioleinewelle.de\\\/index.php\\\/2025\\\/10\\\/17\\\/goettingen-kunst-am-fassberg-kehrt-zurueck\\\/#primaryimage\"},\"thumbnailUrl\":\"https:\\\/\\\/radioleinewelle.de\\\/wp-content\\\/uploads\\\/2025\\\/10\\\/PR_Kunst-am-Fassberg_institute-scaled-e1760697087958.jpeg\",\"keywords\":[\"Birgit Egen\",\"FARBCODE\",\"Kunst am Fassberg\",\"MPI\"],\"articleSection\":[\"Ausstellungen\"],\"inLanguage\":\"de\",\"potentialAction\":[{\"@type\":\"CommentAction\",\"name\":\"Comment\",\"target\":[\"https:\\\/\\\/radioleinewelle.de\\\/index.php\\\/2025\\\/10\\\/17\\\/goettingen-kunst-am-fassberg-kehrt-zurueck\\\/#respond\"]}]},{\"@type\":\"WebPage\",\"@id\":\"https:\\\/\\\/radioleinewelle.de\\\/index.php\\\/2025\\\/10\\\/17\\\/goettingen-kunst-am-fassberg-kehrt-zurueck\\\/\",\"url\":\"https:\\\/\\\/radioleinewelle.de\\\/index.php\\\/2025\\\/10\\\/17\\\/goettingen-kunst-am-fassberg-kehrt-zurueck\\\/\",\"name\":\"G\u00f6ttingen - Kunst am Fassberg kehrt zur\u00fcck - Radio Leinewelle\",\"isPartOf\":{\"@id\":\"https:\\\/\\\/radioleinewelle.de\\\/#website\"},\"primaryImageOfPage\":{\"@id\":\"https:\\\/\\\/radioleinewelle.de\\\/index.php\\\/2025\\\/10\\\/17\\\/goettingen-kunst-am-fassberg-kehrt-zurueck\\\/#primaryimage\"},\"image\":{\"@id\":\"https:\\\/\\\/radioleinewelle.de\\\/index.php\\\/2025\\\/10\\\/17\\\/goettingen-kunst-am-fassberg-kehrt-zurueck\\\/#primaryimage\"},\"thumbnailUrl\":\"https:\\\/\\\/radioleinewelle.de\\\/wp-content\\\/uploads\\\/2025\\\/10\\\/PR_Kunst-am-Fassberg_institute-scaled-e1760697087958.jpeg\",\"datePublished\":\"2025-10-17T10:30:15+00:00\",\"dateModified\":\"2025-10-17T10:56:52+00:00\",\"breadcrumb\":{\"@id\":\"https:\\\/\\\/radioleinewelle.de\\\/index.php\\\/2025\\\/10\\\/17\\\/goettingen-kunst-am-fassberg-kehrt-zurueck\\\/#breadcrumb\"},\"inLanguage\":\"de\",\"potentialAction\":[{\"@type\":\"ReadAction\",\"target\":[\"https:\\\/\\\/radioleinewelle.de\\\/index.php\\\/2025\\\/10\\\/17\\\/goettingen-kunst-am-fassberg-kehrt-zurueck\\\/\"]}]},{\"@type\":\"ImageObject\",\"inLanguage\":\"de\",\"@id\":\"https:\\\/\\\/radioleinewelle.de\\\/index.php\\\/2025\\\/10\\\/17\\\/goettingen-kunst-am-fassberg-kehrt-zurueck\\\/#primaryimage\",\"url\":\"https:\\\/\\\/radioleinewelle.de\\\/wp-content\\\/uploads\\\/2025\\\/10\\\/PR_Kunst-am-Fassberg_institute-scaled-e1760697087958.jpeg\",\"contentUrl\":\"https:\\\/\\\/radioleinewelle.de\\\/wp-content\\\/uploads\\\/2025\\\/10\\\/PR_Kunst-am-Fassberg_institute-scaled-e1760697087958.jpeg\",\"width\":1920,\"height\":1130},{\"@type\":\"BreadcrumbList\",\"@id\":\"https:\\\/\\\/radioleinewelle.de\\\/index.php\\\/2025\\\/10\\\/17\\\/goettingen-kunst-am-fassberg-kehrt-zurueck\\\/#breadcrumb\",\"itemListElement\":[{\"@type\":\"ListItem\",\"position\":1,\"name\":\"Startseite\",\"item\":\"https:\\\/\\\/radioleinewelle.de\\\/\"},{\"@type\":\"ListItem\",\"position\":2,\"name\":\"G\u00f6ttingen &#8211; Kunst am Fassberg kehrt zur\u00fcck\"}]},{\"@type\":\"WebSite\",\"@id\":\"https:\\\/\\\/radioleinewelle.de\\\/#website\",\"url\":\"https:\\\/\\\/radioleinewelle.de\\\/\",\"name\":\"Radio Leinewelle\",\"description\":\"\",\"publisher\":{\"@id\":\"https:\\\/\\\/radioleinewelle.de\\\/#organization\"},\"potentialAction\":[{\"@type\":\"SearchAction\",\"target\":{\"@type\":\"EntryPoint\",\"urlTemplate\":\"https:\\\/\\\/radioleinewelle.de\\\/?s={search_term_string}\"},\"query-input\":{\"@type\":\"PropertyValueSpecification\",\"valueRequired\":true,\"valueName\":\"search_term_string\"}}],\"inLanguage\":\"de\"},{\"@type\":\"Organization\",\"@id\":\"https:\\\/\\\/radioleinewelle.de\\\/#organization\",\"name\":\"Radio Leinewelle\",\"alternateName\":\"Mein Radio f\u00fcr S\u00fcdniedersachsen\",\"url\":\"https:\\\/\\\/radioleinewelle.de\\\/\",\"logo\":{\"@type\":\"ImageObject\",\"inLanguage\":\"de\",\"@id\":\"https:\\\/\\\/radioleinewelle.de\\\/#\\\/schema\\\/logo\\\/image\\\/\",\"url\":\"https:\\\/\\\/radioleinewelle.de\\\/wp-content\\\/uploads\\\/2023\\\/11\\\/cropped-Leinewelle_Logo_weiss.png\",\"contentUrl\":\"https:\\\/\\\/radioleinewelle.de\\\/wp-content\\\/uploads\\\/2023\\\/11\\\/cropped-Leinewelle_Logo_weiss.png\",\"width\":854,\"height\":260,\"caption\":\"Radio Leinewelle\"},\"image\":{\"@id\":\"https:\\\/\\\/radioleinewelle.de\\\/#\\\/schema\\\/logo\\\/image\\\/\"},\"sameAs\":[\"https:\\\/\\\/www.facebook.com\\\/radioleinewelle\",\"https:\\\/\\\/x.com\\\/RLeinewelle\",\"https:\\\/\\\/www.instagram.com\\\/radioleinewelle\\\/?hl=de\"]},{\"@type\":\"Person\",\"@id\":\"https:\\\/\\\/radioleinewelle.de\\\/#\\\/schema\\\/person\\\/45606f348637df637192dc1b68399a63\",\"name\":\"Leinewelle\",\"image\":{\"@type\":\"ImageObject\",\"inLanguage\":\"de\",\"@id\":\"https:\\\/\\\/secure.gravatar.com\\\/avatar\\\/05c9a17bc973052ee5d91549bd32fb4dd0dc85b7b85ae94b2e2b4943476bbea5?s=96&d=blank&r=g\",\"url\":\"https:\\\/\\\/secure.gravatar.com\\\/avatar\\\/05c9a17bc973052ee5d91549bd32fb4dd0dc85b7b85ae94b2e2b4943476bbea5?s=96&d=blank&r=g\",\"contentUrl\":\"https:\\\/\\\/secure.gravatar.com\\\/avatar\\\/05c9a17bc973052ee5d91549bd32fb4dd0dc85b7b85ae94b2e2b4943476bbea5?s=96&d=blank&r=g\",\"caption\":\"Leinewelle\"},\"sameAs\":[\"http:\\\/\\\/localhost\\\/radio%20leinewelle\\\/wordpress\",\"https:\\\/\\\/www.facebook.com\\\/radioleinewelle\",\"https:\\\/\\\/www.instagram.com\\\/radioleinewelle\",\"https:\\\/\\\/x.com\\\/https:\\\/\\\/twitter.com\\\/RLeinewelle?ref_src=twsrcgoogletwcampserptwgrauthor\",\"https:\\\/\\\/soundcloud.com\\\/foerderverein-lokalradio?utm_source=clipboard&utm_medium=text&utm_campaign=social_sharing\"],\"url\":\"https:\\\/\\\/radioleinewelle.de\\\/index.php\\\/author\\\/leinewelle\\\/\"}]}<\/script>\n<!-- \/ Yoast SEO plugin. -->","yoast_head_json":{"title":"G\u00f6ttingen - Kunst am Fassberg kehrt zur\u00fcck - Radio Leinewelle","robots":{"index":"index","follow":"follow","max-snippet":"max-snippet:-1","max-image-preview":"max-image-preview:large","max-video-preview":"max-video-preview:-1"},"canonical":"https:\/\/radioleinewelle.de\/index.php\/2025\/10\/17\/goettingen-kunst-am-fassberg-kehrt-zurueck\/","og_locale":"de_DE","og_type":"article","og_title":"G\u00f6ttingen - Kunst am Fassberg kehrt zur\u00fcck - Radio Leinewelle","og_description":"Nach drei Jahren Pause meldet sich die Ausstellungsreihe am Max-Planck-Institut f\u00fcr Multidisziplin\u00e4re Naturwissenschaften (MPI) zur\u00fcck. Im Foyer auf dem Fassberg wird vom 23. Oktober bis 24. November die Ausstellung FARBCODE der K\u00fcnstlerin Birgit Egen zu sehen sein.Mit der R\u00fcckkehr dieses Formats setzt das MPI eine \u00fcber 20 Jahre alte Tradition fort, Besucherinnen und Besucher mit [&hellip;]","og_url":"https:\/\/radioleinewelle.de\/index.php\/2025\/10\/17\/goettingen-kunst-am-fassberg-kehrt-zurueck\/","og_site_name":"Radio Leinewelle","article_publisher":"https:\/\/www.facebook.com\/radioleinewelle","article_author":"https:\/\/www.facebook.com\/radioleinewelle","article_published_time":"2025-10-17T10:30:15+00:00","article_modified_time":"2025-10-17T10:56:52+00:00","og_image":[{"width":1920,"height":1130,"url":"https:\/\/radioleinewelle.de\/wp-content\/uploads\/2025\/10\/PR_Kunst-am-Fassberg_institute-scaled-e1760697087958.jpeg","type":"image\/jpeg"}],"author":"Leinewelle","twitter_card":"summary_large_image","twitter_creator":"@https:\/\/twitter.com\/RLeinewelle?ref_src=twsrcgoogletwcampserptwgrauthor","twitter_site":"@RLeinewelle","twitter_misc":{"Verfasst von":"Leinewelle","Gesch\u00e4tzte Lesezeit":"2\u00a0Minuten"},"schema":{"@context":"https:\/\/schema.org","@graph":[{"@type":"Article","@id":"https:\/\/radioleinewelle.de\/index.php\/2025\/10\/17\/goettingen-kunst-am-fassberg-kehrt-zurueck\/#article","isPartOf":{"@id":"https:\/\/radioleinewelle.de\/index.php\/2025\/10\/17\/goettingen-kunst-am-fassberg-kehrt-zurueck\/"},"author":{"name":"Leinewelle","@id":"https:\/\/radioleinewelle.de\/#\/schema\/person\/45606f348637df637192dc1b68399a63"},"headline":"G\u00f6ttingen &#8211; Kunst am Fassberg kehrt zur\u00fcck","datePublished":"2025-10-17T10:30:15+00:00","dateModified":"2025-10-17T10:56:52+00:00","mainEntityOfPage":{"@id":"https:\/\/radioleinewelle.de\/index.php\/2025\/10\/17\/goettingen-kunst-am-fassberg-kehrt-zurueck\/"},"wordCount":205,"commentCount":0,"publisher":{"@id":"https:\/\/radioleinewelle.de\/#organization"},"image":{"@id":"https:\/\/radioleinewelle.de\/index.php\/2025\/10\/17\/goettingen-kunst-am-fassberg-kehrt-zurueck\/#primaryimage"},"thumbnailUrl":"https:\/\/radioleinewelle.de\/wp-content\/uploads\/2025\/10\/PR_Kunst-am-Fassberg_institute-scaled-e1760697087958.jpeg","keywords":["Birgit Egen","FARBCODE","Kunst am Fassberg","MPI"],"articleSection":["Ausstellungen"],"inLanguage":"de","potentialAction":[{"@type":"CommentAction","name":"Comment","target":["https:\/\/radioleinewelle.de\/index.php\/2025\/10\/17\/goettingen-kunst-am-fassberg-kehrt-zurueck\/#respond"]}]},{"@type":"WebPage","@id":"https:\/\/radioleinewelle.de\/index.php\/2025\/10\/17\/goettingen-kunst-am-fassberg-kehrt-zurueck\/","url":"https:\/\/radioleinewelle.de\/index.php\/2025\/10\/17\/goettingen-kunst-am-fassberg-kehrt-zurueck\/","name":"G\u00f6ttingen - Kunst am Fassberg kehrt zur\u00fcck - Radio Leinewelle","isPartOf":{"@id":"https:\/\/radioleinewelle.de\/#website"},"primaryImageOfPage":{"@id":"https:\/\/radioleinewelle.de\/index.php\/2025\/10\/17\/goettingen-kunst-am-fassberg-kehrt-zurueck\/#primaryimage"},"image":{"@id":"https:\/\/radioleinewelle.de\/index.php\/2025\/10\/17\/goettingen-kunst-am-fassberg-kehrt-zurueck\/#primaryimage"},"thumbnailUrl":"https:\/\/radioleinewelle.de\/wp-content\/uploads\/2025\/10\/PR_Kunst-am-Fassberg_institute-scaled-e1760697087958.jpeg","datePublished":"2025-10-17T10:30:15+00:00","dateModified":"2025-10-17T10:56:52+00:00","breadcrumb":{"@id":"https:\/\/radioleinewelle.de\/index.php\/2025\/10\/17\/goettingen-kunst-am-fassberg-kehrt-zurueck\/#breadcrumb"},"inLanguage":"de","potentialAction":[{"@type":"ReadAction","target":["https:\/\/radioleinewelle.de\/index.php\/2025\/10\/17\/goettingen-kunst-am-fassberg-kehrt-zurueck\/"]}]},{"@type":"ImageObject","inLanguage":"de","@id":"https:\/\/radioleinewelle.de\/index.php\/2025\/10\/17\/goettingen-kunst-am-fassberg-kehrt-zurueck\/#primaryimage","url":"https:\/\/radioleinewelle.de\/wp-content\/uploads\/2025\/10\/PR_Kunst-am-Fassberg_institute-scaled-e1760697087958.jpeg","contentUrl":"https:\/\/radioleinewelle.de\/wp-content\/uploads\/2025\/10\/PR_Kunst-am-Fassberg_institute-scaled-e1760697087958.jpeg","width":1920,"height":1130},{"@type":"BreadcrumbList","@id":"https:\/\/radioleinewelle.de\/index.php\/2025\/10\/17\/goettingen-kunst-am-fassberg-kehrt-zurueck\/#breadcrumb","itemListElement":[{"@type":"ListItem","position":1,"name":"Startseite","item":"https:\/\/radioleinewelle.de\/"},{"@type":"ListItem","position":2,"name":"G\u00f6ttingen &#8211; Kunst am Fassberg kehrt zur\u00fcck"}]},{"@type":"WebSite","@id":"https:\/\/radioleinewelle.de\/#website","url":"https:\/\/radioleinewelle.de\/","name":"Radio Leinewelle","description":"","publisher":{"@id":"https:\/\/radioleinewelle.de\/#organization"},"potentialAction":[{"@type":"SearchAction","target":{"@type":"EntryPoint","urlTemplate":"https:\/\/radioleinewelle.de\/?s={search_term_string}"},"query-input":{"@type":"PropertyValueSpecification","valueRequired":true,"valueName":"search_term_string"}}],"inLanguage":"de"},{"@type":"Organization","@id":"https:\/\/radioleinewelle.de\/#organization","name":"Radio Leinewelle","alternateName":"Mein Radio f\u00fcr S\u00fcdniedersachsen","url":"https:\/\/radioleinewelle.de\/","logo":{"@type":"ImageObject","inLanguage":"de","@id":"https:\/\/radioleinewelle.de\/#\/schema\/logo\/image\/","url":"https:\/\/radioleinewelle.de\/wp-content\/uploads\/2023\/11\/cropped-Leinewelle_Logo_weiss.png","contentUrl":"https:\/\/radioleinewelle.de\/wp-content\/uploads\/2023\/11\/cropped-Leinewelle_Logo_weiss.png","width":854,"height":260,"caption":"Radio Leinewelle"},"image":{"@id":"https:\/\/radioleinewelle.de\/#\/schema\/logo\/image\/"},"sameAs":["https:\/\/www.facebook.com\/radioleinewelle","https:\/\/x.com\/RLeinewelle","https:\/\/www.instagram.com\/radioleinewelle\/?hl=de"]},{"@type":"Person","@id":"https:\/\/radioleinewelle.de\/#\/schema\/person\/45606f348637df637192dc1b68399a63","name":"Leinewelle","image":{"@type":"ImageObject","inLanguage":"de","@id":"https:\/\/secure.gravatar.com\/avatar\/05c9a17bc973052ee5d91549bd32fb4dd0dc85b7b85ae94b2e2b4943476bbea5?s=96&d=blank&r=g","url":"https:\/\/secure.gravatar.com\/avatar\/05c9a17bc973052ee5d91549bd32fb4dd0dc85b7b85ae94b2e2b4943476bbea5?s=96&d=blank&r=g","contentUrl":"https:\/\/secure.gravatar.com\/avatar\/05c9a17bc973052ee5d91549bd32fb4dd0dc85b7b85ae94b2e2b4943476bbea5?s=96&d=blank&r=g","caption":"Leinewelle"},"sameAs":["http:\/\/localhost\/radio%20leinewelle\/wordpress","https:\/\/www.facebook.com\/radioleinewelle","https:\/\/www.instagram.com\/radioleinewelle","https:\/\/x.com\/https:\/\/twitter.com\/RLeinewelle?ref_src=twsrcgoogletwcampserptwgrauthor","https:\/\/soundcloud.com\/foerderverein-lokalradio?utm_source=clipboard&utm_medium=text&utm_campaign=social_sharing"],"url":"https:\/\/radioleinewelle.de\/index.php\/author\/leinewelle\/"}]}},"_links":{"self":[{"href":"https:\/\/radioleinewelle.de\/index.php\/wp-json\/wp\/v2\/posts\/29362","targetHints":{"allow":["GET"]}}],"collection":[{"href":"https:\/\/radioleinewelle.de\/index.php\/wp-json\/wp\/v2\/posts"}],"about":[{"href":"https:\/\/radioleinewelle.de\/index.php\/wp-json\/wp\/v2\/types\/post"}],"author":[{"embeddable":true,"href":"https:\/\/radioleinewelle.de\/index.php\/wp-json\/wp\/v2\/users\/1"}],"replies":[{"embeddable":true,"href":"https:\/\/radioleinewelle.de\/index.php\/wp-json\/wp\/v2\/comments?post=29362"}],"version-history":[{"count":4,"href":"https:\/\/radioleinewelle.de\/index.php\/wp-json\/wp\/v2\/posts\/29362\/revisions"}],"predecessor-version":[{"id":29371,"href":"https:\/\/radioleinewelle.de\/index.php\/wp-json\/wp\/v2\/posts\/29362\/revisions\/29371"}],"wp:featuredmedia":[{"embeddable":true,"href":"https:\/\/radioleinewelle.de\/index.php\/wp-json\/wp\/v2\/media\/29366"}],"wp:attachment":[{"href":"https:\/\/radioleinewelle.de\/index.php\/wp-json\/wp\/v2\/media?parent=29362"}],"wp:term":[{"taxonomy":"category","embeddable":true,"href":"https:\/\/radioleinewelle.de\/index.php\/wp-json\/wp\/v2\/categories?post=29362"},{"taxonomy":"post_tag","embeddable":true,"href":"https:\/\/radioleinewelle.de\/index.php\/wp-json\/wp\/v2\/tags?post=29362"}],"curies":[{"name":"wp","href":"https:\/\/api.w.org\/{rel}","templated":true}]}}