{"id":29372,"date":"2025-10-17T13:33:09","date_gmt":"2025-10-17T11:33:09","guid":{"rendered":"https:\/\/radioleinewelle.de\/?p=29372"},"modified":"2025-10-17T13:34:38","modified_gmt":"2025-10-17T11:34:38","slug":"in-13-traeumen-um-die-welt-eine-reise-voller-fantasie-und-begegnung","status":"publish","type":"post","link":"https:\/\/radioleinewelle.de\/index.php\/2025\/10\/17\/in-13-traeumen-um-die-welt-eine-reise-voller-fantasie-und-begegnung\/","title":{"rendered":"In 13 Tr\u00e4umen um die Welt\u00a0\u2013 Eine Reise voller Fantasie und Begegnung"},"content":{"rendered":"\n\n\n<p><br>Was passiert, wenn Menschen in schwierigen Lebensphasen gemeinsam tr\u00e4umen?<br>Die Theaterproduktion\u00a0<em>\u201eIn 13 Tr\u00e4umen um die Welt\u201c<\/em>\u00a0l\u00e4dt zu einer fantasievollen Expedition ein \u2013 skurril, humorvoll und ber\u00fchrend zugleich.<\/p>\n\n\n\n<h3 class=\"wp-block-heading\">Eine besondere Zusammenarbeit<\/h3>\n\n\n\n<p>Das Projekt ist eine Kooperation zwischen&nbsp;<strong>my.worX<\/strong>, einer Werkstatt f\u00fcr Menschen mit seelischer Behinderung, und dem&nbsp;<strong>boat people projekt<\/strong>, einem freien Theater aus G\u00f6ttingen.<br>\u00dcber mehrere Monate hat die Gruppe im&nbsp;<strong>WERKRAUM G\u00f6ttingen<\/strong>&nbsp;gemeinsam Ideen entwickelt, Figuren erschaffen und eine eigene Geschichte auf die B\u00fchne gebracht.<\/p>\n\n\n\n<h3 class=\"wp-block-heading\">Theater, das verbindet<\/h3>\n\n\n\n<p>Unter der Leitung von&nbsp;<strong>Franziska Aeschlimann<\/strong>&nbsp;und&nbsp;<strong>Andreas Jessing<\/strong>&nbsp;entstand ein St\u00fcck, das zeigt, wie viel Kreativit\u00e4t, Mut und Zusammenhalt in gemeinsamer Arbeit stecken.<\/p>\n\n\n\n<h3 class=\"wp-block-heading\">Termine &amp; Tickets<\/h3>\n\n\n\n<p>\ud83d\udcc5&nbsp;<strong>23. &amp; 25. Oktober 2025<\/strong>, jeweils 19:30 Uhr<br>\ud83d\udccd&nbsp;<strong>WERKRAUM G\u00f6ttingen<\/strong>, Stresemannstra\u00dfe 24C<br>\ud83c\udf9f\ufe0f&nbsp;<strong>Eintritt:<\/strong>&nbsp;5 \u20ac oder 8 \u20ac (Solidarit\u00e4tsbeitrag)<br>Karten per Mail:&nbsp;<a>kontakt@myworx.eu<\/a>&nbsp;oder an der Abendkasse<\/p>\n\n\n\n<p>Gef\u00f6rdert von zahlreichen regionalen und \u00fcberregionalen Partner:innen, darunter das&nbsp;<strong>Nieders\u00e4chsische Ministerium f\u00fcr Wissenschaft und Kultur<\/strong>&nbsp;und die&nbsp;<strong>Stadt G\u00f6ttingen<\/strong>.<\/p>\n\n\n\n<hr class=\"wp-block-separator has-alpha-channel-opacity\"\/>\n\n\n\n<p>\u00a0<em>\u201eIn 13 Tr\u00e4umen um die Welt\u201c<\/em>\u00a0zeigt, wie Theater Menschen verbindet \u2013 \u00fcber Grenzen, Sprachen und Lebenswege hinweg.<br>Mehr Infos:\u00a0<a>www.boatpeopleprojekt.de<\/a><br><strong>Bild:<\/strong> \u00a9boat people projekt<\/p>\n","protected":false},"excerpt":{"rendered":"<p>Was passiert, wenn Menschen in schwierigen Lebensphasen gemeinsam tr\u00e4umen?Die Theaterproduktion\u00a0\u201eIn 13 Tr\u00e4umen um die Welt\u201c\u00a0l\u00e4dt zu einer fantasievollen Expedition ein \u2013 skurril, humorvoll und ber\u00fchrend zugleich. Eine besondere Zusammenarbeit Das Projekt ist eine Kooperation zwischen&nbsp;my.worX, einer Werkstatt f\u00fcr Menschen mit seelischer Behinderung, und dem&nbsp;boat people projekt, einem freien Theater aus G\u00f6ttingen.\u00dcber mehrere Monate hat die [&hellip;]<\/p>\n","protected":false},"author":1,"featured_media":29376,"comment_status":"open","ping_status":"open","sticky":false,"template":"","format":"standard","meta":{"saved_in_kubio":false,"footnotes":""},"categories":[4390],"tags":[413,4391,1710],"class_list":["post-29372","post","type-post","status-publish","format-standard","has-post-thumbnail","hentry","category-theater","tag-boat-people-projekt","tag-my-worx","tag-werkraum-goettingen"],"yoast_head":"<!-- This site is optimized with the Yoast SEO plugin v27.5 - https:\/\/yoast.com\/product\/yoast-seo-wordpress\/ -->\n<title>In 13 Tr\u00e4umen um die Welt\u00a0\u2013 Eine Reise voller Fantasie und Begegnung - Radio Leinewelle<\/title>\n<meta name=\"robots\" content=\"index, follow, max-snippet:-1, max-image-preview:large, max-video-preview:-1\" \/>\n<link rel=\"canonical\" href=\"https:\/\/radioleinewelle.de\/index.php\/2025\/10\/17\/in-13-traeumen-um-die-welt-eine-reise-voller-fantasie-und-begegnung\/\" \/>\n<meta property=\"og:locale\" content=\"de_DE\" \/>\n<meta property=\"og:type\" content=\"article\" \/>\n<meta property=\"og:title\" content=\"In 13 Tr\u00e4umen um die Welt\u00a0\u2013 Eine Reise voller Fantasie und Begegnung - Radio Leinewelle\" \/>\n<meta property=\"og:description\" content=\"Was passiert, wenn Menschen in schwierigen Lebensphasen gemeinsam tr\u00e4umen?Die Theaterproduktion\u00a0\u201eIn 13 Tr\u00e4umen um die Welt\u201c\u00a0l\u00e4dt zu einer fantasievollen Expedition ein \u2013 skurril, humorvoll und ber\u00fchrend zugleich. Eine besondere Zusammenarbeit Das Projekt ist eine Kooperation zwischen&nbsp;my.worX, einer Werkstatt f\u00fcr Menschen mit seelischer Behinderung, und dem&nbsp;boat people projekt, einem freien Theater aus G\u00f6ttingen.\u00dcber mehrere Monate hat die [&hellip;]\" \/>\n<meta property=\"og:url\" content=\"https:\/\/radioleinewelle.de\/index.php\/2025\/10\/17\/in-13-traeumen-um-die-welt-eine-reise-voller-fantasie-und-begegnung\/\" \/>\n<meta property=\"og:site_name\" content=\"Radio Leinewelle\" \/>\n<meta property=\"article:publisher\" content=\"https:\/\/www.facebook.com\/radioleinewelle\" \/>\n<meta property=\"article:author\" content=\"https:\/\/www.facebook.com\/radioleinewelle\" \/>\n<meta property=\"article:published_time\" content=\"2025-10-17T11:33:09+00:00\" \/>\n<meta property=\"article:modified_time\" content=\"2025-10-17T11:34:38+00:00\" \/>\n<meta property=\"og:image\" content=\"https:\/\/radioleinewelle.de\/wp-content\/uploads\/2025\/10\/Pressebild-IN-13-TRAeUMEN-UM-DIE-WELT.jpg\" \/>\n\t<meta property=\"og:image:width\" content=\"2000\" \/>\n\t<meta property=\"og:image:height\" content=\"1545\" \/>\n\t<meta property=\"og:image:type\" content=\"image\/jpeg\" \/>\n<meta name=\"author\" content=\"Leinewelle\" \/>\n<meta name=\"twitter:card\" content=\"summary_large_image\" \/>\n<meta name=\"twitter:creator\" content=\"@https:\/\/twitter.com\/RLeinewelle?ref_src=twsrcgoogletwcampserptwgrauthor\" \/>\n<meta name=\"twitter:site\" content=\"@RLeinewelle\" \/>\n<meta name=\"twitter:label1\" content=\"Verfasst von\" \/>\n\t<meta name=\"twitter:data1\" content=\"Leinewelle\" \/>\n\t<meta name=\"twitter:label2\" content=\"Gesch\u00e4tzte Lesezeit\" \/>\n\t<meta name=\"twitter:data2\" content=\"2\u00a0Minuten\" \/>\n<script type=\"application\/ld+json\" class=\"yoast-schema-graph\">{\"@context\":\"https:\\\/\\\/schema.org\",\"@graph\":[{\"@type\":\"Article\",\"@id\":\"https:\\\/\\\/radioleinewelle.de\\\/index.php\\\/2025\\\/10\\\/17\\\/in-13-traeumen-um-die-welt-eine-reise-voller-fantasie-und-begegnung\\\/#article\",\"isPartOf\":{\"@id\":\"https:\\\/\\\/radioleinewelle.de\\\/index.php\\\/2025\\\/10\\\/17\\\/in-13-traeumen-um-die-welt-eine-reise-voller-fantasie-und-begegnung\\\/\"},\"author\":{\"name\":\"Leinewelle\",\"@id\":\"https:\\\/\\\/radioleinewelle.de\\\/#\\\/schema\\\/person\\\/45606f348637df637192dc1b68399a63\"},\"headline\":\"In 13 Tr\u00e4umen um die Welt\u00a0\u2013 Eine Reise voller Fantasie und Begegnung\",\"datePublished\":\"2025-10-17T11:33:09+00:00\",\"dateModified\":\"2025-10-17T11:34:38+00:00\",\"mainEntityOfPage\":{\"@id\":\"https:\\\/\\\/radioleinewelle.de\\\/index.php\\\/2025\\\/10\\\/17\\\/in-13-traeumen-um-die-welt-eine-reise-voller-fantasie-und-begegnung\\\/\"},\"wordCount\":220,\"commentCount\":0,\"publisher\":{\"@id\":\"https:\\\/\\\/radioleinewelle.de\\\/#organization\"},\"image\":{\"@id\":\"https:\\\/\\\/radioleinewelle.de\\\/index.php\\\/2025\\\/10\\\/17\\\/in-13-traeumen-um-die-welt-eine-reise-voller-fantasie-und-begegnung\\\/#primaryimage\"},\"thumbnailUrl\":\"https:\\\/\\\/radioleinewelle.de\\\/wp-content\\\/uploads\\\/2025\\\/10\\\/Pressebild-IN-13-TRAeUMEN-UM-DIE-WELT.jpg\",\"keywords\":[\"Boat People Projekt\",\"my.worX\",\"Werkraum G\u00f6ttingen\"],\"articleSection\":[\"Theater\"],\"inLanguage\":\"de\",\"potentialAction\":[{\"@type\":\"CommentAction\",\"name\":\"Comment\",\"target\":[\"https:\\\/\\\/radioleinewelle.de\\\/index.php\\\/2025\\\/10\\\/17\\\/in-13-traeumen-um-die-welt-eine-reise-voller-fantasie-und-begegnung\\\/#respond\"]}]},{\"@type\":\"WebPage\",\"@id\":\"https:\\\/\\\/radioleinewelle.de\\\/index.php\\\/2025\\\/10\\\/17\\\/in-13-traeumen-um-die-welt-eine-reise-voller-fantasie-und-begegnung\\\/\",\"url\":\"https:\\\/\\\/radioleinewelle.de\\\/index.php\\\/2025\\\/10\\\/17\\\/in-13-traeumen-um-die-welt-eine-reise-voller-fantasie-und-begegnung\\\/\",\"name\":\"In 13 Tr\u00e4umen um die Welt\u00a0\u2013 Eine Reise voller Fantasie und Begegnung - Radio Leinewelle\",\"isPartOf\":{\"@id\":\"https:\\\/\\\/radioleinewelle.de\\\/#website\"},\"primaryImageOfPage\":{\"@id\":\"https:\\\/\\\/radioleinewelle.de\\\/index.php\\\/2025\\\/10\\\/17\\\/in-13-traeumen-um-die-welt-eine-reise-voller-fantasie-und-begegnung\\\/#primaryimage\"},\"image\":{\"@id\":\"https:\\\/\\\/radioleinewelle.de\\\/index.php\\\/2025\\\/10\\\/17\\\/in-13-traeumen-um-die-welt-eine-reise-voller-fantasie-und-begegnung\\\/#primaryimage\"},\"thumbnailUrl\":\"https:\\\/\\\/radioleinewelle.de\\\/wp-content\\\/uploads\\\/2025\\\/10\\\/Pressebild-IN-13-TRAeUMEN-UM-DIE-WELT.jpg\",\"datePublished\":\"2025-10-17T11:33:09+00:00\",\"dateModified\":\"2025-10-17T11:34:38+00:00\",\"breadcrumb\":{\"@id\":\"https:\\\/\\\/radioleinewelle.de\\\/index.php\\\/2025\\\/10\\\/17\\\/in-13-traeumen-um-die-welt-eine-reise-voller-fantasie-und-begegnung\\\/#breadcrumb\"},\"inLanguage\":\"de\",\"potentialAction\":[{\"@type\":\"ReadAction\",\"target\":[\"https:\\\/\\\/radioleinewelle.de\\\/index.php\\\/2025\\\/10\\\/17\\\/in-13-traeumen-um-die-welt-eine-reise-voller-fantasie-und-begegnung\\\/\"]}]},{\"@type\":\"ImageObject\",\"inLanguage\":\"de\",\"@id\":\"https:\\\/\\\/radioleinewelle.de\\\/index.php\\\/2025\\\/10\\\/17\\\/in-13-traeumen-um-die-welt-eine-reise-voller-fantasie-und-begegnung\\\/#primaryimage\",\"url\":\"https:\\\/\\\/radioleinewelle.de\\\/wp-content\\\/uploads\\\/2025\\\/10\\\/Pressebild-IN-13-TRAeUMEN-UM-DIE-WELT.jpg\",\"contentUrl\":\"https:\\\/\\\/radioleinewelle.de\\\/wp-content\\\/uploads\\\/2025\\\/10\\\/Pressebild-IN-13-TRAeUMEN-UM-DIE-WELT.jpg\",\"width\":2000,\"height\":1545},{\"@type\":\"BreadcrumbList\",\"@id\":\"https:\\\/\\\/radioleinewelle.de\\\/index.php\\\/2025\\\/10\\\/17\\\/in-13-traeumen-um-die-welt-eine-reise-voller-fantasie-und-begegnung\\\/#breadcrumb\",\"itemListElement\":[{\"@type\":\"ListItem\",\"position\":1,\"name\":\"Startseite\",\"item\":\"https:\\\/\\\/radioleinewelle.de\\\/\"},{\"@type\":\"ListItem\",\"position\":2,\"name\":\"In 13 Tr\u00e4umen um die Welt\u00a0\u2013 Eine Reise voller Fantasie und Begegnung\"}]},{\"@type\":\"WebSite\",\"@id\":\"https:\\\/\\\/radioleinewelle.de\\\/#website\",\"url\":\"https:\\\/\\\/radioleinewelle.de\\\/\",\"name\":\"Radio Leinewelle\",\"description\":\"\",\"publisher\":{\"@id\":\"https:\\\/\\\/radioleinewelle.de\\\/#organization\"},\"potentialAction\":[{\"@type\":\"SearchAction\",\"target\":{\"@type\":\"EntryPoint\",\"urlTemplate\":\"https:\\\/\\\/radioleinewelle.de\\\/?s={search_term_string}\"},\"query-input\":{\"@type\":\"PropertyValueSpecification\",\"valueRequired\":true,\"valueName\":\"search_term_string\"}}],\"inLanguage\":\"de\"},{\"@type\":\"Organization\",\"@id\":\"https:\\\/\\\/radioleinewelle.de\\\/#organization\",\"name\":\"Radio Leinewelle\",\"alternateName\":\"Mein Radio f\u00fcr S\u00fcdniedersachsen\",\"url\":\"https:\\\/\\\/radioleinewelle.de\\\/\",\"logo\":{\"@type\":\"ImageObject\",\"inLanguage\":\"de\",\"@id\":\"https:\\\/\\\/radioleinewelle.de\\\/#\\\/schema\\\/logo\\\/image\\\/\",\"url\":\"https:\\\/\\\/radioleinewelle.de\\\/wp-content\\\/uploads\\\/2023\\\/11\\\/cropped-Leinewelle_Logo_weiss.png\",\"contentUrl\":\"https:\\\/\\\/radioleinewelle.de\\\/wp-content\\\/uploads\\\/2023\\\/11\\\/cropped-Leinewelle_Logo_weiss.png\",\"width\":854,\"height\":260,\"caption\":\"Radio Leinewelle\"},\"image\":{\"@id\":\"https:\\\/\\\/radioleinewelle.de\\\/#\\\/schema\\\/logo\\\/image\\\/\"},\"sameAs\":[\"https:\\\/\\\/www.facebook.com\\\/radioleinewelle\",\"https:\\\/\\\/x.com\\\/RLeinewelle\",\"https:\\\/\\\/www.instagram.com\\\/radioleinewelle\\\/?hl=de\"]},{\"@type\":\"Person\",\"@id\":\"https:\\\/\\\/radioleinewelle.de\\\/#\\\/schema\\\/person\\\/45606f348637df637192dc1b68399a63\",\"name\":\"Leinewelle\",\"image\":{\"@type\":\"ImageObject\",\"inLanguage\":\"de\",\"@id\":\"https:\\\/\\\/secure.gravatar.com\\\/avatar\\\/05c9a17bc973052ee5d91549bd32fb4dd0dc85b7b85ae94b2e2b4943476bbea5?s=96&d=blank&r=g\",\"url\":\"https:\\\/\\\/secure.gravatar.com\\\/avatar\\\/05c9a17bc973052ee5d91549bd32fb4dd0dc85b7b85ae94b2e2b4943476bbea5?s=96&d=blank&r=g\",\"contentUrl\":\"https:\\\/\\\/secure.gravatar.com\\\/avatar\\\/05c9a17bc973052ee5d91549bd32fb4dd0dc85b7b85ae94b2e2b4943476bbea5?s=96&d=blank&r=g\",\"caption\":\"Leinewelle\"},\"sameAs\":[\"http:\\\/\\\/localhost\\\/radio%20leinewelle\\\/wordpress\",\"https:\\\/\\\/www.facebook.com\\\/radioleinewelle\",\"https:\\\/\\\/www.instagram.com\\\/radioleinewelle\",\"https:\\\/\\\/x.com\\\/https:\\\/\\\/twitter.com\\\/RLeinewelle?ref_src=twsrcgoogletwcampserptwgrauthor\",\"https:\\\/\\\/soundcloud.com\\\/foerderverein-lokalradio?utm_source=clipboard&utm_medium=text&utm_campaign=social_sharing\"],\"url\":\"https:\\\/\\\/radioleinewelle.de\\\/index.php\\\/author\\\/leinewelle\\\/\"}]}<\/script>\n<!-- \/ Yoast SEO plugin. -->","yoast_head_json":{"title":"In 13 Tr\u00e4umen um die Welt\u00a0\u2013 Eine Reise voller Fantasie und Begegnung - Radio Leinewelle","robots":{"index":"index","follow":"follow","max-snippet":"max-snippet:-1","max-image-preview":"max-image-preview:large","max-video-preview":"max-video-preview:-1"},"canonical":"https:\/\/radioleinewelle.de\/index.php\/2025\/10\/17\/in-13-traeumen-um-die-welt-eine-reise-voller-fantasie-und-begegnung\/","og_locale":"de_DE","og_type":"article","og_title":"In 13 Tr\u00e4umen um die Welt\u00a0\u2013 Eine Reise voller Fantasie und Begegnung - Radio Leinewelle","og_description":"Was passiert, wenn Menschen in schwierigen Lebensphasen gemeinsam tr\u00e4umen?Die Theaterproduktion\u00a0\u201eIn 13 Tr\u00e4umen um die Welt\u201c\u00a0l\u00e4dt zu einer fantasievollen Expedition ein \u2013 skurril, humorvoll und ber\u00fchrend zugleich. Eine besondere Zusammenarbeit Das Projekt ist eine Kooperation zwischen&nbsp;my.worX, einer Werkstatt f\u00fcr Menschen mit seelischer Behinderung, und dem&nbsp;boat people projekt, einem freien Theater aus G\u00f6ttingen.\u00dcber mehrere Monate hat die [&hellip;]","og_url":"https:\/\/radioleinewelle.de\/index.php\/2025\/10\/17\/in-13-traeumen-um-die-welt-eine-reise-voller-fantasie-und-begegnung\/","og_site_name":"Radio Leinewelle","article_publisher":"https:\/\/www.facebook.com\/radioleinewelle","article_author":"https:\/\/www.facebook.com\/radioleinewelle","article_published_time":"2025-10-17T11:33:09+00:00","article_modified_time":"2025-10-17T11:34:38+00:00","og_image":[{"width":2000,"height":1545,"url":"https:\/\/radioleinewelle.de\/wp-content\/uploads\/2025\/10\/Pressebild-IN-13-TRAeUMEN-UM-DIE-WELT.jpg","type":"image\/jpeg"}],"author":"Leinewelle","twitter_card":"summary_large_image","twitter_creator":"@https:\/\/twitter.com\/RLeinewelle?ref_src=twsrcgoogletwcampserptwgrauthor","twitter_site":"@RLeinewelle","twitter_misc":{"Verfasst von":"Leinewelle","Gesch\u00e4tzte Lesezeit":"2\u00a0Minuten"},"schema":{"@context":"https:\/\/schema.org","@graph":[{"@type":"Article","@id":"https:\/\/radioleinewelle.de\/index.php\/2025\/10\/17\/in-13-traeumen-um-die-welt-eine-reise-voller-fantasie-und-begegnung\/#article","isPartOf":{"@id":"https:\/\/radioleinewelle.de\/index.php\/2025\/10\/17\/in-13-traeumen-um-die-welt-eine-reise-voller-fantasie-und-begegnung\/"},"author":{"name":"Leinewelle","@id":"https:\/\/radioleinewelle.de\/#\/schema\/person\/45606f348637df637192dc1b68399a63"},"headline":"In 13 Tr\u00e4umen um die Welt\u00a0\u2013 Eine Reise voller Fantasie und Begegnung","datePublished":"2025-10-17T11:33:09+00:00","dateModified":"2025-10-17T11:34:38+00:00","mainEntityOfPage":{"@id":"https:\/\/radioleinewelle.de\/index.php\/2025\/10\/17\/in-13-traeumen-um-die-welt-eine-reise-voller-fantasie-und-begegnung\/"},"wordCount":220,"commentCount":0,"publisher":{"@id":"https:\/\/radioleinewelle.de\/#organization"},"image":{"@id":"https:\/\/radioleinewelle.de\/index.php\/2025\/10\/17\/in-13-traeumen-um-die-welt-eine-reise-voller-fantasie-und-begegnung\/#primaryimage"},"thumbnailUrl":"https:\/\/radioleinewelle.de\/wp-content\/uploads\/2025\/10\/Pressebild-IN-13-TRAeUMEN-UM-DIE-WELT.jpg","keywords":["Boat People Projekt","my.worX","Werkraum G\u00f6ttingen"],"articleSection":["Theater"],"inLanguage":"de","potentialAction":[{"@type":"CommentAction","name":"Comment","target":["https:\/\/radioleinewelle.de\/index.php\/2025\/10\/17\/in-13-traeumen-um-die-welt-eine-reise-voller-fantasie-und-begegnung\/#respond"]}]},{"@type":"WebPage","@id":"https:\/\/radioleinewelle.de\/index.php\/2025\/10\/17\/in-13-traeumen-um-die-welt-eine-reise-voller-fantasie-und-begegnung\/","url":"https:\/\/radioleinewelle.de\/index.php\/2025\/10\/17\/in-13-traeumen-um-die-welt-eine-reise-voller-fantasie-und-begegnung\/","name":"In 13 Tr\u00e4umen um die Welt\u00a0\u2013 Eine Reise voller Fantasie und Begegnung - Radio Leinewelle","isPartOf":{"@id":"https:\/\/radioleinewelle.de\/#website"},"primaryImageOfPage":{"@id":"https:\/\/radioleinewelle.de\/index.php\/2025\/10\/17\/in-13-traeumen-um-die-welt-eine-reise-voller-fantasie-und-begegnung\/#primaryimage"},"image":{"@id":"https:\/\/radioleinewelle.de\/index.php\/2025\/10\/17\/in-13-traeumen-um-die-welt-eine-reise-voller-fantasie-und-begegnung\/#primaryimage"},"thumbnailUrl":"https:\/\/radioleinewelle.de\/wp-content\/uploads\/2025\/10\/Pressebild-IN-13-TRAeUMEN-UM-DIE-WELT.jpg","datePublished":"2025-10-17T11:33:09+00:00","dateModified":"2025-10-17T11:34:38+00:00","breadcrumb":{"@id":"https:\/\/radioleinewelle.de\/index.php\/2025\/10\/17\/in-13-traeumen-um-die-welt-eine-reise-voller-fantasie-und-begegnung\/#breadcrumb"},"inLanguage":"de","potentialAction":[{"@type":"ReadAction","target":["https:\/\/radioleinewelle.de\/index.php\/2025\/10\/17\/in-13-traeumen-um-die-welt-eine-reise-voller-fantasie-und-begegnung\/"]}]},{"@type":"ImageObject","inLanguage":"de","@id":"https:\/\/radioleinewelle.de\/index.php\/2025\/10\/17\/in-13-traeumen-um-die-welt-eine-reise-voller-fantasie-und-begegnung\/#primaryimage","url":"https:\/\/radioleinewelle.de\/wp-content\/uploads\/2025\/10\/Pressebild-IN-13-TRAeUMEN-UM-DIE-WELT.jpg","contentUrl":"https:\/\/radioleinewelle.de\/wp-content\/uploads\/2025\/10\/Pressebild-IN-13-TRAeUMEN-UM-DIE-WELT.jpg","width":2000,"height":1545},{"@type":"BreadcrumbList","@id":"https:\/\/radioleinewelle.de\/index.php\/2025\/10\/17\/in-13-traeumen-um-die-welt-eine-reise-voller-fantasie-und-begegnung\/#breadcrumb","itemListElement":[{"@type":"ListItem","position":1,"name":"Startseite","item":"https:\/\/radioleinewelle.de\/"},{"@type":"ListItem","position":2,"name":"In 13 Tr\u00e4umen um die Welt\u00a0\u2013 Eine Reise voller Fantasie und Begegnung"}]},{"@type":"WebSite","@id":"https:\/\/radioleinewelle.de\/#website","url":"https:\/\/radioleinewelle.de\/","name":"Radio Leinewelle","description":"","publisher":{"@id":"https:\/\/radioleinewelle.de\/#organization"},"potentialAction":[{"@type":"SearchAction","target":{"@type":"EntryPoint","urlTemplate":"https:\/\/radioleinewelle.de\/?s={search_term_string}"},"query-input":{"@type":"PropertyValueSpecification","valueRequired":true,"valueName":"search_term_string"}}],"inLanguage":"de"},{"@type":"Organization","@id":"https:\/\/radioleinewelle.de\/#organization","name":"Radio Leinewelle","alternateName":"Mein Radio f\u00fcr S\u00fcdniedersachsen","url":"https:\/\/radioleinewelle.de\/","logo":{"@type":"ImageObject","inLanguage":"de","@id":"https:\/\/radioleinewelle.de\/#\/schema\/logo\/image\/","url":"https:\/\/radioleinewelle.de\/wp-content\/uploads\/2023\/11\/cropped-Leinewelle_Logo_weiss.png","contentUrl":"https:\/\/radioleinewelle.de\/wp-content\/uploads\/2023\/11\/cropped-Leinewelle_Logo_weiss.png","width":854,"height":260,"caption":"Radio Leinewelle"},"image":{"@id":"https:\/\/radioleinewelle.de\/#\/schema\/logo\/image\/"},"sameAs":["https:\/\/www.facebook.com\/radioleinewelle","https:\/\/x.com\/RLeinewelle","https:\/\/www.instagram.com\/radioleinewelle\/?hl=de"]},{"@type":"Person","@id":"https:\/\/radioleinewelle.de\/#\/schema\/person\/45606f348637df637192dc1b68399a63","name":"Leinewelle","image":{"@type":"ImageObject","inLanguage":"de","@id":"https:\/\/secure.gravatar.com\/avatar\/05c9a17bc973052ee5d91549bd32fb4dd0dc85b7b85ae94b2e2b4943476bbea5?s=96&d=blank&r=g","url":"https:\/\/secure.gravatar.com\/avatar\/05c9a17bc973052ee5d91549bd32fb4dd0dc85b7b85ae94b2e2b4943476bbea5?s=96&d=blank&r=g","contentUrl":"https:\/\/secure.gravatar.com\/avatar\/05c9a17bc973052ee5d91549bd32fb4dd0dc85b7b85ae94b2e2b4943476bbea5?s=96&d=blank&r=g","caption":"Leinewelle"},"sameAs":["http:\/\/localhost\/radio%20leinewelle\/wordpress","https:\/\/www.facebook.com\/radioleinewelle","https:\/\/www.instagram.com\/radioleinewelle","https:\/\/x.com\/https:\/\/twitter.com\/RLeinewelle?ref_src=twsrcgoogletwcampserptwgrauthor","https:\/\/soundcloud.com\/foerderverein-lokalradio?utm_source=clipboard&utm_medium=text&utm_campaign=social_sharing"],"url":"https:\/\/radioleinewelle.de\/index.php\/author\/leinewelle\/"}]}},"_links":{"self":[{"href":"https:\/\/radioleinewelle.de\/index.php\/wp-json\/wp\/v2\/posts\/29372","targetHints":{"allow":["GET"]}}],"collection":[{"href":"https:\/\/radioleinewelle.de\/index.php\/wp-json\/wp\/v2\/posts"}],"about":[{"href":"https:\/\/radioleinewelle.de\/index.php\/wp-json\/wp\/v2\/types\/post"}],"author":[{"embeddable":true,"href":"https:\/\/radioleinewelle.de\/index.php\/wp-json\/wp\/v2\/users\/1"}],"replies":[{"embeddable":true,"href":"https:\/\/radioleinewelle.de\/index.php\/wp-json\/wp\/v2\/comments?post=29372"}],"version-history":[{"count":4,"href":"https:\/\/radioleinewelle.de\/index.php\/wp-json\/wp\/v2\/posts\/29372\/revisions"}],"predecessor-version":[{"id":29379,"href":"https:\/\/radioleinewelle.de\/index.php\/wp-json\/wp\/v2\/posts\/29372\/revisions\/29379"}],"wp:featuredmedia":[{"embeddable":true,"href":"https:\/\/radioleinewelle.de\/index.php\/wp-json\/wp\/v2\/media\/29376"}],"wp:attachment":[{"href":"https:\/\/radioleinewelle.de\/index.php\/wp-json\/wp\/v2\/media?parent=29372"}],"wp:term":[{"taxonomy":"category","embeddable":true,"href":"https:\/\/radioleinewelle.de\/index.php\/wp-json\/wp\/v2\/categories?post=29372"},{"taxonomy":"post_tag","embeddable":true,"href":"https:\/\/radioleinewelle.de\/index.php\/wp-json\/wp\/v2\/tags?post=29372"}],"curies":[{"name":"wp","href":"https:\/\/api.w.org\/{rel}","templated":true}]}}