{"id":29397,"date":"2025-10-22T17:04:08","date_gmt":"2025-10-22T15:04:08","guid":{"rendered":"https:\/\/radioleinewelle.de\/?p=29397"},"modified":"2025-10-22T17:10:44","modified_gmt":"2025-10-22T15:10:44","slug":"wie-geht-es-weiter-mit-dem-haus-der-kulturen","status":"publish","type":"post","link":"https:\/\/radioleinewelle.de\/index.php\/2025\/10\/22\/wie-geht-es-weiter-mit-dem-haus-der-kulturen\/","title":{"rendered":"Wie geht es weiter mit dem &#8222;Haus der Kulturen&#8220;?"},"content":{"rendered":"\n\n\n<p>Gro\u00dfe Solidarit\u00e4t und Unterst\u00fctzung f\u00fcr das Haus der Kulturen in der G\u00f6ttinger Weststadt. \u00dcber 200 Menschen aus der Zivilgesellschaft, sowie Vertreter*innen aus der Politik nahmen am Montagmittag vor dem Haus an einer Veranstaltung teil. Mittlerweile hat die  Vermieterin,  die Bundesanstalt f\u00fcr Immobilienaufgaben (BImA), dem Haus auch fristgerecht zum 31.12. diesen Jahres gek\u00fcndigt.<br><\/p>\n\n\n\n<figure class=\"wp-block-image size-large\"><img loading=\"lazy\" decoding=\"async\" width=\"1024\" height=\"768\" src=\"https:\/\/radioleinewelle.de\/wp-content\/uploads\/2025\/10\/Haus-der-Kulturen-1-1024x768.jpg\" alt=\"\" class=\"wp-image-29400\" srcset=\"https:\/\/radioleinewelle.de\/wp-content\/uploads\/2025\/10\/Haus-der-Kulturen-1-1024x768.jpg 1024w, https:\/\/radioleinewelle.de\/wp-content\/uploads\/2025\/10\/Haus-der-Kulturen-1-300x225.jpg 300w, https:\/\/radioleinewelle.de\/wp-content\/uploads\/2025\/10\/Haus-der-Kulturen-1-768x576.jpg 768w, https:\/\/radioleinewelle.de\/wp-content\/uploads\/2025\/10\/Haus-der-Kulturen-1-1536x1152.jpg 1536w, https:\/\/radioleinewelle.de\/wp-content\/uploads\/2025\/10\/Haus-der-Kulturen-1-1440x1080.jpg 1440w, https:\/\/radioleinewelle.de\/wp-content\/uploads\/2025\/10\/Haus-der-Kulturen-1.jpg 2016w\" sizes=\"(max-width: 1024px) 100vw, 1024px\" \/><\/figure>\n\n\n\n<p>Zur Bedeutung des Hauses: das Haus der Kulturen dient seit 1996 als interkulturelles Zentrum und bietet Raum f\u00fcr Sprachkurse, kulturelle Veranstaltungen und soziale Projekte. Es hat sich zu einem wichtigen Ort des Austauschs und der Integration in G\u00f6ttingen entwickelt. Ein Verlust des Hauses w\u00fcrde viele Initiativen und Gemeinschaften treffen, die dort aktiv sind.<\/p>\n\n\n\n\n\n<p>Interview mit Yasemin Arslan-Cacan vom Verein Zukunftswerkstatt e.V. \u00fcber das Haus der Kulturen.<\/p>\n\n\n\n<figure class=\"wp-block-audio\"><audio controls src=\"https:\/\/radioleinewelle.de\/wp-content\/uploads\/2025\/10\/Yasemin-Arslan-Cacan-HdK.mp3\"><\/audio><\/figure>\n\n\n\n<p>Der Tr\u00e4gerverein hat rechtliche Schritte eingeleitet und eine Anwaltskanzlei beauftragt, um gegen die K\u00fcndigung vorzugehen. Zudem laufen Gespr\u00e4che zwischen der BImA, dem Verein und der Stadt G\u00f6ttingen, um eine einvernehmliche L\u00f6sung zu finden.<\/p>\n\n\n\n<p class=\"has-text-align-right has-small-font-size\"><strong>Fotos:<\/strong> \u00a9Radio Leinewelle (ue)<\/p>\n","protected":false},"excerpt":{"rendered":"<p>Gro\u00dfe Solidarit\u00e4t und Unterst\u00fctzung f\u00fcr das Haus der Kulturen in der G\u00f6ttinger Weststadt. \u00dcber 200 Menschen aus der Zivilgesellschaft, sowie Vertreter*innen aus der Politik nahmen am Montagmittag vor dem Haus an einer Veranstaltung teil. Mittlerweile hat die Vermieterin, die Bundesanstalt f\u00fcr Immobilienaufgaben (BImA), dem Haus auch fristgerecht zum 31.12. diesen Jahres gek\u00fcndigt. Zur Bedeutung des [&hellip;]<\/p>\n","protected":false},"author":1,"featured_media":29403,"comment_status":"open","ping_status":"open","sticky":false,"template":"","format":"standard","meta":{"saved_in_kubio":false,"footnotes":""},"categories":[45,43],"tags":[4399,2076,1020,4401],"class_list":["post-29397","post","type-post","status-publish","format-standard","has-post-thumbnail","hentry","category-kultur","category-migration","tag-bima","tag-haus-der-kulturen","tag-weststadt","tag-zukunftswerkstatt"],"yoast_head":"<!-- This site is optimized with the Yoast SEO plugin v27.5 - https:\/\/yoast.com\/product\/yoast-seo-wordpress\/ -->\n<title>Wie geht es weiter mit dem &quot;Haus der Kulturen&quot;? - Radio Leinewelle<\/title>\n<meta name=\"robots\" content=\"index, follow, max-snippet:-1, max-image-preview:large, max-video-preview:-1\" \/>\n<link rel=\"canonical\" href=\"https:\/\/radioleinewelle.de\/index.php\/2025\/10\/22\/wie-geht-es-weiter-mit-dem-haus-der-kulturen\/\" \/>\n<meta property=\"og:locale\" content=\"de_DE\" \/>\n<meta property=\"og:type\" content=\"article\" \/>\n<meta property=\"og:title\" content=\"Wie geht es weiter mit dem &quot;Haus der Kulturen&quot;? - Radio Leinewelle\" \/>\n<meta property=\"og:description\" content=\"Gro\u00dfe Solidarit\u00e4t und Unterst\u00fctzung f\u00fcr das Haus der Kulturen in der G\u00f6ttinger Weststadt. \u00dcber 200 Menschen aus der Zivilgesellschaft, sowie Vertreter*innen aus der Politik nahmen am Montagmittag vor dem Haus an einer Veranstaltung teil. Mittlerweile hat die Vermieterin, die Bundesanstalt f\u00fcr Immobilienaufgaben (BImA), dem Haus auch fristgerecht zum 31.12. diesen Jahres gek\u00fcndigt. Zur Bedeutung des [&hellip;]\" \/>\n<meta property=\"og:url\" content=\"https:\/\/radioleinewelle.de\/index.php\/2025\/10\/22\/wie-geht-es-weiter-mit-dem-haus-der-kulturen\/\" \/>\n<meta property=\"og:site_name\" content=\"Radio Leinewelle\" \/>\n<meta property=\"article:publisher\" content=\"https:\/\/www.facebook.com\/radioleinewelle\" \/>\n<meta property=\"article:author\" content=\"https:\/\/www.facebook.com\/radioleinewelle\" \/>\n<meta property=\"article:published_time\" content=\"2025-10-22T15:04:08+00:00\" \/>\n<meta property=\"article:modified_time\" content=\"2025-10-22T15:10:44+00:00\" \/>\n<meta property=\"og:image\" content=\"https:\/\/radioleinewelle.de\/wp-content\/uploads\/2025\/10\/Haus-der-Kulturen-2.jpg\" \/>\n\t<meta property=\"og:image:width\" content=\"2016\" \/>\n\t<meta property=\"og:image:height\" content=\"1512\" \/>\n\t<meta property=\"og:image:type\" content=\"image\/jpeg\" \/>\n<meta name=\"author\" content=\"Leinewelle\" \/>\n<meta name=\"twitter:card\" content=\"summary_large_image\" \/>\n<meta name=\"twitter:creator\" content=\"@https:\/\/twitter.com\/RLeinewelle?ref_src=twsrcgoogletwcampserptwgrauthor\" \/>\n<meta name=\"twitter:site\" content=\"@RLeinewelle\" \/>\n<meta name=\"twitter:label1\" content=\"Verfasst von\" \/>\n\t<meta name=\"twitter:data1\" content=\"Leinewelle\" \/>\n\t<meta name=\"twitter:label2\" content=\"Gesch\u00e4tzte Lesezeit\" \/>\n\t<meta name=\"twitter:data2\" content=\"2\u00a0Minuten\" \/>\n<script type=\"application\/ld+json\" class=\"yoast-schema-graph\">{\"@context\":\"https:\\\/\\\/schema.org\",\"@graph\":[{\"@type\":\"Article\",\"@id\":\"https:\\\/\\\/radioleinewelle.de\\\/index.php\\\/2025\\\/10\\\/22\\\/wie-geht-es-weiter-mit-dem-haus-der-kulturen\\\/#article\",\"isPartOf\":{\"@id\":\"https:\\\/\\\/radioleinewelle.de\\\/index.php\\\/2025\\\/10\\\/22\\\/wie-geht-es-weiter-mit-dem-haus-der-kulturen\\\/\"},\"author\":{\"name\":\"Leinewelle\",\"@id\":\"https:\\\/\\\/radioleinewelle.de\\\/#\\\/schema\\\/person\\\/45606f348637df637192dc1b68399a63\"},\"headline\":\"Wie geht es weiter mit dem &#8222;Haus der Kulturen&#8220;?\",\"datePublished\":\"2025-10-22T15:04:08+00:00\",\"dateModified\":\"2025-10-22T15:10:44+00:00\",\"mainEntityOfPage\":{\"@id\":\"https:\\\/\\\/radioleinewelle.de\\\/index.php\\\/2025\\\/10\\\/22\\\/wie-geht-es-weiter-mit-dem-haus-der-kulturen\\\/\"},\"wordCount\":178,\"commentCount\":0,\"publisher\":{\"@id\":\"https:\\\/\\\/radioleinewelle.de\\\/#organization\"},\"image\":{\"@id\":\"https:\\\/\\\/radioleinewelle.de\\\/index.php\\\/2025\\\/10\\\/22\\\/wie-geht-es-weiter-mit-dem-haus-der-kulturen\\\/#primaryimage\"},\"thumbnailUrl\":\"https:\\\/\\\/radioleinewelle.de\\\/wp-content\\\/uploads\\\/2025\\\/10\\\/Haus-der-Kulturen-2.jpg\",\"keywords\":[\"BImA\",\"Haus der Kulturen\",\"Weststadt\",\"zukunftswerkstatt\"],\"articleSection\":[\"Kultur\",\"Migration\"],\"inLanguage\":\"de\",\"potentialAction\":[{\"@type\":\"CommentAction\",\"name\":\"Comment\",\"target\":[\"https:\\\/\\\/radioleinewelle.de\\\/index.php\\\/2025\\\/10\\\/22\\\/wie-geht-es-weiter-mit-dem-haus-der-kulturen\\\/#respond\"]}]},{\"@type\":\"WebPage\",\"@id\":\"https:\\\/\\\/radioleinewelle.de\\\/index.php\\\/2025\\\/10\\\/22\\\/wie-geht-es-weiter-mit-dem-haus-der-kulturen\\\/\",\"url\":\"https:\\\/\\\/radioleinewelle.de\\\/index.php\\\/2025\\\/10\\\/22\\\/wie-geht-es-weiter-mit-dem-haus-der-kulturen\\\/\",\"name\":\"Wie geht es weiter mit dem \\\"Haus der Kulturen\\\"? - Radio Leinewelle\",\"isPartOf\":{\"@id\":\"https:\\\/\\\/radioleinewelle.de\\\/#website\"},\"primaryImageOfPage\":{\"@id\":\"https:\\\/\\\/radioleinewelle.de\\\/index.php\\\/2025\\\/10\\\/22\\\/wie-geht-es-weiter-mit-dem-haus-der-kulturen\\\/#primaryimage\"},\"image\":{\"@id\":\"https:\\\/\\\/radioleinewelle.de\\\/index.php\\\/2025\\\/10\\\/22\\\/wie-geht-es-weiter-mit-dem-haus-der-kulturen\\\/#primaryimage\"},\"thumbnailUrl\":\"https:\\\/\\\/radioleinewelle.de\\\/wp-content\\\/uploads\\\/2025\\\/10\\\/Haus-der-Kulturen-2.jpg\",\"datePublished\":\"2025-10-22T15:04:08+00:00\",\"dateModified\":\"2025-10-22T15:10:44+00:00\",\"breadcrumb\":{\"@id\":\"https:\\\/\\\/radioleinewelle.de\\\/index.php\\\/2025\\\/10\\\/22\\\/wie-geht-es-weiter-mit-dem-haus-der-kulturen\\\/#breadcrumb\"},\"inLanguage\":\"de\",\"potentialAction\":[{\"@type\":\"ReadAction\",\"target\":[\"https:\\\/\\\/radioleinewelle.de\\\/index.php\\\/2025\\\/10\\\/22\\\/wie-geht-es-weiter-mit-dem-haus-der-kulturen\\\/\"]}]},{\"@type\":\"ImageObject\",\"inLanguage\":\"de\",\"@id\":\"https:\\\/\\\/radioleinewelle.de\\\/index.php\\\/2025\\\/10\\\/22\\\/wie-geht-es-weiter-mit-dem-haus-der-kulturen\\\/#primaryimage\",\"url\":\"https:\\\/\\\/radioleinewelle.de\\\/wp-content\\\/uploads\\\/2025\\\/10\\\/Haus-der-Kulturen-2.jpg\",\"contentUrl\":\"https:\\\/\\\/radioleinewelle.de\\\/wp-content\\\/uploads\\\/2025\\\/10\\\/Haus-der-Kulturen-2.jpg\",\"width\":2016,\"height\":1512},{\"@type\":\"BreadcrumbList\",\"@id\":\"https:\\\/\\\/radioleinewelle.de\\\/index.php\\\/2025\\\/10\\\/22\\\/wie-geht-es-weiter-mit-dem-haus-der-kulturen\\\/#breadcrumb\",\"itemListElement\":[{\"@type\":\"ListItem\",\"position\":1,\"name\":\"Startseite\",\"item\":\"https:\\\/\\\/radioleinewelle.de\\\/\"},{\"@type\":\"ListItem\",\"position\":2,\"name\":\"Wie geht es weiter mit dem &#8222;Haus der Kulturen&#8220;?\"}]},{\"@type\":\"WebSite\",\"@id\":\"https:\\\/\\\/radioleinewelle.de\\\/#website\",\"url\":\"https:\\\/\\\/radioleinewelle.de\\\/\",\"name\":\"Radio Leinewelle\",\"description\":\"\",\"publisher\":{\"@id\":\"https:\\\/\\\/radioleinewelle.de\\\/#organization\"},\"potentialAction\":[{\"@type\":\"SearchAction\",\"target\":{\"@type\":\"EntryPoint\",\"urlTemplate\":\"https:\\\/\\\/radioleinewelle.de\\\/?s={search_term_string}\"},\"query-input\":{\"@type\":\"PropertyValueSpecification\",\"valueRequired\":true,\"valueName\":\"search_term_string\"}}],\"inLanguage\":\"de\"},{\"@type\":\"Organization\",\"@id\":\"https:\\\/\\\/radioleinewelle.de\\\/#organization\",\"name\":\"Radio Leinewelle\",\"alternateName\":\"Mein Radio f\u00fcr S\u00fcdniedersachsen\",\"url\":\"https:\\\/\\\/radioleinewelle.de\\\/\",\"logo\":{\"@type\":\"ImageObject\",\"inLanguage\":\"de\",\"@id\":\"https:\\\/\\\/radioleinewelle.de\\\/#\\\/schema\\\/logo\\\/image\\\/\",\"url\":\"https:\\\/\\\/radioleinewelle.de\\\/wp-content\\\/uploads\\\/2023\\\/11\\\/cropped-Leinewelle_Logo_weiss.png\",\"contentUrl\":\"https:\\\/\\\/radioleinewelle.de\\\/wp-content\\\/uploads\\\/2023\\\/11\\\/cropped-Leinewelle_Logo_weiss.png\",\"width\":854,\"height\":260,\"caption\":\"Radio Leinewelle\"},\"image\":{\"@id\":\"https:\\\/\\\/radioleinewelle.de\\\/#\\\/schema\\\/logo\\\/image\\\/\"},\"sameAs\":[\"https:\\\/\\\/www.facebook.com\\\/radioleinewelle\",\"https:\\\/\\\/x.com\\\/RLeinewelle\",\"https:\\\/\\\/www.instagram.com\\\/radioleinewelle\\\/?hl=de\"]},{\"@type\":\"Person\",\"@id\":\"https:\\\/\\\/radioleinewelle.de\\\/#\\\/schema\\\/person\\\/45606f348637df637192dc1b68399a63\",\"name\":\"Leinewelle\",\"image\":{\"@type\":\"ImageObject\",\"inLanguage\":\"de\",\"@id\":\"https:\\\/\\\/secure.gravatar.com\\\/avatar\\\/05c9a17bc973052ee5d91549bd32fb4dd0dc85b7b85ae94b2e2b4943476bbea5?s=96&d=blank&r=g\",\"url\":\"https:\\\/\\\/secure.gravatar.com\\\/avatar\\\/05c9a17bc973052ee5d91549bd32fb4dd0dc85b7b85ae94b2e2b4943476bbea5?s=96&d=blank&r=g\",\"contentUrl\":\"https:\\\/\\\/secure.gravatar.com\\\/avatar\\\/05c9a17bc973052ee5d91549bd32fb4dd0dc85b7b85ae94b2e2b4943476bbea5?s=96&d=blank&r=g\",\"caption\":\"Leinewelle\"},\"sameAs\":[\"http:\\\/\\\/localhost\\\/radio%20leinewelle\\\/wordpress\",\"https:\\\/\\\/www.facebook.com\\\/radioleinewelle\",\"https:\\\/\\\/www.instagram.com\\\/radioleinewelle\",\"https:\\\/\\\/x.com\\\/https:\\\/\\\/twitter.com\\\/RLeinewelle?ref_src=twsrcgoogletwcampserptwgrauthor\",\"https:\\\/\\\/soundcloud.com\\\/foerderverein-lokalradio?utm_source=clipboard&utm_medium=text&utm_campaign=social_sharing\"],\"url\":\"https:\\\/\\\/radioleinewelle.de\\\/index.php\\\/author\\\/leinewelle\\\/\"}]}<\/script>\n<!-- \/ Yoast SEO plugin. -->","yoast_head_json":{"title":"Wie geht es weiter mit dem \"Haus der Kulturen\"? - Radio Leinewelle","robots":{"index":"index","follow":"follow","max-snippet":"max-snippet:-1","max-image-preview":"max-image-preview:large","max-video-preview":"max-video-preview:-1"},"canonical":"https:\/\/radioleinewelle.de\/index.php\/2025\/10\/22\/wie-geht-es-weiter-mit-dem-haus-der-kulturen\/","og_locale":"de_DE","og_type":"article","og_title":"Wie geht es weiter mit dem \"Haus der Kulturen\"? - Radio Leinewelle","og_description":"Gro\u00dfe Solidarit\u00e4t und Unterst\u00fctzung f\u00fcr das Haus der Kulturen in der G\u00f6ttinger Weststadt. \u00dcber 200 Menschen aus der Zivilgesellschaft, sowie Vertreter*innen aus der Politik nahmen am Montagmittag vor dem Haus an einer Veranstaltung teil. Mittlerweile hat die Vermieterin, die Bundesanstalt f\u00fcr Immobilienaufgaben (BImA), dem Haus auch fristgerecht zum 31.12. diesen Jahres gek\u00fcndigt. Zur Bedeutung des [&hellip;]","og_url":"https:\/\/radioleinewelle.de\/index.php\/2025\/10\/22\/wie-geht-es-weiter-mit-dem-haus-der-kulturen\/","og_site_name":"Radio Leinewelle","article_publisher":"https:\/\/www.facebook.com\/radioleinewelle","article_author":"https:\/\/www.facebook.com\/radioleinewelle","article_published_time":"2025-10-22T15:04:08+00:00","article_modified_time":"2025-10-22T15:10:44+00:00","og_image":[{"width":2016,"height":1512,"url":"https:\/\/radioleinewelle.de\/wp-content\/uploads\/2025\/10\/Haus-der-Kulturen-2.jpg","type":"image\/jpeg"}],"author":"Leinewelle","twitter_card":"summary_large_image","twitter_creator":"@https:\/\/twitter.com\/RLeinewelle?ref_src=twsrcgoogletwcampserptwgrauthor","twitter_site":"@RLeinewelle","twitter_misc":{"Verfasst von":"Leinewelle","Gesch\u00e4tzte Lesezeit":"2\u00a0Minuten"},"schema":{"@context":"https:\/\/schema.org","@graph":[{"@type":"Article","@id":"https:\/\/radioleinewelle.de\/index.php\/2025\/10\/22\/wie-geht-es-weiter-mit-dem-haus-der-kulturen\/#article","isPartOf":{"@id":"https:\/\/radioleinewelle.de\/index.php\/2025\/10\/22\/wie-geht-es-weiter-mit-dem-haus-der-kulturen\/"},"author":{"name":"Leinewelle","@id":"https:\/\/radioleinewelle.de\/#\/schema\/person\/45606f348637df637192dc1b68399a63"},"headline":"Wie geht es weiter mit dem &#8222;Haus der Kulturen&#8220;?","datePublished":"2025-10-22T15:04:08+00:00","dateModified":"2025-10-22T15:10:44+00:00","mainEntityOfPage":{"@id":"https:\/\/radioleinewelle.de\/index.php\/2025\/10\/22\/wie-geht-es-weiter-mit-dem-haus-der-kulturen\/"},"wordCount":178,"commentCount":0,"publisher":{"@id":"https:\/\/radioleinewelle.de\/#organization"},"image":{"@id":"https:\/\/radioleinewelle.de\/index.php\/2025\/10\/22\/wie-geht-es-weiter-mit-dem-haus-der-kulturen\/#primaryimage"},"thumbnailUrl":"https:\/\/radioleinewelle.de\/wp-content\/uploads\/2025\/10\/Haus-der-Kulturen-2.jpg","keywords":["BImA","Haus der Kulturen","Weststadt","zukunftswerkstatt"],"articleSection":["Kultur","Migration"],"inLanguage":"de","potentialAction":[{"@type":"CommentAction","name":"Comment","target":["https:\/\/radioleinewelle.de\/index.php\/2025\/10\/22\/wie-geht-es-weiter-mit-dem-haus-der-kulturen\/#respond"]}]},{"@type":"WebPage","@id":"https:\/\/radioleinewelle.de\/index.php\/2025\/10\/22\/wie-geht-es-weiter-mit-dem-haus-der-kulturen\/","url":"https:\/\/radioleinewelle.de\/index.php\/2025\/10\/22\/wie-geht-es-weiter-mit-dem-haus-der-kulturen\/","name":"Wie geht es weiter mit dem \"Haus der Kulturen\"? - Radio Leinewelle","isPartOf":{"@id":"https:\/\/radioleinewelle.de\/#website"},"primaryImageOfPage":{"@id":"https:\/\/radioleinewelle.de\/index.php\/2025\/10\/22\/wie-geht-es-weiter-mit-dem-haus-der-kulturen\/#primaryimage"},"image":{"@id":"https:\/\/radioleinewelle.de\/index.php\/2025\/10\/22\/wie-geht-es-weiter-mit-dem-haus-der-kulturen\/#primaryimage"},"thumbnailUrl":"https:\/\/radioleinewelle.de\/wp-content\/uploads\/2025\/10\/Haus-der-Kulturen-2.jpg","datePublished":"2025-10-22T15:04:08+00:00","dateModified":"2025-10-22T15:10:44+00:00","breadcrumb":{"@id":"https:\/\/radioleinewelle.de\/index.php\/2025\/10\/22\/wie-geht-es-weiter-mit-dem-haus-der-kulturen\/#breadcrumb"},"inLanguage":"de","potentialAction":[{"@type":"ReadAction","target":["https:\/\/radioleinewelle.de\/index.php\/2025\/10\/22\/wie-geht-es-weiter-mit-dem-haus-der-kulturen\/"]}]},{"@type":"ImageObject","inLanguage":"de","@id":"https:\/\/radioleinewelle.de\/index.php\/2025\/10\/22\/wie-geht-es-weiter-mit-dem-haus-der-kulturen\/#primaryimage","url":"https:\/\/radioleinewelle.de\/wp-content\/uploads\/2025\/10\/Haus-der-Kulturen-2.jpg","contentUrl":"https:\/\/radioleinewelle.de\/wp-content\/uploads\/2025\/10\/Haus-der-Kulturen-2.jpg","width":2016,"height":1512},{"@type":"BreadcrumbList","@id":"https:\/\/radioleinewelle.de\/index.php\/2025\/10\/22\/wie-geht-es-weiter-mit-dem-haus-der-kulturen\/#breadcrumb","itemListElement":[{"@type":"ListItem","position":1,"name":"Startseite","item":"https:\/\/radioleinewelle.de\/"},{"@type":"ListItem","position":2,"name":"Wie geht es weiter mit dem &#8222;Haus der Kulturen&#8220;?"}]},{"@type":"WebSite","@id":"https:\/\/radioleinewelle.de\/#website","url":"https:\/\/radioleinewelle.de\/","name":"Radio Leinewelle","description":"","publisher":{"@id":"https:\/\/radioleinewelle.de\/#organization"},"potentialAction":[{"@type":"SearchAction","target":{"@type":"EntryPoint","urlTemplate":"https:\/\/radioleinewelle.de\/?s={search_term_string}"},"query-input":{"@type":"PropertyValueSpecification","valueRequired":true,"valueName":"search_term_string"}}],"inLanguage":"de"},{"@type":"Organization","@id":"https:\/\/radioleinewelle.de\/#organization","name":"Radio Leinewelle","alternateName":"Mein Radio f\u00fcr S\u00fcdniedersachsen","url":"https:\/\/radioleinewelle.de\/","logo":{"@type":"ImageObject","inLanguage":"de","@id":"https:\/\/radioleinewelle.de\/#\/schema\/logo\/image\/","url":"https:\/\/radioleinewelle.de\/wp-content\/uploads\/2023\/11\/cropped-Leinewelle_Logo_weiss.png","contentUrl":"https:\/\/radioleinewelle.de\/wp-content\/uploads\/2023\/11\/cropped-Leinewelle_Logo_weiss.png","width":854,"height":260,"caption":"Radio Leinewelle"},"image":{"@id":"https:\/\/radioleinewelle.de\/#\/schema\/logo\/image\/"},"sameAs":["https:\/\/www.facebook.com\/radioleinewelle","https:\/\/x.com\/RLeinewelle","https:\/\/www.instagram.com\/radioleinewelle\/?hl=de"]},{"@type":"Person","@id":"https:\/\/radioleinewelle.de\/#\/schema\/person\/45606f348637df637192dc1b68399a63","name":"Leinewelle","image":{"@type":"ImageObject","inLanguage":"de","@id":"https:\/\/secure.gravatar.com\/avatar\/05c9a17bc973052ee5d91549bd32fb4dd0dc85b7b85ae94b2e2b4943476bbea5?s=96&d=blank&r=g","url":"https:\/\/secure.gravatar.com\/avatar\/05c9a17bc973052ee5d91549bd32fb4dd0dc85b7b85ae94b2e2b4943476bbea5?s=96&d=blank&r=g","contentUrl":"https:\/\/secure.gravatar.com\/avatar\/05c9a17bc973052ee5d91549bd32fb4dd0dc85b7b85ae94b2e2b4943476bbea5?s=96&d=blank&r=g","caption":"Leinewelle"},"sameAs":["http:\/\/localhost\/radio%20leinewelle\/wordpress","https:\/\/www.facebook.com\/radioleinewelle","https:\/\/www.instagram.com\/radioleinewelle","https:\/\/x.com\/https:\/\/twitter.com\/RLeinewelle?ref_src=twsrcgoogletwcampserptwgrauthor","https:\/\/soundcloud.com\/foerderverein-lokalradio?utm_source=clipboard&utm_medium=text&utm_campaign=social_sharing"],"url":"https:\/\/radioleinewelle.de\/index.php\/author\/leinewelle\/"}]}},"_links":{"self":[{"href":"https:\/\/radioleinewelle.de\/index.php\/wp-json\/wp\/v2\/posts\/29397","targetHints":{"allow":["GET"]}}],"collection":[{"href":"https:\/\/radioleinewelle.de\/index.php\/wp-json\/wp\/v2\/posts"}],"about":[{"href":"https:\/\/radioleinewelle.de\/index.php\/wp-json\/wp\/v2\/types\/post"}],"author":[{"embeddable":true,"href":"https:\/\/radioleinewelle.de\/index.php\/wp-json\/wp\/v2\/users\/1"}],"replies":[{"embeddable":true,"href":"https:\/\/radioleinewelle.de\/index.php\/wp-json\/wp\/v2\/comments?post=29397"}],"version-history":[{"count":4,"href":"https:\/\/radioleinewelle.de\/index.php\/wp-json\/wp\/v2\/posts\/29397\/revisions"}],"predecessor-version":[{"id":29407,"href":"https:\/\/radioleinewelle.de\/index.php\/wp-json\/wp\/v2\/posts\/29397\/revisions\/29407"}],"wp:featuredmedia":[{"embeddable":true,"href":"https:\/\/radioleinewelle.de\/index.php\/wp-json\/wp\/v2\/media\/29403"}],"wp:attachment":[{"href":"https:\/\/radioleinewelle.de\/index.php\/wp-json\/wp\/v2\/media?parent=29397"}],"wp:term":[{"taxonomy":"category","embeddable":true,"href":"https:\/\/radioleinewelle.de\/index.php\/wp-json\/wp\/v2\/categories?post=29397"},{"taxonomy":"post_tag","embeddable":true,"href":"https:\/\/radioleinewelle.de\/index.php\/wp-json\/wp\/v2\/tags?post=29397"}],"curies":[{"name":"wp","href":"https:\/\/api.w.org\/{rel}","templated":true}]}}