{"id":29412,"date":"2025-10-23T08:31:27","date_gmt":"2025-10-23T06:31:27","guid":{"rendered":"https:\/\/radioleinewelle.de\/?p=29412"},"modified":"2025-10-23T08:32:57","modified_gmt":"2025-10-23T06:32:57","slug":"buergerbegehren-gegen-neues-gewerbegebiet-in-northeim-unzulaessig-dialog-soll-dennoch-fortgesetzt-werden","status":"publish","type":"post","link":"https:\/\/radioleinewelle.de\/index.php\/2025\/10\/23\/buergerbegehren-gegen-neues-gewerbegebiet-in-northeim-unzulaessig-dialog-soll-dennoch-fortgesetzt-werden\/","title":{"rendered":"B\u00fcrgerbegehren gegen neues Gewerbegebiet in Northeim unzul\u00e4ssig \u2013 Dialog soll dennoch fortgesetzt werden"},"content":{"rendered":"\n<p><\/p>\n\n\n\n\n\n<p>Die Stadt Northeim hat entschieden: Das von der B\u00fcrgerinitiative\u00a0<strong>\u201ePro Leinetal \u2013 Natur statt mehr Beton\u201c<\/strong>eingereichte B\u00fcrgerbegehren zur Verhinderung eines neuen Gewerbegebiets im Westen der Stadt ist rechtlich\u00a0<strong>nicht zul\u00e4ssig<\/strong>. Das stellte der Verwaltungsausschuss am\u00a029. September 2025\u00a0fest.<\/p>\n\n\n\n<p class=\"has-text-align-center has-border-color has-kubio-color-2-border-color has-background\" style=\"border-width:3px;background-color:#e6e6e6\"><strong>Grundlage der Entscheidung ist\u00a0\u00a7 32 Absatz 2 des Nieders\u00e4chsischen Kommunalverfassungsgesetzes (NKomVG). Danach k\u00f6nnen B\u00fcrgerbegehren in Niedersachsen keine Bauleitpl\u00e4ne verhindern \u2013 sie sind in diesem Themenbereich grunds\u00e4tzlich ausgeschlossen.<\/strong><\/p>\n\n\n\n<hr class=\"wp-block-separator has-alpha-channel-opacity\"\/>\n\n\n\n<h4 class=\"wp-block-heading\">Austausch im Rathaus: Stadt und Initiative im Gespr\u00e4ch<\/h4>\n\n\n\n<p>Trotz der rechtlichen H\u00fcrde setzen Stadtverwaltung, Wirtschaftsf\u00f6rderung\u00a0<strong>N<\/strong>OM WMT\u00a0und die B\u00fcrgerinitiative ihren\u00a0Dialog fort. Im Rathaus fand k\u00fcrzlich ein gemeinsames Treffen statt, bei dem offene Fragen, rechtliche Hintergr\u00fcnde und die unterschiedlichen Positionen besprochen wurden.<\/p>\n\n\n\n<p>Vertreterinnen und Vertreter der Stadt erl\u00e4uterten, warum das B\u00fcrgerbegehren formal unzul\u00e4ssig ist \u2013 zeigten aber zugleich auf,\u00a0wie B\u00fcrgerinnen und B\u00fcrger sich weiterhin einbringen k\u00f6nnen. Im laufenden\u00a0Bauleitplanverfahrenwerden die Planunterlagen \u00f6ffentlich ausgelegt. In dieser Phase hat jede und jeder die M\u00f6glichkeit,\u00a0Anmerkungen, Einw\u00e4nde oder Bedenken\u00a0vorzubringen.<\/p>\n\n\n\n<hr class=\"wp-block-separator has-alpha-channel-opacity\"\/>\n\n\n\n<h4 class=\"wp-block-heading\">Chancen f\u00fcr Wirtschaft und Arbeitspl\u00e4tze<\/h4>\n\n\n\n<p>Die Stadt Northeim sieht in der geplanten Ansiedlung eines\u00a0Logistikzentrums\u00a0in Autobahnn\u00e4he gro\u00dfe\u00a0wirtschaftliche Potenziale. Erwartet werden neue\u00a0Arbeits- und Ausbildungspl\u00e4tze, zus\u00e4tzliche\u00a0Gewerbesteuereinnahmen\u00a0und eine St\u00e4rkung des\u00a0Wirtschaftsstandorts Northeim. Die B\u00fcrgerinitiative hingegen \u2013 vertreten durch\u00a0Jan Lachnit\u00a0und\u00a0Inga Hartmann\u00a0\u2013 m\u00f6chte die Versiegelung weiterer Fl\u00e4chen verhindern und setzt sich f\u00fcr den Erhalt der\u00a0bisherigen Ackerfl\u00e4che\u00a0im Leinetal ein. Sie bef\u00fcrchtet negative Auswirkungen auf Natur, Landschaftsbild und lokale Landwirtschaft.<\/p>\n\n\n\n<hr class=\"wp-block-separator has-alpha-channel-opacity\"\/>\n\n\n\n<h4 class=\"wp-block-heading\">Gemeinsam f\u00fcr Transparenz und Verst\u00e4ndigung<\/h4>\n\n\n\n<p>Alle Beteiligten betonten die\u00a0sachliche und respektvolle Atmosph\u00e4re\u00a0des Treffens. Man sei sich einig, dass der\u00a0gegenseitige Austausch\u00a0entscheidend sei, um das komplexe Thema umfassend zu beleuchten \u2013 wirtschaftlich, \u00f6kologisch und gesellschaftlich.<\/p>\n\n\n\n<p>Die Stadt Northeim, die Wirtschaftsf\u00f6rderung\u00a0NOM WMT\u00a0und die B\u00fcrgerinitiative\u00a0\u201ePro Leinetal \u2013 Natur statt mehr Beton\u201c\u00a0erkl\u00e4rten gemeinsam, den begonnenen\u00a0Dialog fortzuf\u00fchren. Regelm\u00e4\u00dfige Treffen sollen sicherstellen, dass\u00a0alle relevanten Aspekte offen diskutiert\u00a0und transparent kommuniziert werden.<\/p>\n\n\n\n<hr class=\"wp-block-separator has-alpha-channel-opacity\"\/>\n\n\n\n<h3 class=\"wp-block-heading\">Wie geht es weiter?<\/h3>\n\n\n\n<p>Auch wenn das B\u00fcrgerbegehren formal nicht zul\u00e4ssig ist, bleibt das Thema in Northeim pr\u00e4sent. Der Konflikt zwischen\u00a0wirtschaftlicher Entwicklung\u00a0und\u00a0Naturschutz\u00a0zeigt, wie wichtig\u00a0Transparenz, Beteiligung und Dialog\u00a0bei kommunalen Gro\u00dfprojekten sind. Beide Seiten wollen nun weiter im Gespr\u00e4ch bleiben \u2013 ein positives Signal f\u00fcr die demokratische Kultur in der Stadt.<\/p>\n\n\n\n<p class=\"has-small-font-size\"><strong>Foto (von links):<\/strong> B\u00fcrgermeister Simon Hartmann, Jan Lachnit und Inga Hartmann von der B\u00fcrgerinitiative &#8222;Pro Leinetal&#8220; und Michael Eilers-Turau, Gesch\u00e4ftsf\u00fchrer der Northeimer Gesellschaft f\u00fcr Wirtschaftsf\u00f6rderung, Marketing und Tourismus mbH (NOM WMT).\u00a0<\/p>\n","protected":false},"excerpt":{"rendered":"<p>Die Stadt Northeim hat entschieden: Das von der B\u00fcrgerinitiative\u00a0\u201ePro Leinetal \u2013 Natur statt mehr Beton\u201ceingereichte B\u00fcrgerbegehren zur Verhinderung eines neuen Gewerbegebiets im Westen der Stadt ist rechtlich\u00a0nicht zul\u00e4ssig. Das stellte der Verwaltungsausschuss am\u00a029. September 2025\u00a0fest. Grundlage der Entscheidung ist\u00a0\u00a7 32 Absatz 2 des Nieders\u00e4chsischen Kommunalverfassungsgesetzes (NKomVG). Danach k\u00f6nnen B\u00fcrgerbegehren in Niedersachsen keine Bauleitpl\u00e4ne verhindern \u2013 [&hellip;]<\/p>\n","protected":false},"author":1,"featured_media":29414,"comment_status":"open","ping_status":"open","sticky":false,"template":"","format":"standard","meta":{"saved_in_kubio":false,"footnotes":""},"categories":[31],"tags":[4405,4404,1672,4403,3650],"class_list":["post-29412","post","type-post","status-publish","format-standard","has-post-thumbnail","hentry","category-bauen-verkehr","tag-buergerbegehren","tag-nom-wmt","tag-northeim","tag-pro-leinetal","tag-simon-hartmann"],"yoast_head":"<!-- This site is optimized with the Yoast SEO plugin v27.5 - https:\/\/yoast.com\/product\/yoast-seo-wordpress\/ -->\n<title>B\u00fcrgerbegehren gegen neues Gewerbegebiet in Northeim unzul\u00e4ssig \u2013 Dialog soll dennoch fortgesetzt werden - Radio Leinewelle<\/title>\n<meta name=\"robots\" content=\"index, follow, max-snippet:-1, max-image-preview:large, max-video-preview:-1\" \/>\n<link rel=\"canonical\" href=\"https:\/\/radioleinewelle.de\/index.php\/2025\/10\/23\/buergerbegehren-gegen-neues-gewerbegebiet-in-northeim-unzulaessig-dialog-soll-dennoch-fortgesetzt-werden\/\" \/>\n<meta property=\"og:locale\" content=\"de_DE\" \/>\n<meta property=\"og:type\" content=\"article\" \/>\n<meta property=\"og:title\" content=\"B\u00fcrgerbegehren gegen neues Gewerbegebiet in Northeim unzul\u00e4ssig \u2013 Dialog soll dennoch fortgesetzt werden - Radio Leinewelle\" \/>\n<meta property=\"og:description\" content=\"Die Stadt Northeim hat entschieden: Das von der B\u00fcrgerinitiative\u00a0\u201ePro Leinetal \u2013 Natur statt mehr Beton\u201ceingereichte B\u00fcrgerbegehren zur Verhinderung eines neuen Gewerbegebiets im Westen der Stadt ist rechtlich\u00a0nicht zul\u00e4ssig. Das stellte der Verwaltungsausschuss am\u00a029. September 2025\u00a0fest. Grundlage der Entscheidung ist\u00a0\u00a7 32 Absatz 2 des Nieders\u00e4chsischen Kommunalverfassungsgesetzes (NKomVG). Danach k\u00f6nnen B\u00fcrgerbegehren in Niedersachsen keine Bauleitpl\u00e4ne verhindern \u2013 [&hellip;]\" \/>\n<meta property=\"og:url\" content=\"https:\/\/radioleinewelle.de\/index.php\/2025\/10\/23\/buergerbegehren-gegen-neues-gewerbegebiet-in-northeim-unzulaessig-dialog-soll-dennoch-fortgesetzt-werden\/\" \/>\n<meta property=\"og:site_name\" content=\"Radio Leinewelle\" \/>\n<meta property=\"article:publisher\" content=\"https:\/\/www.facebook.com\/radioleinewelle\" \/>\n<meta property=\"article:author\" content=\"https:\/\/www.facebook.com\/radioleinewelle\" \/>\n<meta property=\"article:published_time\" content=\"2025-10-23T06:31:27+00:00\" \/>\n<meta property=\"article:modified_time\" content=\"2025-10-23T06:32:57+00:00\" \/>\n<meta property=\"og:image\" content=\"https:\/\/radioleinewelle.de\/wp-content\/uploads\/2025\/10\/NOM_Treffen_BI_Rathaus_Hartmann_Lachnit_Hartmann_Eilers-Turau_2025-scaled-e1761201162536.jpg\" \/>\n\t<meta property=\"og:image:width\" content=\"2560\" \/>\n\t<meta property=\"og:image:height\" content=\"1685\" \/>\n\t<meta property=\"og:image:type\" content=\"image\/jpeg\" \/>\n<meta name=\"author\" content=\"Leinewelle\" \/>\n<meta name=\"twitter:card\" content=\"summary_large_image\" \/>\n<meta name=\"twitter:creator\" content=\"@https:\/\/twitter.com\/RLeinewelle?ref_src=twsrcgoogletwcampserptwgrauthor\" \/>\n<meta name=\"twitter:site\" content=\"@RLeinewelle\" \/>\n<meta name=\"twitter:label1\" content=\"Verfasst von\" \/>\n\t<meta name=\"twitter:data1\" content=\"Leinewelle\" \/>\n\t<meta name=\"twitter:label2\" content=\"Gesch\u00e4tzte Lesezeit\" \/>\n\t<meta name=\"twitter:data2\" content=\"3\u00a0Minuten\" \/>\n<script type=\"application\/ld+json\" class=\"yoast-schema-graph\">{\"@context\":\"https:\\\/\\\/schema.org\",\"@graph\":[{\"@type\":\"Article\",\"@id\":\"https:\\\/\\\/radioleinewelle.de\\\/index.php\\\/2025\\\/10\\\/23\\\/buergerbegehren-gegen-neues-gewerbegebiet-in-northeim-unzulaessig-dialog-soll-dennoch-fortgesetzt-werden\\\/#article\",\"isPartOf\":{\"@id\":\"https:\\\/\\\/radioleinewelle.de\\\/index.php\\\/2025\\\/10\\\/23\\\/buergerbegehren-gegen-neues-gewerbegebiet-in-northeim-unzulaessig-dialog-soll-dennoch-fortgesetzt-werden\\\/\"},\"author\":{\"name\":\"Leinewelle\",\"@id\":\"https:\\\/\\\/radioleinewelle.de\\\/#\\\/schema\\\/person\\\/45606f348637df637192dc1b68399a63\"},\"headline\":\"B\u00fcrgerbegehren gegen neues Gewerbegebiet in Northeim unzul\u00e4ssig \u2013 Dialog soll dennoch fortgesetzt werden\",\"datePublished\":\"2025-10-23T06:31:27+00:00\",\"dateModified\":\"2025-10-23T06:32:57+00:00\",\"mainEntityOfPage\":{\"@id\":\"https:\\\/\\\/radioleinewelle.de\\\/index.php\\\/2025\\\/10\\\/23\\\/buergerbegehren-gegen-neues-gewerbegebiet-in-northeim-unzulaessig-dialog-soll-dennoch-fortgesetzt-werden\\\/\"},\"wordCount\":447,\"commentCount\":0,\"publisher\":{\"@id\":\"https:\\\/\\\/radioleinewelle.de\\\/#organization\"},\"image\":{\"@id\":\"https:\\\/\\\/radioleinewelle.de\\\/index.php\\\/2025\\\/10\\\/23\\\/buergerbegehren-gegen-neues-gewerbegebiet-in-northeim-unzulaessig-dialog-soll-dennoch-fortgesetzt-werden\\\/#primaryimage\"},\"thumbnailUrl\":\"https:\\\/\\\/radioleinewelle.de\\\/wp-content\\\/uploads\\\/2025\\\/10\\\/NOM_Treffen_BI_Rathaus_Hartmann_Lachnit_Hartmann_Eilers-Turau_2025-scaled-e1761201162536.jpg\",\"keywords\":[\"B\u00fcrgerbegehren\",\"NOM WMT\",\"Northeim\",\"Pro leinetal\",\"Simon Hartmann\"],\"articleSection\":[\"Bauen &amp; Verkehr\"],\"inLanguage\":\"de\",\"potentialAction\":[{\"@type\":\"CommentAction\",\"name\":\"Comment\",\"target\":[\"https:\\\/\\\/radioleinewelle.de\\\/index.php\\\/2025\\\/10\\\/23\\\/buergerbegehren-gegen-neues-gewerbegebiet-in-northeim-unzulaessig-dialog-soll-dennoch-fortgesetzt-werden\\\/#respond\"]}]},{\"@type\":\"WebPage\",\"@id\":\"https:\\\/\\\/radioleinewelle.de\\\/index.php\\\/2025\\\/10\\\/23\\\/buergerbegehren-gegen-neues-gewerbegebiet-in-northeim-unzulaessig-dialog-soll-dennoch-fortgesetzt-werden\\\/\",\"url\":\"https:\\\/\\\/radioleinewelle.de\\\/index.php\\\/2025\\\/10\\\/23\\\/buergerbegehren-gegen-neues-gewerbegebiet-in-northeim-unzulaessig-dialog-soll-dennoch-fortgesetzt-werden\\\/\",\"name\":\"B\u00fcrgerbegehren gegen neues Gewerbegebiet in Northeim unzul\u00e4ssig \u2013 Dialog soll dennoch fortgesetzt werden - Radio Leinewelle\",\"isPartOf\":{\"@id\":\"https:\\\/\\\/radioleinewelle.de\\\/#website\"},\"primaryImageOfPage\":{\"@id\":\"https:\\\/\\\/radioleinewelle.de\\\/index.php\\\/2025\\\/10\\\/23\\\/buergerbegehren-gegen-neues-gewerbegebiet-in-northeim-unzulaessig-dialog-soll-dennoch-fortgesetzt-werden\\\/#primaryimage\"},\"image\":{\"@id\":\"https:\\\/\\\/radioleinewelle.de\\\/index.php\\\/2025\\\/10\\\/23\\\/buergerbegehren-gegen-neues-gewerbegebiet-in-northeim-unzulaessig-dialog-soll-dennoch-fortgesetzt-werden\\\/#primaryimage\"},\"thumbnailUrl\":\"https:\\\/\\\/radioleinewelle.de\\\/wp-content\\\/uploads\\\/2025\\\/10\\\/NOM_Treffen_BI_Rathaus_Hartmann_Lachnit_Hartmann_Eilers-Turau_2025-scaled-e1761201162536.jpg\",\"datePublished\":\"2025-10-23T06:31:27+00:00\",\"dateModified\":\"2025-10-23T06:32:57+00:00\",\"breadcrumb\":{\"@id\":\"https:\\\/\\\/radioleinewelle.de\\\/index.php\\\/2025\\\/10\\\/23\\\/buergerbegehren-gegen-neues-gewerbegebiet-in-northeim-unzulaessig-dialog-soll-dennoch-fortgesetzt-werden\\\/#breadcrumb\"},\"inLanguage\":\"de\",\"potentialAction\":[{\"@type\":\"ReadAction\",\"target\":[\"https:\\\/\\\/radioleinewelle.de\\\/index.php\\\/2025\\\/10\\\/23\\\/buergerbegehren-gegen-neues-gewerbegebiet-in-northeim-unzulaessig-dialog-soll-dennoch-fortgesetzt-werden\\\/\"]}]},{\"@type\":\"ImageObject\",\"inLanguage\":\"de\",\"@id\":\"https:\\\/\\\/radioleinewelle.de\\\/index.php\\\/2025\\\/10\\\/23\\\/buergerbegehren-gegen-neues-gewerbegebiet-in-northeim-unzulaessig-dialog-soll-dennoch-fortgesetzt-werden\\\/#primaryimage\",\"url\":\"https:\\\/\\\/radioleinewelle.de\\\/wp-content\\\/uploads\\\/2025\\\/10\\\/NOM_Treffen_BI_Rathaus_Hartmann_Lachnit_Hartmann_Eilers-Turau_2025-scaled-e1761201162536.jpg\",\"contentUrl\":\"https:\\\/\\\/radioleinewelle.de\\\/wp-content\\\/uploads\\\/2025\\\/10\\\/NOM_Treffen_BI_Rathaus_Hartmann_Lachnit_Hartmann_Eilers-Turau_2025-scaled-e1761201162536.jpg\",\"width\":2560,\"height\":1685},{\"@type\":\"BreadcrumbList\",\"@id\":\"https:\\\/\\\/radioleinewelle.de\\\/index.php\\\/2025\\\/10\\\/23\\\/buergerbegehren-gegen-neues-gewerbegebiet-in-northeim-unzulaessig-dialog-soll-dennoch-fortgesetzt-werden\\\/#breadcrumb\",\"itemListElement\":[{\"@type\":\"ListItem\",\"position\":1,\"name\":\"Startseite\",\"item\":\"https:\\\/\\\/radioleinewelle.de\\\/\"},{\"@type\":\"ListItem\",\"position\":2,\"name\":\"B\u00fcrgerbegehren gegen neues Gewerbegebiet in Northeim unzul\u00e4ssig \u2013 Dialog soll dennoch fortgesetzt werden\"}]},{\"@type\":\"WebSite\",\"@id\":\"https:\\\/\\\/radioleinewelle.de\\\/#website\",\"url\":\"https:\\\/\\\/radioleinewelle.de\\\/\",\"name\":\"Radio Leinewelle\",\"description\":\"\",\"publisher\":{\"@id\":\"https:\\\/\\\/radioleinewelle.de\\\/#organization\"},\"potentialAction\":[{\"@type\":\"SearchAction\",\"target\":{\"@type\":\"EntryPoint\",\"urlTemplate\":\"https:\\\/\\\/radioleinewelle.de\\\/?s={search_term_string}\"},\"query-input\":{\"@type\":\"PropertyValueSpecification\",\"valueRequired\":true,\"valueName\":\"search_term_string\"}}],\"inLanguage\":\"de\"},{\"@type\":\"Organization\",\"@id\":\"https:\\\/\\\/radioleinewelle.de\\\/#organization\",\"name\":\"Radio Leinewelle\",\"alternateName\":\"Mein Radio f\u00fcr S\u00fcdniedersachsen\",\"url\":\"https:\\\/\\\/radioleinewelle.de\\\/\",\"logo\":{\"@type\":\"ImageObject\",\"inLanguage\":\"de\",\"@id\":\"https:\\\/\\\/radioleinewelle.de\\\/#\\\/schema\\\/logo\\\/image\\\/\",\"url\":\"https:\\\/\\\/radioleinewelle.de\\\/wp-content\\\/uploads\\\/2023\\\/11\\\/cropped-Leinewelle_Logo_weiss.png\",\"contentUrl\":\"https:\\\/\\\/radioleinewelle.de\\\/wp-content\\\/uploads\\\/2023\\\/11\\\/cropped-Leinewelle_Logo_weiss.png\",\"width\":854,\"height\":260,\"caption\":\"Radio Leinewelle\"},\"image\":{\"@id\":\"https:\\\/\\\/radioleinewelle.de\\\/#\\\/schema\\\/logo\\\/image\\\/\"},\"sameAs\":[\"https:\\\/\\\/www.facebook.com\\\/radioleinewelle\",\"https:\\\/\\\/x.com\\\/RLeinewelle\",\"https:\\\/\\\/www.instagram.com\\\/radioleinewelle\\\/?hl=de\"]},{\"@type\":\"Person\",\"@id\":\"https:\\\/\\\/radioleinewelle.de\\\/#\\\/schema\\\/person\\\/45606f348637df637192dc1b68399a63\",\"name\":\"Leinewelle\",\"image\":{\"@type\":\"ImageObject\",\"inLanguage\":\"de\",\"@id\":\"https:\\\/\\\/secure.gravatar.com\\\/avatar\\\/05c9a17bc973052ee5d91549bd32fb4dd0dc85b7b85ae94b2e2b4943476bbea5?s=96&d=blank&r=g\",\"url\":\"https:\\\/\\\/secure.gravatar.com\\\/avatar\\\/05c9a17bc973052ee5d91549bd32fb4dd0dc85b7b85ae94b2e2b4943476bbea5?s=96&d=blank&r=g\",\"contentUrl\":\"https:\\\/\\\/secure.gravatar.com\\\/avatar\\\/05c9a17bc973052ee5d91549bd32fb4dd0dc85b7b85ae94b2e2b4943476bbea5?s=96&d=blank&r=g\",\"caption\":\"Leinewelle\"},\"sameAs\":[\"http:\\\/\\\/localhost\\\/radio%20leinewelle\\\/wordpress\",\"https:\\\/\\\/www.facebook.com\\\/radioleinewelle\",\"https:\\\/\\\/www.instagram.com\\\/radioleinewelle\",\"https:\\\/\\\/x.com\\\/https:\\\/\\\/twitter.com\\\/RLeinewelle?ref_src=twsrcgoogletwcampserptwgrauthor\",\"https:\\\/\\\/soundcloud.com\\\/foerderverein-lokalradio?utm_source=clipboard&utm_medium=text&utm_campaign=social_sharing\"],\"url\":\"https:\\\/\\\/radioleinewelle.de\\\/index.php\\\/author\\\/leinewelle\\\/\"}]}<\/script>\n<!-- \/ Yoast SEO plugin. -->","yoast_head_json":{"title":"B\u00fcrgerbegehren gegen neues Gewerbegebiet in Northeim unzul\u00e4ssig \u2013 Dialog soll dennoch fortgesetzt werden - Radio Leinewelle","robots":{"index":"index","follow":"follow","max-snippet":"max-snippet:-1","max-image-preview":"max-image-preview:large","max-video-preview":"max-video-preview:-1"},"canonical":"https:\/\/radioleinewelle.de\/index.php\/2025\/10\/23\/buergerbegehren-gegen-neues-gewerbegebiet-in-northeim-unzulaessig-dialog-soll-dennoch-fortgesetzt-werden\/","og_locale":"de_DE","og_type":"article","og_title":"B\u00fcrgerbegehren gegen neues Gewerbegebiet in Northeim unzul\u00e4ssig \u2013 Dialog soll dennoch fortgesetzt werden - Radio Leinewelle","og_description":"Die Stadt Northeim hat entschieden: Das von der B\u00fcrgerinitiative\u00a0\u201ePro Leinetal \u2013 Natur statt mehr Beton\u201ceingereichte B\u00fcrgerbegehren zur Verhinderung eines neuen Gewerbegebiets im Westen der Stadt ist rechtlich\u00a0nicht zul\u00e4ssig. Das stellte der Verwaltungsausschuss am\u00a029. September 2025\u00a0fest. Grundlage der Entscheidung ist\u00a0\u00a7 32 Absatz 2 des Nieders\u00e4chsischen Kommunalverfassungsgesetzes (NKomVG). Danach k\u00f6nnen B\u00fcrgerbegehren in Niedersachsen keine Bauleitpl\u00e4ne verhindern \u2013 [&hellip;]","og_url":"https:\/\/radioleinewelle.de\/index.php\/2025\/10\/23\/buergerbegehren-gegen-neues-gewerbegebiet-in-northeim-unzulaessig-dialog-soll-dennoch-fortgesetzt-werden\/","og_site_name":"Radio Leinewelle","article_publisher":"https:\/\/www.facebook.com\/radioleinewelle","article_author":"https:\/\/www.facebook.com\/radioleinewelle","article_published_time":"2025-10-23T06:31:27+00:00","article_modified_time":"2025-10-23T06:32:57+00:00","og_image":[{"width":2560,"height":1685,"url":"https:\/\/radioleinewelle.de\/wp-content\/uploads\/2025\/10\/NOM_Treffen_BI_Rathaus_Hartmann_Lachnit_Hartmann_Eilers-Turau_2025-scaled-e1761201162536.jpg","type":"image\/jpeg"}],"author":"Leinewelle","twitter_card":"summary_large_image","twitter_creator":"@https:\/\/twitter.com\/RLeinewelle?ref_src=twsrcgoogletwcampserptwgrauthor","twitter_site":"@RLeinewelle","twitter_misc":{"Verfasst von":"Leinewelle","Gesch\u00e4tzte Lesezeit":"3\u00a0Minuten"},"schema":{"@context":"https:\/\/schema.org","@graph":[{"@type":"Article","@id":"https:\/\/radioleinewelle.de\/index.php\/2025\/10\/23\/buergerbegehren-gegen-neues-gewerbegebiet-in-northeim-unzulaessig-dialog-soll-dennoch-fortgesetzt-werden\/#article","isPartOf":{"@id":"https:\/\/radioleinewelle.de\/index.php\/2025\/10\/23\/buergerbegehren-gegen-neues-gewerbegebiet-in-northeim-unzulaessig-dialog-soll-dennoch-fortgesetzt-werden\/"},"author":{"name":"Leinewelle","@id":"https:\/\/radioleinewelle.de\/#\/schema\/person\/45606f348637df637192dc1b68399a63"},"headline":"B\u00fcrgerbegehren gegen neues Gewerbegebiet in Northeim unzul\u00e4ssig \u2013 Dialog soll dennoch fortgesetzt werden","datePublished":"2025-10-23T06:31:27+00:00","dateModified":"2025-10-23T06:32:57+00:00","mainEntityOfPage":{"@id":"https:\/\/radioleinewelle.de\/index.php\/2025\/10\/23\/buergerbegehren-gegen-neues-gewerbegebiet-in-northeim-unzulaessig-dialog-soll-dennoch-fortgesetzt-werden\/"},"wordCount":447,"commentCount":0,"publisher":{"@id":"https:\/\/radioleinewelle.de\/#organization"},"image":{"@id":"https:\/\/radioleinewelle.de\/index.php\/2025\/10\/23\/buergerbegehren-gegen-neues-gewerbegebiet-in-northeim-unzulaessig-dialog-soll-dennoch-fortgesetzt-werden\/#primaryimage"},"thumbnailUrl":"https:\/\/radioleinewelle.de\/wp-content\/uploads\/2025\/10\/NOM_Treffen_BI_Rathaus_Hartmann_Lachnit_Hartmann_Eilers-Turau_2025-scaled-e1761201162536.jpg","keywords":["B\u00fcrgerbegehren","NOM WMT","Northeim","Pro leinetal","Simon Hartmann"],"articleSection":["Bauen &amp; Verkehr"],"inLanguage":"de","potentialAction":[{"@type":"CommentAction","name":"Comment","target":["https:\/\/radioleinewelle.de\/index.php\/2025\/10\/23\/buergerbegehren-gegen-neues-gewerbegebiet-in-northeim-unzulaessig-dialog-soll-dennoch-fortgesetzt-werden\/#respond"]}]},{"@type":"WebPage","@id":"https:\/\/radioleinewelle.de\/index.php\/2025\/10\/23\/buergerbegehren-gegen-neues-gewerbegebiet-in-northeim-unzulaessig-dialog-soll-dennoch-fortgesetzt-werden\/","url":"https:\/\/radioleinewelle.de\/index.php\/2025\/10\/23\/buergerbegehren-gegen-neues-gewerbegebiet-in-northeim-unzulaessig-dialog-soll-dennoch-fortgesetzt-werden\/","name":"B\u00fcrgerbegehren gegen neues Gewerbegebiet in Northeim unzul\u00e4ssig \u2013 Dialog soll dennoch fortgesetzt werden - Radio Leinewelle","isPartOf":{"@id":"https:\/\/radioleinewelle.de\/#website"},"primaryImageOfPage":{"@id":"https:\/\/radioleinewelle.de\/index.php\/2025\/10\/23\/buergerbegehren-gegen-neues-gewerbegebiet-in-northeim-unzulaessig-dialog-soll-dennoch-fortgesetzt-werden\/#primaryimage"},"image":{"@id":"https:\/\/radioleinewelle.de\/index.php\/2025\/10\/23\/buergerbegehren-gegen-neues-gewerbegebiet-in-northeim-unzulaessig-dialog-soll-dennoch-fortgesetzt-werden\/#primaryimage"},"thumbnailUrl":"https:\/\/radioleinewelle.de\/wp-content\/uploads\/2025\/10\/NOM_Treffen_BI_Rathaus_Hartmann_Lachnit_Hartmann_Eilers-Turau_2025-scaled-e1761201162536.jpg","datePublished":"2025-10-23T06:31:27+00:00","dateModified":"2025-10-23T06:32:57+00:00","breadcrumb":{"@id":"https:\/\/radioleinewelle.de\/index.php\/2025\/10\/23\/buergerbegehren-gegen-neues-gewerbegebiet-in-northeim-unzulaessig-dialog-soll-dennoch-fortgesetzt-werden\/#breadcrumb"},"inLanguage":"de","potentialAction":[{"@type":"ReadAction","target":["https:\/\/radioleinewelle.de\/index.php\/2025\/10\/23\/buergerbegehren-gegen-neues-gewerbegebiet-in-northeim-unzulaessig-dialog-soll-dennoch-fortgesetzt-werden\/"]}]},{"@type":"ImageObject","inLanguage":"de","@id":"https:\/\/radioleinewelle.de\/index.php\/2025\/10\/23\/buergerbegehren-gegen-neues-gewerbegebiet-in-northeim-unzulaessig-dialog-soll-dennoch-fortgesetzt-werden\/#primaryimage","url":"https:\/\/radioleinewelle.de\/wp-content\/uploads\/2025\/10\/NOM_Treffen_BI_Rathaus_Hartmann_Lachnit_Hartmann_Eilers-Turau_2025-scaled-e1761201162536.jpg","contentUrl":"https:\/\/radioleinewelle.de\/wp-content\/uploads\/2025\/10\/NOM_Treffen_BI_Rathaus_Hartmann_Lachnit_Hartmann_Eilers-Turau_2025-scaled-e1761201162536.jpg","width":2560,"height":1685},{"@type":"BreadcrumbList","@id":"https:\/\/radioleinewelle.de\/index.php\/2025\/10\/23\/buergerbegehren-gegen-neues-gewerbegebiet-in-northeim-unzulaessig-dialog-soll-dennoch-fortgesetzt-werden\/#breadcrumb","itemListElement":[{"@type":"ListItem","position":1,"name":"Startseite","item":"https:\/\/radioleinewelle.de\/"},{"@type":"ListItem","position":2,"name":"B\u00fcrgerbegehren gegen neues Gewerbegebiet in Northeim unzul\u00e4ssig \u2013 Dialog soll dennoch fortgesetzt werden"}]},{"@type":"WebSite","@id":"https:\/\/radioleinewelle.de\/#website","url":"https:\/\/radioleinewelle.de\/","name":"Radio Leinewelle","description":"","publisher":{"@id":"https:\/\/radioleinewelle.de\/#organization"},"potentialAction":[{"@type":"SearchAction","target":{"@type":"EntryPoint","urlTemplate":"https:\/\/radioleinewelle.de\/?s={search_term_string}"},"query-input":{"@type":"PropertyValueSpecification","valueRequired":true,"valueName":"search_term_string"}}],"inLanguage":"de"},{"@type":"Organization","@id":"https:\/\/radioleinewelle.de\/#organization","name":"Radio Leinewelle","alternateName":"Mein Radio f\u00fcr S\u00fcdniedersachsen","url":"https:\/\/radioleinewelle.de\/","logo":{"@type":"ImageObject","inLanguage":"de","@id":"https:\/\/radioleinewelle.de\/#\/schema\/logo\/image\/","url":"https:\/\/radioleinewelle.de\/wp-content\/uploads\/2023\/11\/cropped-Leinewelle_Logo_weiss.png","contentUrl":"https:\/\/radioleinewelle.de\/wp-content\/uploads\/2023\/11\/cropped-Leinewelle_Logo_weiss.png","width":854,"height":260,"caption":"Radio Leinewelle"},"image":{"@id":"https:\/\/radioleinewelle.de\/#\/schema\/logo\/image\/"},"sameAs":["https:\/\/www.facebook.com\/radioleinewelle","https:\/\/x.com\/RLeinewelle","https:\/\/www.instagram.com\/radioleinewelle\/?hl=de"]},{"@type":"Person","@id":"https:\/\/radioleinewelle.de\/#\/schema\/person\/45606f348637df637192dc1b68399a63","name":"Leinewelle","image":{"@type":"ImageObject","inLanguage":"de","@id":"https:\/\/secure.gravatar.com\/avatar\/05c9a17bc973052ee5d91549bd32fb4dd0dc85b7b85ae94b2e2b4943476bbea5?s=96&d=blank&r=g","url":"https:\/\/secure.gravatar.com\/avatar\/05c9a17bc973052ee5d91549bd32fb4dd0dc85b7b85ae94b2e2b4943476bbea5?s=96&d=blank&r=g","contentUrl":"https:\/\/secure.gravatar.com\/avatar\/05c9a17bc973052ee5d91549bd32fb4dd0dc85b7b85ae94b2e2b4943476bbea5?s=96&d=blank&r=g","caption":"Leinewelle"},"sameAs":["http:\/\/localhost\/radio%20leinewelle\/wordpress","https:\/\/www.facebook.com\/radioleinewelle","https:\/\/www.instagram.com\/radioleinewelle","https:\/\/x.com\/https:\/\/twitter.com\/RLeinewelle?ref_src=twsrcgoogletwcampserptwgrauthor","https:\/\/soundcloud.com\/foerderverein-lokalradio?utm_source=clipboard&utm_medium=text&utm_campaign=social_sharing"],"url":"https:\/\/radioleinewelle.de\/index.php\/author\/leinewelle\/"}]}},"_links":{"self":[{"href":"https:\/\/radioleinewelle.de\/index.php\/wp-json\/wp\/v2\/posts\/29412","targetHints":{"allow":["GET"]}}],"collection":[{"href":"https:\/\/radioleinewelle.de\/index.php\/wp-json\/wp\/v2\/posts"}],"about":[{"href":"https:\/\/radioleinewelle.de\/index.php\/wp-json\/wp\/v2\/types\/post"}],"author":[{"embeddable":true,"href":"https:\/\/radioleinewelle.de\/index.php\/wp-json\/wp\/v2\/users\/1"}],"replies":[{"embeddable":true,"href":"https:\/\/radioleinewelle.de\/index.php\/wp-json\/wp\/v2\/comments?post=29412"}],"version-history":[{"count":3,"href":"https:\/\/radioleinewelle.de\/index.php\/wp-json\/wp\/v2\/posts\/29412\/revisions"}],"predecessor-version":[{"id":29416,"href":"https:\/\/radioleinewelle.de\/index.php\/wp-json\/wp\/v2\/posts\/29412\/revisions\/29416"}],"wp:featuredmedia":[{"embeddable":true,"href":"https:\/\/radioleinewelle.de\/index.php\/wp-json\/wp\/v2\/media\/29414"}],"wp:attachment":[{"href":"https:\/\/radioleinewelle.de\/index.php\/wp-json\/wp\/v2\/media?parent=29412"}],"wp:term":[{"taxonomy":"category","embeddable":true,"href":"https:\/\/radioleinewelle.de\/index.php\/wp-json\/wp\/v2\/categories?post=29412"},{"taxonomy":"post_tag","embeddable":true,"href":"https:\/\/radioleinewelle.de\/index.php\/wp-json\/wp\/v2\/tags?post=29412"}],"curies":[{"name":"wp","href":"https:\/\/api.w.org\/{rel}","templated":true}]}}