{"id":2942,"date":"2020-11-15T16:09:20","date_gmt":"2020-11-15T15:09:20","guid":{"rendered":"https:\/\/radioleinewelle.de\/?p=2942"},"modified":"2020-11-15T16:09:20","modified_gmt":"2020-11-15T15:09:20","slug":"cdu-vorstand-nominiert-dr-ehsan-kangarani-zum-oberbuergermeister-kandidaten-2021","status":"publish","type":"post","link":"https:\/\/radioleinewelle.de\/index.php\/2020\/11\/15\/cdu-vorstand-nominiert-dr-ehsan-kangarani-zum-oberbuergermeister-kandidaten-2021\/","title":{"rendered":"CDU-Vorstand nominiert Dr. Ehsan Kangarani zum Oberb\u00fcrgermeister-Kandidaten 2021"},"content":{"rendered":"<p>Die G\u00f6ttinger CDU geht mit Dr. Ehsan Kangarani in das Rennen um den Oberb\u00fcrgermeister im kommenden Jahr. Der 38-j\u00e4hrige Hetjersh\u00e4user wurde einstimmig vom CDU-Gesamtvorstand nominiert. \u201eMit Dr. Kangarani haben wir uns f\u00fcr einen jungen, zielstrebigen und kompetenten Kandidaten entschieden, der mit neuer Energie unsere Stadt nach vorne bringen wird\u201c, pr\u00e4sentiert die Stadtverbandsvorsitzende, Carina Hermann, den Vorschlag der Findungskommission.<\/p>\n<p>\u201eAls Richter und Staatsanwalt habe ich bereits dem Staat gedient und stehe\u00a0f\u00fcr Gerechtigkeit, Fairness, Sicherheit und Ordnung in unserer Stadt sowie f\u00fcr einen Neustart im Rathaus, mit Transparenz, Klarheit und Wahrheit\u201c, erkl\u00e4rt Kandidat Kangarani. \u201eWir brauchen eine moderne Stadtverwaltung, in der Engagement f\u00fcr das Gemeinwesen und der Dienst am B\u00fcrger im Mittelpunkt stehen.\u201c \u00a0Kangarani wurde 1981 in Teheran geboren und wuchs in G\u00f6ttingen auf, wo er seit 1985 mit seiner Familie lebt. 2001 absolvierte er am Theodor-Heuss-Gymnasium das Abitur und hat nach seinem Jura-Studium an der Georg-Augustus-Universit\u00e4t 2008 zum Dr. jur. promoviert. 2015 wurde er Richter am Amtsgericht G\u00f6ttingen und hat unter anderem auch als stellvertretender Pressesprecher im Nieders\u00e4chsischen Justizministerium gearbeitet. 2019 wurde er zum Ersten Staatsanwalt bei der Staatsanwaltschaft G\u00f6ttingen ernannt und war im Steuer,- Wirtschafts-, IT- und Umweltstrafrecht besch\u00e4ftigt. Aktuell ist er Referatsteilleiter f\u00fcr elektronischen Rechtsverkehr und Digitalisierung im Nieders\u00e4chsischen Justizministerium. Kangarani ist verheiratet, hat zwei Kinder und ist u.a. im Diakonischen Werk Christophorus ehrenamtlich engagiert.\u00a0\u201eAls Eltern von zwei jungen Kindern sch\u00e4tzen wir unsere familienfreundliche Stadt\u201c, f\u00fchrt Kangarani aus. \u201eF\u00fcr eine bessere Vereinbarkeit von Beruf und Familie gilt es aber die Kinderbetreuung weiter qualitativ auszubauen.\u201c Besonders im Mittelpunkt stehen f\u00fcr Kangarani die Themen Arbeit, Wohnen und Bildung. Den Klimaschutz und die CO2-Reduzierung wird er f\u00fcr G\u00f6ttingen zu einem seiner Schwerpunkte machen. \u00a0\u201eMit Dr. Kangarani macht die CDU allen B\u00fcrgerinnen und B\u00fcrgern ein Angebot f\u00fcr einen wirklichen Neustart im Rathaus\u201c, erl\u00e4utert Fraktionschef Olaf Feuerstein. \u201eMit diesem unverbrauchten Quereinsteiger, der keinen ausgetretenen Strukturen verhaftet ist, wird G\u00f6ttingen gewinnen.\u201c OB-Kandidat Kangarani reiht sich damit in den Neustart der G\u00f6ttinger CDU ein. Formal wird die Aufstellung des OB-Kandidaten auf einer Mitgliederversammlung im Fr\u00fchjahr 2021 erfolgen.<\/p>\n<p>&nbsp;<\/p>\n","protected":false},"excerpt":{"rendered":"<p>Die G\u00f6ttinger CDU geht mit Dr. Ehsan Kangarani in das Rennen um den Oberb\u00fcrgermeister im kommenden Jahr. Der 38-j\u00e4hrige Hetjersh\u00e4user wurde einstimmig vom CDU-Gesamtvorstand nominiert. \u201eMit Dr. Kangarani haben wir uns f\u00fcr einen jungen, zielstrebigen und kompetenten Kandidaten entschieden, der mit neuer Energie unsere Stadt nach vorne bringen wird\u201c, pr\u00e4sentiert die Stadtverbandsvorsitzende, Carina Hermann, den [&hellip;]<\/p>\n","protected":false},"author":1,"featured_media":0,"comment_status":"closed","ping_status":"closed","sticky":false,"template":"","format":"standard","meta":{"saved_in_kubio":false,"footnotes":""},"categories":[39],"tags":[],"class_list":["post-2942","post","type-post","status-publish","format-standard","hentry","category-lokalpolitik"],"yoast_head":"<!-- This site is optimized with the Yoast SEO plugin v27.5 - https:\/\/yoast.com\/product\/yoast-seo-wordpress\/ -->\n<title>CDU-Vorstand nominiert Dr. Ehsan Kangarani zum Oberb\u00fcrgermeister-Kandidaten 2021 - Radio Leinewelle<\/title>\n<meta name=\"robots\" content=\"index, follow, max-snippet:-1, max-image-preview:large, max-video-preview:-1\" \/>\n<link rel=\"canonical\" href=\"https:\/\/radioleinewelle.de\/index.php\/2020\/11\/15\/cdu-vorstand-nominiert-dr-ehsan-kangarani-zum-oberbuergermeister-kandidaten-2021\/\" \/>\n<meta property=\"og:locale\" content=\"de_DE\" \/>\n<meta property=\"og:type\" content=\"article\" \/>\n<meta property=\"og:title\" content=\"CDU-Vorstand nominiert Dr. Ehsan Kangarani zum Oberb\u00fcrgermeister-Kandidaten 2021 - Radio Leinewelle\" \/>\n<meta property=\"og:description\" content=\"Die G\u00f6ttinger CDU geht mit Dr. Ehsan Kangarani in das Rennen um den Oberb\u00fcrgermeister im kommenden Jahr. Der 38-j\u00e4hrige Hetjersh\u00e4user wurde einstimmig vom CDU-Gesamtvorstand nominiert. \u201eMit Dr. Kangarani haben wir uns f\u00fcr einen jungen, zielstrebigen und kompetenten Kandidaten entschieden, der mit neuer Energie unsere Stadt nach vorne bringen wird\u201c, pr\u00e4sentiert die Stadtverbandsvorsitzende, Carina Hermann, den [&hellip;]\" \/>\n<meta property=\"og:url\" content=\"https:\/\/radioleinewelle.de\/index.php\/2020\/11\/15\/cdu-vorstand-nominiert-dr-ehsan-kangarani-zum-oberbuergermeister-kandidaten-2021\/\" \/>\n<meta property=\"og:site_name\" content=\"Radio Leinewelle\" \/>\n<meta property=\"article:publisher\" content=\"https:\/\/www.facebook.com\/radioleinewelle\" \/>\n<meta property=\"article:author\" content=\"https:\/\/www.facebook.com\/radioleinewelle\" \/>\n<meta property=\"article:published_time\" content=\"2020-11-15T15:09:20+00:00\" \/>\n<meta name=\"author\" content=\"Leinewelle\" \/>\n<meta name=\"twitter:card\" content=\"summary_large_image\" \/>\n<meta name=\"twitter:creator\" content=\"@https:\/\/twitter.com\/RLeinewelle?ref_src=twsrcgoogletwcampserptwgrauthor\" \/>\n<meta name=\"twitter:site\" content=\"@RLeinewelle\" \/>\n<meta name=\"twitter:label1\" content=\"Verfasst von\" \/>\n\t<meta name=\"twitter:data1\" content=\"Leinewelle\" \/>\n\t<meta name=\"twitter:label2\" content=\"Gesch\u00e4tzte Lesezeit\" \/>\n\t<meta name=\"twitter:data2\" content=\"2\u00a0Minuten\" \/>\n<script type=\"application\/ld+json\" class=\"yoast-schema-graph\">{\"@context\":\"https:\\\/\\\/schema.org\",\"@graph\":[{\"@type\":\"Article\",\"@id\":\"https:\\\/\\\/radioleinewelle.de\\\/index.php\\\/2020\\\/11\\\/15\\\/cdu-vorstand-nominiert-dr-ehsan-kangarani-zum-oberbuergermeister-kandidaten-2021\\\/#article\",\"isPartOf\":{\"@id\":\"https:\\\/\\\/radioleinewelle.de\\\/index.php\\\/2020\\\/11\\\/15\\\/cdu-vorstand-nominiert-dr-ehsan-kangarani-zum-oberbuergermeister-kandidaten-2021\\\/\"},\"author\":{\"name\":\"Leinewelle\",\"@id\":\"https:\\\/\\\/radioleinewelle.de\\\/#\\\/schema\\\/person\\\/45606f348637df637192dc1b68399a63\"},\"headline\":\"CDU-Vorstand nominiert Dr. Ehsan Kangarani zum Oberb\u00fcrgermeister-Kandidaten 2021\",\"datePublished\":\"2020-11-15T15:09:20+00:00\",\"mainEntityOfPage\":{\"@id\":\"https:\\\/\\\/radioleinewelle.de\\\/index.php\\\/2020\\\/11\\\/15\\\/cdu-vorstand-nominiert-dr-ehsan-kangarani-zum-oberbuergermeister-kandidaten-2021\\\/\"},\"wordCount\":370,\"publisher\":{\"@id\":\"https:\\\/\\\/radioleinewelle.de\\\/#organization\"},\"articleSection\":[\"Lokalpolitik\"],\"inLanguage\":\"de\"},{\"@type\":\"WebPage\",\"@id\":\"https:\\\/\\\/radioleinewelle.de\\\/index.php\\\/2020\\\/11\\\/15\\\/cdu-vorstand-nominiert-dr-ehsan-kangarani-zum-oberbuergermeister-kandidaten-2021\\\/\",\"url\":\"https:\\\/\\\/radioleinewelle.de\\\/index.php\\\/2020\\\/11\\\/15\\\/cdu-vorstand-nominiert-dr-ehsan-kangarani-zum-oberbuergermeister-kandidaten-2021\\\/\",\"name\":\"CDU-Vorstand nominiert Dr. Ehsan Kangarani zum Oberb\u00fcrgermeister-Kandidaten 2021 - Radio Leinewelle\",\"isPartOf\":{\"@id\":\"https:\\\/\\\/radioleinewelle.de\\\/#website\"},\"datePublished\":\"2020-11-15T15:09:20+00:00\",\"breadcrumb\":{\"@id\":\"https:\\\/\\\/radioleinewelle.de\\\/index.php\\\/2020\\\/11\\\/15\\\/cdu-vorstand-nominiert-dr-ehsan-kangarani-zum-oberbuergermeister-kandidaten-2021\\\/#breadcrumb\"},\"inLanguage\":\"de\",\"potentialAction\":[{\"@type\":\"ReadAction\",\"target\":[\"https:\\\/\\\/radioleinewelle.de\\\/index.php\\\/2020\\\/11\\\/15\\\/cdu-vorstand-nominiert-dr-ehsan-kangarani-zum-oberbuergermeister-kandidaten-2021\\\/\"]}]},{\"@type\":\"BreadcrumbList\",\"@id\":\"https:\\\/\\\/radioleinewelle.de\\\/index.php\\\/2020\\\/11\\\/15\\\/cdu-vorstand-nominiert-dr-ehsan-kangarani-zum-oberbuergermeister-kandidaten-2021\\\/#breadcrumb\",\"itemListElement\":[{\"@type\":\"ListItem\",\"position\":1,\"name\":\"Startseite\",\"item\":\"https:\\\/\\\/radioleinewelle.de\\\/\"},{\"@type\":\"ListItem\",\"position\":2,\"name\":\"CDU-Vorstand nominiert Dr. Ehsan Kangarani zum Oberb\u00fcrgermeister-Kandidaten 2021\"}]},{\"@type\":\"WebSite\",\"@id\":\"https:\\\/\\\/radioleinewelle.de\\\/#website\",\"url\":\"https:\\\/\\\/radioleinewelle.de\\\/\",\"name\":\"Radio Leinewelle\",\"description\":\"\",\"publisher\":{\"@id\":\"https:\\\/\\\/radioleinewelle.de\\\/#organization\"},\"potentialAction\":[{\"@type\":\"SearchAction\",\"target\":{\"@type\":\"EntryPoint\",\"urlTemplate\":\"https:\\\/\\\/radioleinewelle.de\\\/?s={search_term_string}\"},\"query-input\":{\"@type\":\"PropertyValueSpecification\",\"valueRequired\":true,\"valueName\":\"search_term_string\"}}],\"inLanguage\":\"de\"},{\"@type\":\"Organization\",\"@id\":\"https:\\\/\\\/radioleinewelle.de\\\/#organization\",\"name\":\"Radio Leinewelle\",\"alternateName\":\"Mein Radio f\u00fcr S\u00fcdniedersachsen\",\"url\":\"https:\\\/\\\/radioleinewelle.de\\\/\",\"logo\":{\"@type\":\"ImageObject\",\"inLanguage\":\"de\",\"@id\":\"https:\\\/\\\/radioleinewelle.de\\\/#\\\/schema\\\/logo\\\/image\\\/\",\"url\":\"https:\\\/\\\/radioleinewelle.de\\\/wp-content\\\/uploads\\\/2023\\\/11\\\/cropped-Leinewelle_Logo_weiss.png\",\"contentUrl\":\"https:\\\/\\\/radioleinewelle.de\\\/wp-content\\\/uploads\\\/2023\\\/11\\\/cropped-Leinewelle_Logo_weiss.png\",\"width\":854,\"height\":260,\"caption\":\"Radio Leinewelle\"},\"image\":{\"@id\":\"https:\\\/\\\/radioleinewelle.de\\\/#\\\/schema\\\/logo\\\/image\\\/\"},\"sameAs\":[\"https:\\\/\\\/www.facebook.com\\\/radioleinewelle\",\"https:\\\/\\\/x.com\\\/RLeinewelle\",\"https:\\\/\\\/www.instagram.com\\\/radioleinewelle\\\/?hl=de\"]},{\"@type\":\"Person\",\"@id\":\"https:\\\/\\\/radioleinewelle.de\\\/#\\\/schema\\\/person\\\/45606f348637df637192dc1b68399a63\",\"name\":\"Leinewelle\",\"image\":{\"@type\":\"ImageObject\",\"inLanguage\":\"de\",\"@id\":\"https:\\\/\\\/secure.gravatar.com\\\/avatar\\\/05c9a17bc973052ee5d91549bd32fb4dd0dc85b7b85ae94b2e2b4943476bbea5?s=96&d=blank&r=g\",\"url\":\"https:\\\/\\\/secure.gravatar.com\\\/avatar\\\/05c9a17bc973052ee5d91549bd32fb4dd0dc85b7b85ae94b2e2b4943476bbea5?s=96&d=blank&r=g\",\"contentUrl\":\"https:\\\/\\\/secure.gravatar.com\\\/avatar\\\/05c9a17bc973052ee5d91549bd32fb4dd0dc85b7b85ae94b2e2b4943476bbea5?s=96&d=blank&r=g\",\"caption\":\"Leinewelle\"},\"sameAs\":[\"http:\\\/\\\/localhost\\\/radio%20leinewelle\\\/wordpress\",\"https:\\\/\\\/www.facebook.com\\\/radioleinewelle\",\"https:\\\/\\\/www.instagram.com\\\/radioleinewelle\",\"https:\\\/\\\/x.com\\\/https:\\\/\\\/twitter.com\\\/RLeinewelle?ref_src=twsrcgoogletwcampserptwgrauthor\",\"https:\\\/\\\/soundcloud.com\\\/foerderverein-lokalradio?utm_source=clipboard&utm_medium=text&utm_campaign=social_sharing\"],\"url\":\"https:\\\/\\\/radioleinewelle.de\\\/index.php\\\/author\\\/leinewelle\\\/\"}]}<\/script>\n<!-- \/ Yoast SEO plugin. -->","yoast_head_json":{"title":"CDU-Vorstand nominiert Dr. Ehsan Kangarani zum Oberb\u00fcrgermeister-Kandidaten 2021 - Radio Leinewelle","robots":{"index":"index","follow":"follow","max-snippet":"max-snippet:-1","max-image-preview":"max-image-preview:large","max-video-preview":"max-video-preview:-1"},"canonical":"https:\/\/radioleinewelle.de\/index.php\/2020\/11\/15\/cdu-vorstand-nominiert-dr-ehsan-kangarani-zum-oberbuergermeister-kandidaten-2021\/","og_locale":"de_DE","og_type":"article","og_title":"CDU-Vorstand nominiert Dr. Ehsan Kangarani zum Oberb\u00fcrgermeister-Kandidaten 2021 - Radio Leinewelle","og_description":"Die G\u00f6ttinger CDU geht mit Dr. Ehsan Kangarani in das Rennen um den Oberb\u00fcrgermeister im kommenden Jahr. Der 38-j\u00e4hrige Hetjersh\u00e4user wurde einstimmig vom CDU-Gesamtvorstand nominiert. \u201eMit Dr. Kangarani haben wir uns f\u00fcr einen jungen, zielstrebigen und kompetenten Kandidaten entschieden, der mit neuer Energie unsere Stadt nach vorne bringen wird\u201c, pr\u00e4sentiert die Stadtverbandsvorsitzende, Carina Hermann, den [&hellip;]","og_url":"https:\/\/radioleinewelle.de\/index.php\/2020\/11\/15\/cdu-vorstand-nominiert-dr-ehsan-kangarani-zum-oberbuergermeister-kandidaten-2021\/","og_site_name":"Radio Leinewelle","article_publisher":"https:\/\/www.facebook.com\/radioleinewelle","article_author":"https:\/\/www.facebook.com\/radioleinewelle","article_published_time":"2020-11-15T15:09:20+00:00","author":"Leinewelle","twitter_card":"summary_large_image","twitter_creator":"@https:\/\/twitter.com\/RLeinewelle?ref_src=twsrcgoogletwcampserptwgrauthor","twitter_site":"@RLeinewelle","twitter_misc":{"Verfasst von":"Leinewelle","Gesch\u00e4tzte Lesezeit":"2\u00a0Minuten"},"schema":{"@context":"https:\/\/schema.org","@graph":[{"@type":"Article","@id":"https:\/\/radioleinewelle.de\/index.php\/2020\/11\/15\/cdu-vorstand-nominiert-dr-ehsan-kangarani-zum-oberbuergermeister-kandidaten-2021\/#article","isPartOf":{"@id":"https:\/\/radioleinewelle.de\/index.php\/2020\/11\/15\/cdu-vorstand-nominiert-dr-ehsan-kangarani-zum-oberbuergermeister-kandidaten-2021\/"},"author":{"name":"Leinewelle","@id":"https:\/\/radioleinewelle.de\/#\/schema\/person\/45606f348637df637192dc1b68399a63"},"headline":"CDU-Vorstand nominiert Dr. Ehsan Kangarani zum Oberb\u00fcrgermeister-Kandidaten 2021","datePublished":"2020-11-15T15:09:20+00:00","mainEntityOfPage":{"@id":"https:\/\/radioleinewelle.de\/index.php\/2020\/11\/15\/cdu-vorstand-nominiert-dr-ehsan-kangarani-zum-oberbuergermeister-kandidaten-2021\/"},"wordCount":370,"publisher":{"@id":"https:\/\/radioleinewelle.de\/#organization"},"articleSection":["Lokalpolitik"],"inLanguage":"de"},{"@type":"WebPage","@id":"https:\/\/radioleinewelle.de\/index.php\/2020\/11\/15\/cdu-vorstand-nominiert-dr-ehsan-kangarani-zum-oberbuergermeister-kandidaten-2021\/","url":"https:\/\/radioleinewelle.de\/index.php\/2020\/11\/15\/cdu-vorstand-nominiert-dr-ehsan-kangarani-zum-oberbuergermeister-kandidaten-2021\/","name":"CDU-Vorstand nominiert Dr. Ehsan Kangarani zum Oberb\u00fcrgermeister-Kandidaten 2021 - Radio Leinewelle","isPartOf":{"@id":"https:\/\/radioleinewelle.de\/#website"},"datePublished":"2020-11-15T15:09:20+00:00","breadcrumb":{"@id":"https:\/\/radioleinewelle.de\/index.php\/2020\/11\/15\/cdu-vorstand-nominiert-dr-ehsan-kangarani-zum-oberbuergermeister-kandidaten-2021\/#breadcrumb"},"inLanguage":"de","potentialAction":[{"@type":"ReadAction","target":["https:\/\/radioleinewelle.de\/index.php\/2020\/11\/15\/cdu-vorstand-nominiert-dr-ehsan-kangarani-zum-oberbuergermeister-kandidaten-2021\/"]}]},{"@type":"BreadcrumbList","@id":"https:\/\/radioleinewelle.de\/index.php\/2020\/11\/15\/cdu-vorstand-nominiert-dr-ehsan-kangarani-zum-oberbuergermeister-kandidaten-2021\/#breadcrumb","itemListElement":[{"@type":"ListItem","position":1,"name":"Startseite","item":"https:\/\/radioleinewelle.de\/"},{"@type":"ListItem","position":2,"name":"CDU-Vorstand nominiert Dr. Ehsan Kangarani zum Oberb\u00fcrgermeister-Kandidaten 2021"}]},{"@type":"WebSite","@id":"https:\/\/radioleinewelle.de\/#website","url":"https:\/\/radioleinewelle.de\/","name":"Radio Leinewelle","description":"","publisher":{"@id":"https:\/\/radioleinewelle.de\/#organization"},"potentialAction":[{"@type":"SearchAction","target":{"@type":"EntryPoint","urlTemplate":"https:\/\/radioleinewelle.de\/?s={search_term_string}"},"query-input":{"@type":"PropertyValueSpecification","valueRequired":true,"valueName":"search_term_string"}}],"inLanguage":"de"},{"@type":"Organization","@id":"https:\/\/radioleinewelle.de\/#organization","name":"Radio Leinewelle","alternateName":"Mein Radio f\u00fcr S\u00fcdniedersachsen","url":"https:\/\/radioleinewelle.de\/","logo":{"@type":"ImageObject","inLanguage":"de","@id":"https:\/\/radioleinewelle.de\/#\/schema\/logo\/image\/","url":"https:\/\/radioleinewelle.de\/wp-content\/uploads\/2023\/11\/cropped-Leinewelle_Logo_weiss.png","contentUrl":"https:\/\/radioleinewelle.de\/wp-content\/uploads\/2023\/11\/cropped-Leinewelle_Logo_weiss.png","width":854,"height":260,"caption":"Radio Leinewelle"},"image":{"@id":"https:\/\/radioleinewelle.de\/#\/schema\/logo\/image\/"},"sameAs":["https:\/\/www.facebook.com\/radioleinewelle","https:\/\/x.com\/RLeinewelle","https:\/\/www.instagram.com\/radioleinewelle\/?hl=de"]},{"@type":"Person","@id":"https:\/\/radioleinewelle.de\/#\/schema\/person\/45606f348637df637192dc1b68399a63","name":"Leinewelle","image":{"@type":"ImageObject","inLanguage":"de","@id":"https:\/\/secure.gravatar.com\/avatar\/05c9a17bc973052ee5d91549bd32fb4dd0dc85b7b85ae94b2e2b4943476bbea5?s=96&d=blank&r=g","url":"https:\/\/secure.gravatar.com\/avatar\/05c9a17bc973052ee5d91549bd32fb4dd0dc85b7b85ae94b2e2b4943476bbea5?s=96&d=blank&r=g","contentUrl":"https:\/\/secure.gravatar.com\/avatar\/05c9a17bc973052ee5d91549bd32fb4dd0dc85b7b85ae94b2e2b4943476bbea5?s=96&d=blank&r=g","caption":"Leinewelle"},"sameAs":["http:\/\/localhost\/radio%20leinewelle\/wordpress","https:\/\/www.facebook.com\/radioleinewelle","https:\/\/www.instagram.com\/radioleinewelle","https:\/\/x.com\/https:\/\/twitter.com\/RLeinewelle?ref_src=twsrcgoogletwcampserptwgrauthor","https:\/\/soundcloud.com\/foerderverein-lokalradio?utm_source=clipboard&utm_medium=text&utm_campaign=social_sharing"],"url":"https:\/\/radioleinewelle.de\/index.php\/author\/leinewelle\/"}]}},"_links":{"self":[{"href":"https:\/\/radioleinewelle.de\/index.php\/wp-json\/wp\/v2\/posts\/2942","targetHints":{"allow":["GET"]}}],"collection":[{"href":"https:\/\/radioleinewelle.de\/index.php\/wp-json\/wp\/v2\/posts"}],"about":[{"href":"https:\/\/radioleinewelle.de\/index.php\/wp-json\/wp\/v2\/types\/post"}],"author":[{"embeddable":true,"href":"https:\/\/radioleinewelle.de\/index.php\/wp-json\/wp\/v2\/users\/1"}],"replies":[{"embeddable":true,"href":"https:\/\/radioleinewelle.de\/index.php\/wp-json\/wp\/v2\/comments?post=2942"}],"version-history":[{"count":0,"href":"https:\/\/radioleinewelle.de\/index.php\/wp-json\/wp\/v2\/posts\/2942\/revisions"}],"wp:attachment":[{"href":"https:\/\/radioleinewelle.de\/index.php\/wp-json\/wp\/v2\/media?parent=2942"}],"wp:term":[{"taxonomy":"category","embeddable":true,"href":"https:\/\/radioleinewelle.de\/index.php\/wp-json\/wp\/v2\/categories?post=2942"},{"taxonomy":"post_tag","embeddable":true,"href":"https:\/\/radioleinewelle.de\/index.php\/wp-json\/wp\/v2\/tags?post=2942"}],"curies":[{"name":"wp","href":"https:\/\/api.w.org\/{rel}","templated":true}]}}