{"id":2946,"date":"2020-11-16T05:19:33","date_gmt":"2020-11-16T04:19:33","guid":{"rendered":"https:\/\/radioleinewelle.de\/?p=2946"},"modified":"2020-11-16T05:19:33","modified_gmt":"2020-11-16T04:19:33","slug":"jahreshauptversammlung-2020-neue-aufgaben-fuer-goettingen-tourismus-und-marketing-e-v","status":"publish","type":"post","link":"https:\/\/radioleinewelle.de\/index.php\/2020\/11\/16\/jahreshauptversammlung-2020-neue-aufgaben-fuer-goettingen-tourismus-und-marketing-e-v\/","title":{"rendered":"Jahreshauptversammlung 2020: Neue Aufgaben f\u00fcr  G\u00f6ttingen Tourismus und Marketing e.V."},"content":{"rendered":"<p>G\u00f6ttingen Tourismus&#8220; hei\u00dft nun &#8222;G\u00f6ttingen Tourismus und Marketing&#8220;. Das war eine der Entscheidungen, die der Verein auf seiner diesj\u00e4hrigen Jahreshauptversammlung getroffen hat. Weitere Themen waren die Auswirkungen der Pandemie auf den Tourismus in G\u00f6ttingen, das Gesch\u00e4ftsjahr 2019 sowie die Neuwahl des Vorstands.<\/p>\n<p><strong>Aus \u201eG\u00f6ttingen Tourismus e.V.\u201c wird \u201eG\u00f6ttingen Tourismus und Marketing e.V.\u201c<\/strong><br \/>\n\u201eG\u00f6ttingen Tourismus e.V.\u201c hat sich in \u201eG\u00f6ttingen Tourismus und Marketing e.V.\u201c umbenannt. Der neue Name tr\u00e4gt der ge\u00e4nderten Aufgabenstellung des Vereins Rechnung. Lag bisher der Fokus der \u00a0Arbeit vor allem auf dem Thema Tourismus, ist der Verein seit diesem Jahr offiziell auch f\u00fcr die Entwicklung und Durchf\u00fchrung von imagef\u00f6rdernden Ma\u00dfnahmen des Innen- und Au\u00dfenmarketings f\u00fcr G\u00f6ttingen verantwortlich. Er arbeitet in Zukunft in diesen Themenfeldern eng mit dem Citymanagement, der Stadtverwaltung und der Region zusammen.<\/p>\n<p><strong>Personelle Erweiterung zum Ausbau des Social Media Marketings<\/strong><br \/>\nIn einem ersten Schritt wurde die Redaktion des G\u00f6ttingen Tourismus und Marketing e.V. 2020 durch zwei personelle Neuzug\u00e4nge erweitert. \u201eSchwerpunkte der neuen Marketing- und Redaktionskonzepte sind der Ausbau des Tourismus- und Stadtmarketings \u00fcber Social-Media-Plattformen, das \u201aMein G\u00f6ttingen Magazin\u2018 sowie die Verst\u00e4rkung der Presse- und Medienarbeit\u201c, sagte Gesch\u00e4ftsf\u00fchrerin Angelika Daamen. <a href=\"http:\/\/www.presseportal.de\/pm\/146008\/4694350\" target=\"_blank\" rel=\"noopener\">Seit September ist G\u00f6ttingen Tourismus und Marketing als \u201eMein G\u00f6ttingen\u201c auf Instagram aktiv <\/a>und hat bereits \u00fcber 3.000 Abonnent*innen. Auch die Inhalte f\u00fcr die gleichnamige Facebook-Seite, die \u00fcber 15.000 Abonnent*innen hat, werden konstant erweitert.<\/p>\n<p><strong>2020: Sommerkampagne und Markenbildung von \u201eMein G\u00f6ttingen\u201c\u00a0<\/strong><br \/>\nNach einem sehr guten Jahresbeginn mussten die Stadtf\u00fchrungen im April aufgrund der Corona-Pandemie eingestellt werden. Auch wenn die Anzahl der F\u00fchrungen bis September kontinuierlich anstieg, bleiben die Zahlen weit hinter denen des Vorjahres zur\u00fcck. Die vor\u00fcbergehende Schlie\u00dfung von Hotels und der Tourist-Information, fehlende Veranstaltungen sowie der allgemeine R\u00fcckgang touristischer Aktivit\u00e4ten f\u00fchrten in der ersten Jahresh\u00e4lfte zu einem erheblichen Einnahmenverlust.<\/p>\n<p>Gleichzeitig nutzte Tourismus und Marketing die Zeit, um Marketing-Aktivit\u00e4ten umzusteuern und den regionalen Tourismus sowie Tagestourist*innen in den Fokus zu nehmen. \u201eWir haben die Marke \u201aMein G\u00f6ttingen\u2018 als Dachmarke f\u00fcr unser Online-Magazin und unseren Social-Media-Auftritt etabliert und eine <a href=\"http:\/\/www.presseportal.de\/pm\/146008\/4675765\" target=\"_blank\" rel=\"noopener\">Sommerkampagne<\/a>\u00a0gestartet\u201c, sagte Angelika Daamen. Im Rahmen der Kampagne wurde G\u00f6ttingen als Kurzurlaubsziel durch eine eigene Website, durch Kooperationen mit den Reiseportalen \u201eEntdecke Deutschland\u201c und \u201eReisereporter\u201c sowie die Kampagne \u201eSupport your neighbour\u201c beworben.<\/p>\n<p><strong>Wiederwahl von Oberb\u00fcrgermeister Rolf-Georg K\u00f6hler zum ersten Vorsitzenden\u00a0<\/strong><br \/>\nSatzungsgem\u00e4\u00df wurde der Vorstand von G\u00f6ttingen Tourismus und Marketing e.V. f\u00fcr die n\u00e4chsten zwei Jahre gew\u00e4hlt. Die Mitgliederversammlung best\u00e4tigte Oberb\u00fcrgermeister Rolf-Georg K\u00f6hler im Amt als erster Vorsitzender. In den gesch\u00e4ftsf\u00fchrenden Vorstand w\u00e4hlten die Mitglieder die erste Kreisr\u00e4tin Christel Wemheuer als stellvertretende Vorsitzende, Frederike Breyer als Schriftf\u00fchrerin und Harald Grahovac als Schatzmeister. Als Beisitzer wurden Olaf Feuerstein, Georg Rosentreter, Nicole Klammer, G\u00fcnter Bl\u00fcmel und Dr. Martin Rudolph in ihren \u00c4mtern best\u00e4tigt.<\/p>\n<p><strong>Gesch\u00e4ftsjahr 2019: Wachstum in den Bereichen \u00dcbernachtungen und Stadtf\u00fchrungen<\/strong><br \/>\nAnders als im Gesch\u00e4ftsjahr 2020 verzeichnete das Jahr 2019 durchweg positive Ergebnisse. Bei den \u00dcbernachtungen konnte ein Allzeithoch (+13,23 Prozent, 603.158\u00dcbernachtungen) verzeichnet werden. Die Zahl der Stadtf\u00fchrungen der Tourist-Information konnte ebenfalls zulegen (+112 Stadtf\u00fchrungen). Der G\u00f6ttingen Tourismus und Marketing e.V. hat das Auslandsmarketing in Zusammenarbeit mit der AG \u201e9 St\u00e4dte\u201c unter anderem durch eine Kooperation mit dem Hannover Airport und einen Messeauftritt auf der Route Europe ausgebaut. Im Vorgriff auf das neue Portfolio des Vereins wurden Ende 2019 <a href=\"http:\/\/www.youtube.com\/channel\/UCAF7Sf71JtorD2rF3s1k7Rg\" target=\"_blank\" rel=\"noopener\">f\u00fcnf Imagefilme<\/a> produziert, in denen K\u00fcnstler*innen als Botschafter*innen f\u00fcr G\u00f6ttingen auftreten.<\/p>\n<p>Bild von <a href=\"https:\/\/pixabay.com\/de\/users\/skitterphoto-324082\/?utm_source=link-attribution&amp;utm_medium=referral&amp;utm_campaign=image&amp;utm_content=1269450\">Rudy and Peter Skitterians<\/a> auf <a href=\"https:\/\/pixabay.com\/de\/?utm_source=link-attribution&amp;utm_medium=referral&amp;utm_campaign=image&amp;utm_content=1269450\">Pixabay<\/a><\/p>\n","protected":false},"excerpt":{"rendered":"<p>G\u00f6ttingen Tourismus&#8220; hei\u00dft nun &#8222;G\u00f6ttingen Tourismus und Marketing&#8220;. Das war eine der Entscheidungen, die der Verein auf seiner diesj\u00e4hrigen Jahreshauptversammlung getroffen hat. Weitere Themen waren die Auswirkungen der Pandemie auf den Tourismus in G\u00f6ttingen, das Gesch\u00e4ftsjahr 2019 sowie die Neuwahl des Vorstands. Aus \u201eG\u00f6ttingen Tourismus e.V.\u201c wird \u201eG\u00f6ttingen Tourismus und Marketing e.V.\u201c \u201eG\u00f6ttingen Tourismus e.V.\u201c [&hellip;]<\/p>\n","protected":false},"author":1,"featured_media":0,"comment_status":"closed","ping_status":"closed","sticky":false,"template":"","format":"standard","meta":{"saved_in_kubio":false,"footnotes":""},"categories":[42],"tags":[],"class_list":["post-2946","post","type-post","status-publish","format-standard","hentry","category-regionaler-tourismus"],"yoast_head":"<!-- This site is optimized with the Yoast SEO plugin v27.5 - https:\/\/yoast.com\/product\/yoast-seo-wordpress\/ -->\n<title>Jahreshauptversammlung 2020: Neue Aufgaben f\u00fcr G\u00f6ttingen Tourismus und Marketing e.V. - Radio Leinewelle<\/title>\n<meta name=\"robots\" content=\"index, follow, max-snippet:-1, max-image-preview:large, max-video-preview:-1\" \/>\n<link rel=\"canonical\" href=\"https:\/\/radioleinewelle.de\/index.php\/2020\/11\/16\/jahreshauptversammlung-2020-neue-aufgaben-fuer-goettingen-tourismus-und-marketing-e-v\/\" \/>\n<meta property=\"og:locale\" content=\"de_DE\" \/>\n<meta property=\"og:type\" content=\"article\" \/>\n<meta property=\"og:title\" content=\"Jahreshauptversammlung 2020: Neue Aufgaben f\u00fcr G\u00f6ttingen Tourismus und Marketing e.V. - Radio Leinewelle\" \/>\n<meta property=\"og:description\" content=\"G\u00f6ttingen Tourismus&#8220; hei\u00dft nun &#8222;G\u00f6ttingen Tourismus und Marketing&#8220;. Das war eine der Entscheidungen, die der Verein auf seiner diesj\u00e4hrigen Jahreshauptversammlung getroffen hat. Weitere Themen waren die Auswirkungen der Pandemie auf den Tourismus in G\u00f6ttingen, das Gesch\u00e4ftsjahr 2019 sowie die Neuwahl des Vorstands. Aus \u201eG\u00f6ttingen Tourismus e.V.\u201c wird \u201eG\u00f6ttingen Tourismus und Marketing e.V.\u201c \u201eG\u00f6ttingen Tourismus e.V.\u201c [&hellip;]\" \/>\n<meta property=\"og:url\" content=\"https:\/\/radioleinewelle.de\/index.php\/2020\/11\/16\/jahreshauptversammlung-2020-neue-aufgaben-fuer-goettingen-tourismus-und-marketing-e-v\/\" \/>\n<meta property=\"og:site_name\" content=\"Radio Leinewelle\" \/>\n<meta property=\"article:publisher\" content=\"https:\/\/www.facebook.com\/radioleinewelle\" \/>\n<meta property=\"article:author\" content=\"https:\/\/www.facebook.com\/radioleinewelle\" \/>\n<meta property=\"article:published_time\" content=\"2020-11-16T04:19:33+00:00\" \/>\n<meta name=\"author\" content=\"Leinewelle\" \/>\n<meta name=\"twitter:card\" content=\"summary_large_image\" \/>\n<meta name=\"twitter:creator\" content=\"@https:\/\/twitter.com\/RLeinewelle?ref_src=twsrcgoogletwcampserptwgrauthor\" \/>\n<meta name=\"twitter:site\" content=\"@RLeinewelle\" \/>\n<meta name=\"twitter:label1\" content=\"Verfasst von\" \/>\n\t<meta name=\"twitter:data1\" content=\"Leinewelle\" \/>\n\t<meta name=\"twitter:label2\" content=\"Gesch\u00e4tzte Lesezeit\" \/>\n\t<meta name=\"twitter:data2\" content=\"3\u00a0Minuten\" \/>\n<script type=\"application\/ld+json\" class=\"yoast-schema-graph\">{\"@context\":\"https:\\\/\\\/schema.org\",\"@graph\":[{\"@type\":\"Article\",\"@id\":\"https:\\\/\\\/radioleinewelle.de\\\/index.php\\\/2020\\\/11\\\/16\\\/jahreshauptversammlung-2020-neue-aufgaben-fuer-goettingen-tourismus-und-marketing-e-v\\\/#article\",\"isPartOf\":{\"@id\":\"https:\\\/\\\/radioleinewelle.de\\\/index.php\\\/2020\\\/11\\\/16\\\/jahreshauptversammlung-2020-neue-aufgaben-fuer-goettingen-tourismus-und-marketing-e-v\\\/\"},\"author\":{\"name\":\"Leinewelle\",\"@id\":\"https:\\\/\\\/radioleinewelle.de\\\/#\\\/schema\\\/person\\\/45606f348637df637192dc1b68399a63\"},\"headline\":\"Jahreshauptversammlung 2020: Neue Aufgaben f\u00fcr G\u00f6ttingen Tourismus und Marketing e.V.\",\"datePublished\":\"2020-11-16T04:19:33+00:00\",\"mainEntityOfPage\":{\"@id\":\"https:\\\/\\\/radioleinewelle.de\\\/index.php\\\/2020\\\/11\\\/16\\\/jahreshauptversammlung-2020-neue-aufgaben-fuer-goettingen-tourismus-und-marketing-e-v\\\/\"},\"wordCount\":620,\"publisher\":{\"@id\":\"https:\\\/\\\/radioleinewelle.de\\\/#organization\"},\"articleSection\":[\"Regionaler Tourismus\"],\"inLanguage\":\"de\"},{\"@type\":\"WebPage\",\"@id\":\"https:\\\/\\\/radioleinewelle.de\\\/index.php\\\/2020\\\/11\\\/16\\\/jahreshauptversammlung-2020-neue-aufgaben-fuer-goettingen-tourismus-und-marketing-e-v\\\/\",\"url\":\"https:\\\/\\\/radioleinewelle.de\\\/index.php\\\/2020\\\/11\\\/16\\\/jahreshauptversammlung-2020-neue-aufgaben-fuer-goettingen-tourismus-und-marketing-e-v\\\/\",\"name\":\"Jahreshauptversammlung 2020: Neue Aufgaben f\u00fcr G\u00f6ttingen Tourismus und Marketing e.V. - Radio Leinewelle\",\"isPartOf\":{\"@id\":\"https:\\\/\\\/radioleinewelle.de\\\/#website\"},\"datePublished\":\"2020-11-16T04:19:33+00:00\",\"breadcrumb\":{\"@id\":\"https:\\\/\\\/radioleinewelle.de\\\/index.php\\\/2020\\\/11\\\/16\\\/jahreshauptversammlung-2020-neue-aufgaben-fuer-goettingen-tourismus-und-marketing-e-v\\\/#breadcrumb\"},\"inLanguage\":\"de\",\"potentialAction\":[{\"@type\":\"ReadAction\",\"target\":[\"https:\\\/\\\/radioleinewelle.de\\\/index.php\\\/2020\\\/11\\\/16\\\/jahreshauptversammlung-2020-neue-aufgaben-fuer-goettingen-tourismus-und-marketing-e-v\\\/\"]}]},{\"@type\":\"BreadcrumbList\",\"@id\":\"https:\\\/\\\/radioleinewelle.de\\\/index.php\\\/2020\\\/11\\\/16\\\/jahreshauptversammlung-2020-neue-aufgaben-fuer-goettingen-tourismus-und-marketing-e-v\\\/#breadcrumb\",\"itemListElement\":[{\"@type\":\"ListItem\",\"position\":1,\"name\":\"Startseite\",\"item\":\"https:\\\/\\\/radioleinewelle.de\\\/\"},{\"@type\":\"ListItem\",\"position\":2,\"name\":\"Jahreshauptversammlung 2020: Neue Aufgaben f\u00fcr G\u00f6ttingen Tourismus und Marketing e.V.\"}]},{\"@type\":\"WebSite\",\"@id\":\"https:\\\/\\\/radioleinewelle.de\\\/#website\",\"url\":\"https:\\\/\\\/radioleinewelle.de\\\/\",\"name\":\"Radio Leinewelle\",\"description\":\"\",\"publisher\":{\"@id\":\"https:\\\/\\\/radioleinewelle.de\\\/#organization\"},\"potentialAction\":[{\"@type\":\"SearchAction\",\"target\":{\"@type\":\"EntryPoint\",\"urlTemplate\":\"https:\\\/\\\/radioleinewelle.de\\\/?s={search_term_string}\"},\"query-input\":{\"@type\":\"PropertyValueSpecification\",\"valueRequired\":true,\"valueName\":\"search_term_string\"}}],\"inLanguage\":\"de\"},{\"@type\":\"Organization\",\"@id\":\"https:\\\/\\\/radioleinewelle.de\\\/#organization\",\"name\":\"Radio Leinewelle\",\"alternateName\":\"Mein Radio f\u00fcr S\u00fcdniedersachsen\",\"url\":\"https:\\\/\\\/radioleinewelle.de\\\/\",\"logo\":{\"@type\":\"ImageObject\",\"inLanguage\":\"de\",\"@id\":\"https:\\\/\\\/radioleinewelle.de\\\/#\\\/schema\\\/logo\\\/image\\\/\",\"url\":\"https:\\\/\\\/radioleinewelle.de\\\/wp-content\\\/uploads\\\/2023\\\/11\\\/cropped-Leinewelle_Logo_weiss.png\",\"contentUrl\":\"https:\\\/\\\/radioleinewelle.de\\\/wp-content\\\/uploads\\\/2023\\\/11\\\/cropped-Leinewelle_Logo_weiss.png\",\"width\":854,\"height\":260,\"caption\":\"Radio Leinewelle\"},\"image\":{\"@id\":\"https:\\\/\\\/radioleinewelle.de\\\/#\\\/schema\\\/logo\\\/image\\\/\"},\"sameAs\":[\"https:\\\/\\\/www.facebook.com\\\/radioleinewelle\",\"https:\\\/\\\/x.com\\\/RLeinewelle\",\"https:\\\/\\\/www.instagram.com\\\/radioleinewelle\\\/?hl=de\"]},{\"@type\":\"Person\",\"@id\":\"https:\\\/\\\/radioleinewelle.de\\\/#\\\/schema\\\/person\\\/45606f348637df637192dc1b68399a63\",\"name\":\"Leinewelle\",\"image\":{\"@type\":\"ImageObject\",\"inLanguage\":\"de\",\"@id\":\"https:\\\/\\\/secure.gravatar.com\\\/avatar\\\/05c9a17bc973052ee5d91549bd32fb4dd0dc85b7b85ae94b2e2b4943476bbea5?s=96&d=blank&r=g\",\"url\":\"https:\\\/\\\/secure.gravatar.com\\\/avatar\\\/05c9a17bc973052ee5d91549bd32fb4dd0dc85b7b85ae94b2e2b4943476bbea5?s=96&d=blank&r=g\",\"contentUrl\":\"https:\\\/\\\/secure.gravatar.com\\\/avatar\\\/05c9a17bc973052ee5d91549bd32fb4dd0dc85b7b85ae94b2e2b4943476bbea5?s=96&d=blank&r=g\",\"caption\":\"Leinewelle\"},\"sameAs\":[\"http:\\\/\\\/localhost\\\/radio%20leinewelle\\\/wordpress\",\"https:\\\/\\\/www.facebook.com\\\/radioleinewelle\",\"https:\\\/\\\/www.instagram.com\\\/radioleinewelle\",\"https:\\\/\\\/x.com\\\/https:\\\/\\\/twitter.com\\\/RLeinewelle?ref_src=twsrcgoogletwcampserptwgrauthor\",\"https:\\\/\\\/soundcloud.com\\\/foerderverein-lokalradio?utm_source=clipboard&utm_medium=text&utm_campaign=social_sharing\"],\"url\":\"https:\\\/\\\/radioleinewelle.de\\\/index.php\\\/author\\\/leinewelle\\\/\"}]}<\/script>\n<!-- \/ Yoast SEO plugin. -->","yoast_head_json":{"title":"Jahreshauptversammlung 2020: Neue Aufgaben f\u00fcr G\u00f6ttingen Tourismus und Marketing e.V. - Radio Leinewelle","robots":{"index":"index","follow":"follow","max-snippet":"max-snippet:-1","max-image-preview":"max-image-preview:large","max-video-preview":"max-video-preview:-1"},"canonical":"https:\/\/radioleinewelle.de\/index.php\/2020\/11\/16\/jahreshauptversammlung-2020-neue-aufgaben-fuer-goettingen-tourismus-und-marketing-e-v\/","og_locale":"de_DE","og_type":"article","og_title":"Jahreshauptversammlung 2020: Neue Aufgaben f\u00fcr G\u00f6ttingen Tourismus und Marketing e.V. - Radio Leinewelle","og_description":"G\u00f6ttingen Tourismus&#8220; hei\u00dft nun &#8222;G\u00f6ttingen Tourismus und Marketing&#8220;. Das war eine der Entscheidungen, die der Verein auf seiner diesj\u00e4hrigen Jahreshauptversammlung getroffen hat. Weitere Themen waren die Auswirkungen der Pandemie auf den Tourismus in G\u00f6ttingen, das Gesch\u00e4ftsjahr 2019 sowie die Neuwahl des Vorstands. Aus \u201eG\u00f6ttingen Tourismus e.V.\u201c wird \u201eG\u00f6ttingen Tourismus und Marketing e.V.\u201c \u201eG\u00f6ttingen Tourismus e.V.\u201c [&hellip;]","og_url":"https:\/\/radioleinewelle.de\/index.php\/2020\/11\/16\/jahreshauptversammlung-2020-neue-aufgaben-fuer-goettingen-tourismus-und-marketing-e-v\/","og_site_name":"Radio Leinewelle","article_publisher":"https:\/\/www.facebook.com\/radioleinewelle","article_author":"https:\/\/www.facebook.com\/radioleinewelle","article_published_time":"2020-11-16T04:19:33+00:00","author":"Leinewelle","twitter_card":"summary_large_image","twitter_creator":"@https:\/\/twitter.com\/RLeinewelle?ref_src=twsrcgoogletwcampserptwgrauthor","twitter_site":"@RLeinewelle","twitter_misc":{"Verfasst von":"Leinewelle","Gesch\u00e4tzte Lesezeit":"3\u00a0Minuten"},"schema":{"@context":"https:\/\/schema.org","@graph":[{"@type":"Article","@id":"https:\/\/radioleinewelle.de\/index.php\/2020\/11\/16\/jahreshauptversammlung-2020-neue-aufgaben-fuer-goettingen-tourismus-und-marketing-e-v\/#article","isPartOf":{"@id":"https:\/\/radioleinewelle.de\/index.php\/2020\/11\/16\/jahreshauptversammlung-2020-neue-aufgaben-fuer-goettingen-tourismus-und-marketing-e-v\/"},"author":{"name":"Leinewelle","@id":"https:\/\/radioleinewelle.de\/#\/schema\/person\/45606f348637df637192dc1b68399a63"},"headline":"Jahreshauptversammlung 2020: Neue Aufgaben f\u00fcr G\u00f6ttingen Tourismus und Marketing e.V.","datePublished":"2020-11-16T04:19:33+00:00","mainEntityOfPage":{"@id":"https:\/\/radioleinewelle.de\/index.php\/2020\/11\/16\/jahreshauptversammlung-2020-neue-aufgaben-fuer-goettingen-tourismus-und-marketing-e-v\/"},"wordCount":620,"publisher":{"@id":"https:\/\/radioleinewelle.de\/#organization"},"articleSection":["Regionaler Tourismus"],"inLanguage":"de"},{"@type":"WebPage","@id":"https:\/\/radioleinewelle.de\/index.php\/2020\/11\/16\/jahreshauptversammlung-2020-neue-aufgaben-fuer-goettingen-tourismus-und-marketing-e-v\/","url":"https:\/\/radioleinewelle.de\/index.php\/2020\/11\/16\/jahreshauptversammlung-2020-neue-aufgaben-fuer-goettingen-tourismus-und-marketing-e-v\/","name":"Jahreshauptversammlung 2020: Neue Aufgaben f\u00fcr G\u00f6ttingen Tourismus und Marketing e.V. - Radio Leinewelle","isPartOf":{"@id":"https:\/\/radioleinewelle.de\/#website"},"datePublished":"2020-11-16T04:19:33+00:00","breadcrumb":{"@id":"https:\/\/radioleinewelle.de\/index.php\/2020\/11\/16\/jahreshauptversammlung-2020-neue-aufgaben-fuer-goettingen-tourismus-und-marketing-e-v\/#breadcrumb"},"inLanguage":"de","potentialAction":[{"@type":"ReadAction","target":["https:\/\/radioleinewelle.de\/index.php\/2020\/11\/16\/jahreshauptversammlung-2020-neue-aufgaben-fuer-goettingen-tourismus-und-marketing-e-v\/"]}]},{"@type":"BreadcrumbList","@id":"https:\/\/radioleinewelle.de\/index.php\/2020\/11\/16\/jahreshauptversammlung-2020-neue-aufgaben-fuer-goettingen-tourismus-und-marketing-e-v\/#breadcrumb","itemListElement":[{"@type":"ListItem","position":1,"name":"Startseite","item":"https:\/\/radioleinewelle.de\/"},{"@type":"ListItem","position":2,"name":"Jahreshauptversammlung 2020: Neue Aufgaben f\u00fcr G\u00f6ttingen Tourismus und Marketing e.V."}]},{"@type":"WebSite","@id":"https:\/\/radioleinewelle.de\/#website","url":"https:\/\/radioleinewelle.de\/","name":"Radio Leinewelle","description":"","publisher":{"@id":"https:\/\/radioleinewelle.de\/#organization"},"potentialAction":[{"@type":"SearchAction","target":{"@type":"EntryPoint","urlTemplate":"https:\/\/radioleinewelle.de\/?s={search_term_string}"},"query-input":{"@type":"PropertyValueSpecification","valueRequired":true,"valueName":"search_term_string"}}],"inLanguage":"de"},{"@type":"Organization","@id":"https:\/\/radioleinewelle.de\/#organization","name":"Radio Leinewelle","alternateName":"Mein Radio f\u00fcr S\u00fcdniedersachsen","url":"https:\/\/radioleinewelle.de\/","logo":{"@type":"ImageObject","inLanguage":"de","@id":"https:\/\/radioleinewelle.de\/#\/schema\/logo\/image\/","url":"https:\/\/radioleinewelle.de\/wp-content\/uploads\/2023\/11\/cropped-Leinewelle_Logo_weiss.png","contentUrl":"https:\/\/radioleinewelle.de\/wp-content\/uploads\/2023\/11\/cropped-Leinewelle_Logo_weiss.png","width":854,"height":260,"caption":"Radio Leinewelle"},"image":{"@id":"https:\/\/radioleinewelle.de\/#\/schema\/logo\/image\/"},"sameAs":["https:\/\/www.facebook.com\/radioleinewelle","https:\/\/x.com\/RLeinewelle","https:\/\/www.instagram.com\/radioleinewelle\/?hl=de"]},{"@type":"Person","@id":"https:\/\/radioleinewelle.de\/#\/schema\/person\/45606f348637df637192dc1b68399a63","name":"Leinewelle","image":{"@type":"ImageObject","inLanguage":"de","@id":"https:\/\/secure.gravatar.com\/avatar\/05c9a17bc973052ee5d91549bd32fb4dd0dc85b7b85ae94b2e2b4943476bbea5?s=96&d=blank&r=g","url":"https:\/\/secure.gravatar.com\/avatar\/05c9a17bc973052ee5d91549bd32fb4dd0dc85b7b85ae94b2e2b4943476bbea5?s=96&d=blank&r=g","contentUrl":"https:\/\/secure.gravatar.com\/avatar\/05c9a17bc973052ee5d91549bd32fb4dd0dc85b7b85ae94b2e2b4943476bbea5?s=96&d=blank&r=g","caption":"Leinewelle"},"sameAs":["http:\/\/localhost\/radio%20leinewelle\/wordpress","https:\/\/www.facebook.com\/radioleinewelle","https:\/\/www.instagram.com\/radioleinewelle","https:\/\/x.com\/https:\/\/twitter.com\/RLeinewelle?ref_src=twsrcgoogletwcampserptwgrauthor","https:\/\/soundcloud.com\/foerderverein-lokalradio?utm_source=clipboard&utm_medium=text&utm_campaign=social_sharing"],"url":"https:\/\/radioleinewelle.de\/index.php\/author\/leinewelle\/"}]}},"_links":{"self":[{"href":"https:\/\/radioleinewelle.de\/index.php\/wp-json\/wp\/v2\/posts\/2946","targetHints":{"allow":["GET"]}}],"collection":[{"href":"https:\/\/radioleinewelle.de\/index.php\/wp-json\/wp\/v2\/posts"}],"about":[{"href":"https:\/\/radioleinewelle.de\/index.php\/wp-json\/wp\/v2\/types\/post"}],"author":[{"embeddable":true,"href":"https:\/\/radioleinewelle.de\/index.php\/wp-json\/wp\/v2\/users\/1"}],"replies":[{"embeddable":true,"href":"https:\/\/radioleinewelle.de\/index.php\/wp-json\/wp\/v2\/comments?post=2946"}],"version-history":[{"count":0,"href":"https:\/\/radioleinewelle.de\/index.php\/wp-json\/wp\/v2\/posts\/2946\/revisions"}],"wp:attachment":[{"href":"https:\/\/radioleinewelle.de\/index.php\/wp-json\/wp\/v2\/media?parent=2946"}],"wp:term":[{"taxonomy":"category","embeddable":true,"href":"https:\/\/radioleinewelle.de\/index.php\/wp-json\/wp\/v2\/categories?post=2946"},{"taxonomy":"post_tag","embeddable":true,"href":"https:\/\/radioleinewelle.de\/index.php\/wp-json\/wp\/v2\/tags?post=2946"}],"curies":[{"name":"wp","href":"https:\/\/api.w.org\/{rel}","templated":true}]}}