{"id":2951,"date":"2020-11-16T05:39:54","date_gmt":"2020-11-16T04:39:54","guid":{"rendered":"https:\/\/radioleinewelle.de\/?p=2951"},"modified":"2020-11-16T05:39:54","modified_gmt":"2020-11-16T04:39:54","slug":"spendenaufruf-fuer-die-opfer-der-brandkatastrophe-in-der-rosenstrasse","status":"publish","type":"post","link":"https:\/\/radioleinewelle.de\/index.php\/2020\/11\/16\/spendenaufruf-fuer-die-opfer-der-brandkatastrophe-in-der-rosenstrasse\/","title":{"rendered":"Spendenaufruf f\u00fcr die Opfer der Brandkatastrophe in der Rosenstra\u00dfe"},"content":{"rendered":"<p>Hann. M\u00fcnden zeigt Solidarit\u00e4t mit den Opfern des verheerenden Brands in der Innenstadt. Die Stadt ruft zu Spenden f\u00fcr die Opfer auf:<br \/>\nIn den vergangenen Tagen haben sich &#8211; u. a. in den Sozialen Medien &#8211; viele Menschen aus Hann. M\u00fcnden und weit \u00fcber die Stadtgrenze hinaus durch eine Vielzahl von Unterst\u00fctzungsangeboten an die Opfer der Brandkatastrophe hilfsbereit gezeigt.\u00a0Der Verein Rock for Tolerance e.V. hat sich bereit erkl\u00e4rt, die zahlreichen Hilfsangebote nach dem gro\u00dfen Brand in der Rosenstra\u00dfe zu koordinieren.\u00a0Robert Maa\u00dfen, der 1. Vorsitzende des Vereins, hat schon durch die Organisation von weiteren Hilfsaktionen Erfahrung sammeln k\u00f6nnen.<\/p>\n<p>Der Verein vermittelt und organisiert Sachspenden und stellt f\u00fcr zweckgebundene Geldspenden das Vereinskonto bereit:<\/p>\n<p>Kontoinhaber: <strong>Rock for Tolerance e.V.<\/strong><br \/>\nBank: <strong>Sparkasse G\u00f6ttingen<\/strong><br \/>\nIBAN: <strong>DE12 2605 0001 0165 1179 20<\/strong><br \/>\nVerwendungszweck: <strong>Brandhilfe 1120, Name und Postadresse<\/strong><\/p>\n<p><em><u><strong>Wichtig:<\/strong><\/u><\/em> Der Verwendungszweck muss eingetragen sein, damit der Verein die Spende zweckgebunden verwenden kann.<br \/>\nF\u00fcr die Verwaltung von Sachspenden hat der Verein &#8222;Rock for Tolerance e.V.&#8220; eine <a class=\"csslink_extern\" title=\"Externer Link\" href=\"https:\/\/www.hann.muenden.de\/redirect.phtml?extlink=1&amp;La=1&amp;url_fid=3043.171.1\" target=\"_blank\" rel=\"noopener\">WhatsApp-Gruppe<\/a> eingerichtet, wenn Sie dem Verein eine Sachspende f\u00fcr die Brandopfer zur Verf\u00fcgung stellen m\u00f6chten, treten Sie bitte der Gruppe bei.<\/p>\n<p>Bitte unterst\u00fctzen auch Sie die Opfer der Brandkatastrophe in der Rosenstra\u00dfe mit einer Spende.<\/p>\n","protected":false},"excerpt":{"rendered":"<p>Hann. M\u00fcnden zeigt Solidarit\u00e4t mit den Opfern des verheerenden Brands in der Innenstadt. Die Stadt ruft zu Spenden f\u00fcr die Opfer auf: In den vergangenen Tagen haben sich &#8211; u. a. in den Sozialen Medien &#8211; viele Menschen aus Hann. M\u00fcnden und weit \u00fcber die Stadtgrenze hinaus durch eine Vielzahl von Unterst\u00fctzungsangeboten an die Opfer [&hellip;]<\/p>\n","protected":false},"author":1,"featured_media":0,"comment_status":"closed","ping_status":"closed","sticky":false,"template":"","format":"standard","meta":{"saved_in_kubio":false,"footnotes":""},"categories":[39],"tags":[],"class_list":["post-2951","post","type-post","status-publish","format-standard","hentry","category-lokalpolitik"],"yoast_head":"<!-- This site is optimized with the Yoast SEO plugin v27.5 - https:\/\/yoast.com\/product\/yoast-seo-wordpress\/ -->\n<title>Spendenaufruf f\u00fcr die Opfer der Brandkatastrophe in der Rosenstra\u00dfe - Radio Leinewelle<\/title>\n<meta name=\"robots\" content=\"index, follow, max-snippet:-1, max-image-preview:large, max-video-preview:-1\" \/>\n<link rel=\"canonical\" href=\"https:\/\/radioleinewelle.de\/index.php\/2020\/11\/16\/spendenaufruf-fuer-die-opfer-der-brandkatastrophe-in-der-rosenstrasse\/\" \/>\n<meta property=\"og:locale\" content=\"de_DE\" \/>\n<meta property=\"og:type\" content=\"article\" \/>\n<meta property=\"og:title\" content=\"Spendenaufruf f\u00fcr die Opfer der Brandkatastrophe in der Rosenstra\u00dfe - Radio Leinewelle\" \/>\n<meta property=\"og:description\" content=\"Hann. M\u00fcnden zeigt Solidarit\u00e4t mit den Opfern des verheerenden Brands in der Innenstadt. Die Stadt ruft zu Spenden f\u00fcr die Opfer auf: In den vergangenen Tagen haben sich &#8211; u. a. in den Sozialen Medien &#8211; viele Menschen aus Hann. M\u00fcnden und weit \u00fcber die Stadtgrenze hinaus durch eine Vielzahl von Unterst\u00fctzungsangeboten an die Opfer [&hellip;]\" \/>\n<meta property=\"og:url\" content=\"https:\/\/radioleinewelle.de\/index.php\/2020\/11\/16\/spendenaufruf-fuer-die-opfer-der-brandkatastrophe-in-der-rosenstrasse\/\" \/>\n<meta property=\"og:site_name\" content=\"Radio Leinewelle\" \/>\n<meta property=\"article:publisher\" content=\"https:\/\/www.facebook.com\/radioleinewelle\" \/>\n<meta property=\"article:author\" content=\"https:\/\/www.facebook.com\/radioleinewelle\" \/>\n<meta property=\"article:published_time\" content=\"2020-11-16T04:39:54+00:00\" \/>\n<meta name=\"author\" content=\"Leinewelle\" \/>\n<meta name=\"twitter:card\" content=\"summary_large_image\" \/>\n<meta name=\"twitter:creator\" content=\"@https:\/\/twitter.com\/RLeinewelle?ref_src=twsrcgoogletwcampserptwgrauthor\" \/>\n<meta name=\"twitter:site\" content=\"@RLeinewelle\" \/>\n<meta name=\"twitter:label1\" content=\"Verfasst von\" \/>\n\t<meta name=\"twitter:data1\" content=\"Leinewelle\" \/>\n\t<meta name=\"twitter:label2\" content=\"Gesch\u00e4tzte Lesezeit\" \/>\n\t<meta name=\"twitter:data2\" content=\"1\u00a0Minute\" \/>\n<script type=\"application\/ld+json\" class=\"yoast-schema-graph\">{\"@context\":\"https:\\\/\\\/schema.org\",\"@graph\":[{\"@type\":\"Article\",\"@id\":\"https:\\\/\\\/radioleinewelle.de\\\/index.php\\\/2020\\\/11\\\/16\\\/spendenaufruf-fuer-die-opfer-der-brandkatastrophe-in-der-rosenstrasse\\\/#article\",\"isPartOf\":{\"@id\":\"https:\\\/\\\/radioleinewelle.de\\\/index.php\\\/2020\\\/11\\\/16\\\/spendenaufruf-fuer-die-opfer-der-brandkatastrophe-in-der-rosenstrasse\\\/\"},\"author\":{\"name\":\"Leinewelle\",\"@id\":\"https:\\\/\\\/radioleinewelle.de\\\/#\\\/schema\\\/person\\\/45606f348637df637192dc1b68399a63\"},\"headline\":\"Spendenaufruf f\u00fcr die Opfer der Brandkatastrophe in der Rosenstra\u00dfe\",\"datePublished\":\"2020-11-16T04:39:54+00:00\",\"mainEntityOfPage\":{\"@id\":\"https:\\\/\\\/radioleinewelle.de\\\/index.php\\\/2020\\\/11\\\/16\\\/spendenaufruf-fuer-die-opfer-der-brandkatastrophe-in-der-rosenstrasse\\\/\"},\"wordCount\":221,\"publisher\":{\"@id\":\"https:\\\/\\\/radioleinewelle.de\\\/#organization\"},\"articleSection\":[\"Lokalpolitik\"],\"inLanguage\":\"de\"},{\"@type\":\"WebPage\",\"@id\":\"https:\\\/\\\/radioleinewelle.de\\\/index.php\\\/2020\\\/11\\\/16\\\/spendenaufruf-fuer-die-opfer-der-brandkatastrophe-in-der-rosenstrasse\\\/\",\"url\":\"https:\\\/\\\/radioleinewelle.de\\\/index.php\\\/2020\\\/11\\\/16\\\/spendenaufruf-fuer-die-opfer-der-brandkatastrophe-in-der-rosenstrasse\\\/\",\"name\":\"Spendenaufruf f\u00fcr die Opfer der Brandkatastrophe in der Rosenstra\u00dfe - Radio Leinewelle\",\"isPartOf\":{\"@id\":\"https:\\\/\\\/radioleinewelle.de\\\/#website\"},\"datePublished\":\"2020-11-16T04:39:54+00:00\",\"breadcrumb\":{\"@id\":\"https:\\\/\\\/radioleinewelle.de\\\/index.php\\\/2020\\\/11\\\/16\\\/spendenaufruf-fuer-die-opfer-der-brandkatastrophe-in-der-rosenstrasse\\\/#breadcrumb\"},\"inLanguage\":\"de\",\"potentialAction\":[{\"@type\":\"ReadAction\",\"target\":[\"https:\\\/\\\/radioleinewelle.de\\\/index.php\\\/2020\\\/11\\\/16\\\/spendenaufruf-fuer-die-opfer-der-brandkatastrophe-in-der-rosenstrasse\\\/\"]}]},{\"@type\":\"BreadcrumbList\",\"@id\":\"https:\\\/\\\/radioleinewelle.de\\\/index.php\\\/2020\\\/11\\\/16\\\/spendenaufruf-fuer-die-opfer-der-brandkatastrophe-in-der-rosenstrasse\\\/#breadcrumb\",\"itemListElement\":[{\"@type\":\"ListItem\",\"position\":1,\"name\":\"Startseite\",\"item\":\"https:\\\/\\\/radioleinewelle.de\\\/\"},{\"@type\":\"ListItem\",\"position\":2,\"name\":\"Spendenaufruf f\u00fcr die Opfer der Brandkatastrophe in der Rosenstra\u00dfe\"}]},{\"@type\":\"WebSite\",\"@id\":\"https:\\\/\\\/radioleinewelle.de\\\/#website\",\"url\":\"https:\\\/\\\/radioleinewelle.de\\\/\",\"name\":\"Radio Leinewelle\",\"description\":\"\",\"publisher\":{\"@id\":\"https:\\\/\\\/radioleinewelle.de\\\/#organization\"},\"potentialAction\":[{\"@type\":\"SearchAction\",\"target\":{\"@type\":\"EntryPoint\",\"urlTemplate\":\"https:\\\/\\\/radioleinewelle.de\\\/?s={search_term_string}\"},\"query-input\":{\"@type\":\"PropertyValueSpecification\",\"valueRequired\":true,\"valueName\":\"search_term_string\"}}],\"inLanguage\":\"de\"},{\"@type\":\"Organization\",\"@id\":\"https:\\\/\\\/radioleinewelle.de\\\/#organization\",\"name\":\"Radio Leinewelle\",\"alternateName\":\"Mein Radio f\u00fcr S\u00fcdniedersachsen\",\"url\":\"https:\\\/\\\/radioleinewelle.de\\\/\",\"logo\":{\"@type\":\"ImageObject\",\"inLanguage\":\"de\",\"@id\":\"https:\\\/\\\/radioleinewelle.de\\\/#\\\/schema\\\/logo\\\/image\\\/\",\"url\":\"https:\\\/\\\/radioleinewelle.de\\\/wp-content\\\/uploads\\\/2023\\\/11\\\/cropped-Leinewelle_Logo_weiss.png\",\"contentUrl\":\"https:\\\/\\\/radioleinewelle.de\\\/wp-content\\\/uploads\\\/2023\\\/11\\\/cropped-Leinewelle_Logo_weiss.png\",\"width\":854,\"height\":260,\"caption\":\"Radio Leinewelle\"},\"image\":{\"@id\":\"https:\\\/\\\/radioleinewelle.de\\\/#\\\/schema\\\/logo\\\/image\\\/\"},\"sameAs\":[\"https:\\\/\\\/www.facebook.com\\\/radioleinewelle\",\"https:\\\/\\\/x.com\\\/RLeinewelle\",\"https:\\\/\\\/www.instagram.com\\\/radioleinewelle\\\/?hl=de\"]},{\"@type\":\"Person\",\"@id\":\"https:\\\/\\\/radioleinewelle.de\\\/#\\\/schema\\\/person\\\/45606f348637df637192dc1b68399a63\",\"name\":\"Leinewelle\",\"image\":{\"@type\":\"ImageObject\",\"inLanguage\":\"de\",\"@id\":\"https:\\\/\\\/secure.gravatar.com\\\/avatar\\\/05c9a17bc973052ee5d91549bd32fb4dd0dc85b7b85ae94b2e2b4943476bbea5?s=96&d=blank&r=g\",\"url\":\"https:\\\/\\\/secure.gravatar.com\\\/avatar\\\/05c9a17bc973052ee5d91549bd32fb4dd0dc85b7b85ae94b2e2b4943476bbea5?s=96&d=blank&r=g\",\"contentUrl\":\"https:\\\/\\\/secure.gravatar.com\\\/avatar\\\/05c9a17bc973052ee5d91549bd32fb4dd0dc85b7b85ae94b2e2b4943476bbea5?s=96&d=blank&r=g\",\"caption\":\"Leinewelle\"},\"sameAs\":[\"http:\\\/\\\/localhost\\\/radio%20leinewelle\\\/wordpress\",\"https:\\\/\\\/www.facebook.com\\\/radioleinewelle\",\"https:\\\/\\\/www.instagram.com\\\/radioleinewelle\",\"https:\\\/\\\/x.com\\\/https:\\\/\\\/twitter.com\\\/RLeinewelle?ref_src=twsrcgoogletwcampserptwgrauthor\",\"https:\\\/\\\/soundcloud.com\\\/foerderverein-lokalradio?utm_source=clipboard&utm_medium=text&utm_campaign=social_sharing\"],\"url\":\"https:\\\/\\\/radioleinewelle.de\\\/index.php\\\/author\\\/leinewelle\\\/\"}]}<\/script>\n<!-- \/ Yoast SEO plugin. -->","yoast_head_json":{"title":"Spendenaufruf f\u00fcr die Opfer der Brandkatastrophe in der Rosenstra\u00dfe - Radio Leinewelle","robots":{"index":"index","follow":"follow","max-snippet":"max-snippet:-1","max-image-preview":"max-image-preview:large","max-video-preview":"max-video-preview:-1"},"canonical":"https:\/\/radioleinewelle.de\/index.php\/2020\/11\/16\/spendenaufruf-fuer-die-opfer-der-brandkatastrophe-in-der-rosenstrasse\/","og_locale":"de_DE","og_type":"article","og_title":"Spendenaufruf f\u00fcr die Opfer der Brandkatastrophe in der Rosenstra\u00dfe - Radio Leinewelle","og_description":"Hann. M\u00fcnden zeigt Solidarit\u00e4t mit den Opfern des verheerenden Brands in der Innenstadt. Die Stadt ruft zu Spenden f\u00fcr die Opfer auf: In den vergangenen Tagen haben sich &#8211; u. a. in den Sozialen Medien &#8211; viele Menschen aus Hann. M\u00fcnden und weit \u00fcber die Stadtgrenze hinaus durch eine Vielzahl von Unterst\u00fctzungsangeboten an die Opfer [&hellip;]","og_url":"https:\/\/radioleinewelle.de\/index.php\/2020\/11\/16\/spendenaufruf-fuer-die-opfer-der-brandkatastrophe-in-der-rosenstrasse\/","og_site_name":"Radio Leinewelle","article_publisher":"https:\/\/www.facebook.com\/radioleinewelle","article_author":"https:\/\/www.facebook.com\/radioleinewelle","article_published_time":"2020-11-16T04:39:54+00:00","author":"Leinewelle","twitter_card":"summary_large_image","twitter_creator":"@https:\/\/twitter.com\/RLeinewelle?ref_src=twsrcgoogletwcampserptwgrauthor","twitter_site":"@RLeinewelle","twitter_misc":{"Verfasst von":"Leinewelle","Gesch\u00e4tzte Lesezeit":"1\u00a0Minute"},"schema":{"@context":"https:\/\/schema.org","@graph":[{"@type":"Article","@id":"https:\/\/radioleinewelle.de\/index.php\/2020\/11\/16\/spendenaufruf-fuer-die-opfer-der-brandkatastrophe-in-der-rosenstrasse\/#article","isPartOf":{"@id":"https:\/\/radioleinewelle.de\/index.php\/2020\/11\/16\/spendenaufruf-fuer-die-opfer-der-brandkatastrophe-in-der-rosenstrasse\/"},"author":{"name":"Leinewelle","@id":"https:\/\/radioleinewelle.de\/#\/schema\/person\/45606f348637df637192dc1b68399a63"},"headline":"Spendenaufruf f\u00fcr die Opfer der Brandkatastrophe in der Rosenstra\u00dfe","datePublished":"2020-11-16T04:39:54+00:00","mainEntityOfPage":{"@id":"https:\/\/radioleinewelle.de\/index.php\/2020\/11\/16\/spendenaufruf-fuer-die-opfer-der-brandkatastrophe-in-der-rosenstrasse\/"},"wordCount":221,"publisher":{"@id":"https:\/\/radioleinewelle.de\/#organization"},"articleSection":["Lokalpolitik"],"inLanguage":"de"},{"@type":"WebPage","@id":"https:\/\/radioleinewelle.de\/index.php\/2020\/11\/16\/spendenaufruf-fuer-die-opfer-der-brandkatastrophe-in-der-rosenstrasse\/","url":"https:\/\/radioleinewelle.de\/index.php\/2020\/11\/16\/spendenaufruf-fuer-die-opfer-der-brandkatastrophe-in-der-rosenstrasse\/","name":"Spendenaufruf f\u00fcr die Opfer der Brandkatastrophe in der Rosenstra\u00dfe - Radio Leinewelle","isPartOf":{"@id":"https:\/\/radioleinewelle.de\/#website"},"datePublished":"2020-11-16T04:39:54+00:00","breadcrumb":{"@id":"https:\/\/radioleinewelle.de\/index.php\/2020\/11\/16\/spendenaufruf-fuer-die-opfer-der-brandkatastrophe-in-der-rosenstrasse\/#breadcrumb"},"inLanguage":"de","potentialAction":[{"@type":"ReadAction","target":["https:\/\/radioleinewelle.de\/index.php\/2020\/11\/16\/spendenaufruf-fuer-die-opfer-der-brandkatastrophe-in-der-rosenstrasse\/"]}]},{"@type":"BreadcrumbList","@id":"https:\/\/radioleinewelle.de\/index.php\/2020\/11\/16\/spendenaufruf-fuer-die-opfer-der-brandkatastrophe-in-der-rosenstrasse\/#breadcrumb","itemListElement":[{"@type":"ListItem","position":1,"name":"Startseite","item":"https:\/\/radioleinewelle.de\/"},{"@type":"ListItem","position":2,"name":"Spendenaufruf f\u00fcr die Opfer der Brandkatastrophe in der Rosenstra\u00dfe"}]},{"@type":"WebSite","@id":"https:\/\/radioleinewelle.de\/#website","url":"https:\/\/radioleinewelle.de\/","name":"Radio Leinewelle","description":"","publisher":{"@id":"https:\/\/radioleinewelle.de\/#organization"},"potentialAction":[{"@type":"SearchAction","target":{"@type":"EntryPoint","urlTemplate":"https:\/\/radioleinewelle.de\/?s={search_term_string}"},"query-input":{"@type":"PropertyValueSpecification","valueRequired":true,"valueName":"search_term_string"}}],"inLanguage":"de"},{"@type":"Organization","@id":"https:\/\/radioleinewelle.de\/#organization","name":"Radio Leinewelle","alternateName":"Mein Radio f\u00fcr S\u00fcdniedersachsen","url":"https:\/\/radioleinewelle.de\/","logo":{"@type":"ImageObject","inLanguage":"de","@id":"https:\/\/radioleinewelle.de\/#\/schema\/logo\/image\/","url":"https:\/\/radioleinewelle.de\/wp-content\/uploads\/2023\/11\/cropped-Leinewelle_Logo_weiss.png","contentUrl":"https:\/\/radioleinewelle.de\/wp-content\/uploads\/2023\/11\/cropped-Leinewelle_Logo_weiss.png","width":854,"height":260,"caption":"Radio Leinewelle"},"image":{"@id":"https:\/\/radioleinewelle.de\/#\/schema\/logo\/image\/"},"sameAs":["https:\/\/www.facebook.com\/radioleinewelle","https:\/\/x.com\/RLeinewelle","https:\/\/www.instagram.com\/radioleinewelle\/?hl=de"]},{"@type":"Person","@id":"https:\/\/radioleinewelle.de\/#\/schema\/person\/45606f348637df637192dc1b68399a63","name":"Leinewelle","image":{"@type":"ImageObject","inLanguage":"de","@id":"https:\/\/secure.gravatar.com\/avatar\/05c9a17bc973052ee5d91549bd32fb4dd0dc85b7b85ae94b2e2b4943476bbea5?s=96&d=blank&r=g","url":"https:\/\/secure.gravatar.com\/avatar\/05c9a17bc973052ee5d91549bd32fb4dd0dc85b7b85ae94b2e2b4943476bbea5?s=96&d=blank&r=g","contentUrl":"https:\/\/secure.gravatar.com\/avatar\/05c9a17bc973052ee5d91549bd32fb4dd0dc85b7b85ae94b2e2b4943476bbea5?s=96&d=blank&r=g","caption":"Leinewelle"},"sameAs":["http:\/\/localhost\/radio%20leinewelle\/wordpress","https:\/\/www.facebook.com\/radioleinewelle","https:\/\/www.instagram.com\/radioleinewelle","https:\/\/x.com\/https:\/\/twitter.com\/RLeinewelle?ref_src=twsrcgoogletwcampserptwgrauthor","https:\/\/soundcloud.com\/foerderverein-lokalradio?utm_source=clipboard&utm_medium=text&utm_campaign=social_sharing"],"url":"https:\/\/radioleinewelle.de\/index.php\/author\/leinewelle\/"}]}},"_links":{"self":[{"href":"https:\/\/radioleinewelle.de\/index.php\/wp-json\/wp\/v2\/posts\/2951","targetHints":{"allow":["GET"]}}],"collection":[{"href":"https:\/\/radioleinewelle.de\/index.php\/wp-json\/wp\/v2\/posts"}],"about":[{"href":"https:\/\/radioleinewelle.de\/index.php\/wp-json\/wp\/v2\/types\/post"}],"author":[{"embeddable":true,"href":"https:\/\/radioleinewelle.de\/index.php\/wp-json\/wp\/v2\/users\/1"}],"replies":[{"embeddable":true,"href":"https:\/\/radioleinewelle.de\/index.php\/wp-json\/wp\/v2\/comments?post=2951"}],"version-history":[{"count":0,"href":"https:\/\/radioleinewelle.de\/index.php\/wp-json\/wp\/v2\/posts\/2951\/revisions"}],"wp:attachment":[{"href":"https:\/\/radioleinewelle.de\/index.php\/wp-json\/wp\/v2\/media?parent=2951"}],"wp:term":[{"taxonomy":"category","embeddable":true,"href":"https:\/\/radioleinewelle.de\/index.php\/wp-json\/wp\/v2\/categories?post=2951"},{"taxonomy":"post_tag","embeddable":true,"href":"https:\/\/radioleinewelle.de\/index.php\/wp-json\/wp\/v2\/tags?post=2951"}],"curies":[{"name":"wp","href":"https:\/\/api.w.org\/{rel}","templated":true}]}}