{"id":2953,"date":"2020-11-16T05:00:56","date_gmt":"2020-11-16T04:00:56","guid":{"rendered":"https:\/\/radioleinewelle.de\/?p=2953"},"modified":"2020-11-16T05:00:56","modified_gmt":"2020-11-16T04:00:56","slug":"die-linke-auftaktveranstaltung-zur-kommunalwahl","status":"publish","type":"post","link":"https:\/\/radioleinewelle.de\/index.php\/2020\/11\/16\/die-linke-auftaktveranstaltung-zur-kommunalwahl\/","title":{"rendered":"DIE LINKE: Auftaktveranstaltung zur Kommunalwahl"},"content":{"rendered":"<p>Mit einer Auftaktveranstaltung zur Kommunalwahl haben die W\u00e4hler*innengemeinschaft G\u00f6ttinger Linke und die Partei DIE LINKE ihre Programmdiskussion f\u00fcr die Stadt und den Landkreis G\u00f6ttingen zur Kommunalwahl im September 2021 begonnen. Dabei wurden insgesamt neun Arbeitsgruppen vorgestellt, die alle wesentlichen Politikfelder abdecken. Im Fr\u00fchjahr 2021 sollen dann die Ergebnisse beschlossen werden.<\/p>\n<p>Als Versammlungsleiter zog der Fraktionsvorsitzende der LINKEN im G\u00f6ttinger Kreistag Dr. Eckhard Fascher (s. Foto), der auch Mitglied des Sprecher*innenkreises der W\u00e4hler*innnengemeinschaft ist, eine positive Bilanz: \u201eEin Schwerpunkt wird unser Kampf f\u00fcr <strong>ausreichenden preisg\u00fcnstigen Wohnraum<\/strong> sein, wozu eine eigene Arbeitsgruppe gebildet wurde. Weitere Schwerpunkte sind die <strong>Verbesserung der Lebensbedingungen f\u00fcr Hartz-IV- und Grundsicherungs-Beziehende<\/strong>.\u00a0Im Bereich <strong>\u00d6kologie<\/strong> sollen Ma\u00dfnahmen zur Durchsetzung des Klimaschutzes mit dem Festhalten am Ausstieg aus der Atomenergie und dem Ausbau des \u00d6PNV verkn\u00fcpft werden.Auch im Bereich <strong>Friedenspolitik<\/strong> sehen wir deutliche kommunale Bez\u00fcge, so m\u00f6chten wir keine Beteiligung der Bundeswehr am j\u00e4hrlichen G\u00f6ttinger Berufsinformationstag G\u00f6BiT und ein Verschwinden von Werbung f\u00fcr die Bundeswehr aus dem G\u00f6ttinger Stadtbild.\u201c\u00a0Zur Kommunalwahl am 12. September 2021 wird, wie bei den vergangenen Wahlen, die W\u00e4hler*innengemeinschaft zur Stadtratswahl in G\u00f6ttingen und den G\u00f6ttinger Ortsr\u00e4ten antreten. F\u00fcr den Kreistag und f\u00fcr die kommunalen Vertretungen au\u00dferhalb der Stadt kandidiert die Partei DIE LINKE. Das B\u00fcndnis G\u00f6ttinger Linke besteht bereits seit 1990, damals unter dem Namen Linke Liste G\u00f6ttingen.<\/p>\n<p>Foto: Die Linke G\u00f6ttingen<\/p>\n","protected":false},"excerpt":{"rendered":"<p>Mit einer Auftaktveranstaltung zur Kommunalwahl haben die W\u00e4hler*innengemeinschaft G\u00f6ttinger Linke und die Partei DIE LINKE ihre Programmdiskussion f\u00fcr die Stadt und den Landkreis G\u00f6ttingen zur Kommunalwahl im September 2021 begonnen. Dabei wurden insgesamt neun Arbeitsgruppen vorgestellt, die alle wesentlichen Politikfelder abdecken. Im Fr\u00fchjahr 2021 sollen dann die Ergebnisse beschlossen werden. Als Versammlungsleiter zog der Fraktionsvorsitzende [&hellip;]<\/p>\n","protected":false},"author":1,"featured_media":2956,"comment_status":"closed","ping_status":"closed","sticky":false,"template":"","format":"standard","meta":{"saved_in_kubio":false,"footnotes":""},"categories":[1],"tags":[],"class_list":["post-2953","post","type-post","status-publish","format-standard","has-post-thumbnail","hentry","category-allgemein"],"yoast_head":"<!-- This site is optimized with the Yoast SEO plugin v27.5 - https:\/\/yoast.com\/product\/yoast-seo-wordpress\/ -->\n<title>DIE LINKE: Auftaktveranstaltung zur Kommunalwahl - Radio Leinewelle<\/title>\n<meta name=\"robots\" content=\"index, follow, max-snippet:-1, max-image-preview:large, max-video-preview:-1\" \/>\n<link rel=\"canonical\" href=\"https:\/\/radioleinewelle.de\/index.php\/2020\/11\/16\/die-linke-auftaktveranstaltung-zur-kommunalwahl\/\" \/>\n<meta property=\"og:locale\" content=\"de_DE\" \/>\n<meta property=\"og:type\" content=\"article\" \/>\n<meta property=\"og:title\" content=\"DIE LINKE: Auftaktveranstaltung zur Kommunalwahl - Radio Leinewelle\" \/>\n<meta property=\"og:description\" content=\"Mit einer Auftaktveranstaltung zur Kommunalwahl haben die W\u00e4hler*innengemeinschaft G\u00f6ttinger Linke und die Partei DIE LINKE ihre Programmdiskussion f\u00fcr die Stadt und den Landkreis G\u00f6ttingen zur Kommunalwahl im September 2021 begonnen. Dabei wurden insgesamt neun Arbeitsgruppen vorgestellt, die alle wesentlichen Politikfelder abdecken. Im Fr\u00fchjahr 2021 sollen dann die Ergebnisse beschlossen werden. Als Versammlungsleiter zog der Fraktionsvorsitzende [&hellip;]\" \/>\n<meta property=\"og:url\" content=\"https:\/\/radioleinewelle.de\/index.php\/2020\/11\/16\/die-linke-auftaktveranstaltung-zur-kommunalwahl\/\" \/>\n<meta property=\"og:site_name\" content=\"Radio Leinewelle\" \/>\n<meta property=\"article:publisher\" content=\"https:\/\/www.facebook.com\/radioleinewelle\" \/>\n<meta property=\"article:author\" content=\"https:\/\/www.facebook.com\/radioleinewelle\" \/>\n<meta property=\"article:published_time\" content=\"2020-11-16T04:00:56+00:00\" \/>\n<meta property=\"og:image\" content=\"https:\/\/radioleinewelle.de\/wp-content\/uploads\/2020\/11\/Fascher_005d-e1605479103125.jpg\" \/>\n\t<meta property=\"og:image:width\" content=\"426\" \/>\n\t<meta property=\"og:image:height\" content=\"356\" \/>\n\t<meta property=\"og:image:type\" content=\"image\/jpeg\" \/>\n<meta name=\"author\" content=\"Leinewelle\" \/>\n<meta name=\"twitter:card\" content=\"summary_large_image\" \/>\n<meta name=\"twitter:creator\" content=\"@https:\/\/twitter.com\/RLeinewelle?ref_src=twsrcgoogletwcampserptwgrauthor\" \/>\n<meta name=\"twitter:site\" content=\"@RLeinewelle\" \/>\n<meta name=\"twitter:label1\" content=\"Verfasst von\" \/>\n\t<meta name=\"twitter:data1\" content=\"Leinewelle\" \/>\n\t<meta name=\"twitter:label2\" content=\"Gesch\u00e4tzte Lesezeit\" \/>\n\t<meta name=\"twitter:data2\" content=\"1\u00a0Minute\" \/>\n<script type=\"application\/ld+json\" class=\"yoast-schema-graph\">{\"@context\":\"https:\\\/\\\/schema.org\",\"@graph\":[{\"@type\":\"Article\",\"@id\":\"https:\\\/\\\/radioleinewelle.de\\\/index.php\\\/2020\\\/11\\\/16\\\/die-linke-auftaktveranstaltung-zur-kommunalwahl\\\/#article\",\"isPartOf\":{\"@id\":\"https:\\\/\\\/radioleinewelle.de\\\/index.php\\\/2020\\\/11\\\/16\\\/die-linke-auftaktveranstaltung-zur-kommunalwahl\\\/\"},\"author\":{\"name\":\"Leinewelle\",\"@id\":\"https:\\\/\\\/radioleinewelle.de\\\/#\\\/schema\\\/person\\\/45606f348637df637192dc1b68399a63\"},\"headline\":\"DIE LINKE: Auftaktveranstaltung zur Kommunalwahl\",\"datePublished\":\"2020-11-16T04:00:56+00:00\",\"mainEntityOfPage\":{\"@id\":\"https:\\\/\\\/radioleinewelle.de\\\/index.php\\\/2020\\\/11\\\/16\\\/die-linke-auftaktveranstaltung-zur-kommunalwahl\\\/\"},\"wordCount\":252,\"publisher\":{\"@id\":\"https:\\\/\\\/radioleinewelle.de\\\/#organization\"},\"image\":{\"@id\":\"https:\\\/\\\/radioleinewelle.de\\\/index.php\\\/2020\\\/11\\\/16\\\/die-linke-auftaktveranstaltung-zur-kommunalwahl\\\/#primaryimage\"},\"thumbnailUrl\":\"https:\\\/\\\/radioleinewelle.de\\\/wp-content\\\/uploads\\\/2020\\\/11\\\/Fascher_005d-e1605479103125.jpg\",\"inLanguage\":\"de\"},{\"@type\":\"WebPage\",\"@id\":\"https:\\\/\\\/radioleinewelle.de\\\/index.php\\\/2020\\\/11\\\/16\\\/die-linke-auftaktveranstaltung-zur-kommunalwahl\\\/\",\"url\":\"https:\\\/\\\/radioleinewelle.de\\\/index.php\\\/2020\\\/11\\\/16\\\/die-linke-auftaktveranstaltung-zur-kommunalwahl\\\/\",\"name\":\"DIE LINKE: Auftaktveranstaltung zur Kommunalwahl - Radio Leinewelle\",\"isPartOf\":{\"@id\":\"https:\\\/\\\/radioleinewelle.de\\\/#website\"},\"primaryImageOfPage\":{\"@id\":\"https:\\\/\\\/radioleinewelle.de\\\/index.php\\\/2020\\\/11\\\/16\\\/die-linke-auftaktveranstaltung-zur-kommunalwahl\\\/#primaryimage\"},\"image\":{\"@id\":\"https:\\\/\\\/radioleinewelle.de\\\/index.php\\\/2020\\\/11\\\/16\\\/die-linke-auftaktveranstaltung-zur-kommunalwahl\\\/#primaryimage\"},\"thumbnailUrl\":\"https:\\\/\\\/radioleinewelle.de\\\/wp-content\\\/uploads\\\/2020\\\/11\\\/Fascher_005d-e1605479103125.jpg\",\"datePublished\":\"2020-11-16T04:00:56+00:00\",\"breadcrumb\":{\"@id\":\"https:\\\/\\\/radioleinewelle.de\\\/index.php\\\/2020\\\/11\\\/16\\\/die-linke-auftaktveranstaltung-zur-kommunalwahl\\\/#breadcrumb\"},\"inLanguage\":\"de\",\"potentialAction\":[{\"@type\":\"ReadAction\",\"target\":[\"https:\\\/\\\/radioleinewelle.de\\\/index.php\\\/2020\\\/11\\\/16\\\/die-linke-auftaktveranstaltung-zur-kommunalwahl\\\/\"]}]},{\"@type\":\"ImageObject\",\"inLanguage\":\"de\",\"@id\":\"https:\\\/\\\/radioleinewelle.de\\\/index.php\\\/2020\\\/11\\\/16\\\/die-linke-auftaktveranstaltung-zur-kommunalwahl\\\/#primaryimage\",\"url\":\"https:\\\/\\\/radioleinewelle.de\\\/wp-content\\\/uploads\\\/2020\\\/11\\\/Fascher_005d-e1605479103125.jpg\",\"contentUrl\":\"https:\\\/\\\/radioleinewelle.de\\\/wp-content\\\/uploads\\\/2020\\\/11\\\/Fascher_005d-e1605479103125.jpg\",\"width\":426,\"height\":356},{\"@type\":\"BreadcrumbList\",\"@id\":\"https:\\\/\\\/radioleinewelle.de\\\/index.php\\\/2020\\\/11\\\/16\\\/die-linke-auftaktveranstaltung-zur-kommunalwahl\\\/#breadcrumb\",\"itemListElement\":[{\"@type\":\"ListItem\",\"position\":1,\"name\":\"Startseite\",\"item\":\"https:\\\/\\\/radioleinewelle.de\\\/\"},{\"@type\":\"ListItem\",\"position\":2,\"name\":\"DIE LINKE: Auftaktveranstaltung zur Kommunalwahl\"}]},{\"@type\":\"WebSite\",\"@id\":\"https:\\\/\\\/radioleinewelle.de\\\/#website\",\"url\":\"https:\\\/\\\/radioleinewelle.de\\\/\",\"name\":\"Radio Leinewelle\",\"description\":\"\",\"publisher\":{\"@id\":\"https:\\\/\\\/radioleinewelle.de\\\/#organization\"},\"potentialAction\":[{\"@type\":\"SearchAction\",\"target\":{\"@type\":\"EntryPoint\",\"urlTemplate\":\"https:\\\/\\\/radioleinewelle.de\\\/?s={search_term_string}\"},\"query-input\":{\"@type\":\"PropertyValueSpecification\",\"valueRequired\":true,\"valueName\":\"search_term_string\"}}],\"inLanguage\":\"de\"},{\"@type\":\"Organization\",\"@id\":\"https:\\\/\\\/radioleinewelle.de\\\/#organization\",\"name\":\"Radio Leinewelle\",\"alternateName\":\"Mein Radio f\u00fcr S\u00fcdniedersachsen\",\"url\":\"https:\\\/\\\/radioleinewelle.de\\\/\",\"logo\":{\"@type\":\"ImageObject\",\"inLanguage\":\"de\",\"@id\":\"https:\\\/\\\/radioleinewelle.de\\\/#\\\/schema\\\/logo\\\/image\\\/\",\"url\":\"https:\\\/\\\/radioleinewelle.de\\\/wp-content\\\/uploads\\\/2023\\\/11\\\/cropped-Leinewelle_Logo_weiss.png\",\"contentUrl\":\"https:\\\/\\\/radioleinewelle.de\\\/wp-content\\\/uploads\\\/2023\\\/11\\\/cropped-Leinewelle_Logo_weiss.png\",\"width\":854,\"height\":260,\"caption\":\"Radio Leinewelle\"},\"image\":{\"@id\":\"https:\\\/\\\/radioleinewelle.de\\\/#\\\/schema\\\/logo\\\/image\\\/\"},\"sameAs\":[\"https:\\\/\\\/www.facebook.com\\\/radioleinewelle\",\"https:\\\/\\\/x.com\\\/RLeinewelle\",\"https:\\\/\\\/www.instagram.com\\\/radioleinewelle\\\/?hl=de\"]},{\"@type\":\"Person\",\"@id\":\"https:\\\/\\\/radioleinewelle.de\\\/#\\\/schema\\\/person\\\/45606f348637df637192dc1b68399a63\",\"name\":\"Leinewelle\",\"image\":{\"@type\":\"ImageObject\",\"inLanguage\":\"de\",\"@id\":\"https:\\\/\\\/secure.gravatar.com\\\/avatar\\\/05c9a17bc973052ee5d91549bd32fb4dd0dc85b7b85ae94b2e2b4943476bbea5?s=96&d=blank&r=g\",\"url\":\"https:\\\/\\\/secure.gravatar.com\\\/avatar\\\/05c9a17bc973052ee5d91549bd32fb4dd0dc85b7b85ae94b2e2b4943476bbea5?s=96&d=blank&r=g\",\"contentUrl\":\"https:\\\/\\\/secure.gravatar.com\\\/avatar\\\/05c9a17bc973052ee5d91549bd32fb4dd0dc85b7b85ae94b2e2b4943476bbea5?s=96&d=blank&r=g\",\"caption\":\"Leinewelle\"},\"sameAs\":[\"http:\\\/\\\/localhost\\\/radio%20leinewelle\\\/wordpress\",\"https:\\\/\\\/www.facebook.com\\\/radioleinewelle\",\"https:\\\/\\\/www.instagram.com\\\/radioleinewelle\",\"https:\\\/\\\/x.com\\\/https:\\\/\\\/twitter.com\\\/RLeinewelle?ref_src=twsrcgoogletwcampserptwgrauthor\",\"https:\\\/\\\/soundcloud.com\\\/foerderverein-lokalradio?utm_source=clipboard&utm_medium=text&utm_campaign=social_sharing\"],\"url\":\"https:\\\/\\\/radioleinewelle.de\\\/index.php\\\/author\\\/leinewelle\\\/\"}]}<\/script>\n<!-- \/ Yoast SEO plugin. -->","yoast_head_json":{"title":"DIE LINKE: Auftaktveranstaltung zur Kommunalwahl - Radio Leinewelle","robots":{"index":"index","follow":"follow","max-snippet":"max-snippet:-1","max-image-preview":"max-image-preview:large","max-video-preview":"max-video-preview:-1"},"canonical":"https:\/\/radioleinewelle.de\/index.php\/2020\/11\/16\/die-linke-auftaktveranstaltung-zur-kommunalwahl\/","og_locale":"de_DE","og_type":"article","og_title":"DIE LINKE: Auftaktveranstaltung zur Kommunalwahl - Radio Leinewelle","og_description":"Mit einer Auftaktveranstaltung zur Kommunalwahl haben die W\u00e4hler*innengemeinschaft G\u00f6ttinger Linke und die Partei DIE LINKE ihre Programmdiskussion f\u00fcr die Stadt und den Landkreis G\u00f6ttingen zur Kommunalwahl im September 2021 begonnen. Dabei wurden insgesamt neun Arbeitsgruppen vorgestellt, die alle wesentlichen Politikfelder abdecken. Im Fr\u00fchjahr 2021 sollen dann die Ergebnisse beschlossen werden. Als Versammlungsleiter zog der Fraktionsvorsitzende [&hellip;]","og_url":"https:\/\/radioleinewelle.de\/index.php\/2020\/11\/16\/die-linke-auftaktveranstaltung-zur-kommunalwahl\/","og_site_name":"Radio Leinewelle","article_publisher":"https:\/\/www.facebook.com\/radioleinewelle","article_author":"https:\/\/www.facebook.com\/radioleinewelle","article_published_time":"2020-11-16T04:00:56+00:00","og_image":[{"width":426,"height":356,"url":"https:\/\/radioleinewelle.de\/wp-content\/uploads\/2020\/11\/Fascher_005d-e1605479103125.jpg","type":"image\/jpeg"}],"author":"Leinewelle","twitter_card":"summary_large_image","twitter_creator":"@https:\/\/twitter.com\/RLeinewelle?ref_src=twsrcgoogletwcampserptwgrauthor","twitter_site":"@RLeinewelle","twitter_misc":{"Verfasst von":"Leinewelle","Gesch\u00e4tzte Lesezeit":"1\u00a0Minute"},"schema":{"@context":"https:\/\/schema.org","@graph":[{"@type":"Article","@id":"https:\/\/radioleinewelle.de\/index.php\/2020\/11\/16\/die-linke-auftaktveranstaltung-zur-kommunalwahl\/#article","isPartOf":{"@id":"https:\/\/radioleinewelle.de\/index.php\/2020\/11\/16\/die-linke-auftaktveranstaltung-zur-kommunalwahl\/"},"author":{"name":"Leinewelle","@id":"https:\/\/radioleinewelle.de\/#\/schema\/person\/45606f348637df637192dc1b68399a63"},"headline":"DIE LINKE: Auftaktveranstaltung zur Kommunalwahl","datePublished":"2020-11-16T04:00:56+00:00","mainEntityOfPage":{"@id":"https:\/\/radioleinewelle.de\/index.php\/2020\/11\/16\/die-linke-auftaktveranstaltung-zur-kommunalwahl\/"},"wordCount":252,"publisher":{"@id":"https:\/\/radioleinewelle.de\/#organization"},"image":{"@id":"https:\/\/radioleinewelle.de\/index.php\/2020\/11\/16\/die-linke-auftaktveranstaltung-zur-kommunalwahl\/#primaryimage"},"thumbnailUrl":"https:\/\/radioleinewelle.de\/wp-content\/uploads\/2020\/11\/Fascher_005d-e1605479103125.jpg","inLanguage":"de"},{"@type":"WebPage","@id":"https:\/\/radioleinewelle.de\/index.php\/2020\/11\/16\/die-linke-auftaktveranstaltung-zur-kommunalwahl\/","url":"https:\/\/radioleinewelle.de\/index.php\/2020\/11\/16\/die-linke-auftaktveranstaltung-zur-kommunalwahl\/","name":"DIE LINKE: Auftaktveranstaltung zur Kommunalwahl - Radio Leinewelle","isPartOf":{"@id":"https:\/\/radioleinewelle.de\/#website"},"primaryImageOfPage":{"@id":"https:\/\/radioleinewelle.de\/index.php\/2020\/11\/16\/die-linke-auftaktveranstaltung-zur-kommunalwahl\/#primaryimage"},"image":{"@id":"https:\/\/radioleinewelle.de\/index.php\/2020\/11\/16\/die-linke-auftaktveranstaltung-zur-kommunalwahl\/#primaryimage"},"thumbnailUrl":"https:\/\/radioleinewelle.de\/wp-content\/uploads\/2020\/11\/Fascher_005d-e1605479103125.jpg","datePublished":"2020-11-16T04:00:56+00:00","breadcrumb":{"@id":"https:\/\/radioleinewelle.de\/index.php\/2020\/11\/16\/die-linke-auftaktveranstaltung-zur-kommunalwahl\/#breadcrumb"},"inLanguage":"de","potentialAction":[{"@type":"ReadAction","target":["https:\/\/radioleinewelle.de\/index.php\/2020\/11\/16\/die-linke-auftaktveranstaltung-zur-kommunalwahl\/"]}]},{"@type":"ImageObject","inLanguage":"de","@id":"https:\/\/radioleinewelle.de\/index.php\/2020\/11\/16\/die-linke-auftaktveranstaltung-zur-kommunalwahl\/#primaryimage","url":"https:\/\/radioleinewelle.de\/wp-content\/uploads\/2020\/11\/Fascher_005d-e1605479103125.jpg","contentUrl":"https:\/\/radioleinewelle.de\/wp-content\/uploads\/2020\/11\/Fascher_005d-e1605479103125.jpg","width":426,"height":356},{"@type":"BreadcrumbList","@id":"https:\/\/radioleinewelle.de\/index.php\/2020\/11\/16\/die-linke-auftaktveranstaltung-zur-kommunalwahl\/#breadcrumb","itemListElement":[{"@type":"ListItem","position":1,"name":"Startseite","item":"https:\/\/radioleinewelle.de\/"},{"@type":"ListItem","position":2,"name":"DIE LINKE: Auftaktveranstaltung zur Kommunalwahl"}]},{"@type":"WebSite","@id":"https:\/\/radioleinewelle.de\/#website","url":"https:\/\/radioleinewelle.de\/","name":"Radio Leinewelle","description":"","publisher":{"@id":"https:\/\/radioleinewelle.de\/#organization"},"potentialAction":[{"@type":"SearchAction","target":{"@type":"EntryPoint","urlTemplate":"https:\/\/radioleinewelle.de\/?s={search_term_string}"},"query-input":{"@type":"PropertyValueSpecification","valueRequired":true,"valueName":"search_term_string"}}],"inLanguage":"de"},{"@type":"Organization","@id":"https:\/\/radioleinewelle.de\/#organization","name":"Radio Leinewelle","alternateName":"Mein Radio f\u00fcr S\u00fcdniedersachsen","url":"https:\/\/radioleinewelle.de\/","logo":{"@type":"ImageObject","inLanguage":"de","@id":"https:\/\/radioleinewelle.de\/#\/schema\/logo\/image\/","url":"https:\/\/radioleinewelle.de\/wp-content\/uploads\/2023\/11\/cropped-Leinewelle_Logo_weiss.png","contentUrl":"https:\/\/radioleinewelle.de\/wp-content\/uploads\/2023\/11\/cropped-Leinewelle_Logo_weiss.png","width":854,"height":260,"caption":"Radio Leinewelle"},"image":{"@id":"https:\/\/radioleinewelle.de\/#\/schema\/logo\/image\/"},"sameAs":["https:\/\/www.facebook.com\/radioleinewelle","https:\/\/x.com\/RLeinewelle","https:\/\/www.instagram.com\/radioleinewelle\/?hl=de"]},{"@type":"Person","@id":"https:\/\/radioleinewelle.de\/#\/schema\/person\/45606f348637df637192dc1b68399a63","name":"Leinewelle","image":{"@type":"ImageObject","inLanguage":"de","@id":"https:\/\/secure.gravatar.com\/avatar\/05c9a17bc973052ee5d91549bd32fb4dd0dc85b7b85ae94b2e2b4943476bbea5?s=96&d=blank&r=g","url":"https:\/\/secure.gravatar.com\/avatar\/05c9a17bc973052ee5d91549bd32fb4dd0dc85b7b85ae94b2e2b4943476bbea5?s=96&d=blank&r=g","contentUrl":"https:\/\/secure.gravatar.com\/avatar\/05c9a17bc973052ee5d91549bd32fb4dd0dc85b7b85ae94b2e2b4943476bbea5?s=96&d=blank&r=g","caption":"Leinewelle"},"sameAs":["http:\/\/localhost\/radio%20leinewelle\/wordpress","https:\/\/www.facebook.com\/radioleinewelle","https:\/\/www.instagram.com\/radioleinewelle","https:\/\/x.com\/https:\/\/twitter.com\/RLeinewelle?ref_src=twsrcgoogletwcampserptwgrauthor","https:\/\/soundcloud.com\/foerderverein-lokalradio?utm_source=clipboard&utm_medium=text&utm_campaign=social_sharing"],"url":"https:\/\/radioleinewelle.de\/index.php\/author\/leinewelle\/"}]}},"_links":{"self":[{"href":"https:\/\/radioleinewelle.de\/index.php\/wp-json\/wp\/v2\/posts\/2953","targetHints":{"allow":["GET"]}}],"collection":[{"href":"https:\/\/radioleinewelle.de\/index.php\/wp-json\/wp\/v2\/posts"}],"about":[{"href":"https:\/\/radioleinewelle.de\/index.php\/wp-json\/wp\/v2\/types\/post"}],"author":[{"embeddable":true,"href":"https:\/\/radioleinewelle.de\/index.php\/wp-json\/wp\/v2\/users\/1"}],"replies":[{"embeddable":true,"href":"https:\/\/radioleinewelle.de\/index.php\/wp-json\/wp\/v2\/comments?post=2953"}],"version-history":[{"count":0,"href":"https:\/\/radioleinewelle.de\/index.php\/wp-json\/wp\/v2\/posts\/2953\/revisions"}],"wp:featuredmedia":[{"embeddable":true,"href":"https:\/\/radioleinewelle.de\/index.php\/wp-json\/wp\/v2\/media\/2956"}],"wp:attachment":[{"href":"https:\/\/radioleinewelle.de\/index.php\/wp-json\/wp\/v2\/media?parent=2953"}],"wp:term":[{"taxonomy":"category","embeddable":true,"href":"https:\/\/radioleinewelle.de\/index.php\/wp-json\/wp\/v2\/categories?post=2953"},{"taxonomy":"post_tag","embeddable":true,"href":"https:\/\/radioleinewelle.de\/index.php\/wp-json\/wp\/v2\/tags?post=2953"}],"curies":[{"name":"wp","href":"https:\/\/api.w.org\/{rel}","templated":true}]}}