{"id":2968,"date":"2020-11-17T05:14:11","date_gmt":"2020-11-17T04:14:11","guid":{"rendered":"https:\/\/radioleinewelle.de\/?p=2968"},"modified":"2020-11-17T05:14:11","modified_gmt":"2020-11-17T04:14:11","slug":"statement-von-ministerpraesident-stephan-weil-zum-beschluss-von-bund-und-laendern","status":"publish","type":"post","link":"https:\/\/radioleinewelle.de\/index.php\/2020\/11\/17\/statement-von-ministerpraesident-stephan-weil-zum-beschluss-von-bund-und-laendern\/","title":{"rendered":"Statement von Ministerpr\u00e4sident Stephan Weil zum Beschluss von Bund und L\u00e4ndern:"},"content":{"rendered":"<p>\u201eEs ist beeindruckend, wie viele Menschen sich in Niedersachsen an die Anfang November erlassenen Einschr\u00e4nkungen gehalten haben und bereit sind, dies auch weiter zu tun. Daf\u00fcr gilt allen B\u00fcrgerinnen und B\u00fcrgern mein ganz herzlicher Dank!<\/p>\n<p>Der stark exponentielle Anstieg der COVID-19 Infektionen in Niedersachsen und in Deutschland wurde gestoppt, das Gesundheitswesen in Deutschland blieb trotz vereinzelter Engp\u00e4sse bislang leistungsf\u00e4hig \u2013 nicht mehr, aber auch nicht weniger!<\/p>\n<p>Die Zahl der Corona-Neuinfektionen w\u00e4chst jetzt langsamer als zuvor. Auch die Steigerungsrate bei der Belegung der Intensivbetten betr\u00e4gt \u201anur\u2018 noch zwei Prozent statt zuvor acht Prozent. Das sind wichtige Fortschritte, sie bringen uns aber noch nicht in ein sicheres Fahrwasser.<\/p>\n<p>Noch wissen wir nicht, ob der aktuell zu beobachtende Trend des Abflachens der Infektionskurve anhalten wird. Nach wie vor werden t\u00e4glich viele Menschen mit einer Corona-Infektion in die Kliniken eingeliefert, auch die Zahl der COVID 19-Patientinnen und -Patienten auf den Intensivstationen nimmt zu und die Verweildauer betr\u00e4gt h\u00e4ufig mehrere Wochen. Unser gemeinsames Ziel muss es weiterhin sein, die Zahl der derzeit noch auf einem sehr hohen Niveau liegenden Neuinfektionen deutlich abzusenken, damit dann auch weniger Menschen schwer an Covid-19 erkranken.<\/p>\n<p>Wir m\u00fcssen deshalb nicht nur die bisherigen Kontaktbeschr\u00e4nkungen aufrechterhalten, sondern die B\u00fcrgerinnen und B\u00fcrger bitten, in der zweiten Novemberh\u00e4lfte noch konsequenter als bislang auf direkte Kontakte zu Menschen, die nicht aus ihrem eigenen Hausstand kommen, zu verzichten. \u00dcberall dort, wo sich Menschen begegnen steigt das Infektionsrisiko \u2013 vor allem bei privaten Zusammenk\u00fcnften. Ich bitte die Nieders\u00e4chsinnen und Niedersachsen deshalb sehr eindringlich, die pers\u00f6nlichen Kontakte wirklich auf das Allern\u00f6tigste zu begrenzen. Wenn m\u00f6glichst viele Menschen in den n\u00e4chsten Wochen g\u00e4nzlich auf private Feiern verzichten und private Treffen wirklich konsequent auf nur einen festen weiteren Hausstand beschr\u00e4nken, haben wir eine gute Chance, das Infektionsgeschehen besser in den Griff zu bekommen.<\/p>\n<p>F\u00fcr Besuche bei \u00c4lteren oder Erkrankten gilt eine besondere Vorsicht und Umsicht. Wer selbst erk\u00e4ltet ist oder sich krank f\u00fchlt, m\u00f6ge lieber telefonieren oder einen Brief schreiben. Gutsitzende Schutzmasken sind ebenso wichtig wie ein hinreichend gro\u00dfer Abstand und eine intensive Bel\u00fcftung der R\u00e4ume.<\/p>\n<p>Die Kultusministerinnen und -minister sind gebeten worden, weitere Vorschl\u00e4ge f\u00fcr den Infektionsschutz in Schulen zu unterbreiten.<\/p>\n<p>Ich mache keinen Hehl daraus, dass ich einem pauschalen Wechsel in Szenario B in den nieders\u00e4chsischen Schulen skeptisch gegen\u00fcberstehe. 80 Prozent unserer Schulen konnten dank des sehr umsichtigen Verhaltens aller Beteiligten bislang im Normalbetrieb gehalten werden. Solange wir es vertreten k\u00f6nnen, m\u00f6chten wir verhindern, dass Kinder und Jugendliche die H\u00e4lfte der Zeit zu Hause verbringen m\u00fcssen. Machen wir uns nichts vor: Eine wechselweise Beschulung ist eine enorme Belastung f\u00fcr Kinder, Jugendliche und ihre Eltern, besonders f\u00fcr berufst\u00e4tige Erziehungsberechtigte. \u00c4hnliche Beschr\u00e4nkungen m\u00fcsste es dann auch in den Kindertagesst\u00e4tten geben. Kleine Kinder aber k\u00f6nnen erst Recht nicht alleine zuhause bleiben. Und bei einem Wechselmodell ist die Einrichtung von Notbetreuungen ungleich schwieriger.<\/p>\n<p>Unabh\u00e4ngig davon werden wir uns in Niedersachsen auch in den n\u00e4chsten Wochen intensiv f\u00fcr die Sicherheit in den nieders\u00e4chsischen Kitas und Schulen einsetzen. Weitere Ma\u00dfnahmen dazu wird Kultusminister Grant Hendrik Tonne morgen vorstellen.<\/p>\n<p>F\u00fcr die Wintermonate brauchen wir eine Gesamtstrategie, das hatte ich bereits im Vorfeld der Gespr\u00e4che deutlich gemacht. Die B\u00fcrgerinnen und B\u00fcrger ben\u00f6tigen vor allem mit Blick auf das Weihnachtsfest, aber auch dar\u00fcber hinaus eine klare Orientierung. Erforderlich ist ein sorgf\u00e4ltig zu erarbeitender Plan mit allen notwendigen coronabedingten Einschr\u00e4nkungen, aber auch mit wesentlichen pers\u00f6nlichen Freiheiten. Wir brauchen Regeln, die wir alle auch \u00fcber mehrere Wochen einhalten k\u00f6nnen.<\/p>\n<p>Ich begr\u00fc\u00dfe es deshalb sehr, dass Bund und L\u00e4nder sich bis Mitte n\u00e4chster Woche auf einen solchen Plan f\u00fcr den mittelfristigen Horizont \u00fcber Neujahr hinaus verst\u00e4ndigen wollen.&#8220;<\/p>\n<p>&#8212;&#8212;&#8212;&#8212;&#8212;&#8212;&#8212;&#8212;&#8212;&#8212;&#8212;&#8212;&#8212;&#8212;&#8212;&#8212;&#8212;&#8212;&#8212;&#8212;&#8212;&#8212;&#8212;&#8212;&#8212;&#8212;&#8212;&#8212;&#8212;&#8212;&#8212;&#8212;&#8212;&#8212;&#8212;&#8212;&#8212;&#8212;&#8212;&#8212;&#8212;&#8212;&#8212;-<\/p>\n<p>Foto:Ministerpr\u00e4sident Stephan Weil (2019), Bildnachweis: Nieders\u00e4chsische Staatskanzlei\/Holger Hollemann<\/p>\n","protected":false},"excerpt":{"rendered":"<p>\u201eEs ist beeindruckend, wie viele Menschen sich in Niedersachsen an die Anfang November erlassenen Einschr\u00e4nkungen gehalten haben und bereit sind, dies auch weiter zu tun. Daf\u00fcr gilt allen B\u00fcrgerinnen und B\u00fcrgern mein ganz herzlicher Dank! Der stark exponentielle Anstieg der COVID-19 Infektionen in Niedersachsen und in Deutschland wurde gestoppt, das Gesundheitswesen in Deutschland blieb trotz [&hellip;]<\/p>\n","protected":false},"author":1,"featured_media":0,"comment_status":"closed","ping_status":"closed","sticky":false,"template":"","format":"standard","meta":{"saved_in_kubio":false,"footnotes":""},"categories":[24],"tags":[],"class_list":["post-2968","post","type-post","status-publish","format-standard","hentry","category-news"],"yoast_head":"<!-- This site is optimized with the Yoast SEO plugin v27.5 - https:\/\/yoast.com\/product\/yoast-seo-wordpress\/ -->\n<title>Statement von Ministerpr\u00e4sident Stephan Weil zum Beschluss von Bund und L\u00e4ndern: - Radio Leinewelle<\/title>\n<meta name=\"robots\" content=\"index, follow, max-snippet:-1, max-image-preview:large, max-video-preview:-1\" \/>\n<link rel=\"canonical\" href=\"https:\/\/radioleinewelle.de\/index.php\/2020\/11\/17\/statement-von-ministerpraesident-stephan-weil-zum-beschluss-von-bund-und-laendern\/\" \/>\n<meta property=\"og:locale\" content=\"de_DE\" \/>\n<meta property=\"og:type\" content=\"article\" \/>\n<meta property=\"og:title\" content=\"Statement von Ministerpr\u00e4sident Stephan Weil zum Beschluss von Bund und L\u00e4ndern: - Radio Leinewelle\" \/>\n<meta property=\"og:description\" content=\"\u201eEs ist beeindruckend, wie viele Menschen sich in Niedersachsen an die Anfang November erlassenen Einschr\u00e4nkungen gehalten haben und bereit sind, dies auch weiter zu tun. Daf\u00fcr gilt allen B\u00fcrgerinnen und B\u00fcrgern mein ganz herzlicher Dank! Der stark exponentielle Anstieg der COVID-19 Infektionen in Niedersachsen und in Deutschland wurde gestoppt, das Gesundheitswesen in Deutschland blieb trotz [&hellip;]\" \/>\n<meta property=\"og:url\" content=\"https:\/\/radioleinewelle.de\/index.php\/2020\/11\/17\/statement-von-ministerpraesident-stephan-weil-zum-beschluss-von-bund-und-laendern\/\" \/>\n<meta property=\"og:site_name\" content=\"Radio Leinewelle\" \/>\n<meta property=\"article:publisher\" content=\"https:\/\/www.facebook.com\/radioleinewelle\" \/>\n<meta property=\"article:author\" content=\"https:\/\/www.facebook.com\/radioleinewelle\" \/>\n<meta property=\"article:published_time\" content=\"2020-11-17T04:14:11+00:00\" \/>\n<meta name=\"author\" content=\"Leinewelle\" \/>\n<meta name=\"twitter:card\" content=\"summary_large_image\" \/>\n<meta name=\"twitter:creator\" content=\"@https:\/\/twitter.com\/RLeinewelle?ref_src=twsrcgoogletwcampserptwgrauthor\" \/>\n<meta name=\"twitter:site\" content=\"@RLeinewelle\" \/>\n<meta name=\"twitter:label1\" content=\"Verfasst von\" \/>\n\t<meta name=\"twitter:data1\" content=\"Leinewelle\" \/>\n\t<meta name=\"twitter:label2\" content=\"Gesch\u00e4tzte Lesezeit\" \/>\n\t<meta name=\"twitter:data2\" content=\"3\u00a0Minuten\" \/>\n<script type=\"application\/ld+json\" class=\"yoast-schema-graph\">{\"@context\":\"https:\\\/\\\/schema.org\",\"@graph\":[{\"@type\":\"Article\",\"@id\":\"https:\\\/\\\/radioleinewelle.de\\\/index.php\\\/2020\\\/11\\\/17\\\/statement-von-ministerpraesident-stephan-weil-zum-beschluss-von-bund-und-laendern\\\/#article\",\"isPartOf\":{\"@id\":\"https:\\\/\\\/radioleinewelle.de\\\/index.php\\\/2020\\\/11\\\/17\\\/statement-von-ministerpraesident-stephan-weil-zum-beschluss-von-bund-und-laendern\\\/\"},\"author\":{\"name\":\"Leinewelle\",\"@id\":\"https:\\\/\\\/radioleinewelle.de\\\/#\\\/schema\\\/person\\\/45606f348637df637192dc1b68399a63\"},\"headline\":\"Statement von Ministerpr\u00e4sident Stephan Weil zum Beschluss von Bund und L\u00e4ndern:\",\"datePublished\":\"2020-11-17T04:14:11+00:00\",\"mainEntityOfPage\":{\"@id\":\"https:\\\/\\\/radioleinewelle.de\\\/index.php\\\/2020\\\/11\\\/17\\\/statement-von-ministerpraesident-stephan-weil-zum-beschluss-von-bund-und-laendern\\\/\"},\"wordCount\":676,\"publisher\":{\"@id\":\"https:\\\/\\\/radioleinewelle.de\\\/#organization\"},\"articleSection\":[\"Aktuelle Nachrichten\"],\"inLanguage\":\"de\"},{\"@type\":\"WebPage\",\"@id\":\"https:\\\/\\\/radioleinewelle.de\\\/index.php\\\/2020\\\/11\\\/17\\\/statement-von-ministerpraesident-stephan-weil-zum-beschluss-von-bund-und-laendern\\\/\",\"url\":\"https:\\\/\\\/radioleinewelle.de\\\/index.php\\\/2020\\\/11\\\/17\\\/statement-von-ministerpraesident-stephan-weil-zum-beschluss-von-bund-und-laendern\\\/\",\"name\":\"Statement von Ministerpr\u00e4sident Stephan Weil zum Beschluss von Bund und L\u00e4ndern: - Radio Leinewelle\",\"isPartOf\":{\"@id\":\"https:\\\/\\\/radioleinewelle.de\\\/#website\"},\"datePublished\":\"2020-11-17T04:14:11+00:00\",\"breadcrumb\":{\"@id\":\"https:\\\/\\\/radioleinewelle.de\\\/index.php\\\/2020\\\/11\\\/17\\\/statement-von-ministerpraesident-stephan-weil-zum-beschluss-von-bund-und-laendern\\\/#breadcrumb\"},\"inLanguage\":\"de\",\"potentialAction\":[{\"@type\":\"ReadAction\",\"target\":[\"https:\\\/\\\/radioleinewelle.de\\\/index.php\\\/2020\\\/11\\\/17\\\/statement-von-ministerpraesident-stephan-weil-zum-beschluss-von-bund-und-laendern\\\/\"]}]},{\"@type\":\"BreadcrumbList\",\"@id\":\"https:\\\/\\\/radioleinewelle.de\\\/index.php\\\/2020\\\/11\\\/17\\\/statement-von-ministerpraesident-stephan-weil-zum-beschluss-von-bund-und-laendern\\\/#breadcrumb\",\"itemListElement\":[{\"@type\":\"ListItem\",\"position\":1,\"name\":\"Startseite\",\"item\":\"https:\\\/\\\/radioleinewelle.de\\\/\"},{\"@type\":\"ListItem\",\"position\":2,\"name\":\"Statement von Ministerpr\u00e4sident Stephan Weil zum Beschluss von Bund und L\u00e4ndern:\"}]},{\"@type\":\"WebSite\",\"@id\":\"https:\\\/\\\/radioleinewelle.de\\\/#website\",\"url\":\"https:\\\/\\\/radioleinewelle.de\\\/\",\"name\":\"Radio Leinewelle\",\"description\":\"\",\"publisher\":{\"@id\":\"https:\\\/\\\/radioleinewelle.de\\\/#organization\"},\"potentialAction\":[{\"@type\":\"SearchAction\",\"target\":{\"@type\":\"EntryPoint\",\"urlTemplate\":\"https:\\\/\\\/radioleinewelle.de\\\/?s={search_term_string}\"},\"query-input\":{\"@type\":\"PropertyValueSpecification\",\"valueRequired\":true,\"valueName\":\"search_term_string\"}}],\"inLanguage\":\"de\"},{\"@type\":\"Organization\",\"@id\":\"https:\\\/\\\/radioleinewelle.de\\\/#organization\",\"name\":\"Radio Leinewelle\",\"alternateName\":\"Mein Radio f\u00fcr S\u00fcdniedersachsen\",\"url\":\"https:\\\/\\\/radioleinewelle.de\\\/\",\"logo\":{\"@type\":\"ImageObject\",\"inLanguage\":\"de\",\"@id\":\"https:\\\/\\\/radioleinewelle.de\\\/#\\\/schema\\\/logo\\\/image\\\/\",\"url\":\"https:\\\/\\\/radioleinewelle.de\\\/wp-content\\\/uploads\\\/2023\\\/11\\\/cropped-Leinewelle_Logo_weiss.png\",\"contentUrl\":\"https:\\\/\\\/radioleinewelle.de\\\/wp-content\\\/uploads\\\/2023\\\/11\\\/cropped-Leinewelle_Logo_weiss.png\",\"width\":854,\"height\":260,\"caption\":\"Radio Leinewelle\"},\"image\":{\"@id\":\"https:\\\/\\\/radioleinewelle.de\\\/#\\\/schema\\\/logo\\\/image\\\/\"},\"sameAs\":[\"https:\\\/\\\/www.facebook.com\\\/radioleinewelle\",\"https:\\\/\\\/x.com\\\/RLeinewelle\",\"https:\\\/\\\/www.instagram.com\\\/radioleinewelle\\\/?hl=de\"]},{\"@type\":\"Person\",\"@id\":\"https:\\\/\\\/radioleinewelle.de\\\/#\\\/schema\\\/person\\\/45606f348637df637192dc1b68399a63\",\"name\":\"Leinewelle\",\"image\":{\"@type\":\"ImageObject\",\"inLanguage\":\"de\",\"@id\":\"https:\\\/\\\/secure.gravatar.com\\\/avatar\\\/05c9a17bc973052ee5d91549bd32fb4dd0dc85b7b85ae94b2e2b4943476bbea5?s=96&d=blank&r=g\",\"url\":\"https:\\\/\\\/secure.gravatar.com\\\/avatar\\\/05c9a17bc973052ee5d91549bd32fb4dd0dc85b7b85ae94b2e2b4943476bbea5?s=96&d=blank&r=g\",\"contentUrl\":\"https:\\\/\\\/secure.gravatar.com\\\/avatar\\\/05c9a17bc973052ee5d91549bd32fb4dd0dc85b7b85ae94b2e2b4943476bbea5?s=96&d=blank&r=g\",\"caption\":\"Leinewelle\"},\"sameAs\":[\"http:\\\/\\\/localhost\\\/radio%20leinewelle\\\/wordpress\",\"https:\\\/\\\/www.facebook.com\\\/radioleinewelle\",\"https:\\\/\\\/www.instagram.com\\\/radioleinewelle\",\"https:\\\/\\\/x.com\\\/https:\\\/\\\/twitter.com\\\/RLeinewelle?ref_src=twsrcgoogletwcampserptwgrauthor\",\"https:\\\/\\\/soundcloud.com\\\/foerderverein-lokalradio?utm_source=clipboard&utm_medium=text&utm_campaign=social_sharing\"],\"url\":\"https:\\\/\\\/radioleinewelle.de\\\/index.php\\\/author\\\/leinewelle\\\/\"}]}<\/script>\n<!-- \/ Yoast SEO plugin. -->","yoast_head_json":{"title":"Statement von Ministerpr\u00e4sident Stephan Weil zum Beschluss von Bund und L\u00e4ndern: - Radio Leinewelle","robots":{"index":"index","follow":"follow","max-snippet":"max-snippet:-1","max-image-preview":"max-image-preview:large","max-video-preview":"max-video-preview:-1"},"canonical":"https:\/\/radioleinewelle.de\/index.php\/2020\/11\/17\/statement-von-ministerpraesident-stephan-weil-zum-beschluss-von-bund-und-laendern\/","og_locale":"de_DE","og_type":"article","og_title":"Statement von Ministerpr\u00e4sident Stephan Weil zum Beschluss von Bund und L\u00e4ndern: - Radio Leinewelle","og_description":"\u201eEs ist beeindruckend, wie viele Menschen sich in Niedersachsen an die Anfang November erlassenen Einschr\u00e4nkungen gehalten haben und bereit sind, dies auch weiter zu tun. Daf\u00fcr gilt allen B\u00fcrgerinnen und B\u00fcrgern mein ganz herzlicher Dank! Der stark exponentielle Anstieg der COVID-19 Infektionen in Niedersachsen und in Deutschland wurde gestoppt, das Gesundheitswesen in Deutschland blieb trotz [&hellip;]","og_url":"https:\/\/radioleinewelle.de\/index.php\/2020\/11\/17\/statement-von-ministerpraesident-stephan-weil-zum-beschluss-von-bund-und-laendern\/","og_site_name":"Radio Leinewelle","article_publisher":"https:\/\/www.facebook.com\/radioleinewelle","article_author":"https:\/\/www.facebook.com\/radioleinewelle","article_published_time":"2020-11-17T04:14:11+00:00","author":"Leinewelle","twitter_card":"summary_large_image","twitter_creator":"@https:\/\/twitter.com\/RLeinewelle?ref_src=twsrcgoogletwcampserptwgrauthor","twitter_site":"@RLeinewelle","twitter_misc":{"Verfasst von":"Leinewelle","Gesch\u00e4tzte Lesezeit":"3\u00a0Minuten"},"schema":{"@context":"https:\/\/schema.org","@graph":[{"@type":"Article","@id":"https:\/\/radioleinewelle.de\/index.php\/2020\/11\/17\/statement-von-ministerpraesident-stephan-weil-zum-beschluss-von-bund-und-laendern\/#article","isPartOf":{"@id":"https:\/\/radioleinewelle.de\/index.php\/2020\/11\/17\/statement-von-ministerpraesident-stephan-weil-zum-beschluss-von-bund-und-laendern\/"},"author":{"name":"Leinewelle","@id":"https:\/\/radioleinewelle.de\/#\/schema\/person\/45606f348637df637192dc1b68399a63"},"headline":"Statement von Ministerpr\u00e4sident Stephan Weil zum Beschluss von Bund und L\u00e4ndern:","datePublished":"2020-11-17T04:14:11+00:00","mainEntityOfPage":{"@id":"https:\/\/radioleinewelle.de\/index.php\/2020\/11\/17\/statement-von-ministerpraesident-stephan-weil-zum-beschluss-von-bund-und-laendern\/"},"wordCount":676,"publisher":{"@id":"https:\/\/radioleinewelle.de\/#organization"},"articleSection":["Aktuelle Nachrichten"],"inLanguage":"de"},{"@type":"WebPage","@id":"https:\/\/radioleinewelle.de\/index.php\/2020\/11\/17\/statement-von-ministerpraesident-stephan-weil-zum-beschluss-von-bund-und-laendern\/","url":"https:\/\/radioleinewelle.de\/index.php\/2020\/11\/17\/statement-von-ministerpraesident-stephan-weil-zum-beschluss-von-bund-und-laendern\/","name":"Statement von Ministerpr\u00e4sident Stephan Weil zum Beschluss von Bund und L\u00e4ndern: - Radio Leinewelle","isPartOf":{"@id":"https:\/\/radioleinewelle.de\/#website"},"datePublished":"2020-11-17T04:14:11+00:00","breadcrumb":{"@id":"https:\/\/radioleinewelle.de\/index.php\/2020\/11\/17\/statement-von-ministerpraesident-stephan-weil-zum-beschluss-von-bund-und-laendern\/#breadcrumb"},"inLanguage":"de","potentialAction":[{"@type":"ReadAction","target":["https:\/\/radioleinewelle.de\/index.php\/2020\/11\/17\/statement-von-ministerpraesident-stephan-weil-zum-beschluss-von-bund-und-laendern\/"]}]},{"@type":"BreadcrumbList","@id":"https:\/\/radioleinewelle.de\/index.php\/2020\/11\/17\/statement-von-ministerpraesident-stephan-weil-zum-beschluss-von-bund-und-laendern\/#breadcrumb","itemListElement":[{"@type":"ListItem","position":1,"name":"Startseite","item":"https:\/\/radioleinewelle.de\/"},{"@type":"ListItem","position":2,"name":"Statement von Ministerpr\u00e4sident Stephan Weil zum Beschluss von Bund und L\u00e4ndern:"}]},{"@type":"WebSite","@id":"https:\/\/radioleinewelle.de\/#website","url":"https:\/\/radioleinewelle.de\/","name":"Radio Leinewelle","description":"","publisher":{"@id":"https:\/\/radioleinewelle.de\/#organization"},"potentialAction":[{"@type":"SearchAction","target":{"@type":"EntryPoint","urlTemplate":"https:\/\/radioleinewelle.de\/?s={search_term_string}"},"query-input":{"@type":"PropertyValueSpecification","valueRequired":true,"valueName":"search_term_string"}}],"inLanguage":"de"},{"@type":"Organization","@id":"https:\/\/radioleinewelle.de\/#organization","name":"Radio Leinewelle","alternateName":"Mein Radio f\u00fcr S\u00fcdniedersachsen","url":"https:\/\/radioleinewelle.de\/","logo":{"@type":"ImageObject","inLanguage":"de","@id":"https:\/\/radioleinewelle.de\/#\/schema\/logo\/image\/","url":"https:\/\/radioleinewelle.de\/wp-content\/uploads\/2023\/11\/cropped-Leinewelle_Logo_weiss.png","contentUrl":"https:\/\/radioleinewelle.de\/wp-content\/uploads\/2023\/11\/cropped-Leinewelle_Logo_weiss.png","width":854,"height":260,"caption":"Radio Leinewelle"},"image":{"@id":"https:\/\/radioleinewelle.de\/#\/schema\/logo\/image\/"},"sameAs":["https:\/\/www.facebook.com\/radioleinewelle","https:\/\/x.com\/RLeinewelle","https:\/\/www.instagram.com\/radioleinewelle\/?hl=de"]},{"@type":"Person","@id":"https:\/\/radioleinewelle.de\/#\/schema\/person\/45606f348637df637192dc1b68399a63","name":"Leinewelle","image":{"@type":"ImageObject","inLanguage":"de","@id":"https:\/\/secure.gravatar.com\/avatar\/05c9a17bc973052ee5d91549bd32fb4dd0dc85b7b85ae94b2e2b4943476bbea5?s=96&d=blank&r=g","url":"https:\/\/secure.gravatar.com\/avatar\/05c9a17bc973052ee5d91549bd32fb4dd0dc85b7b85ae94b2e2b4943476bbea5?s=96&d=blank&r=g","contentUrl":"https:\/\/secure.gravatar.com\/avatar\/05c9a17bc973052ee5d91549bd32fb4dd0dc85b7b85ae94b2e2b4943476bbea5?s=96&d=blank&r=g","caption":"Leinewelle"},"sameAs":["http:\/\/localhost\/radio%20leinewelle\/wordpress","https:\/\/www.facebook.com\/radioleinewelle","https:\/\/www.instagram.com\/radioleinewelle","https:\/\/x.com\/https:\/\/twitter.com\/RLeinewelle?ref_src=twsrcgoogletwcampserptwgrauthor","https:\/\/soundcloud.com\/foerderverein-lokalradio?utm_source=clipboard&utm_medium=text&utm_campaign=social_sharing"],"url":"https:\/\/radioleinewelle.de\/index.php\/author\/leinewelle\/"}]}},"_links":{"self":[{"href":"https:\/\/radioleinewelle.de\/index.php\/wp-json\/wp\/v2\/posts\/2968","targetHints":{"allow":["GET"]}}],"collection":[{"href":"https:\/\/radioleinewelle.de\/index.php\/wp-json\/wp\/v2\/posts"}],"about":[{"href":"https:\/\/radioleinewelle.de\/index.php\/wp-json\/wp\/v2\/types\/post"}],"author":[{"embeddable":true,"href":"https:\/\/radioleinewelle.de\/index.php\/wp-json\/wp\/v2\/users\/1"}],"replies":[{"embeddable":true,"href":"https:\/\/radioleinewelle.de\/index.php\/wp-json\/wp\/v2\/comments?post=2968"}],"version-history":[{"count":0,"href":"https:\/\/radioleinewelle.de\/index.php\/wp-json\/wp\/v2\/posts\/2968\/revisions"}],"wp:attachment":[{"href":"https:\/\/radioleinewelle.de\/index.php\/wp-json\/wp\/v2\/media?parent=2968"}],"wp:term":[{"taxonomy":"category","embeddable":true,"href":"https:\/\/radioleinewelle.de\/index.php\/wp-json\/wp\/v2\/categories?post=2968"},{"taxonomy":"post_tag","embeddable":true,"href":"https:\/\/radioleinewelle.de\/index.php\/wp-json\/wp\/v2\/tags?post=2968"}],"curies":[{"name":"wp","href":"https:\/\/api.w.org\/{rel}","templated":true}]}}