{"id":29871,"date":"2025-11-27T10:08:40","date_gmt":"2025-11-27T09:08:40","guid":{"rendered":"https:\/\/radioleinewelle.de\/?p=29871"},"modified":"2025-11-27T10:16:11","modified_gmt":"2025-11-27T09:16:11","slug":"landkreis-goettingen-setzt-starkes-zeichen-gegen-gewalt-an-frauen","status":"publish","type":"post","link":"https:\/\/radioleinewelle.de\/index.php\/2025\/11\/27\/landkreis-goettingen-setzt-starkes-zeichen-gegen-gewalt-an-frauen\/","title":{"rendered":"Landkreis G\u00f6ttingen setzt klares Zeichen gegen Gewalt an Frauen"},"content":{"rendered":"\n\n\n<p>Der&nbsp;Landkreis G\u00f6ttingen&nbsp;hat am&nbsp;25. November&nbsp;\u2013 dem&nbsp;Internationalen Tag gegen Gewalt an Frauen&nbsp;\u2013 gemeinsam mit Partnerorganisationen ein deutliches Zeichen gegen geschlechtsspezifische Gewalt gesetzt. Vor dem Kreishaus wurde die&nbsp;UN-Women-Flagge&nbsp;gehisst, begleitet von Redebeitr\u00e4gen, die auf die alarmierende Verbreitung von Gewalt gegen Frauen und M\u00e4dchen aufmerksam machten. Jede dritte Frau erlebt k\u00f6rperliche oder sexualisierte Gewalt \u2013 ein Problem, das alle gesellschaftlichen Bereiche betrifft.&nbsp;<\/p>\n\n\n\n<p>Parallel wurde in&nbsp;Osterode am Harz&nbsp;eine weitere Flagge gehisst. Eine&nbsp;Wimpelkette, bei der jeder Wimpel f\u00fcr eine im Jahr 2025 get\u00f6tete Frau oder ein M\u00e4dchen steht, zeigte die dramatische Realit\u00e4t der Femizide in Deutschland.&nbsp;<\/p>\n\n\n\n\n\n<p>Zudem informierte am Nachmittag ein&nbsp;Infostand auf dem Kornmarkt&nbsp;\u00fcber Hilfen, Pr\u00e4vention und Handlungsm\u00f6glichkeiten. Der Tag endete mit einer&nbsp;Demonstration&nbsp;ab Albaniplatz, an der rund&nbsp;700 Teilnehmende&nbsp;ein gemeinsames Zeichen gegen geschlechtsspezifische Gewalt setzten \u2013 unter dem Motto: \u201eFeministische Schutzr\u00e4ume statt Rechtsruck und Kriegstr\u00e4ume \u2013 Gemeinsam gegen geschlechtsspezifische Gewalt.\u201c&nbsp;<\/p>\n\n\n\n<p>Der Aktionstag macht deutlich:&nbsp;Gewalt gegen Frauen ist ein gesamtgesellschaftliches Problem&nbsp;\u2013 und Stadt wie Landkreis \u00fcbernehmen gemeinsam Verantwortung f\u00fcr Schutz, Solidarit\u00e4t und Pr\u00e4vention.&nbsp;<\/p>\n\n\n\n<p>Weitere Aktionen in G\u00f6ttingen: <a href=\"https:\/\/radioleinewelle.de\/index.php\/2025\/11\/24\/internationaler-tag-gegen-gewalt-an-frauen-umg-setzt-starkes-zeichen\/\"><strong>Orange Day an der UMG<\/strong><\/a><\/p>\n","protected":false},"excerpt":{"rendered":"<p>Der&nbsp;Landkreis G\u00f6ttingen&nbsp;hat am&nbsp;25. November&nbsp;\u2013 dem&nbsp;Internationalen Tag gegen Gewalt an Frauen&nbsp;\u2013 gemeinsam mit Partnerorganisationen ein deutliches Zeichen gegen geschlechtsspezifische Gewalt gesetzt. Vor dem Kreishaus wurde die&nbsp;UN-Women-Flagge&nbsp;gehisst, begleitet von Redebeitr\u00e4gen, die auf die alarmierende Verbreitung von Gewalt gegen Frauen und M\u00e4dchen aufmerksam machten. Jede dritte Frau erlebt k\u00f6rperliche oder sexualisierte Gewalt \u2013 ein Problem, das alle gesellschaftlichen [&hellip;]<\/p>\n","protected":false},"author":1,"featured_media":29876,"comment_status":"open","ping_status":"open","sticky":false,"template":"","format":"standard","meta":{"saved_in_kubio":false,"footnotes":""},"categories":[4270,40],"tags":[4632,2555,4633,3619,4534,4634],"class_list":["post-29871","post","type-post","status-publish","format-standard","has-post-thumbnail","hentry","category-feminismus","category-gesundheit","tag-femizide-stoppen","tag-gewalt-gegen-frauen","tag-istanbul-convention","tag-orange-day","tag-praevention","tag-wir-sagen-nein"],"yoast_head":"<!-- This site is optimized with the Yoast SEO plugin v27.5 - https:\/\/yoast.com\/product\/yoast-seo-wordpress\/ -->\n<title>Landkreis G\u00f6ttingen setzt klares Zeichen gegen Gewalt an Frauen - Radio Leinewelle<\/title>\n<meta name=\"description\" content=\"Zum Internationalen Tag gegen Gewalt an Frauen hisst der Landkreis G\u00f6ttingen gemeinsam mit regionalen Akteur*innen die UN-Women-Flagge. Aktionen in G\u00f6ttingen und Osterode machen Femizide und Unterst\u00fctzungsangebote sichtbar und rufen zu Solidarit\u00e4t und Pr\u00e4vention auf.\" \/>\n<meta name=\"robots\" content=\"index, follow, max-snippet:-1, max-image-preview:large, max-video-preview:-1\" \/>\n<link rel=\"canonical\" href=\"https:\/\/radioleinewelle.de\/index.php\/2025\/11\/27\/landkreis-goettingen-setzt-starkes-zeichen-gegen-gewalt-an-frauen\/\" \/>\n<meta property=\"og:locale\" content=\"de_DE\" \/>\n<meta property=\"og:type\" content=\"article\" \/>\n<meta property=\"og:title\" content=\"Landkreis G\u00f6ttingen setzt klares Zeichen gegen Gewalt an Frauen - Radio Leinewelle\" \/>\n<meta property=\"og:description\" content=\"Zum Internationalen Tag gegen Gewalt an Frauen hisst der Landkreis G\u00f6ttingen gemeinsam mit regionalen Akteur*innen die UN-Women-Flagge. Aktionen in G\u00f6ttingen und Osterode machen Femizide und Unterst\u00fctzungsangebote sichtbar und rufen zu Solidarit\u00e4t und Pr\u00e4vention auf.\" \/>\n<meta property=\"og:url\" content=\"https:\/\/radioleinewelle.de\/index.php\/2025\/11\/27\/landkreis-goettingen-setzt-starkes-zeichen-gegen-gewalt-an-frauen\/\" \/>\n<meta property=\"og:site_name\" content=\"Radio Leinewelle\" \/>\n<meta property=\"article:publisher\" content=\"https:\/\/www.facebook.com\/radioleinewelle\" \/>\n<meta property=\"article:author\" content=\"https:\/\/www.facebook.com\/radioleinewelle\" \/>\n<meta property=\"article:published_time\" content=\"2025-11-27T09:08:40+00:00\" \/>\n<meta property=\"article:modified_time\" content=\"2025-11-27T09:16:11+00:00\" \/>\n<meta property=\"og:image\" content=\"https:\/\/radioleinewelle.de\/wp-content\/uploads\/2025\/11\/FotoRedeFlaggeHissen2025-scaled.jpg\" \/>\n\t<meta property=\"og:image:width\" content=\"2560\" \/>\n\t<meta property=\"og:image:height\" content=\"1922\" \/>\n\t<meta property=\"og:image:type\" content=\"image\/jpeg\" \/>\n<meta name=\"author\" content=\"Leinewelle\" \/>\n<meta name=\"twitter:card\" content=\"summary_large_image\" \/>\n<meta name=\"twitter:creator\" content=\"@https:\/\/twitter.com\/RLeinewelle?ref_src=twsrcgoogletwcampserptwgrauthor\" \/>\n<meta name=\"twitter:site\" content=\"@RLeinewelle\" \/>\n<meta name=\"twitter:label1\" content=\"Verfasst von\" \/>\n\t<meta name=\"twitter:data1\" content=\"Leinewelle\" \/>\n\t<meta name=\"twitter:label2\" content=\"Gesch\u00e4tzte Lesezeit\" \/>\n\t<meta name=\"twitter:data2\" content=\"2\u00a0Minuten\" \/>\n<script type=\"application\/ld+json\" class=\"yoast-schema-graph\">{\"@context\":\"https:\\\/\\\/schema.org\",\"@graph\":[{\"@type\":\"Article\",\"@id\":\"https:\\\/\\\/radioleinewelle.de\\\/index.php\\\/2025\\\/11\\\/27\\\/landkreis-goettingen-setzt-starkes-zeichen-gegen-gewalt-an-frauen\\\/#article\",\"isPartOf\":{\"@id\":\"https:\\\/\\\/radioleinewelle.de\\\/index.php\\\/2025\\\/11\\\/27\\\/landkreis-goettingen-setzt-starkes-zeichen-gegen-gewalt-an-frauen\\\/\"},\"author\":{\"name\":\"Leinewelle\",\"@id\":\"https:\\\/\\\/radioleinewelle.de\\\/#\\\/schema\\\/person\\\/45606f348637df637192dc1b68399a63\"},\"headline\":\"Landkreis G\u00f6ttingen setzt klares Zeichen gegen Gewalt an Frauen\",\"datePublished\":\"2025-11-27T09:08:40+00:00\",\"dateModified\":\"2025-11-27T09:16:11+00:00\",\"mainEntityOfPage\":{\"@id\":\"https:\\\/\\\/radioleinewelle.de\\\/index.php\\\/2025\\\/11\\\/27\\\/landkreis-goettingen-setzt-starkes-zeichen-gegen-gewalt-an-frauen\\\/\"},\"wordCount\":308,\"commentCount\":0,\"publisher\":{\"@id\":\"https:\\\/\\\/radioleinewelle.de\\\/#organization\"},\"image\":{\"@id\":\"https:\\\/\\\/radioleinewelle.de\\\/index.php\\\/2025\\\/11\\\/27\\\/landkreis-goettingen-setzt-starkes-zeichen-gegen-gewalt-an-frauen\\\/#primaryimage\"},\"thumbnailUrl\":\"https:\\\/\\\/radioleinewelle.de\\\/wp-content\\\/uploads\\\/2025\\\/11\\\/FotoRedeFlaggeHissen2025-scaled.jpg\",\"keywords\":[\"Femizide stoppen\",\"Gewalt gegen Frauen\",\"Istanbul Convention\",\"Orange Day\",\"Pr\u00e4vention\",\"Wir sagen Nein\"],\"articleSection\":[\"Feminismus\",\"Gesundheit\"],\"inLanguage\":\"de\",\"potentialAction\":[{\"@type\":\"CommentAction\",\"name\":\"Comment\",\"target\":[\"https:\\\/\\\/radioleinewelle.de\\\/index.php\\\/2025\\\/11\\\/27\\\/landkreis-goettingen-setzt-starkes-zeichen-gegen-gewalt-an-frauen\\\/#respond\"]}]},{\"@type\":\"WebPage\",\"@id\":\"https:\\\/\\\/radioleinewelle.de\\\/index.php\\\/2025\\\/11\\\/27\\\/landkreis-goettingen-setzt-starkes-zeichen-gegen-gewalt-an-frauen\\\/\",\"url\":\"https:\\\/\\\/radioleinewelle.de\\\/index.php\\\/2025\\\/11\\\/27\\\/landkreis-goettingen-setzt-starkes-zeichen-gegen-gewalt-an-frauen\\\/\",\"name\":\"Landkreis G\u00f6ttingen setzt klares Zeichen gegen Gewalt an Frauen - Radio Leinewelle\",\"isPartOf\":{\"@id\":\"https:\\\/\\\/radioleinewelle.de\\\/#website\"},\"primaryImageOfPage\":{\"@id\":\"https:\\\/\\\/radioleinewelle.de\\\/index.php\\\/2025\\\/11\\\/27\\\/landkreis-goettingen-setzt-starkes-zeichen-gegen-gewalt-an-frauen\\\/#primaryimage\"},\"image\":{\"@id\":\"https:\\\/\\\/radioleinewelle.de\\\/index.php\\\/2025\\\/11\\\/27\\\/landkreis-goettingen-setzt-starkes-zeichen-gegen-gewalt-an-frauen\\\/#primaryimage\"},\"thumbnailUrl\":\"https:\\\/\\\/radioleinewelle.de\\\/wp-content\\\/uploads\\\/2025\\\/11\\\/FotoRedeFlaggeHissen2025-scaled.jpg\",\"datePublished\":\"2025-11-27T09:08:40+00:00\",\"dateModified\":\"2025-11-27T09:16:11+00:00\",\"description\":\"Zum Internationalen Tag gegen Gewalt an Frauen hisst der Landkreis G\u00f6ttingen gemeinsam mit regionalen Akteur*innen die UN-Women-Flagge. Aktionen in G\u00f6ttingen und Osterode machen Femizide und Unterst\u00fctzungsangebote sichtbar und rufen zu Solidarit\u00e4t und Pr\u00e4vention auf.\",\"breadcrumb\":{\"@id\":\"https:\\\/\\\/radioleinewelle.de\\\/index.php\\\/2025\\\/11\\\/27\\\/landkreis-goettingen-setzt-starkes-zeichen-gegen-gewalt-an-frauen\\\/#breadcrumb\"},\"inLanguage\":\"de\",\"potentialAction\":[{\"@type\":\"ReadAction\",\"target\":[\"https:\\\/\\\/radioleinewelle.de\\\/index.php\\\/2025\\\/11\\\/27\\\/landkreis-goettingen-setzt-starkes-zeichen-gegen-gewalt-an-frauen\\\/\"]}]},{\"@type\":\"ImageObject\",\"inLanguage\":\"de\",\"@id\":\"https:\\\/\\\/radioleinewelle.de\\\/index.php\\\/2025\\\/11\\\/27\\\/landkreis-goettingen-setzt-starkes-zeichen-gegen-gewalt-an-frauen\\\/#primaryimage\",\"url\":\"https:\\\/\\\/radioleinewelle.de\\\/wp-content\\\/uploads\\\/2025\\\/11\\\/FotoRedeFlaggeHissen2025-scaled.jpg\",\"contentUrl\":\"https:\\\/\\\/radioleinewelle.de\\\/wp-content\\\/uploads\\\/2025\\\/11\\\/FotoRedeFlaggeHissen2025-scaled.jpg\",\"width\":2560,\"height\":1922,\"caption\":\"Erste Kreisr\u00e4tin Doreen Fragel und Kreisrat Conrad Finger bei ihrem Redebeitrag vor dem Kreishaus G\u00f6ttingen, begleitet von Rebecca K\u00f6rner, Koordinatorin zur Umsetzung der Istanbul Konvention im Landkreis G\u00f6ttingen und weiteren Vertreterinnen des Frauen*Forums G\u00f6ttingen. \u00a9LK G\u00f6ttingen\"},{\"@type\":\"BreadcrumbList\",\"@id\":\"https:\\\/\\\/radioleinewelle.de\\\/index.php\\\/2025\\\/11\\\/27\\\/landkreis-goettingen-setzt-starkes-zeichen-gegen-gewalt-an-frauen\\\/#breadcrumb\",\"itemListElement\":[{\"@type\":\"ListItem\",\"position\":1,\"name\":\"Startseite\",\"item\":\"https:\\\/\\\/radioleinewelle.de\\\/\"},{\"@type\":\"ListItem\",\"position\":2,\"name\":\"Landkreis G\u00f6ttingen setzt klares Zeichen gegen Gewalt an Frauen\"}]},{\"@type\":\"WebSite\",\"@id\":\"https:\\\/\\\/radioleinewelle.de\\\/#website\",\"url\":\"https:\\\/\\\/radioleinewelle.de\\\/\",\"name\":\"Radio Leinewelle\",\"description\":\"\",\"publisher\":{\"@id\":\"https:\\\/\\\/radioleinewelle.de\\\/#organization\"},\"potentialAction\":[{\"@type\":\"SearchAction\",\"target\":{\"@type\":\"EntryPoint\",\"urlTemplate\":\"https:\\\/\\\/radioleinewelle.de\\\/?s={search_term_string}\"},\"query-input\":{\"@type\":\"PropertyValueSpecification\",\"valueRequired\":true,\"valueName\":\"search_term_string\"}}],\"inLanguage\":\"de\"},{\"@type\":\"Organization\",\"@id\":\"https:\\\/\\\/radioleinewelle.de\\\/#organization\",\"name\":\"Radio Leinewelle\",\"alternateName\":\"Mein Radio f\u00fcr S\u00fcdniedersachsen\",\"url\":\"https:\\\/\\\/radioleinewelle.de\\\/\",\"logo\":{\"@type\":\"ImageObject\",\"inLanguage\":\"de\",\"@id\":\"https:\\\/\\\/radioleinewelle.de\\\/#\\\/schema\\\/logo\\\/image\\\/\",\"url\":\"https:\\\/\\\/radioleinewelle.de\\\/wp-content\\\/uploads\\\/2023\\\/11\\\/cropped-Leinewelle_Logo_weiss.png\",\"contentUrl\":\"https:\\\/\\\/radioleinewelle.de\\\/wp-content\\\/uploads\\\/2023\\\/11\\\/cropped-Leinewelle_Logo_weiss.png\",\"width\":854,\"height\":260,\"caption\":\"Radio Leinewelle\"},\"image\":{\"@id\":\"https:\\\/\\\/radioleinewelle.de\\\/#\\\/schema\\\/logo\\\/image\\\/\"},\"sameAs\":[\"https:\\\/\\\/www.facebook.com\\\/radioleinewelle\",\"https:\\\/\\\/x.com\\\/RLeinewelle\",\"https:\\\/\\\/www.instagram.com\\\/radioleinewelle\\\/?hl=de\"]},{\"@type\":\"Person\",\"@id\":\"https:\\\/\\\/radioleinewelle.de\\\/#\\\/schema\\\/person\\\/45606f348637df637192dc1b68399a63\",\"name\":\"Leinewelle\",\"image\":{\"@type\":\"ImageObject\",\"inLanguage\":\"de\",\"@id\":\"https:\\\/\\\/secure.gravatar.com\\\/avatar\\\/05c9a17bc973052ee5d91549bd32fb4dd0dc85b7b85ae94b2e2b4943476bbea5?s=96&d=blank&r=g\",\"url\":\"https:\\\/\\\/secure.gravatar.com\\\/avatar\\\/05c9a17bc973052ee5d91549bd32fb4dd0dc85b7b85ae94b2e2b4943476bbea5?s=96&d=blank&r=g\",\"contentUrl\":\"https:\\\/\\\/secure.gravatar.com\\\/avatar\\\/05c9a17bc973052ee5d91549bd32fb4dd0dc85b7b85ae94b2e2b4943476bbea5?s=96&d=blank&r=g\",\"caption\":\"Leinewelle\"},\"sameAs\":[\"http:\\\/\\\/localhost\\\/radio%20leinewelle\\\/wordpress\",\"https:\\\/\\\/www.facebook.com\\\/radioleinewelle\",\"https:\\\/\\\/www.instagram.com\\\/radioleinewelle\",\"https:\\\/\\\/x.com\\\/https:\\\/\\\/twitter.com\\\/RLeinewelle?ref_src=twsrcgoogletwcampserptwgrauthor\",\"https:\\\/\\\/soundcloud.com\\\/foerderverein-lokalradio?utm_source=clipboard&utm_medium=text&utm_campaign=social_sharing\"],\"url\":\"https:\\\/\\\/radioleinewelle.de\\\/index.php\\\/author\\\/leinewelle\\\/\"}]}<\/script>\n<!-- \/ Yoast SEO plugin. -->","yoast_head_json":{"title":"Landkreis G\u00f6ttingen setzt klares Zeichen gegen Gewalt an Frauen - Radio Leinewelle","description":"Zum Internationalen Tag gegen Gewalt an Frauen hisst der Landkreis G\u00f6ttingen gemeinsam mit regionalen Akteur*innen die UN-Women-Flagge. Aktionen in G\u00f6ttingen und Osterode machen Femizide und Unterst\u00fctzungsangebote sichtbar und rufen zu Solidarit\u00e4t und Pr\u00e4vention auf.","robots":{"index":"index","follow":"follow","max-snippet":"max-snippet:-1","max-image-preview":"max-image-preview:large","max-video-preview":"max-video-preview:-1"},"canonical":"https:\/\/radioleinewelle.de\/index.php\/2025\/11\/27\/landkreis-goettingen-setzt-starkes-zeichen-gegen-gewalt-an-frauen\/","og_locale":"de_DE","og_type":"article","og_title":"Landkreis G\u00f6ttingen setzt klares Zeichen gegen Gewalt an Frauen - Radio Leinewelle","og_description":"Zum Internationalen Tag gegen Gewalt an Frauen hisst der Landkreis G\u00f6ttingen gemeinsam mit regionalen Akteur*innen die UN-Women-Flagge. Aktionen in G\u00f6ttingen und Osterode machen Femizide und Unterst\u00fctzungsangebote sichtbar und rufen zu Solidarit\u00e4t und Pr\u00e4vention auf.","og_url":"https:\/\/radioleinewelle.de\/index.php\/2025\/11\/27\/landkreis-goettingen-setzt-starkes-zeichen-gegen-gewalt-an-frauen\/","og_site_name":"Radio Leinewelle","article_publisher":"https:\/\/www.facebook.com\/radioleinewelle","article_author":"https:\/\/www.facebook.com\/radioleinewelle","article_published_time":"2025-11-27T09:08:40+00:00","article_modified_time":"2025-11-27T09:16:11+00:00","og_image":[{"width":2560,"height":1922,"url":"https:\/\/radioleinewelle.de\/wp-content\/uploads\/2025\/11\/FotoRedeFlaggeHissen2025-scaled.jpg","type":"image\/jpeg"}],"author":"Leinewelle","twitter_card":"summary_large_image","twitter_creator":"@https:\/\/twitter.com\/RLeinewelle?ref_src=twsrcgoogletwcampserptwgrauthor","twitter_site":"@RLeinewelle","twitter_misc":{"Verfasst von":"Leinewelle","Gesch\u00e4tzte Lesezeit":"2\u00a0Minuten"},"schema":{"@context":"https:\/\/schema.org","@graph":[{"@type":"Article","@id":"https:\/\/radioleinewelle.de\/index.php\/2025\/11\/27\/landkreis-goettingen-setzt-starkes-zeichen-gegen-gewalt-an-frauen\/#article","isPartOf":{"@id":"https:\/\/radioleinewelle.de\/index.php\/2025\/11\/27\/landkreis-goettingen-setzt-starkes-zeichen-gegen-gewalt-an-frauen\/"},"author":{"name":"Leinewelle","@id":"https:\/\/radioleinewelle.de\/#\/schema\/person\/45606f348637df637192dc1b68399a63"},"headline":"Landkreis G\u00f6ttingen setzt klares Zeichen gegen Gewalt an Frauen","datePublished":"2025-11-27T09:08:40+00:00","dateModified":"2025-11-27T09:16:11+00:00","mainEntityOfPage":{"@id":"https:\/\/radioleinewelle.de\/index.php\/2025\/11\/27\/landkreis-goettingen-setzt-starkes-zeichen-gegen-gewalt-an-frauen\/"},"wordCount":308,"commentCount":0,"publisher":{"@id":"https:\/\/radioleinewelle.de\/#organization"},"image":{"@id":"https:\/\/radioleinewelle.de\/index.php\/2025\/11\/27\/landkreis-goettingen-setzt-starkes-zeichen-gegen-gewalt-an-frauen\/#primaryimage"},"thumbnailUrl":"https:\/\/radioleinewelle.de\/wp-content\/uploads\/2025\/11\/FotoRedeFlaggeHissen2025-scaled.jpg","keywords":["Femizide stoppen","Gewalt gegen Frauen","Istanbul Convention","Orange Day","Pr\u00e4vention","Wir sagen Nein"],"articleSection":["Feminismus","Gesundheit"],"inLanguage":"de","potentialAction":[{"@type":"CommentAction","name":"Comment","target":["https:\/\/radioleinewelle.de\/index.php\/2025\/11\/27\/landkreis-goettingen-setzt-starkes-zeichen-gegen-gewalt-an-frauen\/#respond"]}]},{"@type":"WebPage","@id":"https:\/\/radioleinewelle.de\/index.php\/2025\/11\/27\/landkreis-goettingen-setzt-starkes-zeichen-gegen-gewalt-an-frauen\/","url":"https:\/\/radioleinewelle.de\/index.php\/2025\/11\/27\/landkreis-goettingen-setzt-starkes-zeichen-gegen-gewalt-an-frauen\/","name":"Landkreis G\u00f6ttingen setzt klares Zeichen gegen Gewalt an Frauen - Radio Leinewelle","isPartOf":{"@id":"https:\/\/radioleinewelle.de\/#website"},"primaryImageOfPage":{"@id":"https:\/\/radioleinewelle.de\/index.php\/2025\/11\/27\/landkreis-goettingen-setzt-starkes-zeichen-gegen-gewalt-an-frauen\/#primaryimage"},"image":{"@id":"https:\/\/radioleinewelle.de\/index.php\/2025\/11\/27\/landkreis-goettingen-setzt-starkes-zeichen-gegen-gewalt-an-frauen\/#primaryimage"},"thumbnailUrl":"https:\/\/radioleinewelle.de\/wp-content\/uploads\/2025\/11\/FotoRedeFlaggeHissen2025-scaled.jpg","datePublished":"2025-11-27T09:08:40+00:00","dateModified":"2025-11-27T09:16:11+00:00","description":"Zum Internationalen Tag gegen Gewalt an Frauen hisst der Landkreis G\u00f6ttingen gemeinsam mit regionalen Akteur*innen die UN-Women-Flagge. Aktionen in G\u00f6ttingen und Osterode machen Femizide und Unterst\u00fctzungsangebote sichtbar und rufen zu Solidarit\u00e4t und Pr\u00e4vention auf.","breadcrumb":{"@id":"https:\/\/radioleinewelle.de\/index.php\/2025\/11\/27\/landkreis-goettingen-setzt-starkes-zeichen-gegen-gewalt-an-frauen\/#breadcrumb"},"inLanguage":"de","potentialAction":[{"@type":"ReadAction","target":["https:\/\/radioleinewelle.de\/index.php\/2025\/11\/27\/landkreis-goettingen-setzt-starkes-zeichen-gegen-gewalt-an-frauen\/"]}]},{"@type":"ImageObject","inLanguage":"de","@id":"https:\/\/radioleinewelle.de\/index.php\/2025\/11\/27\/landkreis-goettingen-setzt-starkes-zeichen-gegen-gewalt-an-frauen\/#primaryimage","url":"https:\/\/radioleinewelle.de\/wp-content\/uploads\/2025\/11\/FotoRedeFlaggeHissen2025-scaled.jpg","contentUrl":"https:\/\/radioleinewelle.de\/wp-content\/uploads\/2025\/11\/FotoRedeFlaggeHissen2025-scaled.jpg","width":2560,"height":1922,"caption":"Erste Kreisr\u00e4tin Doreen Fragel und Kreisrat Conrad Finger bei ihrem Redebeitrag vor dem Kreishaus G\u00f6ttingen, begleitet von Rebecca K\u00f6rner, Koordinatorin zur Umsetzung der Istanbul Konvention im Landkreis G\u00f6ttingen und weiteren Vertreterinnen des Frauen*Forums G\u00f6ttingen. \u00a9LK G\u00f6ttingen"},{"@type":"BreadcrumbList","@id":"https:\/\/radioleinewelle.de\/index.php\/2025\/11\/27\/landkreis-goettingen-setzt-starkes-zeichen-gegen-gewalt-an-frauen\/#breadcrumb","itemListElement":[{"@type":"ListItem","position":1,"name":"Startseite","item":"https:\/\/radioleinewelle.de\/"},{"@type":"ListItem","position":2,"name":"Landkreis G\u00f6ttingen setzt klares Zeichen gegen Gewalt an Frauen"}]},{"@type":"WebSite","@id":"https:\/\/radioleinewelle.de\/#website","url":"https:\/\/radioleinewelle.de\/","name":"Radio Leinewelle","description":"","publisher":{"@id":"https:\/\/radioleinewelle.de\/#organization"},"potentialAction":[{"@type":"SearchAction","target":{"@type":"EntryPoint","urlTemplate":"https:\/\/radioleinewelle.de\/?s={search_term_string}"},"query-input":{"@type":"PropertyValueSpecification","valueRequired":true,"valueName":"search_term_string"}}],"inLanguage":"de"},{"@type":"Organization","@id":"https:\/\/radioleinewelle.de\/#organization","name":"Radio Leinewelle","alternateName":"Mein Radio f\u00fcr S\u00fcdniedersachsen","url":"https:\/\/radioleinewelle.de\/","logo":{"@type":"ImageObject","inLanguage":"de","@id":"https:\/\/radioleinewelle.de\/#\/schema\/logo\/image\/","url":"https:\/\/radioleinewelle.de\/wp-content\/uploads\/2023\/11\/cropped-Leinewelle_Logo_weiss.png","contentUrl":"https:\/\/radioleinewelle.de\/wp-content\/uploads\/2023\/11\/cropped-Leinewelle_Logo_weiss.png","width":854,"height":260,"caption":"Radio Leinewelle"},"image":{"@id":"https:\/\/radioleinewelle.de\/#\/schema\/logo\/image\/"},"sameAs":["https:\/\/www.facebook.com\/radioleinewelle","https:\/\/x.com\/RLeinewelle","https:\/\/www.instagram.com\/radioleinewelle\/?hl=de"]},{"@type":"Person","@id":"https:\/\/radioleinewelle.de\/#\/schema\/person\/45606f348637df637192dc1b68399a63","name":"Leinewelle","image":{"@type":"ImageObject","inLanguage":"de","@id":"https:\/\/secure.gravatar.com\/avatar\/05c9a17bc973052ee5d91549bd32fb4dd0dc85b7b85ae94b2e2b4943476bbea5?s=96&d=blank&r=g","url":"https:\/\/secure.gravatar.com\/avatar\/05c9a17bc973052ee5d91549bd32fb4dd0dc85b7b85ae94b2e2b4943476bbea5?s=96&d=blank&r=g","contentUrl":"https:\/\/secure.gravatar.com\/avatar\/05c9a17bc973052ee5d91549bd32fb4dd0dc85b7b85ae94b2e2b4943476bbea5?s=96&d=blank&r=g","caption":"Leinewelle"},"sameAs":["http:\/\/localhost\/radio%20leinewelle\/wordpress","https:\/\/www.facebook.com\/radioleinewelle","https:\/\/www.instagram.com\/radioleinewelle","https:\/\/x.com\/https:\/\/twitter.com\/RLeinewelle?ref_src=twsrcgoogletwcampserptwgrauthor","https:\/\/soundcloud.com\/foerderverein-lokalradio?utm_source=clipboard&utm_medium=text&utm_campaign=social_sharing"],"url":"https:\/\/radioleinewelle.de\/index.php\/author\/leinewelle\/"}]}},"_links":{"self":[{"href":"https:\/\/radioleinewelle.de\/index.php\/wp-json\/wp\/v2\/posts\/29871","targetHints":{"allow":["GET"]}}],"collection":[{"href":"https:\/\/radioleinewelle.de\/index.php\/wp-json\/wp\/v2\/posts"}],"about":[{"href":"https:\/\/radioleinewelle.de\/index.php\/wp-json\/wp\/v2\/types\/post"}],"author":[{"embeddable":true,"href":"https:\/\/radioleinewelle.de\/index.php\/wp-json\/wp\/v2\/users\/1"}],"replies":[{"embeddable":true,"href":"https:\/\/radioleinewelle.de\/index.php\/wp-json\/wp\/v2\/comments?post=29871"}],"version-history":[{"count":8,"href":"https:\/\/radioleinewelle.de\/index.php\/wp-json\/wp\/v2\/posts\/29871\/revisions"}],"predecessor-version":[{"id":29885,"href":"https:\/\/radioleinewelle.de\/index.php\/wp-json\/wp\/v2\/posts\/29871\/revisions\/29885"}],"wp:featuredmedia":[{"embeddable":true,"href":"https:\/\/radioleinewelle.de\/index.php\/wp-json\/wp\/v2\/media\/29876"}],"wp:attachment":[{"href":"https:\/\/radioleinewelle.de\/index.php\/wp-json\/wp\/v2\/media?parent=29871"}],"wp:term":[{"taxonomy":"category","embeddable":true,"href":"https:\/\/radioleinewelle.de\/index.php\/wp-json\/wp\/v2\/categories?post=29871"},{"taxonomy":"post_tag","embeddable":true,"href":"https:\/\/radioleinewelle.de\/index.php\/wp-json\/wp\/v2\/tags?post=29871"}],"curies":[{"name":"wp","href":"https:\/\/api.w.org\/{rel}","templated":true}]}}