{"id":29905,"date":"2025-11-27T18:21:31","date_gmt":"2025-11-27T17:21:31","guid":{"rendered":"https:\/\/radioleinewelle.de\/?p=29905"},"modified":"2025-11-27T18:21:32","modified_gmt":"2025-11-27T17:21:32","slug":"eroeffnung-in-weende-neuer-kaufland-markt-feierlich-gestartet","status":"publish","type":"post","link":"https:\/\/radioleinewelle.de\/index.php\/2025\/11\/27\/eroeffnung-in-weende-neuer-kaufland-markt-feierlich-gestartet\/","title":{"rendered":"Er\u00f6ffnung in Weende: Neuer Kaufland-Markt feierlich gestartet"},"content":{"rendered":"\n\n\n<p>Im Beisein von Vertreter:innen der Kaufland-Zentrale hat Marktleiter Sven Erbach heute p\u00fcnktlich um 7 Uhr das Band durchschnitten und den neuen Kaufland-Markt in G\u00f6ttingen-Weende offiziell er\u00f6ffnet. Unterst\u00fctzung erhielt er dabei von Ratsfrau Jutta Steinke sowie dem Weender Ortsb\u00fcrgermeister Hans-Albert Ludolph.<\/p>\n\n\n\n<p>Zuvor motivierte Erbach das gesamte Team in einer kurzen Ansprache \u2013 und das war auch n\u00f6tig: Schon lange vor der T\u00fcr\u00f6ffnung bildete sich eine gro\u00dfe Schlange aus neugierigen Kundinnen und Kunden, die sich auf die Er\u00f6ffnungsangebote und das moderne Einkaufserlebnis freuten.<\/p>\n\n\n\n\n\n<p>Nach rund 13 Monaten Komplettmodernisierung pr\u00e4sentiert sich die Filiale nun mit besonderem Fokus auf Frische: Gro\u00dfz\u00fcgige Obst- und Gem\u00fcsebereiche, eine erweiterte Molkereiabteilung sowie moderne Bedienungstheken f\u00fcr Fisch, Fleisch, Wurst, K\u00e4se und Antipasti bestimmen das neue Marktbild. Erg\u00e4nzt wird das Angebot durch Fachgesch\u00e4fte und Dienstleister, darunter eine B\u00e4ckereifiliale und ein Sushi-Shop.<\/p>\n\n\n\n<p>Mit dem neuen Standort setzt Kaufland ein starkes Zeichen f\u00fcr die Nahversorgung im Stadtteil Weende \u2013 und das Team freut sich auf viele neue Stammkunden.<\/p>\n\n\n\n<p class=\"has-text-align-right has-small-font-size\"><strong>Fotos &amp; Text<\/strong> <em>Horst Reinart<\/em><\/p>\n\n\n\n<p>#KauflandWeende #Neuer\u00f6ffnung #G\u00f6ttingen #Weende #FrischeErleben #Kaufland #Er\u00f6ffnungstag #EinkaufenInG\u00f6ttingen #RegionalVersorgt #TeamKaufland<\/p>\n","protected":false},"excerpt":{"rendered":"<p>Im Beisein von Vertreter:innen der Kaufland-Zentrale hat Marktleiter Sven Erbach heute p\u00fcnktlich um 7 Uhr das Band durchschnitten und den neuen Kaufland-Markt in G\u00f6ttingen-Weende offiziell er\u00f6ffnet. Unterst\u00fctzung erhielt er dabei von Ratsfrau Jutta Steinke sowie dem Weender Ortsb\u00fcrgermeister Hans-Albert Ludolph. Zuvor motivierte Erbach das gesamte Team in einer kurzen Ansprache \u2013 und das war auch [&hellip;]<\/p>\n","protected":false},"author":1,"featured_media":29906,"comment_status":"open","ping_status":"open","sticky":false,"template":"","format":"standard","meta":{"saved_in_kubio":false,"footnotes":""},"categories":[38],"tags":[4472,4640,4638,4639],"class_list":["post-29905","post","type-post","status-publish","format-standard","has-post-thumbnail","hentry","category-wirtschaft","tag-kaufland-weende","tag-neueroeffnung-weende","tag-regional-versorgt","tag-team-kaufland"],"yoast_head":"<!-- This site is optimized with the Yoast SEO plugin v27.5 - https:\/\/yoast.com\/product\/yoast-seo-wordpress\/ -->\n<title>Er\u00f6ffnung in Weende: Neuer Kaufland-Markt feierlich gestartet - Radio Leinewelle<\/title>\n<meta name=\"description\" content=\"Neuer Kaufland in G\u00f6ttingen-Weende er\u00f6ffnet: moderne Frischeabteilungen, Bedienungstheken und vielf\u00e4ltige Angebote nach 13 Monaten Umbau.\" \/>\n<meta name=\"robots\" content=\"index, follow, max-snippet:-1, max-image-preview:large, max-video-preview:-1\" \/>\n<link rel=\"canonical\" href=\"https:\/\/radioleinewelle.de\/index.php\/2025\/11\/27\/eroeffnung-in-weende-neuer-kaufland-markt-feierlich-gestartet\/\" \/>\n<meta property=\"og:locale\" content=\"de_DE\" \/>\n<meta property=\"og:type\" content=\"article\" \/>\n<meta property=\"og:title\" content=\"Er\u00f6ffnung in Weende: Neuer Kaufland-Markt feierlich gestartet - Radio Leinewelle\" \/>\n<meta property=\"og:description\" content=\"Neuer Kaufland in G\u00f6ttingen-Weende er\u00f6ffnet: moderne Frischeabteilungen, Bedienungstheken und vielf\u00e4ltige Angebote nach 13 Monaten Umbau.\" \/>\n<meta property=\"og:url\" content=\"https:\/\/radioleinewelle.de\/index.php\/2025\/11\/27\/eroeffnung-in-weende-neuer-kaufland-markt-feierlich-gestartet\/\" \/>\n<meta property=\"og:site_name\" content=\"Radio Leinewelle\" \/>\n<meta property=\"article:publisher\" content=\"https:\/\/www.facebook.com\/radioleinewelle\" \/>\n<meta property=\"article:author\" content=\"https:\/\/www.facebook.com\/radioleinewelle\" \/>\n<meta property=\"article:published_time\" content=\"2025-11-27T17:21:31+00:00\" \/>\n<meta property=\"article:modified_time\" content=\"2025-11-27T17:21:32+00:00\" \/>\n<meta property=\"og:image\" content=\"https:\/\/radioleinewelle.de\/wp-content\/uploads\/2025\/11\/Kaufland-Weende-Eroeffnung-1.jpg\" \/>\n\t<meta property=\"og:image:width\" content=\"1600\" \/>\n\t<meta property=\"og:image:height\" content=\"1200\" \/>\n\t<meta property=\"og:image:type\" content=\"image\/jpeg\" \/>\n<meta name=\"author\" content=\"Leinewelle\" \/>\n<meta name=\"twitter:card\" content=\"summary_large_image\" \/>\n<meta name=\"twitter:creator\" content=\"@https:\/\/twitter.com\/RLeinewelle?ref_src=twsrcgoogletwcampserptwgrauthor\" \/>\n<meta name=\"twitter:site\" content=\"@RLeinewelle\" \/>\n<meta name=\"twitter:label1\" content=\"Verfasst von\" \/>\n\t<meta name=\"twitter:data1\" content=\"Leinewelle\" \/>\n\t<meta name=\"twitter:label2\" content=\"Gesch\u00e4tzte Lesezeit\" \/>\n\t<meta name=\"twitter:data2\" content=\"2\u00a0Minuten\" \/>\n<script type=\"application\/ld+json\" class=\"yoast-schema-graph\">{\"@context\":\"https:\\\/\\\/schema.org\",\"@graph\":[{\"@type\":\"Article\",\"@id\":\"https:\\\/\\\/radioleinewelle.de\\\/index.php\\\/2025\\\/11\\\/27\\\/eroeffnung-in-weende-neuer-kaufland-markt-feierlich-gestartet\\\/#article\",\"isPartOf\":{\"@id\":\"https:\\\/\\\/radioleinewelle.de\\\/index.php\\\/2025\\\/11\\\/27\\\/eroeffnung-in-weende-neuer-kaufland-markt-feierlich-gestartet\\\/\"},\"author\":{\"name\":\"Leinewelle\",\"@id\":\"https:\\\/\\\/radioleinewelle.de\\\/#\\\/schema\\\/person\\\/45606f348637df637192dc1b68399a63\"},\"headline\":\"Er\u00f6ffnung in Weende: Neuer Kaufland-Markt feierlich gestartet\",\"datePublished\":\"2025-11-27T17:21:31+00:00\",\"dateModified\":\"2025-11-27T17:21:32+00:00\",\"mainEntityOfPage\":{\"@id\":\"https:\\\/\\\/radioleinewelle.de\\\/index.php\\\/2025\\\/11\\\/27\\\/eroeffnung-in-weende-neuer-kaufland-markt-feierlich-gestartet\\\/\"},\"wordCount\":200,\"commentCount\":0,\"publisher\":{\"@id\":\"https:\\\/\\\/radioleinewelle.de\\\/#organization\"},\"image\":{\"@id\":\"https:\\\/\\\/radioleinewelle.de\\\/index.php\\\/2025\\\/11\\\/27\\\/eroeffnung-in-weende-neuer-kaufland-markt-feierlich-gestartet\\\/#primaryimage\"},\"thumbnailUrl\":\"https:\\\/\\\/radioleinewelle.de\\\/wp-content\\\/uploads\\\/2025\\\/11\\\/Kaufland-Weende-Eroeffnung-1.jpg\",\"keywords\":[\"Kaufland Weende\",\"Neuer\u00f6ffnung Weende\",\"Regional versorgt\",\"Team kaufland\"],\"articleSection\":[\"Wirtschaft\"],\"inLanguage\":\"de\",\"potentialAction\":[{\"@type\":\"CommentAction\",\"name\":\"Comment\",\"target\":[\"https:\\\/\\\/radioleinewelle.de\\\/index.php\\\/2025\\\/11\\\/27\\\/eroeffnung-in-weende-neuer-kaufland-markt-feierlich-gestartet\\\/#respond\"]}]},{\"@type\":\"WebPage\",\"@id\":\"https:\\\/\\\/radioleinewelle.de\\\/index.php\\\/2025\\\/11\\\/27\\\/eroeffnung-in-weende-neuer-kaufland-markt-feierlich-gestartet\\\/\",\"url\":\"https:\\\/\\\/radioleinewelle.de\\\/index.php\\\/2025\\\/11\\\/27\\\/eroeffnung-in-weende-neuer-kaufland-markt-feierlich-gestartet\\\/\",\"name\":\"Er\u00f6ffnung in Weende: Neuer Kaufland-Markt feierlich gestartet - Radio Leinewelle\",\"isPartOf\":{\"@id\":\"https:\\\/\\\/radioleinewelle.de\\\/#website\"},\"primaryImageOfPage\":{\"@id\":\"https:\\\/\\\/radioleinewelle.de\\\/index.php\\\/2025\\\/11\\\/27\\\/eroeffnung-in-weende-neuer-kaufland-markt-feierlich-gestartet\\\/#primaryimage\"},\"image\":{\"@id\":\"https:\\\/\\\/radioleinewelle.de\\\/index.php\\\/2025\\\/11\\\/27\\\/eroeffnung-in-weende-neuer-kaufland-markt-feierlich-gestartet\\\/#primaryimage\"},\"thumbnailUrl\":\"https:\\\/\\\/radioleinewelle.de\\\/wp-content\\\/uploads\\\/2025\\\/11\\\/Kaufland-Weende-Eroeffnung-1.jpg\",\"datePublished\":\"2025-11-27T17:21:31+00:00\",\"dateModified\":\"2025-11-27T17:21:32+00:00\",\"description\":\"Neuer Kaufland in G\u00f6ttingen-Weende er\u00f6ffnet: moderne Frischeabteilungen, Bedienungstheken und vielf\u00e4ltige Angebote nach 13 Monaten Umbau.\",\"breadcrumb\":{\"@id\":\"https:\\\/\\\/radioleinewelle.de\\\/index.php\\\/2025\\\/11\\\/27\\\/eroeffnung-in-weende-neuer-kaufland-markt-feierlich-gestartet\\\/#breadcrumb\"},\"inLanguage\":\"de\",\"potentialAction\":[{\"@type\":\"ReadAction\",\"target\":[\"https:\\\/\\\/radioleinewelle.de\\\/index.php\\\/2025\\\/11\\\/27\\\/eroeffnung-in-weende-neuer-kaufland-markt-feierlich-gestartet\\\/\"]}]},{\"@type\":\"ImageObject\",\"inLanguage\":\"de\",\"@id\":\"https:\\\/\\\/radioleinewelle.de\\\/index.php\\\/2025\\\/11\\\/27\\\/eroeffnung-in-weende-neuer-kaufland-markt-feierlich-gestartet\\\/#primaryimage\",\"url\":\"https:\\\/\\\/radioleinewelle.de\\\/wp-content\\\/uploads\\\/2025\\\/11\\\/Kaufland-Weende-Eroeffnung-1.jpg\",\"contentUrl\":\"https:\\\/\\\/radioleinewelle.de\\\/wp-content\\\/uploads\\\/2025\\\/11\\\/Kaufland-Weende-Eroeffnung-1.jpg\",\"width\":1600,\"height\":1200,\"caption\":\"Marktleiter Sven Erbach durchschneidet gemeinsam mit lokalen Vertreterinnen und Vertretern das Er\u00f6ffnungsband im neuen Kaufland-Markt in G\u00f6ttingen-Weende\"},{\"@type\":\"BreadcrumbList\",\"@id\":\"https:\\\/\\\/radioleinewelle.de\\\/index.php\\\/2025\\\/11\\\/27\\\/eroeffnung-in-weende-neuer-kaufland-markt-feierlich-gestartet\\\/#breadcrumb\",\"itemListElement\":[{\"@type\":\"ListItem\",\"position\":1,\"name\":\"Startseite\",\"item\":\"https:\\\/\\\/radioleinewelle.de\\\/\"},{\"@type\":\"ListItem\",\"position\":2,\"name\":\"Er\u00f6ffnung in Weende: Neuer Kaufland-Markt feierlich gestartet\"}]},{\"@type\":\"WebSite\",\"@id\":\"https:\\\/\\\/radioleinewelle.de\\\/#website\",\"url\":\"https:\\\/\\\/radioleinewelle.de\\\/\",\"name\":\"Radio Leinewelle\",\"description\":\"\",\"publisher\":{\"@id\":\"https:\\\/\\\/radioleinewelle.de\\\/#organization\"},\"potentialAction\":[{\"@type\":\"SearchAction\",\"target\":{\"@type\":\"EntryPoint\",\"urlTemplate\":\"https:\\\/\\\/radioleinewelle.de\\\/?s={search_term_string}\"},\"query-input\":{\"@type\":\"PropertyValueSpecification\",\"valueRequired\":true,\"valueName\":\"search_term_string\"}}],\"inLanguage\":\"de\"},{\"@type\":\"Organization\",\"@id\":\"https:\\\/\\\/radioleinewelle.de\\\/#organization\",\"name\":\"Radio Leinewelle\",\"alternateName\":\"Mein Radio f\u00fcr S\u00fcdniedersachsen\",\"url\":\"https:\\\/\\\/radioleinewelle.de\\\/\",\"logo\":{\"@type\":\"ImageObject\",\"inLanguage\":\"de\",\"@id\":\"https:\\\/\\\/radioleinewelle.de\\\/#\\\/schema\\\/logo\\\/image\\\/\",\"url\":\"https:\\\/\\\/radioleinewelle.de\\\/wp-content\\\/uploads\\\/2023\\\/11\\\/cropped-Leinewelle_Logo_weiss.png\",\"contentUrl\":\"https:\\\/\\\/radioleinewelle.de\\\/wp-content\\\/uploads\\\/2023\\\/11\\\/cropped-Leinewelle_Logo_weiss.png\",\"width\":854,\"height\":260,\"caption\":\"Radio Leinewelle\"},\"image\":{\"@id\":\"https:\\\/\\\/radioleinewelle.de\\\/#\\\/schema\\\/logo\\\/image\\\/\"},\"sameAs\":[\"https:\\\/\\\/www.facebook.com\\\/radioleinewelle\",\"https:\\\/\\\/x.com\\\/RLeinewelle\",\"https:\\\/\\\/www.instagram.com\\\/radioleinewelle\\\/?hl=de\"]},{\"@type\":\"Person\",\"@id\":\"https:\\\/\\\/radioleinewelle.de\\\/#\\\/schema\\\/person\\\/45606f348637df637192dc1b68399a63\",\"name\":\"Leinewelle\",\"image\":{\"@type\":\"ImageObject\",\"inLanguage\":\"de\",\"@id\":\"https:\\\/\\\/secure.gravatar.com\\\/avatar\\\/05c9a17bc973052ee5d91549bd32fb4dd0dc85b7b85ae94b2e2b4943476bbea5?s=96&d=blank&r=g\",\"url\":\"https:\\\/\\\/secure.gravatar.com\\\/avatar\\\/05c9a17bc973052ee5d91549bd32fb4dd0dc85b7b85ae94b2e2b4943476bbea5?s=96&d=blank&r=g\",\"contentUrl\":\"https:\\\/\\\/secure.gravatar.com\\\/avatar\\\/05c9a17bc973052ee5d91549bd32fb4dd0dc85b7b85ae94b2e2b4943476bbea5?s=96&d=blank&r=g\",\"caption\":\"Leinewelle\"},\"sameAs\":[\"http:\\\/\\\/localhost\\\/radio%20leinewelle\\\/wordpress\",\"https:\\\/\\\/www.facebook.com\\\/radioleinewelle\",\"https:\\\/\\\/www.instagram.com\\\/radioleinewelle\",\"https:\\\/\\\/x.com\\\/https:\\\/\\\/twitter.com\\\/RLeinewelle?ref_src=twsrcgoogletwcampserptwgrauthor\",\"https:\\\/\\\/soundcloud.com\\\/foerderverein-lokalradio?utm_source=clipboard&utm_medium=text&utm_campaign=social_sharing\"],\"url\":\"https:\\\/\\\/radioleinewelle.de\\\/index.php\\\/author\\\/leinewelle\\\/\"}]}<\/script>\n<!-- \/ Yoast SEO plugin. -->","yoast_head_json":{"title":"Er\u00f6ffnung in Weende: Neuer Kaufland-Markt feierlich gestartet - Radio Leinewelle","description":"Neuer Kaufland in G\u00f6ttingen-Weende er\u00f6ffnet: moderne Frischeabteilungen, Bedienungstheken und vielf\u00e4ltige Angebote nach 13 Monaten Umbau.","robots":{"index":"index","follow":"follow","max-snippet":"max-snippet:-1","max-image-preview":"max-image-preview:large","max-video-preview":"max-video-preview:-1"},"canonical":"https:\/\/radioleinewelle.de\/index.php\/2025\/11\/27\/eroeffnung-in-weende-neuer-kaufland-markt-feierlich-gestartet\/","og_locale":"de_DE","og_type":"article","og_title":"Er\u00f6ffnung in Weende: Neuer Kaufland-Markt feierlich gestartet - Radio Leinewelle","og_description":"Neuer Kaufland in G\u00f6ttingen-Weende er\u00f6ffnet: moderne Frischeabteilungen, Bedienungstheken und vielf\u00e4ltige Angebote nach 13 Monaten Umbau.","og_url":"https:\/\/radioleinewelle.de\/index.php\/2025\/11\/27\/eroeffnung-in-weende-neuer-kaufland-markt-feierlich-gestartet\/","og_site_name":"Radio Leinewelle","article_publisher":"https:\/\/www.facebook.com\/radioleinewelle","article_author":"https:\/\/www.facebook.com\/radioleinewelle","article_published_time":"2025-11-27T17:21:31+00:00","article_modified_time":"2025-11-27T17:21:32+00:00","og_image":[{"width":1600,"height":1200,"url":"https:\/\/radioleinewelle.de\/wp-content\/uploads\/2025\/11\/Kaufland-Weende-Eroeffnung-1.jpg","type":"image\/jpeg"}],"author":"Leinewelle","twitter_card":"summary_large_image","twitter_creator":"@https:\/\/twitter.com\/RLeinewelle?ref_src=twsrcgoogletwcampserptwgrauthor","twitter_site":"@RLeinewelle","twitter_misc":{"Verfasst von":"Leinewelle","Gesch\u00e4tzte Lesezeit":"2\u00a0Minuten"},"schema":{"@context":"https:\/\/schema.org","@graph":[{"@type":"Article","@id":"https:\/\/radioleinewelle.de\/index.php\/2025\/11\/27\/eroeffnung-in-weende-neuer-kaufland-markt-feierlich-gestartet\/#article","isPartOf":{"@id":"https:\/\/radioleinewelle.de\/index.php\/2025\/11\/27\/eroeffnung-in-weende-neuer-kaufland-markt-feierlich-gestartet\/"},"author":{"name":"Leinewelle","@id":"https:\/\/radioleinewelle.de\/#\/schema\/person\/45606f348637df637192dc1b68399a63"},"headline":"Er\u00f6ffnung in Weende: Neuer Kaufland-Markt feierlich gestartet","datePublished":"2025-11-27T17:21:31+00:00","dateModified":"2025-11-27T17:21:32+00:00","mainEntityOfPage":{"@id":"https:\/\/radioleinewelle.de\/index.php\/2025\/11\/27\/eroeffnung-in-weende-neuer-kaufland-markt-feierlich-gestartet\/"},"wordCount":200,"commentCount":0,"publisher":{"@id":"https:\/\/radioleinewelle.de\/#organization"},"image":{"@id":"https:\/\/radioleinewelle.de\/index.php\/2025\/11\/27\/eroeffnung-in-weende-neuer-kaufland-markt-feierlich-gestartet\/#primaryimage"},"thumbnailUrl":"https:\/\/radioleinewelle.de\/wp-content\/uploads\/2025\/11\/Kaufland-Weende-Eroeffnung-1.jpg","keywords":["Kaufland Weende","Neuer\u00f6ffnung Weende","Regional versorgt","Team kaufland"],"articleSection":["Wirtschaft"],"inLanguage":"de","potentialAction":[{"@type":"CommentAction","name":"Comment","target":["https:\/\/radioleinewelle.de\/index.php\/2025\/11\/27\/eroeffnung-in-weende-neuer-kaufland-markt-feierlich-gestartet\/#respond"]}]},{"@type":"WebPage","@id":"https:\/\/radioleinewelle.de\/index.php\/2025\/11\/27\/eroeffnung-in-weende-neuer-kaufland-markt-feierlich-gestartet\/","url":"https:\/\/radioleinewelle.de\/index.php\/2025\/11\/27\/eroeffnung-in-weende-neuer-kaufland-markt-feierlich-gestartet\/","name":"Er\u00f6ffnung in Weende: Neuer Kaufland-Markt feierlich gestartet - Radio Leinewelle","isPartOf":{"@id":"https:\/\/radioleinewelle.de\/#website"},"primaryImageOfPage":{"@id":"https:\/\/radioleinewelle.de\/index.php\/2025\/11\/27\/eroeffnung-in-weende-neuer-kaufland-markt-feierlich-gestartet\/#primaryimage"},"image":{"@id":"https:\/\/radioleinewelle.de\/index.php\/2025\/11\/27\/eroeffnung-in-weende-neuer-kaufland-markt-feierlich-gestartet\/#primaryimage"},"thumbnailUrl":"https:\/\/radioleinewelle.de\/wp-content\/uploads\/2025\/11\/Kaufland-Weende-Eroeffnung-1.jpg","datePublished":"2025-11-27T17:21:31+00:00","dateModified":"2025-11-27T17:21:32+00:00","description":"Neuer Kaufland in G\u00f6ttingen-Weende er\u00f6ffnet: moderne Frischeabteilungen, Bedienungstheken und vielf\u00e4ltige Angebote nach 13 Monaten Umbau.","breadcrumb":{"@id":"https:\/\/radioleinewelle.de\/index.php\/2025\/11\/27\/eroeffnung-in-weende-neuer-kaufland-markt-feierlich-gestartet\/#breadcrumb"},"inLanguage":"de","potentialAction":[{"@type":"ReadAction","target":["https:\/\/radioleinewelle.de\/index.php\/2025\/11\/27\/eroeffnung-in-weende-neuer-kaufland-markt-feierlich-gestartet\/"]}]},{"@type":"ImageObject","inLanguage":"de","@id":"https:\/\/radioleinewelle.de\/index.php\/2025\/11\/27\/eroeffnung-in-weende-neuer-kaufland-markt-feierlich-gestartet\/#primaryimage","url":"https:\/\/radioleinewelle.de\/wp-content\/uploads\/2025\/11\/Kaufland-Weende-Eroeffnung-1.jpg","contentUrl":"https:\/\/radioleinewelle.de\/wp-content\/uploads\/2025\/11\/Kaufland-Weende-Eroeffnung-1.jpg","width":1600,"height":1200,"caption":"Marktleiter Sven Erbach durchschneidet gemeinsam mit lokalen Vertreterinnen und Vertretern das Er\u00f6ffnungsband im neuen Kaufland-Markt in G\u00f6ttingen-Weende"},{"@type":"BreadcrumbList","@id":"https:\/\/radioleinewelle.de\/index.php\/2025\/11\/27\/eroeffnung-in-weende-neuer-kaufland-markt-feierlich-gestartet\/#breadcrumb","itemListElement":[{"@type":"ListItem","position":1,"name":"Startseite","item":"https:\/\/radioleinewelle.de\/"},{"@type":"ListItem","position":2,"name":"Er\u00f6ffnung in Weende: Neuer Kaufland-Markt feierlich gestartet"}]},{"@type":"WebSite","@id":"https:\/\/radioleinewelle.de\/#website","url":"https:\/\/radioleinewelle.de\/","name":"Radio Leinewelle","description":"","publisher":{"@id":"https:\/\/radioleinewelle.de\/#organization"},"potentialAction":[{"@type":"SearchAction","target":{"@type":"EntryPoint","urlTemplate":"https:\/\/radioleinewelle.de\/?s={search_term_string}"},"query-input":{"@type":"PropertyValueSpecification","valueRequired":true,"valueName":"search_term_string"}}],"inLanguage":"de"},{"@type":"Organization","@id":"https:\/\/radioleinewelle.de\/#organization","name":"Radio Leinewelle","alternateName":"Mein Radio f\u00fcr S\u00fcdniedersachsen","url":"https:\/\/radioleinewelle.de\/","logo":{"@type":"ImageObject","inLanguage":"de","@id":"https:\/\/radioleinewelle.de\/#\/schema\/logo\/image\/","url":"https:\/\/radioleinewelle.de\/wp-content\/uploads\/2023\/11\/cropped-Leinewelle_Logo_weiss.png","contentUrl":"https:\/\/radioleinewelle.de\/wp-content\/uploads\/2023\/11\/cropped-Leinewelle_Logo_weiss.png","width":854,"height":260,"caption":"Radio Leinewelle"},"image":{"@id":"https:\/\/radioleinewelle.de\/#\/schema\/logo\/image\/"},"sameAs":["https:\/\/www.facebook.com\/radioleinewelle","https:\/\/x.com\/RLeinewelle","https:\/\/www.instagram.com\/radioleinewelle\/?hl=de"]},{"@type":"Person","@id":"https:\/\/radioleinewelle.de\/#\/schema\/person\/45606f348637df637192dc1b68399a63","name":"Leinewelle","image":{"@type":"ImageObject","inLanguage":"de","@id":"https:\/\/secure.gravatar.com\/avatar\/05c9a17bc973052ee5d91549bd32fb4dd0dc85b7b85ae94b2e2b4943476bbea5?s=96&d=blank&r=g","url":"https:\/\/secure.gravatar.com\/avatar\/05c9a17bc973052ee5d91549bd32fb4dd0dc85b7b85ae94b2e2b4943476bbea5?s=96&d=blank&r=g","contentUrl":"https:\/\/secure.gravatar.com\/avatar\/05c9a17bc973052ee5d91549bd32fb4dd0dc85b7b85ae94b2e2b4943476bbea5?s=96&d=blank&r=g","caption":"Leinewelle"},"sameAs":["http:\/\/localhost\/radio%20leinewelle\/wordpress","https:\/\/www.facebook.com\/radioleinewelle","https:\/\/www.instagram.com\/radioleinewelle","https:\/\/x.com\/https:\/\/twitter.com\/RLeinewelle?ref_src=twsrcgoogletwcampserptwgrauthor","https:\/\/soundcloud.com\/foerderverein-lokalradio?utm_source=clipboard&utm_medium=text&utm_campaign=social_sharing"],"url":"https:\/\/radioleinewelle.de\/index.php\/author\/leinewelle\/"}]}},"_links":{"self":[{"href":"https:\/\/radioleinewelle.de\/index.php\/wp-json\/wp\/v2\/posts\/29905","targetHints":{"allow":["GET"]}}],"collection":[{"href":"https:\/\/radioleinewelle.de\/index.php\/wp-json\/wp\/v2\/posts"}],"about":[{"href":"https:\/\/radioleinewelle.de\/index.php\/wp-json\/wp\/v2\/types\/post"}],"author":[{"embeddable":true,"href":"https:\/\/radioleinewelle.de\/index.php\/wp-json\/wp\/v2\/users\/1"}],"replies":[{"embeddable":true,"href":"https:\/\/radioleinewelle.de\/index.php\/wp-json\/wp\/v2\/comments?post=29905"}],"version-history":[{"count":2,"href":"https:\/\/radioleinewelle.de\/index.php\/wp-json\/wp\/v2\/posts\/29905\/revisions"}],"predecessor-version":[{"id":29910,"href":"https:\/\/radioleinewelle.de\/index.php\/wp-json\/wp\/v2\/posts\/29905\/revisions\/29910"}],"wp:featuredmedia":[{"embeddable":true,"href":"https:\/\/radioleinewelle.de\/index.php\/wp-json\/wp\/v2\/media\/29906"}],"wp:attachment":[{"href":"https:\/\/radioleinewelle.de\/index.php\/wp-json\/wp\/v2\/media?parent=29905"}],"wp:term":[{"taxonomy":"category","embeddable":true,"href":"https:\/\/radioleinewelle.de\/index.php\/wp-json\/wp\/v2\/categories?post=29905"},{"taxonomy":"post_tag","embeddable":true,"href":"https:\/\/radioleinewelle.de\/index.php\/wp-json\/wp\/v2\/tags?post=29905"}],"curies":[{"name":"wp","href":"https:\/\/api.w.org\/{rel}","templated":true}]}}