{"id":29912,"date":"2025-11-28T07:06:33","date_gmt":"2025-11-28T06:06:33","guid":{"rendered":"https:\/\/radioleinewelle.de\/?p=29912"},"modified":"2025-11-28T07:15:15","modified_gmt":"2025-11-28T06:15:15","slug":"29912","status":"publish","type":"post","link":"https:\/\/radioleinewelle.de\/index.php\/2025\/11\/28\/29912\/","title":{"rendered":"&#8222;Entscheidungen unter Druck&#8220; &#8211; Deniz Aytekin auf dem Jahresempfang  der UMG"},"content":{"rendered":"\n\n\n<p>Am Dienstagabend, 25. November 2025, versammelten sich mehr als 500 G\u00e4ste aus Politik, Wissenschaft, Gesundheitswesen, Kirche, Wirtschaft und Ehrenamt zum Jahresempfang der Universit\u00e4tsmedizin G\u00f6ttingen (UMG). Mit einer eindrucksvollen Keynote zum Thema\u00a0<strong>\u201eEntscheidungen unter Druck\u201c<\/strong>\u00a0begeisterte einer der bekanntesten deutschen Fu\u00dfballschiedsrichter,\u00a0<strong>Deniz Aytekin<\/strong>, das Publikum.<\/p>\n\n\n\n\n\n<p class=\"has-text-align-center\"><strong><em><mark style=\"background-color:rgba(0, 0, 0, 0)\" class=\"has-inline-color has-kubio-color-2-color\">Wie im Fu\u00dfball muss man auch in der Medizin in Sekunden Entscheidungen treffen.<\/mark><\/em><\/strong><br>Prof. Dr. Wolfgang Br\u00fcck, Sprecher des Vorstands UMG<\/p>\n\n\n\n\n\n<p><br><strong>Bauten, Forschung und Visionen f\u00fcr die Zukunft<\/strong><br>Zum Auftakt gab Prof. Dr. Wolfgang Br\u00fcck, Sprecher des Vorstandes der UMG, Einblicke in die Gro\u00dfprojekte der kommenden Jahre. Besonders im Fokus: der fristgerechte Fortschritt des Neubaus\u00a0<strong>\u201eNIKO\u201c<\/strong>\u00a0sowie die Planungen f\u00fcr das neue Eltern-Kind-Zentrum\u00a0<strong>\u201eELKI\u201c<\/strong>. Auch die zus\u00e4tzliche F\u00f6rderung des Landes Niedersachsen in H\u00f6he von 600 Mio. Euro wurde als wichtiges Signal f\u00fcr den Gesundheitsstandort G\u00f6ttingen gew\u00fcrdigt.<br><br><strong>Entscheiden in 0,8 Sekunden \u2013 Aytekins Erfolgsrezept<\/strong><br>Nur\u00a00,8 Sekunden\u00a0bleiben einem Bundesliga-Schiedsrichter f\u00fcr eine Entscheidung. Deniz Aytekin demonstrierte anhand packender Spielszenen, wie Vorbereitung, Antizipation und Teamarbeit helfen, auch unter maximalem Druck richtig zu handeln. Sein pers\u00f6nliches Erfolgsprinzip:<\/p>\n\n\n\n\n\n<p class=\"has-text-align-center\"><strong><mark style=\"background-color:rgba(0, 0, 0, 0)\" class=\"has-inline-color has-kubio-color-2-color\"><em>In der Sache klar entscheiden, aber dem Menschen immer auf Augenh\u00f6he begegnen<\/em>.<\/mark><\/strong><br>Deniz Aytekin<\/p>\n\n\n\n\n\n\n\n<p>Dass er mit dieser Haltung erfolgreich ist, zeigt sein Weg: vom einst am schlechtesten bewerteten Schiedsrichter zum mehrfach ausgezeichneten DFB-Referee des Jahres.<\/p>\n\n\n\n<p><strong>Gemeinsame Verantwortung: Wirtschaft, Politik und Medizin<\/strong><br>In der anschlie\u00dfenden Podiumsdiskussion wurde deutlich: Wirtschaft, Politik und Medizin stehen vor den gleichen Herausforderungen \u2013 schnelle Entscheidungen mit gro\u00dfen Auswirkungen. Eine transparente Fehlerkultur, Vertrauen und Respekt im Miteinander seien entscheidend f\u00fcr Fortschritt in allen Bereichen, so der Tenor der Runde.<br>Unter musikalischer Begleitung und vielen pers\u00f6nlichen Gespr\u00e4chen klang der Abend im Foyer der UMG aus \u2013 inspiriert von einem starken Pl\u00e4doyer f\u00fcr Menschlichkeit unter Druck.<\/p>\n\n\n\n<p><\/p>\n\n\n\n<p><\/p>\n\n\n\n<p><\/p>\n","protected":false},"excerpt":{"rendered":"<p>Am Dienstagabend, 25. November 2025, versammelten sich mehr als 500 G\u00e4ste aus Politik, Wissenschaft, Gesundheitswesen, Kirche, Wirtschaft und Ehrenamt zum Jahresempfang der Universit\u00e4tsmedizin G\u00f6ttingen (UMG). Mit einer eindrucksvollen Keynote zum Thema\u00a0\u201eEntscheidungen unter Druck\u201c\u00a0begeisterte einer der bekanntesten deutschen Fu\u00dfballschiedsrichter,\u00a0Deniz Aytekin, das Publikum. Wie im Fu\u00dfball muss man auch in der Medizin in Sekunden Entscheidungen treffen.Prof. Dr. [&hellip;]<\/p>\n","protected":false},"author":1,"featured_media":29917,"comment_status":"open","ping_status":"open","sticky":false,"template":"","format":"standard","meta":{"saved_in_kubio":false,"footnotes":""},"categories":[4179],"tags":[4642,4643,4641,4646,4645,4644,98],"class_list":["post-29912","post","type-post","status-publish","format-standard","has-post-thumbnail","hentry","category-universitaetsmedizin-goettingen-umg","tag-deniz-aytekin","tag-entscheidungen-unter-druck","tag-jahresempfang-2025","tag-leadership","tag-medizin-mit-zukunft","tag-respekt","tag-umg"],"yoast_head":"<!-- This site is optimized with the Yoast SEO plugin v27.5 - https:\/\/yoast.com\/product\/yoast-seo-wordpress\/ -->\n<title>&quot;Entscheidungen unter Druck&quot; - Deniz Aytekin auf dem Jahresempfang der UMG - Radio Leinewelle<\/title>\n<meta name=\"description\" content=\"Eindrucksvoller Jahresempfang der Universit\u00e4tsmedizin G\u00f6ttingen (UMG): Schiedsrichter Deniz Aytekin begeistert \u00fcber 500 G\u00e4ste mit einer Keynote zu Entscheidungen unter Druck. Zukunftsprojekte, Podiumsdiskussion und starke Botschaften f\u00fcr Medizin, Politik und Wirtschaft.\" \/>\n<meta name=\"robots\" content=\"index, follow, max-snippet:-1, max-image-preview:large, max-video-preview:-1\" \/>\n<link rel=\"canonical\" href=\"https:\/\/radioleinewelle.de\/index.php\/2025\/11\/28\/29912\/\" \/>\n<meta property=\"og:locale\" content=\"de_DE\" \/>\n<meta property=\"og:type\" content=\"article\" \/>\n<meta property=\"og:title\" content=\"&quot;Entscheidungen unter Druck&quot; - Deniz Aytekin auf dem Jahresempfang der UMG - Radio Leinewelle\" \/>\n<meta property=\"og:description\" content=\"Eindrucksvoller Jahresempfang der Universit\u00e4tsmedizin G\u00f6ttingen (UMG): Schiedsrichter Deniz Aytekin begeistert \u00fcber 500 G\u00e4ste mit einer Keynote zu Entscheidungen unter Druck. Zukunftsprojekte, Podiumsdiskussion und starke Botschaften f\u00fcr Medizin, Politik und Wirtschaft.\" \/>\n<meta property=\"og:url\" content=\"https:\/\/radioleinewelle.de\/index.php\/2025\/11\/28\/29912\/\" \/>\n<meta property=\"og:site_name\" content=\"Radio Leinewelle\" \/>\n<meta property=\"article:publisher\" content=\"https:\/\/www.facebook.com\/radioleinewelle\" \/>\n<meta property=\"article:author\" content=\"https:\/\/www.facebook.com\/radioleinewelle\" \/>\n<meta property=\"article:published_time\" content=\"2025-11-28T06:06:33+00:00\" \/>\n<meta property=\"article:modified_time\" content=\"2025-11-28T06:15:15+00:00\" \/>\n<meta property=\"og:image\" content=\"https:\/\/radioleinewelle.de\/wp-content\/uploads\/2025\/11\/UMG-Jahresempfang-2025_Foto-3-scaled-e1764309339534.jpg\" \/>\n\t<meta property=\"og:image:width\" content=\"1500\" \/>\n\t<meta property=\"og:image:height\" content=\"1000\" \/>\n\t<meta property=\"og:image:type\" content=\"image\/jpeg\" \/>\n<meta name=\"author\" content=\"Leinewelle\" \/>\n<meta name=\"twitter:card\" content=\"summary_large_image\" \/>\n<meta name=\"twitter:creator\" content=\"@https:\/\/twitter.com\/RLeinewelle?ref_src=twsrcgoogletwcampserptwgrauthor\" \/>\n<meta name=\"twitter:site\" content=\"@RLeinewelle\" \/>\n<meta name=\"twitter:label1\" content=\"Verfasst von\" \/>\n\t<meta name=\"twitter:data1\" content=\"Leinewelle\" \/>\n\t<meta name=\"twitter:label2\" content=\"Gesch\u00e4tzte Lesezeit\" \/>\n\t<meta name=\"twitter:data2\" content=\"2\u00a0Minuten\" \/>\n<script type=\"application\/ld+json\" class=\"yoast-schema-graph\">{\"@context\":\"https:\\\/\\\/schema.org\",\"@graph\":[{\"@type\":\"Article\",\"@id\":\"https:\\\/\\\/radioleinewelle.de\\\/index.php\\\/2025\\\/11\\\/28\\\/29912\\\/#article\",\"isPartOf\":{\"@id\":\"https:\\\/\\\/radioleinewelle.de\\\/index.php\\\/2025\\\/11\\\/28\\\/29912\\\/\"},\"author\":{\"name\":\"Leinewelle\",\"@id\":\"https:\\\/\\\/radioleinewelle.de\\\/#\\\/schema\\\/person\\\/45606f348637df637192dc1b68399a63\"},\"headline\":\"&#8222;Entscheidungen unter Druck&#8220; &#8211; Deniz Aytekin auf dem Jahresempfang der UMG\",\"datePublished\":\"2025-11-28T06:06:33+00:00\",\"dateModified\":\"2025-11-28T06:15:15+00:00\",\"mainEntityOfPage\":{\"@id\":\"https:\\\/\\\/radioleinewelle.de\\\/index.php\\\/2025\\\/11\\\/28\\\/29912\\\/\"},\"wordCount\":336,\"commentCount\":0,\"publisher\":{\"@id\":\"https:\\\/\\\/radioleinewelle.de\\\/#organization\"},\"image\":{\"@id\":\"https:\\\/\\\/radioleinewelle.de\\\/index.php\\\/2025\\\/11\\\/28\\\/29912\\\/#primaryimage\"},\"thumbnailUrl\":\"https:\\\/\\\/radioleinewelle.de\\\/wp-content\\\/uploads\\\/2025\\\/11\\\/UMG-Jahresempfang-2025_Foto-3-scaled-e1764309339534.jpg\",\"keywords\":[\"Deniz Aytekin\",\"Entscheidungen unter Druck\",\"Jahresempfang 2025\",\"Leadership\",\"medizin Mit Zukunft\",\"Respekt\",\"UMG\"],\"articleSection\":[\"Universit\u00e4tsmedizin G\u00f6ttingen UMG\"],\"inLanguage\":\"de\",\"potentialAction\":[{\"@type\":\"CommentAction\",\"name\":\"Comment\",\"target\":[\"https:\\\/\\\/radioleinewelle.de\\\/index.php\\\/2025\\\/11\\\/28\\\/29912\\\/#respond\"]}]},{\"@type\":\"WebPage\",\"@id\":\"https:\\\/\\\/radioleinewelle.de\\\/index.php\\\/2025\\\/11\\\/28\\\/29912\\\/\",\"url\":\"https:\\\/\\\/radioleinewelle.de\\\/index.php\\\/2025\\\/11\\\/28\\\/29912\\\/\",\"name\":\"\\\"Entscheidungen unter Druck\\\" - Deniz Aytekin auf dem Jahresempfang der UMG - Radio Leinewelle\",\"isPartOf\":{\"@id\":\"https:\\\/\\\/radioleinewelle.de\\\/#website\"},\"primaryImageOfPage\":{\"@id\":\"https:\\\/\\\/radioleinewelle.de\\\/index.php\\\/2025\\\/11\\\/28\\\/29912\\\/#primaryimage\"},\"image\":{\"@id\":\"https:\\\/\\\/radioleinewelle.de\\\/index.php\\\/2025\\\/11\\\/28\\\/29912\\\/#primaryimage\"},\"thumbnailUrl\":\"https:\\\/\\\/radioleinewelle.de\\\/wp-content\\\/uploads\\\/2025\\\/11\\\/UMG-Jahresempfang-2025_Foto-3-scaled-e1764309339534.jpg\",\"datePublished\":\"2025-11-28T06:06:33+00:00\",\"dateModified\":\"2025-11-28T06:15:15+00:00\",\"description\":\"Eindrucksvoller Jahresempfang der Universit\u00e4tsmedizin G\u00f6ttingen (UMG): Schiedsrichter Deniz Aytekin begeistert \u00fcber 500 G\u00e4ste mit einer Keynote zu Entscheidungen unter Druck. Zukunftsprojekte, Podiumsdiskussion und starke Botschaften f\u00fcr Medizin, Politik und Wirtschaft.\",\"breadcrumb\":{\"@id\":\"https:\\\/\\\/radioleinewelle.de\\\/index.php\\\/2025\\\/11\\\/28\\\/29912\\\/#breadcrumb\"},\"inLanguage\":\"de\",\"potentialAction\":[{\"@type\":\"ReadAction\",\"target\":[\"https:\\\/\\\/radioleinewelle.de\\\/index.php\\\/2025\\\/11\\\/28\\\/29912\\\/\"]}]},{\"@type\":\"ImageObject\",\"inLanguage\":\"de\",\"@id\":\"https:\\\/\\\/radioleinewelle.de\\\/index.php\\\/2025\\\/11\\\/28\\\/29912\\\/#primaryimage\",\"url\":\"https:\\\/\\\/radioleinewelle.de\\\/wp-content\\\/uploads\\\/2025\\\/11\\\/UMG-Jahresempfang-2025_Foto-3-scaled-e1764309339534.jpg\",\"contentUrl\":\"https:\\\/\\\/radioleinewelle.de\\\/wp-content\\\/uploads\\\/2025\\\/11\\\/UMG-Jahresempfang-2025_Foto-3-scaled-e1764309339534.jpg\",\"width\":1500,\"height\":1000},{\"@type\":\"BreadcrumbList\",\"@id\":\"https:\\\/\\\/radioleinewelle.de\\\/index.php\\\/2025\\\/11\\\/28\\\/29912\\\/#breadcrumb\",\"itemListElement\":[{\"@type\":\"ListItem\",\"position\":1,\"name\":\"Startseite\",\"item\":\"https:\\\/\\\/radioleinewelle.de\\\/\"},{\"@type\":\"ListItem\",\"position\":2,\"name\":\"&#8222;Entscheidungen unter Druck&#8220; &#8211; Deniz Aytekin auf dem Jahresempfang der UMG\"}]},{\"@type\":\"WebSite\",\"@id\":\"https:\\\/\\\/radioleinewelle.de\\\/#website\",\"url\":\"https:\\\/\\\/radioleinewelle.de\\\/\",\"name\":\"Radio Leinewelle\",\"description\":\"\",\"publisher\":{\"@id\":\"https:\\\/\\\/radioleinewelle.de\\\/#organization\"},\"potentialAction\":[{\"@type\":\"SearchAction\",\"target\":{\"@type\":\"EntryPoint\",\"urlTemplate\":\"https:\\\/\\\/radioleinewelle.de\\\/?s={search_term_string}\"},\"query-input\":{\"@type\":\"PropertyValueSpecification\",\"valueRequired\":true,\"valueName\":\"search_term_string\"}}],\"inLanguage\":\"de\"},{\"@type\":\"Organization\",\"@id\":\"https:\\\/\\\/radioleinewelle.de\\\/#organization\",\"name\":\"Radio Leinewelle\",\"alternateName\":\"Mein Radio f\u00fcr S\u00fcdniedersachsen\",\"url\":\"https:\\\/\\\/radioleinewelle.de\\\/\",\"logo\":{\"@type\":\"ImageObject\",\"inLanguage\":\"de\",\"@id\":\"https:\\\/\\\/radioleinewelle.de\\\/#\\\/schema\\\/logo\\\/image\\\/\",\"url\":\"https:\\\/\\\/radioleinewelle.de\\\/wp-content\\\/uploads\\\/2023\\\/11\\\/cropped-Leinewelle_Logo_weiss.png\",\"contentUrl\":\"https:\\\/\\\/radioleinewelle.de\\\/wp-content\\\/uploads\\\/2023\\\/11\\\/cropped-Leinewelle_Logo_weiss.png\",\"width\":854,\"height\":260,\"caption\":\"Radio Leinewelle\"},\"image\":{\"@id\":\"https:\\\/\\\/radioleinewelle.de\\\/#\\\/schema\\\/logo\\\/image\\\/\"},\"sameAs\":[\"https:\\\/\\\/www.facebook.com\\\/radioleinewelle\",\"https:\\\/\\\/x.com\\\/RLeinewelle\",\"https:\\\/\\\/www.instagram.com\\\/radioleinewelle\\\/?hl=de\"]},{\"@type\":\"Person\",\"@id\":\"https:\\\/\\\/radioleinewelle.de\\\/#\\\/schema\\\/person\\\/45606f348637df637192dc1b68399a63\",\"name\":\"Leinewelle\",\"image\":{\"@type\":\"ImageObject\",\"inLanguage\":\"de\",\"@id\":\"https:\\\/\\\/secure.gravatar.com\\\/avatar\\\/05c9a17bc973052ee5d91549bd32fb4dd0dc85b7b85ae94b2e2b4943476bbea5?s=96&d=blank&r=g\",\"url\":\"https:\\\/\\\/secure.gravatar.com\\\/avatar\\\/05c9a17bc973052ee5d91549bd32fb4dd0dc85b7b85ae94b2e2b4943476bbea5?s=96&d=blank&r=g\",\"contentUrl\":\"https:\\\/\\\/secure.gravatar.com\\\/avatar\\\/05c9a17bc973052ee5d91549bd32fb4dd0dc85b7b85ae94b2e2b4943476bbea5?s=96&d=blank&r=g\",\"caption\":\"Leinewelle\"},\"sameAs\":[\"http:\\\/\\\/localhost\\\/radio%20leinewelle\\\/wordpress\",\"https:\\\/\\\/www.facebook.com\\\/radioleinewelle\",\"https:\\\/\\\/www.instagram.com\\\/radioleinewelle\",\"https:\\\/\\\/x.com\\\/https:\\\/\\\/twitter.com\\\/RLeinewelle?ref_src=twsrcgoogletwcampserptwgrauthor\",\"https:\\\/\\\/soundcloud.com\\\/foerderverein-lokalradio?utm_source=clipboard&utm_medium=text&utm_campaign=social_sharing\"],\"url\":\"https:\\\/\\\/radioleinewelle.de\\\/index.php\\\/author\\\/leinewelle\\\/\"}]}<\/script>\n<!-- \/ Yoast SEO plugin. -->","yoast_head_json":{"title":"\"Entscheidungen unter Druck\" - Deniz Aytekin auf dem Jahresempfang der UMG - Radio Leinewelle","description":"Eindrucksvoller Jahresempfang der Universit\u00e4tsmedizin G\u00f6ttingen (UMG): Schiedsrichter Deniz Aytekin begeistert \u00fcber 500 G\u00e4ste mit einer Keynote zu Entscheidungen unter Druck. Zukunftsprojekte, Podiumsdiskussion und starke Botschaften f\u00fcr Medizin, Politik und Wirtschaft.","robots":{"index":"index","follow":"follow","max-snippet":"max-snippet:-1","max-image-preview":"max-image-preview:large","max-video-preview":"max-video-preview:-1"},"canonical":"https:\/\/radioleinewelle.de\/index.php\/2025\/11\/28\/29912\/","og_locale":"de_DE","og_type":"article","og_title":"\"Entscheidungen unter Druck\" - Deniz Aytekin auf dem Jahresempfang der UMG - Radio Leinewelle","og_description":"Eindrucksvoller Jahresempfang der Universit\u00e4tsmedizin G\u00f6ttingen (UMG): Schiedsrichter Deniz Aytekin begeistert \u00fcber 500 G\u00e4ste mit einer Keynote zu Entscheidungen unter Druck. Zukunftsprojekte, Podiumsdiskussion und starke Botschaften f\u00fcr Medizin, Politik und Wirtschaft.","og_url":"https:\/\/radioleinewelle.de\/index.php\/2025\/11\/28\/29912\/","og_site_name":"Radio Leinewelle","article_publisher":"https:\/\/www.facebook.com\/radioleinewelle","article_author":"https:\/\/www.facebook.com\/radioleinewelle","article_published_time":"2025-11-28T06:06:33+00:00","article_modified_time":"2025-11-28T06:15:15+00:00","og_image":[{"width":1500,"height":1000,"url":"https:\/\/radioleinewelle.de\/wp-content\/uploads\/2025\/11\/UMG-Jahresempfang-2025_Foto-3-scaled-e1764309339534.jpg","type":"image\/jpeg"}],"author":"Leinewelle","twitter_card":"summary_large_image","twitter_creator":"@https:\/\/twitter.com\/RLeinewelle?ref_src=twsrcgoogletwcampserptwgrauthor","twitter_site":"@RLeinewelle","twitter_misc":{"Verfasst von":"Leinewelle","Gesch\u00e4tzte Lesezeit":"2\u00a0Minuten"},"schema":{"@context":"https:\/\/schema.org","@graph":[{"@type":"Article","@id":"https:\/\/radioleinewelle.de\/index.php\/2025\/11\/28\/29912\/#article","isPartOf":{"@id":"https:\/\/radioleinewelle.de\/index.php\/2025\/11\/28\/29912\/"},"author":{"name":"Leinewelle","@id":"https:\/\/radioleinewelle.de\/#\/schema\/person\/45606f348637df637192dc1b68399a63"},"headline":"&#8222;Entscheidungen unter Druck&#8220; &#8211; Deniz Aytekin auf dem Jahresempfang der UMG","datePublished":"2025-11-28T06:06:33+00:00","dateModified":"2025-11-28T06:15:15+00:00","mainEntityOfPage":{"@id":"https:\/\/radioleinewelle.de\/index.php\/2025\/11\/28\/29912\/"},"wordCount":336,"commentCount":0,"publisher":{"@id":"https:\/\/radioleinewelle.de\/#organization"},"image":{"@id":"https:\/\/radioleinewelle.de\/index.php\/2025\/11\/28\/29912\/#primaryimage"},"thumbnailUrl":"https:\/\/radioleinewelle.de\/wp-content\/uploads\/2025\/11\/UMG-Jahresempfang-2025_Foto-3-scaled-e1764309339534.jpg","keywords":["Deniz Aytekin","Entscheidungen unter Druck","Jahresempfang 2025","Leadership","medizin Mit Zukunft","Respekt","UMG"],"articleSection":["Universit\u00e4tsmedizin G\u00f6ttingen UMG"],"inLanguage":"de","potentialAction":[{"@type":"CommentAction","name":"Comment","target":["https:\/\/radioleinewelle.de\/index.php\/2025\/11\/28\/29912\/#respond"]}]},{"@type":"WebPage","@id":"https:\/\/radioleinewelle.de\/index.php\/2025\/11\/28\/29912\/","url":"https:\/\/radioleinewelle.de\/index.php\/2025\/11\/28\/29912\/","name":"\"Entscheidungen unter Druck\" - Deniz Aytekin auf dem Jahresempfang der UMG - Radio Leinewelle","isPartOf":{"@id":"https:\/\/radioleinewelle.de\/#website"},"primaryImageOfPage":{"@id":"https:\/\/radioleinewelle.de\/index.php\/2025\/11\/28\/29912\/#primaryimage"},"image":{"@id":"https:\/\/radioleinewelle.de\/index.php\/2025\/11\/28\/29912\/#primaryimage"},"thumbnailUrl":"https:\/\/radioleinewelle.de\/wp-content\/uploads\/2025\/11\/UMG-Jahresempfang-2025_Foto-3-scaled-e1764309339534.jpg","datePublished":"2025-11-28T06:06:33+00:00","dateModified":"2025-11-28T06:15:15+00:00","description":"Eindrucksvoller Jahresempfang der Universit\u00e4tsmedizin G\u00f6ttingen (UMG): Schiedsrichter Deniz Aytekin begeistert \u00fcber 500 G\u00e4ste mit einer Keynote zu Entscheidungen unter Druck. Zukunftsprojekte, Podiumsdiskussion und starke Botschaften f\u00fcr Medizin, Politik und Wirtschaft.","breadcrumb":{"@id":"https:\/\/radioleinewelle.de\/index.php\/2025\/11\/28\/29912\/#breadcrumb"},"inLanguage":"de","potentialAction":[{"@type":"ReadAction","target":["https:\/\/radioleinewelle.de\/index.php\/2025\/11\/28\/29912\/"]}]},{"@type":"ImageObject","inLanguage":"de","@id":"https:\/\/radioleinewelle.de\/index.php\/2025\/11\/28\/29912\/#primaryimage","url":"https:\/\/radioleinewelle.de\/wp-content\/uploads\/2025\/11\/UMG-Jahresempfang-2025_Foto-3-scaled-e1764309339534.jpg","contentUrl":"https:\/\/radioleinewelle.de\/wp-content\/uploads\/2025\/11\/UMG-Jahresempfang-2025_Foto-3-scaled-e1764309339534.jpg","width":1500,"height":1000},{"@type":"BreadcrumbList","@id":"https:\/\/radioleinewelle.de\/index.php\/2025\/11\/28\/29912\/#breadcrumb","itemListElement":[{"@type":"ListItem","position":1,"name":"Startseite","item":"https:\/\/radioleinewelle.de\/"},{"@type":"ListItem","position":2,"name":"&#8222;Entscheidungen unter Druck&#8220; &#8211; Deniz Aytekin auf dem Jahresempfang der UMG"}]},{"@type":"WebSite","@id":"https:\/\/radioleinewelle.de\/#website","url":"https:\/\/radioleinewelle.de\/","name":"Radio Leinewelle","description":"","publisher":{"@id":"https:\/\/radioleinewelle.de\/#organization"},"potentialAction":[{"@type":"SearchAction","target":{"@type":"EntryPoint","urlTemplate":"https:\/\/radioleinewelle.de\/?s={search_term_string}"},"query-input":{"@type":"PropertyValueSpecification","valueRequired":true,"valueName":"search_term_string"}}],"inLanguage":"de"},{"@type":"Organization","@id":"https:\/\/radioleinewelle.de\/#organization","name":"Radio Leinewelle","alternateName":"Mein Radio f\u00fcr S\u00fcdniedersachsen","url":"https:\/\/radioleinewelle.de\/","logo":{"@type":"ImageObject","inLanguage":"de","@id":"https:\/\/radioleinewelle.de\/#\/schema\/logo\/image\/","url":"https:\/\/radioleinewelle.de\/wp-content\/uploads\/2023\/11\/cropped-Leinewelle_Logo_weiss.png","contentUrl":"https:\/\/radioleinewelle.de\/wp-content\/uploads\/2023\/11\/cropped-Leinewelle_Logo_weiss.png","width":854,"height":260,"caption":"Radio Leinewelle"},"image":{"@id":"https:\/\/radioleinewelle.de\/#\/schema\/logo\/image\/"},"sameAs":["https:\/\/www.facebook.com\/radioleinewelle","https:\/\/x.com\/RLeinewelle","https:\/\/www.instagram.com\/radioleinewelle\/?hl=de"]},{"@type":"Person","@id":"https:\/\/radioleinewelle.de\/#\/schema\/person\/45606f348637df637192dc1b68399a63","name":"Leinewelle","image":{"@type":"ImageObject","inLanguage":"de","@id":"https:\/\/secure.gravatar.com\/avatar\/05c9a17bc973052ee5d91549bd32fb4dd0dc85b7b85ae94b2e2b4943476bbea5?s=96&d=blank&r=g","url":"https:\/\/secure.gravatar.com\/avatar\/05c9a17bc973052ee5d91549bd32fb4dd0dc85b7b85ae94b2e2b4943476bbea5?s=96&d=blank&r=g","contentUrl":"https:\/\/secure.gravatar.com\/avatar\/05c9a17bc973052ee5d91549bd32fb4dd0dc85b7b85ae94b2e2b4943476bbea5?s=96&d=blank&r=g","caption":"Leinewelle"},"sameAs":["http:\/\/localhost\/radio%20leinewelle\/wordpress","https:\/\/www.facebook.com\/radioleinewelle","https:\/\/www.instagram.com\/radioleinewelle","https:\/\/x.com\/https:\/\/twitter.com\/RLeinewelle?ref_src=twsrcgoogletwcampserptwgrauthor","https:\/\/soundcloud.com\/foerderverein-lokalradio?utm_source=clipboard&utm_medium=text&utm_campaign=social_sharing"],"url":"https:\/\/radioleinewelle.de\/index.php\/author\/leinewelle\/"}]}},"_links":{"self":[{"href":"https:\/\/radioleinewelle.de\/index.php\/wp-json\/wp\/v2\/posts\/29912","targetHints":{"allow":["GET"]}}],"collection":[{"href":"https:\/\/radioleinewelle.de\/index.php\/wp-json\/wp\/v2\/posts"}],"about":[{"href":"https:\/\/radioleinewelle.de\/index.php\/wp-json\/wp\/v2\/types\/post"}],"author":[{"embeddable":true,"href":"https:\/\/radioleinewelle.de\/index.php\/wp-json\/wp\/v2\/users\/1"}],"replies":[{"embeddable":true,"href":"https:\/\/radioleinewelle.de\/index.php\/wp-json\/wp\/v2\/comments?post=29912"}],"version-history":[{"count":6,"href":"https:\/\/radioleinewelle.de\/index.php\/wp-json\/wp\/v2\/posts\/29912\/revisions"}],"predecessor-version":[{"id":29924,"href":"https:\/\/radioleinewelle.de\/index.php\/wp-json\/wp\/v2\/posts\/29912\/revisions\/29924"}],"wp:featuredmedia":[{"embeddable":true,"href":"https:\/\/radioleinewelle.de\/index.php\/wp-json\/wp\/v2\/media\/29917"}],"wp:attachment":[{"href":"https:\/\/radioleinewelle.de\/index.php\/wp-json\/wp\/v2\/media?parent=29912"}],"wp:term":[{"taxonomy":"category","embeddable":true,"href":"https:\/\/radioleinewelle.de\/index.php\/wp-json\/wp\/v2\/categories?post=29912"},{"taxonomy":"post_tag","embeddable":true,"href":"https:\/\/radioleinewelle.de\/index.php\/wp-json\/wp\/v2\/tags?post=29912"}],"curies":[{"name":"wp","href":"https:\/\/api.w.org\/{rel}","templated":true}]}}