{"id":29935,"date":"2025-12-03T10:11:00","date_gmt":"2025-12-03T09:11:00","guid":{"rendered":"https:\/\/radioleinewelle.de\/?p=29935"},"modified":"2025-12-03T10:11:02","modified_gmt":"2025-12-03T09:11:02","slug":"goettinger-gruene-waehlen-onyeka-oshionwu-zur-ob-spitzenkandidatin","status":"publish","type":"post","link":"https:\/\/radioleinewelle.de\/index.php\/2025\/12\/03\/goettinger-gruene-waehlen-onyeka-oshionwu-zur-ob-spitzenkandidatin\/","title":{"rendered":"G\u00f6ttinger Gr\u00fcne w\u00e4hlen Onyeka Oshionwu zur OB Spitzenkandidatin"},"content":{"rendered":"\n\n\n<p>In einer Aufstellungsversammlung im Jungen Theater haben jetzt die G\u00f6ttinger Gr\u00fcnen ihre Kandidatin f\u00fcr die Oberb\u00fcrgermeisterwahl im n\u00e4chsten Jahr bestimmt. Nahezu einstimmig votierten sie f\u00fcr die durch eine Findungskommision nominierte Kandidatin Onyeka Oshionwu. Diese ist bereits stellvertretende B\u00fcrgermeisterin der Stadt G\u00f6ttingen.<br>In ihrer Bewerbungsrede legte die geb\u00fcrtige G\u00f6ttingerin ihre Vorstellungen f\u00fcr eine Stadt mit Gemeinschaft, Geborgenheit und Entwicklungschancen dar. Wichtig sei f\u00fcr Oshionwu insbesondere der Fokus auf fr\u00fchkindliche Bildung, Pr\u00e4vention und Selbstwirksamkeit. Besondere  Herausforderungen sieht sie bei der Bew\u00e4ltigung der kommunalen Finanzkrise, der Schaffung von bezahlbarem Wohnraum, der weiteren Verbesserung der schulischen Situation und dem Einsatz von innovativen L\u00f6sungen u.a. im Klimaschutz und in der Verkehrspolitik. <br>Nach einer engagierten Befragung der Kandidatin durch die Mitglieder war die geheime Wahl fast nur noch eine Formsache. Bei einer Enthaltung stimmten alle stimmberechtigten Teilnehmer*innen f\u00fcr Onyeka Oshionwu.<\/p>\n\n\n\n\n\n<p class=\"has-text-align-center\"><em><strong><mark style=\"background-color:rgba(0, 0, 0, 0)\" class=\"has-inline-color has-kubio-color-2-color\">Ich bin eine Br\u00fcckenbauerin<\/mark><\/strong><\/em><br>Onyeka Oshionwu<\/p>\n\n\n\n\n\n<div class=\"wp-block-group has-border-color has-kubio-color-2-border-color has-background\" style=\"border-width:3px;background-color:#e7e7e7\"><div class=\"wp-block-group__inner-container is-layout-constrained wp-block-group-is-layout-constrained\">\n<div class=\"wp-block-group\"><div class=\"wp-block-group__inner-container is-layout-constrained wp-block-group-is-layout-constrained\">\n<h3 class=\"wp-block-heading has-text-align-center\">Kurzprofil: Onyeka Oshionwu<\/h3>\n\n\n\n<p>Onyeka Oshionwu ist geb\u00fcrtige G\u00f6ttingerin und ehrenamtliche B\u00fcrgermeisterin sowie Ratsmitglied der Stadt. Sie wurde vom Vorstand der Gr\u00fcnen einstimmig als Kandidatin f\u00fcr das Amt der Oberb\u00fcrgermeisterin bei der Kommunalwahl 2026 vorgeschlagen. Beruflich ist sie vielseitig t\u00e4tig \u2013 unter anderem als Flugbegleiterin, in der Bildungsarbeit mit Jugendlichen und in der Bundesgesch\u00e4ftsstelle der Gr\u00fcnen. F\u00fcr ihr kommunalpolitisches Engagement erhielt sie den bundesweiten Helene-Weber-Preis. In ihrer Kandidatur betont sie Themen wie Klimaschutz, bezahlbaren Wohnraum, Bildungsgerechtigkeit und gesellschaftlichen Zusammenhalt. G\u00f6ttingen beschreibt sie als ihre Heimat und Leidenschaft. Sie steht f\u00fcr eine Politik mit Empathie, Haltung und Mut.<\/p>\n<\/div><\/div>\n<\/div><\/div>\n\n\n\n<p>Neben Oshionwu gehen f\u00fcr die CDU Ehsan Kangarani und vorbehaltlich der Mitgliederzustimmung Florian Dinger f\u00fcr die SPD ins Rennen um das Oberb\u00fcrgermeisteramt der Stadt G\u00f6ttingen. <a href=\"https:\/\/radioleinewelle.de\/index.php\/2025\/05\/23\/petra-broistedt-tritt-nicht-erneut-zur-oberbuergermeisterwahl-in-goettingen-an\/\">Die jetzige Oberb\u00fcrgermeisterin Petra Broistedt tritt nicht mehr zur Wahl an.<\/a> Die Kommunalwahl 2026 findet am 13. September statt.<\/p>\n\n\n\n<p><em>Ulf Engelmayer<\/em><\/p>\n\n\n\n<p><\/p>\n","protected":false},"excerpt":{"rendered":"<p>In einer Aufstellungsversammlung im Jungen Theater haben jetzt die G\u00f6ttinger Gr\u00fcnen ihre Kandidatin f\u00fcr die Oberb\u00fcrgermeisterwahl im n\u00e4chsten Jahr bestimmt. Nahezu einstimmig votierten sie f\u00fcr die durch eine Findungskommision nominierte Kandidatin Onyeka Oshionwu. Diese ist bereits stellvertretende B\u00fcrgermeisterin der Stadt G\u00f6ttingen.In ihrer Bewerbungsrede legte die geb\u00fcrtige G\u00f6ttingerin ihre Vorstellungen f\u00fcr eine Stadt mit Gemeinschaft, Geborgenheit [&hellip;]<\/p>\n","protected":false},"author":1,"featured_media":29937,"comment_status":"open","ping_status":"open","sticky":false,"template":"","format":"standard","meta":{"saved_in_kubio":false,"footnotes":""},"categories":[39,4449],"tags":[63,111,4452,4651,3316,714],"class_list":["post-29935","post","type-post","status-publish","format-standard","has-post-thumbnail","hentry","category-lokalpolitik","category-wahlen-2026","tag-goettingen","tag-gruene-goettingen","tag-kommunalwahl-2026","tag-oberbuergermeisterwahl","tag-onyeka-oshionwu","tag-stadtentwicklung"],"yoast_head":"<!-- This site is optimized with the Yoast SEO plugin v27.5 - https:\/\/yoast.com\/product\/yoast-seo-wordpress\/ -->\n<title>G\u00f6ttinger Gr\u00fcne w\u00e4hlen Onyeka Oshionwu zur OB Spitzenkandidatin - Radio Leinewelle<\/title>\n<meta name=\"description\" content=\"Die G\u00f6ttinger Gr\u00fcnen haben Onyeka Oshionwu als Spitzenkandidatin f\u00fcr das Oberb\u00fcrgermeisteramt gew\u00e4hlt \u2014 mit Fokus auf Klima, soziale Gerechtigkeit, Zusammenhalt und Zukunft.\" \/>\n<meta name=\"robots\" content=\"index, follow, max-snippet:-1, max-image-preview:large, max-video-preview:-1\" \/>\n<link rel=\"canonical\" href=\"https:\/\/radioleinewelle.de\/index.php\/2025\/12\/03\/goettinger-gruene-waehlen-onyeka-oshionwu-zur-ob-spitzenkandidatin\/\" \/>\n<meta property=\"og:locale\" content=\"de_DE\" \/>\n<meta property=\"og:type\" content=\"article\" \/>\n<meta property=\"og:title\" content=\"G\u00f6ttinger Gr\u00fcne w\u00e4hlen Onyeka Oshionwu zur OB Spitzenkandidatin - Radio Leinewelle\" \/>\n<meta property=\"og:description\" content=\"Die G\u00f6ttinger Gr\u00fcnen haben Onyeka Oshionwu als Spitzenkandidatin f\u00fcr das Oberb\u00fcrgermeisteramt gew\u00e4hlt \u2014 mit Fokus auf Klima, soziale Gerechtigkeit, Zusammenhalt und Zukunft.\" \/>\n<meta property=\"og:url\" content=\"https:\/\/radioleinewelle.de\/index.php\/2025\/12\/03\/goettinger-gruene-waehlen-onyeka-oshionwu-zur-ob-spitzenkandidatin\/\" \/>\n<meta property=\"og:site_name\" content=\"Radio Leinewelle\" \/>\n<meta property=\"article:publisher\" content=\"https:\/\/www.facebook.com\/radioleinewelle\" \/>\n<meta property=\"article:author\" content=\"https:\/\/www.facebook.com\/radioleinewelle\" \/>\n<meta property=\"article:published_time\" content=\"2025-12-03T09:11:00+00:00\" \/>\n<meta property=\"article:modified_time\" content=\"2025-12-03T09:11:02+00:00\" \/>\n<meta property=\"og:image\" content=\"https:\/\/radioleinewelle.de\/wp-content\/uploads\/2025\/12\/Onyeka-Oshionwu-Foto-UE-scaled-e1764748963349.jpg\" \/>\n\t<meta property=\"og:image:width\" content=\"2270\" \/>\n\t<meta property=\"og:image:height\" content=\"1718\" \/>\n\t<meta property=\"og:image:type\" content=\"image\/jpeg\" \/>\n<meta name=\"author\" content=\"Leinewelle\" \/>\n<meta name=\"twitter:card\" content=\"summary_large_image\" \/>\n<meta name=\"twitter:creator\" content=\"@https:\/\/twitter.com\/RLeinewelle?ref_src=twsrcgoogletwcampserptwgrauthor\" \/>\n<meta name=\"twitter:site\" content=\"@RLeinewelle\" \/>\n<meta name=\"twitter:label1\" content=\"Verfasst von\" \/>\n\t<meta name=\"twitter:data1\" content=\"Leinewelle\" \/>\n\t<meta name=\"twitter:label2\" content=\"Gesch\u00e4tzte Lesezeit\" \/>\n\t<meta name=\"twitter:data2\" content=\"2\u00a0Minuten\" \/>\n<script type=\"application\/ld+json\" class=\"yoast-schema-graph\">{\"@context\":\"https:\\\/\\\/schema.org\",\"@graph\":[{\"@type\":\"Article\",\"@id\":\"https:\\\/\\\/radioleinewelle.de\\\/index.php\\\/2025\\\/12\\\/03\\\/goettinger-gruene-waehlen-onyeka-oshionwu-zur-ob-spitzenkandidatin\\\/#article\",\"isPartOf\":{\"@id\":\"https:\\\/\\\/radioleinewelle.de\\\/index.php\\\/2025\\\/12\\\/03\\\/goettinger-gruene-waehlen-onyeka-oshionwu-zur-ob-spitzenkandidatin\\\/\"},\"author\":{\"name\":\"Leinewelle\",\"@id\":\"https:\\\/\\\/radioleinewelle.de\\\/#\\\/schema\\\/person\\\/45606f348637df637192dc1b68399a63\"},\"headline\":\"G\u00f6ttinger Gr\u00fcne w\u00e4hlen Onyeka Oshionwu zur OB Spitzenkandidatin\",\"datePublished\":\"2025-12-03T09:11:00+00:00\",\"dateModified\":\"2025-12-03T09:11:02+00:00\",\"mainEntityOfPage\":{\"@id\":\"https:\\\/\\\/radioleinewelle.de\\\/index.php\\\/2025\\\/12\\\/03\\\/goettinger-gruene-waehlen-onyeka-oshionwu-zur-ob-spitzenkandidatin\\\/\"},\"wordCount\":335,\"commentCount\":0,\"publisher\":{\"@id\":\"https:\\\/\\\/radioleinewelle.de\\\/#organization\"},\"image\":{\"@id\":\"https:\\\/\\\/radioleinewelle.de\\\/index.php\\\/2025\\\/12\\\/03\\\/goettinger-gruene-waehlen-onyeka-oshionwu-zur-ob-spitzenkandidatin\\\/#primaryimage\"},\"thumbnailUrl\":\"https:\\\/\\\/radioleinewelle.de\\\/wp-content\\\/uploads\\\/2025\\\/12\\\/Onyeka-Oshionwu-Foto-UE-scaled-e1764748963349.jpg\",\"keywords\":[\"G\u00f6ttingen\",\"Gr\u00fcne G\u00f6ttingen\",\"Kommunalwahl 2026\",\"Oberb\u00fcrgermeisterwahl\",\"Onyeka Oshionwu\",\"Stadtentwicklung\"],\"articleSection\":[\"Lokalpolitik\",\"Wahlen 2026\"],\"inLanguage\":\"de\",\"potentialAction\":[{\"@type\":\"CommentAction\",\"name\":\"Comment\",\"target\":[\"https:\\\/\\\/radioleinewelle.de\\\/index.php\\\/2025\\\/12\\\/03\\\/goettinger-gruene-waehlen-onyeka-oshionwu-zur-ob-spitzenkandidatin\\\/#respond\"]}]},{\"@type\":\"WebPage\",\"@id\":\"https:\\\/\\\/radioleinewelle.de\\\/index.php\\\/2025\\\/12\\\/03\\\/goettinger-gruene-waehlen-onyeka-oshionwu-zur-ob-spitzenkandidatin\\\/\",\"url\":\"https:\\\/\\\/radioleinewelle.de\\\/index.php\\\/2025\\\/12\\\/03\\\/goettinger-gruene-waehlen-onyeka-oshionwu-zur-ob-spitzenkandidatin\\\/\",\"name\":\"G\u00f6ttinger Gr\u00fcne w\u00e4hlen Onyeka Oshionwu zur OB Spitzenkandidatin - Radio Leinewelle\",\"isPartOf\":{\"@id\":\"https:\\\/\\\/radioleinewelle.de\\\/#website\"},\"primaryImageOfPage\":{\"@id\":\"https:\\\/\\\/radioleinewelle.de\\\/index.php\\\/2025\\\/12\\\/03\\\/goettinger-gruene-waehlen-onyeka-oshionwu-zur-ob-spitzenkandidatin\\\/#primaryimage\"},\"image\":{\"@id\":\"https:\\\/\\\/radioleinewelle.de\\\/index.php\\\/2025\\\/12\\\/03\\\/goettinger-gruene-waehlen-onyeka-oshionwu-zur-ob-spitzenkandidatin\\\/#primaryimage\"},\"thumbnailUrl\":\"https:\\\/\\\/radioleinewelle.de\\\/wp-content\\\/uploads\\\/2025\\\/12\\\/Onyeka-Oshionwu-Foto-UE-scaled-e1764748963349.jpg\",\"datePublished\":\"2025-12-03T09:11:00+00:00\",\"dateModified\":\"2025-12-03T09:11:02+00:00\",\"description\":\"Die G\u00f6ttinger Gr\u00fcnen haben Onyeka Oshionwu als Spitzenkandidatin f\u00fcr das Oberb\u00fcrgermeisteramt gew\u00e4hlt \u2014 mit Fokus auf Klima, soziale Gerechtigkeit, Zusammenhalt und Zukunft.\",\"breadcrumb\":{\"@id\":\"https:\\\/\\\/radioleinewelle.de\\\/index.php\\\/2025\\\/12\\\/03\\\/goettinger-gruene-waehlen-onyeka-oshionwu-zur-ob-spitzenkandidatin\\\/#breadcrumb\"},\"inLanguage\":\"de\",\"potentialAction\":[{\"@type\":\"ReadAction\",\"target\":[\"https:\\\/\\\/radioleinewelle.de\\\/index.php\\\/2025\\\/12\\\/03\\\/goettinger-gruene-waehlen-onyeka-oshionwu-zur-ob-spitzenkandidatin\\\/\"]}]},{\"@type\":\"ImageObject\",\"inLanguage\":\"de\",\"@id\":\"https:\\\/\\\/radioleinewelle.de\\\/index.php\\\/2025\\\/12\\\/03\\\/goettinger-gruene-waehlen-onyeka-oshionwu-zur-ob-spitzenkandidatin\\\/#primaryimage\",\"url\":\"https:\\\/\\\/radioleinewelle.de\\\/wp-content\\\/uploads\\\/2025\\\/12\\\/Onyeka-Oshionwu-Foto-UE-scaled-e1764748963349.jpg\",\"contentUrl\":\"https:\\\/\\\/radioleinewelle.de\\\/wp-content\\\/uploads\\\/2025\\\/12\\\/Onyeka-Oshionwu-Foto-UE-scaled-e1764748963349.jpg\",\"width\":2270,\"height\":1718,\"caption\":\"Onyeka Oshionwu nach ihrer Bewerbungsrede\"},{\"@type\":\"BreadcrumbList\",\"@id\":\"https:\\\/\\\/radioleinewelle.de\\\/index.php\\\/2025\\\/12\\\/03\\\/goettinger-gruene-waehlen-onyeka-oshionwu-zur-ob-spitzenkandidatin\\\/#breadcrumb\",\"itemListElement\":[{\"@type\":\"ListItem\",\"position\":1,\"name\":\"Startseite\",\"item\":\"https:\\\/\\\/radioleinewelle.de\\\/\"},{\"@type\":\"ListItem\",\"position\":2,\"name\":\"G\u00f6ttinger Gr\u00fcne w\u00e4hlen Onyeka Oshionwu zur OB Spitzenkandidatin\"}]},{\"@type\":\"WebSite\",\"@id\":\"https:\\\/\\\/radioleinewelle.de\\\/#website\",\"url\":\"https:\\\/\\\/radioleinewelle.de\\\/\",\"name\":\"Radio Leinewelle\",\"description\":\"\",\"publisher\":{\"@id\":\"https:\\\/\\\/radioleinewelle.de\\\/#organization\"},\"potentialAction\":[{\"@type\":\"SearchAction\",\"target\":{\"@type\":\"EntryPoint\",\"urlTemplate\":\"https:\\\/\\\/radioleinewelle.de\\\/?s={search_term_string}\"},\"query-input\":{\"@type\":\"PropertyValueSpecification\",\"valueRequired\":true,\"valueName\":\"search_term_string\"}}],\"inLanguage\":\"de\"},{\"@type\":\"Organization\",\"@id\":\"https:\\\/\\\/radioleinewelle.de\\\/#organization\",\"name\":\"Radio Leinewelle\",\"alternateName\":\"Mein Radio f\u00fcr S\u00fcdniedersachsen\",\"url\":\"https:\\\/\\\/radioleinewelle.de\\\/\",\"logo\":{\"@type\":\"ImageObject\",\"inLanguage\":\"de\",\"@id\":\"https:\\\/\\\/radioleinewelle.de\\\/#\\\/schema\\\/logo\\\/image\\\/\",\"url\":\"https:\\\/\\\/radioleinewelle.de\\\/wp-content\\\/uploads\\\/2023\\\/11\\\/cropped-Leinewelle_Logo_weiss.png\",\"contentUrl\":\"https:\\\/\\\/radioleinewelle.de\\\/wp-content\\\/uploads\\\/2023\\\/11\\\/cropped-Leinewelle_Logo_weiss.png\",\"width\":854,\"height\":260,\"caption\":\"Radio Leinewelle\"},\"image\":{\"@id\":\"https:\\\/\\\/radioleinewelle.de\\\/#\\\/schema\\\/logo\\\/image\\\/\"},\"sameAs\":[\"https:\\\/\\\/www.facebook.com\\\/radioleinewelle\",\"https:\\\/\\\/x.com\\\/RLeinewelle\",\"https:\\\/\\\/www.instagram.com\\\/radioleinewelle\\\/?hl=de\"]},{\"@type\":\"Person\",\"@id\":\"https:\\\/\\\/radioleinewelle.de\\\/#\\\/schema\\\/person\\\/45606f348637df637192dc1b68399a63\",\"name\":\"Leinewelle\",\"image\":{\"@type\":\"ImageObject\",\"inLanguage\":\"de\",\"@id\":\"https:\\\/\\\/secure.gravatar.com\\\/avatar\\\/05c9a17bc973052ee5d91549bd32fb4dd0dc85b7b85ae94b2e2b4943476bbea5?s=96&d=blank&r=g\",\"url\":\"https:\\\/\\\/secure.gravatar.com\\\/avatar\\\/05c9a17bc973052ee5d91549bd32fb4dd0dc85b7b85ae94b2e2b4943476bbea5?s=96&d=blank&r=g\",\"contentUrl\":\"https:\\\/\\\/secure.gravatar.com\\\/avatar\\\/05c9a17bc973052ee5d91549bd32fb4dd0dc85b7b85ae94b2e2b4943476bbea5?s=96&d=blank&r=g\",\"caption\":\"Leinewelle\"},\"sameAs\":[\"http:\\\/\\\/localhost\\\/radio%20leinewelle\\\/wordpress\",\"https:\\\/\\\/www.facebook.com\\\/radioleinewelle\",\"https:\\\/\\\/www.instagram.com\\\/radioleinewelle\",\"https:\\\/\\\/x.com\\\/https:\\\/\\\/twitter.com\\\/RLeinewelle?ref_src=twsrcgoogletwcampserptwgrauthor\",\"https:\\\/\\\/soundcloud.com\\\/foerderverein-lokalradio?utm_source=clipboard&utm_medium=text&utm_campaign=social_sharing\"],\"url\":\"https:\\\/\\\/radioleinewelle.de\\\/index.php\\\/author\\\/leinewelle\\\/\"}]}<\/script>\n<!-- \/ Yoast SEO plugin. -->","yoast_head_json":{"title":"G\u00f6ttinger Gr\u00fcne w\u00e4hlen Onyeka Oshionwu zur OB Spitzenkandidatin - Radio Leinewelle","description":"Die G\u00f6ttinger Gr\u00fcnen haben Onyeka Oshionwu als Spitzenkandidatin f\u00fcr das Oberb\u00fcrgermeisteramt gew\u00e4hlt \u2014 mit Fokus auf Klima, soziale Gerechtigkeit, Zusammenhalt und Zukunft.","robots":{"index":"index","follow":"follow","max-snippet":"max-snippet:-1","max-image-preview":"max-image-preview:large","max-video-preview":"max-video-preview:-1"},"canonical":"https:\/\/radioleinewelle.de\/index.php\/2025\/12\/03\/goettinger-gruene-waehlen-onyeka-oshionwu-zur-ob-spitzenkandidatin\/","og_locale":"de_DE","og_type":"article","og_title":"G\u00f6ttinger Gr\u00fcne w\u00e4hlen Onyeka Oshionwu zur OB Spitzenkandidatin - Radio Leinewelle","og_description":"Die G\u00f6ttinger Gr\u00fcnen haben Onyeka Oshionwu als Spitzenkandidatin f\u00fcr das Oberb\u00fcrgermeisteramt gew\u00e4hlt \u2014 mit Fokus auf Klima, soziale Gerechtigkeit, Zusammenhalt und Zukunft.","og_url":"https:\/\/radioleinewelle.de\/index.php\/2025\/12\/03\/goettinger-gruene-waehlen-onyeka-oshionwu-zur-ob-spitzenkandidatin\/","og_site_name":"Radio Leinewelle","article_publisher":"https:\/\/www.facebook.com\/radioleinewelle","article_author":"https:\/\/www.facebook.com\/radioleinewelle","article_published_time":"2025-12-03T09:11:00+00:00","article_modified_time":"2025-12-03T09:11:02+00:00","og_image":[{"width":2270,"height":1718,"url":"https:\/\/radioleinewelle.de\/wp-content\/uploads\/2025\/12\/Onyeka-Oshionwu-Foto-UE-scaled-e1764748963349.jpg","type":"image\/jpeg"}],"author":"Leinewelle","twitter_card":"summary_large_image","twitter_creator":"@https:\/\/twitter.com\/RLeinewelle?ref_src=twsrcgoogletwcampserptwgrauthor","twitter_site":"@RLeinewelle","twitter_misc":{"Verfasst von":"Leinewelle","Gesch\u00e4tzte Lesezeit":"2\u00a0Minuten"},"schema":{"@context":"https:\/\/schema.org","@graph":[{"@type":"Article","@id":"https:\/\/radioleinewelle.de\/index.php\/2025\/12\/03\/goettinger-gruene-waehlen-onyeka-oshionwu-zur-ob-spitzenkandidatin\/#article","isPartOf":{"@id":"https:\/\/radioleinewelle.de\/index.php\/2025\/12\/03\/goettinger-gruene-waehlen-onyeka-oshionwu-zur-ob-spitzenkandidatin\/"},"author":{"name":"Leinewelle","@id":"https:\/\/radioleinewelle.de\/#\/schema\/person\/45606f348637df637192dc1b68399a63"},"headline":"G\u00f6ttinger Gr\u00fcne w\u00e4hlen Onyeka Oshionwu zur OB Spitzenkandidatin","datePublished":"2025-12-03T09:11:00+00:00","dateModified":"2025-12-03T09:11:02+00:00","mainEntityOfPage":{"@id":"https:\/\/radioleinewelle.de\/index.php\/2025\/12\/03\/goettinger-gruene-waehlen-onyeka-oshionwu-zur-ob-spitzenkandidatin\/"},"wordCount":335,"commentCount":0,"publisher":{"@id":"https:\/\/radioleinewelle.de\/#organization"},"image":{"@id":"https:\/\/radioleinewelle.de\/index.php\/2025\/12\/03\/goettinger-gruene-waehlen-onyeka-oshionwu-zur-ob-spitzenkandidatin\/#primaryimage"},"thumbnailUrl":"https:\/\/radioleinewelle.de\/wp-content\/uploads\/2025\/12\/Onyeka-Oshionwu-Foto-UE-scaled-e1764748963349.jpg","keywords":["G\u00f6ttingen","Gr\u00fcne G\u00f6ttingen","Kommunalwahl 2026","Oberb\u00fcrgermeisterwahl","Onyeka Oshionwu","Stadtentwicklung"],"articleSection":["Lokalpolitik","Wahlen 2026"],"inLanguage":"de","potentialAction":[{"@type":"CommentAction","name":"Comment","target":["https:\/\/radioleinewelle.de\/index.php\/2025\/12\/03\/goettinger-gruene-waehlen-onyeka-oshionwu-zur-ob-spitzenkandidatin\/#respond"]}]},{"@type":"WebPage","@id":"https:\/\/radioleinewelle.de\/index.php\/2025\/12\/03\/goettinger-gruene-waehlen-onyeka-oshionwu-zur-ob-spitzenkandidatin\/","url":"https:\/\/radioleinewelle.de\/index.php\/2025\/12\/03\/goettinger-gruene-waehlen-onyeka-oshionwu-zur-ob-spitzenkandidatin\/","name":"G\u00f6ttinger Gr\u00fcne w\u00e4hlen Onyeka Oshionwu zur OB Spitzenkandidatin - Radio Leinewelle","isPartOf":{"@id":"https:\/\/radioleinewelle.de\/#website"},"primaryImageOfPage":{"@id":"https:\/\/radioleinewelle.de\/index.php\/2025\/12\/03\/goettinger-gruene-waehlen-onyeka-oshionwu-zur-ob-spitzenkandidatin\/#primaryimage"},"image":{"@id":"https:\/\/radioleinewelle.de\/index.php\/2025\/12\/03\/goettinger-gruene-waehlen-onyeka-oshionwu-zur-ob-spitzenkandidatin\/#primaryimage"},"thumbnailUrl":"https:\/\/radioleinewelle.de\/wp-content\/uploads\/2025\/12\/Onyeka-Oshionwu-Foto-UE-scaled-e1764748963349.jpg","datePublished":"2025-12-03T09:11:00+00:00","dateModified":"2025-12-03T09:11:02+00:00","description":"Die G\u00f6ttinger Gr\u00fcnen haben Onyeka Oshionwu als Spitzenkandidatin f\u00fcr das Oberb\u00fcrgermeisteramt gew\u00e4hlt \u2014 mit Fokus auf Klima, soziale Gerechtigkeit, Zusammenhalt und Zukunft.","breadcrumb":{"@id":"https:\/\/radioleinewelle.de\/index.php\/2025\/12\/03\/goettinger-gruene-waehlen-onyeka-oshionwu-zur-ob-spitzenkandidatin\/#breadcrumb"},"inLanguage":"de","potentialAction":[{"@type":"ReadAction","target":["https:\/\/radioleinewelle.de\/index.php\/2025\/12\/03\/goettinger-gruene-waehlen-onyeka-oshionwu-zur-ob-spitzenkandidatin\/"]}]},{"@type":"ImageObject","inLanguage":"de","@id":"https:\/\/radioleinewelle.de\/index.php\/2025\/12\/03\/goettinger-gruene-waehlen-onyeka-oshionwu-zur-ob-spitzenkandidatin\/#primaryimage","url":"https:\/\/radioleinewelle.de\/wp-content\/uploads\/2025\/12\/Onyeka-Oshionwu-Foto-UE-scaled-e1764748963349.jpg","contentUrl":"https:\/\/radioleinewelle.de\/wp-content\/uploads\/2025\/12\/Onyeka-Oshionwu-Foto-UE-scaled-e1764748963349.jpg","width":2270,"height":1718,"caption":"Onyeka Oshionwu nach ihrer Bewerbungsrede"},{"@type":"BreadcrumbList","@id":"https:\/\/radioleinewelle.de\/index.php\/2025\/12\/03\/goettinger-gruene-waehlen-onyeka-oshionwu-zur-ob-spitzenkandidatin\/#breadcrumb","itemListElement":[{"@type":"ListItem","position":1,"name":"Startseite","item":"https:\/\/radioleinewelle.de\/"},{"@type":"ListItem","position":2,"name":"G\u00f6ttinger Gr\u00fcne w\u00e4hlen Onyeka Oshionwu zur OB Spitzenkandidatin"}]},{"@type":"WebSite","@id":"https:\/\/radioleinewelle.de\/#website","url":"https:\/\/radioleinewelle.de\/","name":"Radio Leinewelle","description":"","publisher":{"@id":"https:\/\/radioleinewelle.de\/#organization"},"potentialAction":[{"@type":"SearchAction","target":{"@type":"EntryPoint","urlTemplate":"https:\/\/radioleinewelle.de\/?s={search_term_string}"},"query-input":{"@type":"PropertyValueSpecification","valueRequired":true,"valueName":"search_term_string"}}],"inLanguage":"de"},{"@type":"Organization","@id":"https:\/\/radioleinewelle.de\/#organization","name":"Radio Leinewelle","alternateName":"Mein Radio f\u00fcr S\u00fcdniedersachsen","url":"https:\/\/radioleinewelle.de\/","logo":{"@type":"ImageObject","inLanguage":"de","@id":"https:\/\/radioleinewelle.de\/#\/schema\/logo\/image\/","url":"https:\/\/radioleinewelle.de\/wp-content\/uploads\/2023\/11\/cropped-Leinewelle_Logo_weiss.png","contentUrl":"https:\/\/radioleinewelle.de\/wp-content\/uploads\/2023\/11\/cropped-Leinewelle_Logo_weiss.png","width":854,"height":260,"caption":"Radio Leinewelle"},"image":{"@id":"https:\/\/radioleinewelle.de\/#\/schema\/logo\/image\/"},"sameAs":["https:\/\/www.facebook.com\/radioleinewelle","https:\/\/x.com\/RLeinewelle","https:\/\/www.instagram.com\/radioleinewelle\/?hl=de"]},{"@type":"Person","@id":"https:\/\/radioleinewelle.de\/#\/schema\/person\/45606f348637df637192dc1b68399a63","name":"Leinewelle","image":{"@type":"ImageObject","inLanguage":"de","@id":"https:\/\/secure.gravatar.com\/avatar\/05c9a17bc973052ee5d91549bd32fb4dd0dc85b7b85ae94b2e2b4943476bbea5?s=96&d=blank&r=g","url":"https:\/\/secure.gravatar.com\/avatar\/05c9a17bc973052ee5d91549bd32fb4dd0dc85b7b85ae94b2e2b4943476bbea5?s=96&d=blank&r=g","contentUrl":"https:\/\/secure.gravatar.com\/avatar\/05c9a17bc973052ee5d91549bd32fb4dd0dc85b7b85ae94b2e2b4943476bbea5?s=96&d=blank&r=g","caption":"Leinewelle"},"sameAs":["http:\/\/localhost\/radio%20leinewelle\/wordpress","https:\/\/www.facebook.com\/radioleinewelle","https:\/\/www.instagram.com\/radioleinewelle","https:\/\/x.com\/https:\/\/twitter.com\/RLeinewelle?ref_src=twsrcgoogletwcampserptwgrauthor","https:\/\/soundcloud.com\/foerderverein-lokalradio?utm_source=clipboard&utm_medium=text&utm_campaign=social_sharing"],"url":"https:\/\/radioleinewelle.de\/index.php\/author\/leinewelle\/"}]}},"_links":{"self":[{"href":"https:\/\/radioleinewelle.de\/index.php\/wp-json\/wp\/v2\/posts\/29935","targetHints":{"allow":["GET"]}}],"collection":[{"href":"https:\/\/radioleinewelle.de\/index.php\/wp-json\/wp\/v2\/posts"}],"about":[{"href":"https:\/\/radioleinewelle.de\/index.php\/wp-json\/wp\/v2\/types\/post"}],"author":[{"embeddable":true,"href":"https:\/\/radioleinewelle.de\/index.php\/wp-json\/wp\/v2\/users\/1"}],"replies":[{"embeddable":true,"href":"https:\/\/radioleinewelle.de\/index.php\/wp-json\/wp\/v2\/comments?post=29935"}],"version-history":[{"count":7,"href":"https:\/\/radioleinewelle.de\/index.php\/wp-json\/wp\/v2\/posts\/29935\/revisions"}],"predecessor-version":[{"id":29943,"href":"https:\/\/radioleinewelle.de\/index.php\/wp-json\/wp\/v2\/posts\/29935\/revisions\/29943"}],"wp:featuredmedia":[{"embeddable":true,"href":"https:\/\/radioleinewelle.de\/index.php\/wp-json\/wp\/v2\/media\/29937"}],"wp:attachment":[{"href":"https:\/\/radioleinewelle.de\/index.php\/wp-json\/wp\/v2\/media?parent=29935"}],"wp:term":[{"taxonomy":"category","embeddable":true,"href":"https:\/\/radioleinewelle.de\/index.php\/wp-json\/wp\/v2\/categories?post=29935"},{"taxonomy":"post_tag","embeddable":true,"href":"https:\/\/radioleinewelle.de\/index.php\/wp-json\/wp\/v2\/tags?post=29935"}],"curies":[{"name":"wp","href":"https:\/\/api.w.org\/{rel}","templated":true}]}}