{"id":29945,"date":"2025-12-03T10:52:34","date_gmt":"2025-12-03T09:52:34","guid":{"rendered":"https:\/\/radioleinewelle.de\/?p=29945"},"modified":"2025-12-03T10:52:35","modified_gmt":"2025-12-03T09:52:35","slug":"plakatwand-toleranz-setzt-zeichen-am-haus-der-kulturen-in-goettingen","status":"publish","type":"post","link":"https:\/\/radioleinewelle.de\/index.php\/2025\/12\/03\/plakatwand-toleranz-setzt-zeichen-am-haus-der-kulturen-in-goettingen\/","title":{"rendered":"&#8222;PlakatWAND Toleranz&#8220; setzt  Zeichen am Haus der Kulturen in G\u00f6ttingen"},"content":{"rendered":"\n<p>Mit einem neuen, dreieinhalb Meter gro\u00dfen Kunstwerk setzt das Haus der Kulturen in G\u00f6ttingen ein gut sichtbares Zeichen f\u00fcr Vielfalt, Toleranz und gesellschaftlichen Zusammenhalt. Das farbenfrohe Plakat entstand im Rahmen eines Workshops des Projekts\u00a0<strong>\u201ePlakatWAND Toleranz\u201c<\/strong>\u00a0und wurde am 30. November 2025 gemeinsam von zehn engagierten Teilnehmenden gestaltet. Tr\u00e4ger des Integrations- und Kunstprojekts ist der Humanistische Verband Deutschlands (HVD) Niedersachsen.\u00a0<\/p>\n\n\n\n\n\n<p>\u201eWenn engagierte Menschen gemeinsam kreativ sind und dabei ein positives Werk entsteht, fasziniert mich das immer wieder\u201c, erkl\u00e4rt Projektleiter Stephan Sasse, der den Workshop vor Ort begleitet hat. Das Projekt verfolgt das Ziel, gruppenbezogene Menschenfeindlichkeit entgegenzutreten und stattdessen zu gesellschaftlicher Mitverantwortung einzuladen \u2013 denn: \u201eIntegration ist keine Einbahnstra\u00dfe\u201c, lautet eine der zentralen Botschaften der Plakatwand.\u00a0<\/p>\n\n\n\n<p>Das Plakat bleibt weiterhin gut sichtbar am Geb\u00e4ude ausgestellt \u2013 zur Freude von Claudio Lopez von Zukunfts-Werkstatt e. V., dem Tr\u00e4gerverein des Hauses der Kulturen: Seit fast 30 Jahren engagiert sich der Kulturort f\u00fcr Integration und Gleichberechtigung von Migrant:innen und Deutschen.\u00a0<\/p>\n\n\n\n<p>Das Projekt \u201ePlakatWAND Toleranz\u201c startete im Mai 2025 in Hannover und tourt noch bis 2027 durch verschiedene St\u00e4dte in Niedersachsen. Weitere Informationen sind online unter  <a href=\"http:\/\/www.toleranzprojekt.de\">www.toleranzprojekt.de<\/a> verf\u00fcgbar.\u00a0<\/p>\n\n\n\n<p><\/p>\n","protected":false},"excerpt":{"rendered":"<p>Mit einem neuen, dreieinhalb Meter gro\u00dfen Kunstwerk setzt das Haus der Kulturen in G\u00f6ttingen ein gut sichtbares Zeichen f\u00fcr Vielfalt, Toleranz und gesellschaftlichen Zusammenhalt. Das farbenfrohe Plakat entstand im Rahmen eines Workshops des Projekts\u00a0\u201ePlakatWAND Toleranz\u201c\u00a0und wurde am 30. November 2025 gemeinsam von zehn engagierten Teilnehmenden gestaltet. Tr\u00e4ger des Integrations- und Kunstprojekts ist der Humanistische Verband [&hellip;]<\/p>\n","protected":false},"author":1,"featured_media":29948,"comment_status":"open","ping_status":"open","sticky":false,"template":"","format":"standard","meta":{"saved_in_kubio":false,"footnotes":""},"categories":[3255,45,43],"tags":[926,2076,4654,4655,4653,4652,1516,1518],"class_list":["post-29945","post","type-post","status-publish","format-standard","has-post-thumbnail","hentry","category-ehrenamtliches-engagement","category-kultur","category-migration","tag-gesellschaftlicher-zusammenhalt","tag-haus-der-kulturen","tag-humanismus","tag-hvd-niedersachsen","tag-intergration","tag-plakatwand-toleranz","tag-toleranz","tag-vielfalt"],"yoast_head":"<!-- This site is optimized with the Yoast SEO plugin v27.5 - https:\/\/yoast.com\/product\/yoast-seo-wordpress\/ -->\n<title>&quot;PlakatWAND Toleranz&quot; setzt Zeichen am Haus der Kulturen in G\u00f6ttingen - Radio Leinewelle<\/title>\n<meta name=\"description\" content=\"Die PlakatWAND Toleranz setzt ein buntes Zeichen f\u00fcr Vielfalt am Haus der Kulturen in G\u00f6ttingen. Das Integrationsprojekt des HVD Niedersachsen tourt noch bis 2027 durch ganz Niedersachsen.\" \/>\n<meta name=\"robots\" content=\"index, follow, max-snippet:-1, max-image-preview:large, max-video-preview:-1\" \/>\n<link rel=\"canonical\" href=\"https:\/\/radioleinewelle.de\/index.php\/2025\/12\/03\/plakatwand-toleranz-setzt-zeichen-am-haus-der-kulturen-in-goettingen\/\" \/>\n<meta property=\"og:locale\" content=\"de_DE\" \/>\n<meta property=\"og:type\" content=\"article\" \/>\n<meta property=\"og:title\" content=\"&quot;PlakatWAND Toleranz&quot; setzt Zeichen am Haus der Kulturen in G\u00f6ttingen - Radio Leinewelle\" \/>\n<meta property=\"og:description\" content=\"Die PlakatWAND Toleranz setzt ein buntes Zeichen f\u00fcr Vielfalt am Haus der Kulturen in G\u00f6ttingen. Das Integrationsprojekt des HVD Niedersachsen tourt noch bis 2027 durch ganz Niedersachsen.\" \/>\n<meta property=\"og:url\" content=\"https:\/\/radioleinewelle.de\/index.php\/2025\/12\/03\/plakatwand-toleranz-setzt-zeichen-am-haus-der-kulturen-in-goettingen\/\" \/>\n<meta property=\"og:site_name\" content=\"Radio Leinewelle\" \/>\n<meta property=\"article:publisher\" content=\"https:\/\/www.facebook.com\/radioleinewelle\" \/>\n<meta property=\"article:author\" content=\"https:\/\/www.facebook.com\/radioleinewelle\" \/>\n<meta property=\"article:published_time\" content=\"2025-12-03T09:52:34+00:00\" \/>\n<meta property=\"article:modified_time\" content=\"2025-12-03T09:52:35+00:00\" \/>\n<meta property=\"og:image\" content=\"https:\/\/radioleinewelle.de\/wp-content\/uploads\/2025\/12\/PwT_Goettingen.jpg\" \/>\n\t<meta property=\"og:image:width\" content=\"1772\" \/>\n\t<meta property=\"og:image:height\" content=\"1181\" \/>\n\t<meta property=\"og:image:type\" content=\"image\/jpeg\" \/>\n<meta name=\"author\" content=\"Leinewelle\" \/>\n<meta name=\"twitter:card\" content=\"summary_large_image\" \/>\n<meta name=\"twitter:creator\" content=\"@https:\/\/twitter.com\/RLeinewelle?ref_src=twsrcgoogletwcampserptwgrauthor\" \/>\n<meta name=\"twitter:site\" content=\"@RLeinewelle\" \/>\n<meta name=\"twitter:label1\" content=\"Verfasst von\" \/>\n\t<meta name=\"twitter:data1\" content=\"Leinewelle\" \/>\n\t<meta name=\"twitter:label2\" content=\"Gesch\u00e4tzte Lesezeit\" \/>\n\t<meta name=\"twitter:data2\" content=\"2\u00a0Minuten\" \/>\n<script type=\"application\/ld+json\" class=\"yoast-schema-graph\">{\"@context\":\"https:\\\/\\\/schema.org\",\"@graph\":[{\"@type\":\"Article\",\"@id\":\"https:\\\/\\\/radioleinewelle.de\\\/index.php\\\/2025\\\/12\\\/03\\\/plakatwand-toleranz-setzt-zeichen-am-haus-der-kulturen-in-goettingen\\\/#article\",\"isPartOf\":{\"@id\":\"https:\\\/\\\/radioleinewelle.de\\\/index.php\\\/2025\\\/12\\\/03\\\/plakatwand-toleranz-setzt-zeichen-am-haus-der-kulturen-in-goettingen\\\/\"},\"author\":{\"name\":\"Leinewelle\",\"@id\":\"https:\\\/\\\/radioleinewelle.de\\\/#\\\/schema\\\/person\\\/45606f348637df637192dc1b68399a63\"},\"headline\":\"&#8222;PlakatWAND Toleranz&#8220; setzt Zeichen am Haus der Kulturen in G\u00f6ttingen\",\"datePublished\":\"2025-12-03T09:52:34+00:00\",\"dateModified\":\"2025-12-03T09:52:35+00:00\",\"mainEntityOfPage\":{\"@id\":\"https:\\\/\\\/radioleinewelle.de\\\/index.php\\\/2025\\\/12\\\/03\\\/plakatwand-toleranz-setzt-zeichen-am-haus-der-kulturen-in-goettingen\\\/\"},\"wordCount\":225,\"commentCount\":0,\"publisher\":{\"@id\":\"https:\\\/\\\/radioleinewelle.de\\\/#organization\"},\"image\":{\"@id\":\"https:\\\/\\\/radioleinewelle.de\\\/index.php\\\/2025\\\/12\\\/03\\\/plakatwand-toleranz-setzt-zeichen-am-haus-der-kulturen-in-goettingen\\\/#primaryimage\"},\"thumbnailUrl\":\"https:\\\/\\\/radioleinewelle.de\\\/wp-content\\\/uploads\\\/2025\\\/12\\\/PwT_Goettingen.jpg\",\"keywords\":[\"Gesellschaftlicher zusammenhalt\",\"Haus der Kulturen\",\"Humanismus\",\"HVD Niedersachsen\",\"Intergration\",\"PlakatWAND Toleranz\",\"Toleranz\",\"Vielfalt\"],\"articleSection\":[\"Ehrenamtliches Engagement\",\"Kultur\",\"Migration\"],\"inLanguage\":\"de\",\"potentialAction\":[{\"@type\":\"CommentAction\",\"name\":\"Comment\",\"target\":[\"https:\\\/\\\/radioleinewelle.de\\\/index.php\\\/2025\\\/12\\\/03\\\/plakatwand-toleranz-setzt-zeichen-am-haus-der-kulturen-in-goettingen\\\/#respond\"]}]},{\"@type\":\"WebPage\",\"@id\":\"https:\\\/\\\/radioleinewelle.de\\\/index.php\\\/2025\\\/12\\\/03\\\/plakatwand-toleranz-setzt-zeichen-am-haus-der-kulturen-in-goettingen\\\/\",\"url\":\"https:\\\/\\\/radioleinewelle.de\\\/index.php\\\/2025\\\/12\\\/03\\\/plakatwand-toleranz-setzt-zeichen-am-haus-der-kulturen-in-goettingen\\\/\",\"name\":\"\\\"PlakatWAND Toleranz\\\" setzt Zeichen am Haus der Kulturen in G\u00f6ttingen - Radio Leinewelle\",\"isPartOf\":{\"@id\":\"https:\\\/\\\/radioleinewelle.de\\\/#website\"},\"primaryImageOfPage\":{\"@id\":\"https:\\\/\\\/radioleinewelle.de\\\/index.php\\\/2025\\\/12\\\/03\\\/plakatwand-toleranz-setzt-zeichen-am-haus-der-kulturen-in-goettingen\\\/#primaryimage\"},\"image\":{\"@id\":\"https:\\\/\\\/radioleinewelle.de\\\/index.php\\\/2025\\\/12\\\/03\\\/plakatwand-toleranz-setzt-zeichen-am-haus-der-kulturen-in-goettingen\\\/#primaryimage\"},\"thumbnailUrl\":\"https:\\\/\\\/radioleinewelle.de\\\/wp-content\\\/uploads\\\/2025\\\/12\\\/PwT_Goettingen.jpg\",\"datePublished\":\"2025-12-03T09:52:34+00:00\",\"dateModified\":\"2025-12-03T09:52:35+00:00\",\"description\":\"Die PlakatWAND Toleranz setzt ein buntes Zeichen f\u00fcr Vielfalt am Haus der Kulturen in G\u00f6ttingen. Das Integrationsprojekt des HVD Niedersachsen tourt noch bis 2027 durch ganz Niedersachsen.\",\"breadcrumb\":{\"@id\":\"https:\\\/\\\/radioleinewelle.de\\\/index.php\\\/2025\\\/12\\\/03\\\/plakatwand-toleranz-setzt-zeichen-am-haus-der-kulturen-in-goettingen\\\/#breadcrumb\"},\"inLanguage\":\"de\",\"potentialAction\":[{\"@type\":\"ReadAction\",\"target\":[\"https:\\\/\\\/radioleinewelle.de\\\/index.php\\\/2025\\\/12\\\/03\\\/plakatwand-toleranz-setzt-zeichen-am-haus-der-kulturen-in-goettingen\\\/\"]}]},{\"@type\":\"ImageObject\",\"inLanguage\":\"de\",\"@id\":\"https:\\\/\\\/radioleinewelle.de\\\/index.php\\\/2025\\\/12\\\/03\\\/plakatwand-toleranz-setzt-zeichen-am-haus-der-kulturen-in-goettingen\\\/#primaryimage\",\"url\":\"https:\\\/\\\/radioleinewelle.de\\\/wp-content\\\/uploads\\\/2025\\\/12\\\/PwT_Goettingen.jpg\",\"contentUrl\":\"https:\\\/\\\/radioleinewelle.de\\\/wp-content\\\/uploads\\\/2025\\\/12\\\/PwT_Goettingen.jpg\",\"width\":1772,\"height\":1181},{\"@type\":\"BreadcrumbList\",\"@id\":\"https:\\\/\\\/radioleinewelle.de\\\/index.php\\\/2025\\\/12\\\/03\\\/plakatwand-toleranz-setzt-zeichen-am-haus-der-kulturen-in-goettingen\\\/#breadcrumb\",\"itemListElement\":[{\"@type\":\"ListItem\",\"position\":1,\"name\":\"Startseite\",\"item\":\"https:\\\/\\\/radioleinewelle.de\\\/\"},{\"@type\":\"ListItem\",\"position\":2,\"name\":\"&#8222;PlakatWAND Toleranz&#8220; setzt Zeichen am Haus der Kulturen in G\u00f6ttingen\"}]},{\"@type\":\"WebSite\",\"@id\":\"https:\\\/\\\/radioleinewelle.de\\\/#website\",\"url\":\"https:\\\/\\\/radioleinewelle.de\\\/\",\"name\":\"Radio Leinewelle\",\"description\":\"\",\"publisher\":{\"@id\":\"https:\\\/\\\/radioleinewelle.de\\\/#organization\"},\"potentialAction\":[{\"@type\":\"SearchAction\",\"target\":{\"@type\":\"EntryPoint\",\"urlTemplate\":\"https:\\\/\\\/radioleinewelle.de\\\/?s={search_term_string}\"},\"query-input\":{\"@type\":\"PropertyValueSpecification\",\"valueRequired\":true,\"valueName\":\"search_term_string\"}}],\"inLanguage\":\"de\"},{\"@type\":\"Organization\",\"@id\":\"https:\\\/\\\/radioleinewelle.de\\\/#organization\",\"name\":\"Radio Leinewelle\",\"alternateName\":\"Mein Radio f\u00fcr S\u00fcdniedersachsen\",\"url\":\"https:\\\/\\\/radioleinewelle.de\\\/\",\"logo\":{\"@type\":\"ImageObject\",\"inLanguage\":\"de\",\"@id\":\"https:\\\/\\\/radioleinewelle.de\\\/#\\\/schema\\\/logo\\\/image\\\/\",\"url\":\"https:\\\/\\\/radioleinewelle.de\\\/wp-content\\\/uploads\\\/2023\\\/11\\\/cropped-Leinewelle_Logo_weiss.png\",\"contentUrl\":\"https:\\\/\\\/radioleinewelle.de\\\/wp-content\\\/uploads\\\/2023\\\/11\\\/cropped-Leinewelle_Logo_weiss.png\",\"width\":854,\"height\":260,\"caption\":\"Radio Leinewelle\"},\"image\":{\"@id\":\"https:\\\/\\\/radioleinewelle.de\\\/#\\\/schema\\\/logo\\\/image\\\/\"},\"sameAs\":[\"https:\\\/\\\/www.facebook.com\\\/radioleinewelle\",\"https:\\\/\\\/x.com\\\/RLeinewelle\",\"https:\\\/\\\/www.instagram.com\\\/radioleinewelle\\\/?hl=de\"]},{\"@type\":\"Person\",\"@id\":\"https:\\\/\\\/radioleinewelle.de\\\/#\\\/schema\\\/person\\\/45606f348637df637192dc1b68399a63\",\"name\":\"Leinewelle\",\"image\":{\"@type\":\"ImageObject\",\"inLanguage\":\"de\",\"@id\":\"https:\\\/\\\/secure.gravatar.com\\\/avatar\\\/05c9a17bc973052ee5d91549bd32fb4dd0dc85b7b85ae94b2e2b4943476bbea5?s=96&d=blank&r=g\",\"url\":\"https:\\\/\\\/secure.gravatar.com\\\/avatar\\\/05c9a17bc973052ee5d91549bd32fb4dd0dc85b7b85ae94b2e2b4943476bbea5?s=96&d=blank&r=g\",\"contentUrl\":\"https:\\\/\\\/secure.gravatar.com\\\/avatar\\\/05c9a17bc973052ee5d91549bd32fb4dd0dc85b7b85ae94b2e2b4943476bbea5?s=96&d=blank&r=g\",\"caption\":\"Leinewelle\"},\"sameAs\":[\"http:\\\/\\\/localhost\\\/radio%20leinewelle\\\/wordpress\",\"https:\\\/\\\/www.facebook.com\\\/radioleinewelle\",\"https:\\\/\\\/www.instagram.com\\\/radioleinewelle\",\"https:\\\/\\\/x.com\\\/https:\\\/\\\/twitter.com\\\/RLeinewelle?ref_src=twsrcgoogletwcampserptwgrauthor\",\"https:\\\/\\\/soundcloud.com\\\/foerderverein-lokalradio?utm_source=clipboard&utm_medium=text&utm_campaign=social_sharing\"],\"url\":\"https:\\\/\\\/radioleinewelle.de\\\/index.php\\\/author\\\/leinewelle\\\/\"}]}<\/script>\n<!-- \/ Yoast SEO plugin. -->","yoast_head_json":{"title":"\"PlakatWAND Toleranz\" setzt Zeichen am Haus der Kulturen in G\u00f6ttingen - Radio Leinewelle","description":"Die PlakatWAND Toleranz setzt ein buntes Zeichen f\u00fcr Vielfalt am Haus der Kulturen in G\u00f6ttingen. Das Integrationsprojekt des HVD Niedersachsen tourt noch bis 2027 durch ganz Niedersachsen.","robots":{"index":"index","follow":"follow","max-snippet":"max-snippet:-1","max-image-preview":"max-image-preview:large","max-video-preview":"max-video-preview:-1"},"canonical":"https:\/\/radioleinewelle.de\/index.php\/2025\/12\/03\/plakatwand-toleranz-setzt-zeichen-am-haus-der-kulturen-in-goettingen\/","og_locale":"de_DE","og_type":"article","og_title":"\"PlakatWAND Toleranz\" setzt Zeichen am Haus der Kulturen in G\u00f6ttingen - Radio Leinewelle","og_description":"Die PlakatWAND Toleranz setzt ein buntes Zeichen f\u00fcr Vielfalt am Haus der Kulturen in G\u00f6ttingen. Das Integrationsprojekt des HVD Niedersachsen tourt noch bis 2027 durch ganz Niedersachsen.","og_url":"https:\/\/radioleinewelle.de\/index.php\/2025\/12\/03\/plakatwand-toleranz-setzt-zeichen-am-haus-der-kulturen-in-goettingen\/","og_site_name":"Radio Leinewelle","article_publisher":"https:\/\/www.facebook.com\/radioleinewelle","article_author":"https:\/\/www.facebook.com\/radioleinewelle","article_published_time":"2025-12-03T09:52:34+00:00","article_modified_time":"2025-12-03T09:52:35+00:00","og_image":[{"width":1772,"height":1181,"url":"https:\/\/radioleinewelle.de\/wp-content\/uploads\/2025\/12\/PwT_Goettingen.jpg","type":"image\/jpeg"}],"author":"Leinewelle","twitter_card":"summary_large_image","twitter_creator":"@https:\/\/twitter.com\/RLeinewelle?ref_src=twsrcgoogletwcampserptwgrauthor","twitter_site":"@RLeinewelle","twitter_misc":{"Verfasst von":"Leinewelle","Gesch\u00e4tzte Lesezeit":"2\u00a0Minuten"},"schema":{"@context":"https:\/\/schema.org","@graph":[{"@type":"Article","@id":"https:\/\/radioleinewelle.de\/index.php\/2025\/12\/03\/plakatwand-toleranz-setzt-zeichen-am-haus-der-kulturen-in-goettingen\/#article","isPartOf":{"@id":"https:\/\/radioleinewelle.de\/index.php\/2025\/12\/03\/plakatwand-toleranz-setzt-zeichen-am-haus-der-kulturen-in-goettingen\/"},"author":{"name":"Leinewelle","@id":"https:\/\/radioleinewelle.de\/#\/schema\/person\/45606f348637df637192dc1b68399a63"},"headline":"&#8222;PlakatWAND Toleranz&#8220; setzt Zeichen am Haus der Kulturen in G\u00f6ttingen","datePublished":"2025-12-03T09:52:34+00:00","dateModified":"2025-12-03T09:52:35+00:00","mainEntityOfPage":{"@id":"https:\/\/radioleinewelle.de\/index.php\/2025\/12\/03\/plakatwand-toleranz-setzt-zeichen-am-haus-der-kulturen-in-goettingen\/"},"wordCount":225,"commentCount":0,"publisher":{"@id":"https:\/\/radioleinewelle.de\/#organization"},"image":{"@id":"https:\/\/radioleinewelle.de\/index.php\/2025\/12\/03\/plakatwand-toleranz-setzt-zeichen-am-haus-der-kulturen-in-goettingen\/#primaryimage"},"thumbnailUrl":"https:\/\/radioleinewelle.de\/wp-content\/uploads\/2025\/12\/PwT_Goettingen.jpg","keywords":["Gesellschaftlicher zusammenhalt","Haus der Kulturen","Humanismus","HVD Niedersachsen","Intergration","PlakatWAND Toleranz","Toleranz","Vielfalt"],"articleSection":["Ehrenamtliches Engagement","Kultur","Migration"],"inLanguage":"de","potentialAction":[{"@type":"CommentAction","name":"Comment","target":["https:\/\/radioleinewelle.de\/index.php\/2025\/12\/03\/plakatwand-toleranz-setzt-zeichen-am-haus-der-kulturen-in-goettingen\/#respond"]}]},{"@type":"WebPage","@id":"https:\/\/radioleinewelle.de\/index.php\/2025\/12\/03\/plakatwand-toleranz-setzt-zeichen-am-haus-der-kulturen-in-goettingen\/","url":"https:\/\/radioleinewelle.de\/index.php\/2025\/12\/03\/plakatwand-toleranz-setzt-zeichen-am-haus-der-kulturen-in-goettingen\/","name":"\"PlakatWAND Toleranz\" setzt Zeichen am Haus der Kulturen in G\u00f6ttingen - Radio Leinewelle","isPartOf":{"@id":"https:\/\/radioleinewelle.de\/#website"},"primaryImageOfPage":{"@id":"https:\/\/radioleinewelle.de\/index.php\/2025\/12\/03\/plakatwand-toleranz-setzt-zeichen-am-haus-der-kulturen-in-goettingen\/#primaryimage"},"image":{"@id":"https:\/\/radioleinewelle.de\/index.php\/2025\/12\/03\/plakatwand-toleranz-setzt-zeichen-am-haus-der-kulturen-in-goettingen\/#primaryimage"},"thumbnailUrl":"https:\/\/radioleinewelle.de\/wp-content\/uploads\/2025\/12\/PwT_Goettingen.jpg","datePublished":"2025-12-03T09:52:34+00:00","dateModified":"2025-12-03T09:52:35+00:00","description":"Die PlakatWAND Toleranz setzt ein buntes Zeichen f\u00fcr Vielfalt am Haus der Kulturen in G\u00f6ttingen. Das Integrationsprojekt des HVD Niedersachsen tourt noch bis 2027 durch ganz Niedersachsen.","breadcrumb":{"@id":"https:\/\/radioleinewelle.de\/index.php\/2025\/12\/03\/plakatwand-toleranz-setzt-zeichen-am-haus-der-kulturen-in-goettingen\/#breadcrumb"},"inLanguage":"de","potentialAction":[{"@type":"ReadAction","target":["https:\/\/radioleinewelle.de\/index.php\/2025\/12\/03\/plakatwand-toleranz-setzt-zeichen-am-haus-der-kulturen-in-goettingen\/"]}]},{"@type":"ImageObject","inLanguage":"de","@id":"https:\/\/radioleinewelle.de\/index.php\/2025\/12\/03\/plakatwand-toleranz-setzt-zeichen-am-haus-der-kulturen-in-goettingen\/#primaryimage","url":"https:\/\/radioleinewelle.de\/wp-content\/uploads\/2025\/12\/PwT_Goettingen.jpg","contentUrl":"https:\/\/radioleinewelle.de\/wp-content\/uploads\/2025\/12\/PwT_Goettingen.jpg","width":1772,"height":1181},{"@type":"BreadcrumbList","@id":"https:\/\/radioleinewelle.de\/index.php\/2025\/12\/03\/plakatwand-toleranz-setzt-zeichen-am-haus-der-kulturen-in-goettingen\/#breadcrumb","itemListElement":[{"@type":"ListItem","position":1,"name":"Startseite","item":"https:\/\/radioleinewelle.de\/"},{"@type":"ListItem","position":2,"name":"&#8222;PlakatWAND Toleranz&#8220; setzt Zeichen am Haus der Kulturen in G\u00f6ttingen"}]},{"@type":"WebSite","@id":"https:\/\/radioleinewelle.de\/#website","url":"https:\/\/radioleinewelle.de\/","name":"Radio Leinewelle","description":"","publisher":{"@id":"https:\/\/radioleinewelle.de\/#organization"},"potentialAction":[{"@type":"SearchAction","target":{"@type":"EntryPoint","urlTemplate":"https:\/\/radioleinewelle.de\/?s={search_term_string}"},"query-input":{"@type":"PropertyValueSpecification","valueRequired":true,"valueName":"search_term_string"}}],"inLanguage":"de"},{"@type":"Organization","@id":"https:\/\/radioleinewelle.de\/#organization","name":"Radio Leinewelle","alternateName":"Mein Radio f\u00fcr S\u00fcdniedersachsen","url":"https:\/\/radioleinewelle.de\/","logo":{"@type":"ImageObject","inLanguage":"de","@id":"https:\/\/radioleinewelle.de\/#\/schema\/logo\/image\/","url":"https:\/\/radioleinewelle.de\/wp-content\/uploads\/2023\/11\/cropped-Leinewelle_Logo_weiss.png","contentUrl":"https:\/\/radioleinewelle.de\/wp-content\/uploads\/2023\/11\/cropped-Leinewelle_Logo_weiss.png","width":854,"height":260,"caption":"Radio Leinewelle"},"image":{"@id":"https:\/\/radioleinewelle.de\/#\/schema\/logo\/image\/"},"sameAs":["https:\/\/www.facebook.com\/radioleinewelle","https:\/\/x.com\/RLeinewelle","https:\/\/www.instagram.com\/radioleinewelle\/?hl=de"]},{"@type":"Person","@id":"https:\/\/radioleinewelle.de\/#\/schema\/person\/45606f348637df637192dc1b68399a63","name":"Leinewelle","image":{"@type":"ImageObject","inLanguage":"de","@id":"https:\/\/secure.gravatar.com\/avatar\/05c9a17bc973052ee5d91549bd32fb4dd0dc85b7b85ae94b2e2b4943476bbea5?s=96&d=blank&r=g","url":"https:\/\/secure.gravatar.com\/avatar\/05c9a17bc973052ee5d91549bd32fb4dd0dc85b7b85ae94b2e2b4943476bbea5?s=96&d=blank&r=g","contentUrl":"https:\/\/secure.gravatar.com\/avatar\/05c9a17bc973052ee5d91549bd32fb4dd0dc85b7b85ae94b2e2b4943476bbea5?s=96&d=blank&r=g","caption":"Leinewelle"},"sameAs":["http:\/\/localhost\/radio%20leinewelle\/wordpress","https:\/\/www.facebook.com\/radioleinewelle","https:\/\/www.instagram.com\/radioleinewelle","https:\/\/x.com\/https:\/\/twitter.com\/RLeinewelle?ref_src=twsrcgoogletwcampserptwgrauthor","https:\/\/soundcloud.com\/foerderverein-lokalradio?utm_source=clipboard&utm_medium=text&utm_campaign=social_sharing"],"url":"https:\/\/radioleinewelle.de\/index.php\/author\/leinewelle\/"}]}},"_links":{"self":[{"href":"https:\/\/radioleinewelle.de\/index.php\/wp-json\/wp\/v2\/posts\/29945","targetHints":{"allow":["GET"]}}],"collection":[{"href":"https:\/\/radioleinewelle.de\/index.php\/wp-json\/wp\/v2\/posts"}],"about":[{"href":"https:\/\/radioleinewelle.de\/index.php\/wp-json\/wp\/v2\/types\/post"}],"author":[{"embeddable":true,"href":"https:\/\/radioleinewelle.de\/index.php\/wp-json\/wp\/v2\/users\/1"}],"replies":[{"embeddable":true,"href":"https:\/\/radioleinewelle.de\/index.php\/wp-json\/wp\/v2\/comments?post=29945"}],"version-history":[{"count":4,"href":"https:\/\/radioleinewelle.de\/index.php\/wp-json\/wp\/v2\/posts\/29945\/revisions"}],"predecessor-version":[{"id":29950,"href":"https:\/\/radioleinewelle.de\/index.php\/wp-json\/wp\/v2\/posts\/29945\/revisions\/29950"}],"wp:featuredmedia":[{"embeddable":true,"href":"https:\/\/radioleinewelle.de\/index.php\/wp-json\/wp\/v2\/media\/29948"}],"wp:attachment":[{"href":"https:\/\/radioleinewelle.de\/index.php\/wp-json\/wp\/v2\/media?parent=29945"}],"wp:term":[{"taxonomy":"category","embeddable":true,"href":"https:\/\/radioleinewelle.de\/index.php\/wp-json\/wp\/v2\/categories?post=29945"},{"taxonomy":"post_tag","embeddable":true,"href":"https:\/\/radioleinewelle.de\/index.php\/wp-json\/wp\/v2\/tags?post=29945"}],"curies":[{"name":"wp","href":"https:\/\/api.w.org\/{rel}","templated":true}]}}