{"id":29951,"date":"2025-12-04T08:55:56","date_gmt":"2025-12-04T07:55:56","guid":{"rendered":"https:\/\/radioleinewelle.de\/?p=29951"},"modified":"2025-12-04T09:12:41","modified_gmt":"2025-12-04T08:12:41","slug":"neues-wohnraumprojekt-der-straso-perspektiven-fuer-menschen-ohne-obdach-in-goettingen","status":"publish","type":"post","link":"https:\/\/radioleinewelle.de\/index.php\/2025\/12\/04\/neues-wohnraumprojekt-der-straso-perspektiven-fuer-menschen-ohne-obdach-in-goettingen\/","title":{"rendered":"Neues Wohnraumprojekt der Straso: Perspektiven f\u00fcr Menschen ohne Obdach in G\u00f6ttingen"},"content":{"rendered":"\n\n\n<p>Die Strassensozialarbei (Straso) der Diakonie in G\u00f6ttingen setzt ein starkes Zeichen gegen Wohnungslosigkeit: Mit einem neuen Wohnraumprojekt erhalten obdachlose Menschen k\u00fcnftig nicht nur ein Dach \u00fcber dem Kopf, sondern auch individuelle Unterst\u00fctzung auf dem Weg zur\u00fcck in ein eigenst\u00e4ndiges Leben.<\/p>\n\n\n\n<p>Das Projekt verfolgt einen ganzheitlichen Ansatz: Neben der Vermittlung von sicheren Wohnpl\u00e4tzen sollen Betroffene sozialp\u00e4dagogisch begleitet und bei Beh\u00f6rdeng\u00e4ngen, Gesundheitsfragen oder dem Einstieg in Arbeit unterst\u00fctzt werden. Die Straso arbeitet dabei eng mit Vermietenden, sozialen Einrichtungen und der Stadt zusammen. Das im M\u00e4rz gestartete Projekt konnte bisher 15 obdachlosen Menschen einen neuen Wohnraum verschaffen. <\/p>\n\n\n\n<p>Mit dem neuen Angebot m\u00f6chte die Diakonie Menschen erreichen, die bislang durchs Raster fallen oder keinen Zugang zu regul\u00e4rem Wohnraum finden. Denn eine Wohnung ist mehr als nur ein Ort zum Schlafen \u2013 sie bedeutet W\u00fcrde, Sicherheit und eine reale Chance, wieder Fu\u00df zu fassen. Dies best\u00e4tigen auch Betroffene, wie Torsten Molzon und Ralf Bockelmann. F\u00fcr Beide hat sich ihre pers\u00f6nliche Situation deutlich verbessert, bzw. stabilisiert.<br>Auch die privaten Vermieter werden nicht alleingelassen. Die Straso tritt als Vermittler auf, Probleme k\u00f6nnen so im Vorfeld besprochen und gel\u00f6st werde. Die Stadt G\u00f6ttingen ist ebenfalls mit ihrer Expertise als unterst\u00fctzender und beratender Partner mit im Boot. <\/p>\n\n\n\n<p>Allerdings reichen die bisherigen Vermittlungen bei weitem nicht aus. \u00dcber 140 Menschen stehen im G\u00f6ttinger Raum auf der Warteliste. Seit Corona sei ein deutlicher Anstieg zu sehen, so J\u00f6rg Mannigel, der Gesch\u00e4ftsf\u00fchrer des Diakonieverbands. Es ist also noch ein langer Weg um das Problem der Obdachlosigkeit in G\u00f6ttingen zu reduzieren. Die bisherige Vermittlungs- und Betreuungsarbeit der Straso darf man aber als definitive Erfolgsgeschichte bezeichnen.<\/p>\n\n\n\n<p><strong>Im Fr\u00fchst\u00fccksradio auf Radio Leinewelle:<\/strong> Am n\u00e4chsten Montag (08.12.) gibt es zu diesem Thema ein Interview mit Torsten Molzon, einem Betroffenen. Er berichtet \u00fcber den schwierigen Weg aus der Obdachlosigkeit zur\u00fcck in ein selbstbestimmtes Leben.<\/p>\n\n\n\n<p><em>Ulf Engelmayer<\/em><br><br><\/p>\n","protected":false},"excerpt":{"rendered":"<p>Die Strassensozialarbei (Straso) der Diakonie in G\u00f6ttingen setzt ein starkes Zeichen gegen Wohnungslosigkeit: Mit einem neuen Wohnraumprojekt erhalten obdachlose Menschen k\u00fcnftig nicht nur ein Dach \u00fcber dem Kopf, sondern auch individuelle Unterst\u00fctzung auf dem Weg zur\u00fcck in ein eigenst\u00e4ndiges Leben. Das Projekt verfolgt einen ganzheitlichen Ansatz: Neben der Vermittlung von sicheren Wohnpl\u00e4tzen sollen Betroffene sozialp\u00e4dagogisch [&hellip;]<\/p>\n","protected":false},"author":1,"featured_media":29956,"comment_status":"open","ping_status":"open","sticky":false,"template":"","format":"standard","meta":{"saved_in_kubio":false,"footnotes":""},"categories":[53,4186,2683],"tags":[4656,63,4660,4658,3364,4659,4657],"class_list":["post-29951","post","type-post","status-publish","format-standard","has-post-thumbnail","hentry","category-gesellschaft","category-soziale-netze","category-soziales","tag-diakonie","tag-goettingen","tag-housing-first","tag-obdachlosenhilfe","tag-straso","tag-teilhabe","tag-wohnraumprojekt"],"yoast_head":"<!-- This site is optimized with the Yoast SEO plugin v27.5 - https:\/\/yoast.com\/product\/yoast-seo-wordpress\/ -->\n<title>Neues Wohnraumprojekt der Straso: Perspektiven f\u00fcr Menschen ohne Obdach in G\u00f6ttingen - Radio Leinewelle<\/title>\n<meta name=\"description\" content=\"Die Strassensozialarbeit G\u00f6ttingen (Straso) der Diakonie hat ein neues Wohnraumprojekt f\u00fcr obdachlose Menschen gestartet. Ziel ist es, Betroffenen Stabilit\u00e4t, Unterst\u00fctzung und langfristige Perspektiven zu geben.\" \/>\n<meta name=\"robots\" content=\"index, follow, max-snippet:-1, max-image-preview:large, max-video-preview:-1\" \/>\n<link rel=\"canonical\" href=\"https:\/\/radioleinewelle.de\/index.php\/2025\/12\/04\/neues-wohnraumprojekt-der-straso-perspektiven-fuer-menschen-ohne-obdach-in-goettingen\/\" \/>\n<meta property=\"og:locale\" content=\"de_DE\" \/>\n<meta property=\"og:type\" content=\"article\" \/>\n<meta property=\"og:title\" content=\"Neues Wohnraumprojekt der Straso: Perspektiven f\u00fcr Menschen ohne Obdach in G\u00f6ttingen - Radio Leinewelle\" \/>\n<meta property=\"og:description\" content=\"Die Strassensozialarbeit G\u00f6ttingen (Straso) der Diakonie hat ein neues Wohnraumprojekt f\u00fcr obdachlose Menschen gestartet. Ziel ist es, Betroffenen Stabilit\u00e4t, Unterst\u00fctzung und langfristige Perspektiven zu geben.\" \/>\n<meta property=\"og:url\" content=\"https:\/\/radioleinewelle.de\/index.php\/2025\/12\/04\/neues-wohnraumprojekt-der-straso-perspektiven-fuer-menschen-ohne-obdach-in-goettingen\/\" \/>\n<meta property=\"og:site_name\" content=\"Radio Leinewelle\" \/>\n<meta property=\"article:publisher\" content=\"https:\/\/www.facebook.com\/radioleinewelle\" \/>\n<meta property=\"article:author\" content=\"https:\/\/www.facebook.com\/radioleinewelle\" \/>\n<meta property=\"article:published_time\" content=\"2025-12-04T07:55:56+00:00\" \/>\n<meta property=\"article:modified_time\" content=\"2025-12-04T08:12:41+00:00\" \/>\n<meta property=\"og:image\" content=\"https:\/\/radioleinewelle.de\/wp-content\/uploads\/2025\/12\/Gruppenfoto-Straso-Goettingen-e1764835165636.jpg\" \/>\n\t<meta property=\"og:image:width\" content=\"1337\" \/>\n\t<meta property=\"og:image:height\" content=\"1005\" \/>\n\t<meta property=\"og:image:type\" content=\"image\/jpeg\" \/>\n<meta name=\"author\" content=\"Leinewelle\" \/>\n<meta name=\"twitter:card\" content=\"summary_large_image\" \/>\n<meta name=\"twitter:creator\" content=\"@https:\/\/twitter.com\/RLeinewelle?ref_src=twsrcgoogletwcampserptwgrauthor\" \/>\n<meta name=\"twitter:site\" content=\"@RLeinewelle\" \/>\n<meta name=\"twitter:label1\" content=\"Verfasst von\" \/>\n\t<meta name=\"twitter:data1\" content=\"Leinewelle\" \/>\n\t<meta name=\"twitter:label2\" content=\"Gesch\u00e4tzte Lesezeit\" \/>\n\t<meta name=\"twitter:data2\" content=\"3\u00a0Minuten\" \/>\n<script type=\"application\/ld+json\" class=\"yoast-schema-graph\">{\"@context\":\"https:\\\/\\\/schema.org\",\"@graph\":[{\"@type\":\"Article\",\"@id\":\"https:\\\/\\\/radioleinewelle.de\\\/index.php\\\/2025\\\/12\\\/04\\\/neues-wohnraumprojekt-der-straso-perspektiven-fuer-menschen-ohne-obdach-in-goettingen\\\/#article\",\"isPartOf\":{\"@id\":\"https:\\\/\\\/radioleinewelle.de\\\/index.php\\\/2025\\\/12\\\/04\\\/neues-wohnraumprojekt-der-straso-perspektiven-fuer-menschen-ohne-obdach-in-goettingen\\\/\"},\"author\":{\"name\":\"Leinewelle\",\"@id\":\"https:\\\/\\\/radioleinewelle.de\\\/#\\\/schema\\\/person\\\/45606f348637df637192dc1b68399a63\"},\"headline\":\"Neues Wohnraumprojekt der Straso: Perspektiven f\u00fcr Menschen ohne Obdach in G\u00f6ttingen\",\"datePublished\":\"2025-12-04T07:55:56+00:00\",\"dateModified\":\"2025-12-04T08:12:41+00:00\",\"mainEntityOfPage\":{\"@id\":\"https:\\\/\\\/radioleinewelle.de\\\/index.php\\\/2025\\\/12\\\/04\\\/neues-wohnraumprojekt-der-straso-perspektiven-fuer-menschen-ohne-obdach-in-goettingen\\\/\"},\"wordCount\":368,\"commentCount\":0,\"publisher\":{\"@id\":\"https:\\\/\\\/radioleinewelle.de\\\/#organization\"},\"image\":{\"@id\":\"https:\\\/\\\/radioleinewelle.de\\\/index.php\\\/2025\\\/12\\\/04\\\/neues-wohnraumprojekt-der-straso-perspektiven-fuer-menschen-ohne-obdach-in-goettingen\\\/#primaryimage\"},\"thumbnailUrl\":\"https:\\\/\\\/radioleinewelle.de\\\/wp-content\\\/uploads\\\/2025\\\/12\\\/Gruppenfoto-Straso-Goettingen-e1764835165636.jpg\",\"keywords\":[\"Diakonie\",\"G\u00f6ttingen\",\"Housing First\",\"Obdachlosenhilfe\",\"Straso\",\"Teilhabe\",\"Wohnraumprojekt\"],\"articleSection\":[\"Gesellschaft\",\"Soziale Netze\",\"Soziales\"],\"inLanguage\":\"de\",\"potentialAction\":[{\"@type\":\"CommentAction\",\"name\":\"Comment\",\"target\":[\"https:\\\/\\\/radioleinewelle.de\\\/index.php\\\/2025\\\/12\\\/04\\\/neues-wohnraumprojekt-der-straso-perspektiven-fuer-menschen-ohne-obdach-in-goettingen\\\/#respond\"]}]},{\"@type\":\"WebPage\",\"@id\":\"https:\\\/\\\/radioleinewelle.de\\\/index.php\\\/2025\\\/12\\\/04\\\/neues-wohnraumprojekt-der-straso-perspektiven-fuer-menschen-ohne-obdach-in-goettingen\\\/\",\"url\":\"https:\\\/\\\/radioleinewelle.de\\\/index.php\\\/2025\\\/12\\\/04\\\/neues-wohnraumprojekt-der-straso-perspektiven-fuer-menschen-ohne-obdach-in-goettingen\\\/\",\"name\":\"Neues Wohnraumprojekt der Straso: Perspektiven f\u00fcr Menschen ohne Obdach in G\u00f6ttingen - Radio Leinewelle\",\"isPartOf\":{\"@id\":\"https:\\\/\\\/radioleinewelle.de\\\/#website\"},\"primaryImageOfPage\":{\"@id\":\"https:\\\/\\\/radioleinewelle.de\\\/index.php\\\/2025\\\/12\\\/04\\\/neues-wohnraumprojekt-der-straso-perspektiven-fuer-menschen-ohne-obdach-in-goettingen\\\/#primaryimage\"},\"image\":{\"@id\":\"https:\\\/\\\/radioleinewelle.de\\\/index.php\\\/2025\\\/12\\\/04\\\/neues-wohnraumprojekt-der-straso-perspektiven-fuer-menschen-ohne-obdach-in-goettingen\\\/#primaryimage\"},\"thumbnailUrl\":\"https:\\\/\\\/radioleinewelle.de\\\/wp-content\\\/uploads\\\/2025\\\/12\\\/Gruppenfoto-Straso-Goettingen-e1764835165636.jpg\",\"datePublished\":\"2025-12-04T07:55:56+00:00\",\"dateModified\":\"2025-12-04T08:12:41+00:00\",\"description\":\"Die Strassensozialarbeit G\u00f6ttingen (Straso) der Diakonie hat ein neues Wohnraumprojekt f\u00fcr obdachlose Menschen gestartet. Ziel ist es, Betroffenen Stabilit\u00e4t, Unterst\u00fctzung und langfristige Perspektiven zu geben.\",\"breadcrumb\":{\"@id\":\"https:\\\/\\\/radioleinewelle.de\\\/index.php\\\/2025\\\/12\\\/04\\\/neues-wohnraumprojekt-der-straso-perspektiven-fuer-menschen-ohne-obdach-in-goettingen\\\/#breadcrumb\"},\"inLanguage\":\"de\",\"potentialAction\":[{\"@type\":\"ReadAction\",\"target\":[\"https:\\\/\\\/radioleinewelle.de\\\/index.php\\\/2025\\\/12\\\/04\\\/neues-wohnraumprojekt-der-straso-perspektiven-fuer-menschen-ohne-obdach-in-goettingen\\\/\"]}]},{\"@type\":\"ImageObject\",\"inLanguage\":\"de\",\"@id\":\"https:\\\/\\\/radioleinewelle.de\\\/index.php\\\/2025\\\/12\\\/04\\\/neues-wohnraumprojekt-der-straso-perspektiven-fuer-menschen-ohne-obdach-in-goettingen\\\/#primaryimage\",\"url\":\"https:\\\/\\\/radioleinewelle.de\\\/wp-content\\\/uploads\\\/2025\\\/12\\\/Gruppenfoto-Straso-Goettingen-e1764835165636.jpg\",\"contentUrl\":\"https:\\\/\\\/radioleinewelle.de\\\/wp-content\\\/uploads\\\/2025\\\/12\\\/Gruppenfoto-Straso-Goettingen-e1764835165636.jpg\",\"width\":1337,\"height\":1005},{\"@type\":\"BreadcrumbList\",\"@id\":\"https:\\\/\\\/radioleinewelle.de\\\/index.php\\\/2025\\\/12\\\/04\\\/neues-wohnraumprojekt-der-straso-perspektiven-fuer-menschen-ohne-obdach-in-goettingen\\\/#breadcrumb\",\"itemListElement\":[{\"@type\":\"ListItem\",\"position\":1,\"name\":\"Startseite\",\"item\":\"https:\\\/\\\/radioleinewelle.de\\\/\"},{\"@type\":\"ListItem\",\"position\":2,\"name\":\"Neues Wohnraumprojekt der Straso: Perspektiven f\u00fcr Menschen ohne Obdach in G\u00f6ttingen\"}]},{\"@type\":\"WebSite\",\"@id\":\"https:\\\/\\\/radioleinewelle.de\\\/#website\",\"url\":\"https:\\\/\\\/radioleinewelle.de\\\/\",\"name\":\"Radio Leinewelle\",\"description\":\"\",\"publisher\":{\"@id\":\"https:\\\/\\\/radioleinewelle.de\\\/#organization\"},\"potentialAction\":[{\"@type\":\"SearchAction\",\"target\":{\"@type\":\"EntryPoint\",\"urlTemplate\":\"https:\\\/\\\/radioleinewelle.de\\\/?s={search_term_string}\"},\"query-input\":{\"@type\":\"PropertyValueSpecification\",\"valueRequired\":true,\"valueName\":\"search_term_string\"}}],\"inLanguage\":\"de\"},{\"@type\":\"Organization\",\"@id\":\"https:\\\/\\\/radioleinewelle.de\\\/#organization\",\"name\":\"Radio Leinewelle\",\"alternateName\":\"Mein Radio f\u00fcr S\u00fcdniedersachsen\",\"url\":\"https:\\\/\\\/radioleinewelle.de\\\/\",\"logo\":{\"@type\":\"ImageObject\",\"inLanguage\":\"de\",\"@id\":\"https:\\\/\\\/radioleinewelle.de\\\/#\\\/schema\\\/logo\\\/image\\\/\",\"url\":\"https:\\\/\\\/radioleinewelle.de\\\/wp-content\\\/uploads\\\/2023\\\/11\\\/cropped-Leinewelle_Logo_weiss.png\",\"contentUrl\":\"https:\\\/\\\/radioleinewelle.de\\\/wp-content\\\/uploads\\\/2023\\\/11\\\/cropped-Leinewelle_Logo_weiss.png\",\"width\":854,\"height\":260,\"caption\":\"Radio Leinewelle\"},\"image\":{\"@id\":\"https:\\\/\\\/radioleinewelle.de\\\/#\\\/schema\\\/logo\\\/image\\\/\"},\"sameAs\":[\"https:\\\/\\\/www.facebook.com\\\/radioleinewelle\",\"https:\\\/\\\/x.com\\\/RLeinewelle\",\"https:\\\/\\\/www.instagram.com\\\/radioleinewelle\\\/?hl=de\"]},{\"@type\":\"Person\",\"@id\":\"https:\\\/\\\/radioleinewelle.de\\\/#\\\/schema\\\/person\\\/45606f348637df637192dc1b68399a63\",\"name\":\"Leinewelle\",\"image\":{\"@type\":\"ImageObject\",\"inLanguage\":\"de\",\"@id\":\"https:\\\/\\\/secure.gravatar.com\\\/avatar\\\/05c9a17bc973052ee5d91549bd32fb4dd0dc85b7b85ae94b2e2b4943476bbea5?s=96&d=blank&r=g\",\"url\":\"https:\\\/\\\/secure.gravatar.com\\\/avatar\\\/05c9a17bc973052ee5d91549bd32fb4dd0dc85b7b85ae94b2e2b4943476bbea5?s=96&d=blank&r=g\",\"contentUrl\":\"https:\\\/\\\/secure.gravatar.com\\\/avatar\\\/05c9a17bc973052ee5d91549bd32fb4dd0dc85b7b85ae94b2e2b4943476bbea5?s=96&d=blank&r=g\",\"caption\":\"Leinewelle\"},\"sameAs\":[\"http:\\\/\\\/localhost\\\/radio%20leinewelle\\\/wordpress\",\"https:\\\/\\\/www.facebook.com\\\/radioleinewelle\",\"https:\\\/\\\/www.instagram.com\\\/radioleinewelle\",\"https:\\\/\\\/x.com\\\/https:\\\/\\\/twitter.com\\\/RLeinewelle?ref_src=twsrcgoogletwcampserptwgrauthor\",\"https:\\\/\\\/soundcloud.com\\\/foerderverein-lokalradio?utm_source=clipboard&utm_medium=text&utm_campaign=social_sharing\"],\"url\":\"https:\\\/\\\/radioleinewelle.de\\\/index.php\\\/author\\\/leinewelle\\\/\"}]}<\/script>\n<!-- \/ Yoast SEO plugin. -->","yoast_head_json":{"title":"Neues Wohnraumprojekt der Straso: Perspektiven f\u00fcr Menschen ohne Obdach in G\u00f6ttingen - Radio Leinewelle","description":"Die Strassensozialarbeit G\u00f6ttingen (Straso) der Diakonie hat ein neues Wohnraumprojekt f\u00fcr obdachlose Menschen gestartet. Ziel ist es, Betroffenen Stabilit\u00e4t, Unterst\u00fctzung und langfristige Perspektiven zu geben.","robots":{"index":"index","follow":"follow","max-snippet":"max-snippet:-1","max-image-preview":"max-image-preview:large","max-video-preview":"max-video-preview:-1"},"canonical":"https:\/\/radioleinewelle.de\/index.php\/2025\/12\/04\/neues-wohnraumprojekt-der-straso-perspektiven-fuer-menschen-ohne-obdach-in-goettingen\/","og_locale":"de_DE","og_type":"article","og_title":"Neues Wohnraumprojekt der Straso: Perspektiven f\u00fcr Menschen ohne Obdach in G\u00f6ttingen - Radio Leinewelle","og_description":"Die Strassensozialarbeit G\u00f6ttingen (Straso) der Diakonie hat ein neues Wohnraumprojekt f\u00fcr obdachlose Menschen gestartet. Ziel ist es, Betroffenen Stabilit\u00e4t, Unterst\u00fctzung und langfristige Perspektiven zu geben.","og_url":"https:\/\/radioleinewelle.de\/index.php\/2025\/12\/04\/neues-wohnraumprojekt-der-straso-perspektiven-fuer-menschen-ohne-obdach-in-goettingen\/","og_site_name":"Radio Leinewelle","article_publisher":"https:\/\/www.facebook.com\/radioleinewelle","article_author":"https:\/\/www.facebook.com\/radioleinewelle","article_published_time":"2025-12-04T07:55:56+00:00","article_modified_time":"2025-12-04T08:12:41+00:00","og_image":[{"width":1337,"height":1005,"url":"https:\/\/radioleinewelle.de\/wp-content\/uploads\/2025\/12\/Gruppenfoto-Straso-Goettingen-e1764835165636.jpg","type":"image\/jpeg"}],"author":"Leinewelle","twitter_card":"summary_large_image","twitter_creator":"@https:\/\/twitter.com\/RLeinewelle?ref_src=twsrcgoogletwcampserptwgrauthor","twitter_site":"@RLeinewelle","twitter_misc":{"Verfasst von":"Leinewelle","Gesch\u00e4tzte Lesezeit":"3\u00a0Minuten"},"schema":{"@context":"https:\/\/schema.org","@graph":[{"@type":"Article","@id":"https:\/\/radioleinewelle.de\/index.php\/2025\/12\/04\/neues-wohnraumprojekt-der-straso-perspektiven-fuer-menschen-ohne-obdach-in-goettingen\/#article","isPartOf":{"@id":"https:\/\/radioleinewelle.de\/index.php\/2025\/12\/04\/neues-wohnraumprojekt-der-straso-perspektiven-fuer-menschen-ohne-obdach-in-goettingen\/"},"author":{"name":"Leinewelle","@id":"https:\/\/radioleinewelle.de\/#\/schema\/person\/45606f348637df637192dc1b68399a63"},"headline":"Neues Wohnraumprojekt der Straso: Perspektiven f\u00fcr Menschen ohne Obdach in G\u00f6ttingen","datePublished":"2025-12-04T07:55:56+00:00","dateModified":"2025-12-04T08:12:41+00:00","mainEntityOfPage":{"@id":"https:\/\/radioleinewelle.de\/index.php\/2025\/12\/04\/neues-wohnraumprojekt-der-straso-perspektiven-fuer-menschen-ohne-obdach-in-goettingen\/"},"wordCount":368,"commentCount":0,"publisher":{"@id":"https:\/\/radioleinewelle.de\/#organization"},"image":{"@id":"https:\/\/radioleinewelle.de\/index.php\/2025\/12\/04\/neues-wohnraumprojekt-der-straso-perspektiven-fuer-menschen-ohne-obdach-in-goettingen\/#primaryimage"},"thumbnailUrl":"https:\/\/radioleinewelle.de\/wp-content\/uploads\/2025\/12\/Gruppenfoto-Straso-Goettingen-e1764835165636.jpg","keywords":["Diakonie","G\u00f6ttingen","Housing First","Obdachlosenhilfe","Straso","Teilhabe","Wohnraumprojekt"],"articleSection":["Gesellschaft","Soziale Netze","Soziales"],"inLanguage":"de","potentialAction":[{"@type":"CommentAction","name":"Comment","target":["https:\/\/radioleinewelle.de\/index.php\/2025\/12\/04\/neues-wohnraumprojekt-der-straso-perspektiven-fuer-menschen-ohne-obdach-in-goettingen\/#respond"]}]},{"@type":"WebPage","@id":"https:\/\/radioleinewelle.de\/index.php\/2025\/12\/04\/neues-wohnraumprojekt-der-straso-perspektiven-fuer-menschen-ohne-obdach-in-goettingen\/","url":"https:\/\/radioleinewelle.de\/index.php\/2025\/12\/04\/neues-wohnraumprojekt-der-straso-perspektiven-fuer-menschen-ohne-obdach-in-goettingen\/","name":"Neues Wohnraumprojekt der Straso: Perspektiven f\u00fcr Menschen ohne Obdach in G\u00f6ttingen - Radio Leinewelle","isPartOf":{"@id":"https:\/\/radioleinewelle.de\/#website"},"primaryImageOfPage":{"@id":"https:\/\/radioleinewelle.de\/index.php\/2025\/12\/04\/neues-wohnraumprojekt-der-straso-perspektiven-fuer-menschen-ohne-obdach-in-goettingen\/#primaryimage"},"image":{"@id":"https:\/\/radioleinewelle.de\/index.php\/2025\/12\/04\/neues-wohnraumprojekt-der-straso-perspektiven-fuer-menschen-ohne-obdach-in-goettingen\/#primaryimage"},"thumbnailUrl":"https:\/\/radioleinewelle.de\/wp-content\/uploads\/2025\/12\/Gruppenfoto-Straso-Goettingen-e1764835165636.jpg","datePublished":"2025-12-04T07:55:56+00:00","dateModified":"2025-12-04T08:12:41+00:00","description":"Die Strassensozialarbeit G\u00f6ttingen (Straso) der Diakonie hat ein neues Wohnraumprojekt f\u00fcr obdachlose Menschen gestartet. Ziel ist es, Betroffenen Stabilit\u00e4t, Unterst\u00fctzung und langfristige Perspektiven zu geben.","breadcrumb":{"@id":"https:\/\/radioleinewelle.de\/index.php\/2025\/12\/04\/neues-wohnraumprojekt-der-straso-perspektiven-fuer-menschen-ohne-obdach-in-goettingen\/#breadcrumb"},"inLanguage":"de","potentialAction":[{"@type":"ReadAction","target":["https:\/\/radioleinewelle.de\/index.php\/2025\/12\/04\/neues-wohnraumprojekt-der-straso-perspektiven-fuer-menschen-ohne-obdach-in-goettingen\/"]}]},{"@type":"ImageObject","inLanguage":"de","@id":"https:\/\/radioleinewelle.de\/index.php\/2025\/12\/04\/neues-wohnraumprojekt-der-straso-perspektiven-fuer-menschen-ohne-obdach-in-goettingen\/#primaryimage","url":"https:\/\/radioleinewelle.de\/wp-content\/uploads\/2025\/12\/Gruppenfoto-Straso-Goettingen-e1764835165636.jpg","contentUrl":"https:\/\/radioleinewelle.de\/wp-content\/uploads\/2025\/12\/Gruppenfoto-Straso-Goettingen-e1764835165636.jpg","width":1337,"height":1005},{"@type":"BreadcrumbList","@id":"https:\/\/radioleinewelle.de\/index.php\/2025\/12\/04\/neues-wohnraumprojekt-der-straso-perspektiven-fuer-menschen-ohne-obdach-in-goettingen\/#breadcrumb","itemListElement":[{"@type":"ListItem","position":1,"name":"Startseite","item":"https:\/\/radioleinewelle.de\/"},{"@type":"ListItem","position":2,"name":"Neues Wohnraumprojekt der Straso: Perspektiven f\u00fcr Menschen ohne Obdach in G\u00f6ttingen"}]},{"@type":"WebSite","@id":"https:\/\/radioleinewelle.de\/#website","url":"https:\/\/radioleinewelle.de\/","name":"Radio Leinewelle","description":"","publisher":{"@id":"https:\/\/radioleinewelle.de\/#organization"},"potentialAction":[{"@type":"SearchAction","target":{"@type":"EntryPoint","urlTemplate":"https:\/\/radioleinewelle.de\/?s={search_term_string}"},"query-input":{"@type":"PropertyValueSpecification","valueRequired":true,"valueName":"search_term_string"}}],"inLanguage":"de"},{"@type":"Organization","@id":"https:\/\/radioleinewelle.de\/#organization","name":"Radio Leinewelle","alternateName":"Mein Radio f\u00fcr S\u00fcdniedersachsen","url":"https:\/\/radioleinewelle.de\/","logo":{"@type":"ImageObject","inLanguage":"de","@id":"https:\/\/radioleinewelle.de\/#\/schema\/logo\/image\/","url":"https:\/\/radioleinewelle.de\/wp-content\/uploads\/2023\/11\/cropped-Leinewelle_Logo_weiss.png","contentUrl":"https:\/\/radioleinewelle.de\/wp-content\/uploads\/2023\/11\/cropped-Leinewelle_Logo_weiss.png","width":854,"height":260,"caption":"Radio Leinewelle"},"image":{"@id":"https:\/\/radioleinewelle.de\/#\/schema\/logo\/image\/"},"sameAs":["https:\/\/www.facebook.com\/radioleinewelle","https:\/\/x.com\/RLeinewelle","https:\/\/www.instagram.com\/radioleinewelle\/?hl=de"]},{"@type":"Person","@id":"https:\/\/radioleinewelle.de\/#\/schema\/person\/45606f348637df637192dc1b68399a63","name":"Leinewelle","image":{"@type":"ImageObject","inLanguage":"de","@id":"https:\/\/secure.gravatar.com\/avatar\/05c9a17bc973052ee5d91549bd32fb4dd0dc85b7b85ae94b2e2b4943476bbea5?s=96&d=blank&r=g","url":"https:\/\/secure.gravatar.com\/avatar\/05c9a17bc973052ee5d91549bd32fb4dd0dc85b7b85ae94b2e2b4943476bbea5?s=96&d=blank&r=g","contentUrl":"https:\/\/secure.gravatar.com\/avatar\/05c9a17bc973052ee5d91549bd32fb4dd0dc85b7b85ae94b2e2b4943476bbea5?s=96&d=blank&r=g","caption":"Leinewelle"},"sameAs":["http:\/\/localhost\/radio%20leinewelle\/wordpress","https:\/\/www.facebook.com\/radioleinewelle","https:\/\/www.instagram.com\/radioleinewelle","https:\/\/x.com\/https:\/\/twitter.com\/RLeinewelle?ref_src=twsrcgoogletwcampserptwgrauthor","https:\/\/soundcloud.com\/foerderverein-lokalradio?utm_source=clipboard&utm_medium=text&utm_campaign=social_sharing"],"url":"https:\/\/radioleinewelle.de\/index.php\/author\/leinewelle\/"}]}},"_links":{"self":[{"href":"https:\/\/radioleinewelle.de\/index.php\/wp-json\/wp\/v2\/posts\/29951","targetHints":{"allow":["GET"]}}],"collection":[{"href":"https:\/\/radioleinewelle.de\/index.php\/wp-json\/wp\/v2\/posts"}],"about":[{"href":"https:\/\/radioleinewelle.de\/index.php\/wp-json\/wp\/v2\/types\/post"}],"author":[{"embeddable":true,"href":"https:\/\/radioleinewelle.de\/index.php\/wp-json\/wp\/v2\/users\/1"}],"replies":[{"embeddable":true,"href":"https:\/\/radioleinewelle.de\/index.php\/wp-json\/wp\/v2\/comments?post=29951"}],"version-history":[{"count":12,"href":"https:\/\/radioleinewelle.de\/index.php\/wp-json\/wp\/v2\/posts\/29951\/revisions"}],"predecessor-version":[{"id":29967,"href":"https:\/\/radioleinewelle.de\/index.php\/wp-json\/wp\/v2\/posts\/29951\/revisions\/29967"}],"wp:featuredmedia":[{"embeddable":true,"href":"https:\/\/radioleinewelle.de\/index.php\/wp-json\/wp\/v2\/media\/29956"}],"wp:attachment":[{"href":"https:\/\/radioleinewelle.de\/index.php\/wp-json\/wp\/v2\/media?parent=29951"}],"wp:term":[{"taxonomy":"category","embeddable":true,"href":"https:\/\/radioleinewelle.de\/index.php\/wp-json\/wp\/v2\/categories?post=29951"},{"taxonomy":"post_tag","embeddable":true,"href":"https:\/\/radioleinewelle.de\/index.php\/wp-json\/wp\/v2\/tags?post=29951"}],"curies":[{"name":"wp","href":"https:\/\/api.w.org\/{rel}","templated":true}]}}