{"id":29969,"date":"2025-12-04T13:51:30","date_gmt":"2025-12-04T12:51:30","guid":{"rendered":"https:\/\/radioleinewelle.de\/?p=29969"},"modified":"2025-12-04T13:51:32","modified_gmt":"2025-12-04T12:51:32","slug":"schuelerinnen-protestieren-freitag-in-goettingen-gegen-wehrpflicht-plaene","status":"publish","type":"post","link":"https:\/\/radioleinewelle.de\/index.php\/2025\/12\/04\/schuelerinnen-protestieren-freitag-in-goettingen-gegen-wehrpflicht-plaene\/","title":{"rendered":"Sch\u00fcler:innen protestieren Freitag in G\u00f6ttingen gegen Wehrpflicht-Pl\u00e4ne"},"content":{"rendered":"\n<h2 class=\"wp-block-heading\"><\/h2>\n\n\n\n<p>Am\u00a0Freitag, 5. Dezember, rufen Sch\u00fcler:innen und Jugendorganisationen zu einem \u201eSchulstreik gegen Wehrpflicht\u201c auf. In G\u00f6ttingen startet die Kundgebung  um\u00a012:00 Uhr am Neuen Rathaus. Mehrere Demoz\u00fcge werden sich dort treffen. Hintergr\u00fcnde sind die Pl\u00e4ne der Bundesregierung, die Musterung wieder verpflichtend einzuf\u00fchren und damit eine m\u00f6gliche R\u00fcckkehr zur Wehrpflicht vorzubereiten. Viele Jugendliche f\u00fcrchten Einschr\u00e4nkungen ihrer Zukunfts- und Bildungsfreiheit. Sollte die Zahl der Freiwilligen nicht ausreichen, k\u00f6nnte ein Pflichtdienst greifen. Kritiker:innen warnen vor einer schleichenden Militarisierung.<\/p>\n\n\n\n<div class=\"wp-block-group has-border-color has-kubio-color-2-border-color has-background\" style=\"border-width:3px;background-color:#ebebeb\"><div class=\"wp-block-group__inner-container is-layout-constrained wp-block-group-is-layout-constrained\">\n<h3 class=\"wp-block-heading\">        Hintergrund: Was die neue Wehrdienstregelung vorsieht<\/h3>\n\n\n\n<ul class=\"wp-block-list\">\n<li>Seit der Aussetzung der allgemeinen Wehrpflicht 2011 bestand die Musterung nur auf freiwilliger Basis. Mit dem neuen Gesetzentwurf soll die Musterung aber f\u00fcr alle jungen M\u00e4nner eines Jahrgangs wieder verpflichtend werden.\u00a0<\/li>\n\n\n\n<li>Damit \u00f6ffnet sich die M\u00f6glichkeit einer \u201eBedarfswehrpflicht\u201c \u2014 sollte die Anzahl der Freiwilligen nicht ausreichen, k\u00f6nnte der Staat auf ein Einberufungssystem zur\u00fcckgreifen.\u00a0<\/li>\n<\/ul>\n<\/div><\/div>\n\n\n\n<p class=\"has-text-align-left\">Die Initiator:innen betonen, dass junge Menschen von den Entscheidungen direkt betroffen seien \u2013 und sich daher Geh\u00f6r verschaffen wollen. Der Protest ist jedoch\u00a0keine Schulveranstaltung: Die Teilnahme erfolgt unentschuldigt und ohne schulischen Versicherungsschutz.<\/p>\n\n\n\n<p class=\"has-text-align-right has-small-font-size\"><strong>Foto<\/strong> von <a href=\"https:\/\/pixabay.com\/de\/users\/planet_fox-4691618\/?utm_source=link-attribution&amp;utm_medium=referral&amp;utm_campaign=image&amp;utm_content=5276313\">Alexander Fox | PlaNet Fox<\/a> auf <a href=\"https:\/\/pixabay.com\/de\/\/?utm_source=link-attribution&amp;utm_medium=referral&amp;utm_campaign=image&amp;utm_content=5276313\">Pixabay<\/a><\/p>\n\n\n\n<p><\/p>\n","protected":false},"excerpt":{"rendered":"<p>Am\u00a0Freitag, 5. Dezember, rufen Sch\u00fcler:innen und Jugendorganisationen zu einem \u201eSchulstreik gegen Wehrpflicht\u201c auf. In G\u00f6ttingen startet die Kundgebung um\u00a012:00 Uhr am Neuen Rathaus. Mehrere Demoz\u00fcge werden sich dort treffen. Hintergr\u00fcnde sind die Pl\u00e4ne der Bundesregierung, die Musterung wieder verpflichtend einzuf\u00fchren und damit eine m\u00f6gliche R\u00fcckkehr zur Wehrpflicht vorzubereiten. Viele Jugendliche f\u00fcrchten Einschr\u00e4nkungen ihrer Zukunfts- und [&hellip;]<\/p>\n","protected":false},"author":1,"featured_media":29974,"comment_status":"open","ping_status":"open","sticky":false,"template":"","format":"standard","meta":{"saved_in_kubio":false,"footnotes":""},"categories":[53,41],"tags":[63,4663,4661,4662],"class_list":["post-29969","post","type-post","status-publish","format-standard","has-post-thumbnail","hentry","category-gesellschaft","category-veranstaltungen","tag-goettingen","tag-jugendrechte","tag-schulstreik","tag-wehrpflicht-nein"],"yoast_head":"<!-- This site is optimized with the Yoast SEO plugin v27.5 - https:\/\/yoast.com\/product\/yoast-seo-wordpress\/ -->\n<title>Sch\u00fcler:innen protestieren Freitag in G\u00f6ttingen gegen Wehrpflicht-Pl\u00e4ne - Radio Leinewelle<\/title>\n<meta name=\"description\" content=\"Sch\u00fcler:innen protestieren am 05.12.2025 in G\u00f6ttingen gegen Pl\u00e4ne zur Wiedereinf\u00fchrung der Wehrpflicht. Infos zur Demo, Hintergr\u00fcnde und Risiken.\" \/>\n<meta name=\"robots\" content=\"index, follow, max-snippet:-1, max-image-preview:large, max-video-preview:-1\" \/>\n<link rel=\"canonical\" href=\"https:\/\/radioleinewelle.de\/index.php\/2025\/12\/04\/schuelerinnen-protestieren-freitag-in-goettingen-gegen-wehrpflicht-plaene\/\" \/>\n<meta property=\"og:locale\" content=\"de_DE\" \/>\n<meta property=\"og:type\" content=\"article\" \/>\n<meta property=\"og:title\" content=\"Sch\u00fcler:innen protestieren Freitag in G\u00f6ttingen gegen Wehrpflicht-Pl\u00e4ne - Radio Leinewelle\" \/>\n<meta property=\"og:description\" content=\"Sch\u00fcler:innen protestieren am 05.12.2025 in G\u00f6ttingen gegen Pl\u00e4ne zur Wiedereinf\u00fchrung der Wehrpflicht. Infos zur Demo, Hintergr\u00fcnde und Risiken.\" \/>\n<meta property=\"og:url\" content=\"https:\/\/radioleinewelle.de\/index.php\/2025\/12\/04\/schuelerinnen-protestieren-freitag-in-goettingen-gegen-wehrpflicht-plaene\/\" \/>\n<meta property=\"og:site_name\" content=\"Radio Leinewelle\" \/>\n<meta property=\"article:publisher\" content=\"https:\/\/www.facebook.com\/radioleinewelle\" \/>\n<meta property=\"article:author\" content=\"https:\/\/www.facebook.com\/radioleinewelle\" \/>\n<meta property=\"article:published_time\" content=\"2025-12-04T12:51:30+00:00\" \/>\n<meta property=\"article:modified_time\" content=\"2025-12-04T12:51:32+00:00\" \/>\n<meta property=\"og:image\" content=\"https:\/\/radioleinewelle.de\/wp-content\/uploads\/2025\/12\/armed-forces-5276313_1280.jpg\" \/>\n\t<meta property=\"og:image:width\" content=\"1280\" \/>\n\t<meta property=\"og:image:height\" content=\"853\" \/>\n\t<meta property=\"og:image:type\" content=\"image\/jpeg\" \/>\n<meta name=\"author\" content=\"Leinewelle\" \/>\n<meta name=\"twitter:card\" content=\"summary_large_image\" \/>\n<meta name=\"twitter:creator\" content=\"@https:\/\/twitter.com\/RLeinewelle?ref_src=twsrcgoogletwcampserptwgrauthor\" \/>\n<meta name=\"twitter:site\" content=\"@RLeinewelle\" \/>\n<meta name=\"twitter:label1\" content=\"Verfasst von\" \/>\n\t<meta name=\"twitter:data1\" content=\"Leinewelle\" \/>\n\t<meta name=\"twitter:label2\" content=\"Gesch\u00e4tzte Lesezeit\" \/>\n\t<meta name=\"twitter:data2\" content=\"2\u00a0Minuten\" \/>\n<script type=\"application\/ld+json\" class=\"yoast-schema-graph\">{\"@context\":\"https:\\\/\\\/schema.org\",\"@graph\":[{\"@type\":\"Article\",\"@id\":\"https:\\\/\\\/radioleinewelle.de\\\/index.php\\\/2025\\\/12\\\/04\\\/schuelerinnen-protestieren-freitag-in-goettingen-gegen-wehrpflicht-plaene\\\/#article\",\"isPartOf\":{\"@id\":\"https:\\\/\\\/radioleinewelle.de\\\/index.php\\\/2025\\\/12\\\/04\\\/schuelerinnen-protestieren-freitag-in-goettingen-gegen-wehrpflicht-plaene\\\/\"},\"author\":{\"name\":\"Leinewelle\",\"@id\":\"https:\\\/\\\/radioleinewelle.de\\\/#\\\/schema\\\/person\\\/45606f348637df637192dc1b68399a63\"},\"headline\":\"Sch\u00fcler:innen protestieren Freitag in G\u00f6ttingen gegen Wehrpflicht-Pl\u00e4ne\",\"datePublished\":\"2025-12-04T12:51:30+00:00\",\"dateModified\":\"2025-12-04T12:51:32+00:00\",\"mainEntityOfPage\":{\"@id\":\"https:\\\/\\\/radioleinewelle.de\\\/index.php\\\/2025\\\/12\\\/04\\\/schuelerinnen-protestieren-freitag-in-goettingen-gegen-wehrpflicht-plaene\\\/\"},\"wordCount\":201,\"commentCount\":0,\"publisher\":{\"@id\":\"https:\\\/\\\/radioleinewelle.de\\\/#organization\"},\"image\":{\"@id\":\"https:\\\/\\\/radioleinewelle.de\\\/index.php\\\/2025\\\/12\\\/04\\\/schuelerinnen-protestieren-freitag-in-goettingen-gegen-wehrpflicht-plaene\\\/#primaryimage\"},\"thumbnailUrl\":\"https:\\\/\\\/radioleinewelle.de\\\/wp-content\\\/uploads\\\/2025\\\/12\\\/armed-forces-5276313_1280.jpg\",\"keywords\":[\"G\u00f6ttingen\",\"Jugendrechte\",\"Schulstreik\",\"Wehrpflicht Nein\"],\"articleSection\":[\"Gesellschaft\",\"Veranstaltungen\"],\"inLanguage\":\"de\",\"potentialAction\":[{\"@type\":\"CommentAction\",\"name\":\"Comment\",\"target\":[\"https:\\\/\\\/radioleinewelle.de\\\/index.php\\\/2025\\\/12\\\/04\\\/schuelerinnen-protestieren-freitag-in-goettingen-gegen-wehrpflicht-plaene\\\/#respond\"]}]},{\"@type\":\"WebPage\",\"@id\":\"https:\\\/\\\/radioleinewelle.de\\\/index.php\\\/2025\\\/12\\\/04\\\/schuelerinnen-protestieren-freitag-in-goettingen-gegen-wehrpflicht-plaene\\\/\",\"url\":\"https:\\\/\\\/radioleinewelle.de\\\/index.php\\\/2025\\\/12\\\/04\\\/schuelerinnen-protestieren-freitag-in-goettingen-gegen-wehrpflicht-plaene\\\/\",\"name\":\"Sch\u00fcler:innen protestieren Freitag in G\u00f6ttingen gegen Wehrpflicht-Pl\u00e4ne - Radio Leinewelle\",\"isPartOf\":{\"@id\":\"https:\\\/\\\/radioleinewelle.de\\\/#website\"},\"primaryImageOfPage\":{\"@id\":\"https:\\\/\\\/radioleinewelle.de\\\/index.php\\\/2025\\\/12\\\/04\\\/schuelerinnen-protestieren-freitag-in-goettingen-gegen-wehrpflicht-plaene\\\/#primaryimage\"},\"image\":{\"@id\":\"https:\\\/\\\/radioleinewelle.de\\\/index.php\\\/2025\\\/12\\\/04\\\/schuelerinnen-protestieren-freitag-in-goettingen-gegen-wehrpflicht-plaene\\\/#primaryimage\"},\"thumbnailUrl\":\"https:\\\/\\\/radioleinewelle.de\\\/wp-content\\\/uploads\\\/2025\\\/12\\\/armed-forces-5276313_1280.jpg\",\"datePublished\":\"2025-12-04T12:51:30+00:00\",\"dateModified\":\"2025-12-04T12:51:32+00:00\",\"description\":\"Sch\u00fcler:innen protestieren am 05.12.2025 in G\u00f6ttingen gegen Pl\u00e4ne zur Wiedereinf\u00fchrung der Wehrpflicht. Infos zur Demo, Hintergr\u00fcnde und Risiken.\",\"breadcrumb\":{\"@id\":\"https:\\\/\\\/radioleinewelle.de\\\/index.php\\\/2025\\\/12\\\/04\\\/schuelerinnen-protestieren-freitag-in-goettingen-gegen-wehrpflicht-plaene\\\/#breadcrumb\"},\"inLanguage\":\"de\",\"potentialAction\":[{\"@type\":\"ReadAction\",\"target\":[\"https:\\\/\\\/radioleinewelle.de\\\/index.php\\\/2025\\\/12\\\/04\\\/schuelerinnen-protestieren-freitag-in-goettingen-gegen-wehrpflicht-plaene\\\/\"]}]},{\"@type\":\"ImageObject\",\"inLanguage\":\"de\",\"@id\":\"https:\\\/\\\/radioleinewelle.de\\\/index.php\\\/2025\\\/12\\\/04\\\/schuelerinnen-protestieren-freitag-in-goettingen-gegen-wehrpflicht-plaene\\\/#primaryimage\",\"url\":\"https:\\\/\\\/radioleinewelle.de\\\/wp-content\\\/uploads\\\/2025\\\/12\\\/armed-forces-5276313_1280.jpg\",\"contentUrl\":\"https:\\\/\\\/radioleinewelle.de\\\/wp-content\\\/uploads\\\/2025\\\/12\\\/armed-forces-5276313_1280.jpg\",\"width\":1280,\"height\":853},{\"@type\":\"BreadcrumbList\",\"@id\":\"https:\\\/\\\/radioleinewelle.de\\\/index.php\\\/2025\\\/12\\\/04\\\/schuelerinnen-protestieren-freitag-in-goettingen-gegen-wehrpflicht-plaene\\\/#breadcrumb\",\"itemListElement\":[{\"@type\":\"ListItem\",\"position\":1,\"name\":\"Startseite\",\"item\":\"https:\\\/\\\/radioleinewelle.de\\\/\"},{\"@type\":\"ListItem\",\"position\":2,\"name\":\"Sch\u00fcler:innen protestieren Freitag in G\u00f6ttingen gegen Wehrpflicht-Pl\u00e4ne\"}]},{\"@type\":\"WebSite\",\"@id\":\"https:\\\/\\\/radioleinewelle.de\\\/#website\",\"url\":\"https:\\\/\\\/radioleinewelle.de\\\/\",\"name\":\"Radio Leinewelle\",\"description\":\"\",\"publisher\":{\"@id\":\"https:\\\/\\\/radioleinewelle.de\\\/#organization\"},\"potentialAction\":[{\"@type\":\"SearchAction\",\"target\":{\"@type\":\"EntryPoint\",\"urlTemplate\":\"https:\\\/\\\/radioleinewelle.de\\\/?s={search_term_string}\"},\"query-input\":{\"@type\":\"PropertyValueSpecification\",\"valueRequired\":true,\"valueName\":\"search_term_string\"}}],\"inLanguage\":\"de\"},{\"@type\":\"Organization\",\"@id\":\"https:\\\/\\\/radioleinewelle.de\\\/#organization\",\"name\":\"Radio Leinewelle\",\"alternateName\":\"Mein Radio f\u00fcr S\u00fcdniedersachsen\",\"url\":\"https:\\\/\\\/radioleinewelle.de\\\/\",\"logo\":{\"@type\":\"ImageObject\",\"inLanguage\":\"de\",\"@id\":\"https:\\\/\\\/radioleinewelle.de\\\/#\\\/schema\\\/logo\\\/image\\\/\",\"url\":\"https:\\\/\\\/radioleinewelle.de\\\/wp-content\\\/uploads\\\/2023\\\/11\\\/cropped-Leinewelle_Logo_weiss.png\",\"contentUrl\":\"https:\\\/\\\/radioleinewelle.de\\\/wp-content\\\/uploads\\\/2023\\\/11\\\/cropped-Leinewelle_Logo_weiss.png\",\"width\":854,\"height\":260,\"caption\":\"Radio Leinewelle\"},\"image\":{\"@id\":\"https:\\\/\\\/radioleinewelle.de\\\/#\\\/schema\\\/logo\\\/image\\\/\"},\"sameAs\":[\"https:\\\/\\\/www.facebook.com\\\/radioleinewelle\",\"https:\\\/\\\/x.com\\\/RLeinewelle\",\"https:\\\/\\\/www.instagram.com\\\/radioleinewelle\\\/?hl=de\"]},{\"@type\":\"Person\",\"@id\":\"https:\\\/\\\/radioleinewelle.de\\\/#\\\/schema\\\/person\\\/45606f348637df637192dc1b68399a63\",\"name\":\"Leinewelle\",\"image\":{\"@type\":\"ImageObject\",\"inLanguage\":\"de\",\"@id\":\"https:\\\/\\\/secure.gravatar.com\\\/avatar\\\/05c9a17bc973052ee5d91549bd32fb4dd0dc85b7b85ae94b2e2b4943476bbea5?s=96&d=blank&r=g\",\"url\":\"https:\\\/\\\/secure.gravatar.com\\\/avatar\\\/05c9a17bc973052ee5d91549bd32fb4dd0dc85b7b85ae94b2e2b4943476bbea5?s=96&d=blank&r=g\",\"contentUrl\":\"https:\\\/\\\/secure.gravatar.com\\\/avatar\\\/05c9a17bc973052ee5d91549bd32fb4dd0dc85b7b85ae94b2e2b4943476bbea5?s=96&d=blank&r=g\",\"caption\":\"Leinewelle\"},\"sameAs\":[\"http:\\\/\\\/localhost\\\/radio%20leinewelle\\\/wordpress\",\"https:\\\/\\\/www.facebook.com\\\/radioleinewelle\",\"https:\\\/\\\/www.instagram.com\\\/radioleinewelle\",\"https:\\\/\\\/x.com\\\/https:\\\/\\\/twitter.com\\\/RLeinewelle?ref_src=twsrcgoogletwcampserptwgrauthor\",\"https:\\\/\\\/soundcloud.com\\\/foerderverein-lokalradio?utm_source=clipboard&utm_medium=text&utm_campaign=social_sharing\"],\"url\":\"https:\\\/\\\/radioleinewelle.de\\\/index.php\\\/author\\\/leinewelle\\\/\"}]}<\/script>\n<!-- \/ Yoast SEO plugin. -->","yoast_head_json":{"title":"Sch\u00fcler:innen protestieren Freitag in G\u00f6ttingen gegen Wehrpflicht-Pl\u00e4ne - Radio Leinewelle","description":"Sch\u00fcler:innen protestieren am 05.12.2025 in G\u00f6ttingen gegen Pl\u00e4ne zur Wiedereinf\u00fchrung der Wehrpflicht. Infos zur Demo, Hintergr\u00fcnde und Risiken.","robots":{"index":"index","follow":"follow","max-snippet":"max-snippet:-1","max-image-preview":"max-image-preview:large","max-video-preview":"max-video-preview:-1"},"canonical":"https:\/\/radioleinewelle.de\/index.php\/2025\/12\/04\/schuelerinnen-protestieren-freitag-in-goettingen-gegen-wehrpflicht-plaene\/","og_locale":"de_DE","og_type":"article","og_title":"Sch\u00fcler:innen protestieren Freitag in G\u00f6ttingen gegen Wehrpflicht-Pl\u00e4ne - Radio Leinewelle","og_description":"Sch\u00fcler:innen protestieren am 05.12.2025 in G\u00f6ttingen gegen Pl\u00e4ne zur Wiedereinf\u00fchrung der Wehrpflicht. Infos zur Demo, Hintergr\u00fcnde und Risiken.","og_url":"https:\/\/radioleinewelle.de\/index.php\/2025\/12\/04\/schuelerinnen-protestieren-freitag-in-goettingen-gegen-wehrpflicht-plaene\/","og_site_name":"Radio Leinewelle","article_publisher":"https:\/\/www.facebook.com\/radioleinewelle","article_author":"https:\/\/www.facebook.com\/radioleinewelle","article_published_time":"2025-12-04T12:51:30+00:00","article_modified_time":"2025-12-04T12:51:32+00:00","og_image":[{"width":1280,"height":853,"url":"https:\/\/radioleinewelle.de\/wp-content\/uploads\/2025\/12\/armed-forces-5276313_1280.jpg","type":"image\/jpeg"}],"author":"Leinewelle","twitter_card":"summary_large_image","twitter_creator":"@https:\/\/twitter.com\/RLeinewelle?ref_src=twsrcgoogletwcampserptwgrauthor","twitter_site":"@RLeinewelle","twitter_misc":{"Verfasst von":"Leinewelle","Gesch\u00e4tzte Lesezeit":"2\u00a0Minuten"},"schema":{"@context":"https:\/\/schema.org","@graph":[{"@type":"Article","@id":"https:\/\/radioleinewelle.de\/index.php\/2025\/12\/04\/schuelerinnen-protestieren-freitag-in-goettingen-gegen-wehrpflicht-plaene\/#article","isPartOf":{"@id":"https:\/\/radioleinewelle.de\/index.php\/2025\/12\/04\/schuelerinnen-protestieren-freitag-in-goettingen-gegen-wehrpflicht-plaene\/"},"author":{"name":"Leinewelle","@id":"https:\/\/radioleinewelle.de\/#\/schema\/person\/45606f348637df637192dc1b68399a63"},"headline":"Sch\u00fcler:innen protestieren Freitag in G\u00f6ttingen gegen Wehrpflicht-Pl\u00e4ne","datePublished":"2025-12-04T12:51:30+00:00","dateModified":"2025-12-04T12:51:32+00:00","mainEntityOfPage":{"@id":"https:\/\/radioleinewelle.de\/index.php\/2025\/12\/04\/schuelerinnen-protestieren-freitag-in-goettingen-gegen-wehrpflicht-plaene\/"},"wordCount":201,"commentCount":0,"publisher":{"@id":"https:\/\/radioleinewelle.de\/#organization"},"image":{"@id":"https:\/\/radioleinewelle.de\/index.php\/2025\/12\/04\/schuelerinnen-protestieren-freitag-in-goettingen-gegen-wehrpflicht-plaene\/#primaryimage"},"thumbnailUrl":"https:\/\/radioleinewelle.de\/wp-content\/uploads\/2025\/12\/armed-forces-5276313_1280.jpg","keywords":["G\u00f6ttingen","Jugendrechte","Schulstreik","Wehrpflicht Nein"],"articleSection":["Gesellschaft","Veranstaltungen"],"inLanguage":"de","potentialAction":[{"@type":"CommentAction","name":"Comment","target":["https:\/\/radioleinewelle.de\/index.php\/2025\/12\/04\/schuelerinnen-protestieren-freitag-in-goettingen-gegen-wehrpflicht-plaene\/#respond"]}]},{"@type":"WebPage","@id":"https:\/\/radioleinewelle.de\/index.php\/2025\/12\/04\/schuelerinnen-protestieren-freitag-in-goettingen-gegen-wehrpflicht-plaene\/","url":"https:\/\/radioleinewelle.de\/index.php\/2025\/12\/04\/schuelerinnen-protestieren-freitag-in-goettingen-gegen-wehrpflicht-plaene\/","name":"Sch\u00fcler:innen protestieren Freitag in G\u00f6ttingen gegen Wehrpflicht-Pl\u00e4ne - Radio Leinewelle","isPartOf":{"@id":"https:\/\/radioleinewelle.de\/#website"},"primaryImageOfPage":{"@id":"https:\/\/radioleinewelle.de\/index.php\/2025\/12\/04\/schuelerinnen-protestieren-freitag-in-goettingen-gegen-wehrpflicht-plaene\/#primaryimage"},"image":{"@id":"https:\/\/radioleinewelle.de\/index.php\/2025\/12\/04\/schuelerinnen-protestieren-freitag-in-goettingen-gegen-wehrpflicht-plaene\/#primaryimage"},"thumbnailUrl":"https:\/\/radioleinewelle.de\/wp-content\/uploads\/2025\/12\/armed-forces-5276313_1280.jpg","datePublished":"2025-12-04T12:51:30+00:00","dateModified":"2025-12-04T12:51:32+00:00","description":"Sch\u00fcler:innen protestieren am 05.12.2025 in G\u00f6ttingen gegen Pl\u00e4ne zur Wiedereinf\u00fchrung der Wehrpflicht. Infos zur Demo, Hintergr\u00fcnde und Risiken.","breadcrumb":{"@id":"https:\/\/radioleinewelle.de\/index.php\/2025\/12\/04\/schuelerinnen-protestieren-freitag-in-goettingen-gegen-wehrpflicht-plaene\/#breadcrumb"},"inLanguage":"de","potentialAction":[{"@type":"ReadAction","target":["https:\/\/radioleinewelle.de\/index.php\/2025\/12\/04\/schuelerinnen-protestieren-freitag-in-goettingen-gegen-wehrpflicht-plaene\/"]}]},{"@type":"ImageObject","inLanguage":"de","@id":"https:\/\/radioleinewelle.de\/index.php\/2025\/12\/04\/schuelerinnen-protestieren-freitag-in-goettingen-gegen-wehrpflicht-plaene\/#primaryimage","url":"https:\/\/radioleinewelle.de\/wp-content\/uploads\/2025\/12\/armed-forces-5276313_1280.jpg","contentUrl":"https:\/\/radioleinewelle.de\/wp-content\/uploads\/2025\/12\/armed-forces-5276313_1280.jpg","width":1280,"height":853},{"@type":"BreadcrumbList","@id":"https:\/\/radioleinewelle.de\/index.php\/2025\/12\/04\/schuelerinnen-protestieren-freitag-in-goettingen-gegen-wehrpflicht-plaene\/#breadcrumb","itemListElement":[{"@type":"ListItem","position":1,"name":"Startseite","item":"https:\/\/radioleinewelle.de\/"},{"@type":"ListItem","position":2,"name":"Sch\u00fcler:innen protestieren Freitag in G\u00f6ttingen gegen Wehrpflicht-Pl\u00e4ne"}]},{"@type":"WebSite","@id":"https:\/\/radioleinewelle.de\/#website","url":"https:\/\/radioleinewelle.de\/","name":"Radio Leinewelle","description":"","publisher":{"@id":"https:\/\/radioleinewelle.de\/#organization"},"potentialAction":[{"@type":"SearchAction","target":{"@type":"EntryPoint","urlTemplate":"https:\/\/radioleinewelle.de\/?s={search_term_string}"},"query-input":{"@type":"PropertyValueSpecification","valueRequired":true,"valueName":"search_term_string"}}],"inLanguage":"de"},{"@type":"Organization","@id":"https:\/\/radioleinewelle.de\/#organization","name":"Radio Leinewelle","alternateName":"Mein Radio f\u00fcr S\u00fcdniedersachsen","url":"https:\/\/radioleinewelle.de\/","logo":{"@type":"ImageObject","inLanguage":"de","@id":"https:\/\/radioleinewelle.de\/#\/schema\/logo\/image\/","url":"https:\/\/radioleinewelle.de\/wp-content\/uploads\/2023\/11\/cropped-Leinewelle_Logo_weiss.png","contentUrl":"https:\/\/radioleinewelle.de\/wp-content\/uploads\/2023\/11\/cropped-Leinewelle_Logo_weiss.png","width":854,"height":260,"caption":"Radio Leinewelle"},"image":{"@id":"https:\/\/radioleinewelle.de\/#\/schema\/logo\/image\/"},"sameAs":["https:\/\/www.facebook.com\/radioleinewelle","https:\/\/x.com\/RLeinewelle","https:\/\/www.instagram.com\/radioleinewelle\/?hl=de"]},{"@type":"Person","@id":"https:\/\/radioleinewelle.de\/#\/schema\/person\/45606f348637df637192dc1b68399a63","name":"Leinewelle","image":{"@type":"ImageObject","inLanguage":"de","@id":"https:\/\/secure.gravatar.com\/avatar\/05c9a17bc973052ee5d91549bd32fb4dd0dc85b7b85ae94b2e2b4943476bbea5?s=96&d=blank&r=g","url":"https:\/\/secure.gravatar.com\/avatar\/05c9a17bc973052ee5d91549bd32fb4dd0dc85b7b85ae94b2e2b4943476bbea5?s=96&d=blank&r=g","contentUrl":"https:\/\/secure.gravatar.com\/avatar\/05c9a17bc973052ee5d91549bd32fb4dd0dc85b7b85ae94b2e2b4943476bbea5?s=96&d=blank&r=g","caption":"Leinewelle"},"sameAs":["http:\/\/localhost\/radio%20leinewelle\/wordpress","https:\/\/www.facebook.com\/radioleinewelle","https:\/\/www.instagram.com\/radioleinewelle","https:\/\/x.com\/https:\/\/twitter.com\/RLeinewelle?ref_src=twsrcgoogletwcampserptwgrauthor","https:\/\/soundcloud.com\/foerderverein-lokalradio?utm_source=clipboard&utm_medium=text&utm_campaign=social_sharing"],"url":"https:\/\/radioleinewelle.de\/index.php\/author\/leinewelle\/"}]}},"_links":{"self":[{"href":"https:\/\/radioleinewelle.de\/index.php\/wp-json\/wp\/v2\/posts\/29969","targetHints":{"allow":["GET"]}}],"collection":[{"href":"https:\/\/radioleinewelle.de\/index.php\/wp-json\/wp\/v2\/posts"}],"about":[{"href":"https:\/\/radioleinewelle.de\/index.php\/wp-json\/wp\/v2\/types\/post"}],"author":[{"embeddable":true,"href":"https:\/\/radioleinewelle.de\/index.php\/wp-json\/wp\/v2\/users\/1"}],"replies":[{"embeddable":true,"href":"https:\/\/radioleinewelle.de\/index.php\/wp-json\/wp\/v2\/comments?post=29969"}],"version-history":[{"count":4,"href":"https:\/\/radioleinewelle.de\/index.php\/wp-json\/wp\/v2\/posts\/29969\/revisions"}],"predecessor-version":[{"id":29973,"href":"https:\/\/radioleinewelle.de\/index.php\/wp-json\/wp\/v2\/posts\/29969\/revisions\/29973"}],"wp:featuredmedia":[{"embeddable":true,"href":"https:\/\/radioleinewelle.de\/index.php\/wp-json\/wp\/v2\/media\/29974"}],"wp:attachment":[{"href":"https:\/\/radioleinewelle.de\/index.php\/wp-json\/wp\/v2\/media?parent=29969"}],"wp:term":[{"taxonomy":"category","embeddable":true,"href":"https:\/\/radioleinewelle.de\/index.php\/wp-json\/wp\/v2\/categories?post=29969"},{"taxonomy":"post_tag","embeddable":true,"href":"https:\/\/radioleinewelle.de\/index.php\/wp-json\/wp\/v2\/tags?post=29969"}],"curies":[{"name":"wp","href":"https:\/\/api.w.org\/{rel}","templated":true}]}}