{"id":29979,"date":"2025-12-05T04:58:37","date_gmt":"2025-12-05T03:58:37","guid":{"rendered":"https:\/\/radioleinewelle.de\/?p=29979"},"modified":"2025-12-05T05:45:56","modified_gmt":"2025-12-05T04:45:56","slug":"ein-fest-fuer-weende-neue-kita-waechst-zukunft-der-kleinsten-im-blick","status":"publish","type":"post","link":"https:\/\/radioleinewelle.de\/index.php\/2025\/12\/05\/ein-fest-fuer-weende-neue-kita-waechst-zukunft-der-kleinsten-im-blick\/","title":{"rendered":"Ein Fest f\u00fcr Weende: Neue Kita w\u00e4chst \u2013 Zukunft der Kleinsten im Blick"},"content":{"rendered":"\n\n\n<p>In der Ernst-Fahlbusch-Stra\u00dfe 24 in Weende wurde am 3. Dezember 2025 das Richtfest f\u00fcr G\u00f6ttingens neueste Kindertagesst\u00e4tte gefeiert. Nach dem Baustart im Fr\u00fchjahr 2025 ist die Bodenplatte fertiggestellt und die Holzbauarbeiten sind weit fortgeschritten. Der Neubau wird k\u00fcnftig Platz f\u00fcr drei Kindergarten- und zwei Krippengruppen bieten \u2013 jeweils mit einer integrativen Gruppe.<\/p>\n\n\n\n<p>Die neue Kita setzt auf moderne Lern- und Lebensr\u00e4ume: barrierefrei, nachhaltig und inklusiv. Neben R\u00e4umen f\u00fcr Bewegung, Kreativit\u00e4t und Ruhe wird auch der Au\u00dfenbereich so gestaltet, dass alle Kinder daran teilhaben k\u00f6nnen.<\/p>\n\n\n\n\n\n<p>\u201eDas Geb\u00e4ude wird mit ausgekl\u00fcgelten Grundrissen und hohem Nachhaltigkeitsanspruch neue Ma\u00dfst\u00e4be setzen\u201c, betonte Stadtbaurat Frithjof Look beim Richtfest. Bildungsr\u00e4ume m\u00fcssten ganzheitlich gedacht werden \u2013 daf\u00fcr er\u00f6ffne dieser Neubau neue Chancen. Jugenddezernentin Maria Karaus hob den inklusiven Ansatz hervor: \u201eHier k\u00f6nnen sich Kinder wohlf\u00fchlen und entfalten, ohne auf Hindernisse zu sto\u00dfen.\u201c<\/p>\n\n\n\n<p>Durch einen hohen Vorfertigungsgrad der Holzelemente werden Beschleunigung und Pr\u00e4zision im Bauprozess erm\u00f6glicht: W\u00e4nde und Decken aus Brettsperrholz wurden bereits weitgehend passgenau vorproduziert. Das spart Zeit und reduziert Eingriffe auf der Baustelle.<\/p>\n\n\n\n\n\n<p class=\"has-text-align-center\"><em><strong><mark style=\"background-color:rgba(0, 0, 0, 0)\" class=\"has-inline-color has-kubio-color-2-color\">Kommt schnell her, gleich geht es los<br>uns\u00b4re Kita, die wird famos.<br>Liebe Leute schaut mal her,<br>uns`re Kita die, w\u00e4chst immer mehr.<\/mark><\/strong><\/em><br>Kinder der Kita &#8222;Ernst-Fahlbusch-Haus<\/p>\n\n\n\n\n\n<p>Die Gesamtbauzeit soll rund eineinhalb Jahre betragen \u2013 die Fertigstellung ist f\u00fcr Herbst 2026 geplant. Die neue Einrichtung wird dann die Kita \u201eErnst-Fahlbusch-Haus\u201c im Ulmenweg ersetzen. <br>Schon jetzt waren die Kinder der alten Kita zu Gast und erforschten das neue Geb\u00e4ude. Zur Feier des Tages hatten sie speziell ein Lied \u00fcber die neue Kita einge\u00fcbt &#8211; zur Melodie von Yellow Submarine. <\/p>\n\n\n\n<div class=\"wp-block-group has-border-color has-kubio-color-2-border-color has-background\" style=\"border-width:3px;background-color:#eaeaea\"><div class=\"wp-block-group__inner-container is-layout-constrained wp-block-group-is-layout-constrained\">\n<h3 class=\"wp-block-heading\"><strong>Zahlen und Fakten zum Bau<\/strong><\/h3>\n\n\n\n<ul class=\"wp-block-list\">\n<li><strong>Erde bewegt:<\/strong>\u00a0\u00fcber 2.500 m\u00b3<\/li>\n\n\n\n<li><strong>Verlegte Grundleitungen:<\/strong>\u00a0rund 500 m f\u00fcr Schmutz- und Regenwasser<\/li>\n\n\n\n<li><strong>W\u00e4rmed\u00e4mmung:<\/strong>\u00a0ca. 1.300 m\u00b2 unter der Bodenplatte<\/li>\n\n\n\n<li><strong>Holzbau:<\/strong>\u00a0bereits rund 1.200 m\u00b2 Wand- und Deckenfl\u00e4chen aus Brettsperrholz verbaut<\/li>\n<\/ul>\n<\/div><\/div>\n\n\n\n<p class=\"has-text-align-right has-small-font-size\"><strong>Fotos:<\/strong> \u00a9Radio Leinewelle (ue) \/ Entwurf Architekturb\u00fcro pape + pape<\/p>\n\n\n\n<p><\/p>\n","protected":false},"excerpt":{"rendered":"<p>In der Ernst-Fahlbusch-Stra\u00dfe 24 in Weende wurde am 3. Dezember 2025 das Richtfest f\u00fcr G\u00f6ttingens neueste Kindertagesst\u00e4tte gefeiert. Nach dem Baustart im Fr\u00fchjahr 2025 ist die Bodenplatte fertiggestellt und die Holzbauarbeiten sind weit fortgeschritten. Der Neubau wird k\u00fcnftig Platz f\u00fcr drei Kindergarten- und zwei Krippengruppen bieten \u2013 jeweils mit einer integrativen Gruppe. Die neue Kita [&hellip;]<\/p>\n","protected":false},"author":1,"featured_media":29982,"comment_status":"open","ping_status":"open","sticky":false,"template":"","format":"standard","meta":{"saved_in_kubio":false,"footnotes":""},"categories":[31,2683],"tags":[4670,63,4669,4667,4666,4671,4668,1300],"class_list":["post-29979","post","type-post","status-publish","format-standard","has-post-thumbnail","hentry","category-bauen-verkehr","category-soziales","tag-ernst-fahlbusch-strasse","tag-goettingen","tag-holzbau","tag-inklusion","tag-kita","tag-kitaplaetze","tag-nachhaltiges-bauen","tag-weende"],"yoast_head":"<!-- This site is optimized with the Yoast SEO plugin v27.5 - https:\/\/yoast.com\/product\/yoast-seo-wordpress\/ -->\n<title>Ein Fest f\u00fcr Weende: Neue Kita w\u00e4chst \u2013 Zukunft der Kleinsten im Blick - Radio Leinewelle<\/title>\n<meta name=\"description\" content=\"Richtfest in G\u00f6ttingen-Weende: Neubau der inklusiven Kita in der Ernst-Fahlbusch-Stra\u00dfe feiert Baufortschritt. Fertigstellung im Herbst 2026 geplant.\" \/>\n<meta name=\"robots\" content=\"index, follow, max-snippet:-1, max-image-preview:large, max-video-preview:-1\" \/>\n<link rel=\"canonical\" href=\"https:\/\/radioleinewelle.de\/index.php\/2025\/12\/05\/ein-fest-fuer-weende-neue-kita-waechst-zukunft-der-kleinsten-im-blick\/\" \/>\n<meta property=\"og:locale\" content=\"de_DE\" \/>\n<meta property=\"og:type\" content=\"article\" \/>\n<meta property=\"og:title\" content=\"Ein Fest f\u00fcr Weende: Neue Kita w\u00e4chst \u2013 Zukunft der Kleinsten im Blick - Radio Leinewelle\" \/>\n<meta property=\"og:description\" content=\"Richtfest in G\u00f6ttingen-Weende: Neubau der inklusiven Kita in der Ernst-Fahlbusch-Stra\u00dfe feiert Baufortschritt. Fertigstellung im Herbst 2026 geplant.\" \/>\n<meta property=\"og:url\" content=\"https:\/\/radioleinewelle.de\/index.php\/2025\/12\/05\/ein-fest-fuer-weende-neue-kita-waechst-zukunft-der-kleinsten-im-blick\/\" \/>\n<meta property=\"og:site_name\" content=\"Radio Leinewelle\" \/>\n<meta property=\"article:publisher\" content=\"https:\/\/www.facebook.com\/radioleinewelle\" \/>\n<meta property=\"article:author\" content=\"https:\/\/www.facebook.com\/radioleinewelle\" \/>\n<meta property=\"article:published_time\" content=\"2025-12-05T03:58:37+00:00\" \/>\n<meta property=\"article:modified_time\" content=\"2025-12-05T04:45:56+00:00\" \/>\n<meta property=\"og:image\" content=\"https:\/\/radioleinewelle.de\/wp-content\/uploads\/2025\/12\/Richtfest-Kita-Weende-1.jpg\" \/>\n\t<meta property=\"og:image:width\" content=\"1280\" \/>\n\t<meta property=\"og:image:height\" content=\"869\" \/>\n\t<meta property=\"og:image:type\" content=\"image\/jpeg\" \/>\n<meta name=\"author\" content=\"Leinewelle\" \/>\n<meta name=\"twitter:card\" content=\"summary_large_image\" \/>\n<meta name=\"twitter:creator\" content=\"@https:\/\/twitter.com\/RLeinewelle?ref_src=twsrcgoogletwcampserptwgrauthor\" \/>\n<meta name=\"twitter:site\" content=\"@RLeinewelle\" \/>\n<meta name=\"twitter:label1\" content=\"Verfasst von\" \/>\n\t<meta name=\"twitter:data1\" content=\"Leinewelle\" \/>\n\t<meta name=\"twitter:label2\" content=\"Gesch\u00e4tzte Lesezeit\" \/>\n\t<meta name=\"twitter:data2\" content=\"2\u00a0Minuten\" \/>\n<script type=\"application\/ld+json\" class=\"yoast-schema-graph\">{\"@context\":\"https:\\\/\\\/schema.org\",\"@graph\":[{\"@type\":\"Article\",\"@id\":\"https:\\\/\\\/radioleinewelle.de\\\/index.php\\\/2025\\\/12\\\/05\\\/ein-fest-fuer-weende-neue-kita-waechst-zukunft-der-kleinsten-im-blick\\\/#article\",\"isPartOf\":{\"@id\":\"https:\\\/\\\/radioleinewelle.de\\\/index.php\\\/2025\\\/12\\\/05\\\/ein-fest-fuer-weende-neue-kita-waechst-zukunft-der-kleinsten-im-blick\\\/\"},\"author\":{\"name\":\"Leinewelle\",\"@id\":\"https:\\\/\\\/radioleinewelle.de\\\/#\\\/schema\\\/person\\\/45606f348637df637192dc1b68399a63\"},\"headline\":\"Ein Fest f\u00fcr Weende: Neue Kita w\u00e4chst \u2013 Zukunft der Kleinsten im Blick\",\"datePublished\":\"2025-12-05T03:58:37+00:00\",\"dateModified\":\"2025-12-05T04:45:56+00:00\",\"mainEntityOfPage\":{\"@id\":\"https:\\\/\\\/radioleinewelle.de\\\/index.php\\\/2025\\\/12\\\/05\\\/ein-fest-fuer-weende-neue-kita-waechst-zukunft-der-kleinsten-im-blick\\\/\"},\"wordCount\":338,\"commentCount\":0,\"publisher\":{\"@id\":\"https:\\\/\\\/radioleinewelle.de\\\/#organization\"},\"image\":{\"@id\":\"https:\\\/\\\/radioleinewelle.de\\\/index.php\\\/2025\\\/12\\\/05\\\/ein-fest-fuer-weende-neue-kita-waechst-zukunft-der-kleinsten-im-blick\\\/#primaryimage\"},\"thumbnailUrl\":\"https:\\\/\\\/radioleinewelle.de\\\/wp-content\\\/uploads\\\/2025\\\/12\\\/Richtfest-Kita-Weende-1.jpg\",\"keywords\":[\"Ernst Fahlbusch Stra\u00dfe\",\"G\u00f6ttingen\",\"Holzbau\",\"Inklusion\",\"Kita\",\"Kitapl\u00e4tze\",\"Nachhaltiges Bauen\",\"Weende\"],\"articleSection\":[\"Bauen &amp; Verkehr\",\"Soziales\"],\"inLanguage\":\"de\",\"potentialAction\":[{\"@type\":\"CommentAction\",\"name\":\"Comment\",\"target\":[\"https:\\\/\\\/radioleinewelle.de\\\/index.php\\\/2025\\\/12\\\/05\\\/ein-fest-fuer-weende-neue-kita-waechst-zukunft-der-kleinsten-im-blick\\\/#respond\"]}]},{\"@type\":\"WebPage\",\"@id\":\"https:\\\/\\\/radioleinewelle.de\\\/index.php\\\/2025\\\/12\\\/05\\\/ein-fest-fuer-weende-neue-kita-waechst-zukunft-der-kleinsten-im-blick\\\/\",\"url\":\"https:\\\/\\\/radioleinewelle.de\\\/index.php\\\/2025\\\/12\\\/05\\\/ein-fest-fuer-weende-neue-kita-waechst-zukunft-der-kleinsten-im-blick\\\/\",\"name\":\"Ein Fest f\u00fcr Weende: Neue Kita w\u00e4chst \u2013 Zukunft der Kleinsten im Blick - Radio Leinewelle\",\"isPartOf\":{\"@id\":\"https:\\\/\\\/radioleinewelle.de\\\/#website\"},\"primaryImageOfPage\":{\"@id\":\"https:\\\/\\\/radioleinewelle.de\\\/index.php\\\/2025\\\/12\\\/05\\\/ein-fest-fuer-weende-neue-kita-waechst-zukunft-der-kleinsten-im-blick\\\/#primaryimage\"},\"image\":{\"@id\":\"https:\\\/\\\/radioleinewelle.de\\\/index.php\\\/2025\\\/12\\\/05\\\/ein-fest-fuer-weende-neue-kita-waechst-zukunft-der-kleinsten-im-blick\\\/#primaryimage\"},\"thumbnailUrl\":\"https:\\\/\\\/radioleinewelle.de\\\/wp-content\\\/uploads\\\/2025\\\/12\\\/Richtfest-Kita-Weende-1.jpg\",\"datePublished\":\"2025-12-05T03:58:37+00:00\",\"dateModified\":\"2025-12-05T04:45:56+00:00\",\"description\":\"Richtfest in G\u00f6ttingen-Weende: Neubau der inklusiven Kita in der Ernst-Fahlbusch-Stra\u00dfe feiert Baufortschritt. Fertigstellung im Herbst 2026 geplant.\",\"breadcrumb\":{\"@id\":\"https:\\\/\\\/radioleinewelle.de\\\/index.php\\\/2025\\\/12\\\/05\\\/ein-fest-fuer-weende-neue-kita-waechst-zukunft-der-kleinsten-im-blick\\\/#breadcrumb\"},\"inLanguage\":\"de\",\"potentialAction\":[{\"@type\":\"ReadAction\",\"target\":[\"https:\\\/\\\/radioleinewelle.de\\\/index.php\\\/2025\\\/12\\\/05\\\/ein-fest-fuer-weende-neue-kita-waechst-zukunft-der-kleinsten-im-blick\\\/\"]}]},{\"@type\":\"ImageObject\",\"inLanguage\":\"de\",\"@id\":\"https:\\\/\\\/radioleinewelle.de\\\/index.php\\\/2025\\\/12\\\/05\\\/ein-fest-fuer-weende-neue-kita-waechst-zukunft-der-kleinsten-im-blick\\\/#primaryimage\",\"url\":\"https:\\\/\\\/radioleinewelle.de\\\/wp-content\\\/uploads\\\/2025\\\/12\\\/Richtfest-Kita-Weende-1.jpg\",\"contentUrl\":\"https:\\\/\\\/radioleinewelle.de\\\/wp-content\\\/uploads\\\/2025\\\/12\\\/Richtfest-Kita-Weende-1.jpg\",\"width\":1280,\"height\":869},{\"@type\":\"BreadcrumbList\",\"@id\":\"https:\\\/\\\/radioleinewelle.de\\\/index.php\\\/2025\\\/12\\\/05\\\/ein-fest-fuer-weende-neue-kita-waechst-zukunft-der-kleinsten-im-blick\\\/#breadcrumb\",\"itemListElement\":[{\"@type\":\"ListItem\",\"position\":1,\"name\":\"Startseite\",\"item\":\"https:\\\/\\\/radioleinewelle.de\\\/\"},{\"@type\":\"ListItem\",\"position\":2,\"name\":\"Ein Fest f\u00fcr Weende: Neue Kita w\u00e4chst \u2013 Zukunft der Kleinsten im Blick\"}]},{\"@type\":\"WebSite\",\"@id\":\"https:\\\/\\\/radioleinewelle.de\\\/#website\",\"url\":\"https:\\\/\\\/radioleinewelle.de\\\/\",\"name\":\"Radio Leinewelle\",\"description\":\"\",\"publisher\":{\"@id\":\"https:\\\/\\\/radioleinewelle.de\\\/#organization\"},\"potentialAction\":[{\"@type\":\"SearchAction\",\"target\":{\"@type\":\"EntryPoint\",\"urlTemplate\":\"https:\\\/\\\/radioleinewelle.de\\\/?s={search_term_string}\"},\"query-input\":{\"@type\":\"PropertyValueSpecification\",\"valueRequired\":true,\"valueName\":\"search_term_string\"}}],\"inLanguage\":\"de\"},{\"@type\":\"Organization\",\"@id\":\"https:\\\/\\\/radioleinewelle.de\\\/#organization\",\"name\":\"Radio Leinewelle\",\"alternateName\":\"Mein Radio f\u00fcr S\u00fcdniedersachsen\",\"url\":\"https:\\\/\\\/radioleinewelle.de\\\/\",\"logo\":{\"@type\":\"ImageObject\",\"inLanguage\":\"de\",\"@id\":\"https:\\\/\\\/radioleinewelle.de\\\/#\\\/schema\\\/logo\\\/image\\\/\",\"url\":\"https:\\\/\\\/radioleinewelle.de\\\/wp-content\\\/uploads\\\/2023\\\/11\\\/cropped-Leinewelle_Logo_weiss.png\",\"contentUrl\":\"https:\\\/\\\/radioleinewelle.de\\\/wp-content\\\/uploads\\\/2023\\\/11\\\/cropped-Leinewelle_Logo_weiss.png\",\"width\":854,\"height\":260,\"caption\":\"Radio Leinewelle\"},\"image\":{\"@id\":\"https:\\\/\\\/radioleinewelle.de\\\/#\\\/schema\\\/logo\\\/image\\\/\"},\"sameAs\":[\"https:\\\/\\\/www.facebook.com\\\/radioleinewelle\",\"https:\\\/\\\/x.com\\\/RLeinewelle\",\"https:\\\/\\\/www.instagram.com\\\/radioleinewelle\\\/?hl=de\"]},{\"@type\":\"Person\",\"@id\":\"https:\\\/\\\/radioleinewelle.de\\\/#\\\/schema\\\/person\\\/45606f348637df637192dc1b68399a63\",\"name\":\"Leinewelle\",\"image\":{\"@type\":\"ImageObject\",\"inLanguage\":\"de\",\"@id\":\"https:\\\/\\\/secure.gravatar.com\\\/avatar\\\/05c9a17bc973052ee5d91549bd32fb4dd0dc85b7b85ae94b2e2b4943476bbea5?s=96&d=blank&r=g\",\"url\":\"https:\\\/\\\/secure.gravatar.com\\\/avatar\\\/05c9a17bc973052ee5d91549bd32fb4dd0dc85b7b85ae94b2e2b4943476bbea5?s=96&d=blank&r=g\",\"contentUrl\":\"https:\\\/\\\/secure.gravatar.com\\\/avatar\\\/05c9a17bc973052ee5d91549bd32fb4dd0dc85b7b85ae94b2e2b4943476bbea5?s=96&d=blank&r=g\",\"caption\":\"Leinewelle\"},\"sameAs\":[\"http:\\\/\\\/localhost\\\/radio%20leinewelle\\\/wordpress\",\"https:\\\/\\\/www.facebook.com\\\/radioleinewelle\",\"https:\\\/\\\/www.instagram.com\\\/radioleinewelle\",\"https:\\\/\\\/x.com\\\/https:\\\/\\\/twitter.com\\\/RLeinewelle?ref_src=twsrcgoogletwcampserptwgrauthor\",\"https:\\\/\\\/soundcloud.com\\\/foerderverein-lokalradio?utm_source=clipboard&utm_medium=text&utm_campaign=social_sharing\"],\"url\":\"https:\\\/\\\/radioleinewelle.de\\\/index.php\\\/author\\\/leinewelle\\\/\"}]}<\/script>\n<!-- \/ Yoast SEO plugin. -->","yoast_head_json":{"title":"Ein Fest f\u00fcr Weende: Neue Kita w\u00e4chst \u2013 Zukunft der Kleinsten im Blick - Radio Leinewelle","description":"Richtfest in G\u00f6ttingen-Weende: Neubau der inklusiven Kita in der Ernst-Fahlbusch-Stra\u00dfe feiert Baufortschritt. Fertigstellung im Herbst 2026 geplant.","robots":{"index":"index","follow":"follow","max-snippet":"max-snippet:-1","max-image-preview":"max-image-preview:large","max-video-preview":"max-video-preview:-1"},"canonical":"https:\/\/radioleinewelle.de\/index.php\/2025\/12\/05\/ein-fest-fuer-weende-neue-kita-waechst-zukunft-der-kleinsten-im-blick\/","og_locale":"de_DE","og_type":"article","og_title":"Ein Fest f\u00fcr Weende: Neue Kita w\u00e4chst \u2013 Zukunft der Kleinsten im Blick - Radio Leinewelle","og_description":"Richtfest in G\u00f6ttingen-Weende: Neubau der inklusiven Kita in der Ernst-Fahlbusch-Stra\u00dfe feiert Baufortschritt. Fertigstellung im Herbst 2026 geplant.","og_url":"https:\/\/radioleinewelle.de\/index.php\/2025\/12\/05\/ein-fest-fuer-weende-neue-kita-waechst-zukunft-der-kleinsten-im-blick\/","og_site_name":"Radio Leinewelle","article_publisher":"https:\/\/www.facebook.com\/radioleinewelle","article_author":"https:\/\/www.facebook.com\/radioleinewelle","article_published_time":"2025-12-05T03:58:37+00:00","article_modified_time":"2025-12-05T04:45:56+00:00","og_image":[{"width":1280,"height":869,"url":"https:\/\/radioleinewelle.de\/wp-content\/uploads\/2025\/12\/Richtfest-Kita-Weende-1.jpg","type":"image\/jpeg"}],"author":"Leinewelle","twitter_card":"summary_large_image","twitter_creator":"@https:\/\/twitter.com\/RLeinewelle?ref_src=twsrcgoogletwcampserptwgrauthor","twitter_site":"@RLeinewelle","twitter_misc":{"Verfasst von":"Leinewelle","Gesch\u00e4tzte Lesezeit":"2\u00a0Minuten"},"schema":{"@context":"https:\/\/schema.org","@graph":[{"@type":"Article","@id":"https:\/\/radioleinewelle.de\/index.php\/2025\/12\/05\/ein-fest-fuer-weende-neue-kita-waechst-zukunft-der-kleinsten-im-blick\/#article","isPartOf":{"@id":"https:\/\/radioleinewelle.de\/index.php\/2025\/12\/05\/ein-fest-fuer-weende-neue-kita-waechst-zukunft-der-kleinsten-im-blick\/"},"author":{"name":"Leinewelle","@id":"https:\/\/radioleinewelle.de\/#\/schema\/person\/45606f348637df637192dc1b68399a63"},"headline":"Ein Fest f\u00fcr Weende: Neue Kita w\u00e4chst \u2013 Zukunft der Kleinsten im Blick","datePublished":"2025-12-05T03:58:37+00:00","dateModified":"2025-12-05T04:45:56+00:00","mainEntityOfPage":{"@id":"https:\/\/radioleinewelle.de\/index.php\/2025\/12\/05\/ein-fest-fuer-weende-neue-kita-waechst-zukunft-der-kleinsten-im-blick\/"},"wordCount":338,"commentCount":0,"publisher":{"@id":"https:\/\/radioleinewelle.de\/#organization"},"image":{"@id":"https:\/\/radioleinewelle.de\/index.php\/2025\/12\/05\/ein-fest-fuer-weende-neue-kita-waechst-zukunft-der-kleinsten-im-blick\/#primaryimage"},"thumbnailUrl":"https:\/\/radioleinewelle.de\/wp-content\/uploads\/2025\/12\/Richtfest-Kita-Weende-1.jpg","keywords":["Ernst Fahlbusch Stra\u00dfe","G\u00f6ttingen","Holzbau","Inklusion","Kita","Kitapl\u00e4tze","Nachhaltiges Bauen","Weende"],"articleSection":["Bauen &amp; Verkehr","Soziales"],"inLanguage":"de","potentialAction":[{"@type":"CommentAction","name":"Comment","target":["https:\/\/radioleinewelle.de\/index.php\/2025\/12\/05\/ein-fest-fuer-weende-neue-kita-waechst-zukunft-der-kleinsten-im-blick\/#respond"]}]},{"@type":"WebPage","@id":"https:\/\/radioleinewelle.de\/index.php\/2025\/12\/05\/ein-fest-fuer-weende-neue-kita-waechst-zukunft-der-kleinsten-im-blick\/","url":"https:\/\/radioleinewelle.de\/index.php\/2025\/12\/05\/ein-fest-fuer-weende-neue-kita-waechst-zukunft-der-kleinsten-im-blick\/","name":"Ein Fest f\u00fcr Weende: Neue Kita w\u00e4chst \u2013 Zukunft der Kleinsten im Blick - Radio Leinewelle","isPartOf":{"@id":"https:\/\/radioleinewelle.de\/#website"},"primaryImageOfPage":{"@id":"https:\/\/radioleinewelle.de\/index.php\/2025\/12\/05\/ein-fest-fuer-weende-neue-kita-waechst-zukunft-der-kleinsten-im-blick\/#primaryimage"},"image":{"@id":"https:\/\/radioleinewelle.de\/index.php\/2025\/12\/05\/ein-fest-fuer-weende-neue-kita-waechst-zukunft-der-kleinsten-im-blick\/#primaryimage"},"thumbnailUrl":"https:\/\/radioleinewelle.de\/wp-content\/uploads\/2025\/12\/Richtfest-Kita-Weende-1.jpg","datePublished":"2025-12-05T03:58:37+00:00","dateModified":"2025-12-05T04:45:56+00:00","description":"Richtfest in G\u00f6ttingen-Weende: Neubau der inklusiven Kita in der Ernst-Fahlbusch-Stra\u00dfe feiert Baufortschritt. Fertigstellung im Herbst 2026 geplant.","breadcrumb":{"@id":"https:\/\/radioleinewelle.de\/index.php\/2025\/12\/05\/ein-fest-fuer-weende-neue-kita-waechst-zukunft-der-kleinsten-im-blick\/#breadcrumb"},"inLanguage":"de","potentialAction":[{"@type":"ReadAction","target":["https:\/\/radioleinewelle.de\/index.php\/2025\/12\/05\/ein-fest-fuer-weende-neue-kita-waechst-zukunft-der-kleinsten-im-blick\/"]}]},{"@type":"ImageObject","inLanguage":"de","@id":"https:\/\/radioleinewelle.de\/index.php\/2025\/12\/05\/ein-fest-fuer-weende-neue-kita-waechst-zukunft-der-kleinsten-im-blick\/#primaryimage","url":"https:\/\/radioleinewelle.de\/wp-content\/uploads\/2025\/12\/Richtfest-Kita-Weende-1.jpg","contentUrl":"https:\/\/radioleinewelle.de\/wp-content\/uploads\/2025\/12\/Richtfest-Kita-Weende-1.jpg","width":1280,"height":869},{"@type":"BreadcrumbList","@id":"https:\/\/radioleinewelle.de\/index.php\/2025\/12\/05\/ein-fest-fuer-weende-neue-kita-waechst-zukunft-der-kleinsten-im-blick\/#breadcrumb","itemListElement":[{"@type":"ListItem","position":1,"name":"Startseite","item":"https:\/\/radioleinewelle.de\/"},{"@type":"ListItem","position":2,"name":"Ein Fest f\u00fcr Weende: Neue Kita w\u00e4chst \u2013 Zukunft der Kleinsten im Blick"}]},{"@type":"WebSite","@id":"https:\/\/radioleinewelle.de\/#website","url":"https:\/\/radioleinewelle.de\/","name":"Radio Leinewelle","description":"","publisher":{"@id":"https:\/\/radioleinewelle.de\/#organization"},"potentialAction":[{"@type":"SearchAction","target":{"@type":"EntryPoint","urlTemplate":"https:\/\/radioleinewelle.de\/?s={search_term_string}"},"query-input":{"@type":"PropertyValueSpecification","valueRequired":true,"valueName":"search_term_string"}}],"inLanguage":"de"},{"@type":"Organization","@id":"https:\/\/radioleinewelle.de\/#organization","name":"Radio Leinewelle","alternateName":"Mein Radio f\u00fcr S\u00fcdniedersachsen","url":"https:\/\/radioleinewelle.de\/","logo":{"@type":"ImageObject","inLanguage":"de","@id":"https:\/\/radioleinewelle.de\/#\/schema\/logo\/image\/","url":"https:\/\/radioleinewelle.de\/wp-content\/uploads\/2023\/11\/cropped-Leinewelle_Logo_weiss.png","contentUrl":"https:\/\/radioleinewelle.de\/wp-content\/uploads\/2023\/11\/cropped-Leinewelle_Logo_weiss.png","width":854,"height":260,"caption":"Radio Leinewelle"},"image":{"@id":"https:\/\/radioleinewelle.de\/#\/schema\/logo\/image\/"},"sameAs":["https:\/\/www.facebook.com\/radioleinewelle","https:\/\/x.com\/RLeinewelle","https:\/\/www.instagram.com\/radioleinewelle\/?hl=de"]},{"@type":"Person","@id":"https:\/\/radioleinewelle.de\/#\/schema\/person\/45606f348637df637192dc1b68399a63","name":"Leinewelle","image":{"@type":"ImageObject","inLanguage":"de","@id":"https:\/\/secure.gravatar.com\/avatar\/05c9a17bc973052ee5d91549bd32fb4dd0dc85b7b85ae94b2e2b4943476bbea5?s=96&d=blank&r=g","url":"https:\/\/secure.gravatar.com\/avatar\/05c9a17bc973052ee5d91549bd32fb4dd0dc85b7b85ae94b2e2b4943476bbea5?s=96&d=blank&r=g","contentUrl":"https:\/\/secure.gravatar.com\/avatar\/05c9a17bc973052ee5d91549bd32fb4dd0dc85b7b85ae94b2e2b4943476bbea5?s=96&d=blank&r=g","caption":"Leinewelle"},"sameAs":["http:\/\/localhost\/radio%20leinewelle\/wordpress","https:\/\/www.facebook.com\/radioleinewelle","https:\/\/www.instagram.com\/radioleinewelle","https:\/\/x.com\/https:\/\/twitter.com\/RLeinewelle?ref_src=twsrcgoogletwcampserptwgrauthor","https:\/\/soundcloud.com\/foerderverein-lokalradio?utm_source=clipboard&utm_medium=text&utm_campaign=social_sharing"],"url":"https:\/\/radioleinewelle.de\/index.php\/author\/leinewelle\/"}]}},"_links":{"self":[{"href":"https:\/\/radioleinewelle.de\/index.php\/wp-json\/wp\/v2\/posts\/29979","targetHints":{"allow":["GET"]}}],"collection":[{"href":"https:\/\/radioleinewelle.de\/index.php\/wp-json\/wp\/v2\/posts"}],"about":[{"href":"https:\/\/radioleinewelle.de\/index.php\/wp-json\/wp\/v2\/types\/post"}],"author":[{"embeddable":true,"href":"https:\/\/radioleinewelle.de\/index.php\/wp-json\/wp\/v2\/users\/1"}],"replies":[{"embeddable":true,"href":"https:\/\/radioleinewelle.de\/index.php\/wp-json\/wp\/v2\/comments?post=29979"}],"version-history":[{"count":7,"href":"https:\/\/radioleinewelle.de\/index.php\/wp-json\/wp\/v2\/posts\/29979\/revisions"}],"predecessor-version":[{"id":29990,"href":"https:\/\/radioleinewelle.de\/index.php\/wp-json\/wp\/v2\/posts\/29979\/revisions\/29990"}],"wp:featuredmedia":[{"embeddable":true,"href":"https:\/\/radioleinewelle.de\/index.php\/wp-json\/wp\/v2\/media\/29982"}],"wp:attachment":[{"href":"https:\/\/radioleinewelle.de\/index.php\/wp-json\/wp\/v2\/media?parent=29979"}],"wp:term":[{"taxonomy":"category","embeddable":true,"href":"https:\/\/radioleinewelle.de\/index.php\/wp-json\/wp\/v2\/categories?post=29979"},{"taxonomy":"post_tag","embeddable":true,"href":"https:\/\/radioleinewelle.de\/index.php\/wp-json\/wp\/v2\/tags?post=29979"}],"curies":[{"name":"wp","href":"https:\/\/api.w.org\/{rel}","templated":true}]}}