{"id":30005,"date":"2025-12-06T10:11:11","date_gmt":"2025-12-06T09:11:11","guid":{"rendered":"https:\/\/radioleinewelle.de\/?p=30005"},"modified":"2025-12-06T10:29:20","modified_gmt":"2025-12-06T09:29:20","slug":"wenn-zukunft-verordnet-werden-soll-jugend-in-goettingen-gegen-wehrpflicht-auf-der-strasse","status":"publish","type":"post","link":"https:\/\/radioleinewelle.de\/index.php\/2025\/12\/06\/wenn-zukunft-verordnet-werden-soll-jugend-in-goettingen-gegen-wehrpflicht-auf-der-strasse\/","title":{"rendered":"Wenn Zukunft verordnet werden soll: Jugend in G\u00f6ttingen gegen Wehrpflicht auf der Stra\u00dfe"},"content":{"rendered":"\n<h1 class=\"wp-block-heading\"><\/h1>\n\n\n\n<p>Rund\u00a0700 bis 1.000 Jugendliche\u00a0sind am Freitag, dem\u00a005.12.2025, in G\u00f6ttingen auf die Stra\u00dfe gegangen, um gegen die geplante R\u00fcckkehr der Wehrpflicht zu demonstrieren.  <a href=\"https:\/\/radioleinewelle.de\/index.php\/2025\/12\/04\/schuelerinnen-protestieren-freitag-in-goettingen-gegen-wehrpflicht-plaene\/\">Die Demo war Teil eines bundesweiten Protests gegen die Wiedereinf\u00fchrung der Musterung. <\/a>Die Sch\u00fcler:innen zogen dabei von verschiedenen Schulen Richtung Neues Rathaus und machten lautstark deutlich, dass sie keine politische Entscheidung akzeptieren wollen, die ihre Zukunft massiv beeinflusst.<\/p>\n\n\n\n\n\n<p>Der Bundestag hat am selben Tag das&nbsp;Wehrdienst-Modernisierungsgesetz&nbsp;beschlossen \u2013 darin sind enthalten:<\/p>\n\n\n\n<ul class=\"wp-block-list\">\n<li>verpflichtende&nbsp;<strong>Erfassung<\/strong>&nbsp;und&nbsp;<strong>Musterung<\/strong>&nbsp;aller jungen M\u00e4nner ab 18 Jahren<\/li>\n\n\n\n<li>m\u00f6gliche&nbsp;<strong>Reaktivierung der Wehrpflicht<\/strong>, falls nicht genug Freiwillige bereitstehen<\/li>\n\n\n\n<li>Start einzelner Ma\u00dfnahmen bereits&nbsp;<strong>2026\u20132027<\/strong><\/li>\n<\/ul>\n\n\n\n<p>Viele Jugendliche empfinden das als Eingriff in ihre Ausbildungs- und Lebensplanung \u2013 und als Schritt hin zu mehr Militarisierung. Genau dagegen richtete sich der Protest. \u201eWir wollen unsere Zukunft selbst bestimmen \u2013 nicht eingezogen werden!\u201c, war eine der Kernaussagen der Teilnehmenden.<\/p>\n\n\n\n\n\n<p class=\"has-text-align-center\"><em><strong><mark style=\"background-color:rgba(0, 0, 0, 0)\" class=\"has-inline-color has-kubio-color-2-color\">Beim Thema Wehrpflicht wird schon wieder \u00fcber die K\u00f6pfe von uns jungen Menschen hinweg entschieden. Wir sind nicht bereit f\u00fcr einen Staat zu sterben, der uns mit den dr\u00e4ngendsten Problemen unserer Zeit alleine l\u00e4sst.<\/mark><\/strong><\/em><br>Leonie, Studis gegen Rechts<\/p>\n\n\n\n\n\n<h4 class=\"wp-block-heading\">G\u00f6ttingen als Teil einer bundesweiten Jugendbewegung<\/h4>\n\n\n\n<p>Der Streik war Teil einer gro\u00dfen, dezentralen Protestbewegung:<\/p>\n\n\n\n<ul class=\"wp-block-list\">\n<li>Aktionen in&nbsp;<strong>\u00fcber 80\u201390 St\u00e4dten<\/strong><\/li>\n\n\n\n<li><strong>Zehntausende<\/strong>&nbsp;demonstrierten bundesweit<\/li>\n\n\n\n<li>Besonders starke Beteiligung in Berlin, Hamburg, M\u00fcnchen und in St\u00e4dten Sachsens<\/li>\n<\/ul>\n\n\n\n<p>Damit wurde klar: Es handelt sich nicht um eine Randposition \u2013 die Wehrdienstpl\u00e4ne bewegen eine ganze Generation. Es geht um die Frage, ob junge Menschen k\u00fcnftig \u201enach Bedarf\u201c f\u00fcr den Milit\u00e4rdienst herangezogen werden d\u00fcrfen. <br>In G\u00f6ttingen beteiligten sich ebenfalls die Studis gegen Rechts an der Veranstaltung. Sie starteten ihre Demo am Platz der G\u00f6ttinger 7 und schlossen sich mit ca. 80 Menschen den Demoz\u00fcgen der Schulen an.<\/p>\n\n\n\n<h4 class=\"wp-block-heading\">Ein Signal an die Politik<\/h4>\n\n\n\n<p class=\"has-text-align-left\">Auch wenn das Gesetz bereits verabschiedet wurde: Der Protest zeigt, dass die Jugend sich einmischt \u2013 laut, politisch und sichtbar. Viele der Teilnehmenden k\u00fcndigten an,&nbsp;weiter aktiv zu bleiben, um gegen die R\u00fcckkehr von Pflichtdiensten zu k\u00e4mpfen.<br>Mehr Infos und ein Interview gibt es Dienstagabend ab 20 Uhr in der Radio Lounge auf Radio Leinewelle.<\/p>\n\n\n\n<p class=\"has-text-align-right has-small-font-size\"><br><strong>Fotos und Text:<\/strong> <em>Ulf Engelmayer<\/em><\/p>\n","protected":false},"excerpt":{"rendered":"<p>Rund\u00a0700 bis 1.000 Jugendliche\u00a0sind am Freitag, dem\u00a005.12.2025, in G\u00f6ttingen auf die Stra\u00dfe gegangen, um gegen die geplante R\u00fcckkehr der Wehrpflicht zu demonstrieren. Die Demo war Teil eines bundesweiten Protests gegen die Wiedereinf\u00fchrung der Musterung. Die Sch\u00fcler:innen zogen dabei von verschiedenen Schulen Richtung Neues Rathaus und machten lautstark deutlich, dass sie keine politische Entscheidung akzeptieren wollen, [&hellip;]<\/p>\n","protected":false},"author":6,"featured_media":30010,"comment_status":"open","ping_status":"open","sticky":false,"template":"","format":"standard","meta":{"saved_in_kubio":false,"footnotes":""},"categories":[53],"tags":[4674,4672,4675,4661,4673,4662],"class_list":["post-30005","post","type-post","status-publish","format-standard","has-post-thumbnail","hentry","category-gesellschaft","tag-frieden-statt-wehrpflicht","tag-jugendprotest","tag-kein-kanonenfutter","tag-schulstreik","tag-studis-gegen-rechts","tag-wehrpflicht-nein"],"yoast_head":"<!-- This site is optimized with the Yoast SEO plugin v27.5 - https:\/\/yoast.com\/product\/yoast-seo-wordpress\/ -->\n<title>Wenn Zukunft verordnet werden soll: Jugend in G\u00f6ttingen gegen Wehrpflicht auf der Stra\u00dfe - Radio Leinewelle<\/title>\n<meta name=\"description\" content=\"Sch\u00fcler:innen protestieren am 05.12.2025 in G\u00f6ttingen gegen die Wiedereinf\u00fchrung der Wehrpflicht. Bericht \u00fcber Ablauf, Hintergr\u00fcnde und die bundesweite Protestbewegung.\" \/>\n<meta name=\"robots\" content=\"index, follow, max-snippet:-1, max-image-preview:large, max-video-preview:-1\" \/>\n<link rel=\"canonical\" href=\"https:\/\/radioleinewelle.de\/index.php\/2025\/12\/06\/wenn-zukunft-verordnet-werden-soll-jugend-in-goettingen-gegen-wehrpflicht-auf-der-strasse\/\" \/>\n<meta property=\"og:locale\" content=\"de_DE\" \/>\n<meta property=\"og:type\" content=\"article\" \/>\n<meta property=\"og:title\" content=\"Wenn Zukunft verordnet werden soll: Jugend in G\u00f6ttingen gegen Wehrpflicht auf der Stra\u00dfe - Radio Leinewelle\" \/>\n<meta property=\"og:description\" content=\"Sch\u00fcler:innen protestieren am 05.12.2025 in G\u00f6ttingen gegen die Wiedereinf\u00fchrung der Wehrpflicht. Bericht \u00fcber Ablauf, Hintergr\u00fcnde und die bundesweite Protestbewegung.\" \/>\n<meta property=\"og:url\" content=\"https:\/\/radioleinewelle.de\/index.php\/2025\/12\/06\/wenn-zukunft-verordnet-werden-soll-jugend-in-goettingen-gegen-wehrpflicht-auf-der-strasse\/\" \/>\n<meta property=\"og:site_name\" content=\"Radio Leinewelle\" \/>\n<meta property=\"article:publisher\" content=\"https:\/\/www.facebook.com\/radioleinewelle\" \/>\n<meta property=\"article:published_time\" content=\"2025-12-06T09:11:11+00:00\" \/>\n<meta property=\"article:modified_time\" content=\"2025-12-06T09:29:20+00:00\" \/>\n<meta property=\"og:image\" content=\"https:\/\/radioleinewelle.de\/wp-content\/uploads\/2025\/12\/DSC_0254Schuelerdemo-gegen-Wehrpflicht-Goe--scaled-e1765010721256.jpg\" \/>\n\t<meta property=\"og:image:width\" content=\"1500\" \/>\n\t<meta property=\"og:image:height\" content=\"1000\" \/>\n\t<meta property=\"og:image:type\" content=\"image\/jpeg\" \/>\n<meta name=\"author\" content=\"Ulf Engelmayer\" \/>\n<meta name=\"twitter:card\" content=\"summary_large_image\" \/>\n<meta name=\"twitter:creator\" content=\"@RLeinewelle\" \/>\n<meta name=\"twitter:site\" content=\"@RLeinewelle\" \/>\n<meta name=\"twitter:label1\" content=\"Verfasst von\" \/>\n\t<meta name=\"twitter:data1\" content=\"Ulf Engelmayer\" \/>\n\t<meta name=\"twitter:label2\" content=\"Gesch\u00e4tzte Lesezeit\" \/>\n\t<meta name=\"twitter:data2\" content=\"3\u00a0Minuten\" \/>\n<script type=\"application\/ld+json\" class=\"yoast-schema-graph\">{\"@context\":\"https:\\\/\\\/schema.org\",\"@graph\":[{\"@type\":\"Article\",\"@id\":\"https:\\\/\\\/radioleinewelle.de\\\/index.php\\\/2025\\\/12\\\/06\\\/wenn-zukunft-verordnet-werden-soll-jugend-in-goettingen-gegen-wehrpflicht-auf-der-strasse\\\/#article\",\"isPartOf\":{\"@id\":\"https:\\\/\\\/radioleinewelle.de\\\/index.php\\\/2025\\\/12\\\/06\\\/wenn-zukunft-verordnet-werden-soll-jugend-in-goettingen-gegen-wehrpflicht-auf-der-strasse\\\/\"},\"author\":{\"name\":\"Ulf Engelmayer\",\"@id\":\"https:\\\/\\\/radioleinewelle.de\\\/#\\\/schema\\\/person\\\/57bad1d4e916f10da4e6763d01aec895\"},\"headline\":\"Wenn Zukunft verordnet werden soll: Jugend in G\u00f6ttingen gegen Wehrpflicht auf der Stra\u00dfe\",\"datePublished\":\"2025-12-06T09:11:11+00:00\",\"dateModified\":\"2025-12-06T09:29:20+00:00\",\"mainEntityOfPage\":{\"@id\":\"https:\\\/\\\/radioleinewelle.de\\\/index.php\\\/2025\\\/12\\\/06\\\/wenn-zukunft-verordnet-werden-soll-jugend-in-goettingen-gegen-wehrpflicht-auf-der-strasse\\\/\"},\"wordCount\":385,\"commentCount\":0,\"publisher\":{\"@id\":\"https:\\\/\\\/radioleinewelle.de\\\/#organization\"},\"image\":{\"@id\":\"https:\\\/\\\/radioleinewelle.de\\\/index.php\\\/2025\\\/12\\\/06\\\/wenn-zukunft-verordnet-werden-soll-jugend-in-goettingen-gegen-wehrpflicht-auf-der-strasse\\\/#primaryimage\"},\"thumbnailUrl\":\"https:\\\/\\\/radioleinewelle.de\\\/wp-content\\\/uploads\\\/2025\\\/12\\\/DSC_0254Schuelerdemo-gegen-Wehrpflicht-Goe--scaled-e1765010721256.jpg\",\"keywords\":[\"Frieden statt Wehrpflicht\",\"Jugendprotest\",\"Kein Kanonenfutter\",\"Schulstreik\",\"Studis gegen Rechts\",\"Wehrpflicht Nein\"],\"articleSection\":[\"Gesellschaft\"],\"inLanguage\":\"de\",\"potentialAction\":[{\"@type\":\"CommentAction\",\"name\":\"Comment\",\"target\":[\"https:\\\/\\\/radioleinewelle.de\\\/index.php\\\/2025\\\/12\\\/06\\\/wenn-zukunft-verordnet-werden-soll-jugend-in-goettingen-gegen-wehrpflicht-auf-der-strasse\\\/#respond\"]}]},{\"@type\":\"WebPage\",\"@id\":\"https:\\\/\\\/radioleinewelle.de\\\/index.php\\\/2025\\\/12\\\/06\\\/wenn-zukunft-verordnet-werden-soll-jugend-in-goettingen-gegen-wehrpflicht-auf-der-strasse\\\/\",\"url\":\"https:\\\/\\\/radioleinewelle.de\\\/index.php\\\/2025\\\/12\\\/06\\\/wenn-zukunft-verordnet-werden-soll-jugend-in-goettingen-gegen-wehrpflicht-auf-der-strasse\\\/\",\"name\":\"Wenn Zukunft verordnet werden soll: Jugend in G\u00f6ttingen gegen Wehrpflicht auf der Stra\u00dfe - Radio Leinewelle\",\"isPartOf\":{\"@id\":\"https:\\\/\\\/radioleinewelle.de\\\/#website\"},\"primaryImageOfPage\":{\"@id\":\"https:\\\/\\\/radioleinewelle.de\\\/index.php\\\/2025\\\/12\\\/06\\\/wenn-zukunft-verordnet-werden-soll-jugend-in-goettingen-gegen-wehrpflicht-auf-der-strasse\\\/#primaryimage\"},\"image\":{\"@id\":\"https:\\\/\\\/radioleinewelle.de\\\/index.php\\\/2025\\\/12\\\/06\\\/wenn-zukunft-verordnet-werden-soll-jugend-in-goettingen-gegen-wehrpflicht-auf-der-strasse\\\/#primaryimage\"},\"thumbnailUrl\":\"https:\\\/\\\/radioleinewelle.de\\\/wp-content\\\/uploads\\\/2025\\\/12\\\/DSC_0254Schuelerdemo-gegen-Wehrpflicht-Goe--scaled-e1765010721256.jpg\",\"datePublished\":\"2025-12-06T09:11:11+00:00\",\"dateModified\":\"2025-12-06T09:29:20+00:00\",\"description\":\"Sch\u00fcler:innen protestieren am 05.12.2025 in G\u00f6ttingen gegen die Wiedereinf\u00fchrung der Wehrpflicht. Bericht \u00fcber Ablauf, Hintergr\u00fcnde und die bundesweite Protestbewegung.\",\"breadcrumb\":{\"@id\":\"https:\\\/\\\/radioleinewelle.de\\\/index.php\\\/2025\\\/12\\\/06\\\/wenn-zukunft-verordnet-werden-soll-jugend-in-goettingen-gegen-wehrpflicht-auf-der-strasse\\\/#breadcrumb\"},\"inLanguage\":\"de\",\"potentialAction\":[{\"@type\":\"ReadAction\",\"target\":[\"https:\\\/\\\/radioleinewelle.de\\\/index.php\\\/2025\\\/12\\\/06\\\/wenn-zukunft-verordnet-werden-soll-jugend-in-goettingen-gegen-wehrpflicht-auf-der-strasse\\\/\"]}]},{\"@type\":\"ImageObject\",\"inLanguage\":\"de\",\"@id\":\"https:\\\/\\\/radioleinewelle.de\\\/index.php\\\/2025\\\/12\\\/06\\\/wenn-zukunft-verordnet-werden-soll-jugend-in-goettingen-gegen-wehrpflicht-auf-der-strasse\\\/#primaryimage\",\"url\":\"https:\\\/\\\/radioleinewelle.de\\\/wp-content\\\/uploads\\\/2025\\\/12\\\/DSC_0254Schuelerdemo-gegen-Wehrpflicht-Goe--scaled-e1765010721256.jpg\",\"contentUrl\":\"https:\\\/\\\/radioleinewelle.de\\\/wp-content\\\/uploads\\\/2025\\\/12\\\/DSC_0254Schuelerdemo-gegen-Wehrpflicht-Goe--scaled-e1765010721256.jpg\",\"width\":1500,\"height\":1000},{\"@type\":\"BreadcrumbList\",\"@id\":\"https:\\\/\\\/radioleinewelle.de\\\/index.php\\\/2025\\\/12\\\/06\\\/wenn-zukunft-verordnet-werden-soll-jugend-in-goettingen-gegen-wehrpflicht-auf-der-strasse\\\/#breadcrumb\",\"itemListElement\":[{\"@type\":\"ListItem\",\"position\":1,\"name\":\"Startseite\",\"item\":\"https:\\\/\\\/radioleinewelle.de\\\/\"},{\"@type\":\"ListItem\",\"position\":2,\"name\":\"Wenn Zukunft verordnet werden soll: Jugend in G\u00f6ttingen gegen Wehrpflicht auf der Stra\u00dfe\"}]},{\"@type\":\"WebSite\",\"@id\":\"https:\\\/\\\/radioleinewelle.de\\\/#website\",\"url\":\"https:\\\/\\\/radioleinewelle.de\\\/\",\"name\":\"Radio Leinewelle\",\"description\":\"\",\"publisher\":{\"@id\":\"https:\\\/\\\/radioleinewelle.de\\\/#organization\"},\"potentialAction\":[{\"@type\":\"SearchAction\",\"target\":{\"@type\":\"EntryPoint\",\"urlTemplate\":\"https:\\\/\\\/radioleinewelle.de\\\/?s={search_term_string}\"},\"query-input\":{\"@type\":\"PropertyValueSpecification\",\"valueRequired\":true,\"valueName\":\"search_term_string\"}}],\"inLanguage\":\"de\"},{\"@type\":\"Organization\",\"@id\":\"https:\\\/\\\/radioleinewelle.de\\\/#organization\",\"name\":\"Radio Leinewelle\",\"alternateName\":\"Mein Radio f\u00fcr S\u00fcdniedersachsen\",\"url\":\"https:\\\/\\\/radioleinewelle.de\\\/\",\"logo\":{\"@type\":\"ImageObject\",\"inLanguage\":\"de\",\"@id\":\"https:\\\/\\\/radioleinewelle.de\\\/#\\\/schema\\\/logo\\\/image\\\/\",\"url\":\"https:\\\/\\\/radioleinewelle.de\\\/wp-content\\\/uploads\\\/2023\\\/11\\\/cropped-Leinewelle_Logo_weiss.png\",\"contentUrl\":\"https:\\\/\\\/radioleinewelle.de\\\/wp-content\\\/uploads\\\/2023\\\/11\\\/cropped-Leinewelle_Logo_weiss.png\",\"width\":854,\"height\":260,\"caption\":\"Radio Leinewelle\"},\"image\":{\"@id\":\"https:\\\/\\\/radioleinewelle.de\\\/#\\\/schema\\\/logo\\\/image\\\/\"},\"sameAs\":[\"https:\\\/\\\/www.facebook.com\\\/radioleinewelle\",\"https:\\\/\\\/x.com\\\/RLeinewelle\",\"https:\\\/\\\/www.instagram.com\\\/radioleinewelle\\\/?hl=de\"]},{\"@type\":\"Person\",\"@id\":\"https:\\\/\\\/radioleinewelle.de\\\/#\\\/schema\\\/person\\\/57bad1d4e916f10da4e6763d01aec895\",\"name\":\"Ulf Engelmayer\",\"image\":{\"@type\":\"ImageObject\",\"inLanguage\":\"de\",\"@id\":\"https:\\\/\\\/secure.gravatar.com\\\/avatar\\\/f056d5d62beaff9b66570d67e3e698ea7ff6463d140c80fc667a56e338ecf046?s=96&d=blank&r=g\",\"url\":\"https:\\\/\\\/secure.gravatar.com\\\/avatar\\\/f056d5d62beaff9b66570d67e3e698ea7ff6463d140c80fc667a56e338ecf046?s=96&d=blank&r=g\",\"contentUrl\":\"https:\\\/\\\/secure.gravatar.com\\\/avatar\\\/f056d5d62beaff9b66570d67e3e698ea7ff6463d140c80fc667a56e338ecf046?s=96&d=blank&r=g\",\"caption\":\"Ulf Engelmayer\"},\"url\":\"https:\\\/\\\/radioleinewelle.de\\\/index.php\\\/author\\\/ulf-engelmayer\\\/\"}]}<\/script>\n<!-- \/ Yoast SEO plugin. -->","yoast_head_json":{"title":"Wenn Zukunft verordnet werden soll: Jugend in G\u00f6ttingen gegen Wehrpflicht auf der Stra\u00dfe - Radio Leinewelle","description":"Sch\u00fcler:innen protestieren am 05.12.2025 in G\u00f6ttingen gegen die Wiedereinf\u00fchrung der Wehrpflicht. Bericht \u00fcber Ablauf, Hintergr\u00fcnde und die bundesweite Protestbewegung.","robots":{"index":"index","follow":"follow","max-snippet":"max-snippet:-1","max-image-preview":"max-image-preview:large","max-video-preview":"max-video-preview:-1"},"canonical":"https:\/\/radioleinewelle.de\/index.php\/2025\/12\/06\/wenn-zukunft-verordnet-werden-soll-jugend-in-goettingen-gegen-wehrpflicht-auf-der-strasse\/","og_locale":"de_DE","og_type":"article","og_title":"Wenn Zukunft verordnet werden soll: Jugend in G\u00f6ttingen gegen Wehrpflicht auf der Stra\u00dfe - Radio Leinewelle","og_description":"Sch\u00fcler:innen protestieren am 05.12.2025 in G\u00f6ttingen gegen die Wiedereinf\u00fchrung der Wehrpflicht. Bericht \u00fcber Ablauf, Hintergr\u00fcnde und die bundesweite Protestbewegung.","og_url":"https:\/\/radioleinewelle.de\/index.php\/2025\/12\/06\/wenn-zukunft-verordnet-werden-soll-jugend-in-goettingen-gegen-wehrpflicht-auf-der-strasse\/","og_site_name":"Radio Leinewelle","article_publisher":"https:\/\/www.facebook.com\/radioleinewelle","article_published_time":"2025-12-06T09:11:11+00:00","article_modified_time":"2025-12-06T09:29:20+00:00","og_image":[{"width":1500,"height":1000,"url":"https:\/\/radioleinewelle.de\/wp-content\/uploads\/2025\/12\/DSC_0254Schuelerdemo-gegen-Wehrpflicht-Goe--scaled-e1765010721256.jpg","type":"image\/jpeg"}],"author":"Ulf Engelmayer","twitter_card":"summary_large_image","twitter_creator":"@RLeinewelle","twitter_site":"@RLeinewelle","twitter_misc":{"Verfasst von":"Ulf Engelmayer","Gesch\u00e4tzte Lesezeit":"3\u00a0Minuten"},"schema":{"@context":"https:\/\/schema.org","@graph":[{"@type":"Article","@id":"https:\/\/radioleinewelle.de\/index.php\/2025\/12\/06\/wenn-zukunft-verordnet-werden-soll-jugend-in-goettingen-gegen-wehrpflicht-auf-der-strasse\/#article","isPartOf":{"@id":"https:\/\/radioleinewelle.de\/index.php\/2025\/12\/06\/wenn-zukunft-verordnet-werden-soll-jugend-in-goettingen-gegen-wehrpflicht-auf-der-strasse\/"},"author":{"name":"Ulf Engelmayer","@id":"https:\/\/radioleinewelle.de\/#\/schema\/person\/57bad1d4e916f10da4e6763d01aec895"},"headline":"Wenn Zukunft verordnet werden soll: Jugend in G\u00f6ttingen gegen Wehrpflicht auf der Stra\u00dfe","datePublished":"2025-12-06T09:11:11+00:00","dateModified":"2025-12-06T09:29:20+00:00","mainEntityOfPage":{"@id":"https:\/\/radioleinewelle.de\/index.php\/2025\/12\/06\/wenn-zukunft-verordnet-werden-soll-jugend-in-goettingen-gegen-wehrpflicht-auf-der-strasse\/"},"wordCount":385,"commentCount":0,"publisher":{"@id":"https:\/\/radioleinewelle.de\/#organization"},"image":{"@id":"https:\/\/radioleinewelle.de\/index.php\/2025\/12\/06\/wenn-zukunft-verordnet-werden-soll-jugend-in-goettingen-gegen-wehrpflicht-auf-der-strasse\/#primaryimage"},"thumbnailUrl":"https:\/\/radioleinewelle.de\/wp-content\/uploads\/2025\/12\/DSC_0254Schuelerdemo-gegen-Wehrpflicht-Goe--scaled-e1765010721256.jpg","keywords":["Frieden statt Wehrpflicht","Jugendprotest","Kein Kanonenfutter","Schulstreik","Studis gegen Rechts","Wehrpflicht Nein"],"articleSection":["Gesellschaft"],"inLanguage":"de","potentialAction":[{"@type":"CommentAction","name":"Comment","target":["https:\/\/radioleinewelle.de\/index.php\/2025\/12\/06\/wenn-zukunft-verordnet-werden-soll-jugend-in-goettingen-gegen-wehrpflicht-auf-der-strasse\/#respond"]}]},{"@type":"WebPage","@id":"https:\/\/radioleinewelle.de\/index.php\/2025\/12\/06\/wenn-zukunft-verordnet-werden-soll-jugend-in-goettingen-gegen-wehrpflicht-auf-der-strasse\/","url":"https:\/\/radioleinewelle.de\/index.php\/2025\/12\/06\/wenn-zukunft-verordnet-werden-soll-jugend-in-goettingen-gegen-wehrpflicht-auf-der-strasse\/","name":"Wenn Zukunft verordnet werden soll: Jugend in G\u00f6ttingen gegen Wehrpflicht auf der Stra\u00dfe - Radio Leinewelle","isPartOf":{"@id":"https:\/\/radioleinewelle.de\/#website"},"primaryImageOfPage":{"@id":"https:\/\/radioleinewelle.de\/index.php\/2025\/12\/06\/wenn-zukunft-verordnet-werden-soll-jugend-in-goettingen-gegen-wehrpflicht-auf-der-strasse\/#primaryimage"},"image":{"@id":"https:\/\/radioleinewelle.de\/index.php\/2025\/12\/06\/wenn-zukunft-verordnet-werden-soll-jugend-in-goettingen-gegen-wehrpflicht-auf-der-strasse\/#primaryimage"},"thumbnailUrl":"https:\/\/radioleinewelle.de\/wp-content\/uploads\/2025\/12\/DSC_0254Schuelerdemo-gegen-Wehrpflicht-Goe--scaled-e1765010721256.jpg","datePublished":"2025-12-06T09:11:11+00:00","dateModified":"2025-12-06T09:29:20+00:00","description":"Sch\u00fcler:innen protestieren am 05.12.2025 in G\u00f6ttingen gegen die Wiedereinf\u00fchrung der Wehrpflicht. Bericht \u00fcber Ablauf, Hintergr\u00fcnde und die bundesweite Protestbewegung.","breadcrumb":{"@id":"https:\/\/radioleinewelle.de\/index.php\/2025\/12\/06\/wenn-zukunft-verordnet-werden-soll-jugend-in-goettingen-gegen-wehrpflicht-auf-der-strasse\/#breadcrumb"},"inLanguage":"de","potentialAction":[{"@type":"ReadAction","target":["https:\/\/radioleinewelle.de\/index.php\/2025\/12\/06\/wenn-zukunft-verordnet-werden-soll-jugend-in-goettingen-gegen-wehrpflicht-auf-der-strasse\/"]}]},{"@type":"ImageObject","inLanguage":"de","@id":"https:\/\/radioleinewelle.de\/index.php\/2025\/12\/06\/wenn-zukunft-verordnet-werden-soll-jugend-in-goettingen-gegen-wehrpflicht-auf-der-strasse\/#primaryimage","url":"https:\/\/radioleinewelle.de\/wp-content\/uploads\/2025\/12\/DSC_0254Schuelerdemo-gegen-Wehrpflicht-Goe--scaled-e1765010721256.jpg","contentUrl":"https:\/\/radioleinewelle.de\/wp-content\/uploads\/2025\/12\/DSC_0254Schuelerdemo-gegen-Wehrpflicht-Goe--scaled-e1765010721256.jpg","width":1500,"height":1000},{"@type":"BreadcrumbList","@id":"https:\/\/radioleinewelle.de\/index.php\/2025\/12\/06\/wenn-zukunft-verordnet-werden-soll-jugend-in-goettingen-gegen-wehrpflicht-auf-der-strasse\/#breadcrumb","itemListElement":[{"@type":"ListItem","position":1,"name":"Startseite","item":"https:\/\/radioleinewelle.de\/"},{"@type":"ListItem","position":2,"name":"Wenn Zukunft verordnet werden soll: Jugend in G\u00f6ttingen gegen Wehrpflicht auf der Stra\u00dfe"}]},{"@type":"WebSite","@id":"https:\/\/radioleinewelle.de\/#website","url":"https:\/\/radioleinewelle.de\/","name":"Radio Leinewelle","description":"","publisher":{"@id":"https:\/\/radioleinewelle.de\/#organization"},"potentialAction":[{"@type":"SearchAction","target":{"@type":"EntryPoint","urlTemplate":"https:\/\/radioleinewelle.de\/?s={search_term_string}"},"query-input":{"@type":"PropertyValueSpecification","valueRequired":true,"valueName":"search_term_string"}}],"inLanguage":"de"},{"@type":"Organization","@id":"https:\/\/radioleinewelle.de\/#organization","name":"Radio Leinewelle","alternateName":"Mein Radio f\u00fcr S\u00fcdniedersachsen","url":"https:\/\/radioleinewelle.de\/","logo":{"@type":"ImageObject","inLanguage":"de","@id":"https:\/\/radioleinewelle.de\/#\/schema\/logo\/image\/","url":"https:\/\/radioleinewelle.de\/wp-content\/uploads\/2023\/11\/cropped-Leinewelle_Logo_weiss.png","contentUrl":"https:\/\/radioleinewelle.de\/wp-content\/uploads\/2023\/11\/cropped-Leinewelle_Logo_weiss.png","width":854,"height":260,"caption":"Radio Leinewelle"},"image":{"@id":"https:\/\/radioleinewelle.de\/#\/schema\/logo\/image\/"},"sameAs":["https:\/\/www.facebook.com\/radioleinewelle","https:\/\/x.com\/RLeinewelle","https:\/\/www.instagram.com\/radioleinewelle\/?hl=de"]},{"@type":"Person","@id":"https:\/\/radioleinewelle.de\/#\/schema\/person\/57bad1d4e916f10da4e6763d01aec895","name":"Ulf Engelmayer","image":{"@type":"ImageObject","inLanguage":"de","@id":"https:\/\/secure.gravatar.com\/avatar\/f056d5d62beaff9b66570d67e3e698ea7ff6463d140c80fc667a56e338ecf046?s=96&d=blank&r=g","url":"https:\/\/secure.gravatar.com\/avatar\/f056d5d62beaff9b66570d67e3e698ea7ff6463d140c80fc667a56e338ecf046?s=96&d=blank&r=g","contentUrl":"https:\/\/secure.gravatar.com\/avatar\/f056d5d62beaff9b66570d67e3e698ea7ff6463d140c80fc667a56e338ecf046?s=96&d=blank&r=g","caption":"Ulf Engelmayer"},"url":"https:\/\/radioleinewelle.de\/index.php\/author\/ulf-engelmayer\/"}]}},"_links":{"self":[{"href":"https:\/\/radioleinewelle.de\/index.php\/wp-json\/wp\/v2\/posts\/30005","targetHints":{"allow":["GET"]}}],"collection":[{"href":"https:\/\/radioleinewelle.de\/index.php\/wp-json\/wp\/v2\/posts"}],"about":[{"href":"https:\/\/radioleinewelle.de\/index.php\/wp-json\/wp\/v2\/types\/post"}],"author":[{"embeddable":true,"href":"https:\/\/radioleinewelle.de\/index.php\/wp-json\/wp\/v2\/users\/6"}],"replies":[{"embeddable":true,"href":"https:\/\/radioleinewelle.de\/index.php\/wp-json\/wp\/v2\/comments?post=30005"}],"version-history":[{"count":10,"href":"https:\/\/radioleinewelle.de\/index.php\/wp-json\/wp\/v2\/posts\/30005\/revisions"}],"predecessor-version":[{"id":30025,"href":"https:\/\/radioleinewelle.de\/index.php\/wp-json\/wp\/v2\/posts\/30005\/revisions\/30025"}],"wp:featuredmedia":[{"embeddable":true,"href":"https:\/\/radioleinewelle.de\/index.php\/wp-json\/wp\/v2\/media\/30010"}],"wp:attachment":[{"href":"https:\/\/radioleinewelle.de\/index.php\/wp-json\/wp\/v2\/media?parent=30005"}],"wp:term":[{"taxonomy":"category","embeddable":true,"href":"https:\/\/radioleinewelle.de\/index.php\/wp-json\/wp\/v2\/categories?post=30005"},{"taxonomy":"post_tag","embeddable":true,"href":"https:\/\/radioleinewelle.de\/index.php\/wp-json\/wp\/v2\/tags?post=30005"}],"curies":[{"name":"wp","href":"https:\/\/api.w.org\/{rel}","templated":true}]}}