{"id":30027,"date":"2025-12-06T17:58:25","date_gmt":"2025-12-06T16:58:25","guid":{"rendered":"https:\/\/radioleinewelle.de\/?p=30027"},"modified":"2025-12-06T18:31:42","modified_gmt":"2025-12-06T17:31:42","slug":"dgb-staerkt-sich-durch-regionsfusion-neue-und-bewaehrte-geschaeftsfuehrung","status":"publish","type":"post","link":"https:\/\/radioleinewelle.de\/index.php\/2025\/12\/06\/dgb-staerkt-sich-durch-regionsfusion-neue-und-bewaehrte-geschaeftsfuehrung\/","title":{"rendered":"DGB st\u00e4rkt sich durch Regionsfusion \u2013 Neue und bew\u00e4hrte Gesch\u00e4ftsf\u00fchrung"},"content":{"rendered":"\n\n\n<p>Die Regionen des Deutschen Gewerkschaftsbundes (DGB) S\u00fcdniedersachsen-Harz und S\u00fcdOstNiedersachsen schlie\u00dfen sich zu einer gr\u00f6\u00dferen, leistungsf\u00e4higeren regionalen Einheit zusammen. So wird die \u00fcbergewerkschaftliche Stimme in der Fl\u00e4che gest\u00e4rkt. Die neue Gesch\u00e4ftsf\u00fchrung ist keine unbekannte.<\/p>\n\n\n\n<p>Agnieszka Zimowska, bisher Regionsgesch\u00e4ftsf\u00fchrerin im S\u00fcden Niedersachsens, wurde am 6.12.2025 in Hannover auf der DGB-Bezirkskonferenz als Gesch\u00e4ftsf\u00fchrerin der neuen Region gew\u00e4hlt. Die Delegierten aus Niedersachsen \u2013 Bremen \u2013 Sachsen-Anhalt best\u00e4tigten die 50-j\u00e4hrige G\u00f6ttingerin mit einem beachtlichen Wahlergebnis von 98 Prozent.<\/p>\n\n\n\n<p>\u201eDiese Aufgabe erf\u00fcllt mich mit Stolz und Ansporn. In wirtschaftlich und demokratisch herausfordernden Zeiten vertrauen so viele Menschen darauf, dass wir den gewerkschaftlichen Kompass voranstellen. Sie wollen sichere Arbeitspl\u00e4tze, Mitbestimmung im Betrieb, eine gerechte und offene Gesellschaft. Gemeinsam werden wir den positiven Unterschied ausmachen! Daf\u00fcr stehe ich in der neuen DGB-Region\u201c, erkl\u00e4rt Gewerkschafterin Zimowska.<\/p>\n\n\n\n<div class=\"wp-block-group\"><div class=\"wp-block-group__inner-container is-layout-constrained wp-block-group-is-layout-constrained\">\n<p class=\"has-text-align-left\" style=\"border-style:none;border-width:0px\">Besonderen Dank richtet sie an den bisherigen Regionsgesch\u00e4ftsf\u00fchrer in Braunschweig, Michael Kleber, f\u00fcr seine langj\u00e4hrige Arbeit. Sein Engagement und seine Expertise haben bleibende Erfolge hinterlassen. Kleber f\u00fchrte f\u00fcnfzehn Jahre die Gesch\u00e4fte der DGB-Region.<br><\/p>\n\n\n\n<div class=\"wp-block-group has-border-color has-kubio-color-2-border-color has-background\" style=\"border-width:3px;background-color:#f7f7f7\"><div class=\"wp-block-group__inner-container is-layout-constrained wp-block-group-is-layout-constrained\">\n<div class=\"wp-block-group\"><div class=\"wp-block-group__inner-container is-layout-constrained wp-block-group-is-layout-constrained\">\n<p class=\"has-text-align-center\" style=\"border-style:none;border-width:0px\"><strong>Die Aufgaben des DGB<\/strong><\/p>\n\n\n\n<p>Der Deutsche Gewerkschaftsbund (DGB) ist der Zusammenschluss von acht Mitgliedsgewerkschaften. Er setzt sich \u00fcbergreifend f\u00fcr die Interessen von Arbeitnehmer*innen ein \u2013 politisch, gesellschaftlich und betrieblich. Dazu geh\u00f6ren unter anderem:<\/p>\n\n\n\n<ul class=\"wp-block-list\">\n<li><strong>Starke Stimme in der Politik:<\/strong>\u00a0Einsatz f\u00fcr gute Arbeitsbedingungen, Tarifbindung und Mitbestimmung<\/li>\n\n\n\n<li><strong>Beratung &amp; Unterst\u00fctzung:<\/strong>\u00a0Kontaktstellen f\u00fcr Besch\u00e4ftigte bei Problemen im Arbeitsleben<\/li>\n\n\n\n<li><strong>Solidarisches Netzwerk:<\/strong>\u00a0Organisation gemeinsamer Kampagnen der Gewerkschaften<\/li>\n\n\n\n<li><strong>Gute Ausbildung:<\/strong>\u00a0Engagement f\u00fcr faire Ausbildungsbedingungen und Jugendbeteiligung<\/li>\n\n\n\n<li><strong>Demokratie st\u00e4rken:<\/strong>\u00a0Einsatz gegen Diskriminierung, Spaltung und rechte Hetze<\/li>\n<\/ul>\n\n\n\n<p>Gemeinsam gestalten Gewerkschaften eine gerechte und zukunftsf\u00e4hige Arbeitswelt.<\/p>\n<\/div><\/div>\n<\/div><\/div>\n<\/div><\/div>\n\n\n\n<p>Die neue Region deckt k\u00fcnftig die Landkreise Gifhorn, Goslar, G\u00f6ttingen, Helmstedt, Northeim, Peine und Wolfenb\u00fcttel sowie die kreisfreien St\u00e4dte Braunschweig, Salzgitter und Wolfsburg ab. Gemeinsam vertritt die Region 228.000 Gewerkschaftsmitglieder. Die Serviceangebote, Beratungsleistungen und gewerkschaftspolitischen Aktivit\u00e4ten bleiben unver\u00e4ndert bestehen. Gleichzeitig er\u00f6ffnet die vergr\u00f6\u00dferte Region neue Chancen f\u00fcr gemeinsame Kampagnen, verbesserte Zusammenarbeit mit kommunalen Akteur*innen und eine st\u00e4rkere Vernetzung der Gewerkschaften untereinander. Die Hauptgesch\u00e4ftsstelle bleibt in Braunschweig, Nebenstellen in G\u00f6ttingen und Goslar bleiben bestehen.<\/p>\n\n\n\n<p>#DGB #Gewerkschaften #Regionenst\u00e4rken #Mitbestimmung #Solidarit\u00e4t #S\u00fcdniedersachsen #Braunschweig #G\u00f6ttingen #Arbeitnehmerrechte<\/p>\n","protected":false},"excerpt":{"rendered":"<p>Die Regionen des Deutschen Gewerkschaftsbundes (DGB) S\u00fcdniedersachsen-Harz und S\u00fcdOstNiedersachsen schlie\u00dfen sich zu einer gr\u00f6\u00dferen, leistungsf\u00e4higeren regionalen Einheit zusammen. So wird die \u00fcbergewerkschaftliche Stimme in der Fl\u00e4che gest\u00e4rkt. Die neue Gesch\u00e4ftsf\u00fchrung ist keine unbekannte. Agnieszka Zimowska, bisher Regionsgesch\u00e4ftsf\u00fchrerin im S\u00fcden Niedersachsens, wurde am 6.12.2025 in Hannover auf der DGB-Bezirkskonferenz als Gesch\u00e4ftsf\u00fchrerin der neuen Region gew\u00e4hlt. Die [&hellip;]<\/p>\n","protected":false},"author":1,"featured_media":30031,"comment_status":"open","ping_status":"open","sticky":false,"template":"","format":"standard","meta":{"saved_in_kubio":false,"footnotes":""},"categories":[50,53],"tags":[928,4680,4679,933,4676,1280,63,4678,4677],"class_list":["post-30027","post","type-post","status-publish","format-standard","has-post-thumbnail","hentry","category-arbeitswelt","category-gesellschaft","tag-agnieszka-zimowska","tag-arbeitnehmerrechte","tag-braunschweig","tag-dgb","tag-gewerkschaften","tag-goslar","tag-goettingen","tag-mitbestimmen","tag-region-staerken"],"yoast_head":"<!-- This site is optimized with the Yoast SEO plugin v27.5 - https:\/\/yoast.com\/product\/yoast-seo-wordpress\/ -->\n<title>DGB st\u00e4rkt sich durch Regionsfusion \u2013 Neue und bew\u00e4hrte Gesch\u00e4ftsf\u00fchrung - Radio Leinewelle<\/title>\n<meta name=\"description\" content=\"Der DGB st\u00e4rkt seine Pr\u00e4senz: Die Regionen S\u00fcdniedersachsen-Harz und S\u00fcdOstNiedersachsen fusionieren. Agnieszka Zimowska wird mit 98 % zur neuen Regionsgesch\u00e4ftsf\u00fchrerin gew\u00e4hlt.\" \/>\n<meta name=\"robots\" content=\"index, follow, max-snippet:-1, max-image-preview:large, max-video-preview:-1\" \/>\n<link rel=\"canonical\" href=\"https:\/\/radioleinewelle.de\/index.php\/2025\/12\/06\/dgb-staerkt-sich-durch-regionsfusion-neue-und-bewaehrte-geschaeftsfuehrung\/\" \/>\n<meta property=\"og:locale\" content=\"de_DE\" \/>\n<meta property=\"og:type\" content=\"article\" \/>\n<meta property=\"og:title\" content=\"DGB st\u00e4rkt sich durch Regionsfusion \u2013 Neue und bew\u00e4hrte Gesch\u00e4ftsf\u00fchrung - Radio Leinewelle\" \/>\n<meta property=\"og:description\" content=\"Der DGB st\u00e4rkt seine Pr\u00e4senz: Die Regionen S\u00fcdniedersachsen-Harz und S\u00fcdOstNiedersachsen fusionieren. Agnieszka Zimowska wird mit 98 % zur neuen Regionsgesch\u00e4ftsf\u00fchrerin gew\u00e4hlt.\" \/>\n<meta property=\"og:url\" content=\"https:\/\/radioleinewelle.de\/index.php\/2025\/12\/06\/dgb-staerkt-sich-durch-regionsfusion-neue-und-bewaehrte-geschaeftsfuehrung\/\" \/>\n<meta property=\"og:site_name\" content=\"Radio Leinewelle\" \/>\n<meta property=\"article:publisher\" content=\"https:\/\/www.facebook.com\/radioleinewelle\" \/>\n<meta property=\"article:author\" content=\"https:\/\/www.facebook.com\/radioleinewelle\" \/>\n<meta property=\"article:published_time\" content=\"2025-12-06T16:58:25+00:00\" \/>\n<meta property=\"article:modified_time\" content=\"2025-12-06T17:31:42+00:00\" \/>\n<meta property=\"og:image\" content=\"https:\/\/radioleinewelle.de\/wp-content\/uploads\/2025\/12\/2_Foto-Agnieszka-Zimowska-mit-Bezirksleitung-scaled.jpg\" \/>\n\t<meta property=\"og:image:width\" content=\"2560\" \/>\n\t<meta property=\"og:image:height\" content=\"1441\" \/>\n\t<meta property=\"og:image:type\" content=\"image\/jpeg\" \/>\n<meta name=\"author\" content=\"Leinewelle\" \/>\n<meta name=\"twitter:card\" content=\"summary_large_image\" \/>\n<meta name=\"twitter:creator\" content=\"@https:\/\/twitter.com\/RLeinewelle?ref_src=twsrcgoogletwcampserptwgrauthor\" \/>\n<meta name=\"twitter:site\" content=\"@RLeinewelle\" \/>\n<meta name=\"twitter:label1\" content=\"Verfasst von\" \/>\n\t<meta name=\"twitter:data1\" content=\"Leinewelle\" \/>\n\t<meta name=\"twitter:label2\" content=\"Gesch\u00e4tzte Lesezeit\" \/>\n\t<meta name=\"twitter:data2\" content=\"3\u00a0Minuten\" \/>\n<script type=\"application\/ld+json\" class=\"yoast-schema-graph\">{\"@context\":\"https:\\\/\\\/schema.org\",\"@graph\":[{\"@type\":\"Article\",\"@id\":\"https:\\\/\\\/radioleinewelle.de\\\/index.php\\\/2025\\\/12\\\/06\\\/dgb-staerkt-sich-durch-regionsfusion-neue-und-bewaehrte-geschaeftsfuehrung\\\/#article\",\"isPartOf\":{\"@id\":\"https:\\\/\\\/radioleinewelle.de\\\/index.php\\\/2025\\\/12\\\/06\\\/dgb-staerkt-sich-durch-regionsfusion-neue-und-bewaehrte-geschaeftsfuehrung\\\/\"},\"author\":{\"name\":\"Leinewelle\",\"@id\":\"https:\\\/\\\/radioleinewelle.de\\\/#\\\/schema\\\/person\\\/45606f348637df637192dc1b68399a63\"},\"headline\":\"DGB st\u00e4rkt sich durch Regionsfusion \u2013 Neue und bew\u00e4hrte Gesch\u00e4ftsf\u00fchrung\",\"datePublished\":\"2025-12-06T16:58:25+00:00\",\"dateModified\":\"2025-12-06T17:31:42+00:00\",\"mainEntityOfPage\":{\"@id\":\"https:\\\/\\\/radioleinewelle.de\\\/index.php\\\/2025\\\/12\\\/06\\\/dgb-staerkt-sich-durch-regionsfusion-neue-und-bewaehrte-geschaeftsfuehrung\\\/\"},\"wordCount\":412,\"commentCount\":0,\"publisher\":{\"@id\":\"https:\\\/\\\/radioleinewelle.de\\\/#organization\"},\"image\":{\"@id\":\"https:\\\/\\\/radioleinewelle.de\\\/index.php\\\/2025\\\/12\\\/06\\\/dgb-staerkt-sich-durch-regionsfusion-neue-und-bewaehrte-geschaeftsfuehrung\\\/#primaryimage\"},\"thumbnailUrl\":\"https:\\\/\\\/radioleinewelle.de\\\/wp-content\\\/uploads\\\/2025\\\/12\\\/2_Foto-Agnieszka-Zimowska-mit-Bezirksleitung-scaled.jpg\",\"keywords\":[\"Agnieszka Zimowska\",\"Arbeitnehmerrechte\",\"Braunschweig\",\"DGB\",\"Gewerkschaften\",\"Goslar\",\"G\u00f6ttingen\",\"Mitbestimmen\",\"Region St\u00e4rken\"],\"articleSection\":[\"Arbeitswelt\",\"Gesellschaft\"],\"inLanguage\":\"de\",\"potentialAction\":[{\"@type\":\"CommentAction\",\"name\":\"Comment\",\"target\":[\"https:\\\/\\\/radioleinewelle.de\\\/index.php\\\/2025\\\/12\\\/06\\\/dgb-staerkt-sich-durch-regionsfusion-neue-und-bewaehrte-geschaeftsfuehrung\\\/#respond\"]}]},{\"@type\":\"WebPage\",\"@id\":\"https:\\\/\\\/radioleinewelle.de\\\/index.php\\\/2025\\\/12\\\/06\\\/dgb-staerkt-sich-durch-regionsfusion-neue-und-bewaehrte-geschaeftsfuehrung\\\/\",\"url\":\"https:\\\/\\\/radioleinewelle.de\\\/index.php\\\/2025\\\/12\\\/06\\\/dgb-staerkt-sich-durch-regionsfusion-neue-und-bewaehrte-geschaeftsfuehrung\\\/\",\"name\":\"DGB st\u00e4rkt sich durch Regionsfusion \u2013 Neue und bew\u00e4hrte Gesch\u00e4ftsf\u00fchrung - Radio Leinewelle\",\"isPartOf\":{\"@id\":\"https:\\\/\\\/radioleinewelle.de\\\/#website\"},\"primaryImageOfPage\":{\"@id\":\"https:\\\/\\\/radioleinewelle.de\\\/index.php\\\/2025\\\/12\\\/06\\\/dgb-staerkt-sich-durch-regionsfusion-neue-und-bewaehrte-geschaeftsfuehrung\\\/#primaryimage\"},\"image\":{\"@id\":\"https:\\\/\\\/radioleinewelle.de\\\/index.php\\\/2025\\\/12\\\/06\\\/dgb-staerkt-sich-durch-regionsfusion-neue-und-bewaehrte-geschaeftsfuehrung\\\/#primaryimage\"},\"thumbnailUrl\":\"https:\\\/\\\/radioleinewelle.de\\\/wp-content\\\/uploads\\\/2025\\\/12\\\/2_Foto-Agnieszka-Zimowska-mit-Bezirksleitung-scaled.jpg\",\"datePublished\":\"2025-12-06T16:58:25+00:00\",\"dateModified\":\"2025-12-06T17:31:42+00:00\",\"description\":\"Der DGB st\u00e4rkt seine Pr\u00e4senz: Die Regionen S\u00fcdniedersachsen-Harz und S\u00fcdOstNiedersachsen fusionieren. Agnieszka Zimowska wird mit 98 % zur neuen Regionsgesch\u00e4ftsf\u00fchrerin gew\u00e4hlt.\",\"breadcrumb\":{\"@id\":\"https:\\\/\\\/radioleinewelle.de\\\/index.php\\\/2025\\\/12\\\/06\\\/dgb-staerkt-sich-durch-regionsfusion-neue-und-bewaehrte-geschaeftsfuehrung\\\/#breadcrumb\"},\"inLanguage\":\"de\",\"potentialAction\":[{\"@type\":\"ReadAction\",\"target\":[\"https:\\\/\\\/radioleinewelle.de\\\/index.php\\\/2025\\\/12\\\/06\\\/dgb-staerkt-sich-durch-regionsfusion-neue-und-bewaehrte-geschaeftsfuehrung\\\/\"]}]},{\"@type\":\"ImageObject\",\"inLanguage\":\"de\",\"@id\":\"https:\\\/\\\/radioleinewelle.de\\\/index.php\\\/2025\\\/12\\\/06\\\/dgb-staerkt-sich-durch-regionsfusion-neue-und-bewaehrte-geschaeftsfuehrung\\\/#primaryimage\",\"url\":\"https:\\\/\\\/radioleinewelle.de\\\/wp-content\\\/uploads\\\/2025\\\/12\\\/2_Foto-Agnieszka-Zimowska-mit-Bezirksleitung-scaled.jpg\",\"contentUrl\":\"https:\\\/\\\/radioleinewelle.de\\\/wp-content\\\/uploads\\\/2025\\\/12\\\/2_Foto-Agnieszka-Zimowska-mit-Bezirksleitung-scaled.jpg\",\"width\":2560,\"height\":1441},{\"@type\":\"BreadcrumbList\",\"@id\":\"https:\\\/\\\/radioleinewelle.de\\\/index.php\\\/2025\\\/12\\\/06\\\/dgb-staerkt-sich-durch-regionsfusion-neue-und-bewaehrte-geschaeftsfuehrung\\\/#breadcrumb\",\"itemListElement\":[{\"@type\":\"ListItem\",\"position\":1,\"name\":\"Startseite\",\"item\":\"https:\\\/\\\/radioleinewelle.de\\\/\"},{\"@type\":\"ListItem\",\"position\":2,\"name\":\"DGB st\u00e4rkt sich durch Regionsfusion \u2013 Neue und bew\u00e4hrte Gesch\u00e4ftsf\u00fchrung\"}]},{\"@type\":\"WebSite\",\"@id\":\"https:\\\/\\\/radioleinewelle.de\\\/#website\",\"url\":\"https:\\\/\\\/radioleinewelle.de\\\/\",\"name\":\"Radio Leinewelle\",\"description\":\"\",\"publisher\":{\"@id\":\"https:\\\/\\\/radioleinewelle.de\\\/#organization\"},\"potentialAction\":[{\"@type\":\"SearchAction\",\"target\":{\"@type\":\"EntryPoint\",\"urlTemplate\":\"https:\\\/\\\/radioleinewelle.de\\\/?s={search_term_string}\"},\"query-input\":{\"@type\":\"PropertyValueSpecification\",\"valueRequired\":true,\"valueName\":\"search_term_string\"}}],\"inLanguage\":\"de\"},{\"@type\":\"Organization\",\"@id\":\"https:\\\/\\\/radioleinewelle.de\\\/#organization\",\"name\":\"Radio Leinewelle\",\"alternateName\":\"Mein Radio f\u00fcr S\u00fcdniedersachsen\",\"url\":\"https:\\\/\\\/radioleinewelle.de\\\/\",\"logo\":{\"@type\":\"ImageObject\",\"inLanguage\":\"de\",\"@id\":\"https:\\\/\\\/radioleinewelle.de\\\/#\\\/schema\\\/logo\\\/image\\\/\",\"url\":\"https:\\\/\\\/radioleinewelle.de\\\/wp-content\\\/uploads\\\/2023\\\/11\\\/cropped-Leinewelle_Logo_weiss.png\",\"contentUrl\":\"https:\\\/\\\/radioleinewelle.de\\\/wp-content\\\/uploads\\\/2023\\\/11\\\/cropped-Leinewelle_Logo_weiss.png\",\"width\":854,\"height\":260,\"caption\":\"Radio Leinewelle\"},\"image\":{\"@id\":\"https:\\\/\\\/radioleinewelle.de\\\/#\\\/schema\\\/logo\\\/image\\\/\"},\"sameAs\":[\"https:\\\/\\\/www.facebook.com\\\/radioleinewelle\",\"https:\\\/\\\/x.com\\\/RLeinewelle\",\"https:\\\/\\\/www.instagram.com\\\/radioleinewelle\\\/?hl=de\"]},{\"@type\":\"Person\",\"@id\":\"https:\\\/\\\/radioleinewelle.de\\\/#\\\/schema\\\/person\\\/45606f348637df637192dc1b68399a63\",\"name\":\"Leinewelle\",\"image\":{\"@type\":\"ImageObject\",\"inLanguage\":\"de\",\"@id\":\"https:\\\/\\\/secure.gravatar.com\\\/avatar\\\/05c9a17bc973052ee5d91549bd32fb4dd0dc85b7b85ae94b2e2b4943476bbea5?s=96&d=blank&r=g\",\"url\":\"https:\\\/\\\/secure.gravatar.com\\\/avatar\\\/05c9a17bc973052ee5d91549bd32fb4dd0dc85b7b85ae94b2e2b4943476bbea5?s=96&d=blank&r=g\",\"contentUrl\":\"https:\\\/\\\/secure.gravatar.com\\\/avatar\\\/05c9a17bc973052ee5d91549bd32fb4dd0dc85b7b85ae94b2e2b4943476bbea5?s=96&d=blank&r=g\",\"caption\":\"Leinewelle\"},\"sameAs\":[\"http:\\\/\\\/localhost\\\/radio%20leinewelle\\\/wordpress\",\"https:\\\/\\\/www.facebook.com\\\/radioleinewelle\",\"https:\\\/\\\/www.instagram.com\\\/radioleinewelle\",\"https:\\\/\\\/x.com\\\/https:\\\/\\\/twitter.com\\\/RLeinewelle?ref_src=twsrcgoogletwcampserptwgrauthor\",\"https:\\\/\\\/soundcloud.com\\\/foerderverein-lokalradio?utm_source=clipboard&utm_medium=text&utm_campaign=social_sharing\"],\"url\":\"https:\\\/\\\/radioleinewelle.de\\\/index.php\\\/author\\\/leinewelle\\\/\"}]}<\/script>\n<!-- \/ Yoast SEO plugin. -->","yoast_head_json":{"title":"DGB st\u00e4rkt sich durch Regionsfusion \u2013 Neue und bew\u00e4hrte Gesch\u00e4ftsf\u00fchrung - Radio Leinewelle","description":"Der DGB st\u00e4rkt seine Pr\u00e4senz: Die Regionen S\u00fcdniedersachsen-Harz und S\u00fcdOstNiedersachsen fusionieren. Agnieszka Zimowska wird mit 98 % zur neuen Regionsgesch\u00e4ftsf\u00fchrerin gew\u00e4hlt.","robots":{"index":"index","follow":"follow","max-snippet":"max-snippet:-1","max-image-preview":"max-image-preview:large","max-video-preview":"max-video-preview:-1"},"canonical":"https:\/\/radioleinewelle.de\/index.php\/2025\/12\/06\/dgb-staerkt-sich-durch-regionsfusion-neue-und-bewaehrte-geschaeftsfuehrung\/","og_locale":"de_DE","og_type":"article","og_title":"DGB st\u00e4rkt sich durch Regionsfusion \u2013 Neue und bew\u00e4hrte Gesch\u00e4ftsf\u00fchrung - Radio Leinewelle","og_description":"Der DGB st\u00e4rkt seine Pr\u00e4senz: Die Regionen S\u00fcdniedersachsen-Harz und S\u00fcdOstNiedersachsen fusionieren. Agnieszka Zimowska wird mit 98 % zur neuen Regionsgesch\u00e4ftsf\u00fchrerin gew\u00e4hlt.","og_url":"https:\/\/radioleinewelle.de\/index.php\/2025\/12\/06\/dgb-staerkt-sich-durch-regionsfusion-neue-und-bewaehrte-geschaeftsfuehrung\/","og_site_name":"Radio Leinewelle","article_publisher":"https:\/\/www.facebook.com\/radioleinewelle","article_author":"https:\/\/www.facebook.com\/radioleinewelle","article_published_time":"2025-12-06T16:58:25+00:00","article_modified_time":"2025-12-06T17:31:42+00:00","og_image":[{"width":2560,"height":1441,"url":"https:\/\/radioleinewelle.de\/wp-content\/uploads\/2025\/12\/2_Foto-Agnieszka-Zimowska-mit-Bezirksleitung-scaled.jpg","type":"image\/jpeg"}],"author":"Leinewelle","twitter_card":"summary_large_image","twitter_creator":"@https:\/\/twitter.com\/RLeinewelle?ref_src=twsrcgoogletwcampserptwgrauthor","twitter_site":"@RLeinewelle","twitter_misc":{"Verfasst von":"Leinewelle","Gesch\u00e4tzte Lesezeit":"3\u00a0Minuten"},"schema":{"@context":"https:\/\/schema.org","@graph":[{"@type":"Article","@id":"https:\/\/radioleinewelle.de\/index.php\/2025\/12\/06\/dgb-staerkt-sich-durch-regionsfusion-neue-und-bewaehrte-geschaeftsfuehrung\/#article","isPartOf":{"@id":"https:\/\/radioleinewelle.de\/index.php\/2025\/12\/06\/dgb-staerkt-sich-durch-regionsfusion-neue-und-bewaehrte-geschaeftsfuehrung\/"},"author":{"name":"Leinewelle","@id":"https:\/\/radioleinewelle.de\/#\/schema\/person\/45606f348637df637192dc1b68399a63"},"headline":"DGB st\u00e4rkt sich durch Regionsfusion \u2013 Neue und bew\u00e4hrte Gesch\u00e4ftsf\u00fchrung","datePublished":"2025-12-06T16:58:25+00:00","dateModified":"2025-12-06T17:31:42+00:00","mainEntityOfPage":{"@id":"https:\/\/radioleinewelle.de\/index.php\/2025\/12\/06\/dgb-staerkt-sich-durch-regionsfusion-neue-und-bewaehrte-geschaeftsfuehrung\/"},"wordCount":412,"commentCount":0,"publisher":{"@id":"https:\/\/radioleinewelle.de\/#organization"},"image":{"@id":"https:\/\/radioleinewelle.de\/index.php\/2025\/12\/06\/dgb-staerkt-sich-durch-regionsfusion-neue-und-bewaehrte-geschaeftsfuehrung\/#primaryimage"},"thumbnailUrl":"https:\/\/radioleinewelle.de\/wp-content\/uploads\/2025\/12\/2_Foto-Agnieszka-Zimowska-mit-Bezirksleitung-scaled.jpg","keywords":["Agnieszka Zimowska","Arbeitnehmerrechte","Braunschweig","DGB","Gewerkschaften","Goslar","G\u00f6ttingen","Mitbestimmen","Region St\u00e4rken"],"articleSection":["Arbeitswelt","Gesellschaft"],"inLanguage":"de","potentialAction":[{"@type":"CommentAction","name":"Comment","target":["https:\/\/radioleinewelle.de\/index.php\/2025\/12\/06\/dgb-staerkt-sich-durch-regionsfusion-neue-und-bewaehrte-geschaeftsfuehrung\/#respond"]}]},{"@type":"WebPage","@id":"https:\/\/radioleinewelle.de\/index.php\/2025\/12\/06\/dgb-staerkt-sich-durch-regionsfusion-neue-und-bewaehrte-geschaeftsfuehrung\/","url":"https:\/\/radioleinewelle.de\/index.php\/2025\/12\/06\/dgb-staerkt-sich-durch-regionsfusion-neue-und-bewaehrte-geschaeftsfuehrung\/","name":"DGB st\u00e4rkt sich durch Regionsfusion \u2013 Neue und bew\u00e4hrte Gesch\u00e4ftsf\u00fchrung - Radio Leinewelle","isPartOf":{"@id":"https:\/\/radioleinewelle.de\/#website"},"primaryImageOfPage":{"@id":"https:\/\/radioleinewelle.de\/index.php\/2025\/12\/06\/dgb-staerkt-sich-durch-regionsfusion-neue-und-bewaehrte-geschaeftsfuehrung\/#primaryimage"},"image":{"@id":"https:\/\/radioleinewelle.de\/index.php\/2025\/12\/06\/dgb-staerkt-sich-durch-regionsfusion-neue-und-bewaehrte-geschaeftsfuehrung\/#primaryimage"},"thumbnailUrl":"https:\/\/radioleinewelle.de\/wp-content\/uploads\/2025\/12\/2_Foto-Agnieszka-Zimowska-mit-Bezirksleitung-scaled.jpg","datePublished":"2025-12-06T16:58:25+00:00","dateModified":"2025-12-06T17:31:42+00:00","description":"Der DGB st\u00e4rkt seine Pr\u00e4senz: Die Regionen S\u00fcdniedersachsen-Harz und S\u00fcdOstNiedersachsen fusionieren. Agnieszka Zimowska wird mit 98 % zur neuen Regionsgesch\u00e4ftsf\u00fchrerin gew\u00e4hlt.","breadcrumb":{"@id":"https:\/\/radioleinewelle.de\/index.php\/2025\/12\/06\/dgb-staerkt-sich-durch-regionsfusion-neue-und-bewaehrte-geschaeftsfuehrung\/#breadcrumb"},"inLanguage":"de","potentialAction":[{"@type":"ReadAction","target":["https:\/\/radioleinewelle.de\/index.php\/2025\/12\/06\/dgb-staerkt-sich-durch-regionsfusion-neue-und-bewaehrte-geschaeftsfuehrung\/"]}]},{"@type":"ImageObject","inLanguage":"de","@id":"https:\/\/radioleinewelle.de\/index.php\/2025\/12\/06\/dgb-staerkt-sich-durch-regionsfusion-neue-und-bewaehrte-geschaeftsfuehrung\/#primaryimage","url":"https:\/\/radioleinewelle.de\/wp-content\/uploads\/2025\/12\/2_Foto-Agnieszka-Zimowska-mit-Bezirksleitung-scaled.jpg","contentUrl":"https:\/\/radioleinewelle.de\/wp-content\/uploads\/2025\/12\/2_Foto-Agnieszka-Zimowska-mit-Bezirksleitung-scaled.jpg","width":2560,"height":1441},{"@type":"BreadcrumbList","@id":"https:\/\/radioleinewelle.de\/index.php\/2025\/12\/06\/dgb-staerkt-sich-durch-regionsfusion-neue-und-bewaehrte-geschaeftsfuehrung\/#breadcrumb","itemListElement":[{"@type":"ListItem","position":1,"name":"Startseite","item":"https:\/\/radioleinewelle.de\/"},{"@type":"ListItem","position":2,"name":"DGB st\u00e4rkt sich durch Regionsfusion \u2013 Neue und bew\u00e4hrte Gesch\u00e4ftsf\u00fchrung"}]},{"@type":"WebSite","@id":"https:\/\/radioleinewelle.de\/#website","url":"https:\/\/radioleinewelle.de\/","name":"Radio Leinewelle","description":"","publisher":{"@id":"https:\/\/radioleinewelle.de\/#organization"},"potentialAction":[{"@type":"SearchAction","target":{"@type":"EntryPoint","urlTemplate":"https:\/\/radioleinewelle.de\/?s={search_term_string}"},"query-input":{"@type":"PropertyValueSpecification","valueRequired":true,"valueName":"search_term_string"}}],"inLanguage":"de"},{"@type":"Organization","@id":"https:\/\/radioleinewelle.de\/#organization","name":"Radio Leinewelle","alternateName":"Mein Radio f\u00fcr S\u00fcdniedersachsen","url":"https:\/\/radioleinewelle.de\/","logo":{"@type":"ImageObject","inLanguage":"de","@id":"https:\/\/radioleinewelle.de\/#\/schema\/logo\/image\/","url":"https:\/\/radioleinewelle.de\/wp-content\/uploads\/2023\/11\/cropped-Leinewelle_Logo_weiss.png","contentUrl":"https:\/\/radioleinewelle.de\/wp-content\/uploads\/2023\/11\/cropped-Leinewelle_Logo_weiss.png","width":854,"height":260,"caption":"Radio Leinewelle"},"image":{"@id":"https:\/\/radioleinewelle.de\/#\/schema\/logo\/image\/"},"sameAs":["https:\/\/www.facebook.com\/radioleinewelle","https:\/\/x.com\/RLeinewelle","https:\/\/www.instagram.com\/radioleinewelle\/?hl=de"]},{"@type":"Person","@id":"https:\/\/radioleinewelle.de\/#\/schema\/person\/45606f348637df637192dc1b68399a63","name":"Leinewelle","image":{"@type":"ImageObject","inLanguage":"de","@id":"https:\/\/secure.gravatar.com\/avatar\/05c9a17bc973052ee5d91549bd32fb4dd0dc85b7b85ae94b2e2b4943476bbea5?s=96&d=blank&r=g","url":"https:\/\/secure.gravatar.com\/avatar\/05c9a17bc973052ee5d91549bd32fb4dd0dc85b7b85ae94b2e2b4943476bbea5?s=96&d=blank&r=g","contentUrl":"https:\/\/secure.gravatar.com\/avatar\/05c9a17bc973052ee5d91549bd32fb4dd0dc85b7b85ae94b2e2b4943476bbea5?s=96&d=blank&r=g","caption":"Leinewelle"},"sameAs":["http:\/\/localhost\/radio%20leinewelle\/wordpress","https:\/\/www.facebook.com\/radioleinewelle","https:\/\/www.instagram.com\/radioleinewelle","https:\/\/x.com\/https:\/\/twitter.com\/RLeinewelle?ref_src=twsrcgoogletwcampserptwgrauthor","https:\/\/soundcloud.com\/foerderverein-lokalradio?utm_source=clipboard&utm_medium=text&utm_campaign=social_sharing"],"url":"https:\/\/radioleinewelle.de\/index.php\/author\/leinewelle\/"}]}},"_links":{"self":[{"href":"https:\/\/radioleinewelle.de\/index.php\/wp-json\/wp\/v2\/posts\/30027","targetHints":{"allow":["GET"]}}],"collection":[{"href":"https:\/\/radioleinewelle.de\/index.php\/wp-json\/wp\/v2\/posts"}],"about":[{"href":"https:\/\/radioleinewelle.de\/index.php\/wp-json\/wp\/v2\/types\/post"}],"author":[{"embeddable":true,"href":"https:\/\/radioleinewelle.de\/index.php\/wp-json\/wp\/v2\/users\/1"}],"replies":[{"embeddable":true,"href":"https:\/\/radioleinewelle.de\/index.php\/wp-json\/wp\/v2\/comments?post=30027"}],"version-history":[{"count":4,"href":"https:\/\/radioleinewelle.de\/index.php\/wp-json\/wp\/v2\/posts\/30027\/revisions"}],"predecessor-version":[{"id":30032,"href":"https:\/\/radioleinewelle.de\/index.php\/wp-json\/wp\/v2\/posts\/30027\/revisions\/30032"}],"wp:featuredmedia":[{"embeddable":true,"href":"https:\/\/radioleinewelle.de\/index.php\/wp-json\/wp\/v2\/media\/30031"}],"wp:attachment":[{"href":"https:\/\/radioleinewelle.de\/index.php\/wp-json\/wp\/v2\/media?parent=30027"}],"wp:term":[{"taxonomy":"category","embeddable":true,"href":"https:\/\/radioleinewelle.de\/index.php\/wp-json\/wp\/v2\/categories?post=30027"},{"taxonomy":"post_tag","embeddable":true,"href":"https:\/\/radioleinewelle.de\/index.php\/wp-json\/wp\/v2\/tags?post=30027"}],"curies":[{"name":"wp","href":"https:\/\/api.w.org\/{rel}","templated":true}]}}