{"id":30033,"date":"2025-12-07T06:40:11","date_gmt":"2025-12-07T05:40:11","guid":{"rendered":"https:\/\/radioleinewelle.de\/?p=30033"},"modified":"2025-12-07T06:40:13","modified_gmt":"2025-12-07T05:40:13","slug":"improwichteln-die-weihnachtsshow-der-querquassler-im-apex-goettingen","status":"publish","type":"post","link":"https:\/\/radioleinewelle.de\/index.php\/2025\/12\/07\/improwichteln-die-weihnachtsshow-der-querquassler-im-apex-goettingen\/","title":{"rendered":"Improwichteln \u2013 Die Weihnachtsshow der QuerQuassler im APEX G\u00f6ttingen"},"content":{"rendered":"\n\n\n<p><br>Weihnachten naht \u2013 und bevor der gro\u00dfe Trubel beginnt, laden die QuerQuassler zu einem besonderen Improtheater-Abend ein! Bei der diesj\u00e4hrigen Weihnachtsshow&nbsp;<strong>\u201eImprowichteln\u201c<\/strong>&nbsp;packt das Publikum die Geschenke aus \u2013 und zwar im \u00fcbertragenen Sinne: Mit euren Erz\u00e4hlungen \u00fcber kuriose Geschenke, peinliche Verwandte, brennende Weihnachtsb\u00e4ume oder den verirrt gegangenen Weihnachtsmann zaubert die Improgruppe neue, einmalige Geschichten auf die B\u00fchne.<\/p>\n\n\n\n<p>Freut euch auf einen Abend voller Humor, Spontaneit\u00e4t und weihnachtlicher Herzensmomente. Die QuerQuassler spielen seit \u00fcber 18 Jahren Improtheater in G\u00f6ttingen und begeistern jeden Monat mit einer neuen Show im APEX. Also: Schnell Tickets sichern und gemeinsam einen heiteren, besinnlichen Adventsabend erleben!<\/p>\n\n\n\n<p>\ud83d\udccd&nbsp;<strong>Ort:<\/strong>&nbsp;APEX G\u00f6ttingen<br>\ud83c\udf9f\ufe0f&nbsp;<strong>Tickets:<\/strong>&nbsp;Vorverkauf 10 \u20ac \/ erm. 6 \u20ac zzgl. Geb\u00fchr | Abendkasse 12 \u20ac \/ erm. 7 \u20ac | ASTA-Kulturticket<br>\u23f1\ufe0f&nbsp;<strong>Einlass:<\/strong>&nbsp;19:45 Uhr<br>\ud83c\udfab Tickets an der Abendkasse, im APEX-Ticketshop oder online \u00fcber Reservix erh\u00e4ltlich.<\/p>\n\n\n\n<p class=\"has-text-align-right has-small-font-size\"><strong>Foto: <\/strong> \u00a9 Thomas Klawunn,\u00a0<a href=\"http:\/\/www.klawunn.de\/\" target=\"_blank\" rel=\"noreferrer noopener\">www.klawunn.de<\/a>, Bearbeitung Imke Seidel<\/p>\n","protected":false},"excerpt":{"rendered":"<p>Weihnachten naht \u2013 und bevor der gro\u00dfe Trubel beginnt, laden die QuerQuassler zu einem besonderen Improtheater-Abend ein! Bei der diesj\u00e4hrigen Weihnachtsshow&nbsp;\u201eImprowichteln\u201c&nbsp;packt das Publikum die Geschenke aus \u2013 und zwar im \u00fcbertragenen Sinne: Mit euren Erz\u00e4hlungen \u00fcber kuriose Geschenke, peinliche Verwandte, brennende Weihnachtsb\u00e4ume oder den verirrt gegangenen Weihnachtsmann zaubert die Improgruppe neue, einmalige Geschichten auf die [&hellip;]<\/p>\n","protected":false},"author":1,"featured_media":30035,"comment_status":"open","ping_status":"open","sticky":false,"template":"","format":"standard","meta":{"saved_in_kubio":false,"footnotes":""},"categories":[41],"tags":[3851,3852,4683,3843,4684],"class_list":["post-30033","post","type-post","status-publish","format-standard","has-post-thumbnail","hentry","category-veranstaltungen","tag-apex","tag-improtheater","tag-improwichteln","tag-kultur-goettingen","tag-quer-quassler"],"yoast_head":"<!-- This site is optimized with the Yoast SEO plugin v27.5 - https:\/\/yoast.com\/product\/yoast-seo-wordpress\/ -->\n<title>Improwichteln \u2013 Die Weihnachtsshow der QuerQuassler im APEX G\u00f6ttingen - Radio Leinewelle<\/title>\n<meta name=\"robots\" content=\"index, follow, max-snippet:-1, max-image-preview:large, max-video-preview:-1\" \/>\n<link rel=\"canonical\" href=\"https:\/\/radioleinewelle.de\/index.php\/2025\/12\/07\/improwichteln-die-weihnachtsshow-der-querquassler-im-apex-goettingen\/\" \/>\n<meta property=\"og:locale\" content=\"de_DE\" \/>\n<meta property=\"og:type\" content=\"article\" \/>\n<meta property=\"og:title\" content=\"Improwichteln \u2013 Die Weihnachtsshow der QuerQuassler im APEX G\u00f6ttingen - Radio Leinewelle\" \/>\n<meta property=\"og:description\" content=\"Weihnachten naht \u2013 und bevor der gro\u00dfe Trubel beginnt, laden die QuerQuassler zu einem besonderen Improtheater-Abend ein! Bei der diesj\u00e4hrigen Weihnachtsshow&nbsp;\u201eImprowichteln\u201c&nbsp;packt das Publikum die Geschenke aus \u2013 und zwar im \u00fcbertragenen Sinne: Mit euren Erz\u00e4hlungen \u00fcber kuriose Geschenke, peinliche Verwandte, brennende Weihnachtsb\u00e4ume oder den verirrt gegangenen Weihnachtsmann zaubert die Improgruppe neue, einmalige Geschichten auf die [&hellip;]\" \/>\n<meta property=\"og:url\" content=\"https:\/\/radioleinewelle.de\/index.php\/2025\/12\/07\/improwichteln-die-weihnachtsshow-der-querquassler-im-apex-goettingen\/\" \/>\n<meta property=\"og:site_name\" content=\"Radio Leinewelle\" \/>\n<meta property=\"article:publisher\" content=\"https:\/\/www.facebook.com\/radioleinewelle\" \/>\n<meta property=\"article:author\" content=\"https:\/\/www.facebook.com\/radioleinewelle\" \/>\n<meta property=\"article:published_time\" content=\"2025-12-07T05:40:11+00:00\" \/>\n<meta property=\"article:modified_time\" content=\"2025-12-07T05:40:13+00:00\" \/>\n<meta property=\"og:image\" content=\"https:\/\/radioleinewelle.de\/wp-content\/uploads\/2025\/12\/QQ_Weihnachten_Foto_Klawunn_Bearbeitung_Seidel.jpg\" \/>\n\t<meta property=\"og:image:width\" content=\"1023\" \/>\n\t<meta property=\"og:image:height\" content=\"856\" \/>\n\t<meta property=\"og:image:type\" content=\"image\/jpeg\" \/>\n<meta name=\"author\" content=\"Leinewelle\" \/>\n<meta name=\"twitter:card\" content=\"summary_large_image\" \/>\n<meta name=\"twitter:creator\" content=\"@https:\/\/twitter.com\/RLeinewelle?ref_src=twsrcgoogletwcampserptwgrauthor\" \/>\n<meta name=\"twitter:site\" content=\"@RLeinewelle\" \/>\n<meta name=\"twitter:label1\" content=\"Verfasst von\" \/>\n\t<meta name=\"twitter:data1\" content=\"Leinewelle\" \/>\n\t<meta name=\"twitter:label2\" content=\"Gesch\u00e4tzte Lesezeit\" \/>\n\t<meta name=\"twitter:data2\" content=\"2\u00a0Minuten\" \/>\n<script type=\"application\/ld+json\" class=\"yoast-schema-graph\">{\"@context\":\"https:\\\/\\\/schema.org\",\"@graph\":[{\"@type\":\"Article\",\"@id\":\"https:\\\/\\\/radioleinewelle.de\\\/index.php\\\/2025\\\/12\\\/07\\\/improwichteln-die-weihnachtsshow-der-querquassler-im-apex-goettingen\\\/#article\",\"isPartOf\":{\"@id\":\"https:\\\/\\\/radioleinewelle.de\\\/index.php\\\/2025\\\/12\\\/07\\\/improwichteln-die-weihnachtsshow-der-querquassler-im-apex-goettingen\\\/\"},\"author\":{\"name\":\"Leinewelle\",\"@id\":\"https:\\\/\\\/radioleinewelle.de\\\/#\\\/schema\\\/person\\\/45606f348637df637192dc1b68399a63\"},\"headline\":\"Improwichteln \u2013 Die Weihnachtsshow der QuerQuassler im APEX G\u00f6ttingen\",\"datePublished\":\"2025-12-07T05:40:11+00:00\",\"dateModified\":\"2025-12-07T05:40:13+00:00\",\"mainEntityOfPage\":{\"@id\":\"https:\\\/\\\/radioleinewelle.de\\\/index.php\\\/2025\\\/12\\\/07\\\/improwichteln-die-weihnachtsshow-der-querquassler-im-apex-goettingen\\\/\"},\"wordCount\":157,\"commentCount\":0,\"publisher\":{\"@id\":\"https:\\\/\\\/radioleinewelle.de\\\/#organization\"},\"image\":{\"@id\":\"https:\\\/\\\/radioleinewelle.de\\\/index.php\\\/2025\\\/12\\\/07\\\/improwichteln-die-weihnachtsshow-der-querquassler-im-apex-goettingen\\\/#primaryimage\"},\"thumbnailUrl\":\"https:\\\/\\\/radioleinewelle.de\\\/wp-content\\\/uploads\\\/2025\\\/12\\\/QQ_Weihnachten_Foto_Klawunn_Bearbeitung_Seidel.jpg\",\"keywords\":[\"Apex\",\"Improtheater\",\"Improwichteln\",\"Kultur G\u00f6ttingen\",\"Quer Quassler\"],\"articleSection\":[\"Veranstaltungen\"],\"inLanguage\":\"de\",\"potentialAction\":[{\"@type\":\"CommentAction\",\"name\":\"Comment\",\"target\":[\"https:\\\/\\\/radioleinewelle.de\\\/index.php\\\/2025\\\/12\\\/07\\\/improwichteln-die-weihnachtsshow-der-querquassler-im-apex-goettingen\\\/#respond\"]}]},{\"@type\":\"WebPage\",\"@id\":\"https:\\\/\\\/radioleinewelle.de\\\/index.php\\\/2025\\\/12\\\/07\\\/improwichteln-die-weihnachtsshow-der-querquassler-im-apex-goettingen\\\/\",\"url\":\"https:\\\/\\\/radioleinewelle.de\\\/index.php\\\/2025\\\/12\\\/07\\\/improwichteln-die-weihnachtsshow-der-querquassler-im-apex-goettingen\\\/\",\"name\":\"Improwichteln \u2013 Die Weihnachtsshow der QuerQuassler im APEX G\u00f6ttingen - Radio Leinewelle\",\"isPartOf\":{\"@id\":\"https:\\\/\\\/radioleinewelle.de\\\/#website\"},\"primaryImageOfPage\":{\"@id\":\"https:\\\/\\\/radioleinewelle.de\\\/index.php\\\/2025\\\/12\\\/07\\\/improwichteln-die-weihnachtsshow-der-querquassler-im-apex-goettingen\\\/#primaryimage\"},\"image\":{\"@id\":\"https:\\\/\\\/radioleinewelle.de\\\/index.php\\\/2025\\\/12\\\/07\\\/improwichteln-die-weihnachtsshow-der-querquassler-im-apex-goettingen\\\/#primaryimage\"},\"thumbnailUrl\":\"https:\\\/\\\/radioleinewelle.de\\\/wp-content\\\/uploads\\\/2025\\\/12\\\/QQ_Weihnachten_Foto_Klawunn_Bearbeitung_Seidel.jpg\",\"datePublished\":\"2025-12-07T05:40:11+00:00\",\"dateModified\":\"2025-12-07T05:40:13+00:00\",\"breadcrumb\":{\"@id\":\"https:\\\/\\\/radioleinewelle.de\\\/index.php\\\/2025\\\/12\\\/07\\\/improwichteln-die-weihnachtsshow-der-querquassler-im-apex-goettingen\\\/#breadcrumb\"},\"inLanguage\":\"de\",\"potentialAction\":[{\"@type\":\"ReadAction\",\"target\":[\"https:\\\/\\\/radioleinewelle.de\\\/index.php\\\/2025\\\/12\\\/07\\\/improwichteln-die-weihnachtsshow-der-querquassler-im-apex-goettingen\\\/\"]}]},{\"@type\":\"ImageObject\",\"inLanguage\":\"de\",\"@id\":\"https:\\\/\\\/radioleinewelle.de\\\/index.php\\\/2025\\\/12\\\/07\\\/improwichteln-die-weihnachtsshow-der-querquassler-im-apex-goettingen\\\/#primaryimage\",\"url\":\"https:\\\/\\\/radioleinewelle.de\\\/wp-content\\\/uploads\\\/2025\\\/12\\\/QQ_Weihnachten_Foto_Klawunn_Bearbeitung_Seidel.jpg\",\"contentUrl\":\"https:\\\/\\\/radioleinewelle.de\\\/wp-content\\\/uploads\\\/2025\\\/12\\\/QQ_Weihnachten_Foto_Klawunn_Bearbeitung_Seidel.jpg\",\"width\":1023,\"height\":856},{\"@type\":\"BreadcrumbList\",\"@id\":\"https:\\\/\\\/radioleinewelle.de\\\/index.php\\\/2025\\\/12\\\/07\\\/improwichteln-die-weihnachtsshow-der-querquassler-im-apex-goettingen\\\/#breadcrumb\",\"itemListElement\":[{\"@type\":\"ListItem\",\"position\":1,\"name\":\"Startseite\",\"item\":\"https:\\\/\\\/radioleinewelle.de\\\/\"},{\"@type\":\"ListItem\",\"position\":2,\"name\":\"Improwichteln \u2013 Die Weihnachtsshow der QuerQuassler im APEX G\u00f6ttingen\"}]},{\"@type\":\"WebSite\",\"@id\":\"https:\\\/\\\/radioleinewelle.de\\\/#website\",\"url\":\"https:\\\/\\\/radioleinewelle.de\\\/\",\"name\":\"Radio Leinewelle\",\"description\":\"\",\"publisher\":{\"@id\":\"https:\\\/\\\/radioleinewelle.de\\\/#organization\"},\"potentialAction\":[{\"@type\":\"SearchAction\",\"target\":{\"@type\":\"EntryPoint\",\"urlTemplate\":\"https:\\\/\\\/radioleinewelle.de\\\/?s={search_term_string}\"},\"query-input\":{\"@type\":\"PropertyValueSpecification\",\"valueRequired\":true,\"valueName\":\"search_term_string\"}}],\"inLanguage\":\"de\"},{\"@type\":\"Organization\",\"@id\":\"https:\\\/\\\/radioleinewelle.de\\\/#organization\",\"name\":\"Radio Leinewelle\",\"alternateName\":\"Mein Radio f\u00fcr S\u00fcdniedersachsen\",\"url\":\"https:\\\/\\\/radioleinewelle.de\\\/\",\"logo\":{\"@type\":\"ImageObject\",\"inLanguage\":\"de\",\"@id\":\"https:\\\/\\\/radioleinewelle.de\\\/#\\\/schema\\\/logo\\\/image\\\/\",\"url\":\"https:\\\/\\\/radioleinewelle.de\\\/wp-content\\\/uploads\\\/2023\\\/11\\\/cropped-Leinewelle_Logo_weiss.png\",\"contentUrl\":\"https:\\\/\\\/radioleinewelle.de\\\/wp-content\\\/uploads\\\/2023\\\/11\\\/cropped-Leinewelle_Logo_weiss.png\",\"width\":854,\"height\":260,\"caption\":\"Radio Leinewelle\"},\"image\":{\"@id\":\"https:\\\/\\\/radioleinewelle.de\\\/#\\\/schema\\\/logo\\\/image\\\/\"},\"sameAs\":[\"https:\\\/\\\/www.facebook.com\\\/radioleinewelle\",\"https:\\\/\\\/x.com\\\/RLeinewelle\",\"https:\\\/\\\/www.instagram.com\\\/radioleinewelle\\\/?hl=de\"]},{\"@type\":\"Person\",\"@id\":\"https:\\\/\\\/radioleinewelle.de\\\/#\\\/schema\\\/person\\\/45606f348637df637192dc1b68399a63\",\"name\":\"Leinewelle\",\"image\":{\"@type\":\"ImageObject\",\"inLanguage\":\"de\",\"@id\":\"https:\\\/\\\/secure.gravatar.com\\\/avatar\\\/05c9a17bc973052ee5d91549bd32fb4dd0dc85b7b85ae94b2e2b4943476bbea5?s=96&d=blank&r=g\",\"url\":\"https:\\\/\\\/secure.gravatar.com\\\/avatar\\\/05c9a17bc973052ee5d91549bd32fb4dd0dc85b7b85ae94b2e2b4943476bbea5?s=96&d=blank&r=g\",\"contentUrl\":\"https:\\\/\\\/secure.gravatar.com\\\/avatar\\\/05c9a17bc973052ee5d91549bd32fb4dd0dc85b7b85ae94b2e2b4943476bbea5?s=96&d=blank&r=g\",\"caption\":\"Leinewelle\"},\"sameAs\":[\"http:\\\/\\\/localhost\\\/radio%20leinewelle\\\/wordpress\",\"https:\\\/\\\/www.facebook.com\\\/radioleinewelle\",\"https:\\\/\\\/www.instagram.com\\\/radioleinewelle\",\"https:\\\/\\\/x.com\\\/https:\\\/\\\/twitter.com\\\/RLeinewelle?ref_src=twsrcgoogletwcampserptwgrauthor\",\"https:\\\/\\\/soundcloud.com\\\/foerderverein-lokalradio?utm_source=clipboard&utm_medium=text&utm_campaign=social_sharing\"],\"url\":\"https:\\\/\\\/radioleinewelle.de\\\/index.php\\\/author\\\/leinewelle\\\/\"}]}<\/script>\n<!-- \/ Yoast SEO plugin. -->","yoast_head_json":{"title":"Improwichteln \u2013 Die Weihnachtsshow der QuerQuassler im APEX G\u00f6ttingen - Radio Leinewelle","robots":{"index":"index","follow":"follow","max-snippet":"max-snippet:-1","max-image-preview":"max-image-preview:large","max-video-preview":"max-video-preview:-1"},"canonical":"https:\/\/radioleinewelle.de\/index.php\/2025\/12\/07\/improwichteln-die-weihnachtsshow-der-querquassler-im-apex-goettingen\/","og_locale":"de_DE","og_type":"article","og_title":"Improwichteln \u2013 Die Weihnachtsshow der QuerQuassler im APEX G\u00f6ttingen - Radio Leinewelle","og_description":"Weihnachten naht \u2013 und bevor der gro\u00dfe Trubel beginnt, laden die QuerQuassler zu einem besonderen Improtheater-Abend ein! Bei der diesj\u00e4hrigen Weihnachtsshow&nbsp;\u201eImprowichteln\u201c&nbsp;packt das Publikum die Geschenke aus \u2013 und zwar im \u00fcbertragenen Sinne: Mit euren Erz\u00e4hlungen \u00fcber kuriose Geschenke, peinliche Verwandte, brennende Weihnachtsb\u00e4ume oder den verirrt gegangenen Weihnachtsmann zaubert die Improgruppe neue, einmalige Geschichten auf die [&hellip;]","og_url":"https:\/\/radioleinewelle.de\/index.php\/2025\/12\/07\/improwichteln-die-weihnachtsshow-der-querquassler-im-apex-goettingen\/","og_site_name":"Radio Leinewelle","article_publisher":"https:\/\/www.facebook.com\/radioleinewelle","article_author":"https:\/\/www.facebook.com\/radioleinewelle","article_published_time":"2025-12-07T05:40:11+00:00","article_modified_time":"2025-12-07T05:40:13+00:00","og_image":[{"width":1023,"height":856,"url":"https:\/\/radioleinewelle.de\/wp-content\/uploads\/2025\/12\/QQ_Weihnachten_Foto_Klawunn_Bearbeitung_Seidel.jpg","type":"image\/jpeg"}],"author":"Leinewelle","twitter_card":"summary_large_image","twitter_creator":"@https:\/\/twitter.com\/RLeinewelle?ref_src=twsrcgoogletwcampserptwgrauthor","twitter_site":"@RLeinewelle","twitter_misc":{"Verfasst von":"Leinewelle","Gesch\u00e4tzte Lesezeit":"2\u00a0Minuten"},"schema":{"@context":"https:\/\/schema.org","@graph":[{"@type":"Article","@id":"https:\/\/radioleinewelle.de\/index.php\/2025\/12\/07\/improwichteln-die-weihnachtsshow-der-querquassler-im-apex-goettingen\/#article","isPartOf":{"@id":"https:\/\/radioleinewelle.de\/index.php\/2025\/12\/07\/improwichteln-die-weihnachtsshow-der-querquassler-im-apex-goettingen\/"},"author":{"name":"Leinewelle","@id":"https:\/\/radioleinewelle.de\/#\/schema\/person\/45606f348637df637192dc1b68399a63"},"headline":"Improwichteln \u2013 Die Weihnachtsshow der QuerQuassler im APEX G\u00f6ttingen","datePublished":"2025-12-07T05:40:11+00:00","dateModified":"2025-12-07T05:40:13+00:00","mainEntityOfPage":{"@id":"https:\/\/radioleinewelle.de\/index.php\/2025\/12\/07\/improwichteln-die-weihnachtsshow-der-querquassler-im-apex-goettingen\/"},"wordCount":157,"commentCount":0,"publisher":{"@id":"https:\/\/radioleinewelle.de\/#organization"},"image":{"@id":"https:\/\/radioleinewelle.de\/index.php\/2025\/12\/07\/improwichteln-die-weihnachtsshow-der-querquassler-im-apex-goettingen\/#primaryimage"},"thumbnailUrl":"https:\/\/radioleinewelle.de\/wp-content\/uploads\/2025\/12\/QQ_Weihnachten_Foto_Klawunn_Bearbeitung_Seidel.jpg","keywords":["Apex","Improtheater","Improwichteln","Kultur G\u00f6ttingen","Quer Quassler"],"articleSection":["Veranstaltungen"],"inLanguage":"de","potentialAction":[{"@type":"CommentAction","name":"Comment","target":["https:\/\/radioleinewelle.de\/index.php\/2025\/12\/07\/improwichteln-die-weihnachtsshow-der-querquassler-im-apex-goettingen\/#respond"]}]},{"@type":"WebPage","@id":"https:\/\/radioleinewelle.de\/index.php\/2025\/12\/07\/improwichteln-die-weihnachtsshow-der-querquassler-im-apex-goettingen\/","url":"https:\/\/radioleinewelle.de\/index.php\/2025\/12\/07\/improwichteln-die-weihnachtsshow-der-querquassler-im-apex-goettingen\/","name":"Improwichteln \u2013 Die Weihnachtsshow der QuerQuassler im APEX G\u00f6ttingen - Radio Leinewelle","isPartOf":{"@id":"https:\/\/radioleinewelle.de\/#website"},"primaryImageOfPage":{"@id":"https:\/\/radioleinewelle.de\/index.php\/2025\/12\/07\/improwichteln-die-weihnachtsshow-der-querquassler-im-apex-goettingen\/#primaryimage"},"image":{"@id":"https:\/\/radioleinewelle.de\/index.php\/2025\/12\/07\/improwichteln-die-weihnachtsshow-der-querquassler-im-apex-goettingen\/#primaryimage"},"thumbnailUrl":"https:\/\/radioleinewelle.de\/wp-content\/uploads\/2025\/12\/QQ_Weihnachten_Foto_Klawunn_Bearbeitung_Seidel.jpg","datePublished":"2025-12-07T05:40:11+00:00","dateModified":"2025-12-07T05:40:13+00:00","breadcrumb":{"@id":"https:\/\/radioleinewelle.de\/index.php\/2025\/12\/07\/improwichteln-die-weihnachtsshow-der-querquassler-im-apex-goettingen\/#breadcrumb"},"inLanguage":"de","potentialAction":[{"@type":"ReadAction","target":["https:\/\/radioleinewelle.de\/index.php\/2025\/12\/07\/improwichteln-die-weihnachtsshow-der-querquassler-im-apex-goettingen\/"]}]},{"@type":"ImageObject","inLanguage":"de","@id":"https:\/\/radioleinewelle.de\/index.php\/2025\/12\/07\/improwichteln-die-weihnachtsshow-der-querquassler-im-apex-goettingen\/#primaryimage","url":"https:\/\/radioleinewelle.de\/wp-content\/uploads\/2025\/12\/QQ_Weihnachten_Foto_Klawunn_Bearbeitung_Seidel.jpg","contentUrl":"https:\/\/radioleinewelle.de\/wp-content\/uploads\/2025\/12\/QQ_Weihnachten_Foto_Klawunn_Bearbeitung_Seidel.jpg","width":1023,"height":856},{"@type":"BreadcrumbList","@id":"https:\/\/radioleinewelle.de\/index.php\/2025\/12\/07\/improwichteln-die-weihnachtsshow-der-querquassler-im-apex-goettingen\/#breadcrumb","itemListElement":[{"@type":"ListItem","position":1,"name":"Startseite","item":"https:\/\/radioleinewelle.de\/"},{"@type":"ListItem","position":2,"name":"Improwichteln \u2013 Die Weihnachtsshow der QuerQuassler im APEX G\u00f6ttingen"}]},{"@type":"WebSite","@id":"https:\/\/radioleinewelle.de\/#website","url":"https:\/\/radioleinewelle.de\/","name":"Radio Leinewelle","description":"","publisher":{"@id":"https:\/\/radioleinewelle.de\/#organization"},"potentialAction":[{"@type":"SearchAction","target":{"@type":"EntryPoint","urlTemplate":"https:\/\/radioleinewelle.de\/?s={search_term_string}"},"query-input":{"@type":"PropertyValueSpecification","valueRequired":true,"valueName":"search_term_string"}}],"inLanguage":"de"},{"@type":"Organization","@id":"https:\/\/radioleinewelle.de\/#organization","name":"Radio Leinewelle","alternateName":"Mein Radio f\u00fcr S\u00fcdniedersachsen","url":"https:\/\/radioleinewelle.de\/","logo":{"@type":"ImageObject","inLanguage":"de","@id":"https:\/\/radioleinewelle.de\/#\/schema\/logo\/image\/","url":"https:\/\/radioleinewelle.de\/wp-content\/uploads\/2023\/11\/cropped-Leinewelle_Logo_weiss.png","contentUrl":"https:\/\/radioleinewelle.de\/wp-content\/uploads\/2023\/11\/cropped-Leinewelle_Logo_weiss.png","width":854,"height":260,"caption":"Radio Leinewelle"},"image":{"@id":"https:\/\/radioleinewelle.de\/#\/schema\/logo\/image\/"},"sameAs":["https:\/\/www.facebook.com\/radioleinewelle","https:\/\/x.com\/RLeinewelle","https:\/\/www.instagram.com\/radioleinewelle\/?hl=de"]},{"@type":"Person","@id":"https:\/\/radioleinewelle.de\/#\/schema\/person\/45606f348637df637192dc1b68399a63","name":"Leinewelle","image":{"@type":"ImageObject","inLanguage":"de","@id":"https:\/\/secure.gravatar.com\/avatar\/05c9a17bc973052ee5d91549bd32fb4dd0dc85b7b85ae94b2e2b4943476bbea5?s=96&d=blank&r=g","url":"https:\/\/secure.gravatar.com\/avatar\/05c9a17bc973052ee5d91549bd32fb4dd0dc85b7b85ae94b2e2b4943476bbea5?s=96&d=blank&r=g","contentUrl":"https:\/\/secure.gravatar.com\/avatar\/05c9a17bc973052ee5d91549bd32fb4dd0dc85b7b85ae94b2e2b4943476bbea5?s=96&d=blank&r=g","caption":"Leinewelle"},"sameAs":["http:\/\/localhost\/radio%20leinewelle\/wordpress","https:\/\/www.facebook.com\/radioleinewelle","https:\/\/www.instagram.com\/radioleinewelle","https:\/\/x.com\/https:\/\/twitter.com\/RLeinewelle?ref_src=twsrcgoogletwcampserptwgrauthor","https:\/\/soundcloud.com\/foerderverein-lokalradio?utm_source=clipboard&utm_medium=text&utm_campaign=social_sharing"],"url":"https:\/\/radioleinewelle.de\/index.php\/author\/leinewelle\/"}]}},"_links":{"self":[{"href":"https:\/\/radioleinewelle.de\/index.php\/wp-json\/wp\/v2\/posts\/30033","targetHints":{"allow":["GET"]}}],"collection":[{"href":"https:\/\/radioleinewelle.de\/index.php\/wp-json\/wp\/v2\/posts"}],"about":[{"href":"https:\/\/radioleinewelle.de\/index.php\/wp-json\/wp\/v2\/types\/post"}],"author":[{"embeddable":true,"href":"https:\/\/radioleinewelle.de\/index.php\/wp-json\/wp\/v2\/users\/1"}],"replies":[{"embeddable":true,"href":"https:\/\/radioleinewelle.de\/index.php\/wp-json\/wp\/v2\/comments?post=30033"}],"version-history":[{"count":3,"href":"https:\/\/radioleinewelle.de\/index.php\/wp-json\/wp\/v2\/posts\/30033\/revisions"}],"predecessor-version":[{"id":30037,"href":"https:\/\/radioleinewelle.de\/index.php\/wp-json\/wp\/v2\/posts\/30033\/revisions\/30037"}],"wp:featuredmedia":[{"embeddable":true,"href":"https:\/\/radioleinewelle.de\/index.php\/wp-json\/wp\/v2\/media\/30035"}],"wp:attachment":[{"href":"https:\/\/radioleinewelle.de\/index.php\/wp-json\/wp\/v2\/media?parent=30033"}],"wp:term":[{"taxonomy":"category","embeddable":true,"href":"https:\/\/radioleinewelle.de\/index.php\/wp-json\/wp\/v2\/categories?post=30033"},{"taxonomy":"post_tag","embeddable":true,"href":"https:\/\/radioleinewelle.de\/index.php\/wp-json\/wp\/v2\/tags?post=30033"}],"curies":[{"name":"wp","href":"https:\/\/api.w.org\/{rel}","templated":true}]}}