{"id":3006,"date":"2020-11-18T09:48:16","date_gmt":"2020-11-18T08:48:16","guid":{"rendered":"https:\/\/radioleinewelle.de\/?p=3006"},"modified":"2020-11-18T09:48:16","modified_gmt":"2020-11-18T08:48:16","slug":"lila-licht-krebszentrum-setzt-zeichen-gegen-krebs","status":"publish","type":"post","link":"https:\/\/radioleinewelle.de\/index.php\/2020\/11\/18\/lila-licht-krebszentrum-setzt-zeichen-gegen-krebs\/","title":{"rendered":"Lila Licht: Krebszentrum setzt Zeichen gegen Krebs"},"content":{"rendered":"<p>Zum Welt-Pankreaskrebstag am Donnerstag, 19. November 2020,\u00a0soll die \u00d6ffentlichkeit auf die Erkrankung der Bauchspeicheldr\u00fcse aufmerksam gemacht und \u00fcber Forschritte in der Forschung und Behandlung dieser gef\u00e4hrlichen Krebserkrankung informiert werden. Deutschlandweit erstrahlen deshalb jedes Jahr auf Initiative der\u00a0<a class=\"extern\" title=\"Selbsthilfe Tumore und Erkrankungen der Bauchspeicheldr\u00fcse (TEB e.V.)\" href=\"https:\/\/teb-selbsthilfe.de\/\" target=\"_blank\" rel=\"noopener\">Selbsthilfe Tumore und Erkrankungen der Bauchspeicheldr\u00fcse (TEB e.V.)\u00a0<\/a>\u00a0in Zusammenarbeit mit vielen medizinischen Einrichtungen zahlreiche Geb\u00e4ude und Sehensw\u00fcrdigkeiten in der Farbe \u201eLila\u201c, der offiziellen Farbe des Welt-Pankreaskrebstages.<\/p>\n<p>Das\u00a0<a class=\"extern\" title=\"Universit\u00e4tsKrebszentrum der Universit\u00e4tsmedizin G\u00f6ttingen (UMG)\" href=\"https:\/\/gccc.umg.eu\/\" target=\"_blank\" rel=\"noopener\">Universit\u00e4tsKrebszentrum der Universit\u00e4tsmedizin G\u00f6ttingen (UMG)\u00a0<\/a>\u00a0beteiligt sich auch in diesem Jahr an der Aktion. Aus diesem Grund erleuchten\u00a0die Fassade und das Eingangsportal des Universit\u00e4tsklinikums G\u00f6ttingen am Welt-Bauchspeicheldr\u00fcsenkrebstag\u00a0in der Zeit von 18.00 bis 22.00 Uhr in in der Farbe \u201eLila\u201c. Neugierige und Interessierte aus G\u00f6ttingen und der Region sind eingeladen, vorbeizukommen und sich \u2013 unter Wahrung der Abstands- und Hygieneregelungen \u2013 das Lichtspektakel anzusehen.<\/p>\n<p>\u201eMit der Aktion m\u00f6chten wir allen Betroffenen unsere Verbundenheit zeigen und gleichzeitig Mut machen. Mit der Einrichtung der Klinischen Forschungsgruppe an der UMG in diesem Jahr tragen wir dazu bei, Bauchspeicheldr\u00fcsenkrebs noch genauer zu erforschen und die Behandlungsm\u00f6glichkeiten weiter zu verbessern\u201c, sagt Prof. Dr. Volker Ellenrieder, Direktor der Klinik f\u00fcr Gastroenterologie, gastrointestinale Onkologie und Endokrinologie und des Universit\u00e4tsKrebszentrums G\u00f6ttingen der Universit\u00e4tsmedizin G\u00f6ttingen (UMG).<\/p>\n<p>Foto: UMG<\/p>\n","protected":false},"excerpt":{"rendered":"<p>Zum Welt-Pankreaskrebstag am Donnerstag, 19. November 2020,\u00a0soll die \u00d6ffentlichkeit auf die Erkrankung der Bauchspeicheldr\u00fcse aufmerksam gemacht und \u00fcber Forschritte in der Forschung und Behandlung dieser gef\u00e4hrlichen Krebserkrankung informiert werden. Deutschlandweit erstrahlen deshalb jedes Jahr auf Initiative der\u00a0Selbsthilfe Tumore und Erkrankungen der Bauchspeicheldr\u00fcse (TEB e.V.)\u00a0\u00a0in Zusammenarbeit mit vielen medizinischen Einrichtungen zahlreiche Geb\u00e4ude und Sehensw\u00fcrdigkeiten in der [&hellip;]<\/p>\n","protected":false},"author":1,"featured_media":3007,"comment_status":"closed","ping_status":"closed","sticky":false,"template":"","format":"standard","meta":{"saved_in_kubio":false,"footnotes":""},"categories":[40],"tags":[],"class_list":["post-3006","post","type-post","status-publish","format-standard","has-post-thumbnail","hentry","category-gesundheit"],"yoast_head":"<!-- This site is optimized with the Yoast SEO plugin v27.5 - https:\/\/yoast.com\/product\/yoast-seo-wordpress\/ -->\n<title>Lila Licht: Krebszentrum setzt Zeichen gegen Krebs - Radio Leinewelle<\/title>\n<meta name=\"robots\" content=\"index, follow, max-snippet:-1, max-image-preview:large, max-video-preview:-1\" \/>\n<link rel=\"canonical\" href=\"https:\/\/radioleinewelle.de\/index.php\/2020\/11\/18\/lila-licht-krebszentrum-setzt-zeichen-gegen-krebs\/\" \/>\n<meta property=\"og:locale\" content=\"de_DE\" \/>\n<meta property=\"og:type\" content=\"article\" \/>\n<meta property=\"og:title\" content=\"Lila Licht: Krebszentrum setzt Zeichen gegen Krebs - Radio Leinewelle\" \/>\n<meta property=\"og:description\" content=\"Zum Welt-Pankreaskrebstag am Donnerstag, 19. November 2020,\u00a0soll die \u00d6ffentlichkeit auf die Erkrankung der Bauchspeicheldr\u00fcse aufmerksam gemacht und \u00fcber Forschritte in der Forschung und Behandlung dieser gef\u00e4hrlichen Krebserkrankung informiert werden. Deutschlandweit erstrahlen deshalb jedes Jahr auf Initiative der\u00a0Selbsthilfe Tumore und Erkrankungen der Bauchspeicheldr\u00fcse (TEB e.V.)\u00a0\u00a0in Zusammenarbeit mit vielen medizinischen Einrichtungen zahlreiche Geb\u00e4ude und Sehensw\u00fcrdigkeiten in der [&hellip;]\" \/>\n<meta property=\"og:url\" content=\"https:\/\/radioleinewelle.de\/index.php\/2020\/11\/18\/lila-licht-krebszentrum-setzt-zeichen-gegen-krebs\/\" \/>\n<meta property=\"og:site_name\" content=\"Radio Leinewelle\" \/>\n<meta property=\"article:publisher\" content=\"https:\/\/www.facebook.com\/radioleinewelle\" \/>\n<meta property=\"article:author\" content=\"https:\/\/www.facebook.com\/radioleinewelle\" \/>\n<meta property=\"article:published_time\" content=\"2020-11-18T08:48:16+00:00\" \/>\n<meta property=\"og:image\" content=\"https:\/\/radioleinewelle.de\/wp-content\/uploads\/2020\/11\/Lila-Licht.jpeg\" \/>\n\t<meta property=\"og:image:width\" content=\"780\" \/>\n\t<meta property=\"og:image:height\" content=\"493\" \/>\n\t<meta property=\"og:image:type\" content=\"image\/jpeg\" \/>\n<meta name=\"author\" content=\"Leinewelle\" \/>\n<meta name=\"twitter:card\" content=\"summary_large_image\" \/>\n<meta name=\"twitter:creator\" content=\"@https:\/\/twitter.com\/RLeinewelle?ref_src=twsrcgoogletwcampserptwgrauthor\" \/>\n<meta name=\"twitter:site\" content=\"@RLeinewelle\" \/>\n<meta name=\"twitter:label1\" content=\"Verfasst von\" \/>\n\t<meta name=\"twitter:data1\" content=\"Leinewelle\" \/>\n\t<meta name=\"twitter:label2\" content=\"Gesch\u00e4tzte Lesezeit\" \/>\n\t<meta name=\"twitter:data2\" content=\"1\u00a0Minute\" \/>\n<script type=\"application\/ld+json\" class=\"yoast-schema-graph\">{\"@context\":\"https:\\\/\\\/schema.org\",\"@graph\":[{\"@type\":\"Article\",\"@id\":\"https:\\\/\\\/radioleinewelle.de\\\/index.php\\\/2020\\\/11\\\/18\\\/lila-licht-krebszentrum-setzt-zeichen-gegen-krebs\\\/#article\",\"isPartOf\":{\"@id\":\"https:\\\/\\\/radioleinewelle.de\\\/index.php\\\/2020\\\/11\\\/18\\\/lila-licht-krebszentrum-setzt-zeichen-gegen-krebs\\\/\"},\"author\":{\"name\":\"Leinewelle\",\"@id\":\"https:\\\/\\\/radioleinewelle.de\\\/#\\\/schema\\\/person\\\/45606f348637df637192dc1b68399a63\"},\"headline\":\"Lila Licht: Krebszentrum setzt Zeichen gegen Krebs\",\"datePublished\":\"2020-11-18T08:48:16+00:00\",\"mainEntityOfPage\":{\"@id\":\"https:\\\/\\\/radioleinewelle.de\\\/index.php\\\/2020\\\/11\\\/18\\\/lila-licht-krebszentrum-setzt-zeichen-gegen-krebs\\\/\"},\"wordCount\":218,\"publisher\":{\"@id\":\"https:\\\/\\\/radioleinewelle.de\\\/#organization\"},\"image\":{\"@id\":\"https:\\\/\\\/radioleinewelle.de\\\/index.php\\\/2020\\\/11\\\/18\\\/lila-licht-krebszentrum-setzt-zeichen-gegen-krebs\\\/#primaryimage\"},\"thumbnailUrl\":\"https:\\\/\\\/radioleinewelle.de\\\/wp-content\\\/uploads\\\/2020\\\/11\\\/Lila-Licht.jpeg\",\"articleSection\":[\"Gesundheit\"],\"inLanguage\":\"de\"},{\"@type\":\"WebPage\",\"@id\":\"https:\\\/\\\/radioleinewelle.de\\\/index.php\\\/2020\\\/11\\\/18\\\/lila-licht-krebszentrum-setzt-zeichen-gegen-krebs\\\/\",\"url\":\"https:\\\/\\\/radioleinewelle.de\\\/index.php\\\/2020\\\/11\\\/18\\\/lila-licht-krebszentrum-setzt-zeichen-gegen-krebs\\\/\",\"name\":\"Lila Licht: Krebszentrum setzt Zeichen gegen Krebs - Radio Leinewelle\",\"isPartOf\":{\"@id\":\"https:\\\/\\\/radioleinewelle.de\\\/#website\"},\"primaryImageOfPage\":{\"@id\":\"https:\\\/\\\/radioleinewelle.de\\\/index.php\\\/2020\\\/11\\\/18\\\/lila-licht-krebszentrum-setzt-zeichen-gegen-krebs\\\/#primaryimage\"},\"image\":{\"@id\":\"https:\\\/\\\/radioleinewelle.de\\\/index.php\\\/2020\\\/11\\\/18\\\/lila-licht-krebszentrum-setzt-zeichen-gegen-krebs\\\/#primaryimage\"},\"thumbnailUrl\":\"https:\\\/\\\/radioleinewelle.de\\\/wp-content\\\/uploads\\\/2020\\\/11\\\/Lila-Licht.jpeg\",\"datePublished\":\"2020-11-18T08:48:16+00:00\",\"breadcrumb\":{\"@id\":\"https:\\\/\\\/radioleinewelle.de\\\/index.php\\\/2020\\\/11\\\/18\\\/lila-licht-krebszentrum-setzt-zeichen-gegen-krebs\\\/#breadcrumb\"},\"inLanguage\":\"de\",\"potentialAction\":[{\"@type\":\"ReadAction\",\"target\":[\"https:\\\/\\\/radioleinewelle.de\\\/index.php\\\/2020\\\/11\\\/18\\\/lila-licht-krebszentrum-setzt-zeichen-gegen-krebs\\\/\"]}]},{\"@type\":\"ImageObject\",\"inLanguage\":\"de\",\"@id\":\"https:\\\/\\\/radioleinewelle.de\\\/index.php\\\/2020\\\/11\\\/18\\\/lila-licht-krebszentrum-setzt-zeichen-gegen-krebs\\\/#primaryimage\",\"url\":\"https:\\\/\\\/radioleinewelle.de\\\/wp-content\\\/uploads\\\/2020\\\/11\\\/Lila-Licht.jpeg\",\"contentUrl\":\"https:\\\/\\\/radioleinewelle.de\\\/wp-content\\\/uploads\\\/2020\\\/11\\\/Lila-Licht.jpeg\",\"width\":780,\"height\":493},{\"@type\":\"BreadcrumbList\",\"@id\":\"https:\\\/\\\/radioleinewelle.de\\\/index.php\\\/2020\\\/11\\\/18\\\/lila-licht-krebszentrum-setzt-zeichen-gegen-krebs\\\/#breadcrumb\",\"itemListElement\":[{\"@type\":\"ListItem\",\"position\":1,\"name\":\"Startseite\",\"item\":\"https:\\\/\\\/radioleinewelle.de\\\/\"},{\"@type\":\"ListItem\",\"position\":2,\"name\":\"Lila Licht: Krebszentrum setzt Zeichen gegen Krebs\"}]},{\"@type\":\"WebSite\",\"@id\":\"https:\\\/\\\/radioleinewelle.de\\\/#website\",\"url\":\"https:\\\/\\\/radioleinewelle.de\\\/\",\"name\":\"Radio Leinewelle\",\"description\":\"\",\"publisher\":{\"@id\":\"https:\\\/\\\/radioleinewelle.de\\\/#organization\"},\"potentialAction\":[{\"@type\":\"SearchAction\",\"target\":{\"@type\":\"EntryPoint\",\"urlTemplate\":\"https:\\\/\\\/radioleinewelle.de\\\/?s={search_term_string}\"},\"query-input\":{\"@type\":\"PropertyValueSpecification\",\"valueRequired\":true,\"valueName\":\"search_term_string\"}}],\"inLanguage\":\"de\"},{\"@type\":\"Organization\",\"@id\":\"https:\\\/\\\/radioleinewelle.de\\\/#organization\",\"name\":\"Radio Leinewelle\",\"alternateName\":\"Mein Radio f\u00fcr S\u00fcdniedersachsen\",\"url\":\"https:\\\/\\\/radioleinewelle.de\\\/\",\"logo\":{\"@type\":\"ImageObject\",\"inLanguage\":\"de\",\"@id\":\"https:\\\/\\\/radioleinewelle.de\\\/#\\\/schema\\\/logo\\\/image\\\/\",\"url\":\"https:\\\/\\\/radioleinewelle.de\\\/wp-content\\\/uploads\\\/2023\\\/11\\\/cropped-Leinewelle_Logo_weiss.png\",\"contentUrl\":\"https:\\\/\\\/radioleinewelle.de\\\/wp-content\\\/uploads\\\/2023\\\/11\\\/cropped-Leinewelle_Logo_weiss.png\",\"width\":854,\"height\":260,\"caption\":\"Radio Leinewelle\"},\"image\":{\"@id\":\"https:\\\/\\\/radioleinewelle.de\\\/#\\\/schema\\\/logo\\\/image\\\/\"},\"sameAs\":[\"https:\\\/\\\/www.facebook.com\\\/radioleinewelle\",\"https:\\\/\\\/x.com\\\/RLeinewelle\",\"https:\\\/\\\/www.instagram.com\\\/radioleinewelle\\\/?hl=de\"]},{\"@type\":\"Person\",\"@id\":\"https:\\\/\\\/radioleinewelle.de\\\/#\\\/schema\\\/person\\\/45606f348637df637192dc1b68399a63\",\"name\":\"Leinewelle\",\"image\":{\"@type\":\"ImageObject\",\"inLanguage\":\"de\",\"@id\":\"https:\\\/\\\/secure.gravatar.com\\\/avatar\\\/05c9a17bc973052ee5d91549bd32fb4dd0dc85b7b85ae94b2e2b4943476bbea5?s=96&d=blank&r=g\",\"url\":\"https:\\\/\\\/secure.gravatar.com\\\/avatar\\\/05c9a17bc973052ee5d91549bd32fb4dd0dc85b7b85ae94b2e2b4943476bbea5?s=96&d=blank&r=g\",\"contentUrl\":\"https:\\\/\\\/secure.gravatar.com\\\/avatar\\\/05c9a17bc973052ee5d91549bd32fb4dd0dc85b7b85ae94b2e2b4943476bbea5?s=96&d=blank&r=g\",\"caption\":\"Leinewelle\"},\"sameAs\":[\"http:\\\/\\\/localhost\\\/radio%20leinewelle\\\/wordpress\",\"https:\\\/\\\/www.facebook.com\\\/radioleinewelle\",\"https:\\\/\\\/www.instagram.com\\\/radioleinewelle\",\"https:\\\/\\\/x.com\\\/https:\\\/\\\/twitter.com\\\/RLeinewelle?ref_src=twsrcgoogletwcampserptwgrauthor\",\"https:\\\/\\\/soundcloud.com\\\/foerderverein-lokalradio?utm_source=clipboard&utm_medium=text&utm_campaign=social_sharing\"],\"url\":\"https:\\\/\\\/radioleinewelle.de\\\/index.php\\\/author\\\/leinewelle\\\/\"}]}<\/script>\n<!-- \/ Yoast SEO plugin. -->","yoast_head_json":{"title":"Lila Licht: Krebszentrum setzt Zeichen gegen Krebs - Radio Leinewelle","robots":{"index":"index","follow":"follow","max-snippet":"max-snippet:-1","max-image-preview":"max-image-preview:large","max-video-preview":"max-video-preview:-1"},"canonical":"https:\/\/radioleinewelle.de\/index.php\/2020\/11\/18\/lila-licht-krebszentrum-setzt-zeichen-gegen-krebs\/","og_locale":"de_DE","og_type":"article","og_title":"Lila Licht: Krebszentrum setzt Zeichen gegen Krebs - Radio Leinewelle","og_description":"Zum Welt-Pankreaskrebstag am Donnerstag, 19. November 2020,\u00a0soll die \u00d6ffentlichkeit auf die Erkrankung der Bauchspeicheldr\u00fcse aufmerksam gemacht und \u00fcber Forschritte in der Forschung und Behandlung dieser gef\u00e4hrlichen Krebserkrankung informiert werden. Deutschlandweit erstrahlen deshalb jedes Jahr auf Initiative der\u00a0Selbsthilfe Tumore und Erkrankungen der Bauchspeicheldr\u00fcse (TEB e.V.)\u00a0\u00a0in Zusammenarbeit mit vielen medizinischen Einrichtungen zahlreiche Geb\u00e4ude und Sehensw\u00fcrdigkeiten in der [&hellip;]","og_url":"https:\/\/radioleinewelle.de\/index.php\/2020\/11\/18\/lila-licht-krebszentrum-setzt-zeichen-gegen-krebs\/","og_site_name":"Radio Leinewelle","article_publisher":"https:\/\/www.facebook.com\/radioleinewelle","article_author":"https:\/\/www.facebook.com\/radioleinewelle","article_published_time":"2020-11-18T08:48:16+00:00","og_image":[{"width":780,"height":493,"url":"https:\/\/radioleinewelle.de\/wp-content\/uploads\/2020\/11\/Lila-Licht.jpeg","type":"image\/jpeg"}],"author":"Leinewelle","twitter_card":"summary_large_image","twitter_creator":"@https:\/\/twitter.com\/RLeinewelle?ref_src=twsrcgoogletwcampserptwgrauthor","twitter_site":"@RLeinewelle","twitter_misc":{"Verfasst von":"Leinewelle","Gesch\u00e4tzte Lesezeit":"1\u00a0Minute"},"schema":{"@context":"https:\/\/schema.org","@graph":[{"@type":"Article","@id":"https:\/\/radioleinewelle.de\/index.php\/2020\/11\/18\/lila-licht-krebszentrum-setzt-zeichen-gegen-krebs\/#article","isPartOf":{"@id":"https:\/\/radioleinewelle.de\/index.php\/2020\/11\/18\/lila-licht-krebszentrum-setzt-zeichen-gegen-krebs\/"},"author":{"name":"Leinewelle","@id":"https:\/\/radioleinewelle.de\/#\/schema\/person\/45606f348637df637192dc1b68399a63"},"headline":"Lila Licht: Krebszentrum setzt Zeichen gegen Krebs","datePublished":"2020-11-18T08:48:16+00:00","mainEntityOfPage":{"@id":"https:\/\/radioleinewelle.de\/index.php\/2020\/11\/18\/lila-licht-krebszentrum-setzt-zeichen-gegen-krebs\/"},"wordCount":218,"publisher":{"@id":"https:\/\/radioleinewelle.de\/#organization"},"image":{"@id":"https:\/\/radioleinewelle.de\/index.php\/2020\/11\/18\/lila-licht-krebszentrum-setzt-zeichen-gegen-krebs\/#primaryimage"},"thumbnailUrl":"https:\/\/radioleinewelle.de\/wp-content\/uploads\/2020\/11\/Lila-Licht.jpeg","articleSection":["Gesundheit"],"inLanguage":"de"},{"@type":"WebPage","@id":"https:\/\/radioleinewelle.de\/index.php\/2020\/11\/18\/lila-licht-krebszentrum-setzt-zeichen-gegen-krebs\/","url":"https:\/\/radioleinewelle.de\/index.php\/2020\/11\/18\/lila-licht-krebszentrum-setzt-zeichen-gegen-krebs\/","name":"Lila Licht: Krebszentrum setzt Zeichen gegen Krebs - Radio Leinewelle","isPartOf":{"@id":"https:\/\/radioleinewelle.de\/#website"},"primaryImageOfPage":{"@id":"https:\/\/radioleinewelle.de\/index.php\/2020\/11\/18\/lila-licht-krebszentrum-setzt-zeichen-gegen-krebs\/#primaryimage"},"image":{"@id":"https:\/\/radioleinewelle.de\/index.php\/2020\/11\/18\/lila-licht-krebszentrum-setzt-zeichen-gegen-krebs\/#primaryimage"},"thumbnailUrl":"https:\/\/radioleinewelle.de\/wp-content\/uploads\/2020\/11\/Lila-Licht.jpeg","datePublished":"2020-11-18T08:48:16+00:00","breadcrumb":{"@id":"https:\/\/radioleinewelle.de\/index.php\/2020\/11\/18\/lila-licht-krebszentrum-setzt-zeichen-gegen-krebs\/#breadcrumb"},"inLanguage":"de","potentialAction":[{"@type":"ReadAction","target":["https:\/\/radioleinewelle.de\/index.php\/2020\/11\/18\/lila-licht-krebszentrum-setzt-zeichen-gegen-krebs\/"]}]},{"@type":"ImageObject","inLanguage":"de","@id":"https:\/\/radioleinewelle.de\/index.php\/2020\/11\/18\/lila-licht-krebszentrum-setzt-zeichen-gegen-krebs\/#primaryimage","url":"https:\/\/radioleinewelle.de\/wp-content\/uploads\/2020\/11\/Lila-Licht.jpeg","contentUrl":"https:\/\/radioleinewelle.de\/wp-content\/uploads\/2020\/11\/Lila-Licht.jpeg","width":780,"height":493},{"@type":"BreadcrumbList","@id":"https:\/\/radioleinewelle.de\/index.php\/2020\/11\/18\/lila-licht-krebszentrum-setzt-zeichen-gegen-krebs\/#breadcrumb","itemListElement":[{"@type":"ListItem","position":1,"name":"Startseite","item":"https:\/\/radioleinewelle.de\/"},{"@type":"ListItem","position":2,"name":"Lila Licht: Krebszentrum setzt Zeichen gegen Krebs"}]},{"@type":"WebSite","@id":"https:\/\/radioleinewelle.de\/#website","url":"https:\/\/radioleinewelle.de\/","name":"Radio Leinewelle","description":"","publisher":{"@id":"https:\/\/radioleinewelle.de\/#organization"},"potentialAction":[{"@type":"SearchAction","target":{"@type":"EntryPoint","urlTemplate":"https:\/\/radioleinewelle.de\/?s={search_term_string}"},"query-input":{"@type":"PropertyValueSpecification","valueRequired":true,"valueName":"search_term_string"}}],"inLanguage":"de"},{"@type":"Organization","@id":"https:\/\/radioleinewelle.de\/#organization","name":"Radio Leinewelle","alternateName":"Mein Radio f\u00fcr S\u00fcdniedersachsen","url":"https:\/\/radioleinewelle.de\/","logo":{"@type":"ImageObject","inLanguage":"de","@id":"https:\/\/radioleinewelle.de\/#\/schema\/logo\/image\/","url":"https:\/\/radioleinewelle.de\/wp-content\/uploads\/2023\/11\/cropped-Leinewelle_Logo_weiss.png","contentUrl":"https:\/\/radioleinewelle.de\/wp-content\/uploads\/2023\/11\/cropped-Leinewelle_Logo_weiss.png","width":854,"height":260,"caption":"Radio Leinewelle"},"image":{"@id":"https:\/\/radioleinewelle.de\/#\/schema\/logo\/image\/"},"sameAs":["https:\/\/www.facebook.com\/radioleinewelle","https:\/\/x.com\/RLeinewelle","https:\/\/www.instagram.com\/radioleinewelle\/?hl=de"]},{"@type":"Person","@id":"https:\/\/radioleinewelle.de\/#\/schema\/person\/45606f348637df637192dc1b68399a63","name":"Leinewelle","image":{"@type":"ImageObject","inLanguage":"de","@id":"https:\/\/secure.gravatar.com\/avatar\/05c9a17bc973052ee5d91549bd32fb4dd0dc85b7b85ae94b2e2b4943476bbea5?s=96&d=blank&r=g","url":"https:\/\/secure.gravatar.com\/avatar\/05c9a17bc973052ee5d91549bd32fb4dd0dc85b7b85ae94b2e2b4943476bbea5?s=96&d=blank&r=g","contentUrl":"https:\/\/secure.gravatar.com\/avatar\/05c9a17bc973052ee5d91549bd32fb4dd0dc85b7b85ae94b2e2b4943476bbea5?s=96&d=blank&r=g","caption":"Leinewelle"},"sameAs":["http:\/\/localhost\/radio%20leinewelle\/wordpress","https:\/\/www.facebook.com\/radioleinewelle","https:\/\/www.instagram.com\/radioleinewelle","https:\/\/x.com\/https:\/\/twitter.com\/RLeinewelle?ref_src=twsrcgoogletwcampserptwgrauthor","https:\/\/soundcloud.com\/foerderverein-lokalradio?utm_source=clipboard&utm_medium=text&utm_campaign=social_sharing"],"url":"https:\/\/radioleinewelle.de\/index.php\/author\/leinewelle\/"}]}},"_links":{"self":[{"href":"https:\/\/radioleinewelle.de\/index.php\/wp-json\/wp\/v2\/posts\/3006","targetHints":{"allow":["GET"]}}],"collection":[{"href":"https:\/\/radioleinewelle.de\/index.php\/wp-json\/wp\/v2\/posts"}],"about":[{"href":"https:\/\/radioleinewelle.de\/index.php\/wp-json\/wp\/v2\/types\/post"}],"author":[{"embeddable":true,"href":"https:\/\/radioleinewelle.de\/index.php\/wp-json\/wp\/v2\/users\/1"}],"replies":[{"embeddable":true,"href":"https:\/\/radioleinewelle.de\/index.php\/wp-json\/wp\/v2\/comments?post=3006"}],"version-history":[{"count":0,"href":"https:\/\/radioleinewelle.de\/index.php\/wp-json\/wp\/v2\/posts\/3006\/revisions"}],"wp:featuredmedia":[{"embeddable":true,"href":"https:\/\/radioleinewelle.de\/index.php\/wp-json\/wp\/v2\/media\/3007"}],"wp:attachment":[{"href":"https:\/\/radioleinewelle.de\/index.php\/wp-json\/wp\/v2\/media?parent=3006"}],"wp:term":[{"taxonomy":"category","embeddable":true,"href":"https:\/\/radioleinewelle.de\/index.php\/wp-json\/wp\/v2\/categories?post=3006"},{"taxonomy":"post_tag","embeddable":true,"href":"https:\/\/radioleinewelle.de\/index.php\/wp-json\/wp\/v2\/tags?post=3006"}],"curies":[{"name":"wp","href":"https:\/\/api.w.org\/{rel}","templated":true}]}}