{"id":3019,"date":"2020-11-19T05:10:31","date_gmt":"2020-11-19T04:10:31","guid":{"rendered":"https:\/\/radioleinewelle.de\/?p=3019"},"modified":"2020-11-19T05:10:31","modified_gmt":"2020-11-19T04:10:31","slug":"osterode-maskenpflicht-wird-ausgeweitet","status":"publish","type":"post","link":"https:\/\/radioleinewelle.de\/index.php\/2020\/11\/19\/osterode-maskenpflicht-wird-ausgeweitet\/","title":{"rendered":"Osterode: Maskenpflicht wird ausgeweitet"},"content":{"rendered":"<div class=\"magazinetext\">\n<div class=\"magazineshorttext\">Das Gesundheitsamt f\u00fcr die Stadt und den Landkreis G\u00f6ttingen erg\u00e4nzt erneut seine Allgemeinverf\u00fcgung zum Schutz vor dem Coronavirus. In der Stadt Osterode am Harz wird der Bereich erweitert, in der die Maskenpflicht gilt, sobald der Inzidenzwert der Corona-Neuinfektionen bestimmte Marken \u00fcberschreitet. Dazu geh\u00f6ren nun das Gebiet innerhalb des Innenstadtrings sowie der Kurpark. Bislang war nur ein kleinerer Bereich der Innenstadt entsprechend ausgewiesen.<\/div>\n<\/div>\n<div class=\"magazinetext\">\n<p>Damit wird die aktuelle <a class=\"extern\" title=\"Corona-Landesverordnung\" href=\"https:\/\/www.niedersachsen.de\/politik_staat\/gesetze_verordnungen_und_sonstige_vorschriften\/aktuelle_verkundungsblatter\/download-verkuendungsblaetter-108794.html\" target=\"_blank\" rel=\"noopener\">Corona-Landesverordnung\u00a0<\/a> konkretisiert. In den festgelegten Bereichen soll ab einem Inzidenzwert von 35 eine Mund-Nasen-Bedeckung in der \u00d6ffentlichkeit getragen werden; sobald der Inzidenzwert von 50 erreicht ist, muss die Maske getragen werden. Ma\u00dfgeblich ist der im <a class=\"extern\" title=\"Lagebericht des Landes\" href=\"https:\/\/www.niedersachsen.de\/Coronavirus\/aktuelle_lage_in_niedersachsen\/\" target=\"_blank\" rel=\"noopener\">Lagebericht des Landes\u00a0<\/a> f\u00fcr den Landkreis G\u00f6ttingen ausgewiesene Inzidenzwert; dieser liegt am heutigen Mittwoch bei 49,7.<\/p>\n<p><strong>Die Regeln im \u00dcberblick<\/strong><br \/>\nDie Regelungen der neuen Allgemeinverf\u00fcgung im \u00dcberblick: Die Vorgaben zum Tragen einer Mund-Nasen-Bedeckung bei \u00dcberschreiten der Inzidenzwerte gelten f\u00fcr<\/p>\n<ul>\n<li>die Stadt G\u00f6ttingen f\u00fcr die Innenstadt innerhalb und auf der Wallanlage einschlie\u00dflich des Albani-Parkplatzes;<\/li>\n<li>die Stadt Bad Lauterberg im Harz f\u00fcr die Innenstadt auf dem sogenannten Boulevard (auf der Hauptstra\u00dfe) und f\u00fcr den \u201eTraumspielplatz\u201c im Kurpark;<\/li>\n<li>in der Stadt Osterode am Harz Bereich innerhalb des Innenstadtrings (Altstadt zwischen D\u00f6rgestra\u00dfe, Kaiserplatz, Neust\u00e4dter Tor, Spritzenhausplatz, Obere Neustadt, Jacobitorstra\u00dfe, Im Badegarten, Hoelemannpromenade, Eisensteinstra\u00dfe und K\u00f6nigsplatz) sowie im Kurpark;<\/li>\n<li>in der Stadt Hann. M\u00fcnden f\u00fcr die Innenstadt sowie f\u00fcr Tanzwerder und Doktorwerder;<\/li>\n<li>in der Stadt Duderstadt innerhalb der Wallanlagen;<\/li>\n<li>in der Stadt Herzberg am Harz f\u00fcr die Fu\u00dfg\u00e4ngerzone;<\/li>\n<li>in der Gemeinde Seeburg f\u00fcr den \u201eTraumspielplatz\u201c.<\/li>\n<\/ul>\n<p>Bild von <a href=\"https:\/\/pixabay.com\/de\/users\/tumisu-148124\/?utm_source=link-attribution&amp;utm_medium=referral&amp;utm_campaign=image&amp;utm_content=4914028\">Tumisu<\/a><a class=\"intern\" title=\"Liveblog\" href=\"https:\/\/www.goettingen.de\/aktuelles\/coronavirus-das-gesundheitsamt-informiert-2020-02-17.html\"> auf <\/a><a href=\"https:\/\/pixabay.com\/de\/?utm_source=link-attribution&amp;utm_medium=referral&amp;utm_campaign=image&amp;utm_content=4914028\">Pixabay<\/a><\/p>\n<\/div>\n","protected":false},"excerpt":{"rendered":"<p>Das Gesundheitsamt f\u00fcr die Stadt und den Landkreis G\u00f6ttingen erg\u00e4nzt erneut seine Allgemeinverf\u00fcgung zum Schutz vor dem Coronavirus. In der Stadt Osterode am Harz wird der Bereich erweitert, in der die Maskenpflicht gilt, sobald der Inzidenzwert der Corona-Neuinfektionen bestimmte Marken \u00fcberschreitet. Dazu geh\u00f6ren nun das Gebiet innerhalb des Innenstadtrings sowie der Kurpark. Bislang war nur [&hellip;]<\/p>\n","protected":false},"author":1,"featured_media":2613,"comment_status":"closed","ping_status":"closed","sticky":false,"template":"","format":"standard","meta":{"saved_in_kubio":false,"footnotes":""},"categories":[24],"tags":[],"class_list":["post-3019","post","type-post","status-publish","format-standard","has-post-thumbnail","hentry","category-news"],"yoast_head":"<!-- This site is optimized with the Yoast SEO plugin v27.5 - https:\/\/yoast.com\/product\/yoast-seo-wordpress\/ -->\n<title>Osterode: Maskenpflicht wird ausgeweitet - Radio Leinewelle<\/title>\n<meta name=\"robots\" content=\"index, follow, max-snippet:-1, max-image-preview:large, max-video-preview:-1\" \/>\n<link rel=\"canonical\" href=\"https:\/\/radioleinewelle.de\/index.php\/2020\/11\/19\/osterode-maskenpflicht-wird-ausgeweitet\/\" \/>\n<meta property=\"og:locale\" content=\"de_DE\" \/>\n<meta property=\"og:type\" content=\"article\" \/>\n<meta property=\"og:title\" content=\"Osterode: Maskenpflicht wird ausgeweitet - Radio Leinewelle\" \/>\n<meta property=\"og:description\" content=\"Das Gesundheitsamt f\u00fcr die Stadt und den Landkreis G\u00f6ttingen erg\u00e4nzt erneut seine Allgemeinverf\u00fcgung zum Schutz vor dem Coronavirus. In der Stadt Osterode am Harz wird der Bereich erweitert, in der die Maskenpflicht gilt, sobald der Inzidenzwert der Corona-Neuinfektionen bestimmte Marken \u00fcberschreitet. Dazu geh\u00f6ren nun das Gebiet innerhalb des Innenstadtrings sowie der Kurpark. Bislang war nur [&hellip;]\" \/>\n<meta property=\"og:url\" content=\"https:\/\/radioleinewelle.de\/index.php\/2020\/11\/19\/osterode-maskenpflicht-wird-ausgeweitet\/\" \/>\n<meta property=\"og:site_name\" content=\"Radio Leinewelle\" \/>\n<meta property=\"article:publisher\" content=\"https:\/\/www.facebook.com\/radioleinewelle\" \/>\n<meta property=\"article:author\" content=\"https:\/\/www.facebook.com\/radioleinewelle\" \/>\n<meta property=\"article:published_time\" content=\"2020-11-19T04:10:31+00:00\" \/>\n<meta property=\"og:image\" content=\"https:\/\/radioleinewelle.de\/wp-content\/uploads\/2020\/10\/coronavirus-4914028_640-1.jpg\" \/>\n\t<meta property=\"og:image:width\" content=\"640\" \/>\n\t<meta property=\"og:image:height\" content=\"363\" \/>\n\t<meta property=\"og:image:type\" content=\"image\/jpeg\" \/>\n<meta name=\"author\" content=\"Leinewelle\" \/>\n<meta name=\"twitter:card\" content=\"summary_large_image\" \/>\n<meta name=\"twitter:creator\" content=\"@https:\/\/twitter.com\/RLeinewelle?ref_src=twsrcgoogletwcampserptwgrauthor\" \/>\n<meta name=\"twitter:site\" content=\"@RLeinewelle\" \/>\n<meta name=\"twitter:label1\" content=\"Verfasst von\" \/>\n\t<meta name=\"twitter:data1\" content=\"Leinewelle\" \/>\n\t<meta name=\"twitter:label2\" content=\"Gesch\u00e4tzte Lesezeit\" \/>\n\t<meta name=\"twitter:data2\" content=\"1\u00a0Minute\" \/>\n<script type=\"application\/ld+json\" class=\"yoast-schema-graph\">{\"@context\":\"https:\\\/\\\/schema.org\",\"@graph\":[{\"@type\":\"Article\",\"@id\":\"https:\\\/\\\/radioleinewelle.de\\\/index.php\\\/2020\\\/11\\\/19\\\/osterode-maskenpflicht-wird-ausgeweitet\\\/#article\",\"isPartOf\":{\"@id\":\"https:\\\/\\\/radioleinewelle.de\\\/index.php\\\/2020\\\/11\\\/19\\\/osterode-maskenpflicht-wird-ausgeweitet\\\/\"},\"author\":{\"name\":\"Leinewelle\",\"@id\":\"https:\\\/\\\/radioleinewelle.de\\\/#\\\/schema\\\/person\\\/45606f348637df637192dc1b68399a63\"},\"headline\":\"Osterode: Maskenpflicht wird ausgeweitet\",\"datePublished\":\"2020-11-19T04:10:31+00:00\",\"mainEntityOfPage\":{\"@id\":\"https:\\\/\\\/radioleinewelle.de\\\/index.php\\\/2020\\\/11\\\/19\\\/osterode-maskenpflicht-wird-ausgeweitet\\\/\"},\"wordCount\":276,\"publisher\":{\"@id\":\"https:\\\/\\\/radioleinewelle.de\\\/#organization\"},\"image\":{\"@id\":\"https:\\\/\\\/radioleinewelle.de\\\/index.php\\\/2020\\\/11\\\/19\\\/osterode-maskenpflicht-wird-ausgeweitet\\\/#primaryimage\"},\"thumbnailUrl\":\"https:\\\/\\\/radioleinewelle.de\\\/wp-content\\\/uploads\\\/2020\\\/10\\\/coronavirus-4914028_640-1.jpg\",\"articleSection\":[\"Aktuelle Nachrichten\"],\"inLanguage\":\"de\"},{\"@type\":\"WebPage\",\"@id\":\"https:\\\/\\\/radioleinewelle.de\\\/index.php\\\/2020\\\/11\\\/19\\\/osterode-maskenpflicht-wird-ausgeweitet\\\/\",\"url\":\"https:\\\/\\\/radioleinewelle.de\\\/index.php\\\/2020\\\/11\\\/19\\\/osterode-maskenpflicht-wird-ausgeweitet\\\/\",\"name\":\"Osterode: Maskenpflicht wird ausgeweitet - Radio Leinewelle\",\"isPartOf\":{\"@id\":\"https:\\\/\\\/radioleinewelle.de\\\/#website\"},\"primaryImageOfPage\":{\"@id\":\"https:\\\/\\\/radioleinewelle.de\\\/index.php\\\/2020\\\/11\\\/19\\\/osterode-maskenpflicht-wird-ausgeweitet\\\/#primaryimage\"},\"image\":{\"@id\":\"https:\\\/\\\/radioleinewelle.de\\\/index.php\\\/2020\\\/11\\\/19\\\/osterode-maskenpflicht-wird-ausgeweitet\\\/#primaryimage\"},\"thumbnailUrl\":\"https:\\\/\\\/radioleinewelle.de\\\/wp-content\\\/uploads\\\/2020\\\/10\\\/coronavirus-4914028_640-1.jpg\",\"datePublished\":\"2020-11-19T04:10:31+00:00\",\"breadcrumb\":{\"@id\":\"https:\\\/\\\/radioleinewelle.de\\\/index.php\\\/2020\\\/11\\\/19\\\/osterode-maskenpflicht-wird-ausgeweitet\\\/#breadcrumb\"},\"inLanguage\":\"de\",\"potentialAction\":[{\"@type\":\"ReadAction\",\"target\":[\"https:\\\/\\\/radioleinewelle.de\\\/index.php\\\/2020\\\/11\\\/19\\\/osterode-maskenpflicht-wird-ausgeweitet\\\/\"]}]},{\"@type\":\"ImageObject\",\"inLanguage\":\"de\",\"@id\":\"https:\\\/\\\/radioleinewelle.de\\\/index.php\\\/2020\\\/11\\\/19\\\/osterode-maskenpflicht-wird-ausgeweitet\\\/#primaryimage\",\"url\":\"https:\\\/\\\/radioleinewelle.de\\\/wp-content\\\/uploads\\\/2020\\\/10\\\/coronavirus-4914028_640-1.jpg\",\"contentUrl\":\"https:\\\/\\\/radioleinewelle.de\\\/wp-content\\\/uploads\\\/2020\\\/10\\\/coronavirus-4914028_640-1.jpg\",\"width\":640,\"height\":363},{\"@type\":\"BreadcrumbList\",\"@id\":\"https:\\\/\\\/radioleinewelle.de\\\/index.php\\\/2020\\\/11\\\/19\\\/osterode-maskenpflicht-wird-ausgeweitet\\\/#breadcrumb\",\"itemListElement\":[{\"@type\":\"ListItem\",\"position\":1,\"name\":\"Startseite\",\"item\":\"https:\\\/\\\/radioleinewelle.de\\\/\"},{\"@type\":\"ListItem\",\"position\":2,\"name\":\"Osterode: Maskenpflicht wird ausgeweitet\"}]},{\"@type\":\"WebSite\",\"@id\":\"https:\\\/\\\/radioleinewelle.de\\\/#website\",\"url\":\"https:\\\/\\\/radioleinewelle.de\\\/\",\"name\":\"Radio Leinewelle\",\"description\":\"\",\"publisher\":{\"@id\":\"https:\\\/\\\/radioleinewelle.de\\\/#organization\"},\"potentialAction\":[{\"@type\":\"SearchAction\",\"target\":{\"@type\":\"EntryPoint\",\"urlTemplate\":\"https:\\\/\\\/radioleinewelle.de\\\/?s={search_term_string}\"},\"query-input\":{\"@type\":\"PropertyValueSpecification\",\"valueRequired\":true,\"valueName\":\"search_term_string\"}}],\"inLanguage\":\"de\"},{\"@type\":\"Organization\",\"@id\":\"https:\\\/\\\/radioleinewelle.de\\\/#organization\",\"name\":\"Radio Leinewelle\",\"alternateName\":\"Mein Radio f\u00fcr S\u00fcdniedersachsen\",\"url\":\"https:\\\/\\\/radioleinewelle.de\\\/\",\"logo\":{\"@type\":\"ImageObject\",\"inLanguage\":\"de\",\"@id\":\"https:\\\/\\\/radioleinewelle.de\\\/#\\\/schema\\\/logo\\\/image\\\/\",\"url\":\"https:\\\/\\\/radioleinewelle.de\\\/wp-content\\\/uploads\\\/2023\\\/11\\\/cropped-Leinewelle_Logo_weiss.png\",\"contentUrl\":\"https:\\\/\\\/radioleinewelle.de\\\/wp-content\\\/uploads\\\/2023\\\/11\\\/cropped-Leinewelle_Logo_weiss.png\",\"width\":854,\"height\":260,\"caption\":\"Radio Leinewelle\"},\"image\":{\"@id\":\"https:\\\/\\\/radioleinewelle.de\\\/#\\\/schema\\\/logo\\\/image\\\/\"},\"sameAs\":[\"https:\\\/\\\/www.facebook.com\\\/radioleinewelle\",\"https:\\\/\\\/x.com\\\/RLeinewelle\",\"https:\\\/\\\/www.instagram.com\\\/radioleinewelle\\\/?hl=de\"]},{\"@type\":\"Person\",\"@id\":\"https:\\\/\\\/radioleinewelle.de\\\/#\\\/schema\\\/person\\\/45606f348637df637192dc1b68399a63\",\"name\":\"Leinewelle\",\"image\":{\"@type\":\"ImageObject\",\"inLanguage\":\"de\",\"@id\":\"https:\\\/\\\/secure.gravatar.com\\\/avatar\\\/05c9a17bc973052ee5d91549bd32fb4dd0dc85b7b85ae94b2e2b4943476bbea5?s=96&d=blank&r=g\",\"url\":\"https:\\\/\\\/secure.gravatar.com\\\/avatar\\\/05c9a17bc973052ee5d91549bd32fb4dd0dc85b7b85ae94b2e2b4943476bbea5?s=96&d=blank&r=g\",\"contentUrl\":\"https:\\\/\\\/secure.gravatar.com\\\/avatar\\\/05c9a17bc973052ee5d91549bd32fb4dd0dc85b7b85ae94b2e2b4943476bbea5?s=96&d=blank&r=g\",\"caption\":\"Leinewelle\"},\"sameAs\":[\"http:\\\/\\\/localhost\\\/radio%20leinewelle\\\/wordpress\",\"https:\\\/\\\/www.facebook.com\\\/radioleinewelle\",\"https:\\\/\\\/www.instagram.com\\\/radioleinewelle\",\"https:\\\/\\\/x.com\\\/https:\\\/\\\/twitter.com\\\/RLeinewelle?ref_src=twsrcgoogletwcampserptwgrauthor\",\"https:\\\/\\\/soundcloud.com\\\/foerderverein-lokalradio?utm_source=clipboard&utm_medium=text&utm_campaign=social_sharing\"],\"url\":\"https:\\\/\\\/radioleinewelle.de\\\/index.php\\\/author\\\/leinewelle\\\/\"}]}<\/script>\n<!-- \/ Yoast SEO plugin. -->","yoast_head_json":{"title":"Osterode: Maskenpflicht wird ausgeweitet - Radio Leinewelle","robots":{"index":"index","follow":"follow","max-snippet":"max-snippet:-1","max-image-preview":"max-image-preview:large","max-video-preview":"max-video-preview:-1"},"canonical":"https:\/\/radioleinewelle.de\/index.php\/2020\/11\/19\/osterode-maskenpflicht-wird-ausgeweitet\/","og_locale":"de_DE","og_type":"article","og_title":"Osterode: Maskenpflicht wird ausgeweitet - Radio Leinewelle","og_description":"Das Gesundheitsamt f\u00fcr die Stadt und den Landkreis G\u00f6ttingen erg\u00e4nzt erneut seine Allgemeinverf\u00fcgung zum Schutz vor dem Coronavirus. In der Stadt Osterode am Harz wird der Bereich erweitert, in der die Maskenpflicht gilt, sobald der Inzidenzwert der Corona-Neuinfektionen bestimmte Marken \u00fcberschreitet. Dazu geh\u00f6ren nun das Gebiet innerhalb des Innenstadtrings sowie der Kurpark. Bislang war nur [&hellip;]","og_url":"https:\/\/radioleinewelle.de\/index.php\/2020\/11\/19\/osterode-maskenpflicht-wird-ausgeweitet\/","og_site_name":"Radio Leinewelle","article_publisher":"https:\/\/www.facebook.com\/radioleinewelle","article_author":"https:\/\/www.facebook.com\/radioleinewelle","article_published_time":"2020-11-19T04:10:31+00:00","og_image":[{"width":640,"height":363,"url":"https:\/\/radioleinewelle.de\/wp-content\/uploads\/2020\/10\/coronavirus-4914028_640-1.jpg","type":"image\/jpeg"}],"author":"Leinewelle","twitter_card":"summary_large_image","twitter_creator":"@https:\/\/twitter.com\/RLeinewelle?ref_src=twsrcgoogletwcampserptwgrauthor","twitter_site":"@RLeinewelle","twitter_misc":{"Verfasst von":"Leinewelle","Gesch\u00e4tzte Lesezeit":"1\u00a0Minute"},"schema":{"@context":"https:\/\/schema.org","@graph":[{"@type":"Article","@id":"https:\/\/radioleinewelle.de\/index.php\/2020\/11\/19\/osterode-maskenpflicht-wird-ausgeweitet\/#article","isPartOf":{"@id":"https:\/\/radioleinewelle.de\/index.php\/2020\/11\/19\/osterode-maskenpflicht-wird-ausgeweitet\/"},"author":{"name":"Leinewelle","@id":"https:\/\/radioleinewelle.de\/#\/schema\/person\/45606f348637df637192dc1b68399a63"},"headline":"Osterode: Maskenpflicht wird ausgeweitet","datePublished":"2020-11-19T04:10:31+00:00","mainEntityOfPage":{"@id":"https:\/\/radioleinewelle.de\/index.php\/2020\/11\/19\/osterode-maskenpflicht-wird-ausgeweitet\/"},"wordCount":276,"publisher":{"@id":"https:\/\/radioleinewelle.de\/#organization"},"image":{"@id":"https:\/\/radioleinewelle.de\/index.php\/2020\/11\/19\/osterode-maskenpflicht-wird-ausgeweitet\/#primaryimage"},"thumbnailUrl":"https:\/\/radioleinewelle.de\/wp-content\/uploads\/2020\/10\/coronavirus-4914028_640-1.jpg","articleSection":["Aktuelle Nachrichten"],"inLanguage":"de"},{"@type":"WebPage","@id":"https:\/\/radioleinewelle.de\/index.php\/2020\/11\/19\/osterode-maskenpflicht-wird-ausgeweitet\/","url":"https:\/\/radioleinewelle.de\/index.php\/2020\/11\/19\/osterode-maskenpflicht-wird-ausgeweitet\/","name":"Osterode: Maskenpflicht wird ausgeweitet - Radio Leinewelle","isPartOf":{"@id":"https:\/\/radioleinewelle.de\/#website"},"primaryImageOfPage":{"@id":"https:\/\/radioleinewelle.de\/index.php\/2020\/11\/19\/osterode-maskenpflicht-wird-ausgeweitet\/#primaryimage"},"image":{"@id":"https:\/\/radioleinewelle.de\/index.php\/2020\/11\/19\/osterode-maskenpflicht-wird-ausgeweitet\/#primaryimage"},"thumbnailUrl":"https:\/\/radioleinewelle.de\/wp-content\/uploads\/2020\/10\/coronavirus-4914028_640-1.jpg","datePublished":"2020-11-19T04:10:31+00:00","breadcrumb":{"@id":"https:\/\/radioleinewelle.de\/index.php\/2020\/11\/19\/osterode-maskenpflicht-wird-ausgeweitet\/#breadcrumb"},"inLanguage":"de","potentialAction":[{"@type":"ReadAction","target":["https:\/\/radioleinewelle.de\/index.php\/2020\/11\/19\/osterode-maskenpflicht-wird-ausgeweitet\/"]}]},{"@type":"ImageObject","inLanguage":"de","@id":"https:\/\/radioleinewelle.de\/index.php\/2020\/11\/19\/osterode-maskenpflicht-wird-ausgeweitet\/#primaryimage","url":"https:\/\/radioleinewelle.de\/wp-content\/uploads\/2020\/10\/coronavirus-4914028_640-1.jpg","contentUrl":"https:\/\/radioleinewelle.de\/wp-content\/uploads\/2020\/10\/coronavirus-4914028_640-1.jpg","width":640,"height":363},{"@type":"BreadcrumbList","@id":"https:\/\/radioleinewelle.de\/index.php\/2020\/11\/19\/osterode-maskenpflicht-wird-ausgeweitet\/#breadcrumb","itemListElement":[{"@type":"ListItem","position":1,"name":"Startseite","item":"https:\/\/radioleinewelle.de\/"},{"@type":"ListItem","position":2,"name":"Osterode: Maskenpflicht wird ausgeweitet"}]},{"@type":"WebSite","@id":"https:\/\/radioleinewelle.de\/#website","url":"https:\/\/radioleinewelle.de\/","name":"Radio Leinewelle","description":"","publisher":{"@id":"https:\/\/radioleinewelle.de\/#organization"},"potentialAction":[{"@type":"SearchAction","target":{"@type":"EntryPoint","urlTemplate":"https:\/\/radioleinewelle.de\/?s={search_term_string}"},"query-input":{"@type":"PropertyValueSpecification","valueRequired":true,"valueName":"search_term_string"}}],"inLanguage":"de"},{"@type":"Organization","@id":"https:\/\/radioleinewelle.de\/#organization","name":"Radio Leinewelle","alternateName":"Mein Radio f\u00fcr S\u00fcdniedersachsen","url":"https:\/\/radioleinewelle.de\/","logo":{"@type":"ImageObject","inLanguage":"de","@id":"https:\/\/radioleinewelle.de\/#\/schema\/logo\/image\/","url":"https:\/\/radioleinewelle.de\/wp-content\/uploads\/2023\/11\/cropped-Leinewelle_Logo_weiss.png","contentUrl":"https:\/\/radioleinewelle.de\/wp-content\/uploads\/2023\/11\/cropped-Leinewelle_Logo_weiss.png","width":854,"height":260,"caption":"Radio Leinewelle"},"image":{"@id":"https:\/\/radioleinewelle.de\/#\/schema\/logo\/image\/"},"sameAs":["https:\/\/www.facebook.com\/radioleinewelle","https:\/\/x.com\/RLeinewelle","https:\/\/www.instagram.com\/radioleinewelle\/?hl=de"]},{"@type":"Person","@id":"https:\/\/radioleinewelle.de\/#\/schema\/person\/45606f348637df637192dc1b68399a63","name":"Leinewelle","image":{"@type":"ImageObject","inLanguage":"de","@id":"https:\/\/secure.gravatar.com\/avatar\/05c9a17bc973052ee5d91549bd32fb4dd0dc85b7b85ae94b2e2b4943476bbea5?s=96&d=blank&r=g","url":"https:\/\/secure.gravatar.com\/avatar\/05c9a17bc973052ee5d91549bd32fb4dd0dc85b7b85ae94b2e2b4943476bbea5?s=96&d=blank&r=g","contentUrl":"https:\/\/secure.gravatar.com\/avatar\/05c9a17bc973052ee5d91549bd32fb4dd0dc85b7b85ae94b2e2b4943476bbea5?s=96&d=blank&r=g","caption":"Leinewelle"},"sameAs":["http:\/\/localhost\/radio%20leinewelle\/wordpress","https:\/\/www.facebook.com\/radioleinewelle","https:\/\/www.instagram.com\/radioleinewelle","https:\/\/x.com\/https:\/\/twitter.com\/RLeinewelle?ref_src=twsrcgoogletwcampserptwgrauthor","https:\/\/soundcloud.com\/foerderverein-lokalradio?utm_source=clipboard&utm_medium=text&utm_campaign=social_sharing"],"url":"https:\/\/radioleinewelle.de\/index.php\/author\/leinewelle\/"}]}},"_links":{"self":[{"href":"https:\/\/radioleinewelle.de\/index.php\/wp-json\/wp\/v2\/posts\/3019","targetHints":{"allow":["GET"]}}],"collection":[{"href":"https:\/\/radioleinewelle.de\/index.php\/wp-json\/wp\/v2\/posts"}],"about":[{"href":"https:\/\/radioleinewelle.de\/index.php\/wp-json\/wp\/v2\/types\/post"}],"author":[{"embeddable":true,"href":"https:\/\/radioleinewelle.de\/index.php\/wp-json\/wp\/v2\/users\/1"}],"replies":[{"embeddable":true,"href":"https:\/\/radioleinewelle.de\/index.php\/wp-json\/wp\/v2\/comments?post=3019"}],"version-history":[{"count":0,"href":"https:\/\/radioleinewelle.de\/index.php\/wp-json\/wp\/v2\/posts\/3019\/revisions"}],"wp:featuredmedia":[{"embeddable":true,"href":"https:\/\/radioleinewelle.de\/index.php\/wp-json\/wp\/v2\/media\/2613"}],"wp:attachment":[{"href":"https:\/\/radioleinewelle.de\/index.php\/wp-json\/wp\/v2\/media?parent=3019"}],"wp:term":[{"taxonomy":"category","embeddable":true,"href":"https:\/\/radioleinewelle.de\/index.php\/wp-json\/wp\/v2\/categories?post=3019"},{"taxonomy":"post_tag","embeddable":true,"href":"https:\/\/radioleinewelle.de\/index.php\/wp-json\/wp\/v2\/tags?post=3019"}],"curies":[{"name":"wp","href":"https:\/\/api.w.org\/{rel}","templated":true}]}}