{"id":3024,"date":"2020-11-19T05:20:42","date_gmt":"2020-11-19T04:20:42","guid":{"rendered":"https:\/\/radioleinewelle.de\/?p=3024"},"modified":"2020-11-19T05:20:42","modified_gmt":"2020-11-19T04:20:42","slug":"der-wendbachstausee-bleibt-erhalten","status":"publish","type":"post","link":"https:\/\/radioleinewelle.de\/index.php\/2020\/11\/19\/der-wendbachstausee-bleibt-erhalten\/","title":{"rendered":"Der Wendbachstausee bleibt erhalten"},"content":{"rendered":"<p>Gute Nachrichten f\u00fcr die regionale Naherholung: die Umbauarbeiten am Wendebachstausee sind erfolgreich beendet. B\u00e4rbel Diebel-Geries, SPD\u00a0Kreistagsabgeordnete und Mitglied im Zweckverband Wendebachstausee\u00a0\u00e4u\u00dfert sich zum Sedimentr\u00fcckhaltebecken am Wendebachstausee. Der Wendebachstausee als naturnahes Naherholungsgebiet und Badegew\u00e4sser bleibt f\u00fcr die Zukunft erhalten.<\/p>\n<p>Nach einj\u00e4hriger Bauphase ist der Durchstich am Wendebach vollzogen. Auf der Wiese verl\u00e4uft der Wendebach ab sofort in einem neuen, naturnah gestalteten Bachbett und hat einen \u00dcberlauf zum neuen Sedimentr\u00fcckhaltebecken. Bei Starkregen flie\u00dft k\u00fcnftig das sedimentreiche Bachwasser in das R\u00fcckhaltebecken. Das Sediment setzt sich in diesem Becken ab und soll so nicht mehr in den See gelangen. Statt den gesamten See auszubaggern, muss k\u00fcnftig nur noch das R\u00fcckhaltebecken von Zeit zu Zeit ausgebaggert und das Erosionsmaterial wieder auf die Ackerfl\u00e4chen zur\u00fcck gebracht werden. Das spart Kosten und ist \u00f6kologischer als den See abzulassen und auszubaggern. Die Ma\u00dfnahme hat ein Volumen von rund 400.000 Euro, zu 75 % finanziert \u00fcber das Flurbereinigungsverfahren Niedernjesa. Die restliche Summe ist kofinanziert \u00fcber Ersatzgeld vom Landkreis G\u00f6ttingen.<\/p>\n<p>\u201eWir haben vor Ort sehr f\u00fcr den Erhalt des Wendebachstausees als Badegew\u00e4sser gek\u00e4mpft\u201c, so B\u00e4rbel Diebel-Geries, \u00a0\u201eEine regelm\u00e4\u00dfige Entschlammung des gesamten Sees w\u00e4re von den Gemeinden Gleichen und Friedland sowie dem Landkreis dauerhaft nicht zu finanzieren.\u201c Ohne das Flurbereinigungsverfahren und den tollen Einsatz aller Verantwortlichen w\u00e4re das Projekt wohl nicht umsetzbar gewesen. \u201eDeswegen\u201c, so Diebel-Geries, \u201egeht ein herzlicher Dank an Herrn Piper, den Gesch\u00e4ftsf\u00fchrer des Zweckverbands Erholungsgebiet Wendebachstausee, sowie Frau Die\u00dfel und Herrn B\u00f6ckmann vom Amt f\u00fcr regionale Landesentwicklung als Verantwortliche f\u00fcr die Flurbereinigung. Ohne ihren Einsatz w\u00e4re die Ma\u00dfnahme so nicht umsetzbar gewesen.\u201c<\/p>\n<p>&#8212;&#8212;&#8212;&#8212;&#8212;&#8212;&#8212;&#8212;&#8212;&#8212;&#8212;&#8212;&#8212;&#8212;&#8212;&#8212;&#8212;&#8212;&#8212;&#8212;&#8212;&#8212;&#8212;&#8212;&#8212;&#8212;&#8212;&#8212;&#8212;&#8212;&#8212;&#8212;&#8212;&#8212;&#8212;&#8212;&#8212;&#8212;&#8212;&#8212;&#8212;&#8212;&#8212;&#8212;<\/p>\n<p>Foto: (v. l.n.r.) B\u00e4rbel Diebel-Geries (Kreistagsabgeordnete) und Manfred Kuhlmann (B\u00fcrgermeister Gemeinde Gleichen) \u00a9B. Diebel-Geries<\/p>\n","protected":false},"excerpt":{"rendered":"<p>Gute Nachrichten f\u00fcr die regionale Naherholung: die Umbauarbeiten am Wendebachstausee sind erfolgreich beendet. B\u00e4rbel Diebel-Geries, SPD\u00a0Kreistagsabgeordnete und Mitglied im Zweckverband Wendebachstausee\u00a0\u00e4u\u00dfert sich zum Sedimentr\u00fcckhaltebecken am Wendebachstausee. Der Wendebachstausee als naturnahes Naherholungsgebiet und Badegew\u00e4sser bleibt f\u00fcr die Zukunft erhalten. Nach einj\u00e4hriger Bauphase ist der Durchstich am Wendebach vollzogen. Auf der Wiese verl\u00e4uft der Wendebach ab sofort [&hellip;]<\/p>\n","protected":false},"author":1,"featured_media":0,"comment_status":"closed","ping_status":"closed","sticky":false,"template":"","format":"standard","meta":{"saved_in_kubio":false,"footnotes":""},"categories":[42],"tags":[],"class_list":["post-3024","post","type-post","status-publish","format-standard","hentry","category-regionaler-tourismus"],"yoast_head":"<!-- This site is optimized with the Yoast SEO plugin v27.5 - https:\/\/yoast.com\/product\/yoast-seo-wordpress\/ -->\n<title>Der Wendbachstausee bleibt erhalten - Radio Leinewelle<\/title>\n<meta name=\"robots\" content=\"index, follow, max-snippet:-1, max-image-preview:large, max-video-preview:-1\" \/>\n<link rel=\"canonical\" href=\"https:\/\/radioleinewelle.de\/index.php\/2020\/11\/19\/der-wendbachstausee-bleibt-erhalten\/\" \/>\n<meta property=\"og:locale\" content=\"de_DE\" \/>\n<meta property=\"og:type\" content=\"article\" \/>\n<meta property=\"og:title\" content=\"Der Wendbachstausee bleibt erhalten - Radio Leinewelle\" \/>\n<meta property=\"og:description\" content=\"Gute Nachrichten f\u00fcr die regionale Naherholung: die Umbauarbeiten am Wendebachstausee sind erfolgreich beendet. B\u00e4rbel Diebel-Geries, SPD\u00a0Kreistagsabgeordnete und Mitglied im Zweckverband Wendebachstausee\u00a0\u00e4u\u00dfert sich zum Sedimentr\u00fcckhaltebecken am Wendebachstausee. Der Wendebachstausee als naturnahes Naherholungsgebiet und Badegew\u00e4sser bleibt f\u00fcr die Zukunft erhalten. Nach einj\u00e4hriger Bauphase ist der Durchstich am Wendebach vollzogen. Auf der Wiese verl\u00e4uft der Wendebach ab sofort [&hellip;]\" \/>\n<meta property=\"og:url\" content=\"https:\/\/radioleinewelle.de\/index.php\/2020\/11\/19\/der-wendbachstausee-bleibt-erhalten\/\" \/>\n<meta property=\"og:site_name\" content=\"Radio Leinewelle\" \/>\n<meta property=\"article:publisher\" content=\"https:\/\/www.facebook.com\/radioleinewelle\" \/>\n<meta property=\"article:author\" content=\"https:\/\/www.facebook.com\/radioleinewelle\" \/>\n<meta property=\"article:published_time\" content=\"2020-11-19T04:20:42+00:00\" \/>\n<meta name=\"author\" content=\"Leinewelle\" \/>\n<meta name=\"twitter:card\" content=\"summary_large_image\" \/>\n<meta name=\"twitter:creator\" content=\"@https:\/\/twitter.com\/RLeinewelle?ref_src=twsrcgoogletwcampserptwgrauthor\" \/>\n<meta name=\"twitter:site\" content=\"@RLeinewelle\" \/>\n<meta name=\"twitter:label1\" content=\"Verfasst von\" \/>\n\t<meta name=\"twitter:data1\" content=\"Leinewelle\" \/>\n\t<meta name=\"twitter:label2\" content=\"Gesch\u00e4tzte Lesezeit\" \/>\n\t<meta name=\"twitter:data2\" content=\"2\u00a0Minuten\" \/>\n<script type=\"application\/ld+json\" class=\"yoast-schema-graph\">{\"@context\":\"https:\\\/\\\/schema.org\",\"@graph\":[{\"@type\":\"Article\",\"@id\":\"https:\\\/\\\/radioleinewelle.de\\\/index.php\\\/2020\\\/11\\\/19\\\/der-wendbachstausee-bleibt-erhalten\\\/#article\",\"isPartOf\":{\"@id\":\"https:\\\/\\\/radioleinewelle.de\\\/index.php\\\/2020\\\/11\\\/19\\\/der-wendbachstausee-bleibt-erhalten\\\/\"},\"author\":{\"name\":\"Leinewelle\",\"@id\":\"https:\\\/\\\/radioleinewelle.de\\\/#\\\/schema\\\/person\\\/45606f348637df637192dc1b68399a63\"},\"headline\":\"Der Wendbachstausee bleibt erhalten\",\"datePublished\":\"2020-11-19T04:20:42+00:00\",\"mainEntityOfPage\":{\"@id\":\"https:\\\/\\\/radioleinewelle.de\\\/index.php\\\/2020\\\/11\\\/19\\\/der-wendbachstausee-bleibt-erhalten\\\/\"},\"wordCount\":309,\"publisher\":{\"@id\":\"https:\\\/\\\/radioleinewelle.de\\\/#organization\"},\"articleSection\":[\"Regionaler Tourismus\"],\"inLanguage\":\"de\"},{\"@type\":\"WebPage\",\"@id\":\"https:\\\/\\\/radioleinewelle.de\\\/index.php\\\/2020\\\/11\\\/19\\\/der-wendbachstausee-bleibt-erhalten\\\/\",\"url\":\"https:\\\/\\\/radioleinewelle.de\\\/index.php\\\/2020\\\/11\\\/19\\\/der-wendbachstausee-bleibt-erhalten\\\/\",\"name\":\"Der Wendbachstausee bleibt erhalten - Radio Leinewelle\",\"isPartOf\":{\"@id\":\"https:\\\/\\\/radioleinewelle.de\\\/#website\"},\"datePublished\":\"2020-11-19T04:20:42+00:00\",\"breadcrumb\":{\"@id\":\"https:\\\/\\\/radioleinewelle.de\\\/index.php\\\/2020\\\/11\\\/19\\\/der-wendbachstausee-bleibt-erhalten\\\/#breadcrumb\"},\"inLanguage\":\"de\",\"potentialAction\":[{\"@type\":\"ReadAction\",\"target\":[\"https:\\\/\\\/radioleinewelle.de\\\/index.php\\\/2020\\\/11\\\/19\\\/der-wendbachstausee-bleibt-erhalten\\\/\"]}]},{\"@type\":\"BreadcrumbList\",\"@id\":\"https:\\\/\\\/radioleinewelle.de\\\/index.php\\\/2020\\\/11\\\/19\\\/der-wendbachstausee-bleibt-erhalten\\\/#breadcrumb\",\"itemListElement\":[{\"@type\":\"ListItem\",\"position\":1,\"name\":\"Startseite\",\"item\":\"https:\\\/\\\/radioleinewelle.de\\\/\"},{\"@type\":\"ListItem\",\"position\":2,\"name\":\"Der Wendbachstausee bleibt erhalten\"}]},{\"@type\":\"WebSite\",\"@id\":\"https:\\\/\\\/radioleinewelle.de\\\/#website\",\"url\":\"https:\\\/\\\/radioleinewelle.de\\\/\",\"name\":\"Radio Leinewelle\",\"description\":\"\",\"publisher\":{\"@id\":\"https:\\\/\\\/radioleinewelle.de\\\/#organization\"},\"potentialAction\":[{\"@type\":\"SearchAction\",\"target\":{\"@type\":\"EntryPoint\",\"urlTemplate\":\"https:\\\/\\\/radioleinewelle.de\\\/?s={search_term_string}\"},\"query-input\":{\"@type\":\"PropertyValueSpecification\",\"valueRequired\":true,\"valueName\":\"search_term_string\"}}],\"inLanguage\":\"de\"},{\"@type\":\"Organization\",\"@id\":\"https:\\\/\\\/radioleinewelle.de\\\/#organization\",\"name\":\"Radio Leinewelle\",\"alternateName\":\"Mein Radio f\u00fcr S\u00fcdniedersachsen\",\"url\":\"https:\\\/\\\/radioleinewelle.de\\\/\",\"logo\":{\"@type\":\"ImageObject\",\"inLanguage\":\"de\",\"@id\":\"https:\\\/\\\/radioleinewelle.de\\\/#\\\/schema\\\/logo\\\/image\\\/\",\"url\":\"https:\\\/\\\/radioleinewelle.de\\\/wp-content\\\/uploads\\\/2023\\\/11\\\/cropped-Leinewelle_Logo_weiss.png\",\"contentUrl\":\"https:\\\/\\\/radioleinewelle.de\\\/wp-content\\\/uploads\\\/2023\\\/11\\\/cropped-Leinewelle_Logo_weiss.png\",\"width\":854,\"height\":260,\"caption\":\"Radio Leinewelle\"},\"image\":{\"@id\":\"https:\\\/\\\/radioleinewelle.de\\\/#\\\/schema\\\/logo\\\/image\\\/\"},\"sameAs\":[\"https:\\\/\\\/www.facebook.com\\\/radioleinewelle\",\"https:\\\/\\\/x.com\\\/RLeinewelle\",\"https:\\\/\\\/www.instagram.com\\\/radioleinewelle\\\/?hl=de\"]},{\"@type\":\"Person\",\"@id\":\"https:\\\/\\\/radioleinewelle.de\\\/#\\\/schema\\\/person\\\/45606f348637df637192dc1b68399a63\",\"name\":\"Leinewelle\",\"image\":{\"@type\":\"ImageObject\",\"inLanguage\":\"de\",\"@id\":\"https:\\\/\\\/secure.gravatar.com\\\/avatar\\\/05c9a17bc973052ee5d91549bd32fb4dd0dc85b7b85ae94b2e2b4943476bbea5?s=96&d=blank&r=g\",\"url\":\"https:\\\/\\\/secure.gravatar.com\\\/avatar\\\/05c9a17bc973052ee5d91549bd32fb4dd0dc85b7b85ae94b2e2b4943476bbea5?s=96&d=blank&r=g\",\"contentUrl\":\"https:\\\/\\\/secure.gravatar.com\\\/avatar\\\/05c9a17bc973052ee5d91549bd32fb4dd0dc85b7b85ae94b2e2b4943476bbea5?s=96&d=blank&r=g\",\"caption\":\"Leinewelle\"},\"sameAs\":[\"http:\\\/\\\/localhost\\\/radio%20leinewelle\\\/wordpress\",\"https:\\\/\\\/www.facebook.com\\\/radioleinewelle\",\"https:\\\/\\\/www.instagram.com\\\/radioleinewelle\",\"https:\\\/\\\/x.com\\\/https:\\\/\\\/twitter.com\\\/RLeinewelle?ref_src=twsrcgoogletwcampserptwgrauthor\",\"https:\\\/\\\/soundcloud.com\\\/foerderverein-lokalradio?utm_source=clipboard&utm_medium=text&utm_campaign=social_sharing\"],\"url\":\"https:\\\/\\\/radioleinewelle.de\\\/index.php\\\/author\\\/leinewelle\\\/\"}]}<\/script>\n<!-- \/ Yoast SEO plugin. -->","yoast_head_json":{"title":"Der Wendbachstausee bleibt erhalten - Radio Leinewelle","robots":{"index":"index","follow":"follow","max-snippet":"max-snippet:-1","max-image-preview":"max-image-preview:large","max-video-preview":"max-video-preview:-1"},"canonical":"https:\/\/radioleinewelle.de\/index.php\/2020\/11\/19\/der-wendbachstausee-bleibt-erhalten\/","og_locale":"de_DE","og_type":"article","og_title":"Der Wendbachstausee bleibt erhalten - Radio Leinewelle","og_description":"Gute Nachrichten f\u00fcr die regionale Naherholung: die Umbauarbeiten am Wendebachstausee sind erfolgreich beendet. B\u00e4rbel Diebel-Geries, SPD\u00a0Kreistagsabgeordnete und Mitglied im Zweckverband Wendebachstausee\u00a0\u00e4u\u00dfert sich zum Sedimentr\u00fcckhaltebecken am Wendebachstausee. Der Wendebachstausee als naturnahes Naherholungsgebiet und Badegew\u00e4sser bleibt f\u00fcr die Zukunft erhalten. Nach einj\u00e4hriger Bauphase ist der Durchstich am Wendebach vollzogen. Auf der Wiese verl\u00e4uft der Wendebach ab sofort [&hellip;]","og_url":"https:\/\/radioleinewelle.de\/index.php\/2020\/11\/19\/der-wendbachstausee-bleibt-erhalten\/","og_site_name":"Radio Leinewelle","article_publisher":"https:\/\/www.facebook.com\/radioleinewelle","article_author":"https:\/\/www.facebook.com\/radioleinewelle","article_published_time":"2020-11-19T04:20:42+00:00","author":"Leinewelle","twitter_card":"summary_large_image","twitter_creator":"@https:\/\/twitter.com\/RLeinewelle?ref_src=twsrcgoogletwcampserptwgrauthor","twitter_site":"@RLeinewelle","twitter_misc":{"Verfasst von":"Leinewelle","Gesch\u00e4tzte Lesezeit":"2\u00a0Minuten"},"schema":{"@context":"https:\/\/schema.org","@graph":[{"@type":"Article","@id":"https:\/\/radioleinewelle.de\/index.php\/2020\/11\/19\/der-wendbachstausee-bleibt-erhalten\/#article","isPartOf":{"@id":"https:\/\/radioleinewelle.de\/index.php\/2020\/11\/19\/der-wendbachstausee-bleibt-erhalten\/"},"author":{"name":"Leinewelle","@id":"https:\/\/radioleinewelle.de\/#\/schema\/person\/45606f348637df637192dc1b68399a63"},"headline":"Der Wendbachstausee bleibt erhalten","datePublished":"2020-11-19T04:20:42+00:00","mainEntityOfPage":{"@id":"https:\/\/radioleinewelle.de\/index.php\/2020\/11\/19\/der-wendbachstausee-bleibt-erhalten\/"},"wordCount":309,"publisher":{"@id":"https:\/\/radioleinewelle.de\/#organization"},"articleSection":["Regionaler Tourismus"],"inLanguage":"de"},{"@type":"WebPage","@id":"https:\/\/radioleinewelle.de\/index.php\/2020\/11\/19\/der-wendbachstausee-bleibt-erhalten\/","url":"https:\/\/radioleinewelle.de\/index.php\/2020\/11\/19\/der-wendbachstausee-bleibt-erhalten\/","name":"Der Wendbachstausee bleibt erhalten - Radio Leinewelle","isPartOf":{"@id":"https:\/\/radioleinewelle.de\/#website"},"datePublished":"2020-11-19T04:20:42+00:00","breadcrumb":{"@id":"https:\/\/radioleinewelle.de\/index.php\/2020\/11\/19\/der-wendbachstausee-bleibt-erhalten\/#breadcrumb"},"inLanguage":"de","potentialAction":[{"@type":"ReadAction","target":["https:\/\/radioleinewelle.de\/index.php\/2020\/11\/19\/der-wendbachstausee-bleibt-erhalten\/"]}]},{"@type":"BreadcrumbList","@id":"https:\/\/radioleinewelle.de\/index.php\/2020\/11\/19\/der-wendbachstausee-bleibt-erhalten\/#breadcrumb","itemListElement":[{"@type":"ListItem","position":1,"name":"Startseite","item":"https:\/\/radioleinewelle.de\/"},{"@type":"ListItem","position":2,"name":"Der Wendbachstausee bleibt erhalten"}]},{"@type":"WebSite","@id":"https:\/\/radioleinewelle.de\/#website","url":"https:\/\/radioleinewelle.de\/","name":"Radio Leinewelle","description":"","publisher":{"@id":"https:\/\/radioleinewelle.de\/#organization"},"potentialAction":[{"@type":"SearchAction","target":{"@type":"EntryPoint","urlTemplate":"https:\/\/radioleinewelle.de\/?s={search_term_string}"},"query-input":{"@type":"PropertyValueSpecification","valueRequired":true,"valueName":"search_term_string"}}],"inLanguage":"de"},{"@type":"Organization","@id":"https:\/\/radioleinewelle.de\/#organization","name":"Radio Leinewelle","alternateName":"Mein Radio f\u00fcr S\u00fcdniedersachsen","url":"https:\/\/radioleinewelle.de\/","logo":{"@type":"ImageObject","inLanguage":"de","@id":"https:\/\/radioleinewelle.de\/#\/schema\/logo\/image\/","url":"https:\/\/radioleinewelle.de\/wp-content\/uploads\/2023\/11\/cropped-Leinewelle_Logo_weiss.png","contentUrl":"https:\/\/radioleinewelle.de\/wp-content\/uploads\/2023\/11\/cropped-Leinewelle_Logo_weiss.png","width":854,"height":260,"caption":"Radio Leinewelle"},"image":{"@id":"https:\/\/radioleinewelle.de\/#\/schema\/logo\/image\/"},"sameAs":["https:\/\/www.facebook.com\/radioleinewelle","https:\/\/x.com\/RLeinewelle","https:\/\/www.instagram.com\/radioleinewelle\/?hl=de"]},{"@type":"Person","@id":"https:\/\/radioleinewelle.de\/#\/schema\/person\/45606f348637df637192dc1b68399a63","name":"Leinewelle","image":{"@type":"ImageObject","inLanguage":"de","@id":"https:\/\/secure.gravatar.com\/avatar\/05c9a17bc973052ee5d91549bd32fb4dd0dc85b7b85ae94b2e2b4943476bbea5?s=96&d=blank&r=g","url":"https:\/\/secure.gravatar.com\/avatar\/05c9a17bc973052ee5d91549bd32fb4dd0dc85b7b85ae94b2e2b4943476bbea5?s=96&d=blank&r=g","contentUrl":"https:\/\/secure.gravatar.com\/avatar\/05c9a17bc973052ee5d91549bd32fb4dd0dc85b7b85ae94b2e2b4943476bbea5?s=96&d=blank&r=g","caption":"Leinewelle"},"sameAs":["http:\/\/localhost\/radio%20leinewelle\/wordpress","https:\/\/www.facebook.com\/radioleinewelle","https:\/\/www.instagram.com\/radioleinewelle","https:\/\/x.com\/https:\/\/twitter.com\/RLeinewelle?ref_src=twsrcgoogletwcampserptwgrauthor","https:\/\/soundcloud.com\/foerderverein-lokalradio?utm_source=clipboard&utm_medium=text&utm_campaign=social_sharing"],"url":"https:\/\/radioleinewelle.de\/index.php\/author\/leinewelle\/"}]}},"_links":{"self":[{"href":"https:\/\/radioleinewelle.de\/index.php\/wp-json\/wp\/v2\/posts\/3024","targetHints":{"allow":["GET"]}}],"collection":[{"href":"https:\/\/radioleinewelle.de\/index.php\/wp-json\/wp\/v2\/posts"}],"about":[{"href":"https:\/\/radioleinewelle.de\/index.php\/wp-json\/wp\/v2\/types\/post"}],"author":[{"embeddable":true,"href":"https:\/\/radioleinewelle.de\/index.php\/wp-json\/wp\/v2\/users\/1"}],"replies":[{"embeddable":true,"href":"https:\/\/radioleinewelle.de\/index.php\/wp-json\/wp\/v2\/comments?post=3024"}],"version-history":[{"count":0,"href":"https:\/\/radioleinewelle.de\/index.php\/wp-json\/wp\/v2\/posts\/3024\/revisions"}],"wp:attachment":[{"href":"https:\/\/radioleinewelle.de\/index.php\/wp-json\/wp\/v2\/media?parent=3024"}],"wp:term":[{"taxonomy":"category","embeddable":true,"href":"https:\/\/radioleinewelle.de\/index.php\/wp-json\/wp\/v2\/categories?post=3024"},{"taxonomy":"post_tag","embeddable":true,"href":"https:\/\/radioleinewelle.de\/index.php\/wp-json\/wp\/v2\/tags?post=3024"}],"curies":[{"name":"wp","href":"https:\/\/api.w.org\/{rel}","templated":true}]}}