{"id":30249,"date":"2026-01-17T12:13:58","date_gmt":"2026-01-17T11:13:58","guid":{"rendered":"https:\/\/radioleinewelle.de\/?p=30249"},"modified":"2026-01-17T21:38:56","modified_gmt":"2026-01-17T20:38:56","slug":"fotoaugenblicke-die-ganze-erste-staffel","status":"publish","type":"post","link":"https:\/\/radioleinewelle.de\/index.php\/2026\/01\/17\/fotoaugenblicke-die-ganze-erste-staffel\/","title":{"rendered":"Fotoaugenblick &#8211; die komplette erste Staffel"},"content":{"rendered":"\n<p>Fotoaugenblick ist der Fotopodcast von Radio Leinewelle f\u00fcr alle, die Fotografie bewusster erleben m\u00f6chten. Fotograf Andreas Blomeyer nimmt die H\u00f6rerinnen und H\u00f6rer mit in die Welt der Fotografie \u2013 zwischen Technik und Kreativit\u00e4t, Inspiration und Haltung. In der ersten Staffel geht es um Motive finden, den eigenen fotografischen Blick, die Frage nach dem Publikum und den Einfluss sozialer Medien auf das Fotografieren. Die komplette Staffel ist jetzt auf Spotify verf\u00fcgbar und hier auf\u00a0<a href=\"http:\/\/radioleinewelle.de\/\">Radio Leinewelle<\/a>\u00a0abrufbar.<\/p>\n\n\n\n<p><\/p>\n\n\n\n<figure class=\"wp-block-embed is-type-rich is-provider-spotify wp-block-embed-spotify wp-embed-aspect-21-9 wp-has-aspect-ratio\"><div class=\"wp-block-embed__wrapper\">\n<iframe title=\"Spotify Embed: Vorstellung und Start des Podcast\" style=\"border-radius: 12px\" width=\"100%\" height=\"152\" frameborder=\"0\" allowfullscreen allow=\"autoplay; clipboard-write; encrypted-media; fullscreen; picture-in-picture\" loading=\"lazy\" src=\"https:\/\/open.spotify.com\/embed\/episode\/6fLJZTaSBGbWLjei1r7y1k?si=tEBl9lfzQQmKJsy90CtjRA&amp;utm_source=oembed\"><\/iframe>\n<\/div><\/figure>\n\n\n\n<figure class=\"wp-block-embed is-type-rich is-provider-spotify wp-block-embed-spotify wp-embed-aspect-21-9 wp-has-aspect-ratio\"><div class=\"wp-block-embed__wrapper\">\n<iframe title=\"Spotify Embed: Technik &amp; Kreativit\u00e4t\" style=\"border-radius: 12px\" width=\"100%\" height=\"152\" frameborder=\"0\" allowfullscreen allow=\"autoplay; clipboard-write; encrypted-media; fullscreen; picture-in-picture\" loading=\"lazy\" src=\"https:\/\/open.spotify.com\/embed\/episode\/0MMkm7cyQPjIVqIzIsWUZd?si=C7cSlcK2QRiFZzhtr_pyUQ&amp;utm_source=oembed\"><\/iframe>\n<\/div><\/figure>\n\n\n\n<figure class=\"wp-block-embed is-type-rich is-provider-spotify wp-block-embed-spotify wp-embed-aspect-21-9 wp-has-aspect-ratio\"><div class=\"wp-block-embed__wrapper\">\n<iframe title=\"Spotify Embed: Soziale Medien und ich\" style=\"border-radius: 12px\" width=\"100%\" height=\"152\" frameborder=\"0\" allowfullscreen allow=\"autoplay; clipboard-write; encrypted-media; fullscreen; picture-in-picture\" loading=\"lazy\" src=\"https:\/\/open.spotify.com\/embed\/episode\/3EzfEUqBrmFugIWnUpOZts?si=DdTtPQ1gSRCVQ0hsZizUwA&amp;utm_source=oembed\"><\/iframe>\n<\/div><\/figure>\n\n\n\n<figure class=\"wp-block-embed is-type-rich is-provider-spotify wp-block-embed-spotify wp-embed-aspect-21-9 wp-has-aspect-ratio\"><div class=\"wp-block-embed__wrapper\">\n<iframe title=\"Spotify Embed: Folge 4 - F\u00fcr wen fotografiere ich?\" style=\"border-radius: 12px\" width=\"100%\" height=\"152\" frameborder=\"0\" allowfullscreen allow=\"autoplay; clipboard-write; encrypted-media; fullscreen; picture-in-picture\" loading=\"lazy\" src=\"https:\/\/open.spotify.com\/embed\/episode\/5YetYoSdt5f13zorMj6zdr?si=buA_2HWeS46fIBle3ODe9Q&amp;utm_source=oembed\"><\/iframe>\n<\/div><\/figure>\n\n\n\n<figure class=\"wp-block-embed is-type-rich is-provider-spotify wp-block-embed-spotify wp-embed-aspect-21-9 wp-has-aspect-ratio\"><div class=\"wp-block-embed__wrapper\">\n<iframe title=\"Spotify Embed: Motive finden\" style=\"border-radius: 12px\" width=\"100%\" height=\"152\" frameborder=\"0\" allowfullscreen allow=\"autoplay; clipboard-write; encrypted-media; fullscreen; picture-in-picture\" loading=\"lazy\" src=\"https:\/\/open.spotify.com\/embed\/episode\/2ZntqA44a9BNk4EXSsuvA5?si=-Z4cZm0uQOyGD8iqlqbkdw&amp;utm_source=oembed\"><\/iframe>\n<\/div><\/figure>\n\n\n\n<p><strong>Folge 6 folgt<\/strong><\/p>\n\n\n\n<p><\/p>\n","protected":false},"excerpt":{"rendered":"<p>Fotoaugenblick ist der Fotopodcast von Radio Leinewelle f\u00fcr alle, die Fotografie bewusster erleben m\u00f6chten. Fotograf Andreas Blomeyer nimmt die H\u00f6rerinnen und H\u00f6rer mit in die Welt der Fotografie \u2013 zwischen Technik und Kreativit\u00e4t, Inspiration und Haltung. In der ersten Staffel geht es um Motive finden, den eigenen fotografischen Blick, die Frage nach dem Publikum und [&hellip;]<\/p>\n","protected":false},"author":1,"featured_media":26813,"comment_status":"open","ping_status":"open","sticky":false,"template":"","format":"standard","meta":{"saved_in_kubio":false,"footnotes":""},"categories":[765,52,2499],"tags":[4170,4775,4772,4776,1075,4773],"class_list":["post-30249","post","type-post","status-publish","format-standard","has-post-thumbnail","hentry","category-fortbildung","category-freizeit","category-podcast","tag-andreas-blomeyer","tag-foto-und-soziale-medien","tag-fotoschule","tag-kreative-fotografie","tag-podcast","tag-richtig-fotografieren"],"yoast_head":"<!-- This site is optimized with the Yoast SEO plugin v27.5 - https:\/\/yoast.com\/product\/yoast-seo-wordpress\/ -->\n<title>Fotoaugenblick - die komplette erste Staffel - Radio Leinewelle<\/title>\n<meta name=\"description\" content=\"Fotopodcast von Andreas Blomeyer \u00fcber analoge Fotografie in Kooperation mit Radio Leinewelle\" \/>\n<meta name=\"robots\" content=\"index, follow, max-snippet:-1, max-image-preview:large, max-video-preview:-1\" \/>\n<link rel=\"canonical\" href=\"https:\/\/radioleinewelle.de\/index.php\/2026\/01\/17\/fotoaugenblicke-die-ganze-erste-staffel\/\" \/>\n<meta property=\"og:locale\" content=\"de_DE\" \/>\n<meta property=\"og:type\" content=\"article\" \/>\n<meta property=\"og:title\" content=\"Fotoaugenblick - die komplette erste Staffel - Radio Leinewelle\" \/>\n<meta property=\"og:description\" content=\"Fotopodcast von Andreas Blomeyer \u00fcber analoge Fotografie in Kooperation mit Radio Leinewelle\" \/>\n<meta property=\"og:url\" content=\"https:\/\/radioleinewelle.de\/index.php\/2026\/01\/17\/fotoaugenblicke-die-ganze-erste-staffel\/\" \/>\n<meta property=\"og:site_name\" content=\"Radio Leinewelle\" \/>\n<meta property=\"article:publisher\" content=\"https:\/\/www.facebook.com\/radioleinewelle\" \/>\n<meta property=\"article:author\" content=\"https:\/\/www.facebook.com\/radioleinewelle\" \/>\n<meta property=\"article:published_time\" content=\"2026-01-17T11:13:58+00:00\" \/>\n<meta property=\"article:modified_time\" content=\"2026-01-17T20:38:56+00:00\" \/>\n<meta property=\"og:image\" content=\"https:\/\/radioleinewelle.de\/wp-content\/uploads\/2024\/11\/Titel-Fotoaugenblicke.jpg\" \/>\n\t<meta property=\"og:image:width\" content=\"1500\" \/>\n\t<meta property=\"og:image:height\" content=\"1500\" \/>\n\t<meta property=\"og:image:type\" content=\"image\/jpeg\" \/>\n<meta name=\"author\" content=\"Leinewelle\" \/>\n<meta name=\"twitter:card\" content=\"summary_large_image\" \/>\n<meta name=\"twitter:creator\" content=\"@https:\/\/twitter.com\/RLeinewelle?ref_src=twsrcgoogletwcampserptwgrauthor\" \/>\n<meta name=\"twitter:site\" content=\"@RLeinewelle\" \/>\n<meta name=\"twitter:label1\" content=\"Verfasst von\" \/>\n\t<meta name=\"twitter:data1\" content=\"Leinewelle\" \/>\n\t<meta name=\"twitter:label2\" content=\"Gesch\u00e4tzte Lesezeit\" \/>\n\t<meta name=\"twitter:data2\" content=\"1\u00a0Minute\" \/>\n<script type=\"application\/ld+json\" class=\"yoast-schema-graph\">{\"@context\":\"https:\\\/\\\/schema.org\",\"@graph\":[{\"@type\":\"Article\",\"@id\":\"https:\\\/\\\/radioleinewelle.de\\\/index.php\\\/2026\\\/01\\\/17\\\/fotoaugenblicke-die-ganze-erste-staffel\\\/#article\",\"isPartOf\":{\"@id\":\"https:\\\/\\\/radioleinewelle.de\\\/index.php\\\/2026\\\/01\\\/17\\\/fotoaugenblicke-die-ganze-erste-staffel\\\/\"},\"author\":{\"name\":\"Leinewelle\",\"@id\":\"https:\\\/\\\/radioleinewelle.de\\\/#\\\/schema\\\/person\\\/45606f348637df637192dc1b68399a63\"},\"headline\":\"Fotoaugenblick &#8211; die komplette erste Staffel\",\"datePublished\":\"2026-01-17T11:13:58+00:00\",\"dateModified\":\"2026-01-17T20:38:56+00:00\",\"mainEntityOfPage\":{\"@id\":\"https:\\\/\\\/radioleinewelle.de\\\/index.php\\\/2026\\\/01\\\/17\\\/fotoaugenblicke-die-ganze-erste-staffel\\\/\"},\"wordCount\":153,\"commentCount\":0,\"publisher\":{\"@id\":\"https:\\\/\\\/radioleinewelle.de\\\/#organization\"},\"image\":{\"@id\":\"https:\\\/\\\/radioleinewelle.de\\\/index.php\\\/2026\\\/01\\\/17\\\/fotoaugenblicke-die-ganze-erste-staffel\\\/#primaryimage\"},\"thumbnailUrl\":\"https:\\\/\\\/radioleinewelle.de\\\/wp-content\\\/uploads\\\/2024\\\/11\\\/Titel-Fotoaugenblicke.jpg\",\"keywords\":[\"Andreas Blomeyer\",\"Foto und soziale medien\",\"Fotoschule\",\"Kreative Fotografie\",\"Podcast\",\"Richtig fotografieren\"],\"articleSection\":[\"Fortbildung\",\"Freizeit\",\"Podcast\"],\"inLanguage\":\"de\",\"potentialAction\":[{\"@type\":\"CommentAction\",\"name\":\"Comment\",\"target\":[\"https:\\\/\\\/radioleinewelle.de\\\/index.php\\\/2026\\\/01\\\/17\\\/fotoaugenblicke-die-ganze-erste-staffel\\\/#respond\"]}]},{\"@type\":\"WebPage\",\"@id\":\"https:\\\/\\\/radioleinewelle.de\\\/index.php\\\/2026\\\/01\\\/17\\\/fotoaugenblicke-die-ganze-erste-staffel\\\/\",\"url\":\"https:\\\/\\\/radioleinewelle.de\\\/index.php\\\/2026\\\/01\\\/17\\\/fotoaugenblicke-die-ganze-erste-staffel\\\/\",\"name\":\"Fotoaugenblick - die komplette erste Staffel - Radio Leinewelle\",\"isPartOf\":{\"@id\":\"https:\\\/\\\/radioleinewelle.de\\\/#website\"},\"primaryImageOfPage\":{\"@id\":\"https:\\\/\\\/radioleinewelle.de\\\/index.php\\\/2026\\\/01\\\/17\\\/fotoaugenblicke-die-ganze-erste-staffel\\\/#primaryimage\"},\"image\":{\"@id\":\"https:\\\/\\\/radioleinewelle.de\\\/index.php\\\/2026\\\/01\\\/17\\\/fotoaugenblicke-die-ganze-erste-staffel\\\/#primaryimage\"},\"thumbnailUrl\":\"https:\\\/\\\/radioleinewelle.de\\\/wp-content\\\/uploads\\\/2024\\\/11\\\/Titel-Fotoaugenblicke.jpg\",\"datePublished\":\"2026-01-17T11:13:58+00:00\",\"dateModified\":\"2026-01-17T20:38:56+00:00\",\"description\":\"Fotopodcast von Andreas Blomeyer \u00fcber analoge Fotografie in Kooperation mit Radio Leinewelle\",\"breadcrumb\":{\"@id\":\"https:\\\/\\\/radioleinewelle.de\\\/index.php\\\/2026\\\/01\\\/17\\\/fotoaugenblicke-die-ganze-erste-staffel\\\/#breadcrumb\"},\"inLanguage\":\"de\",\"potentialAction\":[{\"@type\":\"ReadAction\",\"target\":[\"https:\\\/\\\/radioleinewelle.de\\\/index.php\\\/2026\\\/01\\\/17\\\/fotoaugenblicke-die-ganze-erste-staffel\\\/\"]}]},{\"@type\":\"ImageObject\",\"inLanguage\":\"de\",\"@id\":\"https:\\\/\\\/radioleinewelle.de\\\/index.php\\\/2026\\\/01\\\/17\\\/fotoaugenblicke-die-ganze-erste-staffel\\\/#primaryimage\",\"url\":\"https:\\\/\\\/radioleinewelle.de\\\/wp-content\\\/uploads\\\/2024\\\/11\\\/Titel-Fotoaugenblicke.jpg\",\"contentUrl\":\"https:\\\/\\\/radioleinewelle.de\\\/wp-content\\\/uploads\\\/2024\\\/11\\\/Titel-Fotoaugenblicke.jpg\",\"width\":1500,\"height\":1500},{\"@type\":\"BreadcrumbList\",\"@id\":\"https:\\\/\\\/radioleinewelle.de\\\/index.php\\\/2026\\\/01\\\/17\\\/fotoaugenblicke-die-ganze-erste-staffel\\\/#breadcrumb\",\"itemListElement\":[{\"@type\":\"ListItem\",\"position\":1,\"name\":\"Startseite\",\"item\":\"https:\\\/\\\/radioleinewelle.de\\\/\"},{\"@type\":\"ListItem\",\"position\":2,\"name\":\"Fotoaugenblick &#8211; die komplette erste Staffel\"}]},{\"@type\":\"WebSite\",\"@id\":\"https:\\\/\\\/radioleinewelle.de\\\/#website\",\"url\":\"https:\\\/\\\/radioleinewelle.de\\\/\",\"name\":\"Radio Leinewelle\",\"description\":\"\",\"publisher\":{\"@id\":\"https:\\\/\\\/radioleinewelle.de\\\/#organization\"},\"potentialAction\":[{\"@type\":\"SearchAction\",\"target\":{\"@type\":\"EntryPoint\",\"urlTemplate\":\"https:\\\/\\\/radioleinewelle.de\\\/?s={search_term_string}\"},\"query-input\":{\"@type\":\"PropertyValueSpecification\",\"valueRequired\":true,\"valueName\":\"search_term_string\"}}],\"inLanguage\":\"de\"},{\"@type\":\"Organization\",\"@id\":\"https:\\\/\\\/radioleinewelle.de\\\/#organization\",\"name\":\"Radio Leinewelle\",\"alternateName\":\"Mein Radio f\u00fcr S\u00fcdniedersachsen\",\"url\":\"https:\\\/\\\/radioleinewelle.de\\\/\",\"logo\":{\"@type\":\"ImageObject\",\"inLanguage\":\"de\",\"@id\":\"https:\\\/\\\/radioleinewelle.de\\\/#\\\/schema\\\/logo\\\/image\\\/\",\"url\":\"https:\\\/\\\/radioleinewelle.de\\\/wp-content\\\/uploads\\\/2023\\\/11\\\/cropped-Leinewelle_Logo_weiss.png\",\"contentUrl\":\"https:\\\/\\\/radioleinewelle.de\\\/wp-content\\\/uploads\\\/2023\\\/11\\\/cropped-Leinewelle_Logo_weiss.png\",\"width\":854,\"height\":260,\"caption\":\"Radio Leinewelle\"},\"image\":{\"@id\":\"https:\\\/\\\/radioleinewelle.de\\\/#\\\/schema\\\/logo\\\/image\\\/\"},\"sameAs\":[\"https:\\\/\\\/www.facebook.com\\\/radioleinewelle\",\"https:\\\/\\\/x.com\\\/RLeinewelle\",\"https:\\\/\\\/www.instagram.com\\\/radioleinewelle\\\/?hl=de\"]},{\"@type\":\"Person\",\"@id\":\"https:\\\/\\\/radioleinewelle.de\\\/#\\\/schema\\\/person\\\/45606f348637df637192dc1b68399a63\",\"name\":\"Leinewelle\",\"image\":{\"@type\":\"ImageObject\",\"inLanguage\":\"de\",\"@id\":\"https:\\\/\\\/secure.gravatar.com\\\/avatar\\\/05c9a17bc973052ee5d91549bd32fb4dd0dc85b7b85ae94b2e2b4943476bbea5?s=96&d=blank&r=g\",\"url\":\"https:\\\/\\\/secure.gravatar.com\\\/avatar\\\/05c9a17bc973052ee5d91549bd32fb4dd0dc85b7b85ae94b2e2b4943476bbea5?s=96&d=blank&r=g\",\"contentUrl\":\"https:\\\/\\\/secure.gravatar.com\\\/avatar\\\/05c9a17bc973052ee5d91549bd32fb4dd0dc85b7b85ae94b2e2b4943476bbea5?s=96&d=blank&r=g\",\"caption\":\"Leinewelle\"},\"sameAs\":[\"http:\\\/\\\/localhost\\\/radio%20leinewelle\\\/wordpress\",\"https:\\\/\\\/www.facebook.com\\\/radioleinewelle\",\"https:\\\/\\\/www.instagram.com\\\/radioleinewelle\",\"https:\\\/\\\/x.com\\\/https:\\\/\\\/twitter.com\\\/RLeinewelle?ref_src=twsrcgoogletwcampserptwgrauthor\",\"https:\\\/\\\/soundcloud.com\\\/foerderverein-lokalradio?utm_source=clipboard&utm_medium=text&utm_campaign=social_sharing\"],\"url\":\"https:\\\/\\\/radioleinewelle.de\\\/index.php\\\/author\\\/leinewelle\\\/\"}]}<\/script>\n<!-- \/ Yoast SEO plugin. -->","yoast_head_json":{"title":"Fotoaugenblick - die komplette erste Staffel - Radio Leinewelle","description":"Fotopodcast von Andreas Blomeyer \u00fcber analoge Fotografie in Kooperation mit Radio Leinewelle","robots":{"index":"index","follow":"follow","max-snippet":"max-snippet:-1","max-image-preview":"max-image-preview:large","max-video-preview":"max-video-preview:-1"},"canonical":"https:\/\/radioleinewelle.de\/index.php\/2026\/01\/17\/fotoaugenblicke-die-ganze-erste-staffel\/","og_locale":"de_DE","og_type":"article","og_title":"Fotoaugenblick - die komplette erste Staffel - Radio Leinewelle","og_description":"Fotopodcast von Andreas Blomeyer \u00fcber analoge Fotografie in Kooperation mit Radio Leinewelle","og_url":"https:\/\/radioleinewelle.de\/index.php\/2026\/01\/17\/fotoaugenblicke-die-ganze-erste-staffel\/","og_site_name":"Radio Leinewelle","article_publisher":"https:\/\/www.facebook.com\/radioleinewelle","article_author":"https:\/\/www.facebook.com\/radioleinewelle","article_published_time":"2026-01-17T11:13:58+00:00","article_modified_time":"2026-01-17T20:38:56+00:00","og_image":[{"width":1500,"height":1500,"url":"https:\/\/radioleinewelle.de\/wp-content\/uploads\/2024\/11\/Titel-Fotoaugenblicke.jpg","type":"image\/jpeg"}],"author":"Leinewelle","twitter_card":"summary_large_image","twitter_creator":"@https:\/\/twitter.com\/RLeinewelle?ref_src=twsrcgoogletwcampserptwgrauthor","twitter_site":"@RLeinewelle","twitter_misc":{"Verfasst von":"Leinewelle","Gesch\u00e4tzte Lesezeit":"1\u00a0Minute"},"schema":{"@context":"https:\/\/schema.org","@graph":[{"@type":"Article","@id":"https:\/\/radioleinewelle.de\/index.php\/2026\/01\/17\/fotoaugenblicke-die-ganze-erste-staffel\/#article","isPartOf":{"@id":"https:\/\/radioleinewelle.de\/index.php\/2026\/01\/17\/fotoaugenblicke-die-ganze-erste-staffel\/"},"author":{"name":"Leinewelle","@id":"https:\/\/radioleinewelle.de\/#\/schema\/person\/45606f348637df637192dc1b68399a63"},"headline":"Fotoaugenblick &#8211; die komplette erste Staffel","datePublished":"2026-01-17T11:13:58+00:00","dateModified":"2026-01-17T20:38:56+00:00","mainEntityOfPage":{"@id":"https:\/\/radioleinewelle.de\/index.php\/2026\/01\/17\/fotoaugenblicke-die-ganze-erste-staffel\/"},"wordCount":153,"commentCount":0,"publisher":{"@id":"https:\/\/radioleinewelle.de\/#organization"},"image":{"@id":"https:\/\/radioleinewelle.de\/index.php\/2026\/01\/17\/fotoaugenblicke-die-ganze-erste-staffel\/#primaryimage"},"thumbnailUrl":"https:\/\/radioleinewelle.de\/wp-content\/uploads\/2024\/11\/Titel-Fotoaugenblicke.jpg","keywords":["Andreas Blomeyer","Foto und soziale medien","Fotoschule","Kreative Fotografie","Podcast","Richtig fotografieren"],"articleSection":["Fortbildung","Freizeit","Podcast"],"inLanguage":"de","potentialAction":[{"@type":"CommentAction","name":"Comment","target":["https:\/\/radioleinewelle.de\/index.php\/2026\/01\/17\/fotoaugenblicke-die-ganze-erste-staffel\/#respond"]}]},{"@type":"WebPage","@id":"https:\/\/radioleinewelle.de\/index.php\/2026\/01\/17\/fotoaugenblicke-die-ganze-erste-staffel\/","url":"https:\/\/radioleinewelle.de\/index.php\/2026\/01\/17\/fotoaugenblicke-die-ganze-erste-staffel\/","name":"Fotoaugenblick - die komplette erste Staffel - Radio Leinewelle","isPartOf":{"@id":"https:\/\/radioleinewelle.de\/#website"},"primaryImageOfPage":{"@id":"https:\/\/radioleinewelle.de\/index.php\/2026\/01\/17\/fotoaugenblicke-die-ganze-erste-staffel\/#primaryimage"},"image":{"@id":"https:\/\/radioleinewelle.de\/index.php\/2026\/01\/17\/fotoaugenblicke-die-ganze-erste-staffel\/#primaryimage"},"thumbnailUrl":"https:\/\/radioleinewelle.de\/wp-content\/uploads\/2024\/11\/Titel-Fotoaugenblicke.jpg","datePublished":"2026-01-17T11:13:58+00:00","dateModified":"2026-01-17T20:38:56+00:00","description":"Fotopodcast von Andreas Blomeyer \u00fcber analoge Fotografie in Kooperation mit Radio Leinewelle","breadcrumb":{"@id":"https:\/\/radioleinewelle.de\/index.php\/2026\/01\/17\/fotoaugenblicke-die-ganze-erste-staffel\/#breadcrumb"},"inLanguage":"de","potentialAction":[{"@type":"ReadAction","target":["https:\/\/radioleinewelle.de\/index.php\/2026\/01\/17\/fotoaugenblicke-die-ganze-erste-staffel\/"]}]},{"@type":"ImageObject","inLanguage":"de","@id":"https:\/\/radioleinewelle.de\/index.php\/2026\/01\/17\/fotoaugenblicke-die-ganze-erste-staffel\/#primaryimage","url":"https:\/\/radioleinewelle.de\/wp-content\/uploads\/2024\/11\/Titel-Fotoaugenblicke.jpg","contentUrl":"https:\/\/radioleinewelle.de\/wp-content\/uploads\/2024\/11\/Titel-Fotoaugenblicke.jpg","width":1500,"height":1500},{"@type":"BreadcrumbList","@id":"https:\/\/radioleinewelle.de\/index.php\/2026\/01\/17\/fotoaugenblicke-die-ganze-erste-staffel\/#breadcrumb","itemListElement":[{"@type":"ListItem","position":1,"name":"Startseite","item":"https:\/\/radioleinewelle.de\/"},{"@type":"ListItem","position":2,"name":"Fotoaugenblick &#8211; die komplette erste Staffel"}]},{"@type":"WebSite","@id":"https:\/\/radioleinewelle.de\/#website","url":"https:\/\/radioleinewelle.de\/","name":"Radio Leinewelle","description":"","publisher":{"@id":"https:\/\/radioleinewelle.de\/#organization"},"potentialAction":[{"@type":"SearchAction","target":{"@type":"EntryPoint","urlTemplate":"https:\/\/radioleinewelle.de\/?s={search_term_string}"},"query-input":{"@type":"PropertyValueSpecification","valueRequired":true,"valueName":"search_term_string"}}],"inLanguage":"de"},{"@type":"Organization","@id":"https:\/\/radioleinewelle.de\/#organization","name":"Radio Leinewelle","alternateName":"Mein Radio f\u00fcr S\u00fcdniedersachsen","url":"https:\/\/radioleinewelle.de\/","logo":{"@type":"ImageObject","inLanguage":"de","@id":"https:\/\/radioleinewelle.de\/#\/schema\/logo\/image\/","url":"https:\/\/radioleinewelle.de\/wp-content\/uploads\/2023\/11\/cropped-Leinewelle_Logo_weiss.png","contentUrl":"https:\/\/radioleinewelle.de\/wp-content\/uploads\/2023\/11\/cropped-Leinewelle_Logo_weiss.png","width":854,"height":260,"caption":"Radio Leinewelle"},"image":{"@id":"https:\/\/radioleinewelle.de\/#\/schema\/logo\/image\/"},"sameAs":["https:\/\/www.facebook.com\/radioleinewelle","https:\/\/x.com\/RLeinewelle","https:\/\/www.instagram.com\/radioleinewelle\/?hl=de"]},{"@type":"Person","@id":"https:\/\/radioleinewelle.de\/#\/schema\/person\/45606f348637df637192dc1b68399a63","name":"Leinewelle","image":{"@type":"ImageObject","inLanguage":"de","@id":"https:\/\/secure.gravatar.com\/avatar\/05c9a17bc973052ee5d91549bd32fb4dd0dc85b7b85ae94b2e2b4943476bbea5?s=96&d=blank&r=g","url":"https:\/\/secure.gravatar.com\/avatar\/05c9a17bc973052ee5d91549bd32fb4dd0dc85b7b85ae94b2e2b4943476bbea5?s=96&d=blank&r=g","contentUrl":"https:\/\/secure.gravatar.com\/avatar\/05c9a17bc973052ee5d91549bd32fb4dd0dc85b7b85ae94b2e2b4943476bbea5?s=96&d=blank&r=g","caption":"Leinewelle"},"sameAs":["http:\/\/localhost\/radio%20leinewelle\/wordpress","https:\/\/www.facebook.com\/radioleinewelle","https:\/\/www.instagram.com\/radioleinewelle","https:\/\/x.com\/https:\/\/twitter.com\/RLeinewelle?ref_src=twsrcgoogletwcampserptwgrauthor","https:\/\/soundcloud.com\/foerderverein-lokalradio?utm_source=clipboard&utm_medium=text&utm_campaign=social_sharing"],"url":"https:\/\/radioleinewelle.de\/index.php\/author\/leinewelle\/"}]}},"_links":{"self":[{"href":"https:\/\/radioleinewelle.de\/index.php\/wp-json\/wp\/v2\/posts\/30249","targetHints":{"allow":["GET"]}}],"collection":[{"href":"https:\/\/radioleinewelle.de\/index.php\/wp-json\/wp\/v2\/posts"}],"about":[{"href":"https:\/\/radioleinewelle.de\/index.php\/wp-json\/wp\/v2\/types\/post"}],"author":[{"embeddable":true,"href":"https:\/\/radioleinewelle.de\/index.php\/wp-json\/wp\/v2\/users\/1"}],"replies":[{"embeddable":true,"href":"https:\/\/radioleinewelle.de\/index.php\/wp-json\/wp\/v2\/comments?post=30249"}],"version-history":[{"count":12,"href":"https:\/\/radioleinewelle.de\/index.php\/wp-json\/wp\/v2\/posts\/30249\/revisions"}],"predecessor-version":[{"id":30262,"href":"https:\/\/radioleinewelle.de\/index.php\/wp-json\/wp\/v2\/posts\/30249\/revisions\/30262"}],"wp:featuredmedia":[{"embeddable":true,"href":"https:\/\/radioleinewelle.de\/index.php\/wp-json\/wp\/v2\/media\/26813"}],"wp:attachment":[{"href":"https:\/\/radioleinewelle.de\/index.php\/wp-json\/wp\/v2\/media?parent=30249"}],"wp:term":[{"taxonomy":"category","embeddable":true,"href":"https:\/\/radioleinewelle.de\/index.php\/wp-json\/wp\/v2\/categories?post=30249"},{"taxonomy":"post_tag","embeddable":true,"href":"https:\/\/radioleinewelle.de\/index.php\/wp-json\/wp\/v2\/tags?post=30249"}],"curies":[{"name":"wp","href":"https:\/\/api.w.org\/{rel}","templated":true}]}}