{"id":30265,"date":"2026-01-19T17:44:24","date_gmt":"2026-01-19T16:44:24","guid":{"rendered":"https:\/\/radioleinewelle.de\/?p=30265"},"modified":"2026-01-19T18:07:54","modified_gmt":"2026-01-19T17:07:54","slug":"zukunft-gebaut-regenbogenschule-eroeffnet-erweiterungsbau","status":"publish","type":"post","link":"https:\/\/radioleinewelle.de\/index.php\/2026\/01\/19\/zukunft-gebaut-regenbogenschule-eroeffnet-erweiterungsbau\/","title":{"rendered":"Zukunft gebaut: Regenbogenschule er\u00f6ffnet Erweiterungsbau"},"content":{"rendered":"\n<h2 class=\"wp-block-heading\"><\/h2>\n\n\n\n\n\n<p><br>Lernen, wachsen, Zukunft gestalten \u2013 genau daf\u00fcr steht der neue Erweiterungsbau der Regenbogenschule in Elliehausen. Nach rund zwei Jahren Bauzeit ist das moderne Geb\u00e4ude nun offiziell er\u00f6ffnet worden.<br>Am&nbsp;Montag, 19. Januar 2026, feierte die Regenbogenschule gemeinsam mit Sch\u00fclerinnen und Sch\u00fclern, Lehrkr\u00e4ften sowie zahlreichen G\u00e4sten die Fertigstellung ihres neuen Anbaus. Mit dabei waren&nbsp;Oberb\u00fcrgermeisterin Petra Broistedt,&nbsp;Stadtbaurat Frithjof Look&nbsp;und&nbsp;Schuldezernentin Maria Karaus, die den Neubau symbolisch an die Schulgemeinschaft \u00fcbergaben. Der Einzug in die neuen R\u00e4ume ist zum kommenden Schuljahr geplant.<\/p>\n\n\n\n<h4 class=\"wp-block-heading\">Antwort auf steigende Sch\u00fclerzahlen und Ganztagsbedarf<\/h4>\n\n\n\n<p>Hintergrund des Erweiterungsbaus sind die deutlich steigenden Sch\u00fcler*innenzahlen sowie der wachsende Bedarf an&nbsp;Ganztagsbetreuung. Prognosen gehen k\u00fcnftig von einer&nbsp;2,5-z\u00fcgigen Grundschule mit rund 230 Kindern&nbsp;in vier Jahrg\u00e4ngen aus. Mit dem Neubau wird der Raumbestand der Regenbogenschule an die Standards der Stadt G\u00f6ttingen angepasst \u2013 funktional, modern und zukunftsorientiert.<\/p>\n\n\n\n\n\n<h4 class=\"wp-block-heading\">Barrierefrei, nachhaltig und erstmals im Passivhausstandard<\/h4>\n\n\n\n<p>Der neue Anbau erg\u00e4nzt die Schule um zus\u00e4tzliche Unterrichts- und Funktionsr\u00e4ume. Besonders wichtig: Das Geb\u00e4ude ist&nbsp;barrierefrei&nbsp;an die bestehenden Schulgeb\u00e4ude angebunden und sorgt erstmals f\u00fcr eine&nbsp;vollst\u00e4ndige Rollstuhlerreichbarkeit&nbsp;des gesamten Schulkomplexes. Auch beim Thema Nachhaltigkeit setzt das Projekt Ma\u00dfst\u00e4be. Der Erweiterungsbau wurde im&nbsp;Passivhausstandard errichtet \u2013 eine Premiere f\u00fcr die Stadt G\u00f6ttingen. Damit leistet die Schule nicht nur einen Beitrag zum Klimaschutz, sondern senkt langfristig auch die Energiekosten.<\/p>\n\n\n\n<h4 class=\"wp-block-heading\">Klare Worte zur Bedeutung von Bildung und Raum<\/h4>\n\n\n\n<p>Der Neubau sei ein Versprechen an die Sch\u00fclerinnen und Sch\u00fcler, ihnen die bestm\u00f6glichen Voraussetzungen f\u00fcr ihren Bildungsweg zu bieten.<\/p>\n\n\n\n\n\n<blockquote class=\"wp-block-quote is-layout-flow wp-block-quote-is-layout-flow\">\n<p class=\"has-text-align-center has-kubio-color-6-color has-text-color has-medium-font-size\"><strong><em>Hier beginnt etwas Neues. Hier wird gelernt, gelacht, gespielt, gestritten, sich wieder vertragen, gestaunt \u2013 und jeden Tag ein kleines St\u00fcck Zukunft gebaut.<\/em><\/strong><br>Oberb\u00fcrgermeisterin Petra Broistedt<\/p>\n\n\n<\/blockquote>\n\n\n\n<p>Stadtbaurat Frithjof Look betonte die besondere Herausforderung des Projekts, da der Schulbetrieb w\u00e4hrend der gesamten Bauzeit weiterlief. Ein solcher Bau gelinge nur durch enge Zusammenarbeit aller Beteiligten \u2013 von Planung \u00fcber Verwaltung bis zur Schule selbst. Der Neubau erm\u00f6gliche einen zeitgem\u00e4\u00dfen Ganztagsbetrieb sowie moderne, inklusive P\u00e4dagogik und sei ein gelungenes Beispiel f\u00fcr das Zusammenspiel von Schultr\u00e4ger, Politik, Eltern und Schule.<\/p>\n\n\n\n<h4 class=\"wp-block-heading\">Zahlen, Kosten und F\u00f6rderung<\/h4>\n\n\n\n<p>Der Erweiterungsbau umfasst eine\u00a0Geschossfl\u00e4che von 1.640 Quadratmetern. Die\u00a0Gesamtkosten belaufen sich auf rund 9 Millionen Euro. Gef\u00f6rdert wurde das Projekt durch das Investitionsprogramm\u00a0 \u201eGanztagsausbau\u201c\u00a0von Bund und L\u00e4ndern, das den Ausbau ganzt\u00e4giger Bildungs- und Betreuungsangebote unterst\u00fctzt.<\/p>\n\n\n\n<h4 class=\"wp-block-heading\">Blick nach vorn: Energetische Sanierung der Bestandsgeb\u00e4ude<\/h4>\n\n\n\n<p>Mit dem Neubau ist die Entwicklung der Regenbogenschule noch nicht abgeschlossen. Ab&nbsp;April 2026&nbsp;starten in zwei weiteren Bauabschnitten umfassende&nbsp;energetische Sanierungen der Bestandsgeb\u00e4ude. Ziel ist ein nachhaltiges W\u00e4rmeerzeugungskonzept f\u00fcr Alt- und Neubau. Die Fertigstellung dieser Ma\u00dfnahmen ist f\u00fcr&nbsp;2028&nbsp;geplant.<\/p>\n\n\n\n<p>Kathrin Steffen, die Schulleiterin lobte das Konzept des neuen Anbaus und dankte allen Personen, die an der Planung und Mitgestaltung beteiligt waren. Das Konzept repr\u00e4sentiere, wie moderne Schule gestaltet sein sollte, so Steffen. Das sehen auch die Kinder so, sie haben bereits die neue Schule bewertet: Die alte Schule hat einen Stern, die neue f\u00fcnf!<\/p>\n\n\n\n<p class=\"has-text-align-right\"><em>Text und Fotos: Ulf Engelmayer<\/em><br><\/p>\n\n\n\n<p><\/p>\n","protected":false},"excerpt":{"rendered":"<p>Lernen, wachsen, Zukunft gestalten \u2013 genau daf\u00fcr steht der neue Erweiterungsbau der Regenbogenschule in Elliehausen. Nach rund zwei Jahren Bauzeit ist das moderne Geb\u00e4ude nun offiziell er\u00f6ffnet worden.Am&nbsp;Montag, 19. Januar 2026, feierte die Regenbogenschule gemeinsam mit Sch\u00fclerinnen und Sch\u00fclern, Lehrkr\u00e4ften sowie zahlreichen G\u00e4sten die Fertigstellung ihres neuen Anbaus. Mit dabei waren&nbsp;Oberb\u00fcrgermeisterin Petra Broistedt,&nbsp;Stadtbaurat Frithjof Look&nbsp;und&nbsp;Schuldezernentin [&hellip;]<\/p>\n","protected":false},"author":1,"featured_media":30270,"comment_status":"open","ping_status":"open","sticky":false,"template":"","format":"standard","meta":{"saved_in_kubio":false,"footnotes":""},"categories":[31,3821,48],"tags":[4778,4780,63,4668,4781,2114,4777,4779],"class_list":["post-30265","post","type-post","status-publish","format-standard","has-post-thumbnail","hentry","category-bauen-verkehr","category-bildung","category-schule-ausbildung","tag-elliehausen","tag-ganztagsschule","tag-goettingen","tag-nachhaltiges-bauen","tag-passivhaus","tag-radio-leinewelle","tag-regenbogenschule","tag-schulbau"],"yoast_head":"<!-- This site is optimized with the Yoast SEO plugin v27.5 - https:\/\/yoast.com\/product\/yoast-seo-wordpress\/ -->\n<title>% - Radio Leinewelle<\/title>\n<meta name=\"description\" content=\"Die Regenbogenschule in Elliehausen hat ihren neuen Erweiterungsbau er\u00f6ffnet. Barrierefrei, nachhaltig im Passivhausstandard und bereit f\u00fcr steigende Sch\u00fclerzahlen.\" \/>\n<meta name=\"robots\" content=\"index, follow, max-snippet:-1, max-image-preview:large, max-video-preview:-1\" \/>\n<link rel=\"canonical\" href=\"https:\/\/radioleinewelle.de\/index.php\/2026\/01\/19\/zukunft-gebaut-regenbogenschule-eroeffnet-erweiterungsbau\/\" \/>\n<meta property=\"og:locale\" content=\"de_DE\" \/>\n<meta property=\"og:type\" content=\"article\" \/>\n<meta property=\"og:title\" content=\"% - Radio Leinewelle\" \/>\n<meta property=\"og:description\" content=\"Die Regenbogenschule in Elliehausen hat ihren neuen Erweiterungsbau er\u00f6ffnet. Barrierefrei, nachhaltig im Passivhausstandard und bereit f\u00fcr steigende Sch\u00fclerzahlen.\" \/>\n<meta property=\"og:url\" content=\"https:\/\/radioleinewelle.de\/index.php\/2026\/01\/19\/zukunft-gebaut-regenbogenschule-eroeffnet-erweiterungsbau\/\" \/>\n<meta property=\"og:site_name\" content=\"Radio Leinewelle\" \/>\n<meta property=\"article:publisher\" content=\"https:\/\/www.facebook.com\/radioleinewelle\" \/>\n<meta property=\"article:author\" content=\"https:\/\/www.facebook.com\/radioleinewelle\" \/>\n<meta property=\"article:published_time\" content=\"2026-01-19T16:44:24+00:00\" \/>\n<meta property=\"article:modified_time\" content=\"2026-01-19T17:07:54+00:00\" \/>\n<meta property=\"og:image\" content=\"https:\/\/radioleinewelle.de\/wp-content\/uploads\/2026\/01\/Regenbogenschule-1-e1768840799250.png\" \/>\n\t<meta property=\"og:image:width\" content=\"1000\" \/>\n\t<meta property=\"og:image:height\" content=\"750\" \/>\n\t<meta property=\"og:image:type\" content=\"image\/png\" \/>\n<meta name=\"author\" content=\"Leinewelle\" \/>\n<meta name=\"twitter:card\" content=\"summary_large_image\" \/>\n<meta name=\"twitter:creator\" content=\"@https:\/\/twitter.com\/RLeinewelle?ref_src=twsrcgoogletwcampserptwgrauthor\" \/>\n<meta name=\"twitter:site\" content=\"@RLeinewelle\" \/>\n<meta name=\"twitter:label1\" content=\"Verfasst von\" \/>\n\t<meta name=\"twitter:data1\" content=\"Leinewelle\" \/>\n\t<meta name=\"twitter:label2\" content=\"Gesch\u00e4tzte Lesezeit\" \/>\n\t<meta name=\"twitter:data2\" content=\"3\u00a0Minuten\" \/>\n<script type=\"application\/ld+json\" class=\"yoast-schema-graph\">{\"@context\":\"https:\\\/\\\/schema.org\",\"@graph\":[{\"@type\":\"Article\",\"@id\":\"https:\\\/\\\/radioleinewelle.de\\\/index.php\\\/2026\\\/01\\\/19\\\/zukunft-gebaut-regenbogenschule-eroeffnet-erweiterungsbau\\\/#article\",\"isPartOf\":{\"@id\":\"https:\\\/\\\/radioleinewelle.de\\\/index.php\\\/2026\\\/01\\\/19\\\/zukunft-gebaut-regenbogenschule-eroeffnet-erweiterungsbau\\\/\"},\"author\":{\"name\":\"Leinewelle\",\"@id\":\"https:\\\/\\\/radioleinewelle.de\\\/#\\\/schema\\\/person\\\/45606f348637df637192dc1b68399a63\"},\"headline\":\"Zukunft gebaut: Regenbogenschule er\u00f6ffnet Erweiterungsbau\",\"datePublished\":\"2026-01-19T16:44:24+00:00\",\"dateModified\":\"2026-01-19T17:07:54+00:00\",\"mainEntityOfPage\":{\"@id\":\"https:\\\/\\\/radioleinewelle.de\\\/index.php\\\/2026\\\/01\\\/19\\\/zukunft-gebaut-regenbogenschule-eroeffnet-erweiterungsbau\\\/\"},\"wordCount\":552,\"commentCount\":0,\"publisher\":{\"@id\":\"https:\\\/\\\/radioleinewelle.de\\\/#organization\"},\"image\":{\"@id\":\"https:\\\/\\\/radioleinewelle.de\\\/index.php\\\/2026\\\/01\\\/19\\\/zukunft-gebaut-regenbogenschule-eroeffnet-erweiterungsbau\\\/#primaryimage\"},\"thumbnailUrl\":\"https:\\\/\\\/radioleinewelle.de\\\/wp-content\\\/uploads\\\/2026\\\/01\\\/Regenbogenschule-1-e1768840799250.png\",\"keywords\":[\"Elliehausen\",\"Ganztagsschule\",\"G\u00f6ttingen\",\"Nachhaltiges Bauen\",\"Passivhaus\",\"Radio Leinewelle\",\"Regenbogenschule\",\"Schulbau\"],\"articleSection\":[\"Bauen &amp; Verkehr\",\"Bildung\",\"Schule &amp; Ausbildung\"],\"inLanguage\":\"de\",\"potentialAction\":[{\"@type\":\"CommentAction\",\"name\":\"Comment\",\"target\":[\"https:\\\/\\\/radioleinewelle.de\\\/index.php\\\/2026\\\/01\\\/19\\\/zukunft-gebaut-regenbogenschule-eroeffnet-erweiterungsbau\\\/#respond\"]}]},{\"@type\":\"WebPage\",\"@id\":\"https:\\\/\\\/radioleinewelle.de\\\/index.php\\\/2026\\\/01\\\/19\\\/zukunft-gebaut-regenbogenschule-eroeffnet-erweiterungsbau\\\/\",\"url\":\"https:\\\/\\\/radioleinewelle.de\\\/index.php\\\/2026\\\/01\\\/19\\\/zukunft-gebaut-regenbogenschule-eroeffnet-erweiterungsbau\\\/\",\"name\":\"% - Radio Leinewelle\",\"isPartOf\":{\"@id\":\"https:\\\/\\\/radioleinewelle.de\\\/#website\"},\"primaryImageOfPage\":{\"@id\":\"https:\\\/\\\/radioleinewelle.de\\\/index.php\\\/2026\\\/01\\\/19\\\/zukunft-gebaut-regenbogenschule-eroeffnet-erweiterungsbau\\\/#primaryimage\"},\"image\":{\"@id\":\"https:\\\/\\\/radioleinewelle.de\\\/index.php\\\/2026\\\/01\\\/19\\\/zukunft-gebaut-regenbogenschule-eroeffnet-erweiterungsbau\\\/#primaryimage\"},\"thumbnailUrl\":\"https:\\\/\\\/radioleinewelle.de\\\/wp-content\\\/uploads\\\/2026\\\/01\\\/Regenbogenschule-1-e1768840799250.png\",\"datePublished\":\"2026-01-19T16:44:24+00:00\",\"dateModified\":\"2026-01-19T17:07:54+00:00\",\"description\":\"Die Regenbogenschule in Elliehausen hat ihren neuen Erweiterungsbau er\u00f6ffnet. Barrierefrei, nachhaltig im Passivhausstandard und bereit f\u00fcr steigende Sch\u00fclerzahlen.\",\"breadcrumb\":{\"@id\":\"https:\\\/\\\/radioleinewelle.de\\\/index.php\\\/2026\\\/01\\\/19\\\/zukunft-gebaut-regenbogenschule-eroeffnet-erweiterungsbau\\\/#breadcrumb\"},\"inLanguage\":\"de\",\"potentialAction\":[{\"@type\":\"ReadAction\",\"target\":[\"https:\\\/\\\/radioleinewelle.de\\\/index.php\\\/2026\\\/01\\\/19\\\/zukunft-gebaut-regenbogenschule-eroeffnet-erweiterungsbau\\\/\"]}]},{\"@type\":\"ImageObject\",\"inLanguage\":\"de\",\"@id\":\"https:\\\/\\\/radioleinewelle.de\\\/index.php\\\/2026\\\/01\\\/19\\\/zukunft-gebaut-regenbogenschule-eroeffnet-erweiterungsbau\\\/#primaryimage\",\"url\":\"https:\\\/\\\/radioleinewelle.de\\\/wp-content\\\/uploads\\\/2026\\\/01\\\/Regenbogenschule-1-e1768840799250.png\",\"contentUrl\":\"https:\\\/\\\/radioleinewelle.de\\\/wp-content\\\/uploads\\\/2026\\\/01\\\/Regenbogenschule-1-e1768840799250.png\",\"width\":1000,\"height\":750},{\"@type\":\"BreadcrumbList\",\"@id\":\"https:\\\/\\\/radioleinewelle.de\\\/index.php\\\/2026\\\/01\\\/19\\\/zukunft-gebaut-regenbogenschule-eroeffnet-erweiterungsbau\\\/#breadcrumb\",\"itemListElement\":[{\"@type\":\"ListItem\",\"position\":1,\"name\":\"Startseite\",\"item\":\"https:\\\/\\\/radioleinewelle.de\\\/\"},{\"@type\":\"ListItem\",\"position\":2,\"name\":\"Zukunft gebaut: Regenbogenschule er\u00f6ffnet Erweiterungsbau\"}]},{\"@type\":\"WebSite\",\"@id\":\"https:\\\/\\\/radioleinewelle.de\\\/#website\",\"url\":\"https:\\\/\\\/radioleinewelle.de\\\/\",\"name\":\"Radio Leinewelle\",\"description\":\"\",\"publisher\":{\"@id\":\"https:\\\/\\\/radioleinewelle.de\\\/#organization\"},\"potentialAction\":[{\"@type\":\"SearchAction\",\"target\":{\"@type\":\"EntryPoint\",\"urlTemplate\":\"https:\\\/\\\/radioleinewelle.de\\\/?s={search_term_string}\"},\"query-input\":{\"@type\":\"PropertyValueSpecification\",\"valueRequired\":true,\"valueName\":\"search_term_string\"}}],\"inLanguage\":\"de\"},{\"@type\":\"Organization\",\"@id\":\"https:\\\/\\\/radioleinewelle.de\\\/#organization\",\"name\":\"Radio Leinewelle\",\"alternateName\":\"Mein Radio f\u00fcr S\u00fcdniedersachsen\",\"url\":\"https:\\\/\\\/radioleinewelle.de\\\/\",\"logo\":{\"@type\":\"ImageObject\",\"inLanguage\":\"de\",\"@id\":\"https:\\\/\\\/radioleinewelle.de\\\/#\\\/schema\\\/logo\\\/image\\\/\",\"url\":\"https:\\\/\\\/radioleinewelle.de\\\/wp-content\\\/uploads\\\/2023\\\/11\\\/cropped-Leinewelle_Logo_weiss.png\",\"contentUrl\":\"https:\\\/\\\/radioleinewelle.de\\\/wp-content\\\/uploads\\\/2023\\\/11\\\/cropped-Leinewelle_Logo_weiss.png\",\"width\":854,\"height\":260,\"caption\":\"Radio Leinewelle\"},\"image\":{\"@id\":\"https:\\\/\\\/radioleinewelle.de\\\/#\\\/schema\\\/logo\\\/image\\\/\"},\"sameAs\":[\"https:\\\/\\\/www.facebook.com\\\/radioleinewelle\",\"https:\\\/\\\/x.com\\\/RLeinewelle\",\"https:\\\/\\\/www.instagram.com\\\/radioleinewelle\\\/?hl=de\"]},{\"@type\":\"Person\",\"@id\":\"https:\\\/\\\/radioleinewelle.de\\\/#\\\/schema\\\/person\\\/45606f348637df637192dc1b68399a63\",\"name\":\"Leinewelle\",\"image\":{\"@type\":\"ImageObject\",\"inLanguage\":\"de\",\"@id\":\"https:\\\/\\\/secure.gravatar.com\\\/avatar\\\/05c9a17bc973052ee5d91549bd32fb4dd0dc85b7b85ae94b2e2b4943476bbea5?s=96&d=blank&r=g\",\"url\":\"https:\\\/\\\/secure.gravatar.com\\\/avatar\\\/05c9a17bc973052ee5d91549bd32fb4dd0dc85b7b85ae94b2e2b4943476bbea5?s=96&d=blank&r=g\",\"contentUrl\":\"https:\\\/\\\/secure.gravatar.com\\\/avatar\\\/05c9a17bc973052ee5d91549bd32fb4dd0dc85b7b85ae94b2e2b4943476bbea5?s=96&d=blank&r=g\",\"caption\":\"Leinewelle\"},\"sameAs\":[\"http:\\\/\\\/localhost\\\/radio%20leinewelle\\\/wordpress\",\"https:\\\/\\\/www.facebook.com\\\/radioleinewelle\",\"https:\\\/\\\/www.instagram.com\\\/radioleinewelle\",\"https:\\\/\\\/x.com\\\/https:\\\/\\\/twitter.com\\\/RLeinewelle?ref_src=twsrcgoogletwcampserptwgrauthor\",\"https:\\\/\\\/soundcloud.com\\\/foerderverein-lokalradio?utm_source=clipboard&utm_medium=text&utm_campaign=social_sharing\"],\"url\":\"https:\\\/\\\/radioleinewelle.de\\\/index.php\\\/author\\\/leinewelle\\\/\"}]}<\/script>\n<!-- \/ Yoast SEO plugin. -->","yoast_head_json":{"title":"% - Radio Leinewelle","description":"Die Regenbogenschule in Elliehausen hat ihren neuen Erweiterungsbau er\u00f6ffnet. Barrierefrei, nachhaltig im Passivhausstandard und bereit f\u00fcr steigende Sch\u00fclerzahlen.","robots":{"index":"index","follow":"follow","max-snippet":"max-snippet:-1","max-image-preview":"max-image-preview:large","max-video-preview":"max-video-preview:-1"},"canonical":"https:\/\/radioleinewelle.de\/index.php\/2026\/01\/19\/zukunft-gebaut-regenbogenschule-eroeffnet-erweiterungsbau\/","og_locale":"de_DE","og_type":"article","og_title":"% - Radio Leinewelle","og_description":"Die Regenbogenschule in Elliehausen hat ihren neuen Erweiterungsbau er\u00f6ffnet. Barrierefrei, nachhaltig im Passivhausstandard und bereit f\u00fcr steigende Sch\u00fclerzahlen.","og_url":"https:\/\/radioleinewelle.de\/index.php\/2026\/01\/19\/zukunft-gebaut-regenbogenschule-eroeffnet-erweiterungsbau\/","og_site_name":"Radio Leinewelle","article_publisher":"https:\/\/www.facebook.com\/radioleinewelle","article_author":"https:\/\/www.facebook.com\/radioleinewelle","article_published_time":"2026-01-19T16:44:24+00:00","article_modified_time":"2026-01-19T17:07:54+00:00","og_image":[{"width":1000,"height":750,"url":"https:\/\/radioleinewelle.de\/wp-content\/uploads\/2026\/01\/Regenbogenschule-1-e1768840799250.png","type":"image\/png"}],"author":"Leinewelle","twitter_card":"summary_large_image","twitter_creator":"@https:\/\/twitter.com\/RLeinewelle?ref_src=twsrcgoogletwcampserptwgrauthor","twitter_site":"@RLeinewelle","twitter_misc":{"Verfasst von":"Leinewelle","Gesch\u00e4tzte Lesezeit":"3\u00a0Minuten"},"schema":{"@context":"https:\/\/schema.org","@graph":[{"@type":"Article","@id":"https:\/\/radioleinewelle.de\/index.php\/2026\/01\/19\/zukunft-gebaut-regenbogenschule-eroeffnet-erweiterungsbau\/#article","isPartOf":{"@id":"https:\/\/radioleinewelle.de\/index.php\/2026\/01\/19\/zukunft-gebaut-regenbogenschule-eroeffnet-erweiterungsbau\/"},"author":{"name":"Leinewelle","@id":"https:\/\/radioleinewelle.de\/#\/schema\/person\/45606f348637df637192dc1b68399a63"},"headline":"Zukunft gebaut: Regenbogenschule er\u00f6ffnet Erweiterungsbau","datePublished":"2026-01-19T16:44:24+00:00","dateModified":"2026-01-19T17:07:54+00:00","mainEntityOfPage":{"@id":"https:\/\/radioleinewelle.de\/index.php\/2026\/01\/19\/zukunft-gebaut-regenbogenschule-eroeffnet-erweiterungsbau\/"},"wordCount":552,"commentCount":0,"publisher":{"@id":"https:\/\/radioleinewelle.de\/#organization"},"image":{"@id":"https:\/\/radioleinewelle.de\/index.php\/2026\/01\/19\/zukunft-gebaut-regenbogenschule-eroeffnet-erweiterungsbau\/#primaryimage"},"thumbnailUrl":"https:\/\/radioleinewelle.de\/wp-content\/uploads\/2026\/01\/Regenbogenschule-1-e1768840799250.png","keywords":["Elliehausen","Ganztagsschule","G\u00f6ttingen","Nachhaltiges Bauen","Passivhaus","Radio Leinewelle","Regenbogenschule","Schulbau"],"articleSection":["Bauen &amp; Verkehr","Bildung","Schule &amp; Ausbildung"],"inLanguage":"de","potentialAction":[{"@type":"CommentAction","name":"Comment","target":["https:\/\/radioleinewelle.de\/index.php\/2026\/01\/19\/zukunft-gebaut-regenbogenschule-eroeffnet-erweiterungsbau\/#respond"]}]},{"@type":"WebPage","@id":"https:\/\/radioleinewelle.de\/index.php\/2026\/01\/19\/zukunft-gebaut-regenbogenschule-eroeffnet-erweiterungsbau\/","url":"https:\/\/radioleinewelle.de\/index.php\/2026\/01\/19\/zukunft-gebaut-regenbogenschule-eroeffnet-erweiterungsbau\/","name":"% - Radio Leinewelle","isPartOf":{"@id":"https:\/\/radioleinewelle.de\/#website"},"primaryImageOfPage":{"@id":"https:\/\/radioleinewelle.de\/index.php\/2026\/01\/19\/zukunft-gebaut-regenbogenschule-eroeffnet-erweiterungsbau\/#primaryimage"},"image":{"@id":"https:\/\/radioleinewelle.de\/index.php\/2026\/01\/19\/zukunft-gebaut-regenbogenschule-eroeffnet-erweiterungsbau\/#primaryimage"},"thumbnailUrl":"https:\/\/radioleinewelle.de\/wp-content\/uploads\/2026\/01\/Regenbogenschule-1-e1768840799250.png","datePublished":"2026-01-19T16:44:24+00:00","dateModified":"2026-01-19T17:07:54+00:00","description":"Die Regenbogenschule in Elliehausen hat ihren neuen Erweiterungsbau er\u00f6ffnet. Barrierefrei, nachhaltig im Passivhausstandard und bereit f\u00fcr steigende Sch\u00fclerzahlen.","breadcrumb":{"@id":"https:\/\/radioleinewelle.de\/index.php\/2026\/01\/19\/zukunft-gebaut-regenbogenschule-eroeffnet-erweiterungsbau\/#breadcrumb"},"inLanguage":"de","potentialAction":[{"@type":"ReadAction","target":["https:\/\/radioleinewelle.de\/index.php\/2026\/01\/19\/zukunft-gebaut-regenbogenschule-eroeffnet-erweiterungsbau\/"]}]},{"@type":"ImageObject","inLanguage":"de","@id":"https:\/\/radioleinewelle.de\/index.php\/2026\/01\/19\/zukunft-gebaut-regenbogenschule-eroeffnet-erweiterungsbau\/#primaryimage","url":"https:\/\/radioleinewelle.de\/wp-content\/uploads\/2026\/01\/Regenbogenschule-1-e1768840799250.png","contentUrl":"https:\/\/radioleinewelle.de\/wp-content\/uploads\/2026\/01\/Regenbogenschule-1-e1768840799250.png","width":1000,"height":750},{"@type":"BreadcrumbList","@id":"https:\/\/radioleinewelle.de\/index.php\/2026\/01\/19\/zukunft-gebaut-regenbogenschule-eroeffnet-erweiterungsbau\/#breadcrumb","itemListElement":[{"@type":"ListItem","position":1,"name":"Startseite","item":"https:\/\/radioleinewelle.de\/"},{"@type":"ListItem","position":2,"name":"Zukunft gebaut: Regenbogenschule er\u00f6ffnet Erweiterungsbau"}]},{"@type":"WebSite","@id":"https:\/\/radioleinewelle.de\/#website","url":"https:\/\/radioleinewelle.de\/","name":"Radio Leinewelle","description":"","publisher":{"@id":"https:\/\/radioleinewelle.de\/#organization"},"potentialAction":[{"@type":"SearchAction","target":{"@type":"EntryPoint","urlTemplate":"https:\/\/radioleinewelle.de\/?s={search_term_string}"},"query-input":{"@type":"PropertyValueSpecification","valueRequired":true,"valueName":"search_term_string"}}],"inLanguage":"de"},{"@type":"Organization","@id":"https:\/\/radioleinewelle.de\/#organization","name":"Radio Leinewelle","alternateName":"Mein Radio f\u00fcr S\u00fcdniedersachsen","url":"https:\/\/radioleinewelle.de\/","logo":{"@type":"ImageObject","inLanguage":"de","@id":"https:\/\/radioleinewelle.de\/#\/schema\/logo\/image\/","url":"https:\/\/radioleinewelle.de\/wp-content\/uploads\/2023\/11\/cropped-Leinewelle_Logo_weiss.png","contentUrl":"https:\/\/radioleinewelle.de\/wp-content\/uploads\/2023\/11\/cropped-Leinewelle_Logo_weiss.png","width":854,"height":260,"caption":"Radio Leinewelle"},"image":{"@id":"https:\/\/radioleinewelle.de\/#\/schema\/logo\/image\/"},"sameAs":["https:\/\/www.facebook.com\/radioleinewelle","https:\/\/x.com\/RLeinewelle","https:\/\/www.instagram.com\/radioleinewelle\/?hl=de"]},{"@type":"Person","@id":"https:\/\/radioleinewelle.de\/#\/schema\/person\/45606f348637df637192dc1b68399a63","name":"Leinewelle","image":{"@type":"ImageObject","inLanguage":"de","@id":"https:\/\/secure.gravatar.com\/avatar\/05c9a17bc973052ee5d91549bd32fb4dd0dc85b7b85ae94b2e2b4943476bbea5?s=96&d=blank&r=g","url":"https:\/\/secure.gravatar.com\/avatar\/05c9a17bc973052ee5d91549bd32fb4dd0dc85b7b85ae94b2e2b4943476bbea5?s=96&d=blank&r=g","contentUrl":"https:\/\/secure.gravatar.com\/avatar\/05c9a17bc973052ee5d91549bd32fb4dd0dc85b7b85ae94b2e2b4943476bbea5?s=96&d=blank&r=g","caption":"Leinewelle"},"sameAs":["http:\/\/localhost\/radio%20leinewelle\/wordpress","https:\/\/www.facebook.com\/radioleinewelle","https:\/\/www.instagram.com\/radioleinewelle","https:\/\/x.com\/https:\/\/twitter.com\/RLeinewelle?ref_src=twsrcgoogletwcampserptwgrauthor","https:\/\/soundcloud.com\/foerderverein-lokalradio?utm_source=clipboard&utm_medium=text&utm_campaign=social_sharing"],"url":"https:\/\/radioleinewelle.de\/index.php\/author\/leinewelle\/"}]}},"_links":{"self":[{"href":"https:\/\/radioleinewelle.de\/index.php\/wp-json\/wp\/v2\/posts\/30265","targetHints":{"allow":["GET"]}}],"collection":[{"href":"https:\/\/radioleinewelle.de\/index.php\/wp-json\/wp\/v2\/posts"}],"about":[{"href":"https:\/\/radioleinewelle.de\/index.php\/wp-json\/wp\/v2\/types\/post"}],"author":[{"embeddable":true,"href":"https:\/\/radioleinewelle.de\/index.php\/wp-json\/wp\/v2\/users\/1"}],"replies":[{"embeddable":true,"href":"https:\/\/radioleinewelle.de\/index.php\/wp-json\/wp\/v2\/comments?post=30265"}],"version-history":[{"count":14,"href":"https:\/\/radioleinewelle.de\/index.php\/wp-json\/wp\/v2\/posts\/30265\/revisions"}],"predecessor-version":[{"id":30285,"href":"https:\/\/radioleinewelle.de\/index.php\/wp-json\/wp\/v2\/posts\/30265\/revisions\/30285"}],"wp:featuredmedia":[{"embeddable":true,"href":"https:\/\/radioleinewelle.de\/index.php\/wp-json\/wp\/v2\/media\/30270"}],"wp:attachment":[{"href":"https:\/\/radioleinewelle.de\/index.php\/wp-json\/wp\/v2\/media?parent=30265"}],"wp:term":[{"taxonomy":"category","embeddable":true,"href":"https:\/\/radioleinewelle.de\/index.php\/wp-json\/wp\/v2\/categories?post=30265"},{"taxonomy":"post_tag","embeddable":true,"href":"https:\/\/radioleinewelle.de\/index.php\/wp-json\/wp\/v2\/tags?post=30265"}],"curies":[{"name":"wp","href":"https:\/\/api.w.org\/{rel}","templated":true}]}}