{"id":3031,"date":"2020-11-19T05:30:11","date_gmt":"2020-11-19T04:30:11","guid":{"rendered":"https:\/\/radioleinewelle.de\/?p=3031"},"modified":"2020-11-19T05:30:11","modified_gmt":"2020-11-19T04:30:11","slug":"niedersachsen-sieben-von-zehn-lehrkraeften-waren-im-schuljahr-20192020-frauen","status":"publish","type":"post","link":"https:\/\/radioleinewelle.de\/index.php\/2020\/11\/19\/niedersachsen-sieben-von-zehn-lehrkraeften-waren-im-schuljahr-20192020-frauen\/","title":{"rendered":"Niedersachsen: Sieben von zehn Lehrkr\u00e4ften waren im Schuljahr 2019\/2020 Frauen"},"content":{"rendered":"<p class=\"margt0\">HANNOVER: Im Schuljahr 2019\/2020 waren an den nieders\u00e4chsischen allgemein bildenden Schulen insgesamt 76.477 Lehrkr\u00e4fte besch\u00e4ftigt. Wie das Landesamt f\u00fcr Statistik Niedersachsen (LSN) mitteilt, stieg die Zahl der Lehrkr\u00e4fte somit um 359 gegen\u00fcber dem Schuljahr 2018\/2019. Der Frauenanteil lag bei 73,3%.\u00a0Im Schuljahr 2014\/2015, also vor 5 Jahren, arbeiteten insgesamt 74.792 Lehrkr\u00e4fte in den nieders\u00e4chsischen Schulen. Der Frauenanteil betrug 71,0% und lag somit um 2,3 Prozentpunkte unter dem Wert des Schuljahres 2019\/2020.<\/p>\n<p>Fast ein Drittel (30,3%, 23.166) aller Lehrkr\u00e4fte waren im Schuljahr 2019\/2020 an Grundschulen besch\u00e4ftigt. Der Frauenanteil an den Grundschulen betrug 90,2%. Dies war auch mit Abstand der h\u00f6chste Frauenanteil im Vergleich zu den anderen Schularten. Der Frauenanteil an den anderen Schularten lag deutlich niedriger, aber immer \u00fcber 50%. Mit 54,5% war der Frauenanteil an den Abendgymnasien\/Kollegs am niedrigsten.<br \/>\nDie gesamte Schullandschaft Niedersachsens muss derzeit die Auswirkungen der Corona-Pandemie bew\u00e4ltigen. Besonders an den nieders\u00e4chsischen Grundschulen tragen die Lehrerinnen und Lehrer derzeit eine gro\u00dfe Verantwortung. Gerade f\u00fcr die j\u00fcngsten Sch\u00fclerinnen und Sch\u00fcler ist die soziale Komponente, also der Kontakt zur Lehrerin und zum Lehrer noch unerl\u00e4sslich f\u00fcr den Lernerfolg. Zudem vertrauen Eltern, w\u00e4hrend sie ihrer Arbeit nachgehen, auf eine verl\u00e4ssliche Betreuung in den Grundschulen.<br \/>\nVon den an nieders\u00e4chsischen Grundschulen im Schuljahr 2019\/2020 besch\u00e4ftigten 23.166 Lehrerinnen und Lehrer arbeiteten fast die H\u00e4lfte (10.948 Personen; 47,3%) in Vollzeit. Gut 40% (9.602 Personen, 41,4%) waren in Teilzeit besch\u00e4ftigt. Zudem gab es an den Grundschulen 1.407 Lehrkr\u00e4fte, die stundenweise besch\u00e4ftigt (6,1%) waren. Weitere 1.209 Lehrkr\u00e4fte befanden sich in Ausbildung (5,2%).<\/p>\n<p>Der Anteil der Frauen bei den stundenweise besch\u00e4ftigten Lehrkr\u00e4ften an Grundschulen erreichte 96,3% und war fast genauso hoch wie bei den teilzeitbesch\u00e4ftigten Lehrkr\u00e4ften (96,9%).\u00a0Bei den vollzeitbesch\u00e4ftigten Lehrkr\u00e4ften an Grundschulen lag der Frauenanteil mit 83,8% nur knapp unter dem der Lehrkr\u00e4fte in Ausbildung (88,0%).<\/p>\n<div class=\"group section noline span3of4\">Bild von <a href=\"https:\/\/pixabay.com\/de\/users\/alexandra_koch-621802\/?utm_source=link-attribution&amp;utm_medium=referral&amp;utm_campaign=image&amp;utm_content=5560962\">Alexandra_Koch<\/a> auf <a href=\"https:\/\/pixabay.com\/de\/?utm_source=link-attribution&amp;utm_medium=referral&amp;utm_campaign=image&amp;utm_content=5560962\">Pixabay<\/a><\/div>\n","protected":false},"excerpt":{"rendered":"<p>HANNOVER: Im Schuljahr 2019\/2020 waren an den nieders\u00e4chsischen allgemein bildenden Schulen insgesamt 76.477 Lehrkr\u00e4fte besch\u00e4ftigt. Wie das Landesamt f\u00fcr Statistik Niedersachsen (LSN) mitteilt, stieg die Zahl der Lehrkr\u00e4fte somit um 359 gegen\u00fcber dem Schuljahr 2018\/2019. Der Frauenanteil lag bei 73,3%.\u00a0Im Schuljahr 2014\/2015, also vor 5 Jahren, arbeiteten insgesamt 74.792 Lehrkr\u00e4fte in den nieders\u00e4chsischen Schulen. Der [&hellip;]<\/p>\n","protected":false},"author":1,"featured_media":3035,"comment_status":"closed","ping_status":"closed","sticky":false,"template":"","format":"standard","meta":{"saved_in_kubio":false,"footnotes":""},"categories":[48],"tags":[],"class_list":["post-3031","post","type-post","status-publish","format-standard","has-post-thumbnail","hentry","category-schule-ausbildung"],"yoast_head":"<!-- This site is optimized with the Yoast SEO plugin v27.5 - https:\/\/yoast.com\/product\/yoast-seo-wordpress\/ -->\n<title>Niedersachsen: Sieben von zehn Lehrkr\u00e4ften waren im Schuljahr 2019\/2020 Frauen - Radio Leinewelle<\/title>\n<meta name=\"robots\" content=\"index, follow, max-snippet:-1, max-image-preview:large, max-video-preview:-1\" \/>\n<link rel=\"canonical\" href=\"https:\/\/radioleinewelle.de\/index.php\/2020\/11\/19\/niedersachsen-sieben-von-zehn-lehrkraeften-waren-im-schuljahr-20192020-frauen\/\" \/>\n<meta property=\"og:locale\" content=\"de_DE\" \/>\n<meta property=\"og:type\" content=\"article\" \/>\n<meta property=\"og:title\" content=\"Niedersachsen: Sieben von zehn Lehrkr\u00e4ften waren im Schuljahr 2019\/2020 Frauen - Radio Leinewelle\" \/>\n<meta property=\"og:description\" content=\"HANNOVER: Im Schuljahr 2019\/2020 waren an den nieders\u00e4chsischen allgemein bildenden Schulen insgesamt 76.477 Lehrkr\u00e4fte besch\u00e4ftigt. Wie das Landesamt f\u00fcr Statistik Niedersachsen (LSN) mitteilt, stieg die Zahl der Lehrkr\u00e4fte somit um 359 gegen\u00fcber dem Schuljahr 2018\/2019. Der Frauenanteil lag bei 73,3%.\u00a0Im Schuljahr 2014\/2015, also vor 5 Jahren, arbeiteten insgesamt 74.792 Lehrkr\u00e4fte in den nieders\u00e4chsischen Schulen. Der [&hellip;]\" \/>\n<meta property=\"og:url\" content=\"https:\/\/radioleinewelle.de\/index.php\/2020\/11\/19\/niedersachsen-sieben-von-zehn-lehrkraeften-waren-im-schuljahr-20192020-frauen\/\" \/>\n<meta property=\"og:site_name\" content=\"Radio Leinewelle\" \/>\n<meta property=\"article:publisher\" content=\"https:\/\/www.facebook.com\/radioleinewelle\" \/>\n<meta property=\"article:author\" content=\"https:\/\/www.facebook.com\/radioleinewelle\" \/>\n<meta property=\"article:published_time\" content=\"2020-11-19T04:30:11+00:00\" \/>\n<meta property=\"og:image\" content=\"https:\/\/radioleinewelle.de\/wp-content\/uploads\/2020\/11\/teacher-5560962_640.jpg\" \/>\n\t<meta property=\"og:image:width\" content=\"640\" \/>\n\t<meta property=\"og:image:height\" content=\"480\" \/>\n\t<meta property=\"og:image:type\" content=\"image\/jpeg\" \/>\n<meta name=\"author\" content=\"Leinewelle\" \/>\n<meta name=\"twitter:card\" content=\"summary_large_image\" \/>\n<meta name=\"twitter:creator\" content=\"@https:\/\/twitter.com\/RLeinewelle?ref_src=twsrcgoogletwcampserptwgrauthor\" \/>\n<meta name=\"twitter:site\" content=\"@RLeinewelle\" \/>\n<meta name=\"twitter:label1\" content=\"Verfasst von\" \/>\n\t<meta name=\"twitter:data1\" content=\"Leinewelle\" \/>\n\t<meta name=\"twitter:label2\" content=\"Gesch\u00e4tzte Lesezeit\" \/>\n\t<meta name=\"twitter:data2\" content=\"2\u00a0Minuten\" \/>\n<script type=\"application\/ld+json\" class=\"yoast-schema-graph\">{\"@context\":\"https:\\\/\\\/schema.org\",\"@graph\":[{\"@type\":\"Article\",\"@id\":\"https:\\\/\\\/radioleinewelle.de\\\/index.php\\\/2020\\\/11\\\/19\\\/niedersachsen-sieben-von-zehn-lehrkraeften-waren-im-schuljahr-20192020-frauen\\\/#article\",\"isPartOf\":{\"@id\":\"https:\\\/\\\/radioleinewelle.de\\\/index.php\\\/2020\\\/11\\\/19\\\/niedersachsen-sieben-von-zehn-lehrkraeften-waren-im-schuljahr-20192020-frauen\\\/\"},\"author\":{\"name\":\"Leinewelle\",\"@id\":\"https:\\\/\\\/radioleinewelle.de\\\/#\\\/schema\\\/person\\\/45606f348637df637192dc1b68399a63\"},\"headline\":\"Niedersachsen: Sieben von zehn Lehrkr\u00e4ften waren im Schuljahr 2019\\\/2020 Frauen\",\"datePublished\":\"2020-11-19T04:30:11+00:00\",\"mainEntityOfPage\":{\"@id\":\"https:\\\/\\\/radioleinewelle.de\\\/index.php\\\/2020\\\/11\\\/19\\\/niedersachsen-sieben-von-zehn-lehrkraeften-waren-im-schuljahr-20192020-frauen\\\/\"},\"wordCount\":310,\"publisher\":{\"@id\":\"https:\\\/\\\/radioleinewelle.de\\\/#organization\"},\"image\":{\"@id\":\"https:\\\/\\\/radioleinewelle.de\\\/index.php\\\/2020\\\/11\\\/19\\\/niedersachsen-sieben-von-zehn-lehrkraeften-waren-im-schuljahr-20192020-frauen\\\/#primaryimage\"},\"thumbnailUrl\":\"https:\\\/\\\/radioleinewelle.de\\\/wp-content\\\/uploads\\\/2020\\\/11\\\/teacher-5560962_640.jpg\",\"articleSection\":[\"Schule &amp; Ausbildung\"],\"inLanguage\":\"de\"},{\"@type\":\"WebPage\",\"@id\":\"https:\\\/\\\/radioleinewelle.de\\\/index.php\\\/2020\\\/11\\\/19\\\/niedersachsen-sieben-von-zehn-lehrkraeften-waren-im-schuljahr-20192020-frauen\\\/\",\"url\":\"https:\\\/\\\/radioleinewelle.de\\\/index.php\\\/2020\\\/11\\\/19\\\/niedersachsen-sieben-von-zehn-lehrkraeften-waren-im-schuljahr-20192020-frauen\\\/\",\"name\":\"Niedersachsen: Sieben von zehn Lehrkr\u00e4ften waren im Schuljahr 2019\\\/2020 Frauen - Radio Leinewelle\",\"isPartOf\":{\"@id\":\"https:\\\/\\\/radioleinewelle.de\\\/#website\"},\"primaryImageOfPage\":{\"@id\":\"https:\\\/\\\/radioleinewelle.de\\\/index.php\\\/2020\\\/11\\\/19\\\/niedersachsen-sieben-von-zehn-lehrkraeften-waren-im-schuljahr-20192020-frauen\\\/#primaryimage\"},\"image\":{\"@id\":\"https:\\\/\\\/radioleinewelle.de\\\/index.php\\\/2020\\\/11\\\/19\\\/niedersachsen-sieben-von-zehn-lehrkraeften-waren-im-schuljahr-20192020-frauen\\\/#primaryimage\"},\"thumbnailUrl\":\"https:\\\/\\\/radioleinewelle.de\\\/wp-content\\\/uploads\\\/2020\\\/11\\\/teacher-5560962_640.jpg\",\"datePublished\":\"2020-11-19T04:30:11+00:00\",\"breadcrumb\":{\"@id\":\"https:\\\/\\\/radioleinewelle.de\\\/index.php\\\/2020\\\/11\\\/19\\\/niedersachsen-sieben-von-zehn-lehrkraeften-waren-im-schuljahr-20192020-frauen\\\/#breadcrumb\"},\"inLanguage\":\"de\",\"potentialAction\":[{\"@type\":\"ReadAction\",\"target\":[\"https:\\\/\\\/radioleinewelle.de\\\/index.php\\\/2020\\\/11\\\/19\\\/niedersachsen-sieben-von-zehn-lehrkraeften-waren-im-schuljahr-20192020-frauen\\\/\"]}]},{\"@type\":\"ImageObject\",\"inLanguage\":\"de\",\"@id\":\"https:\\\/\\\/radioleinewelle.de\\\/index.php\\\/2020\\\/11\\\/19\\\/niedersachsen-sieben-von-zehn-lehrkraeften-waren-im-schuljahr-20192020-frauen\\\/#primaryimage\",\"url\":\"https:\\\/\\\/radioleinewelle.de\\\/wp-content\\\/uploads\\\/2020\\\/11\\\/teacher-5560962_640.jpg\",\"contentUrl\":\"https:\\\/\\\/radioleinewelle.de\\\/wp-content\\\/uploads\\\/2020\\\/11\\\/teacher-5560962_640.jpg\",\"width\":640,\"height\":480},{\"@type\":\"BreadcrumbList\",\"@id\":\"https:\\\/\\\/radioleinewelle.de\\\/index.php\\\/2020\\\/11\\\/19\\\/niedersachsen-sieben-von-zehn-lehrkraeften-waren-im-schuljahr-20192020-frauen\\\/#breadcrumb\",\"itemListElement\":[{\"@type\":\"ListItem\",\"position\":1,\"name\":\"Startseite\",\"item\":\"https:\\\/\\\/radioleinewelle.de\\\/\"},{\"@type\":\"ListItem\",\"position\":2,\"name\":\"Niedersachsen: Sieben von zehn Lehrkr\u00e4ften waren im Schuljahr 2019\\\/2020 Frauen\"}]},{\"@type\":\"WebSite\",\"@id\":\"https:\\\/\\\/radioleinewelle.de\\\/#website\",\"url\":\"https:\\\/\\\/radioleinewelle.de\\\/\",\"name\":\"Radio Leinewelle\",\"description\":\"\",\"publisher\":{\"@id\":\"https:\\\/\\\/radioleinewelle.de\\\/#organization\"},\"potentialAction\":[{\"@type\":\"SearchAction\",\"target\":{\"@type\":\"EntryPoint\",\"urlTemplate\":\"https:\\\/\\\/radioleinewelle.de\\\/?s={search_term_string}\"},\"query-input\":{\"@type\":\"PropertyValueSpecification\",\"valueRequired\":true,\"valueName\":\"search_term_string\"}}],\"inLanguage\":\"de\"},{\"@type\":\"Organization\",\"@id\":\"https:\\\/\\\/radioleinewelle.de\\\/#organization\",\"name\":\"Radio Leinewelle\",\"alternateName\":\"Mein Radio f\u00fcr S\u00fcdniedersachsen\",\"url\":\"https:\\\/\\\/radioleinewelle.de\\\/\",\"logo\":{\"@type\":\"ImageObject\",\"inLanguage\":\"de\",\"@id\":\"https:\\\/\\\/radioleinewelle.de\\\/#\\\/schema\\\/logo\\\/image\\\/\",\"url\":\"https:\\\/\\\/radioleinewelle.de\\\/wp-content\\\/uploads\\\/2023\\\/11\\\/cropped-Leinewelle_Logo_weiss.png\",\"contentUrl\":\"https:\\\/\\\/radioleinewelle.de\\\/wp-content\\\/uploads\\\/2023\\\/11\\\/cropped-Leinewelle_Logo_weiss.png\",\"width\":854,\"height\":260,\"caption\":\"Radio Leinewelle\"},\"image\":{\"@id\":\"https:\\\/\\\/radioleinewelle.de\\\/#\\\/schema\\\/logo\\\/image\\\/\"},\"sameAs\":[\"https:\\\/\\\/www.facebook.com\\\/radioleinewelle\",\"https:\\\/\\\/x.com\\\/RLeinewelle\",\"https:\\\/\\\/www.instagram.com\\\/radioleinewelle\\\/?hl=de\"]},{\"@type\":\"Person\",\"@id\":\"https:\\\/\\\/radioleinewelle.de\\\/#\\\/schema\\\/person\\\/45606f348637df637192dc1b68399a63\",\"name\":\"Leinewelle\",\"image\":{\"@type\":\"ImageObject\",\"inLanguage\":\"de\",\"@id\":\"https:\\\/\\\/secure.gravatar.com\\\/avatar\\\/05c9a17bc973052ee5d91549bd32fb4dd0dc85b7b85ae94b2e2b4943476bbea5?s=96&d=blank&r=g\",\"url\":\"https:\\\/\\\/secure.gravatar.com\\\/avatar\\\/05c9a17bc973052ee5d91549bd32fb4dd0dc85b7b85ae94b2e2b4943476bbea5?s=96&d=blank&r=g\",\"contentUrl\":\"https:\\\/\\\/secure.gravatar.com\\\/avatar\\\/05c9a17bc973052ee5d91549bd32fb4dd0dc85b7b85ae94b2e2b4943476bbea5?s=96&d=blank&r=g\",\"caption\":\"Leinewelle\"},\"sameAs\":[\"http:\\\/\\\/localhost\\\/radio%20leinewelle\\\/wordpress\",\"https:\\\/\\\/www.facebook.com\\\/radioleinewelle\",\"https:\\\/\\\/www.instagram.com\\\/radioleinewelle\",\"https:\\\/\\\/x.com\\\/https:\\\/\\\/twitter.com\\\/RLeinewelle?ref_src=twsrcgoogletwcampserptwgrauthor\",\"https:\\\/\\\/soundcloud.com\\\/foerderverein-lokalradio?utm_source=clipboard&utm_medium=text&utm_campaign=social_sharing\"],\"url\":\"https:\\\/\\\/radioleinewelle.de\\\/index.php\\\/author\\\/leinewelle\\\/\"}]}<\/script>\n<!-- \/ Yoast SEO plugin. -->","yoast_head_json":{"title":"Niedersachsen: Sieben von zehn Lehrkr\u00e4ften waren im Schuljahr 2019\/2020 Frauen - Radio Leinewelle","robots":{"index":"index","follow":"follow","max-snippet":"max-snippet:-1","max-image-preview":"max-image-preview:large","max-video-preview":"max-video-preview:-1"},"canonical":"https:\/\/radioleinewelle.de\/index.php\/2020\/11\/19\/niedersachsen-sieben-von-zehn-lehrkraeften-waren-im-schuljahr-20192020-frauen\/","og_locale":"de_DE","og_type":"article","og_title":"Niedersachsen: Sieben von zehn Lehrkr\u00e4ften waren im Schuljahr 2019\/2020 Frauen - Radio Leinewelle","og_description":"HANNOVER: Im Schuljahr 2019\/2020 waren an den nieders\u00e4chsischen allgemein bildenden Schulen insgesamt 76.477 Lehrkr\u00e4fte besch\u00e4ftigt. Wie das Landesamt f\u00fcr Statistik Niedersachsen (LSN) mitteilt, stieg die Zahl der Lehrkr\u00e4fte somit um 359 gegen\u00fcber dem Schuljahr 2018\/2019. Der Frauenanteil lag bei 73,3%.\u00a0Im Schuljahr 2014\/2015, also vor 5 Jahren, arbeiteten insgesamt 74.792 Lehrkr\u00e4fte in den nieders\u00e4chsischen Schulen. Der [&hellip;]","og_url":"https:\/\/radioleinewelle.de\/index.php\/2020\/11\/19\/niedersachsen-sieben-von-zehn-lehrkraeften-waren-im-schuljahr-20192020-frauen\/","og_site_name":"Radio Leinewelle","article_publisher":"https:\/\/www.facebook.com\/radioleinewelle","article_author":"https:\/\/www.facebook.com\/radioleinewelle","article_published_time":"2020-11-19T04:30:11+00:00","og_image":[{"width":640,"height":480,"url":"https:\/\/radioleinewelle.de\/wp-content\/uploads\/2020\/11\/teacher-5560962_640.jpg","type":"image\/jpeg"}],"author":"Leinewelle","twitter_card":"summary_large_image","twitter_creator":"@https:\/\/twitter.com\/RLeinewelle?ref_src=twsrcgoogletwcampserptwgrauthor","twitter_site":"@RLeinewelle","twitter_misc":{"Verfasst von":"Leinewelle","Gesch\u00e4tzte Lesezeit":"2\u00a0Minuten"},"schema":{"@context":"https:\/\/schema.org","@graph":[{"@type":"Article","@id":"https:\/\/radioleinewelle.de\/index.php\/2020\/11\/19\/niedersachsen-sieben-von-zehn-lehrkraeften-waren-im-schuljahr-20192020-frauen\/#article","isPartOf":{"@id":"https:\/\/radioleinewelle.de\/index.php\/2020\/11\/19\/niedersachsen-sieben-von-zehn-lehrkraeften-waren-im-schuljahr-20192020-frauen\/"},"author":{"name":"Leinewelle","@id":"https:\/\/radioleinewelle.de\/#\/schema\/person\/45606f348637df637192dc1b68399a63"},"headline":"Niedersachsen: Sieben von zehn Lehrkr\u00e4ften waren im Schuljahr 2019\/2020 Frauen","datePublished":"2020-11-19T04:30:11+00:00","mainEntityOfPage":{"@id":"https:\/\/radioleinewelle.de\/index.php\/2020\/11\/19\/niedersachsen-sieben-von-zehn-lehrkraeften-waren-im-schuljahr-20192020-frauen\/"},"wordCount":310,"publisher":{"@id":"https:\/\/radioleinewelle.de\/#organization"},"image":{"@id":"https:\/\/radioleinewelle.de\/index.php\/2020\/11\/19\/niedersachsen-sieben-von-zehn-lehrkraeften-waren-im-schuljahr-20192020-frauen\/#primaryimage"},"thumbnailUrl":"https:\/\/radioleinewelle.de\/wp-content\/uploads\/2020\/11\/teacher-5560962_640.jpg","articleSection":["Schule &amp; Ausbildung"],"inLanguage":"de"},{"@type":"WebPage","@id":"https:\/\/radioleinewelle.de\/index.php\/2020\/11\/19\/niedersachsen-sieben-von-zehn-lehrkraeften-waren-im-schuljahr-20192020-frauen\/","url":"https:\/\/radioleinewelle.de\/index.php\/2020\/11\/19\/niedersachsen-sieben-von-zehn-lehrkraeften-waren-im-schuljahr-20192020-frauen\/","name":"Niedersachsen: Sieben von zehn Lehrkr\u00e4ften waren im Schuljahr 2019\/2020 Frauen - Radio Leinewelle","isPartOf":{"@id":"https:\/\/radioleinewelle.de\/#website"},"primaryImageOfPage":{"@id":"https:\/\/radioleinewelle.de\/index.php\/2020\/11\/19\/niedersachsen-sieben-von-zehn-lehrkraeften-waren-im-schuljahr-20192020-frauen\/#primaryimage"},"image":{"@id":"https:\/\/radioleinewelle.de\/index.php\/2020\/11\/19\/niedersachsen-sieben-von-zehn-lehrkraeften-waren-im-schuljahr-20192020-frauen\/#primaryimage"},"thumbnailUrl":"https:\/\/radioleinewelle.de\/wp-content\/uploads\/2020\/11\/teacher-5560962_640.jpg","datePublished":"2020-11-19T04:30:11+00:00","breadcrumb":{"@id":"https:\/\/radioleinewelle.de\/index.php\/2020\/11\/19\/niedersachsen-sieben-von-zehn-lehrkraeften-waren-im-schuljahr-20192020-frauen\/#breadcrumb"},"inLanguage":"de","potentialAction":[{"@type":"ReadAction","target":["https:\/\/radioleinewelle.de\/index.php\/2020\/11\/19\/niedersachsen-sieben-von-zehn-lehrkraeften-waren-im-schuljahr-20192020-frauen\/"]}]},{"@type":"ImageObject","inLanguage":"de","@id":"https:\/\/radioleinewelle.de\/index.php\/2020\/11\/19\/niedersachsen-sieben-von-zehn-lehrkraeften-waren-im-schuljahr-20192020-frauen\/#primaryimage","url":"https:\/\/radioleinewelle.de\/wp-content\/uploads\/2020\/11\/teacher-5560962_640.jpg","contentUrl":"https:\/\/radioleinewelle.de\/wp-content\/uploads\/2020\/11\/teacher-5560962_640.jpg","width":640,"height":480},{"@type":"BreadcrumbList","@id":"https:\/\/radioleinewelle.de\/index.php\/2020\/11\/19\/niedersachsen-sieben-von-zehn-lehrkraeften-waren-im-schuljahr-20192020-frauen\/#breadcrumb","itemListElement":[{"@type":"ListItem","position":1,"name":"Startseite","item":"https:\/\/radioleinewelle.de\/"},{"@type":"ListItem","position":2,"name":"Niedersachsen: Sieben von zehn Lehrkr\u00e4ften waren im Schuljahr 2019\/2020 Frauen"}]},{"@type":"WebSite","@id":"https:\/\/radioleinewelle.de\/#website","url":"https:\/\/radioleinewelle.de\/","name":"Radio Leinewelle","description":"","publisher":{"@id":"https:\/\/radioleinewelle.de\/#organization"},"potentialAction":[{"@type":"SearchAction","target":{"@type":"EntryPoint","urlTemplate":"https:\/\/radioleinewelle.de\/?s={search_term_string}"},"query-input":{"@type":"PropertyValueSpecification","valueRequired":true,"valueName":"search_term_string"}}],"inLanguage":"de"},{"@type":"Organization","@id":"https:\/\/radioleinewelle.de\/#organization","name":"Radio Leinewelle","alternateName":"Mein Radio f\u00fcr S\u00fcdniedersachsen","url":"https:\/\/radioleinewelle.de\/","logo":{"@type":"ImageObject","inLanguage":"de","@id":"https:\/\/radioleinewelle.de\/#\/schema\/logo\/image\/","url":"https:\/\/radioleinewelle.de\/wp-content\/uploads\/2023\/11\/cropped-Leinewelle_Logo_weiss.png","contentUrl":"https:\/\/radioleinewelle.de\/wp-content\/uploads\/2023\/11\/cropped-Leinewelle_Logo_weiss.png","width":854,"height":260,"caption":"Radio Leinewelle"},"image":{"@id":"https:\/\/radioleinewelle.de\/#\/schema\/logo\/image\/"},"sameAs":["https:\/\/www.facebook.com\/radioleinewelle","https:\/\/x.com\/RLeinewelle","https:\/\/www.instagram.com\/radioleinewelle\/?hl=de"]},{"@type":"Person","@id":"https:\/\/radioleinewelle.de\/#\/schema\/person\/45606f348637df637192dc1b68399a63","name":"Leinewelle","image":{"@type":"ImageObject","inLanguage":"de","@id":"https:\/\/secure.gravatar.com\/avatar\/05c9a17bc973052ee5d91549bd32fb4dd0dc85b7b85ae94b2e2b4943476bbea5?s=96&d=blank&r=g","url":"https:\/\/secure.gravatar.com\/avatar\/05c9a17bc973052ee5d91549bd32fb4dd0dc85b7b85ae94b2e2b4943476bbea5?s=96&d=blank&r=g","contentUrl":"https:\/\/secure.gravatar.com\/avatar\/05c9a17bc973052ee5d91549bd32fb4dd0dc85b7b85ae94b2e2b4943476bbea5?s=96&d=blank&r=g","caption":"Leinewelle"},"sameAs":["http:\/\/localhost\/radio%20leinewelle\/wordpress","https:\/\/www.facebook.com\/radioleinewelle","https:\/\/www.instagram.com\/radioleinewelle","https:\/\/x.com\/https:\/\/twitter.com\/RLeinewelle?ref_src=twsrcgoogletwcampserptwgrauthor","https:\/\/soundcloud.com\/foerderverein-lokalradio?utm_source=clipboard&utm_medium=text&utm_campaign=social_sharing"],"url":"https:\/\/radioleinewelle.de\/index.php\/author\/leinewelle\/"}]}},"_links":{"self":[{"href":"https:\/\/radioleinewelle.de\/index.php\/wp-json\/wp\/v2\/posts\/3031","targetHints":{"allow":["GET"]}}],"collection":[{"href":"https:\/\/radioleinewelle.de\/index.php\/wp-json\/wp\/v2\/posts"}],"about":[{"href":"https:\/\/radioleinewelle.de\/index.php\/wp-json\/wp\/v2\/types\/post"}],"author":[{"embeddable":true,"href":"https:\/\/radioleinewelle.de\/index.php\/wp-json\/wp\/v2\/users\/1"}],"replies":[{"embeddable":true,"href":"https:\/\/radioleinewelle.de\/index.php\/wp-json\/wp\/v2\/comments?post=3031"}],"version-history":[{"count":0,"href":"https:\/\/radioleinewelle.de\/index.php\/wp-json\/wp\/v2\/posts\/3031\/revisions"}],"wp:featuredmedia":[{"embeddable":true,"href":"https:\/\/radioleinewelle.de\/index.php\/wp-json\/wp\/v2\/media\/3035"}],"wp:attachment":[{"href":"https:\/\/radioleinewelle.de\/index.php\/wp-json\/wp\/v2\/media?parent=3031"}],"wp:term":[{"taxonomy":"category","embeddable":true,"href":"https:\/\/radioleinewelle.de\/index.php\/wp-json\/wp\/v2\/categories?post=3031"},{"taxonomy":"post_tag","embeddable":true,"href":"https:\/\/radioleinewelle.de\/index.php\/wp-json\/wp\/v2\/tags?post=3031"}],"curies":[{"name":"wp","href":"https:\/\/api.w.org\/{rel}","templated":true}]}}