{"id":30316,"date":"2026-01-24T08:26:31","date_gmt":"2026-01-24T07:26:31","guid":{"rendered":"https:\/\/radioleinewelle.de\/?p=30316"},"modified":"2026-01-24T08:26:33","modified_gmt":"2026-01-24T07:26:33","slug":"warnstreik-an-der-umg-am-27-28-januar-notfallversorgung-gesichert","status":"publish","type":"post","link":"https:\/\/radioleinewelle.de\/index.php\/2026\/01\/24\/warnstreik-an-der-umg-am-27-28-januar-notfallversorgung-gesichert\/","title":{"rendered":"Warnstreik an der UMG am 27. &amp; 28. Januar \u2013 Notfallversorgung gesichert"},"content":{"rendered":"\n<p>G\u00f6ttingen.\u00a0Besch\u00e4ftigte der\u00a0Universit\u00e4tsmedizin G\u00f6ttingen (UMG)\u00a0werden am\u00a0Dienstag und Mittwoch, 27. und 28. Januar 2026, im Rahmen der laufenden\u00a0Tarifverhandlungen im \u00f6ffentlichen Dienst der L\u00e4nder\u00a0zu\u00a0Warnstreiksaufgerufen. Die Gewerkschaft ver.di organisiert die Arbeitsniederlegungen, die sich neben der UMG auch auf zahlreiche andere Universit\u00e4tskliniken bundesweit erstrecken.\u00a0<\/p>\n\n\n\n<p>Trotz des Arbeitskampfs ist die medizinische\u00a0Grund- und Notfallversorgung an beiden Streiktagen gesichert, weil UMG-Leitung und ver.di fr\u00fchzeitig eine verbindliche\u00a0Notdienstvereinbarung\u00a0abgeschlossen haben. Diese Regelung sieht eine Mindestbesetzung im Zentral-OP und in der Pflege der Normal-, Intensiv- und IMC-Stationen vor. Ruf- und Bereitschaftsdienste bleiben erhalten, damit Notf\u00e4lle jederzeit versorgt werden k\u00f6nnen.<\/p>\n\n\n\n<p>\u201eDie Sicherheit unserer Patient*innen hat h\u00f6chste Priorit\u00e4t\u201c, erkl\u00e4rt\u00a0Prof. Dr. Lorenz Tr\u00fcmper, Vorstand Krankenversorgung der UMG. \u201eDurch die Notdienstvereinbarung ist gew\u00e4hrleistet, dass die Notfallversorgung sowie die Betreuung der bereits station\u00e4r aufgenommenen Patientinnen an beiden Streiktagen sichergestellt ist.\u201c Tr\u00fcmper betont, dass es trotz Streikaktionen oberstes Ziel sei, die medizinische Versorgung ohne Unterbrechung aufrechtzuerhalten und Patientinnen keine Risiken entstehen.\u00a0<\/p>\n\n\n\n<p>Allerdings kann es in einigen Bereichen des regul\u00e4ren Klinikbetriebs \u2013\u00a0insbesondere in der ambulanten und teilstation\u00e4ren Versorgung sowie im Zentral-OP\u00a0\u2013 zu Verz\u00f6gerungen oder\u00a0Ausf\u00e4llen geplanter Termine\u00a0kommen. Betroffene Patient*innen werden rechtzeitig informiert und Ersatztermine vereinbart, wenn eine Verschiebung medizinisch vertretbar ist.\u00a0<\/p>\n\n\n\n<p>\u00a0<strong>Infos zur Tarifrunde und ver.di in S\u00fcdniedersachsen<\/strong><\/p>\n\n\n\n<p>Die Gewerkschaft ver.di ruft im Zuge der L\u00e4nder-Tarifverhandlungen Besch\u00e4ftigte im Gesundheits- und Sozialwesen zu Arbeitsniederlegungen auf \u2013 auch in S\u00fcdniedersachsen. Neben dem Warnstreik an der UMG sind\u00a0Protestaktionen und Kundgebungen geplant, etwa rund um die Klinikgel\u00e4nde und den G\u00f6ttinger Campus. Ziel der Tarifrunde ist es,\u00a0bessere Arbeitsbedingungen und h\u00f6here Entgelte\u00a0f\u00fcr Besch\u00e4ftigte im \u00f6ffentlichen Dienst durchzusetzen.\u00a0<\/p>\n\n\n\n<p>ver.di fordert in dieser Runde unter anderem sp\u00fcrbare Gehaltssteigerungen und eine Entlastung im Arbeitsalltag \u2013 Themen, die an Universit\u00e4tskliniken wie der UMG und anderen Einrichtungen im Land eine gro\u00dfe Rolle spielen. Der Streik am 27. und 28. Januar ist Teil bundesweiter Aktionen, an denen rund 22 Universit\u00e4tskliniken beteiligt sind.\u00a0<\/p>\n\n\n\n<p class=\"has-text-align-right has-small-font-size\"><strong>Foto:<\/strong> \u00a9Radio Leinewelle (ue)<br><br><\/p>\n","protected":false},"excerpt":{"rendered":"<p>G\u00f6ttingen.\u00a0Besch\u00e4ftigte der\u00a0Universit\u00e4tsmedizin G\u00f6ttingen (UMG)\u00a0werden am\u00a0Dienstag und Mittwoch, 27. und 28. Januar 2026, im Rahmen der laufenden\u00a0Tarifverhandlungen im \u00f6ffentlichen Dienst der L\u00e4nder\u00a0zu\u00a0Warnstreiksaufgerufen. Die Gewerkschaft ver.di organisiert die Arbeitsniederlegungen, die sich neben der UMG auch auf zahlreiche andere Universit\u00e4tskliniken bundesweit erstrecken.\u00a0 Trotz des Arbeitskampfs ist die medizinische\u00a0Grund- und Notfallversorgung an beiden Streiktagen gesichert, weil UMG-Leitung und ver.di [&hellip;]<\/p>\n","protected":false},"author":6,"featured_media":30321,"comment_status":"open","ping_status":"open","sticky":false,"template":"","format":"standard","meta":{"saved_in_kubio":false,"footnotes":""},"categories":[50,35,4179],"tags":[63,2519,3875,4383,4796,4795,98,3829,346],"class_list":["post-30316","post","type-post","status-publish","format-standard","has-post-thumbnail","hentry","category-arbeitswelt","category-universitaet","category-universitaetsmedizin-goettingen-umg","tag-goettingen","tag-notfallversorgung","tag-oeffentlicher-dienst","tag-radioleinewelle","tag-streik2026","tag-tarifrunde","tag-umg","tag-verdi","tag-warnstreik"],"yoast_head":"<!-- This site is optimized with the Yoast SEO plugin v27.5 - https:\/\/yoast.com\/product\/yoast-seo-wordpress\/ -->\n<title>Warnstreik an der UMG am 27. &amp; 28. Januar \u2013 Notfallversorgung gesichert - Radio Leinewelle<\/title>\n<meta name=\"description\" content=\"Warnstreiks an der Universit\u00e4tsmedizin G\u00f6ttingen am 27. und 28. Januar 2026: ver.di ruft Besch\u00e4ftigte im Tarifkonflikt auf \u2013 Notfallversorgung bleibt gew\u00e4hrleistet.\" \/>\n<meta name=\"robots\" content=\"index, follow, max-snippet:-1, max-image-preview:large, max-video-preview:-1\" \/>\n<link rel=\"canonical\" href=\"https:\/\/radioleinewelle.de\/index.php\/2026\/01\/24\/warnstreik-an-der-umg-am-27-28-januar-notfallversorgung-gesichert\/\" \/>\n<meta property=\"og:locale\" content=\"de_DE\" \/>\n<meta property=\"og:type\" content=\"article\" \/>\n<meta property=\"og:title\" content=\"Warnstreik an der UMG am 27. &amp; 28. Januar \u2013 Notfallversorgung gesichert - Radio Leinewelle\" \/>\n<meta property=\"og:description\" content=\"Warnstreiks an der Universit\u00e4tsmedizin G\u00f6ttingen am 27. und 28. Januar 2026: ver.di ruft Besch\u00e4ftigte im Tarifkonflikt auf \u2013 Notfallversorgung bleibt gew\u00e4hrleistet.\" \/>\n<meta property=\"og:url\" content=\"https:\/\/radioleinewelle.de\/index.php\/2026\/01\/24\/warnstreik-an-der-umg-am-27-28-januar-notfallversorgung-gesichert\/\" \/>\n<meta property=\"og:site_name\" content=\"Radio Leinewelle\" \/>\n<meta property=\"article:publisher\" content=\"https:\/\/www.facebook.com\/radioleinewelle\" \/>\n<meta property=\"article:published_time\" content=\"2026-01-24T07:26:31+00:00\" \/>\n<meta property=\"article:modified_time\" content=\"2026-01-24T07:26:33+00:00\" \/>\n<meta property=\"og:image\" content=\"https:\/\/radioleinewelle.de\/wp-content\/uploads\/2026\/01\/Warnstreik-verdi-1002x1024.png\" \/>\n\t<meta property=\"og:image:width\" content=\"1002\" \/>\n\t<meta property=\"og:image:height\" content=\"1024\" \/>\n\t<meta property=\"og:image:type\" content=\"image\/png\" \/>\n<meta name=\"author\" content=\"Ulf Engelmayer\" \/>\n<meta name=\"twitter:card\" content=\"summary_large_image\" \/>\n<meta name=\"twitter:creator\" content=\"@RLeinewelle\" \/>\n<meta name=\"twitter:site\" content=\"@RLeinewelle\" \/>\n<meta name=\"twitter:label1\" content=\"Verfasst von\" \/>\n\t<meta name=\"twitter:data1\" content=\"Ulf Engelmayer\" \/>\n\t<meta name=\"twitter:label2\" content=\"Gesch\u00e4tzte Lesezeit\" \/>\n\t<meta name=\"twitter:data2\" content=\"2\u00a0Minuten\" \/>\n<script type=\"application\/ld+json\" class=\"yoast-schema-graph\">{\"@context\":\"https:\\\/\\\/schema.org\",\"@graph\":[{\"@type\":\"Article\",\"@id\":\"https:\\\/\\\/radioleinewelle.de\\\/index.php\\\/2026\\\/01\\\/24\\\/warnstreik-an-der-umg-am-27-28-januar-notfallversorgung-gesichert\\\/#article\",\"isPartOf\":{\"@id\":\"https:\\\/\\\/radioleinewelle.de\\\/index.php\\\/2026\\\/01\\\/24\\\/warnstreik-an-der-umg-am-27-28-januar-notfallversorgung-gesichert\\\/\"},\"author\":{\"name\":\"Ulf Engelmayer\",\"@id\":\"https:\\\/\\\/radioleinewelle.de\\\/#\\\/schema\\\/person\\\/57bad1d4e916f10da4e6763d01aec895\"},\"headline\":\"Warnstreik an der UMG am 27. &amp; 28. Januar \u2013 Notfallversorgung gesichert\",\"datePublished\":\"2026-01-24T07:26:31+00:00\",\"dateModified\":\"2026-01-24T07:26:33+00:00\",\"mainEntityOfPage\":{\"@id\":\"https:\\\/\\\/radioleinewelle.de\\\/index.php\\\/2026\\\/01\\\/24\\\/warnstreik-an-der-umg-am-27-28-januar-notfallversorgung-gesichert\\\/\"},\"wordCount\":351,\"commentCount\":0,\"publisher\":{\"@id\":\"https:\\\/\\\/radioleinewelle.de\\\/#organization\"},\"image\":{\"@id\":\"https:\\\/\\\/radioleinewelle.de\\\/index.php\\\/2026\\\/01\\\/24\\\/warnstreik-an-der-umg-am-27-28-januar-notfallversorgung-gesichert\\\/#primaryimage\"},\"thumbnailUrl\":\"https:\\\/\\\/radioleinewelle.de\\\/wp-content\\\/uploads\\\/2026\\\/01\\\/Warnstreik-verdi.png\",\"keywords\":[\"G\u00f6ttingen\",\"Notfallversorgung\",\"\u00d6ffentlicher Dienst\",\"RadioLeinewelle\",\"Streik2026\",\"Tarifrunde\",\"UMG\",\"verdi\",\"Warnstreik\"],\"articleSection\":[\"Arbeitswelt\",\"Universit\u00e4t\",\"Universit\u00e4tsmedizin G\u00f6ttingen UMG\"],\"inLanguage\":\"de\",\"potentialAction\":[{\"@type\":\"CommentAction\",\"name\":\"Comment\",\"target\":[\"https:\\\/\\\/radioleinewelle.de\\\/index.php\\\/2026\\\/01\\\/24\\\/warnstreik-an-der-umg-am-27-28-januar-notfallversorgung-gesichert\\\/#respond\"]}]},{\"@type\":\"WebPage\",\"@id\":\"https:\\\/\\\/radioleinewelle.de\\\/index.php\\\/2026\\\/01\\\/24\\\/warnstreik-an-der-umg-am-27-28-januar-notfallversorgung-gesichert\\\/\",\"url\":\"https:\\\/\\\/radioleinewelle.de\\\/index.php\\\/2026\\\/01\\\/24\\\/warnstreik-an-der-umg-am-27-28-januar-notfallversorgung-gesichert\\\/\",\"name\":\"Warnstreik an der UMG am 27. &amp; 28. Januar \u2013 Notfallversorgung gesichert - Radio Leinewelle\",\"isPartOf\":{\"@id\":\"https:\\\/\\\/radioleinewelle.de\\\/#website\"},\"primaryImageOfPage\":{\"@id\":\"https:\\\/\\\/radioleinewelle.de\\\/index.php\\\/2026\\\/01\\\/24\\\/warnstreik-an-der-umg-am-27-28-januar-notfallversorgung-gesichert\\\/#primaryimage\"},\"image\":{\"@id\":\"https:\\\/\\\/radioleinewelle.de\\\/index.php\\\/2026\\\/01\\\/24\\\/warnstreik-an-der-umg-am-27-28-januar-notfallversorgung-gesichert\\\/#primaryimage\"},\"thumbnailUrl\":\"https:\\\/\\\/radioleinewelle.de\\\/wp-content\\\/uploads\\\/2026\\\/01\\\/Warnstreik-verdi.png\",\"datePublished\":\"2026-01-24T07:26:31+00:00\",\"dateModified\":\"2026-01-24T07:26:33+00:00\",\"description\":\"Warnstreiks an der Universit\u00e4tsmedizin G\u00f6ttingen am 27. und 28. Januar 2026: ver.di ruft Besch\u00e4ftigte im Tarifkonflikt auf \u2013 Notfallversorgung bleibt gew\u00e4hrleistet.\",\"breadcrumb\":{\"@id\":\"https:\\\/\\\/radioleinewelle.de\\\/index.php\\\/2026\\\/01\\\/24\\\/warnstreik-an-der-umg-am-27-28-januar-notfallversorgung-gesichert\\\/#breadcrumb\"},\"inLanguage\":\"de\",\"potentialAction\":[{\"@type\":\"ReadAction\",\"target\":[\"https:\\\/\\\/radioleinewelle.de\\\/index.php\\\/2026\\\/01\\\/24\\\/warnstreik-an-der-umg-am-27-28-januar-notfallversorgung-gesichert\\\/\"]}]},{\"@type\":\"ImageObject\",\"inLanguage\":\"de\",\"@id\":\"https:\\\/\\\/radioleinewelle.de\\\/index.php\\\/2026\\\/01\\\/24\\\/warnstreik-an-der-umg-am-27-28-januar-notfallversorgung-gesichert\\\/#primaryimage\",\"url\":\"https:\\\/\\\/radioleinewelle.de\\\/wp-content\\\/uploads\\\/2026\\\/01\\\/Warnstreik-verdi.png\",\"contentUrl\":\"https:\\\/\\\/radioleinewelle.de\\\/wp-content\\\/uploads\\\/2026\\\/01\\\/Warnstreik-verdi.png\",\"width\":1512,\"height\":1545},{\"@type\":\"BreadcrumbList\",\"@id\":\"https:\\\/\\\/radioleinewelle.de\\\/index.php\\\/2026\\\/01\\\/24\\\/warnstreik-an-der-umg-am-27-28-januar-notfallversorgung-gesichert\\\/#breadcrumb\",\"itemListElement\":[{\"@type\":\"ListItem\",\"position\":1,\"name\":\"Startseite\",\"item\":\"https:\\\/\\\/radioleinewelle.de\\\/\"},{\"@type\":\"ListItem\",\"position\":2,\"name\":\"Warnstreik an der UMG am 27. &amp; 28. Januar \u2013 Notfallversorgung gesichert\"}]},{\"@type\":\"WebSite\",\"@id\":\"https:\\\/\\\/radioleinewelle.de\\\/#website\",\"url\":\"https:\\\/\\\/radioleinewelle.de\\\/\",\"name\":\"Radio Leinewelle\",\"description\":\"\",\"publisher\":{\"@id\":\"https:\\\/\\\/radioleinewelle.de\\\/#organization\"},\"potentialAction\":[{\"@type\":\"SearchAction\",\"target\":{\"@type\":\"EntryPoint\",\"urlTemplate\":\"https:\\\/\\\/radioleinewelle.de\\\/?s={search_term_string}\"},\"query-input\":{\"@type\":\"PropertyValueSpecification\",\"valueRequired\":true,\"valueName\":\"search_term_string\"}}],\"inLanguage\":\"de\"},{\"@type\":\"Organization\",\"@id\":\"https:\\\/\\\/radioleinewelle.de\\\/#organization\",\"name\":\"Radio Leinewelle\",\"alternateName\":\"Mein Radio f\u00fcr S\u00fcdniedersachsen\",\"url\":\"https:\\\/\\\/radioleinewelle.de\\\/\",\"logo\":{\"@type\":\"ImageObject\",\"inLanguage\":\"de\",\"@id\":\"https:\\\/\\\/radioleinewelle.de\\\/#\\\/schema\\\/logo\\\/image\\\/\",\"url\":\"https:\\\/\\\/radioleinewelle.de\\\/wp-content\\\/uploads\\\/2023\\\/11\\\/cropped-Leinewelle_Logo_weiss.png\",\"contentUrl\":\"https:\\\/\\\/radioleinewelle.de\\\/wp-content\\\/uploads\\\/2023\\\/11\\\/cropped-Leinewelle_Logo_weiss.png\",\"width\":854,\"height\":260,\"caption\":\"Radio Leinewelle\"},\"image\":{\"@id\":\"https:\\\/\\\/radioleinewelle.de\\\/#\\\/schema\\\/logo\\\/image\\\/\"},\"sameAs\":[\"https:\\\/\\\/www.facebook.com\\\/radioleinewelle\",\"https:\\\/\\\/x.com\\\/RLeinewelle\",\"https:\\\/\\\/www.instagram.com\\\/radioleinewelle\\\/?hl=de\"]},{\"@type\":\"Person\",\"@id\":\"https:\\\/\\\/radioleinewelle.de\\\/#\\\/schema\\\/person\\\/57bad1d4e916f10da4e6763d01aec895\",\"name\":\"Ulf Engelmayer\",\"image\":{\"@type\":\"ImageObject\",\"inLanguage\":\"de\",\"@id\":\"https:\\\/\\\/secure.gravatar.com\\\/avatar\\\/f056d5d62beaff9b66570d67e3e698ea7ff6463d140c80fc667a56e338ecf046?s=96&d=blank&r=g\",\"url\":\"https:\\\/\\\/secure.gravatar.com\\\/avatar\\\/f056d5d62beaff9b66570d67e3e698ea7ff6463d140c80fc667a56e338ecf046?s=96&d=blank&r=g\",\"contentUrl\":\"https:\\\/\\\/secure.gravatar.com\\\/avatar\\\/f056d5d62beaff9b66570d67e3e698ea7ff6463d140c80fc667a56e338ecf046?s=96&d=blank&r=g\",\"caption\":\"Ulf Engelmayer\"},\"url\":\"https:\\\/\\\/radioleinewelle.de\\\/index.php\\\/author\\\/ulf-engelmayer\\\/\"}]}<\/script>\n<!-- \/ Yoast SEO plugin. -->","yoast_head_json":{"title":"Warnstreik an der UMG am 27. &amp; 28. Januar \u2013 Notfallversorgung gesichert - Radio Leinewelle","description":"Warnstreiks an der Universit\u00e4tsmedizin G\u00f6ttingen am 27. und 28. Januar 2026: ver.di ruft Besch\u00e4ftigte im Tarifkonflikt auf \u2013 Notfallversorgung bleibt gew\u00e4hrleistet.","robots":{"index":"index","follow":"follow","max-snippet":"max-snippet:-1","max-image-preview":"max-image-preview:large","max-video-preview":"max-video-preview:-1"},"canonical":"https:\/\/radioleinewelle.de\/index.php\/2026\/01\/24\/warnstreik-an-der-umg-am-27-28-januar-notfallversorgung-gesichert\/","og_locale":"de_DE","og_type":"article","og_title":"Warnstreik an der UMG am 27. &amp; 28. Januar \u2013 Notfallversorgung gesichert - Radio Leinewelle","og_description":"Warnstreiks an der Universit\u00e4tsmedizin G\u00f6ttingen am 27. und 28. Januar 2026: ver.di ruft Besch\u00e4ftigte im Tarifkonflikt auf \u2013 Notfallversorgung bleibt gew\u00e4hrleistet.","og_url":"https:\/\/radioleinewelle.de\/index.php\/2026\/01\/24\/warnstreik-an-der-umg-am-27-28-januar-notfallversorgung-gesichert\/","og_site_name":"Radio Leinewelle","article_publisher":"https:\/\/www.facebook.com\/radioleinewelle","article_published_time":"2026-01-24T07:26:31+00:00","article_modified_time":"2026-01-24T07:26:33+00:00","og_image":[{"width":1002,"height":1024,"url":"https:\/\/radioleinewelle.de\/wp-content\/uploads\/2026\/01\/Warnstreik-verdi-1002x1024.png","type":"image\/png"}],"author":"Ulf Engelmayer","twitter_card":"summary_large_image","twitter_creator":"@RLeinewelle","twitter_site":"@RLeinewelle","twitter_misc":{"Verfasst von":"Ulf Engelmayer","Gesch\u00e4tzte Lesezeit":"2\u00a0Minuten"},"schema":{"@context":"https:\/\/schema.org","@graph":[{"@type":"Article","@id":"https:\/\/radioleinewelle.de\/index.php\/2026\/01\/24\/warnstreik-an-der-umg-am-27-28-januar-notfallversorgung-gesichert\/#article","isPartOf":{"@id":"https:\/\/radioleinewelle.de\/index.php\/2026\/01\/24\/warnstreik-an-der-umg-am-27-28-januar-notfallversorgung-gesichert\/"},"author":{"name":"Ulf Engelmayer","@id":"https:\/\/radioleinewelle.de\/#\/schema\/person\/57bad1d4e916f10da4e6763d01aec895"},"headline":"Warnstreik an der UMG am 27. &amp; 28. Januar \u2013 Notfallversorgung gesichert","datePublished":"2026-01-24T07:26:31+00:00","dateModified":"2026-01-24T07:26:33+00:00","mainEntityOfPage":{"@id":"https:\/\/radioleinewelle.de\/index.php\/2026\/01\/24\/warnstreik-an-der-umg-am-27-28-januar-notfallversorgung-gesichert\/"},"wordCount":351,"commentCount":0,"publisher":{"@id":"https:\/\/radioleinewelle.de\/#organization"},"image":{"@id":"https:\/\/radioleinewelle.de\/index.php\/2026\/01\/24\/warnstreik-an-der-umg-am-27-28-januar-notfallversorgung-gesichert\/#primaryimage"},"thumbnailUrl":"https:\/\/radioleinewelle.de\/wp-content\/uploads\/2026\/01\/Warnstreik-verdi.png","keywords":["G\u00f6ttingen","Notfallversorgung","\u00d6ffentlicher Dienst","RadioLeinewelle","Streik2026","Tarifrunde","UMG","verdi","Warnstreik"],"articleSection":["Arbeitswelt","Universit\u00e4t","Universit\u00e4tsmedizin G\u00f6ttingen UMG"],"inLanguage":"de","potentialAction":[{"@type":"CommentAction","name":"Comment","target":["https:\/\/radioleinewelle.de\/index.php\/2026\/01\/24\/warnstreik-an-der-umg-am-27-28-januar-notfallversorgung-gesichert\/#respond"]}]},{"@type":"WebPage","@id":"https:\/\/radioleinewelle.de\/index.php\/2026\/01\/24\/warnstreik-an-der-umg-am-27-28-januar-notfallversorgung-gesichert\/","url":"https:\/\/radioleinewelle.de\/index.php\/2026\/01\/24\/warnstreik-an-der-umg-am-27-28-januar-notfallversorgung-gesichert\/","name":"Warnstreik an der UMG am 27. &amp; 28. Januar \u2013 Notfallversorgung gesichert - Radio Leinewelle","isPartOf":{"@id":"https:\/\/radioleinewelle.de\/#website"},"primaryImageOfPage":{"@id":"https:\/\/radioleinewelle.de\/index.php\/2026\/01\/24\/warnstreik-an-der-umg-am-27-28-januar-notfallversorgung-gesichert\/#primaryimage"},"image":{"@id":"https:\/\/radioleinewelle.de\/index.php\/2026\/01\/24\/warnstreik-an-der-umg-am-27-28-januar-notfallversorgung-gesichert\/#primaryimage"},"thumbnailUrl":"https:\/\/radioleinewelle.de\/wp-content\/uploads\/2026\/01\/Warnstreik-verdi.png","datePublished":"2026-01-24T07:26:31+00:00","dateModified":"2026-01-24T07:26:33+00:00","description":"Warnstreiks an der Universit\u00e4tsmedizin G\u00f6ttingen am 27. und 28. Januar 2026: ver.di ruft Besch\u00e4ftigte im Tarifkonflikt auf \u2013 Notfallversorgung bleibt gew\u00e4hrleistet.","breadcrumb":{"@id":"https:\/\/radioleinewelle.de\/index.php\/2026\/01\/24\/warnstreik-an-der-umg-am-27-28-januar-notfallversorgung-gesichert\/#breadcrumb"},"inLanguage":"de","potentialAction":[{"@type":"ReadAction","target":["https:\/\/radioleinewelle.de\/index.php\/2026\/01\/24\/warnstreik-an-der-umg-am-27-28-januar-notfallversorgung-gesichert\/"]}]},{"@type":"ImageObject","inLanguage":"de","@id":"https:\/\/radioleinewelle.de\/index.php\/2026\/01\/24\/warnstreik-an-der-umg-am-27-28-januar-notfallversorgung-gesichert\/#primaryimage","url":"https:\/\/radioleinewelle.de\/wp-content\/uploads\/2026\/01\/Warnstreik-verdi.png","contentUrl":"https:\/\/radioleinewelle.de\/wp-content\/uploads\/2026\/01\/Warnstreik-verdi.png","width":1512,"height":1545},{"@type":"BreadcrumbList","@id":"https:\/\/radioleinewelle.de\/index.php\/2026\/01\/24\/warnstreik-an-der-umg-am-27-28-januar-notfallversorgung-gesichert\/#breadcrumb","itemListElement":[{"@type":"ListItem","position":1,"name":"Startseite","item":"https:\/\/radioleinewelle.de\/"},{"@type":"ListItem","position":2,"name":"Warnstreik an der UMG am 27. &amp; 28. Januar \u2013 Notfallversorgung gesichert"}]},{"@type":"WebSite","@id":"https:\/\/radioleinewelle.de\/#website","url":"https:\/\/radioleinewelle.de\/","name":"Radio Leinewelle","description":"","publisher":{"@id":"https:\/\/radioleinewelle.de\/#organization"},"potentialAction":[{"@type":"SearchAction","target":{"@type":"EntryPoint","urlTemplate":"https:\/\/radioleinewelle.de\/?s={search_term_string}"},"query-input":{"@type":"PropertyValueSpecification","valueRequired":true,"valueName":"search_term_string"}}],"inLanguage":"de"},{"@type":"Organization","@id":"https:\/\/radioleinewelle.de\/#organization","name":"Radio Leinewelle","alternateName":"Mein Radio f\u00fcr S\u00fcdniedersachsen","url":"https:\/\/radioleinewelle.de\/","logo":{"@type":"ImageObject","inLanguage":"de","@id":"https:\/\/radioleinewelle.de\/#\/schema\/logo\/image\/","url":"https:\/\/radioleinewelle.de\/wp-content\/uploads\/2023\/11\/cropped-Leinewelle_Logo_weiss.png","contentUrl":"https:\/\/radioleinewelle.de\/wp-content\/uploads\/2023\/11\/cropped-Leinewelle_Logo_weiss.png","width":854,"height":260,"caption":"Radio Leinewelle"},"image":{"@id":"https:\/\/radioleinewelle.de\/#\/schema\/logo\/image\/"},"sameAs":["https:\/\/www.facebook.com\/radioleinewelle","https:\/\/x.com\/RLeinewelle","https:\/\/www.instagram.com\/radioleinewelle\/?hl=de"]},{"@type":"Person","@id":"https:\/\/radioleinewelle.de\/#\/schema\/person\/57bad1d4e916f10da4e6763d01aec895","name":"Ulf Engelmayer","image":{"@type":"ImageObject","inLanguage":"de","@id":"https:\/\/secure.gravatar.com\/avatar\/f056d5d62beaff9b66570d67e3e698ea7ff6463d140c80fc667a56e338ecf046?s=96&d=blank&r=g","url":"https:\/\/secure.gravatar.com\/avatar\/f056d5d62beaff9b66570d67e3e698ea7ff6463d140c80fc667a56e338ecf046?s=96&d=blank&r=g","contentUrl":"https:\/\/secure.gravatar.com\/avatar\/f056d5d62beaff9b66570d67e3e698ea7ff6463d140c80fc667a56e338ecf046?s=96&d=blank&r=g","caption":"Ulf Engelmayer"},"url":"https:\/\/radioleinewelle.de\/index.php\/author\/ulf-engelmayer\/"}]}},"_links":{"self":[{"href":"https:\/\/radioleinewelle.de\/index.php\/wp-json\/wp\/v2\/posts\/30316","targetHints":{"allow":["GET"]}}],"collection":[{"href":"https:\/\/radioleinewelle.de\/index.php\/wp-json\/wp\/v2\/posts"}],"about":[{"href":"https:\/\/radioleinewelle.de\/index.php\/wp-json\/wp\/v2\/types\/post"}],"author":[{"embeddable":true,"href":"https:\/\/radioleinewelle.de\/index.php\/wp-json\/wp\/v2\/users\/6"}],"replies":[{"embeddable":true,"href":"https:\/\/radioleinewelle.de\/index.php\/wp-json\/wp\/v2\/comments?post=30316"}],"version-history":[{"count":5,"href":"https:\/\/radioleinewelle.de\/index.php\/wp-json\/wp\/v2\/posts\/30316\/revisions"}],"predecessor-version":[{"id":30322,"href":"https:\/\/radioleinewelle.de\/index.php\/wp-json\/wp\/v2\/posts\/30316\/revisions\/30322"}],"wp:featuredmedia":[{"embeddable":true,"href":"https:\/\/radioleinewelle.de\/index.php\/wp-json\/wp\/v2\/media\/30321"}],"wp:attachment":[{"href":"https:\/\/radioleinewelle.de\/index.php\/wp-json\/wp\/v2\/media?parent=30316"}],"wp:term":[{"taxonomy":"category","embeddable":true,"href":"https:\/\/radioleinewelle.de\/index.php\/wp-json\/wp\/v2\/categories?post=30316"},{"taxonomy":"post_tag","embeddable":true,"href":"https:\/\/radioleinewelle.de\/index.php\/wp-json\/wp\/v2\/tags?post=30316"}],"curies":[{"name":"wp","href":"https:\/\/api.w.org\/{rel}","templated":true}]}}