{"id":30333,"date":"2026-01-26T21:36:43","date_gmt":"2026-01-26T20:36:43","guid":{"rendered":"https:\/\/radioleinewelle.de\/?p=30333"},"modified":"2026-01-26T21:56:39","modified_gmt":"2026-01-26T20:56:39","slug":"kommunalwahl-kompass-goettingen-die-wichtigsten-politischen-vorhaben-der-woche","status":"publish","type":"post","link":"https:\/\/radioleinewelle.de\/index.php\/2026\/01\/26\/kommunalwahl-kompass-goettingen-die-wichtigsten-politischen-vorhaben-der-woche\/","title":{"rendered":"\u201eKommunalwahl-Kompass G\u00f6ttingen\u201c \u2013 Die wichtigsten politischen Vorhaben der Woche"},"content":{"rendered":"\n<p><\/p>\n\n\n\n<p>Mit Blick auf den anstehenden Kommunalwahlkampf in G\u00f6ttingen und S\u00fcdniedersachsen starten wir auf Radio Leinewelle eine neue regelm\u00e4\u00dfige  Rubrik: den\u00a0<strong>\u201eKommunalwahl-Kompass G\u00f6ttingen\u201c<\/strong>. In diesem Format fassen wir aktuelle Mitteilungen der Parteien zusammen und geben einen kompakten \u00dcberblick \u00fcber politische Pl\u00e4ne, Projekte und Schwerpunkte in der Region.<\/p>\n\n\n\n<p>In der ersten Ausgabe stehen Kultur, soziales Engagement und Stadtentwicklung im Fokus.<\/p>\n\n\n\n<hr class=\"wp-block-separator has-alpha-channel-opacity\"\/>\n\n\n\n\n\n<h3 class=\"wp-block-heading\">CDU: Kulturentwicklungsplan und finanzielle Sicherheit f\u00fcr Kultureinrichtungen<\/h3>\n\n\n\n<p>Die CDU-Ratsfraktion G\u00f6ttingen will die kulturelle Zukunft der Stadt strategisch absichern. In der Ratssitzung am 13. Februar bringt sie einen Antrag ein, mit dem eine umfassende&nbsp;<strong>Kulturentwicklungsplanung<\/strong>&nbsp;auf den Weg gebracht werden soll. Bis Ende 2028 sollen Verwaltung, Politik, Kultureinrichtungen und Kulturschaffende gemeinsam ein Konzept erarbeiten, das als Grundlage f\u00fcr zuk\u00fcnftige kulturpolitische Entscheidungen dient.&nbsp;<br>Parallel dazu fordert die CDU mehr&nbsp;<strong>Planungssicherheit f\u00fcr bestehende Kultureinrichtungen<\/strong>. Angesichts steigender Kosten sollen die seit 2023 erh\u00f6hten Zusch\u00fcsse ab 2027 dauerhaft verstetigt werden. Zudem ist vorgesehen, die institutionellen F\u00f6rdervertr\u00e4ge bis 2029 zu verl\u00e4ngern und k\u00fcnftig an den Verbraucherpreisindex anzupassen. Profitieren w\u00fcrden unter anderem das Theater&nbsp;<em>boat people project<\/em>, das Kinder- und Jugendtheater&nbsp;<em>DOMINO<\/em>, der G\u00f6ttinger Knabenchor und die H\u00e4ndelfestspiele. Ziel ist es, die reale Kaufkraft der Zusch\u00fcsse zu sichern und kulturelle Vielfalt langfristig zu erhalten.&nbsp;<\/p>\n\n\n\n<hr class=\"wp-block-separator has-alpha-channel-opacity\"\/>\n\n\n\n<h3 class=\"wp-block-heading\">SPD: Reparaturtreff im Ebertal wird ausgebaut<\/h3>\n\n\n\n<p>Im Bereich Soziales und Nachhaltigkeit setzt die AWO G\u00f6ttingen gemeinsam mit der SPD auf konkrete Quartiersarbeit. Der&nbsp;<strong>Reparaturtreff im Ebertal<\/strong>&nbsp;wurde dank Landesmitteln neu ausgestattet. \u00dcber F\u00f6rderprogramme des Landes konnten Werkzeuge und eine Schlie\u00dffachanlage angeschafft werden, sodass Ger\u00e4te nun unkompliziert verliehen und zur\u00fcckgegeben werden k\u00f6nnen. Das Projekt soll nicht nur Ressourcen schonen, sondern auch&nbsp;ehrenamtliches Engagement st\u00e4rken. Die AWO sucht aktuell weitere Freiwillige mit handwerklichem Interesse, um das Angebot langfristig auszubauen. Der Reparaturtreff gilt als Beispiel daf\u00fcr, wie Nachhaltigkeit, soziale Teilhabe und b\u00fcrgerschaftliches Engagement im Stadtteil praktisch zusammenkommen.&nbsp;<\/p>\n\n\n\n<hr class=\"wp-block-separator has-alpha-channel-opacity\"\/>\n\n\n\n<h3 class=\"wp-block-heading\">Gr\u00fcne: Soziales Zentrum in ehemaliger JVA weiterverfolgen<\/h3>\n\n\n\n<p>Die Gr\u00fcnen im Rat G\u00f6ttingen sprechen sich klar f\u00fcr die&nbsp;<strong>Einrichtung eines Sozialen Zentrums in der ehemaligen JVA<\/strong>&nbsp;in der n\u00f6rdlichen Innenstadt aus. Das geplante Zentrum soll niedrigschwellige Angebote der Gesundheitsvorsorge bieten und R\u00e4ume f\u00fcr nachbarschaftliches Zusammenkommen schaffen.&nbsp;Kritisch sehen die Gr\u00fcnen \u00dcberlegungen, Mittel f\u00fcr die Sanierung der JVA zur\u00fcckzuziehen. Da die Stadt bereits erhebliche Ressourcen in eine Machbarkeitsstudie investiert, fordern sie, die vorgesehenen Gelder weiterhin bereitzuhalten. Andernfalls drohe dem Projekt schon vor Abschluss der Planungen die finanzielle Grundlage entzogen zu werden. Die Gr\u00fcnen appellieren an die anderen Ratsfraktionen, das Soziale Zentrum gemeinsam weiterzuverfolgen.&nbsp;<\/p>\n\n\n\n<p><\/p>\n\n\n\n<p><\/p>\n","protected":false},"excerpt":{"rendered":"<p>Mit Blick auf den anstehenden Kommunalwahlkampf in G\u00f6ttingen und S\u00fcdniedersachsen starten wir auf Radio Leinewelle eine neue regelm\u00e4\u00dfige Rubrik: den\u00a0\u201eKommunalwahl-Kompass G\u00f6ttingen\u201c. In diesem Format fassen wir aktuelle Mitteilungen der Parteien zusammen und geben einen kompakten \u00dcberblick \u00fcber politische Pl\u00e4ne, Projekte und Schwerpunkte in der Region. In der ersten Ausgabe stehen Kultur, soziales Engagement und Stadtentwicklung [&hellip;]<\/p>\n","protected":false},"author":6,"featured_media":30334,"comment_status":"open","ping_status":"open","sticky":false,"template":"","format":"standard","meta":{"saved_in_kubio":false,"footnotes":""},"categories":[4808],"tags":[2579,479,111,4809,4810,4812,4815,4811,4816,3178,177,4814],"class_list":["post-30333","post","type-post","status-publish","format-standard","has-post-thumbnail","hentry","category-kommunalwahl-2026","tag-awo-goettingen","tag-cdu-goettingen","tag-gruene-goettingen","tag-kommunalwahl-goettingen","tag-kommunalwahl-suedniedersachsen","tag-kulturentwicklungsplan-goettingen","tag-kuturfoerderung-goettingen","tag-radio-leinewelle-politik","tag-reparaturwerkstatt-ebertal","tag-soziales-zentrum-goettingen","tag-spd-goettingen","tag-stadtentwicklung-goettingen"],"yoast_head":"<!-- This site is optimized with the Yoast SEO plugin v27.5 - https:\/\/yoast.com\/product\/yoast-seo-wordpress\/ -->\n<title>\u201eKommunalwahl-Kompass G\u00f6ttingen\u201c \u2013 Die wichtigsten politischen Vorhaben der Woche - Radio Leinewelle<\/title>\n<meta name=\"description\" content=\"Kommunalwahl-Kompass G\u00f6ttingen: CDU, SPD und Gr\u00fcne stellen aktuelle Pl\u00e4ne zu Kultur, Sozialem und Stadtentwicklung vor.\" \/>\n<meta name=\"robots\" content=\"index, follow, max-snippet:-1, max-image-preview:large, max-video-preview:-1\" \/>\n<link rel=\"canonical\" href=\"https:\/\/radioleinewelle.de\/index.php\/2026\/01\/26\/kommunalwahl-kompass-goettingen-die-wichtigsten-politischen-vorhaben-der-woche\/\" \/>\n<meta property=\"og:locale\" content=\"de_DE\" \/>\n<meta property=\"og:type\" content=\"article\" \/>\n<meta property=\"og:title\" content=\"\u201eKommunalwahl-Kompass G\u00f6ttingen\u201c \u2013 Die wichtigsten politischen Vorhaben der Woche - Radio Leinewelle\" \/>\n<meta property=\"og:description\" content=\"Kommunalwahl-Kompass G\u00f6ttingen: CDU, SPD und Gr\u00fcne stellen aktuelle Pl\u00e4ne zu Kultur, Sozialem und Stadtentwicklung vor.\" \/>\n<meta property=\"og:url\" content=\"https:\/\/radioleinewelle.de\/index.php\/2026\/01\/26\/kommunalwahl-kompass-goettingen-die-wichtigsten-politischen-vorhaben-der-woche\/\" \/>\n<meta property=\"og:site_name\" content=\"Radio Leinewelle\" \/>\n<meta property=\"article:publisher\" content=\"https:\/\/www.facebook.com\/radioleinewelle\" \/>\n<meta property=\"article:published_time\" content=\"2026-01-26T20:36:43+00:00\" \/>\n<meta property=\"article:modified_time\" content=\"2026-01-26T20:56:39+00:00\" \/>\n<meta property=\"og:image\" content=\"https:\/\/radioleinewelle.de\/wp-content\/uploads\/2026\/01\/Kommunalwahl-Kompass-Goettingen-2023.png\" \/>\n\t<meta property=\"og:image:width\" content=\"1536\" \/>\n\t<meta property=\"og:image:height\" content=\"1024\" \/>\n\t<meta property=\"og:image:type\" content=\"image\/png\" \/>\n<meta name=\"author\" content=\"Ulf Engelmayer\" \/>\n<meta name=\"twitter:card\" content=\"summary_large_image\" \/>\n<meta name=\"twitter:creator\" content=\"@RLeinewelle\" \/>\n<meta name=\"twitter:site\" content=\"@RLeinewelle\" \/>\n<meta name=\"twitter:label1\" content=\"Verfasst von\" \/>\n\t<meta name=\"twitter:data1\" content=\"Ulf Engelmayer\" \/>\n\t<meta name=\"twitter:label2\" content=\"Gesch\u00e4tzte Lesezeit\" \/>\n\t<meta name=\"twitter:data2\" content=\"3\u00a0Minuten\" \/>\n<script type=\"application\/ld+json\" class=\"yoast-schema-graph\">{\"@context\":\"https:\\\/\\\/schema.org\",\"@graph\":[{\"@type\":\"Article\",\"@id\":\"https:\\\/\\\/radioleinewelle.de\\\/index.php\\\/2026\\\/01\\\/26\\\/kommunalwahl-kompass-goettingen-die-wichtigsten-politischen-vorhaben-der-woche\\\/#article\",\"isPartOf\":{\"@id\":\"https:\\\/\\\/radioleinewelle.de\\\/index.php\\\/2026\\\/01\\\/26\\\/kommunalwahl-kompass-goettingen-die-wichtigsten-politischen-vorhaben-der-woche\\\/\"},\"author\":{\"name\":\"Ulf Engelmayer\",\"@id\":\"https:\\\/\\\/radioleinewelle.de\\\/#\\\/schema\\\/person\\\/57bad1d4e916f10da4e6763d01aec895\"},\"headline\":\"\u201eKommunalwahl-Kompass G\u00f6ttingen\u201c \u2013 Die wichtigsten politischen Vorhaben der Woche\",\"datePublished\":\"2026-01-26T20:36:43+00:00\",\"dateModified\":\"2026-01-26T20:56:39+00:00\",\"mainEntityOfPage\":{\"@id\":\"https:\\\/\\\/radioleinewelle.de\\\/index.php\\\/2026\\\/01\\\/26\\\/kommunalwahl-kompass-goettingen-die-wichtigsten-politischen-vorhaben-der-woche\\\/\"},\"wordCount\":449,\"commentCount\":0,\"publisher\":{\"@id\":\"https:\\\/\\\/radioleinewelle.de\\\/#organization\"},\"image\":{\"@id\":\"https:\\\/\\\/radioleinewelle.de\\\/index.php\\\/2026\\\/01\\\/26\\\/kommunalwahl-kompass-goettingen-die-wichtigsten-politischen-vorhaben-der-woche\\\/#primaryimage\"},\"thumbnailUrl\":\"https:\\\/\\\/radioleinewelle.de\\\/wp-content\\\/uploads\\\/2026\\\/01\\\/Kommunalwahl-Kompass-Goettingen-2023.png\",\"keywords\":[\"AWO G\u00f6ttingen\",\"CDU G\u00f6ttingen\",\"Gr\u00fcne G\u00f6ttingen\",\"Kommunalwahl G\u00f6ttingen\",\"Kommunalwahl S\u00fcdniedersachsen\",\"Kulturentwicklungsplan G\u00f6ttingen\",\"Kuturf\u00f6rderung G\u00f6ttingen\",\"Radio leinewelle Politik\",\"Reparaturwerkstatt Ebertal\",\"Soziales Zentrum G\u00f6ttingen\",\"SPD G\u00f6ttingen\",\"Stadtentwicklung G\u00f6ttingen\"],\"articleSection\":[\"Kommunalwahl 2026\"],\"inLanguage\":\"de\",\"potentialAction\":[{\"@type\":\"CommentAction\",\"name\":\"Comment\",\"target\":[\"https:\\\/\\\/radioleinewelle.de\\\/index.php\\\/2026\\\/01\\\/26\\\/kommunalwahl-kompass-goettingen-die-wichtigsten-politischen-vorhaben-der-woche\\\/#respond\"]}]},{\"@type\":\"WebPage\",\"@id\":\"https:\\\/\\\/radioleinewelle.de\\\/index.php\\\/2026\\\/01\\\/26\\\/kommunalwahl-kompass-goettingen-die-wichtigsten-politischen-vorhaben-der-woche\\\/\",\"url\":\"https:\\\/\\\/radioleinewelle.de\\\/index.php\\\/2026\\\/01\\\/26\\\/kommunalwahl-kompass-goettingen-die-wichtigsten-politischen-vorhaben-der-woche\\\/\",\"name\":\"\u201eKommunalwahl-Kompass G\u00f6ttingen\u201c \u2013 Die wichtigsten politischen Vorhaben der Woche - Radio Leinewelle\",\"isPartOf\":{\"@id\":\"https:\\\/\\\/radioleinewelle.de\\\/#website\"},\"primaryImageOfPage\":{\"@id\":\"https:\\\/\\\/radioleinewelle.de\\\/index.php\\\/2026\\\/01\\\/26\\\/kommunalwahl-kompass-goettingen-die-wichtigsten-politischen-vorhaben-der-woche\\\/#primaryimage\"},\"image\":{\"@id\":\"https:\\\/\\\/radioleinewelle.de\\\/index.php\\\/2026\\\/01\\\/26\\\/kommunalwahl-kompass-goettingen-die-wichtigsten-politischen-vorhaben-der-woche\\\/#primaryimage\"},\"thumbnailUrl\":\"https:\\\/\\\/radioleinewelle.de\\\/wp-content\\\/uploads\\\/2026\\\/01\\\/Kommunalwahl-Kompass-Goettingen-2023.png\",\"datePublished\":\"2026-01-26T20:36:43+00:00\",\"dateModified\":\"2026-01-26T20:56:39+00:00\",\"description\":\"Kommunalwahl-Kompass G\u00f6ttingen: CDU, SPD und Gr\u00fcne stellen aktuelle Pl\u00e4ne zu Kultur, Sozialem und Stadtentwicklung vor.\",\"breadcrumb\":{\"@id\":\"https:\\\/\\\/radioleinewelle.de\\\/index.php\\\/2026\\\/01\\\/26\\\/kommunalwahl-kompass-goettingen-die-wichtigsten-politischen-vorhaben-der-woche\\\/#breadcrumb\"},\"inLanguage\":\"de\",\"potentialAction\":[{\"@type\":\"ReadAction\",\"target\":[\"https:\\\/\\\/radioleinewelle.de\\\/index.php\\\/2026\\\/01\\\/26\\\/kommunalwahl-kompass-goettingen-die-wichtigsten-politischen-vorhaben-der-woche\\\/\"]}]},{\"@type\":\"ImageObject\",\"inLanguage\":\"de\",\"@id\":\"https:\\\/\\\/radioleinewelle.de\\\/index.php\\\/2026\\\/01\\\/26\\\/kommunalwahl-kompass-goettingen-die-wichtigsten-politischen-vorhaben-der-woche\\\/#primaryimage\",\"url\":\"https:\\\/\\\/radioleinewelle.de\\\/wp-content\\\/uploads\\\/2026\\\/01\\\/Kommunalwahl-Kompass-Goettingen-2023.png\",\"contentUrl\":\"https:\\\/\\\/radioleinewelle.de\\\/wp-content\\\/uploads\\\/2026\\\/01\\\/Kommunalwahl-Kompass-Goettingen-2023.png\",\"width\":1536,\"height\":1024},{\"@type\":\"BreadcrumbList\",\"@id\":\"https:\\\/\\\/radioleinewelle.de\\\/index.php\\\/2026\\\/01\\\/26\\\/kommunalwahl-kompass-goettingen-die-wichtigsten-politischen-vorhaben-der-woche\\\/#breadcrumb\",\"itemListElement\":[{\"@type\":\"ListItem\",\"position\":1,\"name\":\"Startseite\",\"item\":\"https:\\\/\\\/radioleinewelle.de\\\/\"},{\"@type\":\"ListItem\",\"position\":2,\"name\":\"\u201eKommunalwahl-Kompass G\u00f6ttingen\u201c \u2013 Die wichtigsten politischen Vorhaben der Woche\"}]},{\"@type\":\"WebSite\",\"@id\":\"https:\\\/\\\/radioleinewelle.de\\\/#website\",\"url\":\"https:\\\/\\\/radioleinewelle.de\\\/\",\"name\":\"Radio Leinewelle\",\"description\":\"\",\"publisher\":{\"@id\":\"https:\\\/\\\/radioleinewelle.de\\\/#organization\"},\"potentialAction\":[{\"@type\":\"SearchAction\",\"target\":{\"@type\":\"EntryPoint\",\"urlTemplate\":\"https:\\\/\\\/radioleinewelle.de\\\/?s={search_term_string}\"},\"query-input\":{\"@type\":\"PropertyValueSpecification\",\"valueRequired\":true,\"valueName\":\"search_term_string\"}}],\"inLanguage\":\"de\"},{\"@type\":\"Organization\",\"@id\":\"https:\\\/\\\/radioleinewelle.de\\\/#organization\",\"name\":\"Radio Leinewelle\",\"alternateName\":\"Mein Radio f\u00fcr S\u00fcdniedersachsen\",\"url\":\"https:\\\/\\\/radioleinewelle.de\\\/\",\"logo\":{\"@type\":\"ImageObject\",\"inLanguage\":\"de\",\"@id\":\"https:\\\/\\\/radioleinewelle.de\\\/#\\\/schema\\\/logo\\\/image\\\/\",\"url\":\"https:\\\/\\\/radioleinewelle.de\\\/wp-content\\\/uploads\\\/2023\\\/11\\\/cropped-Leinewelle_Logo_weiss.png\",\"contentUrl\":\"https:\\\/\\\/radioleinewelle.de\\\/wp-content\\\/uploads\\\/2023\\\/11\\\/cropped-Leinewelle_Logo_weiss.png\",\"width\":854,\"height\":260,\"caption\":\"Radio Leinewelle\"},\"image\":{\"@id\":\"https:\\\/\\\/radioleinewelle.de\\\/#\\\/schema\\\/logo\\\/image\\\/\"},\"sameAs\":[\"https:\\\/\\\/www.facebook.com\\\/radioleinewelle\",\"https:\\\/\\\/x.com\\\/RLeinewelle\",\"https:\\\/\\\/www.instagram.com\\\/radioleinewelle\\\/?hl=de\"]},{\"@type\":\"Person\",\"@id\":\"https:\\\/\\\/radioleinewelle.de\\\/#\\\/schema\\\/person\\\/57bad1d4e916f10da4e6763d01aec895\",\"name\":\"Ulf Engelmayer\",\"image\":{\"@type\":\"ImageObject\",\"inLanguage\":\"de\",\"@id\":\"https:\\\/\\\/secure.gravatar.com\\\/avatar\\\/f056d5d62beaff9b66570d67e3e698ea7ff6463d140c80fc667a56e338ecf046?s=96&d=blank&r=g\",\"url\":\"https:\\\/\\\/secure.gravatar.com\\\/avatar\\\/f056d5d62beaff9b66570d67e3e698ea7ff6463d140c80fc667a56e338ecf046?s=96&d=blank&r=g\",\"contentUrl\":\"https:\\\/\\\/secure.gravatar.com\\\/avatar\\\/f056d5d62beaff9b66570d67e3e698ea7ff6463d140c80fc667a56e338ecf046?s=96&d=blank&r=g\",\"caption\":\"Ulf Engelmayer\"},\"url\":\"https:\\\/\\\/radioleinewelle.de\\\/index.php\\\/author\\\/ulf-engelmayer\\\/\"}]}<\/script>\n<!-- \/ Yoast SEO plugin. -->","yoast_head_json":{"title":"\u201eKommunalwahl-Kompass G\u00f6ttingen\u201c \u2013 Die wichtigsten politischen Vorhaben der Woche - Radio Leinewelle","description":"Kommunalwahl-Kompass G\u00f6ttingen: CDU, SPD und Gr\u00fcne stellen aktuelle Pl\u00e4ne zu Kultur, Sozialem und Stadtentwicklung vor.","robots":{"index":"index","follow":"follow","max-snippet":"max-snippet:-1","max-image-preview":"max-image-preview:large","max-video-preview":"max-video-preview:-1"},"canonical":"https:\/\/radioleinewelle.de\/index.php\/2026\/01\/26\/kommunalwahl-kompass-goettingen-die-wichtigsten-politischen-vorhaben-der-woche\/","og_locale":"de_DE","og_type":"article","og_title":"\u201eKommunalwahl-Kompass G\u00f6ttingen\u201c \u2013 Die wichtigsten politischen Vorhaben der Woche - Radio Leinewelle","og_description":"Kommunalwahl-Kompass G\u00f6ttingen: CDU, SPD und Gr\u00fcne stellen aktuelle Pl\u00e4ne zu Kultur, Sozialem und Stadtentwicklung vor.","og_url":"https:\/\/radioleinewelle.de\/index.php\/2026\/01\/26\/kommunalwahl-kompass-goettingen-die-wichtigsten-politischen-vorhaben-der-woche\/","og_site_name":"Radio Leinewelle","article_publisher":"https:\/\/www.facebook.com\/radioleinewelle","article_published_time":"2026-01-26T20:36:43+00:00","article_modified_time":"2026-01-26T20:56:39+00:00","og_image":[{"width":1536,"height":1024,"url":"https:\/\/radioleinewelle.de\/wp-content\/uploads\/2026\/01\/Kommunalwahl-Kompass-Goettingen-2023.png","type":"image\/png"}],"author":"Ulf Engelmayer","twitter_card":"summary_large_image","twitter_creator":"@RLeinewelle","twitter_site":"@RLeinewelle","twitter_misc":{"Verfasst von":"Ulf Engelmayer","Gesch\u00e4tzte Lesezeit":"3\u00a0Minuten"},"schema":{"@context":"https:\/\/schema.org","@graph":[{"@type":"Article","@id":"https:\/\/radioleinewelle.de\/index.php\/2026\/01\/26\/kommunalwahl-kompass-goettingen-die-wichtigsten-politischen-vorhaben-der-woche\/#article","isPartOf":{"@id":"https:\/\/radioleinewelle.de\/index.php\/2026\/01\/26\/kommunalwahl-kompass-goettingen-die-wichtigsten-politischen-vorhaben-der-woche\/"},"author":{"name":"Ulf Engelmayer","@id":"https:\/\/radioleinewelle.de\/#\/schema\/person\/57bad1d4e916f10da4e6763d01aec895"},"headline":"\u201eKommunalwahl-Kompass G\u00f6ttingen\u201c \u2013 Die wichtigsten politischen Vorhaben der Woche","datePublished":"2026-01-26T20:36:43+00:00","dateModified":"2026-01-26T20:56:39+00:00","mainEntityOfPage":{"@id":"https:\/\/radioleinewelle.de\/index.php\/2026\/01\/26\/kommunalwahl-kompass-goettingen-die-wichtigsten-politischen-vorhaben-der-woche\/"},"wordCount":449,"commentCount":0,"publisher":{"@id":"https:\/\/radioleinewelle.de\/#organization"},"image":{"@id":"https:\/\/radioleinewelle.de\/index.php\/2026\/01\/26\/kommunalwahl-kompass-goettingen-die-wichtigsten-politischen-vorhaben-der-woche\/#primaryimage"},"thumbnailUrl":"https:\/\/radioleinewelle.de\/wp-content\/uploads\/2026\/01\/Kommunalwahl-Kompass-Goettingen-2023.png","keywords":["AWO G\u00f6ttingen","CDU G\u00f6ttingen","Gr\u00fcne G\u00f6ttingen","Kommunalwahl G\u00f6ttingen","Kommunalwahl S\u00fcdniedersachsen","Kulturentwicklungsplan G\u00f6ttingen","Kuturf\u00f6rderung G\u00f6ttingen","Radio leinewelle Politik","Reparaturwerkstatt Ebertal","Soziales Zentrum G\u00f6ttingen","SPD G\u00f6ttingen","Stadtentwicklung G\u00f6ttingen"],"articleSection":["Kommunalwahl 2026"],"inLanguage":"de","potentialAction":[{"@type":"CommentAction","name":"Comment","target":["https:\/\/radioleinewelle.de\/index.php\/2026\/01\/26\/kommunalwahl-kompass-goettingen-die-wichtigsten-politischen-vorhaben-der-woche\/#respond"]}]},{"@type":"WebPage","@id":"https:\/\/radioleinewelle.de\/index.php\/2026\/01\/26\/kommunalwahl-kompass-goettingen-die-wichtigsten-politischen-vorhaben-der-woche\/","url":"https:\/\/radioleinewelle.de\/index.php\/2026\/01\/26\/kommunalwahl-kompass-goettingen-die-wichtigsten-politischen-vorhaben-der-woche\/","name":"\u201eKommunalwahl-Kompass G\u00f6ttingen\u201c \u2013 Die wichtigsten politischen Vorhaben der Woche - Radio Leinewelle","isPartOf":{"@id":"https:\/\/radioleinewelle.de\/#website"},"primaryImageOfPage":{"@id":"https:\/\/radioleinewelle.de\/index.php\/2026\/01\/26\/kommunalwahl-kompass-goettingen-die-wichtigsten-politischen-vorhaben-der-woche\/#primaryimage"},"image":{"@id":"https:\/\/radioleinewelle.de\/index.php\/2026\/01\/26\/kommunalwahl-kompass-goettingen-die-wichtigsten-politischen-vorhaben-der-woche\/#primaryimage"},"thumbnailUrl":"https:\/\/radioleinewelle.de\/wp-content\/uploads\/2026\/01\/Kommunalwahl-Kompass-Goettingen-2023.png","datePublished":"2026-01-26T20:36:43+00:00","dateModified":"2026-01-26T20:56:39+00:00","description":"Kommunalwahl-Kompass G\u00f6ttingen: CDU, SPD und Gr\u00fcne stellen aktuelle Pl\u00e4ne zu Kultur, Sozialem und Stadtentwicklung vor.","breadcrumb":{"@id":"https:\/\/radioleinewelle.de\/index.php\/2026\/01\/26\/kommunalwahl-kompass-goettingen-die-wichtigsten-politischen-vorhaben-der-woche\/#breadcrumb"},"inLanguage":"de","potentialAction":[{"@type":"ReadAction","target":["https:\/\/radioleinewelle.de\/index.php\/2026\/01\/26\/kommunalwahl-kompass-goettingen-die-wichtigsten-politischen-vorhaben-der-woche\/"]}]},{"@type":"ImageObject","inLanguage":"de","@id":"https:\/\/radioleinewelle.de\/index.php\/2026\/01\/26\/kommunalwahl-kompass-goettingen-die-wichtigsten-politischen-vorhaben-der-woche\/#primaryimage","url":"https:\/\/radioleinewelle.de\/wp-content\/uploads\/2026\/01\/Kommunalwahl-Kompass-Goettingen-2023.png","contentUrl":"https:\/\/radioleinewelle.de\/wp-content\/uploads\/2026\/01\/Kommunalwahl-Kompass-Goettingen-2023.png","width":1536,"height":1024},{"@type":"BreadcrumbList","@id":"https:\/\/radioleinewelle.de\/index.php\/2026\/01\/26\/kommunalwahl-kompass-goettingen-die-wichtigsten-politischen-vorhaben-der-woche\/#breadcrumb","itemListElement":[{"@type":"ListItem","position":1,"name":"Startseite","item":"https:\/\/radioleinewelle.de\/"},{"@type":"ListItem","position":2,"name":"\u201eKommunalwahl-Kompass G\u00f6ttingen\u201c \u2013 Die wichtigsten politischen Vorhaben der Woche"}]},{"@type":"WebSite","@id":"https:\/\/radioleinewelle.de\/#website","url":"https:\/\/radioleinewelle.de\/","name":"Radio Leinewelle","description":"","publisher":{"@id":"https:\/\/radioleinewelle.de\/#organization"},"potentialAction":[{"@type":"SearchAction","target":{"@type":"EntryPoint","urlTemplate":"https:\/\/radioleinewelle.de\/?s={search_term_string}"},"query-input":{"@type":"PropertyValueSpecification","valueRequired":true,"valueName":"search_term_string"}}],"inLanguage":"de"},{"@type":"Organization","@id":"https:\/\/radioleinewelle.de\/#organization","name":"Radio Leinewelle","alternateName":"Mein Radio f\u00fcr S\u00fcdniedersachsen","url":"https:\/\/radioleinewelle.de\/","logo":{"@type":"ImageObject","inLanguage":"de","@id":"https:\/\/radioleinewelle.de\/#\/schema\/logo\/image\/","url":"https:\/\/radioleinewelle.de\/wp-content\/uploads\/2023\/11\/cropped-Leinewelle_Logo_weiss.png","contentUrl":"https:\/\/radioleinewelle.de\/wp-content\/uploads\/2023\/11\/cropped-Leinewelle_Logo_weiss.png","width":854,"height":260,"caption":"Radio Leinewelle"},"image":{"@id":"https:\/\/radioleinewelle.de\/#\/schema\/logo\/image\/"},"sameAs":["https:\/\/www.facebook.com\/radioleinewelle","https:\/\/x.com\/RLeinewelle","https:\/\/www.instagram.com\/radioleinewelle\/?hl=de"]},{"@type":"Person","@id":"https:\/\/radioleinewelle.de\/#\/schema\/person\/57bad1d4e916f10da4e6763d01aec895","name":"Ulf Engelmayer","image":{"@type":"ImageObject","inLanguage":"de","@id":"https:\/\/secure.gravatar.com\/avatar\/f056d5d62beaff9b66570d67e3e698ea7ff6463d140c80fc667a56e338ecf046?s=96&d=blank&r=g","url":"https:\/\/secure.gravatar.com\/avatar\/f056d5d62beaff9b66570d67e3e698ea7ff6463d140c80fc667a56e338ecf046?s=96&d=blank&r=g","contentUrl":"https:\/\/secure.gravatar.com\/avatar\/f056d5d62beaff9b66570d67e3e698ea7ff6463d140c80fc667a56e338ecf046?s=96&d=blank&r=g","caption":"Ulf Engelmayer"},"url":"https:\/\/radioleinewelle.de\/index.php\/author\/ulf-engelmayer\/"}]}},"_links":{"self":[{"href":"https:\/\/radioleinewelle.de\/index.php\/wp-json\/wp\/v2\/posts\/30333","targetHints":{"allow":["GET"]}}],"collection":[{"href":"https:\/\/radioleinewelle.de\/index.php\/wp-json\/wp\/v2\/posts"}],"about":[{"href":"https:\/\/radioleinewelle.de\/index.php\/wp-json\/wp\/v2\/types\/post"}],"author":[{"embeddable":true,"href":"https:\/\/radioleinewelle.de\/index.php\/wp-json\/wp\/v2\/users\/6"}],"replies":[{"embeddable":true,"href":"https:\/\/radioleinewelle.de\/index.php\/wp-json\/wp\/v2\/comments?post=30333"}],"version-history":[{"count":6,"href":"https:\/\/radioleinewelle.de\/index.php\/wp-json\/wp\/v2\/posts\/30333\/revisions"}],"predecessor-version":[{"id":30343,"href":"https:\/\/radioleinewelle.de\/index.php\/wp-json\/wp\/v2\/posts\/30333\/revisions\/30343"}],"wp:featuredmedia":[{"embeddable":true,"href":"https:\/\/radioleinewelle.de\/index.php\/wp-json\/wp\/v2\/media\/30334"}],"wp:attachment":[{"href":"https:\/\/radioleinewelle.de\/index.php\/wp-json\/wp\/v2\/media?parent=30333"}],"wp:term":[{"taxonomy":"category","embeddable":true,"href":"https:\/\/radioleinewelle.de\/index.php\/wp-json\/wp\/v2\/categories?post=30333"},{"taxonomy":"post_tag","embeddable":true,"href":"https:\/\/radioleinewelle.de\/index.php\/wp-json\/wp\/v2\/tags?post=30333"}],"curies":[{"name":"wp","href":"https:\/\/api.w.org\/{rel}","templated":true}]}}