{"id":3038,"date":"2020-11-19T14:44:48","date_gmt":"2020-11-19T13:44:48","guid":{"rendered":"https:\/\/radioleinewelle.de\/?p=3038"},"modified":"2020-11-19T14:44:48","modified_gmt":"2020-11-19T13:44:48","slug":"stiftung-leben-fordert-mehr-barrierefreie-toiletten","status":"publish","type":"post","link":"https:\/\/radioleinewelle.de\/index.php\/2020\/11\/19\/stiftung-leben-fordert-mehr-barrierefreie-toiletten\/","title":{"rendered":"Stiftung Leben fordert mehr barrierefreie Toiletten"},"content":{"rendered":"<div class=\"page\" title=\"Page 1\">\n<div class=\"layoutArea\">\n<div class=\"column\">\n<p>Heute am 19. November 2020 findet der Welttoilettentag statt, um global auf das Fehlen ausreichend hygienischer Sanit\u00e4reinrichtungen und den damit verbundenen gesundheitlichen Folgen aufmerksam zu machen. Sogar in Deutschland ist dies ein wichtiges Thema: Menschen mit schweren und mehrfachen Behinderungen m\u00fcssen hierzulande oftmals unhygienische und gesundheitssch\u00e4dliche Situationen in Kauf nehmen, wenn zum Beispiel das Wechseln von Inkontinenzeinlagen mangels Alternative auf den B\u00f6den \u00f6ffentlicherToilettenanlagen oder Parkb\u00e4nken stattfinden muss. \u201eToiletten f\u00fcr alle\u201c sind die L\u00f6sung f\u00fcr diese menschenunw\u00fcrdige und unhygienische Situation! In den barrierefreien Sanit\u00e4rr\u00e4umen nach DIN 18040 ist durch einen Personenlifter ein r\u00fcckenschonender Transfer des Betroffenen auf die Pflegeliege oder das Behinderten-WC m\u00f6glich und dieses bietet bei ca. 12 m2 einen \u201eRaum f\u00fcr den Wechsel\u201c von Inkontinenzeinlagen. Lediglich ein Liftertuch und ein Euro-WC-Schl\u00fcssel m\u00fcssen selbst mitgebracht werden. Auf der bundesweiten \u201eToiletten f\u00fcr alle\u201c-Landkarte finden Nutzer*innen detaillierte Steckbriefe der bereits bestehenden knapp 100 \u201eToiletten f\u00fcr alle\u201c.<\/p>\n<p>Menschen mit Behinderung m\u00f6chten, wie andere Menschen auch, mit ihrer Familie, mit Freunden und Begleitern zum Beispiel Veranstaltungen besuchen, einen Stadtbummel machen, an Freizeitaktivit\u00e4ten teilnehmen und somit am gesellschaftlichen Leben partizipieren. Die gesellschaftliche Teilhabe von Menschen mit Komplexen Behinderungen darf nicht aufgrund von fehlenden geeigneten Sanit\u00e4ranlagen scheitern, deshalb engagiert sich die Stiftung Leben pur f\u00fcr dieErrichtung von \u201eToiletten f\u00fcr alle\u201c.<\/p>\n<\/div>\n<\/div>\n<p>Mehr zum Thema:\u00a0<a href=\"http:\/\/www.toiletten-fuer-alle.de\">www.toiletten-fuer-alle.de<\/a><\/p>\n<p>__________________________________________________________________________<\/p>\n<p>\u00dcber die Stiftung Leben pur<\/p>\n<\/div>\n<div class=\"page\" title=\"Page 2\">\n<div class=\"layoutArea\">\n<div class=\"column\">\n<p>Die Stiftung Leben pur setzt sich f\u00fcr Kinder, Jugendliche und Erwachsene mit sehr schweren und mehrfachen, sogenannten Komplexen Behinderungen, ein. Um neue praxisorientierte L\u00f6sungen zu finden, setzt die Stiftung auf den Austausch zwischen Theorie und Praxis. Ziel der Arbeit ist eine langfristige Verbesserung der Lebensqualit\u00e4t und Lebensgestaltung von Menschen mit schweren und mehrfachen Behinderungen und somit die Inklusion in unsere Gesellschaft.<\/p>\n<p>Bild von <a href=\"https:\/\/pixabay.com\/de\/users\/mariananbu-7207273\/?utm_source=link-attribution&amp;utm_medium=referral&amp;utm_campaign=image&amp;utm_content=4585278\">marian anbu juwan<\/a> auf <a href=\"https:\/\/pixabay.com\/de\/?utm_source=link-attribution&amp;utm_medium=referral&amp;utm_campaign=image&amp;utm_content=4585278\">Pixabay<\/a><\/p>\n<\/div>\n<\/div>\n<\/div>\n","protected":false},"excerpt":{"rendered":"<p>Heute am 19. November 2020 findet der Welttoilettentag statt, um global auf das Fehlen ausreichend hygienischer Sanit\u00e4reinrichtungen und den damit verbundenen gesundheitlichen Folgen aufmerksam zu machen. Sogar in Deutschland ist dies ein wichtiges Thema: Menschen mit schweren und mehrfachen Behinderungen m\u00fcssen hierzulande oftmals unhygienische und gesundheitssch\u00e4dliche Situationen in Kauf nehmen, wenn zum Beispiel das Wechseln [&hellip;]<\/p>\n","protected":false},"author":1,"featured_media":3040,"comment_status":"closed","ping_status":"closed","sticky":false,"template":"","format":"standard","meta":{"saved_in_kubio":false,"footnotes":""},"categories":[40],"tags":[],"class_list":["post-3038","post","type-post","status-publish","format-standard","has-post-thumbnail","hentry","category-gesundheit"],"yoast_head":"<!-- This site is optimized with the Yoast SEO plugin v27.5 - https:\/\/yoast.com\/product\/yoast-seo-wordpress\/ -->\n<title>Stiftung Leben fordert mehr barrierefreie Toiletten - Radio Leinewelle<\/title>\n<meta name=\"robots\" content=\"index, follow, max-snippet:-1, max-image-preview:large, max-video-preview:-1\" \/>\n<link rel=\"canonical\" href=\"https:\/\/radioleinewelle.de\/index.php\/2020\/11\/19\/stiftung-leben-fordert-mehr-barrierefreie-toiletten\/\" \/>\n<meta property=\"og:locale\" content=\"de_DE\" \/>\n<meta property=\"og:type\" content=\"article\" \/>\n<meta property=\"og:title\" content=\"Stiftung Leben fordert mehr barrierefreie Toiletten - Radio Leinewelle\" \/>\n<meta property=\"og:description\" content=\"Heute am 19. November 2020 findet der Welttoilettentag statt, um global auf das Fehlen ausreichend hygienischer Sanit\u00e4reinrichtungen und den damit verbundenen gesundheitlichen Folgen aufmerksam zu machen. Sogar in Deutschland ist dies ein wichtiges Thema: Menschen mit schweren und mehrfachen Behinderungen m\u00fcssen hierzulande oftmals unhygienische und gesundheitssch\u00e4dliche Situationen in Kauf nehmen, wenn zum Beispiel das Wechseln [&hellip;]\" \/>\n<meta property=\"og:url\" content=\"https:\/\/radioleinewelle.de\/index.php\/2020\/11\/19\/stiftung-leben-fordert-mehr-barrierefreie-toiletten\/\" \/>\n<meta property=\"og:site_name\" content=\"Radio Leinewelle\" \/>\n<meta property=\"article:publisher\" content=\"https:\/\/www.facebook.com\/radioleinewelle\" \/>\n<meta property=\"article:author\" content=\"https:\/\/www.facebook.com\/radioleinewelle\" \/>\n<meta property=\"article:published_time\" content=\"2020-11-19T13:44:48+00:00\" \/>\n<meta property=\"og:image\" content=\"https:\/\/radioleinewelle.de\/wp-content\/uploads\/2020\/11\/toilet-4585278_640.jpg\" \/>\n\t<meta property=\"og:image:width\" content=\"640\" \/>\n\t<meta property=\"og:image:height\" content=\"374\" \/>\n\t<meta property=\"og:image:type\" content=\"image\/jpeg\" \/>\n<meta name=\"author\" content=\"Leinewelle\" \/>\n<meta name=\"twitter:card\" content=\"summary_large_image\" \/>\n<meta name=\"twitter:creator\" content=\"@https:\/\/twitter.com\/RLeinewelle?ref_src=twsrcgoogletwcampserptwgrauthor\" \/>\n<meta name=\"twitter:site\" content=\"@RLeinewelle\" \/>\n<meta name=\"twitter:label1\" content=\"Verfasst von\" \/>\n\t<meta name=\"twitter:data1\" content=\"Leinewelle\" \/>\n\t<meta name=\"twitter:label2\" content=\"Gesch\u00e4tzte Lesezeit\" \/>\n\t<meta name=\"twitter:data2\" content=\"2\u00a0Minuten\" \/>\n<script type=\"application\/ld+json\" class=\"yoast-schema-graph\">{\"@context\":\"https:\\\/\\\/schema.org\",\"@graph\":[{\"@type\":\"Article\",\"@id\":\"https:\\\/\\\/radioleinewelle.de\\\/index.php\\\/2020\\\/11\\\/19\\\/stiftung-leben-fordert-mehr-barrierefreie-toiletten\\\/#article\",\"isPartOf\":{\"@id\":\"https:\\\/\\\/radioleinewelle.de\\\/index.php\\\/2020\\\/11\\\/19\\\/stiftung-leben-fordert-mehr-barrierefreie-toiletten\\\/\"},\"author\":{\"name\":\"Leinewelle\",\"@id\":\"https:\\\/\\\/radioleinewelle.de\\\/#\\\/schema\\\/person\\\/45606f348637df637192dc1b68399a63\"},\"headline\":\"Stiftung Leben fordert mehr barrierefreie Toiletten\",\"datePublished\":\"2020-11-19T13:44:48+00:00\",\"mainEntityOfPage\":{\"@id\":\"https:\\\/\\\/radioleinewelle.de\\\/index.php\\\/2020\\\/11\\\/19\\\/stiftung-leben-fordert-mehr-barrierefreie-toiletten\\\/\"},\"wordCount\":312,\"publisher\":{\"@id\":\"https:\\\/\\\/radioleinewelle.de\\\/#organization\"},\"image\":{\"@id\":\"https:\\\/\\\/radioleinewelle.de\\\/index.php\\\/2020\\\/11\\\/19\\\/stiftung-leben-fordert-mehr-barrierefreie-toiletten\\\/#primaryimage\"},\"thumbnailUrl\":\"https:\\\/\\\/radioleinewelle.de\\\/wp-content\\\/uploads\\\/2020\\\/11\\\/toilet-4585278_640.jpg\",\"articleSection\":[\"Gesundheit\"],\"inLanguage\":\"de\"},{\"@type\":\"WebPage\",\"@id\":\"https:\\\/\\\/radioleinewelle.de\\\/index.php\\\/2020\\\/11\\\/19\\\/stiftung-leben-fordert-mehr-barrierefreie-toiletten\\\/\",\"url\":\"https:\\\/\\\/radioleinewelle.de\\\/index.php\\\/2020\\\/11\\\/19\\\/stiftung-leben-fordert-mehr-barrierefreie-toiletten\\\/\",\"name\":\"Stiftung Leben fordert mehr barrierefreie Toiletten - Radio Leinewelle\",\"isPartOf\":{\"@id\":\"https:\\\/\\\/radioleinewelle.de\\\/#website\"},\"primaryImageOfPage\":{\"@id\":\"https:\\\/\\\/radioleinewelle.de\\\/index.php\\\/2020\\\/11\\\/19\\\/stiftung-leben-fordert-mehr-barrierefreie-toiletten\\\/#primaryimage\"},\"image\":{\"@id\":\"https:\\\/\\\/radioleinewelle.de\\\/index.php\\\/2020\\\/11\\\/19\\\/stiftung-leben-fordert-mehr-barrierefreie-toiletten\\\/#primaryimage\"},\"thumbnailUrl\":\"https:\\\/\\\/radioleinewelle.de\\\/wp-content\\\/uploads\\\/2020\\\/11\\\/toilet-4585278_640.jpg\",\"datePublished\":\"2020-11-19T13:44:48+00:00\",\"breadcrumb\":{\"@id\":\"https:\\\/\\\/radioleinewelle.de\\\/index.php\\\/2020\\\/11\\\/19\\\/stiftung-leben-fordert-mehr-barrierefreie-toiletten\\\/#breadcrumb\"},\"inLanguage\":\"de\",\"potentialAction\":[{\"@type\":\"ReadAction\",\"target\":[\"https:\\\/\\\/radioleinewelle.de\\\/index.php\\\/2020\\\/11\\\/19\\\/stiftung-leben-fordert-mehr-barrierefreie-toiletten\\\/\"]}]},{\"@type\":\"ImageObject\",\"inLanguage\":\"de\",\"@id\":\"https:\\\/\\\/radioleinewelle.de\\\/index.php\\\/2020\\\/11\\\/19\\\/stiftung-leben-fordert-mehr-barrierefreie-toiletten\\\/#primaryimage\",\"url\":\"https:\\\/\\\/radioleinewelle.de\\\/wp-content\\\/uploads\\\/2020\\\/11\\\/toilet-4585278_640.jpg\",\"contentUrl\":\"https:\\\/\\\/radioleinewelle.de\\\/wp-content\\\/uploads\\\/2020\\\/11\\\/toilet-4585278_640.jpg\",\"width\":640,\"height\":374},{\"@type\":\"BreadcrumbList\",\"@id\":\"https:\\\/\\\/radioleinewelle.de\\\/index.php\\\/2020\\\/11\\\/19\\\/stiftung-leben-fordert-mehr-barrierefreie-toiletten\\\/#breadcrumb\",\"itemListElement\":[{\"@type\":\"ListItem\",\"position\":1,\"name\":\"Startseite\",\"item\":\"https:\\\/\\\/radioleinewelle.de\\\/\"},{\"@type\":\"ListItem\",\"position\":2,\"name\":\"Stiftung Leben fordert mehr barrierefreie Toiletten\"}]},{\"@type\":\"WebSite\",\"@id\":\"https:\\\/\\\/radioleinewelle.de\\\/#website\",\"url\":\"https:\\\/\\\/radioleinewelle.de\\\/\",\"name\":\"Radio Leinewelle\",\"description\":\"\",\"publisher\":{\"@id\":\"https:\\\/\\\/radioleinewelle.de\\\/#organization\"},\"potentialAction\":[{\"@type\":\"SearchAction\",\"target\":{\"@type\":\"EntryPoint\",\"urlTemplate\":\"https:\\\/\\\/radioleinewelle.de\\\/?s={search_term_string}\"},\"query-input\":{\"@type\":\"PropertyValueSpecification\",\"valueRequired\":true,\"valueName\":\"search_term_string\"}}],\"inLanguage\":\"de\"},{\"@type\":\"Organization\",\"@id\":\"https:\\\/\\\/radioleinewelle.de\\\/#organization\",\"name\":\"Radio Leinewelle\",\"alternateName\":\"Mein Radio f\u00fcr S\u00fcdniedersachsen\",\"url\":\"https:\\\/\\\/radioleinewelle.de\\\/\",\"logo\":{\"@type\":\"ImageObject\",\"inLanguage\":\"de\",\"@id\":\"https:\\\/\\\/radioleinewelle.de\\\/#\\\/schema\\\/logo\\\/image\\\/\",\"url\":\"https:\\\/\\\/radioleinewelle.de\\\/wp-content\\\/uploads\\\/2023\\\/11\\\/cropped-Leinewelle_Logo_weiss.png\",\"contentUrl\":\"https:\\\/\\\/radioleinewelle.de\\\/wp-content\\\/uploads\\\/2023\\\/11\\\/cropped-Leinewelle_Logo_weiss.png\",\"width\":854,\"height\":260,\"caption\":\"Radio Leinewelle\"},\"image\":{\"@id\":\"https:\\\/\\\/radioleinewelle.de\\\/#\\\/schema\\\/logo\\\/image\\\/\"},\"sameAs\":[\"https:\\\/\\\/www.facebook.com\\\/radioleinewelle\",\"https:\\\/\\\/x.com\\\/RLeinewelle\",\"https:\\\/\\\/www.instagram.com\\\/radioleinewelle\\\/?hl=de\"]},{\"@type\":\"Person\",\"@id\":\"https:\\\/\\\/radioleinewelle.de\\\/#\\\/schema\\\/person\\\/45606f348637df637192dc1b68399a63\",\"name\":\"Leinewelle\",\"image\":{\"@type\":\"ImageObject\",\"inLanguage\":\"de\",\"@id\":\"https:\\\/\\\/secure.gravatar.com\\\/avatar\\\/05c9a17bc973052ee5d91549bd32fb4dd0dc85b7b85ae94b2e2b4943476bbea5?s=96&d=blank&r=g\",\"url\":\"https:\\\/\\\/secure.gravatar.com\\\/avatar\\\/05c9a17bc973052ee5d91549bd32fb4dd0dc85b7b85ae94b2e2b4943476bbea5?s=96&d=blank&r=g\",\"contentUrl\":\"https:\\\/\\\/secure.gravatar.com\\\/avatar\\\/05c9a17bc973052ee5d91549bd32fb4dd0dc85b7b85ae94b2e2b4943476bbea5?s=96&d=blank&r=g\",\"caption\":\"Leinewelle\"},\"sameAs\":[\"http:\\\/\\\/localhost\\\/radio%20leinewelle\\\/wordpress\",\"https:\\\/\\\/www.facebook.com\\\/radioleinewelle\",\"https:\\\/\\\/www.instagram.com\\\/radioleinewelle\",\"https:\\\/\\\/x.com\\\/https:\\\/\\\/twitter.com\\\/RLeinewelle?ref_src=twsrcgoogletwcampserptwgrauthor\",\"https:\\\/\\\/soundcloud.com\\\/foerderverein-lokalradio?utm_source=clipboard&utm_medium=text&utm_campaign=social_sharing\"],\"url\":\"https:\\\/\\\/radioleinewelle.de\\\/index.php\\\/author\\\/leinewelle\\\/\"}]}<\/script>\n<!-- \/ Yoast SEO plugin. -->","yoast_head_json":{"title":"Stiftung Leben fordert mehr barrierefreie Toiletten - Radio Leinewelle","robots":{"index":"index","follow":"follow","max-snippet":"max-snippet:-1","max-image-preview":"max-image-preview:large","max-video-preview":"max-video-preview:-1"},"canonical":"https:\/\/radioleinewelle.de\/index.php\/2020\/11\/19\/stiftung-leben-fordert-mehr-barrierefreie-toiletten\/","og_locale":"de_DE","og_type":"article","og_title":"Stiftung Leben fordert mehr barrierefreie Toiletten - Radio Leinewelle","og_description":"Heute am 19. November 2020 findet der Welttoilettentag statt, um global auf das Fehlen ausreichend hygienischer Sanit\u00e4reinrichtungen und den damit verbundenen gesundheitlichen Folgen aufmerksam zu machen. Sogar in Deutschland ist dies ein wichtiges Thema: Menschen mit schweren und mehrfachen Behinderungen m\u00fcssen hierzulande oftmals unhygienische und gesundheitssch\u00e4dliche Situationen in Kauf nehmen, wenn zum Beispiel das Wechseln [&hellip;]","og_url":"https:\/\/radioleinewelle.de\/index.php\/2020\/11\/19\/stiftung-leben-fordert-mehr-barrierefreie-toiletten\/","og_site_name":"Radio Leinewelle","article_publisher":"https:\/\/www.facebook.com\/radioleinewelle","article_author":"https:\/\/www.facebook.com\/radioleinewelle","article_published_time":"2020-11-19T13:44:48+00:00","og_image":[{"width":640,"height":374,"url":"https:\/\/radioleinewelle.de\/wp-content\/uploads\/2020\/11\/toilet-4585278_640.jpg","type":"image\/jpeg"}],"author":"Leinewelle","twitter_card":"summary_large_image","twitter_creator":"@https:\/\/twitter.com\/RLeinewelle?ref_src=twsrcgoogletwcampserptwgrauthor","twitter_site":"@RLeinewelle","twitter_misc":{"Verfasst von":"Leinewelle","Gesch\u00e4tzte Lesezeit":"2\u00a0Minuten"},"schema":{"@context":"https:\/\/schema.org","@graph":[{"@type":"Article","@id":"https:\/\/radioleinewelle.de\/index.php\/2020\/11\/19\/stiftung-leben-fordert-mehr-barrierefreie-toiletten\/#article","isPartOf":{"@id":"https:\/\/radioleinewelle.de\/index.php\/2020\/11\/19\/stiftung-leben-fordert-mehr-barrierefreie-toiletten\/"},"author":{"name":"Leinewelle","@id":"https:\/\/radioleinewelle.de\/#\/schema\/person\/45606f348637df637192dc1b68399a63"},"headline":"Stiftung Leben fordert mehr barrierefreie Toiletten","datePublished":"2020-11-19T13:44:48+00:00","mainEntityOfPage":{"@id":"https:\/\/radioleinewelle.de\/index.php\/2020\/11\/19\/stiftung-leben-fordert-mehr-barrierefreie-toiletten\/"},"wordCount":312,"publisher":{"@id":"https:\/\/radioleinewelle.de\/#organization"},"image":{"@id":"https:\/\/radioleinewelle.de\/index.php\/2020\/11\/19\/stiftung-leben-fordert-mehr-barrierefreie-toiletten\/#primaryimage"},"thumbnailUrl":"https:\/\/radioleinewelle.de\/wp-content\/uploads\/2020\/11\/toilet-4585278_640.jpg","articleSection":["Gesundheit"],"inLanguage":"de"},{"@type":"WebPage","@id":"https:\/\/radioleinewelle.de\/index.php\/2020\/11\/19\/stiftung-leben-fordert-mehr-barrierefreie-toiletten\/","url":"https:\/\/radioleinewelle.de\/index.php\/2020\/11\/19\/stiftung-leben-fordert-mehr-barrierefreie-toiletten\/","name":"Stiftung Leben fordert mehr barrierefreie Toiletten - Radio Leinewelle","isPartOf":{"@id":"https:\/\/radioleinewelle.de\/#website"},"primaryImageOfPage":{"@id":"https:\/\/radioleinewelle.de\/index.php\/2020\/11\/19\/stiftung-leben-fordert-mehr-barrierefreie-toiletten\/#primaryimage"},"image":{"@id":"https:\/\/radioleinewelle.de\/index.php\/2020\/11\/19\/stiftung-leben-fordert-mehr-barrierefreie-toiletten\/#primaryimage"},"thumbnailUrl":"https:\/\/radioleinewelle.de\/wp-content\/uploads\/2020\/11\/toilet-4585278_640.jpg","datePublished":"2020-11-19T13:44:48+00:00","breadcrumb":{"@id":"https:\/\/radioleinewelle.de\/index.php\/2020\/11\/19\/stiftung-leben-fordert-mehr-barrierefreie-toiletten\/#breadcrumb"},"inLanguage":"de","potentialAction":[{"@type":"ReadAction","target":["https:\/\/radioleinewelle.de\/index.php\/2020\/11\/19\/stiftung-leben-fordert-mehr-barrierefreie-toiletten\/"]}]},{"@type":"ImageObject","inLanguage":"de","@id":"https:\/\/radioleinewelle.de\/index.php\/2020\/11\/19\/stiftung-leben-fordert-mehr-barrierefreie-toiletten\/#primaryimage","url":"https:\/\/radioleinewelle.de\/wp-content\/uploads\/2020\/11\/toilet-4585278_640.jpg","contentUrl":"https:\/\/radioleinewelle.de\/wp-content\/uploads\/2020\/11\/toilet-4585278_640.jpg","width":640,"height":374},{"@type":"BreadcrumbList","@id":"https:\/\/radioleinewelle.de\/index.php\/2020\/11\/19\/stiftung-leben-fordert-mehr-barrierefreie-toiletten\/#breadcrumb","itemListElement":[{"@type":"ListItem","position":1,"name":"Startseite","item":"https:\/\/radioleinewelle.de\/"},{"@type":"ListItem","position":2,"name":"Stiftung Leben fordert mehr barrierefreie Toiletten"}]},{"@type":"WebSite","@id":"https:\/\/radioleinewelle.de\/#website","url":"https:\/\/radioleinewelle.de\/","name":"Radio Leinewelle","description":"","publisher":{"@id":"https:\/\/radioleinewelle.de\/#organization"},"potentialAction":[{"@type":"SearchAction","target":{"@type":"EntryPoint","urlTemplate":"https:\/\/radioleinewelle.de\/?s={search_term_string}"},"query-input":{"@type":"PropertyValueSpecification","valueRequired":true,"valueName":"search_term_string"}}],"inLanguage":"de"},{"@type":"Organization","@id":"https:\/\/radioleinewelle.de\/#organization","name":"Radio Leinewelle","alternateName":"Mein Radio f\u00fcr S\u00fcdniedersachsen","url":"https:\/\/radioleinewelle.de\/","logo":{"@type":"ImageObject","inLanguage":"de","@id":"https:\/\/radioleinewelle.de\/#\/schema\/logo\/image\/","url":"https:\/\/radioleinewelle.de\/wp-content\/uploads\/2023\/11\/cropped-Leinewelle_Logo_weiss.png","contentUrl":"https:\/\/radioleinewelle.de\/wp-content\/uploads\/2023\/11\/cropped-Leinewelle_Logo_weiss.png","width":854,"height":260,"caption":"Radio Leinewelle"},"image":{"@id":"https:\/\/radioleinewelle.de\/#\/schema\/logo\/image\/"},"sameAs":["https:\/\/www.facebook.com\/radioleinewelle","https:\/\/x.com\/RLeinewelle","https:\/\/www.instagram.com\/radioleinewelle\/?hl=de"]},{"@type":"Person","@id":"https:\/\/radioleinewelle.de\/#\/schema\/person\/45606f348637df637192dc1b68399a63","name":"Leinewelle","image":{"@type":"ImageObject","inLanguage":"de","@id":"https:\/\/secure.gravatar.com\/avatar\/05c9a17bc973052ee5d91549bd32fb4dd0dc85b7b85ae94b2e2b4943476bbea5?s=96&d=blank&r=g","url":"https:\/\/secure.gravatar.com\/avatar\/05c9a17bc973052ee5d91549bd32fb4dd0dc85b7b85ae94b2e2b4943476bbea5?s=96&d=blank&r=g","contentUrl":"https:\/\/secure.gravatar.com\/avatar\/05c9a17bc973052ee5d91549bd32fb4dd0dc85b7b85ae94b2e2b4943476bbea5?s=96&d=blank&r=g","caption":"Leinewelle"},"sameAs":["http:\/\/localhost\/radio%20leinewelle\/wordpress","https:\/\/www.facebook.com\/radioleinewelle","https:\/\/www.instagram.com\/radioleinewelle","https:\/\/x.com\/https:\/\/twitter.com\/RLeinewelle?ref_src=twsrcgoogletwcampserptwgrauthor","https:\/\/soundcloud.com\/foerderverein-lokalradio?utm_source=clipboard&utm_medium=text&utm_campaign=social_sharing"],"url":"https:\/\/radioleinewelle.de\/index.php\/author\/leinewelle\/"}]}},"_links":{"self":[{"href":"https:\/\/radioleinewelle.de\/index.php\/wp-json\/wp\/v2\/posts\/3038","targetHints":{"allow":["GET"]}}],"collection":[{"href":"https:\/\/radioleinewelle.de\/index.php\/wp-json\/wp\/v2\/posts"}],"about":[{"href":"https:\/\/radioleinewelle.de\/index.php\/wp-json\/wp\/v2\/types\/post"}],"author":[{"embeddable":true,"href":"https:\/\/radioleinewelle.de\/index.php\/wp-json\/wp\/v2\/users\/1"}],"replies":[{"embeddable":true,"href":"https:\/\/radioleinewelle.de\/index.php\/wp-json\/wp\/v2\/comments?post=3038"}],"version-history":[{"count":0,"href":"https:\/\/radioleinewelle.de\/index.php\/wp-json\/wp\/v2\/posts\/3038\/revisions"}],"wp:featuredmedia":[{"embeddable":true,"href":"https:\/\/radioleinewelle.de\/index.php\/wp-json\/wp\/v2\/media\/3040"}],"wp:attachment":[{"href":"https:\/\/radioleinewelle.de\/index.php\/wp-json\/wp\/v2\/media?parent=3038"}],"wp:term":[{"taxonomy":"category","embeddable":true,"href":"https:\/\/radioleinewelle.de\/index.php\/wp-json\/wp\/v2\/categories?post=3038"},{"taxonomy":"post_tag","embeddable":true,"href":"https:\/\/radioleinewelle.de\/index.php\/wp-json\/wp\/v2\/tags?post=3038"}],"curies":[{"name":"wp","href":"https:\/\/api.w.org\/{rel}","templated":true}]}}