{"id":30569,"date":"2026-03-05T09:23:22","date_gmt":"2026-03-05T08:23:22","guid":{"rendered":"https:\/\/radioleinewelle.de\/?p=30569"},"modified":"2026-03-05T09:23:24","modified_gmt":"2026-03-05T08:23:24","slug":"schuelerdemo-in-goettingen-sternmaersche-und-kundgebung-am-5-maerz-geplant","status":"publish","type":"post","link":"https:\/\/radioleinewelle.de\/index.php\/2026\/03\/05\/schuelerdemo-in-goettingen-sternmaersche-und-kundgebung-am-5-maerz-geplant\/","title":{"rendered":"Sch\u00fclerdemo in G\u00f6ttingen: Sternm\u00e4rsche und Kundgebung am 5. M\u00e4rz geplant"},"content":{"rendered":"\n<p> In G\u00f6ttingen findet am heutigen Donnerstag eine gr\u00f6\u00dfere Sch\u00fclerdemonstration gegen eine m\u00f6gliche Wiedereinf\u00fchrung der Wehrpflicht statt. Nach Angaben der Stadt G\u00f6ttingen sind mehrere Sternm\u00e4rsche sowie eine zentrale Kundgebung in der Innenstadt geplant. Verkehrsteilnehmende m\u00fcssen daher mit Einschr\u00e4nkungen rechnen.<\/p>\n\n\n\n<p><strong>Sechs Sternm\u00e4rsche von Schulen geplant<\/strong><\/p>\n\n\n\n<p>Laut aktueller Mitteilung der Stadt starten ab 11:30 Uhr insgesamt sechs Sternm\u00e4rsche von verschiedenen Schulen aus. Die Demonstrationsz\u00fcge bewegen sich Richtung Innenstadt. Ab 12:00 Uhr sollen sie vor dem Alten Rathaus am Marktplatz zusammenkommen. Dort ist eine gr\u00f6\u00dfere Versammlung mit bis zu 1.000 Teilnehmenden vorgesehen. Die Kundgebung soll voraussichtlich bis etwa 15:00 Uhr dauern. Die Kundgebung soll voraussichtlich bis etwa 15:00 Uhr dauern.<\/p>\n\n\n\n<p>Ab 12:00 Uhr sollen sie vor dem Alten Rathaus am Marktplatz zusammenkommen. Dort ist eine gr\u00f6\u00dfere Versammlung mit bis zu 1.000 Teilnehmenden vorgesehen. Die Kundgebung soll voraussichtlich bis etwa 15:00 Uhr dauern. Die Kundgebung soll voraussichtlich bis etwa 15:00 Uhr dauern.<\/p>\n\n\n\n<p><strong>Stadt erwartet Verkehrseinschr\u00e4nkungen<\/strong><\/p>\n\n\n\n<p>Durch die Demonstrationsz\u00fcge und die zentrale Kundgebung kann es laut Stadt G\u00f6ttingen zu Einschr\u00e4nkungen im Stra\u00dfenverkehr in der Innenstadt kommen. Besonders rund um den Marktplatz und auf den Strecken der Sternm\u00e4rsche k\u00f6nnten Stra\u00dfen zeitweise gesperrt oder nur eingeschr\u00e4nkt befahrbar sein.  Nach Angaben der Stadtverwaltung wurden alle Versammlungen ordnungsgem\u00e4\u00df angezeigt und best\u00e4tigt  Die Demonstration ist Teil eines bundesweiten Schulstreiks gegen eine m\u00f6gliche Wiedereinf\u00fchrung der Wehrpflicht. Sch\u00fclerinnen und Sch\u00fcler protestieren dabei gegen aktuelle politische Debatten \u00fcber neue Wehrdienstmodelle.<\/p>\n\n\n\n<p>Auch in mehreren anderen St\u00e4dten Deutschlands sind f\u00fcr den 5. M\u00e4rz \u00e4hnliche Protestaktionen angek\u00fcndigt.<\/p>\n\n\n\n<p class=\"has-text-align-right has-small-font-size\"><strong>Foto:<\/strong> Archivbild \u00a9Radio Leinewelle (ue)<\/p>\n","protected":false},"excerpt":{"rendered":"<p>In G\u00f6ttingen findet am heutigen Donnerstag eine gr\u00f6\u00dfere Sch\u00fclerdemonstration gegen eine m\u00f6gliche Wiedereinf\u00fchrung der Wehrpflicht statt. Nach Angaben der Stadt G\u00f6ttingen sind mehrere Sternm\u00e4rsche sowie eine zentrale Kundgebung in der Innenstadt geplant. Verkehrsteilnehmende m\u00fcssen daher mit Einschr\u00e4nkungen rechnen. Sechs Sternm\u00e4rsche von Schulen geplant Laut aktueller Mitteilung der Stadt starten ab 11:30 Uhr insgesamt sechs Sternm\u00e4rsche [&hellip;]<\/p>\n","protected":false},"author":1,"featured_media":30572,"comment_status":"open","ping_status":"open","sticky":false,"template":"","format":"standard","meta":{"saved_in_kubio":false,"footnotes":""},"categories":[24,53],"tags":[4907,2114,4908,4909,4910],"class_list":["post-30569","post","type-post","status-publish","format-standard","has-post-thumbnail","hentry","category-news","category-gesellschaft","tag-demo-goettingen-5-maerz","tag-radio-leinewelle","tag-schuelerdemo-goettingen","tag-sternmarsch-goettingen-schulen","tag-wehrpflicht-protest"],"yoast_head":"<!-- This site is optimized with the Yoast SEO plugin v27.5 - https:\/\/yoast.com\/product\/yoast-seo-wordpress\/ -->\n<title>Sch\u00fclerdemo in G\u00f6ttingen: Sternm\u00e4rsche und Kundgebung am 5. M\u00e4rz geplant - Radio Leinewelle<\/title>\n<meta name=\"description\" content=\"Am 5. M\u00e4rz demonstrieren Sch\u00fclerinnen und Sch\u00fcler in G\u00f6ttingen gegen Wehrpflicht-Pl\u00e4ne. Sechs Sternm\u00e4rsche f\u00fchren zur Kundgebung mit bis zu 1.000 Teilnehmern am Alten Rathaus.\" \/>\n<meta name=\"robots\" content=\"index, follow, max-snippet:-1, max-image-preview:large, max-video-preview:-1\" \/>\n<link rel=\"canonical\" href=\"https:\/\/radioleinewelle.de\/index.php\/2026\/03\/05\/schuelerdemo-in-goettingen-sternmaersche-und-kundgebung-am-5-maerz-geplant\/\" \/>\n<meta property=\"og:locale\" content=\"de_DE\" \/>\n<meta property=\"og:type\" content=\"article\" \/>\n<meta property=\"og:title\" content=\"Sch\u00fclerdemo in G\u00f6ttingen: Sternm\u00e4rsche und Kundgebung am 5. M\u00e4rz geplant - Radio Leinewelle\" \/>\n<meta property=\"og:description\" content=\"Am 5. M\u00e4rz demonstrieren Sch\u00fclerinnen und Sch\u00fcler in G\u00f6ttingen gegen Wehrpflicht-Pl\u00e4ne. Sechs Sternm\u00e4rsche f\u00fchren zur Kundgebung mit bis zu 1.000 Teilnehmern am Alten Rathaus.\" \/>\n<meta property=\"og:url\" content=\"https:\/\/radioleinewelle.de\/index.php\/2026\/03\/05\/schuelerdemo-in-goettingen-sternmaersche-und-kundgebung-am-5-maerz-geplant\/\" \/>\n<meta property=\"og:site_name\" content=\"Radio Leinewelle\" \/>\n<meta property=\"article:publisher\" content=\"https:\/\/www.facebook.com\/radioleinewelle\" \/>\n<meta property=\"article:author\" content=\"https:\/\/www.facebook.com\/radioleinewelle\" \/>\n<meta property=\"article:published_time\" content=\"2026-03-05T08:23:22+00:00\" \/>\n<meta property=\"article:modified_time\" content=\"2026-03-05T08:23:24+00:00\" \/>\n<meta property=\"og:image\" content=\"https:\/\/radioleinewelle.de\/wp-content\/uploads\/2026\/03\/Schuellerdemo-scaled.jpg\" \/>\n\t<meta property=\"og:image:width\" content=\"2560\" \/>\n\t<meta property=\"og:image:height\" content=\"1385\" \/>\n\t<meta property=\"og:image:type\" content=\"image\/jpeg\" \/>\n<meta name=\"author\" content=\"Leinewelle\" \/>\n<meta name=\"twitter:card\" content=\"summary_large_image\" \/>\n<meta name=\"twitter:creator\" content=\"@https:\/\/twitter.com\/RLeinewelle?ref_src=twsrcgoogletwcampserptwgrauthor\" \/>\n<meta name=\"twitter:site\" content=\"@RLeinewelle\" \/>\n<meta name=\"twitter:label1\" content=\"Verfasst von\" \/>\n\t<meta name=\"twitter:data1\" content=\"Leinewelle\" \/>\n\t<meta name=\"twitter:label2\" content=\"Gesch\u00e4tzte Lesezeit\" \/>\n\t<meta name=\"twitter:data2\" content=\"1\u00a0Minute\" \/>\n<script type=\"application\/ld+json\" class=\"yoast-schema-graph\">{\"@context\":\"https:\\\/\\\/schema.org\",\"@graph\":[{\"@type\":\"Article\",\"@id\":\"https:\\\/\\\/radioleinewelle.de\\\/index.php\\\/2026\\\/03\\\/05\\\/schuelerdemo-in-goettingen-sternmaersche-und-kundgebung-am-5-maerz-geplant\\\/#article\",\"isPartOf\":{\"@id\":\"https:\\\/\\\/radioleinewelle.de\\\/index.php\\\/2026\\\/03\\\/05\\\/schuelerdemo-in-goettingen-sternmaersche-und-kundgebung-am-5-maerz-geplant\\\/\"},\"author\":{\"name\":\"Leinewelle\",\"@id\":\"https:\\\/\\\/radioleinewelle.de\\\/#\\\/schema\\\/person\\\/45606f348637df637192dc1b68399a63\"},\"headline\":\"Sch\u00fclerdemo in G\u00f6ttingen: Sternm\u00e4rsche und Kundgebung am 5. M\u00e4rz geplant\",\"datePublished\":\"2026-03-05T08:23:22+00:00\",\"dateModified\":\"2026-03-05T08:23:24+00:00\",\"mainEntityOfPage\":{\"@id\":\"https:\\\/\\\/radioleinewelle.de\\\/index.php\\\/2026\\\/03\\\/05\\\/schuelerdemo-in-goettingen-sternmaersche-und-kundgebung-am-5-maerz-geplant\\\/\"},\"wordCount\":280,\"commentCount\":0,\"publisher\":{\"@id\":\"https:\\\/\\\/radioleinewelle.de\\\/#organization\"},\"image\":{\"@id\":\"https:\\\/\\\/radioleinewelle.de\\\/index.php\\\/2026\\\/03\\\/05\\\/schuelerdemo-in-goettingen-sternmaersche-und-kundgebung-am-5-maerz-geplant\\\/#primaryimage\"},\"thumbnailUrl\":\"https:\\\/\\\/radioleinewelle.de\\\/wp-content\\\/uploads\\\/2026\\\/03\\\/Schuellerdemo-scaled.jpg\",\"keywords\":[\"Demo G\u00f6ttingen 5 M\u00e4rz\",\"Radio Leinewelle\",\"Sch\u00fclerdemo G\u00f6ttingen\",\"Sternmarsch G\u00f6ttingen Schulen\",\"Wehrpflicht Protest\"],\"articleSection\":[\"Aktuelle Nachrichten\",\"Gesellschaft\"],\"inLanguage\":\"de\",\"potentialAction\":[{\"@type\":\"CommentAction\",\"name\":\"Comment\",\"target\":[\"https:\\\/\\\/radioleinewelle.de\\\/index.php\\\/2026\\\/03\\\/05\\\/schuelerdemo-in-goettingen-sternmaersche-und-kundgebung-am-5-maerz-geplant\\\/#respond\"]}]},{\"@type\":\"WebPage\",\"@id\":\"https:\\\/\\\/radioleinewelle.de\\\/index.php\\\/2026\\\/03\\\/05\\\/schuelerdemo-in-goettingen-sternmaersche-und-kundgebung-am-5-maerz-geplant\\\/\",\"url\":\"https:\\\/\\\/radioleinewelle.de\\\/index.php\\\/2026\\\/03\\\/05\\\/schuelerdemo-in-goettingen-sternmaersche-und-kundgebung-am-5-maerz-geplant\\\/\",\"name\":\"Sch\u00fclerdemo in G\u00f6ttingen: Sternm\u00e4rsche und Kundgebung am 5. M\u00e4rz geplant - Radio Leinewelle\",\"isPartOf\":{\"@id\":\"https:\\\/\\\/radioleinewelle.de\\\/#website\"},\"primaryImageOfPage\":{\"@id\":\"https:\\\/\\\/radioleinewelle.de\\\/index.php\\\/2026\\\/03\\\/05\\\/schuelerdemo-in-goettingen-sternmaersche-und-kundgebung-am-5-maerz-geplant\\\/#primaryimage\"},\"image\":{\"@id\":\"https:\\\/\\\/radioleinewelle.de\\\/index.php\\\/2026\\\/03\\\/05\\\/schuelerdemo-in-goettingen-sternmaersche-und-kundgebung-am-5-maerz-geplant\\\/#primaryimage\"},\"thumbnailUrl\":\"https:\\\/\\\/radioleinewelle.de\\\/wp-content\\\/uploads\\\/2026\\\/03\\\/Schuellerdemo-scaled.jpg\",\"datePublished\":\"2026-03-05T08:23:22+00:00\",\"dateModified\":\"2026-03-05T08:23:24+00:00\",\"description\":\"Am 5. M\u00e4rz demonstrieren Sch\u00fclerinnen und Sch\u00fcler in G\u00f6ttingen gegen Wehrpflicht-Pl\u00e4ne. Sechs Sternm\u00e4rsche f\u00fchren zur Kundgebung mit bis zu 1.000 Teilnehmern am Alten Rathaus.\",\"breadcrumb\":{\"@id\":\"https:\\\/\\\/radioleinewelle.de\\\/index.php\\\/2026\\\/03\\\/05\\\/schuelerdemo-in-goettingen-sternmaersche-und-kundgebung-am-5-maerz-geplant\\\/#breadcrumb\"},\"inLanguage\":\"de\",\"potentialAction\":[{\"@type\":\"ReadAction\",\"target\":[\"https:\\\/\\\/radioleinewelle.de\\\/index.php\\\/2026\\\/03\\\/05\\\/schuelerdemo-in-goettingen-sternmaersche-und-kundgebung-am-5-maerz-geplant\\\/\"]}]},{\"@type\":\"ImageObject\",\"inLanguage\":\"de\",\"@id\":\"https:\\\/\\\/radioleinewelle.de\\\/index.php\\\/2026\\\/03\\\/05\\\/schuelerdemo-in-goettingen-sternmaersche-und-kundgebung-am-5-maerz-geplant\\\/#primaryimage\",\"url\":\"https:\\\/\\\/radioleinewelle.de\\\/wp-content\\\/uploads\\\/2026\\\/03\\\/Schuellerdemo-scaled.jpg\",\"contentUrl\":\"https:\\\/\\\/radioleinewelle.de\\\/wp-content\\\/uploads\\\/2026\\\/03\\\/Schuellerdemo-scaled.jpg\",\"width\":2560,\"height\":1385},{\"@type\":\"BreadcrumbList\",\"@id\":\"https:\\\/\\\/radioleinewelle.de\\\/index.php\\\/2026\\\/03\\\/05\\\/schuelerdemo-in-goettingen-sternmaersche-und-kundgebung-am-5-maerz-geplant\\\/#breadcrumb\",\"itemListElement\":[{\"@type\":\"ListItem\",\"position\":1,\"name\":\"Startseite\",\"item\":\"https:\\\/\\\/radioleinewelle.de\\\/\"},{\"@type\":\"ListItem\",\"position\":2,\"name\":\"Sch\u00fclerdemo in G\u00f6ttingen: Sternm\u00e4rsche und Kundgebung am 5. M\u00e4rz geplant\"}]},{\"@type\":\"WebSite\",\"@id\":\"https:\\\/\\\/radioleinewelle.de\\\/#website\",\"url\":\"https:\\\/\\\/radioleinewelle.de\\\/\",\"name\":\"Radio Leinewelle\",\"description\":\"\",\"publisher\":{\"@id\":\"https:\\\/\\\/radioleinewelle.de\\\/#organization\"},\"potentialAction\":[{\"@type\":\"SearchAction\",\"target\":{\"@type\":\"EntryPoint\",\"urlTemplate\":\"https:\\\/\\\/radioleinewelle.de\\\/?s={search_term_string}\"},\"query-input\":{\"@type\":\"PropertyValueSpecification\",\"valueRequired\":true,\"valueName\":\"search_term_string\"}}],\"inLanguage\":\"de\"},{\"@type\":\"Organization\",\"@id\":\"https:\\\/\\\/radioleinewelle.de\\\/#organization\",\"name\":\"Radio Leinewelle\",\"alternateName\":\"Mein Radio f\u00fcr S\u00fcdniedersachsen\",\"url\":\"https:\\\/\\\/radioleinewelle.de\\\/\",\"logo\":{\"@type\":\"ImageObject\",\"inLanguage\":\"de\",\"@id\":\"https:\\\/\\\/radioleinewelle.de\\\/#\\\/schema\\\/logo\\\/image\\\/\",\"url\":\"https:\\\/\\\/radioleinewelle.de\\\/wp-content\\\/uploads\\\/2023\\\/11\\\/cropped-Leinewelle_Logo_weiss.png\",\"contentUrl\":\"https:\\\/\\\/radioleinewelle.de\\\/wp-content\\\/uploads\\\/2023\\\/11\\\/cropped-Leinewelle_Logo_weiss.png\",\"width\":854,\"height\":260,\"caption\":\"Radio Leinewelle\"},\"image\":{\"@id\":\"https:\\\/\\\/radioleinewelle.de\\\/#\\\/schema\\\/logo\\\/image\\\/\"},\"sameAs\":[\"https:\\\/\\\/www.facebook.com\\\/radioleinewelle\",\"https:\\\/\\\/x.com\\\/RLeinewelle\",\"https:\\\/\\\/www.instagram.com\\\/radioleinewelle\\\/?hl=de\"]},{\"@type\":\"Person\",\"@id\":\"https:\\\/\\\/radioleinewelle.de\\\/#\\\/schema\\\/person\\\/45606f348637df637192dc1b68399a63\",\"name\":\"Leinewelle\",\"image\":{\"@type\":\"ImageObject\",\"inLanguage\":\"de\",\"@id\":\"https:\\\/\\\/secure.gravatar.com\\\/avatar\\\/05c9a17bc973052ee5d91549bd32fb4dd0dc85b7b85ae94b2e2b4943476bbea5?s=96&d=blank&r=g\",\"url\":\"https:\\\/\\\/secure.gravatar.com\\\/avatar\\\/05c9a17bc973052ee5d91549bd32fb4dd0dc85b7b85ae94b2e2b4943476bbea5?s=96&d=blank&r=g\",\"contentUrl\":\"https:\\\/\\\/secure.gravatar.com\\\/avatar\\\/05c9a17bc973052ee5d91549bd32fb4dd0dc85b7b85ae94b2e2b4943476bbea5?s=96&d=blank&r=g\",\"caption\":\"Leinewelle\"},\"sameAs\":[\"http:\\\/\\\/localhost\\\/radio%20leinewelle\\\/wordpress\",\"https:\\\/\\\/www.facebook.com\\\/radioleinewelle\",\"https:\\\/\\\/www.instagram.com\\\/radioleinewelle\",\"https:\\\/\\\/x.com\\\/https:\\\/\\\/twitter.com\\\/RLeinewelle?ref_src=twsrcgoogletwcampserptwgrauthor\",\"https:\\\/\\\/soundcloud.com\\\/foerderverein-lokalradio?utm_source=clipboard&utm_medium=text&utm_campaign=social_sharing\"],\"url\":\"https:\\\/\\\/radioleinewelle.de\\\/index.php\\\/author\\\/leinewelle\\\/\"}]}<\/script>\n<!-- \/ Yoast SEO plugin. -->","yoast_head_json":{"title":"Sch\u00fclerdemo in G\u00f6ttingen: Sternm\u00e4rsche und Kundgebung am 5. M\u00e4rz geplant - Radio Leinewelle","description":"Am 5. M\u00e4rz demonstrieren Sch\u00fclerinnen und Sch\u00fcler in G\u00f6ttingen gegen Wehrpflicht-Pl\u00e4ne. Sechs Sternm\u00e4rsche f\u00fchren zur Kundgebung mit bis zu 1.000 Teilnehmern am Alten Rathaus.","robots":{"index":"index","follow":"follow","max-snippet":"max-snippet:-1","max-image-preview":"max-image-preview:large","max-video-preview":"max-video-preview:-1"},"canonical":"https:\/\/radioleinewelle.de\/index.php\/2026\/03\/05\/schuelerdemo-in-goettingen-sternmaersche-und-kundgebung-am-5-maerz-geplant\/","og_locale":"de_DE","og_type":"article","og_title":"Sch\u00fclerdemo in G\u00f6ttingen: Sternm\u00e4rsche und Kundgebung am 5. M\u00e4rz geplant - Radio Leinewelle","og_description":"Am 5. M\u00e4rz demonstrieren Sch\u00fclerinnen und Sch\u00fcler in G\u00f6ttingen gegen Wehrpflicht-Pl\u00e4ne. Sechs Sternm\u00e4rsche f\u00fchren zur Kundgebung mit bis zu 1.000 Teilnehmern am Alten Rathaus.","og_url":"https:\/\/radioleinewelle.de\/index.php\/2026\/03\/05\/schuelerdemo-in-goettingen-sternmaersche-und-kundgebung-am-5-maerz-geplant\/","og_site_name":"Radio Leinewelle","article_publisher":"https:\/\/www.facebook.com\/radioleinewelle","article_author":"https:\/\/www.facebook.com\/radioleinewelle","article_published_time":"2026-03-05T08:23:22+00:00","article_modified_time":"2026-03-05T08:23:24+00:00","og_image":[{"width":2560,"height":1385,"url":"https:\/\/radioleinewelle.de\/wp-content\/uploads\/2026\/03\/Schuellerdemo-scaled.jpg","type":"image\/jpeg"}],"author":"Leinewelle","twitter_card":"summary_large_image","twitter_creator":"@https:\/\/twitter.com\/RLeinewelle?ref_src=twsrcgoogletwcampserptwgrauthor","twitter_site":"@RLeinewelle","twitter_misc":{"Verfasst von":"Leinewelle","Gesch\u00e4tzte Lesezeit":"1\u00a0Minute"},"schema":{"@context":"https:\/\/schema.org","@graph":[{"@type":"Article","@id":"https:\/\/radioleinewelle.de\/index.php\/2026\/03\/05\/schuelerdemo-in-goettingen-sternmaersche-und-kundgebung-am-5-maerz-geplant\/#article","isPartOf":{"@id":"https:\/\/radioleinewelle.de\/index.php\/2026\/03\/05\/schuelerdemo-in-goettingen-sternmaersche-und-kundgebung-am-5-maerz-geplant\/"},"author":{"name":"Leinewelle","@id":"https:\/\/radioleinewelle.de\/#\/schema\/person\/45606f348637df637192dc1b68399a63"},"headline":"Sch\u00fclerdemo in G\u00f6ttingen: Sternm\u00e4rsche und Kundgebung am 5. M\u00e4rz geplant","datePublished":"2026-03-05T08:23:22+00:00","dateModified":"2026-03-05T08:23:24+00:00","mainEntityOfPage":{"@id":"https:\/\/radioleinewelle.de\/index.php\/2026\/03\/05\/schuelerdemo-in-goettingen-sternmaersche-und-kundgebung-am-5-maerz-geplant\/"},"wordCount":280,"commentCount":0,"publisher":{"@id":"https:\/\/radioleinewelle.de\/#organization"},"image":{"@id":"https:\/\/radioleinewelle.de\/index.php\/2026\/03\/05\/schuelerdemo-in-goettingen-sternmaersche-und-kundgebung-am-5-maerz-geplant\/#primaryimage"},"thumbnailUrl":"https:\/\/radioleinewelle.de\/wp-content\/uploads\/2026\/03\/Schuellerdemo-scaled.jpg","keywords":["Demo G\u00f6ttingen 5 M\u00e4rz","Radio Leinewelle","Sch\u00fclerdemo G\u00f6ttingen","Sternmarsch G\u00f6ttingen Schulen","Wehrpflicht Protest"],"articleSection":["Aktuelle Nachrichten","Gesellschaft"],"inLanguage":"de","potentialAction":[{"@type":"CommentAction","name":"Comment","target":["https:\/\/radioleinewelle.de\/index.php\/2026\/03\/05\/schuelerdemo-in-goettingen-sternmaersche-und-kundgebung-am-5-maerz-geplant\/#respond"]}]},{"@type":"WebPage","@id":"https:\/\/radioleinewelle.de\/index.php\/2026\/03\/05\/schuelerdemo-in-goettingen-sternmaersche-und-kundgebung-am-5-maerz-geplant\/","url":"https:\/\/radioleinewelle.de\/index.php\/2026\/03\/05\/schuelerdemo-in-goettingen-sternmaersche-und-kundgebung-am-5-maerz-geplant\/","name":"Sch\u00fclerdemo in G\u00f6ttingen: Sternm\u00e4rsche und Kundgebung am 5. M\u00e4rz geplant - Radio Leinewelle","isPartOf":{"@id":"https:\/\/radioleinewelle.de\/#website"},"primaryImageOfPage":{"@id":"https:\/\/radioleinewelle.de\/index.php\/2026\/03\/05\/schuelerdemo-in-goettingen-sternmaersche-und-kundgebung-am-5-maerz-geplant\/#primaryimage"},"image":{"@id":"https:\/\/radioleinewelle.de\/index.php\/2026\/03\/05\/schuelerdemo-in-goettingen-sternmaersche-und-kundgebung-am-5-maerz-geplant\/#primaryimage"},"thumbnailUrl":"https:\/\/radioleinewelle.de\/wp-content\/uploads\/2026\/03\/Schuellerdemo-scaled.jpg","datePublished":"2026-03-05T08:23:22+00:00","dateModified":"2026-03-05T08:23:24+00:00","description":"Am 5. M\u00e4rz demonstrieren Sch\u00fclerinnen und Sch\u00fcler in G\u00f6ttingen gegen Wehrpflicht-Pl\u00e4ne. Sechs Sternm\u00e4rsche f\u00fchren zur Kundgebung mit bis zu 1.000 Teilnehmern am Alten Rathaus.","breadcrumb":{"@id":"https:\/\/radioleinewelle.de\/index.php\/2026\/03\/05\/schuelerdemo-in-goettingen-sternmaersche-und-kundgebung-am-5-maerz-geplant\/#breadcrumb"},"inLanguage":"de","potentialAction":[{"@type":"ReadAction","target":["https:\/\/radioleinewelle.de\/index.php\/2026\/03\/05\/schuelerdemo-in-goettingen-sternmaersche-und-kundgebung-am-5-maerz-geplant\/"]}]},{"@type":"ImageObject","inLanguage":"de","@id":"https:\/\/radioleinewelle.de\/index.php\/2026\/03\/05\/schuelerdemo-in-goettingen-sternmaersche-und-kundgebung-am-5-maerz-geplant\/#primaryimage","url":"https:\/\/radioleinewelle.de\/wp-content\/uploads\/2026\/03\/Schuellerdemo-scaled.jpg","contentUrl":"https:\/\/radioleinewelle.de\/wp-content\/uploads\/2026\/03\/Schuellerdemo-scaled.jpg","width":2560,"height":1385},{"@type":"BreadcrumbList","@id":"https:\/\/radioleinewelle.de\/index.php\/2026\/03\/05\/schuelerdemo-in-goettingen-sternmaersche-und-kundgebung-am-5-maerz-geplant\/#breadcrumb","itemListElement":[{"@type":"ListItem","position":1,"name":"Startseite","item":"https:\/\/radioleinewelle.de\/"},{"@type":"ListItem","position":2,"name":"Sch\u00fclerdemo in G\u00f6ttingen: Sternm\u00e4rsche und Kundgebung am 5. M\u00e4rz geplant"}]},{"@type":"WebSite","@id":"https:\/\/radioleinewelle.de\/#website","url":"https:\/\/radioleinewelle.de\/","name":"Radio Leinewelle","description":"","publisher":{"@id":"https:\/\/radioleinewelle.de\/#organization"},"potentialAction":[{"@type":"SearchAction","target":{"@type":"EntryPoint","urlTemplate":"https:\/\/radioleinewelle.de\/?s={search_term_string}"},"query-input":{"@type":"PropertyValueSpecification","valueRequired":true,"valueName":"search_term_string"}}],"inLanguage":"de"},{"@type":"Organization","@id":"https:\/\/radioleinewelle.de\/#organization","name":"Radio Leinewelle","alternateName":"Mein Radio f\u00fcr S\u00fcdniedersachsen","url":"https:\/\/radioleinewelle.de\/","logo":{"@type":"ImageObject","inLanguage":"de","@id":"https:\/\/radioleinewelle.de\/#\/schema\/logo\/image\/","url":"https:\/\/radioleinewelle.de\/wp-content\/uploads\/2023\/11\/cropped-Leinewelle_Logo_weiss.png","contentUrl":"https:\/\/radioleinewelle.de\/wp-content\/uploads\/2023\/11\/cropped-Leinewelle_Logo_weiss.png","width":854,"height":260,"caption":"Radio Leinewelle"},"image":{"@id":"https:\/\/radioleinewelle.de\/#\/schema\/logo\/image\/"},"sameAs":["https:\/\/www.facebook.com\/radioleinewelle","https:\/\/x.com\/RLeinewelle","https:\/\/www.instagram.com\/radioleinewelle\/?hl=de"]},{"@type":"Person","@id":"https:\/\/radioleinewelle.de\/#\/schema\/person\/45606f348637df637192dc1b68399a63","name":"Leinewelle","image":{"@type":"ImageObject","inLanguage":"de","@id":"https:\/\/secure.gravatar.com\/avatar\/05c9a17bc973052ee5d91549bd32fb4dd0dc85b7b85ae94b2e2b4943476bbea5?s=96&d=blank&r=g","url":"https:\/\/secure.gravatar.com\/avatar\/05c9a17bc973052ee5d91549bd32fb4dd0dc85b7b85ae94b2e2b4943476bbea5?s=96&d=blank&r=g","contentUrl":"https:\/\/secure.gravatar.com\/avatar\/05c9a17bc973052ee5d91549bd32fb4dd0dc85b7b85ae94b2e2b4943476bbea5?s=96&d=blank&r=g","caption":"Leinewelle"},"sameAs":["http:\/\/localhost\/radio%20leinewelle\/wordpress","https:\/\/www.facebook.com\/radioleinewelle","https:\/\/www.instagram.com\/radioleinewelle","https:\/\/x.com\/https:\/\/twitter.com\/RLeinewelle?ref_src=twsrcgoogletwcampserptwgrauthor","https:\/\/soundcloud.com\/foerderverein-lokalradio?utm_source=clipboard&utm_medium=text&utm_campaign=social_sharing"],"url":"https:\/\/radioleinewelle.de\/index.php\/author\/leinewelle\/"}]}},"_links":{"self":[{"href":"https:\/\/radioleinewelle.de\/index.php\/wp-json\/wp\/v2\/posts\/30569","targetHints":{"allow":["GET"]}}],"collection":[{"href":"https:\/\/radioleinewelle.de\/index.php\/wp-json\/wp\/v2\/posts"}],"about":[{"href":"https:\/\/radioleinewelle.de\/index.php\/wp-json\/wp\/v2\/types\/post"}],"author":[{"embeddable":true,"href":"https:\/\/radioleinewelle.de\/index.php\/wp-json\/wp\/v2\/users\/1"}],"replies":[{"embeddable":true,"href":"https:\/\/radioleinewelle.de\/index.php\/wp-json\/wp\/v2\/comments?post=30569"}],"version-history":[{"count":3,"href":"https:\/\/radioleinewelle.de\/index.php\/wp-json\/wp\/v2\/posts\/30569\/revisions"}],"predecessor-version":[{"id":30573,"href":"https:\/\/radioleinewelle.de\/index.php\/wp-json\/wp\/v2\/posts\/30569\/revisions\/30573"}],"wp:featuredmedia":[{"embeddable":true,"href":"https:\/\/radioleinewelle.de\/index.php\/wp-json\/wp\/v2\/media\/30572"}],"wp:attachment":[{"href":"https:\/\/radioleinewelle.de\/index.php\/wp-json\/wp\/v2\/media?parent=30569"}],"wp:term":[{"taxonomy":"category","embeddable":true,"href":"https:\/\/radioleinewelle.de\/index.php\/wp-json\/wp\/v2\/categories?post=30569"},{"taxonomy":"post_tag","embeddable":true,"href":"https:\/\/radioleinewelle.de\/index.php\/wp-json\/wp\/v2\/tags?post=30569"}],"curies":[{"name":"wp","href":"https:\/\/api.w.org\/{rel}","templated":true}]}}