{"id":30578,"date":"2026-03-06T05:41:11","date_gmt":"2026-03-06T04:41:11","guid":{"rendered":"https:\/\/radioleinewelle.de\/?p=30578"},"modified":"2026-03-06T05:41:13","modified_gmt":"2026-03-06T04:41:13","slug":"goebit-2026-in-goettingen-rund-200-aussteller-informieren-ueber-ausbildung-und-studium","status":"publish","type":"post","link":"https:\/\/radioleinewelle.de\/index.php\/2026\/03\/06\/goebit-2026-in-goettingen-rund-200-aussteller-informieren-ueber-ausbildung-und-studium\/","title":{"rendered":"G\u00f6Bit 2026 in G\u00f6ttingen: Rund 200 Aussteller informieren \u00fcber Ausbildung und Studium"},"content":{"rendered":"\n<p>In der\u00a0Lokhalle G\u00f6ttingen\u00a0dreht sich am\u00a0Samstag, 7. M\u00e4rz 2026, wieder alles um Ausbildung, Studium und berufliche Perspektiven. Beim\u00a0G\u00f6Bit \u2013 G\u00f6ttinger Berufsinformationstag\u00a0pr\u00e4sentieren sich rund\u00a0200 Unternehmen, Institutionen und Bildungseinrichtungen\u00a0aus der Region. Die Messe ist von\u00a010 bis 15 Uhr ge\u00f6ffnet, der\u00a0Eintritt ist kostenlos. Der G\u00f6Bit gilt als\u00a0gr\u00f6\u00dfte Veranstaltung zur Berufsorientierung in S\u00fcdniedersachsen. Vor allem Sch\u00fclerinnen und Sch\u00fcler, aber auch Eltern und Interessierte k\u00f6nnen sich \u00fcber\u00a0Ausbildungsberufe, Studieng\u00e4nge, Freiwilligendienste und schulische Angebote\u00a0informieren.<\/p>\n\n\n\n\n\n<h3 class=\"wp-block-heading\">Ausbildung und Studium: Informationen aus erster Hand<\/h3>\n\n\n\n<p>Besonders wertvoll f\u00fcr viele Besucherinnen und Besucher ist der direkte Austausch mit\u00a0Auszubildenden und jungen Fachkr\u00e4ften, die an den St\u00e4nden aus ihrem Berufsalltag berichten. Dadurch k\u00f6nnen Interessierte unkompliziert Fragen stellen und einen realistischen Eindruck verschiedener Berufsfelder gewinnen. Neben den Messest\u00e4nden gibt es auch ein\u00a0umfangreiches Vortragsprogramm. In insgesamt\u00a0zehn Vortr\u00e4gen\u00a0geht es unter anderem um:<\/p>\n\n\n\n<ul class=\"wp-block-list\">\n<li>Bewerbungen und Assessment Center<\/li>\n\n\n\n<li>Auslandsaufenthalte<\/li>\n\n\n\n<li>Freiwilligendienste<\/li>\n\n\n\n<li>Perspektiven nach der Schule<\/li>\n<\/ul>\n\n\n\n<p>Ein spezieller Vortrag des Projekts\u00a0\u201eMITTENDRIN\u201c\u00a0richtet sich zudem an\u00a0junge Menschen mit Behinderung\u00a0und zeigt Wege von Herausforderungen zu beruflichen Perspektiven auf.<\/p>\n\n\n\n<h3 class=\"wp-block-heading\">Bewerbungsfotos und Berufswahltest auf dem G\u00f6Bit<\/h3>\n\n\n\n<p>Auch praktische Angebote geh\u00f6ren zum Programm der Berufsmesse. Die\u00a0Berufsberatung der Agentur f\u00fcr Arbeit G\u00f6ttingen\u00a0bietet einen\u00a0Berufswahltest f\u00fcr Kurzentschlossene\u00a0an. Au\u00dferdem k\u00f6nnen Besucherinnen und Besucher\u00a0bis 12:30 Uhr kostenlose Bewerbungsfotos\u00a0erstellen lassen. Die\u00a0VHS G\u00f6ttingen Osterode\u00a0informiert \u00fcber Themen wie\u00a0lebenslanges Lernen, Sprachkurse f\u00fcr Zugewanderte oder das Nachholen von Schulabschl\u00fcssen. Zus\u00e4tzlich ber\u00e4t die\u00a0Bildungsgenossenschaft S\u00fcdniedersachsen\u00a0zur\u00a0Anerkennung von Qualifikationen f\u00fcr Zugewanderte.<\/p>\n\n\n\n<h3 class=\"wp-block-heading\">Veranstalter sehen gro\u00dfe Bedeutung f\u00fcr Fachkr\u00e4fte von morgen<\/h3>\n\n\n\n<p>Organisiert wird der G\u00f6Bit von der\u00a0VHS G\u00f6ttingen Osterode, der\u00a0Agentur f\u00fcr Arbeit G\u00f6ttingen\u00a0und der\u00a0GWG Gesellschaft f\u00fcr Wirtschaftsf\u00f6rderung und Stadtentwicklung G\u00f6ttingen.<\/p>\n\n\n\n<p>VHS-Gesch\u00e4ftsf\u00fchrerin\u00a0Carola M\u00fcller\u00a0betont die gro\u00dfe Nachfrage: Der G\u00f6Bit sei auch in diesem Jahr wieder\u00a0ausgebucht\u00a0und habe sich als wichtige Plattform f\u00fcr die\u00a0Nachwuchsgewinnung\u00a0etabliert.<\/p>\n\n\n\n<p>Auch\u00a0Klaudia Silbermann, Leiterin der Agentur f\u00fcr Arbeit G\u00f6ttingen, sieht den G\u00f6Bit als wichtige Orientierungshilfe: Junge Menschen k\u00f6nnten hier verschiedene Berufe kennenlernen und ihre eigenen Talente entdecken.<\/p>\n\n\n\n<p>F\u00fcr\u00a0Jens D\u00fcwel, Gesch\u00e4ftsf\u00fchrer der GWG, spielt die Veranstaltung auch wirtschaftlich eine gro\u00dfe Rolle: Gut ausgebildete Fachkr\u00e4fte seien ein entscheidender Erfolgsfaktor f\u00fcr Unternehmen und damit auch f\u00fcr die\u00a0Standortattraktivit\u00e4t der Region. In den vergangenen Jahren besuchten jeweils\u00a0rund 4.500 G\u00e4ste\u00a0die Berufsmesse.<\/p>\n\n\n\n<hr class=\"wp-block-separator has-alpha-channel-opacity\"\/>\n\n\n\n<h3 class=\"wp-block-heading\">Informationen und Vorbereitung online<\/h3>\n\n\n\n<p>Eine \u00dcbersicht \u00fcber\u00a0Vortr\u00e4ge, Aktionen und alle teilnehmenden Unternehmen\u00a0gibt es in der G\u00f6Bit-Brosch\u00fcre sowie online unter: \u00a0<strong><a href=\"http:\/\/www.goebit.de\/\">www.goebit.de<\/a><\/strong> Dort k\u00f6nnen sich Jugendliche au\u00dferdem mit einem\u00a0Fragebogen zur Vorbereitung\u00a0auf ihre pers\u00f6nliche Erkundungstour \u00fcber die Messe vorbereiten.<\/p>\n\n\n\n<p>Radio Leinewelle ist wieder vor Ort in der Lokhalle und wird ausf\u00fchrlich berichten.<\/p>\n\n\n\n<p><\/p>\n","protected":false},"excerpt":{"rendered":"<p>In der\u00a0Lokhalle G\u00f6ttingen\u00a0dreht sich am\u00a0Samstag, 7. M\u00e4rz 2026, wieder alles um Ausbildung, Studium und berufliche Perspektiven. Beim\u00a0G\u00f6Bit \u2013 G\u00f6ttinger Berufsinformationstag\u00a0pr\u00e4sentieren sich rund\u00a0200 Unternehmen, Institutionen und Bildungseinrichtungen\u00a0aus der Region. Die Messe ist von\u00a010 bis 15 Uhr ge\u00f6ffnet, der\u00a0Eintritt ist kostenlos. Der G\u00f6Bit gilt als\u00a0gr\u00f6\u00dfte Veranstaltung zur Berufsorientierung in S\u00fcdniedersachsen. Vor allem Sch\u00fclerinnen und Sch\u00fcler, aber auch [&hellip;]<\/p>\n","protected":false},"author":6,"featured_media":30581,"comment_status":"open","ping_status":"open","sticky":false,"template":"","format":"standard","meta":{"saved_in_kubio":false,"footnotes":""},"categories":[50,2930,46,48],"tags":[4769,4911,4913,4912,2852],"class_list":["post-30578","post","type-post","status-publish","format-standard","has-post-thumbnail","hentry","category-arbeitswelt","category-ausstellungen","category-beruf-karriere","category-schule-ausbildung","tag-ausbildung-goettingen","tag-berufsinformationstag-goettingen","tag-berufsorientierung-goettingen","tag-goebit-2026","tag-lokhalle-goettingen"],"yoast_head":"<!-- This site is optimized with the Yoast SEO plugin v27.5 - https:\/\/yoast.com\/product\/yoast-seo-wordpress\/ -->\n<title>G\u00f6Bit 2026 in G\u00f6ttingen: Rund 200 Aussteller informieren \u00fcber Ausbildung und Studium - Radio Leinewelle<\/title>\n<meta name=\"description\" content=\"Beim G\u00f6Bit 2026 am 7. M\u00e4rz in der Lokhalle G\u00f6ttingen informieren rund 200 Aussteller \u00fcber Ausbildung, Studium und Karrierewege. Eintritt frei.\" \/>\n<meta name=\"robots\" content=\"index, follow, max-snippet:-1, max-image-preview:large, max-video-preview:-1\" \/>\n<link rel=\"canonical\" href=\"https:\/\/radioleinewelle.de\/index.php\/2026\/03\/06\/goebit-2026-in-goettingen-rund-200-aussteller-informieren-ueber-ausbildung-und-studium\/\" \/>\n<meta property=\"og:locale\" content=\"de_DE\" \/>\n<meta property=\"og:type\" content=\"article\" \/>\n<meta property=\"og:title\" content=\"G\u00f6Bit 2026 in G\u00f6ttingen: Rund 200 Aussteller informieren \u00fcber Ausbildung und Studium - Radio Leinewelle\" \/>\n<meta property=\"og:description\" content=\"Beim G\u00f6Bit 2026 am 7. M\u00e4rz in der Lokhalle G\u00f6ttingen informieren rund 200 Aussteller \u00fcber Ausbildung, Studium und Karrierewege. Eintritt frei.\" \/>\n<meta property=\"og:url\" content=\"https:\/\/radioleinewelle.de\/index.php\/2026\/03\/06\/goebit-2026-in-goettingen-rund-200-aussteller-informieren-ueber-ausbildung-und-studium\/\" \/>\n<meta property=\"og:site_name\" content=\"Radio Leinewelle\" \/>\n<meta property=\"article:publisher\" content=\"https:\/\/www.facebook.com\/radioleinewelle\" \/>\n<meta property=\"article:published_time\" content=\"2026-03-06T04:41:11+00:00\" \/>\n<meta property=\"article:modified_time\" content=\"2026-03-06T04:41:13+00:00\" \/>\n<meta property=\"og:image\" content=\"https:\/\/radioleinewelle.de\/wp-content\/uploads\/2026\/03\/GoeBit-2026-final.jpg\" \/>\n\t<meta property=\"og:image:width\" content=\"904\" \/>\n\t<meta property=\"og:image:height\" content=\"1280\" \/>\n\t<meta property=\"og:image:type\" content=\"image\/jpeg\" \/>\n<meta name=\"author\" content=\"Ulf Engelmayer\" \/>\n<meta name=\"twitter:card\" content=\"summary_large_image\" \/>\n<meta name=\"twitter:creator\" content=\"@RLeinewelle\" \/>\n<meta name=\"twitter:site\" content=\"@RLeinewelle\" \/>\n<meta name=\"twitter:label1\" content=\"Verfasst von\" \/>\n\t<meta name=\"twitter:data1\" content=\"Ulf Engelmayer\" \/>\n\t<meta name=\"twitter:label2\" content=\"Gesch\u00e4tzte Lesezeit\" \/>\n\t<meta name=\"twitter:data2\" content=\"3\u00a0Minuten\" \/>\n<script type=\"application\/ld+json\" class=\"yoast-schema-graph\">{\"@context\":\"https:\\\/\\\/schema.org\",\"@graph\":[{\"@type\":\"Article\",\"@id\":\"https:\\\/\\\/radioleinewelle.de\\\/index.php\\\/2026\\\/03\\\/06\\\/goebit-2026-in-goettingen-rund-200-aussteller-informieren-ueber-ausbildung-und-studium\\\/#article\",\"isPartOf\":{\"@id\":\"https:\\\/\\\/radioleinewelle.de\\\/index.php\\\/2026\\\/03\\\/06\\\/goebit-2026-in-goettingen-rund-200-aussteller-informieren-ueber-ausbildung-und-studium\\\/\"},\"author\":{\"name\":\"Ulf Engelmayer\",\"@id\":\"https:\\\/\\\/radioleinewelle.de\\\/#\\\/schema\\\/person\\\/57bad1d4e916f10da4e6763d01aec895\"},\"headline\":\"G\u00f6Bit 2026 in G\u00f6ttingen: Rund 200 Aussteller informieren \u00fcber Ausbildung und Studium\",\"datePublished\":\"2026-03-06T04:41:11+00:00\",\"dateModified\":\"2026-03-06T04:41:13+00:00\",\"mainEntityOfPage\":{\"@id\":\"https:\\\/\\\/radioleinewelle.de\\\/index.php\\\/2026\\\/03\\\/06\\\/goebit-2026-in-goettingen-rund-200-aussteller-informieren-ueber-ausbildung-und-studium\\\/\"},\"wordCount\":496,\"commentCount\":0,\"publisher\":{\"@id\":\"https:\\\/\\\/radioleinewelle.de\\\/#organization\"},\"image\":{\"@id\":\"https:\\\/\\\/radioleinewelle.de\\\/index.php\\\/2026\\\/03\\\/06\\\/goebit-2026-in-goettingen-rund-200-aussteller-informieren-ueber-ausbildung-und-studium\\\/#primaryimage\"},\"thumbnailUrl\":\"https:\\\/\\\/radioleinewelle.de\\\/wp-content\\\/uploads\\\/2026\\\/03\\\/GoeBit-2026-final.jpg\",\"keywords\":[\"Ausbildung G\u00f6ttingen\",\"Berufsinformationstag G\u00f6ttingen\",\"Berufsorientierung G\u00f6ttingen\",\"G\u00f6Bit 2026\",\"Lokhalle G\u00f6ttingen\"],\"articleSection\":[\"Arbeitswelt\",\"Ausstellungen\",\"Beruf &amp; Karriere\",\"Schule &amp; Ausbildung\"],\"inLanguage\":\"de\",\"potentialAction\":[{\"@type\":\"CommentAction\",\"name\":\"Comment\",\"target\":[\"https:\\\/\\\/radioleinewelle.de\\\/index.php\\\/2026\\\/03\\\/06\\\/goebit-2026-in-goettingen-rund-200-aussteller-informieren-ueber-ausbildung-und-studium\\\/#respond\"]}]},{\"@type\":\"WebPage\",\"@id\":\"https:\\\/\\\/radioleinewelle.de\\\/index.php\\\/2026\\\/03\\\/06\\\/goebit-2026-in-goettingen-rund-200-aussteller-informieren-ueber-ausbildung-und-studium\\\/\",\"url\":\"https:\\\/\\\/radioleinewelle.de\\\/index.php\\\/2026\\\/03\\\/06\\\/goebit-2026-in-goettingen-rund-200-aussteller-informieren-ueber-ausbildung-und-studium\\\/\",\"name\":\"G\u00f6Bit 2026 in G\u00f6ttingen: Rund 200 Aussteller informieren \u00fcber Ausbildung und Studium - Radio Leinewelle\",\"isPartOf\":{\"@id\":\"https:\\\/\\\/radioleinewelle.de\\\/#website\"},\"primaryImageOfPage\":{\"@id\":\"https:\\\/\\\/radioleinewelle.de\\\/index.php\\\/2026\\\/03\\\/06\\\/goebit-2026-in-goettingen-rund-200-aussteller-informieren-ueber-ausbildung-und-studium\\\/#primaryimage\"},\"image\":{\"@id\":\"https:\\\/\\\/radioleinewelle.de\\\/index.php\\\/2026\\\/03\\\/06\\\/goebit-2026-in-goettingen-rund-200-aussteller-informieren-ueber-ausbildung-und-studium\\\/#primaryimage\"},\"thumbnailUrl\":\"https:\\\/\\\/radioleinewelle.de\\\/wp-content\\\/uploads\\\/2026\\\/03\\\/GoeBit-2026-final.jpg\",\"datePublished\":\"2026-03-06T04:41:11+00:00\",\"dateModified\":\"2026-03-06T04:41:13+00:00\",\"description\":\"Beim G\u00f6Bit 2026 am 7. M\u00e4rz in der Lokhalle G\u00f6ttingen informieren rund 200 Aussteller \u00fcber Ausbildung, Studium und Karrierewege. Eintritt frei.\",\"breadcrumb\":{\"@id\":\"https:\\\/\\\/radioleinewelle.de\\\/index.php\\\/2026\\\/03\\\/06\\\/goebit-2026-in-goettingen-rund-200-aussteller-informieren-ueber-ausbildung-und-studium\\\/#breadcrumb\"},\"inLanguage\":\"de\",\"potentialAction\":[{\"@type\":\"ReadAction\",\"target\":[\"https:\\\/\\\/radioleinewelle.de\\\/index.php\\\/2026\\\/03\\\/06\\\/goebit-2026-in-goettingen-rund-200-aussteller-informieren-ueber-ausbildung-und-studium\\\/\"]}]},{\"@type\":\"ImageObject\",\"inLanguage\":\"de\",\"@id\":\"https:\\\/\\\/radioleinewelle.de\\\/index.php\\\/2026\\\/03\\\/06\\\/goebit-2026-in-goettingen-rund-200-aussteller-informieren-ueber-ausbildung-und-studium\\\/#primaryimage\",\"url\":\"https:\\\/\\\/radioleinewelle.de\\\/wp-content\\\/uploads\\\/2026\\\/03\\\/GoeBit-2026-final.jpg\",\"contentUrl\":\"https:\\\/\\\/radioleinewelle.de\\\/wp-content\\\/uploads\\\/2026\\\/03\\\/GoeBit-2026-final.jpg\",\"width\":904,\"height\":1280},{\"@type\":\"BreadcrumbList\",\"@id\":\"https:\\\/\\\/radioleinewelle.de\\\/index.php\\\/2026\\\/03\\\/06\\\/goebit-2026-in-goettingen-rund-200-aussteller-informieren-ueber-ausbildung-und-studium\\\/#breadcrumb\",\"itemListElement\":[{\"@type\":\"ListItem\",\"position\":1,\"name\":\"Startseite\",\"item\":\"https:\\\/\\\/radioleinewelle.de\\\/\"},{\"@type\":\"ListItem\",\"position\":2,\"name\":\"G\u00f6Bit 2026 in G\u00f6ttingen: Rund 200 Aussteller informieren \u00fcber Ausbildung und Studium\"}]},{\"@type\":\"WebSite\",\"@id\":\"https:\\\/\\\/radioleinewelle.de\\\/#website\",\"url\":\"https:\\\/\\\/radioleinewelle.de\\\/\",\"name\":\"Radio Leinewelle\",\"description\":\"\",\"publisher\":{\"@id\":\"https:\\\/\\\/radioleinewelle.de\\\/#organization\"},\"potentialAction\":[{\"@type\":\"SearchAction\",\"target\":{\"@type\":\"EntryPoint\",\"urlTemplate\":\"https:\\\/\\\/radioleinewelle.de\\\/?s={search_term_string}\"},\"query-input\":{\"@type\":\"PropertyValueSpecification\",\"valueRequired\":true,\"valueName\":\"search_term_string\"}}],\"inLanguage\":\"de\"},{\"@type\":\"Organization\",\"@id\":\"https:\\\/\\\/radioleinewelle.de\\\/#organization\",\"name\":\"Radio Leinewelle\",\"alternateName\":\"Mein Radio f\u00fcr S\u00fcdniedersachsen\",\"url\":\"https:\\\/\\\/radioleinewelle.de\\\/\",\"logo\":{\"@type\":\"ImageObject\",\"inLanguage\":\"de\",\"@id\":\"https:\\\/\\\/radioleinewelle.de\\\/#\\\/schema\\\/logo\\\/image\\\/\",\"url\":\"https:\\\/\\\/radioleinewelle.de\\\/wp-content\\\/uploads\\\/2023\\\/11\\\/cropped-Leinewelle_Logo_weiss.png\",\"contentUrl\":\"https:\\\/\\\/radioleinewelle.de\\\/wp-content\\\/uploads\\\/2023\\\/11\\\/cropped-Leinewelle_Logo_weiss.png\",\"width\":854,\"height\":260,\"caption\":\"Radio Leinewelle\"},\"image\":{\"@id\":\"https:\\\/\\\/radioleinewelle.de\\\/#\\\/schema\\\/logo\\\/image\\\/\"},\"sameAs\":[\"https:\\\/\\\/www.facebook.com\\\/radioleinewelle\",\"https:\\\/\\\/x.com\\\/RLeinewelle\",\"https:\\\/\\\/www.instagram.com\\\/radioleinewelle\\\/?hl=de\"]},{\"@type\":\"Person\",\"@id\":\"https:\\\/\\\/radioleinewelle.de\\\/#\\\/schema\\\/person\\\/57bad1d4e916f10da4e6763d01aec895\",\"name\":\"Ulf Engelmayer\",\"image\":{\"@type\":\"ImageObject\",\"inLanguage\":\"de\",\"@id\":\"https:\\\/\\\/secure.gravatar.com\\\/avatar\\\/f056d5d62beaff9b66570d67e3e698ea7ff6463d140c80fc667a56e338ecf046?s=96&d=blank&r=g\",\"url\":\"https:\\\/\\\/secure.gravatar.com\\\/avatar\\\/f056d5d62beaff9b66570d67e3e698ea7ff6463d140c80fc667a56e338ecf046?s=96&d=blank&r=g\",\"contentUrl\":\"https:\\\/\\\/secure.gravatar.com\\\/avatar\\\/f056d5d62beaff9b66570d67e3e698ea7ff6463d140c80fc667a56e338ecf046?s=96&d=blank&r=g\",\"caption\":\"Ulf Engelmayer\"},\"url\":\"https:\\\/\\\/radioleinewelle.de\\\/index.php\\\/author\\\/ulf-engelmayer\\\/\"}]}<\/script>\n<!-- \/ Yoast SEO plugin. -->","yoast_head_json":{"title":"G\u00f6Bit 2026 in G\u00f6ttingen: Rund 200 Aussteller informieren \u00fcber Ausbildung und Studium - Radio Leinewelle","description":"Beim G\u00f6Bit 2026 am 7. M\u00e4rz in der Lokhalle G\u00f6ttingen informieren rund 200 Aussteller \u00fcber Ausbildung, Studium und Karrierewege. Eintritt frei.","robots":{"index":"index","follow":"follow","max-snippet":"max-snippet:-1","max-image-preview":"max-image-preview:large","max-video-preview":"max-video-preview:-1"},"canonical":"https:\/\/radioleinewelle.de\/index.php\/2026\/03\/06\/goebit-2026-in-goettingen-rund-200-aussteller-informieren-ueber-ausbildung-und-studium\/","og_locale":"de_DE","og_type":"article","og_title":"G\u00f6Bit 2026 in G\u00f6ttingen: Rund 200 Aussteller informieren \u00fcber Ausbildung und Studium - Radio Leinewelle","og_description":"Beim G\u00f6Bit 2026 am 7. M\u00e4rz in der Lokhalle G\u00f6ttingen informieren rund 200 Aussteller \u00fcber Ausbildung, Studium und Karrierewege. Eintritt frei.","og_url":"https:\/\/radioleinewelle.de\/index.php\/2026\/03\/06\/goebit-2026-in-goettingen-rund-200-aussteller-informieren-ueber-ausbildung-und-studium\/","og_site_name":"Radio Leinewelle","article_publisher":"https:\/\/www.facebook.com\/radioleinewelle","article_published_time":"2026-03-06T04:41:11+00:00","article_modified_time":"2026-03-06T04:41:13+00:00","og_image":[{"width":904,"height":1280,"url":"https:\/\/radioleinewelle.de\/wp-content\/uploads\/2026\/03\/GoeBit-2026-final.jpg","type":"image\/jpeg"}],"author":"Ulf Engelmayer","twitter_card":"summary_large_image","twitter_creator":"@RLeinewelle","twitter_site":"@RLeinewelle","twitter_misc":{"Verfasst von":"Ulf Engelmayer","Gesch\u00e4tzte Lesezeit":"3\u00a0Minuten"},"schema":{"@context":"https:\/\/schema.org","@graph":[{"@type":"Article","@id":"https:\/\/radioleinewelle.de\/index.php\/2026\/03\/06\/goebit-2026-in-goettingen-rund-200-aussteller-informieren-ueber-ausbildung-und-studium\/#article","isPartOf":{"@id":"https:\/\/radioleinewelle.de\/index.php\/2026\/03\/06\/goebit-2026-in-goettingen-rund-200-aussteller-informieren-ueber-ausbildung-und-studium\/"},"author":{"name":"Ulf Engelmayer","@id":"https:\/\/radioleinewelle.de\/#\/schema\/person\/57bad1d4e916f10da4e6763d01aec895"},"headline":"G\u00f6Bit 2026 in G\u00f6ttingen: Rund 200 Aussteller informieren \u00fcber Ausbildung und Studium","datePublished":"2026-03-06T04:41:11+00:00","dateModified":"2026-03-06T04:41:13+00:00","mainEntityOfPage":{"@id":"https:\/\/radioleinewelle.de\/index.php\/2026\/03\/06\/goebit-2026-in-goettingen-rund-200-aussteller-informieren-ueber-ausbildung-und-studium\/"},"wordCount":496,"commentCount":0,"publisher":{"@id":"https:\/\/radioleinewelle.de\/#organization"},"image":{"@id":"https:\/\/radioleinewelle.de\/index.php\/2026\/03\/06\/goebit-2026-in-goettingen-rund-200-aussteller-informieren-ueber-ausbildung-und-studium\/#primaryimage"},"thumbnailUrl":"https:\/\/radioleinewelle.de\/wp-content\/uploads\/2026\/03\/GoeBit-2026-final.jpg","keywords":["Ausbildung G\u00f6ttingen","Berufsinformationstag G\u00f6ttingen","Berufsorientierung G\u00f6ttingen","G\u00f6Bit 2026","Lokhalle G\u00f6ttingen"],"articleSection":["Arbeitswelt","Ausstellungen","Beruf &amp; Karriere","Schule &amp; Ausbildung"],"inLanguage":"de","potentialAction":[{"@type":"CommentAction","name":"Comment","target":["https:\/\/radioleinewelle.de\/index.php\/2026\/03\/06\/goebit-2026-in-goettingen-rund-200-aussteller-informieren-ueber-ausbildung-und-studium\/#respond"]}]},{"@type":"WebPage","@id":"https:\/\/radioleinewelle.de\/index.php\/2026\/03\/06\/goebit-2026-in-goettingen-rund-200-aussteller-informieren-ueber-ausbildung-und-studium\/","url":"https:\/\/radioleinewelle.de\/index.php\/2026\/03\/06\/goebit-2026-in-goettingen-rund-200-aussteller-informieren-ueber-ausbildung-und-studium\/","name":"G\u00f6Bit 2026 in G\u00f6ttingen: Rund 200 Aussteller informieren \u00fcber Ausbildung und Studium - Radio Leinewelle","isPartOf":{"@id":"https:\/\/radioleinewelle.de\/#website"},"primaryImageOfPage":{"@id":"https:\/\/radioleinewelle.de\/index.php\/2026\/03\/06\/goebit-2026-in-goettingen-rund-200-aussteller-informieren-ueber-ausbildung-und-studium\/#primaryimage"},"image":{"@id":"https:\/\/radioleinewelle.de\/index.php\/2026\/03\/06\/goebit-2026-in-goettingen-rund-200-aussteller-informieren-ueber-ausbildung-und-studium\/#primaryimage"},"thumbnailUrl":"https:\/\/radioleinewelle.de\/wp-content\/uploads\/2026\/03\/GoeBit-2026-final.jpg","datePublished":"2026-03-06T04:41:11+00:00","dateModified":"2026-03-06T04:41:13+00:00","description":"Beim G\u00f6Bit 2026 am 7. M\u00e4rz in der Lokhalle G\u00f6ttingen informieren rund 200 Aussteller \u00fcber Ausbildung, Studium und Karrierewege. Eintritt frei.","breadcrumb":{"@id":"https:\/\/radioleinewelle.de\/index.php\/2026\/03\/06\/goebit-2026-in-goettingen-rund-200-aussteller-informieren-ueber-ausbildung-und-studium\/#breadcrumb"},"inLanguage":"de","potentialAction":[{"@type":"ReadAction","target":["https:\/\/radioleinewelle.de\/index.php\/2026\/03\/06\/goebit-2026-in-goettingen-rund-200-aussteller-informieren-ueber-ausbildung-und-studium\/"]}]},{"@type":"ImageObject","inLanguage":"de","@id":"https:\/\/radioleinewelle.de\/index.php\/2026\/03\/06\/goebit-2026-in-goettingen-rund-200-aussteller-informieren-ueber-ausbildung-und-studium\/#primaryimage","url":"https:\/\/radioleinewelle.de\/wp-content\/uploads\/2026\/03\/GoeBit-2026-final.jpg","contentUrl":"https:\/\/radioleinewelle.de\/wp-content\/uploads\/2026\/03\/GoeBit-2026-final.jpg","width":904,"height":1280},{"@type":"BreadcrumbList","@id":"https:\/\/radioleinewelle.de\/index.php\/2026\/03\/06\/goebit-2026-in-goettingen-rund-200-aussteller-informieren-ueber-ausbildung-und-studium\/#breadcrumb","itemListElement":[{"@type":"ListItem","position":1,"name":"Startseite","item":"https:\/\/radioleinewelle.de\/"},{"@type":"ListItem","position":2,"name":"G\u00f6Bit 2026 in G\u00f6ttingen: Rund 200 Aussteller informieren \u00fcber Ausbildung und Studium"}]},{"@type":"WebSite","@id":"https:\/\/radioleinewelle.de\/#website","url":"https:\/\/radioleinewelle.de\/","name":"Radio Leinewelle","description":"","publisher":{"@id":"https:\/\/radioleinewelle.de\/#organization"},"potentialAction":[{"@type":"SearchAction","target":{"@type":"EntryPoint","urlTemplate":"https:\/\/radioleinewelle.de\/?s={search_term_string}"},"query-input":{"@type":"PropertyValueSpecification","valueRequired":true,"valueName":"search_term_string"}}],"inLanguage":"de"},{"@type":"Organization","@id":"https:\/\/radioleinewelle.de\/#organization","name":"Radio Leinewelle","alternateName":"Mein Radio f\u00fcr S\u00fcdniedersachsen","url":"https:\/\/radioleinewelle.de\/","logo":{"@type":"ImageObject","inLanguage":"de","@id":"https:\/\/radioleinewelle.de\/#\/schema\/logo\/image\/","url":"https:\/\/radioleinewelle.de\/wp-content\/uploads\/2023\/11\/cropped-Leinewelle_Logo_weiss.png","contentUrl":"https:\/\/radioleinewelle.de\/wp-content\/uploads\/2023\/11\/cropped-Leinewelle_Logo_weiss.png","width":854,"height":260,"caption":"Radio Leinewelle"},"image":{"@id":"https:\/\/radioleinewelle.de\/#\/schema\/logo\/image\/"},"sameAs":["https:\/\/www.facebook.com\/radioleinewelle","https:\/\/x.com\/RLeinewelle","https:\/\/www.instagram.com\/radioleinewelle\/?hl=de"]},{"@type":"Person","@id":"https:\/\/radioleinewelle.de\/#\/schema\/person\/57bad1d4e916f10da4e6763d01aec895","name":"Ulf Engelmayer","image":{"@type":"ImageObject","inLanguage":"de","@id":"https:\/\/secure.gravatar.com\/avatar\/f056d5d62beaff9b66570d67e3e698ea7ff6463d140c80fc667a56e338ecf046?s=96&d=blank&r=g","url":"https:\/\/secure.gravatar.com\/avatar\/f056d5d62beaff9b66570d67e3e698ea7ff6463d140c80fc667a56e338ecf046?s=96&d=blank&r=g","contentUrl":"https:\/\/secure.gravatar.com\/avatar\/f056d5d62beaff9b66570d67e3e698ea7ff6463d140c80fc667a56e338ecf046?s=96&d=blank&r=g","caption":"Ulf Engelmayer"},"url":"https:\/\/radioleinewelle.de\/index.php\/author\/ulf-engelmayer\/"}]}},"_links":{"self":[{"href":"https:\/\/radioleinewelle.de\/index.php\/wp-json\/wp\/v2\/posts\/30578","targetHints":{"allow":["GET"]}}],"collection":[{"href":"https:\/\/radioleinewelle.de\/index.php\/wp-json\/wp\/v2\/posts"}],"about":[{"href":"https:\/\/radioleinewelle.de\/index.php\/wp-json\/wp\/v2\/types\/post"}],"author":[{"embeddable":true,"href":"https:\/\/radioleinewelle.de\/index.php\/wp-json\/wp\/v2\/users\/6"}],"replies":[{"embeddable":true,"href":"https:\/\/radioleinewelle.de\/index.php\/wp-json\/wp\/v2\/comments?post=30578"}],"version-history":[{"count":5,"href":"https:\/\/radioleinewelle.de\/index.php\/wp-json\/wp\/v2\/posts\/30578\/revisions"}],"predecessor-version":[{"id":30586,"href":"https:\/\/radioleinewelle.de\/index.php\/wp-json\/wp\/v2\/posts\/30578\/revisions\/30586"}],"wp:featuredmedia":[{"embeddable":true,"href":"https:\/\/radioleinewelle.de\/index.php\/wp-json\/wp\/v2\/media\/30581"}],"wp:attachment":[{"href":"https:\/\/radioleinewelle.de\/index.php\/wp-json\/wp\/v2\/media?parent=30578"}],"wp:term":[{"taxonomy":"category","embeddable":true,"href":"https:\/\/radioleinewelle.de\/index.php\/wp-json\/wp\/v2\/categories?post=30578"},{"taxonomy":"post_tag","embeddable":true,"href":"https:\/\/radioleinewelle.de\/index.php\/wp-json\/wp\/v2\/tags?post=30578"}],"curies":[{"name":"wp","href":"https:\/\/api.w.org\/{rel}","templated":true}]}}