{"id":30588,"date":"2026-03-06T06:09:47","date_gmt":"2026-03-06T05:09:47","guid":{"rendered":"https:\/\/radioleinewelle.de\/?p=30588"},"modified":"2026-03-06T06:15:00","modified_gmt":"2026-03-06T05:15:00","slug":"schulstreik-in-goettingen-hunderte-schueler-demonstrieren-gegen-wehrdienst","status":"publish","type":"post","link":"https:\/\/radioleinewelle.de\/index.php\/2026\/03\/06\/schulstreik-in-goettingen-hunderte-schueler-demonstrieren-gegen-wehrdienst\/","title":{"rendered":"Schulstreik in G\u00f6ttingen: Hunderte Sch\u00fcler demonstrieren gegen Wehrdienst"},"content":{"rendered":"\n<p>Mehrere hundert Sch\u00fclerinnen und Sch\u00fcler haben am Donnerstag in G\u00f6ttingen gegen den geplanten neuen Wehrdienst demonstriert. Die Demonstration war als Sternmarsch organisiert und f\u00fchrte von verschiedenen Schulen aus in die Innenstadt. Gegen 11:30 Uhr setzten sich mehrere Demonstrationsz\u00fcge in Bewegung. Startpunkte waren unter anderem die Integrierte Gesamtschule G\u00f6ttingen, das Felix-Klein-Gymnasium, das Hainberg-Gymnasium, das Theodor-Heuss-Gymnasium sowie das Otto-Hahn-Gymnasium. Von dort aus liefen die Gruppen durch verschiedene Teile der Stadt in Richtung Innenstadt.<\/p>\n\n\n\n\n\n<p>Ziel der Demonstrationsz\u00fcge war der Marktplatz rund um das G\u00e4nseliesel. Dort trafen sich die Teilnehmerinnen und Teilnehmer am Mittag zu einer zentralen Kundgebung. Die Veranstaltung dauerte mehrere Stunden und verlief nach bisherigen Informationen \u00fcberwiegend friedlich. W\u00e4hrend der Demonstration kam es zeitweise zu Verkehrsbehinderungen im Stadtgebiet. Betroffen waren unter anderem Stra\u00dfen in der Innenstadt wie die Weender Stra\u00dfe, die Berliner Stra\u00dfe und die Groner Stra\u00dfe. Polizei und Stadt begleiteten die Demonstration und sicherten die Demonstrationsz\u00fcge.<\/p>\n\n\n\n<p>Hintergrund des Protests ist die geplante Einf\u00fchrung eines neuen Wehrdienst-Modells in Deutschland. Seit diesem Jahr sollen junge M\u00e4nner verpflichtend einen Fragebogen zur m\u00f6glichen Musterung ausf\u00fcllen. Kritiker bef\u00fcrchten, dass dies langfristig zu einer Wiedereinf\u00fchrung der Wehrpflicht f\u00fchren k\u00f6nnte. Die teilnehmenden Sch\u00fclerinnen und Sch\u00fcler forderten stattdessen mehr Investitionen in Bildung und soziale Bereiche. Organisiert wurde der Protest von verschiedenen Jugend- und Sch\u00fclergruppen.<\/p>\n\n\n\n<p>Auch bundesweit fanden am Donnerstag \u00e4hnliche Demonstrationen statt. Laut Organisatoren beteiligten sich ca. 50.000 bundesweit Jugendliche an Protestaktionen gegen den Wehrdienst.<\/p>\n\n\n\n<p class=\"has-text-align-right has-small-font-size\"><strong>Foto:<\/strong> \u00a9Radio Leinewelle (ue)<\/p>\n","protected":false},"excerpt":{"rendered":"<p>Mehrere hundert Sch\u00fclerinnen und Sch\u00fcler haben am Donnerstag in G\u00f6ttingen gegen den geplanten neuen Wehrdienst demonstriert. Die Demonstration war als Sternmarsch organisiert und f\u00fchrte von verschiedenen Schulen aus in die Innenstadt. Gegen 11:30 Uhr setzten sich mehrere Demonstrationsz\u00fcge in Bewegung. Startpunkte waren unter anderem die Integrierte Gesamtschule G\u00f6ttingen, das Felix-Klein-Gymnasium, das Hainberg-Gymnasium, das Theodor-Heuss-Gymnasium sowie [&hellip;]<\/p>\n","protected":false},"author":1,"featured_media":30591,"comment_status":"open","ping_status":"open","sticky":false,"template":"","format":"standard","meta":{"saved_in_kubio":false,"footnotes":""},"categories":[24,53],"tags":[4917,4914,4916,4915],"class_list":["post-30588","post","type-post","status-publish","format-standard","has-post-thumbnail","hentry","category-news","category-gesellschaft","tag-schuelerdemo-niedersachsen","tag-schulstreik-goettingen","tag-sternmarsch-goettingen","tag-wehrdienst-protest"],"yoast_head":"<!-- This site is optimized with the Yoast SEO plugin v27.4 - https:\/\/yoast.com\/product\/yoast-seo-wordpress\/ -->\n<title>Schulstreik in G\u00f6ttingen: Hunderte Sch\u00fcler demonstrieren gegen Wehrdienst - Radio Leinewelle<\/title>\n<meta name=\"description\" content=\"Mehrere hundert Sch\u00fclerinnen und Sch\u00fcler haben am Donnerstag in G\u00f6ttingen gegen den neuen Wehrdienst demonstriert. Sternm\u00e4rsche f\u00fchrten aus verschiedenen Schulen zum G\u00e4nseliesel.\" \/>\n<meta name=\"robots\" content=\"index, follow, max-snippet:-1, max-image-preview:large, max-video-preview:-1\" \/>\n<link rel=\"canonical\" href=\"https:\/\/radioleinewelle.de\/index.php\/2026\/03\/06\/schulstreik-in-goettingen-hunderte-schueler-demonstrieren-gegen-wehrdienst\/\" \/>\n<meta property=\"og:locale\" content=\"de_DE\" \/>\n<meta property=\"og:type\" content=\"article\" \/>\n<meta property=\"og:title\" content=\"Schulstreik in G\u00f6ttingen: Hunderte Sch\u00fcler demonstrieren gegen Wehrdienst - Radio Leinewelle\" \/>\n<meta property=\"og:description\" content=\"Mehrere hundert Sch\u00fclerinnen und Sch\u00fcler haben am Donnerstag in G\u00f6ttingen gegen den neuen Wehrdienst demonstriert. Sternm\u00e4rsche f\u00fchrten aus verschiedenen Schulen zum G\u00e4nseliesel.\" \/>\n<meta property=\"og:url\" content=\"https:\/\/radioleinewelle.de\/index.php\/2026\/03\/06\/schulstreik-in-goettingen-hunderte-schueler-demonstrieren-gegen-wehrdienst\/\" \/>\n<meta property=\"og:site_name\" content=\"Radio Leinewelle\" \/>\n<meta property=\"article:publisher\" content=\"https:\/\/www.facebook.com\/radioleinewelle\" \/>\n<meta property=\"article:author\" content=\"https:\/\/www.facebook.com\/radioleinewelle\" \/>\n<meta property=\"article:published_time\" content=\"2026-03-06T05:09:47+00:00\" \/>\n<meta property=\"article:modified_time\" content=\"2026-03-06T05:15:00+00:00\" \/>\n<meta property=\"og:image\" content=\"https:\/\/radioleinewelle.de\/wp-content\/uploads\/2026\/03\/Demo-gegen-Wehrpflicht.jpg\" \/>\n\t<meta property=\"og:image:width\" content=\"1908\" \/>\n\t<meta property=\"og:image:height\" content=\"1276\" \/>\n\t<meta property=\"og:image:type\" content=\"image\/jpeg\" \/>\n<meta name=\"author\" content=\"Leinewelle\" \/>\n<meta name=\"twitter:card\" content=\"summary_large_image\" \/>\n<meta name=\"twitter:creator\" content=\"@https:\/\/twitter.com\/RLeinewelle?ref_src=twsrcgoogletwcampserptwgrauthor\" \/>\n<meta name=\"twitter:site\" content=\"@RLeinewelle\" \/>\n<meta name=\"twitter:label1\" content=\"Verfasst von\" \/>\n\t<meta name=\"twitter:data1\" content=\"Leinewelle\" \/>\n\t<meta name=\"twitter:label2\" content=\"Gesch\u00e4tzte Lesezeit\" \/>\n\t<meta name=\"twitter:data2\" content=\"2\u00a0Minuten\" \/>\n<script type=\"application\/ld+json\" class=\"yoast-schema-graph\">{\"@context\":\"https:\\\/\\\/schema.org\",\"@graph\":[{\"@type\":\"Article\",\"@id\":\"https:\\\/\\\/radioleinewelle.de\\\/index.php\\\/2026\\\/03\\\/06\\\/schulstreik-in-goettingen-hunderte-schueler-demonstrieren-gegen-wehrdienst\\\/#article\",\"isPartOf\":{\"@id\":\"https:\\\/\\\/radioleinewelle.de\\\/index.php\\\/2026\\\/03\\\/06\\\/schulstreik-in-goettingen-hunderte-schueler-demonstrieren-gegen-wehrdienst\\\/\"},\"author\":{\"name\":\"Leinewelle\",\"@id\":\"https:\\\/\\\/radioleinewelle.de\\\/#\\\/schema\\\/person\\\/45606f348637df637192dc1b68399a63\"},\"headline\":\"Schulstreik in G\u00f6ttingen: Hunderte Sch\u00fcler demonstrieren gegen Wehrdienst\",\"datePublished\":\"2026-03-06T05:09:47+00:00\",\"dateModified\":\"2026-03-06T05:15:00+00:00\",\"mainEntityOfPage\":{\"@id\":\"https:\\\/\\\/radioleinewelle.de\\\/index.php\\\/2026\\\/03\\\/06\\\/schulstreik-in-goettingen-hunderte-schueler-demonstrieren-gegen-wehrdienst\\\/\"},\"wordCount\":263,\"commentCount\":0,\"publisher\":{\"@id\":\"https:\\\/\\\/radioleinewelle.de\\\/#organization\"},\"image\":{\"@id\":\"https:\\\/\\\/radioleinewelle.de\\\/index.php\\\/2026\\\/03\\\/06\\\/schulstreik-in-goettingen-hunderte-schueler-demonstrieren-gegen-wehrdienst\\\/#primaryimage\"},\"thumbnailUrl\":\"https:\\\/\\\/radioleinewelle.de\\\/wp-content\\\/uploads\\\/2026\\\/03\\\/Demo-gegen-Wehrpflicht.jpg\",\"keywords\":[\"Sch\u00fclerdemo Niedersachsen\",\"Schulstreik G\u00f6ttingen\",\"Sternmarsch g\u00f6ttingen\",\"Wehrdienst protest\"],\"articleSection\":[\"Aktuelle Nachrichten\",\"Gesellschaft\"],\"inLanguage\":\"de\",\"potentialAction\":[{\"@type\":\"CommentAction\",\"name\":\"Comment\",\"target\":[\"https:\\\/\\\/radioleinewelle.de\\\/index.php\\\/2026\\\/03\\\/06\\\/schulstreik-in-goettingen-hunderte-schueler-demonstrieren-gegen-wehrdienst\\\/#respond\"]}]},{\"@type\":\"WebPage\",\"@id\":\"https:\\\/\\\/radioleinewelle.de\\\/index.php\\\/2026\\\/03\\\/06\\\/schulstreik-in-goettingen-hunderte-schueler-demonstrieren-gegen-wehrdienst\\\/\",\"url\":\"https:\\\/\\\/radioleinewelle.de\\\/index.php\\\/2026\\\/03\\\/06\\\/schulstreik-in-goettingen-hunderte-schueler-demonstrieren-gegen-wehrdienst\\\/\",\"name\":\"Schulstreik in G\u00f6ttingen: Hunderte Sch\u00fcler demonstrieren gegen Wehrdienst - Radio Leinewelle\",\"isPartOf\":{\"@id\":\"https:\\\/\\\/radioleinewelle.de\\\/#website\"},\"primaryImageOfPage\":{\"@id\":\"https:\\\/\\\/radioleinewelle.de\\\/index.php\\\/2026\\\/03\\\/06\\\/schulstreik-in-goettingen-hunderte-schueler-demonstrieren-gegen-wehrdienst\\\/#primaryimage\"},\"image\":{\"@id\":\"https:\\\/\\\/radioleinewelle.de\\\/index.php\\\/2026\\\/03\\\/06\\\/schulstreik-in-goettingen-hunderte-schueler-demonstrieren-gegen-wehrdienst\\\/#primaryimage\"},\"thumbnailUrl\":\"https:\\\/\\\/radioleinewelle.de\\\/wp-content\\\/uploads\\\/2026\\\/03\\\/Demo-gegen-Wehrpflicht.jpg\",\"datePublished\":\"2026-03-06T05:09:47+00:00\",\"dateModified\":\"2026-03-06T05:15:00+00:00\",\"description\":\"Mehrere hundert Sch\u00fclerinnen und Sch\u00fcler haben am Donnerstag in G\u00f6ttingen gegen den neuen Wehrdienst demonstriert. Sternm\u00e4rsche f\u00fchrten aus verschiedenen Schulen zum G\u00e4nseliesel.\",\"breadcrumb\":{\"@id\":\"https:\\\/\\\/radioleinewelle.de\\\/index.php\\\/2026\\\/03\\\/06\\\/schulstreik-in-goettingen-hunderte-schueler-demonstrieren-gegen-wehrdienst\\\/#breadcrumb\"},\"inLanguage\":\"de\",\"potentialAction\":[{\"@type\":\"ReadAction\",\"target\":[\"https:\\\/\\\/radioleinewelle.de\\\/index.php\\\/2026\\\/03\\\/06\\\/schulstreik-in-goettingen-hunderte-schueler-demonstrieren-gegen-wehrdienst\\\/\"]}]},{\"@type\":\"ImageObject\",\"inLanguage\":\"de\",\"@id\":\"https:\\\/\\\/radioleinewelle.de\\\/index.php\\\/2026\\\/03\\\/06\\\/schulstreik-in-goettingen-hunderte-schueler-demonstrieren-gegen-wehrdienst\\\/#primaryimage\",\"url\":\"https:\\\/\\\/radioleinewelle.de\\\/wp-content\\\/uploads\\\/2026\\\/03\\\/Demo-gegen-Wehrpflicht.jpg\",\"contentUrl\":\"https:\\\/\\\/radioleinewelle.de\\\/wp-content\\\/uploads\\\/2026\\\/03\\\/Demo-gegen-Wehrpflicht.jpg\",\"width\":1908,\"height\":1276},{\"@type\":\"BreadcrumbList\",\"@id\":\"https:\\\/\\\/radioleinewelle.de\\\/index.php\\\/2026\\\/03\\\/06\\\/schulstreik-in-goettingen-hunderte-schueler-demonstrieren-gegen-wehrdienst\\\/#breadcrumb\",\"itemListElement\":[{\"@type\":\"ListItem\",\"position\":1,\"name\":\"Startseite\",\"item\":\"https:\\\/\\\/radioleinewelle.de\\\/\"},{\"@type\":\"ListItem\",\"position\":2,\"name\":\"Schulstreik in G\u00f6ttingen: Hunderte Sch\u00fcler demonstrieren gegen Wehrdienst\"}]},{\"@type\":\"WebSite\",\"@id\":\"https:\\\/\\\/radioleinewelle.de\\\/#website\",\"url\":\"https:\\\/\\\/radioleinewelle.de\\\/\",\"name\":\"Radio Leinewelle\",\"description\":\"\",\"publisher\":{\"@id\":\"https:\\\/\\\/radioleinewelle.de\\\/#organization\"},\"potentialAction\":[{\"@type\":\"SearchAction\",\"target\":{\"@type\":\"EntryPoint\",\"urlTemplate\":\"https:\\\/\\\/radioleinewelle.de\\\/?s={search_term_string}\"},\"query-input\":{\"@type\":\"PropertyValueSpecification\",\"valueRequired\":true,\"valueName\":\"search_term_string\"}}],\"inLanguage\":\"de\"},{\"@type\":\"Organization\",\"@id\":\"https:\\\/\\\/radioleinewelle.de\\\/#organization\",\"name\":\"Radio Leinewelle\",\"alternateName\":\"Mein Radio f\u00fcr S\u00fcdniedersachsen\",\"url\":\"https:\\\/\\\/radioleinewelle.de\\\/\",\"logo\":{\"@type\":\"ImageObject\",\"inLanguage\":\"de\",\"@id\":\"https:\\\/\\\/radioleinewelle.de\\\/#\\\/schema\\\/logo\\\/image\\\/\",\"url\":\"https:\\\/\\\/radioleinewelle.de\\\/wp-content\\\/uploads\\\/2023\\\/11\\\/cropped-Leinewelle_Logo_weiss.png\",\"contentUrl\":\"https:\\\/\\\/radioleinewelle.de\\\/wp-content\\\/uploads\\\/2023\\\/11\\\/cropped-Leinewelle_Logo_weiss.png\",\"width\":854,\"height\":260,\"caption\":\"Radio Leinewelle\"},\"image\":{\"@id\":\"https:\\\/\\\/radioleinewelle.de\\\/#\\\/schema\\\/logo\\\/image\\\/\"},\"sameAs\":[\"https:\\\/\\\/www.facebook.com\\\/radioleinewelle\",\"https:\\\/\\\/x.com\\\/RLeinewelle\",\"https:\\\/\\\/www.instagram.com\\\/radioleinewelle\\\/?hl=de\"]},{\"@type\":\"Person\",\"@id\":\"https:\\\/\\\/radioleinewelle.de\\\/#\\\/schema\\\/person\\\/45606f348637df637192dc1b68399a63\",\"name\":\"Leinewelle\",\"image\":{\"@type\":\"ImageObject\",\"inLanguage\":\"de\",\"@id\":\"https:\\\/\\\/secure.gravatar.com\\\/avatar\\\/05c9a17bc973052ee5d91549bd32fb4dd0dc85b7b85ae94b2e2b4943476bbea5?s=96&d=blank&r=g\",\"url\":\"https:\\\/\\\/secure.gravatar.com\\\/avatar\\\/05c9a17bc973052ee5d91549bd32fb4dd0dc85b7b85ae94b2e2b4943476bbea5?s=96&d=blank&r=g\",\"contentUrl\":\"https:\\\/\\\/secure.gravatar.com\\\/avatar\\\/05c9a17bc973052ee5d91549bd32fb4dd0dc85b7b85ae94b2e2b4943476bbea5?s=96&d=blank&r=g\",\"caption\":\"Leinewelle\"},\"sameAs\":[\"http:\\\/\\\/localhost\\\/radio%20leinewelle\\\/wordpress\",\"https:\\\/\\\/www.facebook.com\\\/radioleinewelle\",\"https:\\\/\\\/www.instagram.com\\\/radioleinewelle\",\"https:\\\/\\\/x.com\\\/https:\\\/\\\/twitter.com\\\/RLeinewelle?ref_src=twsrcgoogletwcampserptwgrauthor\",\"https:\\\/\\\/soundcloud.com\\\/foerderverein-lokalradio?utm_source=clipboard&utm_medium=text&utm_campaign=social_sharing\"],\"url\":\"https:\\\/\\\/radioleinewelle.de\\\/index.php\\\/author\\\/leinewelle\\\/\"}]}<\/script>\n<!-- \/ Yoast SEO plugin. -->","yoast_head_json":{"title":"Schulstreik in G\u00f6ttingen: Hunderte Sch\u00fcler demonstrieren gegen Wehrdienst - Radio Leinewelle","description":"Mehrere hundert Sch\u00fclerinnen und Sch\u00fcler haben am Donnerstag in G\u00f6ttingen gegen den neuen Wehrdienst demonstriert. Sternm\u00e4rsche f\u00fchrten aus verschiedenen Schulen zum G\u00e4nseliesel.","robots":{"index":"index","follow":"follow","max-snippet":"max-snippet:-1","max-image-preview":"max-image-preview:large","max-video-preview":"max-video-preview:-1"},"canonical":"https:\/\/radioleinewelle.de\/index.php\/2026\/03\/06\/schulstreik-in-goettingen-hunderte-schueler-demonstrieren-gegen-wehrdienst\/","og_locale":"de_DE","og_type":"article","og_title":"Schulstreik in G\u00f6ttingen: Hunderte Sch\u00fcler demonstrieren gegen Wehrdienst - Radio Leinewelle","og_description":"Mehrere hundert Sch\u00fclerinnen und Sch\u00fcler haben am Donnerstag in G\u00f6ttingen gegen den neuen Wehrdienst demonstriert. Sternm\u00e4rsche f\u00fchrten aus verschiedenen Schulen zum G\u00e4nseliesel.","og_url":"https:\/\/radioleinewelle.de\/index.php\/2026\/03\/06\/schulstreik-in-goettingen-hunderte-schueler-demonstrieren-gegen-wehrdienst\/","og_site_name":"Radio Leinewelle","article_publisher":"https:\/\/www.facebook.com\/radioleinewelle","article_author":"https:\/\/www.facebook.com\/radioleinewelle","article_published_time":"2026-03-06T05:09:47+00:00","article_modified_time":"2026-03-06T05:15:00+00:00","og_image":[{"width":1908,"height":1276,"url":"https:\/\/radioleinewelle.de\/wp-content\/uploads\/2026\/03\/Demo-gegen-Wehrpflicht.jpg","type":"image\/jpeg"}],"author":"Leinewelle","twitter_card":"summary_large_image","twitter_creator":"@https:\/\/twitter.com\/RLeinewelle?ref_src=twsrcgoogletwcampserptwgrauthor","twitter_site":"@RLeinewelle","twitter_misc":{"Verfasst von":"Leinewelle","Gesch\u00e4tzte Lesezeit":"2\u00a0Minuten"},"schema":{"@context":"https:\/\/schema.org","@graph":[{"@type":"Article","@id":"https:\/\/radioleinewelle.de\/index.php\/2026\/03\/06\/schulstreik-in-goettingen-hunderte-schueler-demonstrieren-gegen-wehrdienst\/#article","isPartOf":{"@id":"https:\/\/radioleinewelle.de\/index.php\/2026\/03\/06\/schulstreik-in-goettingen-hunderte-schueler-demonstrieren-gegen-wehrdienst\/"},"author":{"name":"Leinewelle","@id":"https:\/\/radioleinewelle.de\/#\/schema\/person\/45606f348637df637192dc1b68399a63"},"headline":"Schulstreik in G\u00f6ttingen: Hunderte Sch\u00fcler demonstrieren gegen Wehrdienst","datePublished":"2026-03-06T05:09:47+00:00","dateModified":"2026-03-06T05:15:00+00:00","mainEntityOfPage":{"@id":"https:\/\/radioleinewelle.de\/index.php\/2026\/03\/06\/schulstreik-in-goettingen-hunderte-schueler-demonstrieren-gegen-wehrdienst\/"},"wordCount":263,"commentCount":0,"publisher":{"@id":"https:\/\/radioleinewelle.de\/#organization"},"image":{"@id":"https:\/\/radioleinewelle.de\/index.php\/2026\/03\/06\/schulstreik-in-goettingen-hunderte-schueler-demonstrieren-gegen-wehrdienst\/#primaryimage"},"thumbnailUrl":"https:\/\/radioleinewelle.de\/wp-content\/uploads\/2026\/03\/Demo-gegen-Wehrpflicht.jpg","keywords":["Sch\u00fclerdemo Niedersachsen","Schulstreik G\u00f6ttingen","Sternmarsch g\u00f6ttingen","Wehrdienst protest"],"articleSection":["Aktuelle Nachrichten","Gesellschaft"],"inLanguage":"de","potentialAction":[{"@type":"CommentAction","name":"Comment","target":["https:\/\/radioleinewelle.de\/index.php\/2026\/03\/06\/schulstreik-in-goettingen-hunderte-schueler-demonstrieren-gegen-wehrdienst\/#respond"]}]},{"@type":"WebPage","@id":"https:\/\/radioleinewelle.de\/index.php\/2026\/03\/06\/schulstreik-in-goettingen-hunderte-schueler-demonstrieren-gegen-wehrdienst\/","url":"https:\/\/radioleinewelle.de\/index.php\/2026\/03\/06\/schulstreik-in-goettingen-hunderte-schueler-demonstrieren-gegen-wehrdienst\/","name":"Schulstreik in G\u00f6ttingen: Hunderte Sch\u00fcler demonstrieren gegen Wehrdienst - Radio Leinewelle","isPartOf":{"@id":"https:\/\/radioleinewelle.de\/#website"},"primaryImageOfPage":{"@id":"https:\/\/radioleinewelle.de\/index.php\/2026\/03\/06\/schulstreik-in-goettingen-hunderte-schueler-demonstrieren-gegen-wehrdienst\/#primaryimage"},"image":{"@id":"https:\/\/radioleinewelle.de\/index.php\/2026\/03\/06\/schulstreik-in-goettingen-hunderte-schueler-demonstrieren-gegen-wehrdienst\/#primaryimage"},"thumbnailUrl":"https:\/\/radioleinewelle.de\/wp-content\/uploads\/2026\/03\/Demo-gegen-Wehrpflicht.jpg","datePublished":"2026-03-06T05:09:47+00:00","dateModified":"2026-03-06T05:15:00+00:00","description":"Mehrere hundert Sch\u00fclerinnen und Sch\u00fcler haben am Donnerstag in G\u00f6ttingen gegen den neuen Wehrdienst demonstriert. Sternm\u00e4rsche f\u00fchrten aus verschiedenen Schulen zum G\u00e4nseliesel.","breadcrumb":{"@id":"https:\/\/radioleinewelle.de\/index.php\/2026\/03\/06\/schulstreik-in-goettingen-hunderte-schueler-demonstrieren-gegen-wehrdienst\/#breadcrumb"},"inLanguage":"de","potentialAction":[{"@type":"ReadAction","target":["https:\/\/radioleinewelle.de\/index.php\/2026\/03\/06\/schulstreik-in-goettingen-hunderte-schueler-demonstrieren-gegen-wehrdienst\/"]}]},{"@type":"ImageObject","inLanguage":"de","@id":"https:\/\/radioleinewelle.de\/index.php\/2026\/03\/06\/schulstreik-in-goettingen-hunderte-schueler-demonstrieren-gegen-wehrdienst\/#primaryimage","url":"https:\/\/radioleinewelle.de\/wp-content\/uploads\/2026\/03\/Demo-gegen-Wehrpflicht.jpg","contentUrl":"https:\/\/radioleinewelle.de\/wp-content\/uploads\/2026\/03\/Demo-gegen-Wehrpflicht.jpg","width":1908,"height":1276},{"@type":"BreadcrumbList","@id":"https:\/\/radioleinewelle.de\/index.php\/2026\/03\/06\/schulstreik-in-goettingen-hunderte-schueler-demonstrieren-gegen-wehrdienst\/#breadcrumb","itemListElement":[{"@type":"ListItem","position":1,"name":"Startseite","item":"https:\/\/radioleinewelle.de\/"},{"@type":"ListItem","position":2,"name":"Schulstreik in G\u00f6ttingen: Hunderte Sch\u00fcler demonstrieren gegen Wehrdienst"}]},{"@type":"WebSite","@id":"https:\/\/radioleinewelle.de\/#website","url":"https:\/\/radioleinewelle.de\/","name":"Radio Leinewelle","description":"","publisher":{"@id":"https:\/\/radioleinewelle.de\/#organization"},"potentialAction":[{"@type":"SearchAction","target":{"@type":"EntryPoint","urlTemplate":"https:\/\/radioleinewelle.de\/?s={search_term_string}"},"query-input":{"@type":"PropertyValueSpecification","valueRequired":true,"valueName":"search_term_string"}}],"inLanguage":"de"},{"@type":"Organization","@id":"https:\/\/radioleinewelle.de\/#organization","name":"Radio Leinewelle","alternateName":"Mein Radio f\u00fcr S\u00fcdniedersachsen","url":"https:\/\/radioleinewelle.de\/","logo":{"@type":"ImageObject","inLanguage":"de","@id":"https:\/\/radioleinewelle.de\/#\/schema\/logo\/image\/","url":"https:\/\/radioleinewelle.de\/wp-content\/uploads\/2023\/11\/cropped-Leinewelle_Logo_weiss.png","contentUrl":"https:\/\/radioleinewelle.de\/wp-content\/uploads\/2023\/11\/cropped-Leinewelle_Logo_weiss.png","width":854,"height":260,"caption":"Radio Leinewelle"},"image":{"@id":"https:\/\/radioleinewelle.de\/#\/schema\/logo\/image\/"},"sameAs":["https:\/\/www.facebook.com\/radioleinewelle","https:\/\/x.com\/RLeinewelle","https:\/\/www.instagram.com\/radioleinewelle\/?hl=de"]},{"@type":"Person","@id":"https:\/\/radioleinewelle.de\/#\/schema\/person\/45606f348637df637192dc1b68399a63","name":"Leinewelle","image":{"@type":"ImageObject","inLanguage":"de","@id":"https:\/\/secure.gravatar.com\/avatar\/05c9a17bc973052ee5d91549bd32fb4dd0dc85b7b85ae94b2e2b4943476bbea5?s=96&d=blank&r=g","url":"https:\/\/secure.gravatar.com\/avatar\/05c9a17bc973052ee5d91549bd32fb4dd0dc85b7b85ae94b2e2b4943476bbea5?s=96&d=blank&r=g","contentUrl":"https:\/\/secure.gravatar.com\/avatar\/05c9a17bc973052ee5d91549bd32fb4dd0dc85b7b85ae94b2e2b4943476bbea5?s=96&d=blank&r=g","caption":"Leinewelle"},"sameAs":["http:\/\/localhost\/radio%20leinewelle\/wordpress","https:\/\/www.facebook.com\/radioleinewelle","https:\/\/www.instagram.com\/radioleinewelle","https:\/\/x.com\/https:\/\/twitter.com\/RLeinewelle?ref_src=twsrcgoogletwcampserptwgrauthor","https:\/\/soundcloud.com\/foerderverein-lokalradio?utm_source=clipboard&utm_medium=text&utm_campaign=social_sharing"],"url":"https:\/\/radioleinewelle.de\/index.php\/author\/leinewelle\/"}]}},"_links":{"self":[{"href":"https:\/\/radioleinewelle.de\/index.php\/wp-json\/wp\/v2\/posts\/30588","targetHints":{"allow":["GET"]}}],"collection":[{"href":"https:\/\/radioleinewelle.de\/index.php\/wp-json\/wp\/v2\/posts"}],"about":[{"href":"https:\/\/radioleinewelle.de\/index.php\/wp-json\/wp\/v2\/types\/post"}],"author":[{"embeddable":true,"href":"https:\/\/radioleinewelle.de\/index.php\/wp-json\/wp\/v2\/users\/1"}],"replies":[{"embeddable":true,"href":"https:\/\/radioleinewelle.de\/index.php\/wp-json\/wp\/v2\/comments?post=30588"}],"version-history":[{"count":4,"href":"https:\/\/radioleinewelle.de\/index.php\/wp-json\/wp\/v2\/posts\/30588\/revisions"}],"predecessor-version":[{"id":30593,"href":"https:\/\/radioleinewelle.de\/index.php\/wp-json\/wp\/v2\/posts\/30588\/revisions\/30593"}],"wp:featuredmedia":[{"embeddable":true,"href":"https:\/\/radioleinewelle.de\/index.php\/wp-json\/wp\/v2\/media\/30591"}],"wp:attachment":[{"href":"https:\/\/radioleinewelle.de\/index.php\/wp-json\/wp\/v2\/media?parent=30588"}],"wp:term":[{"taxonomy":"category","embeddable":true,"href":"https:\/\/radioleinewelle.de\/index.php\/wp-json\/wp\/v2\/categories?post=30588"},{"taxonomy":"post_tag","embeddable":true,"href":"https:\/\/radioleinewelle.de\/index.php\/wp-json\/wp\/v2\/tags?post=30588"}],"curies":[{"name":"wp","href":"https:\/\/api.w.org\/{rel}","templated":true}]}}