{"id":3059,"date":"2020-11-20T05:20:00","date_gmt":"2020-11-20T04:20:00","guid":{"rendered":"https:\/\/radioleinewelle.de\/?p=3059"},"modified":"2020-11-20T05:20:00","modified_gmt":"2020-11-20T04:20:00","slug":"3059","status":"publish","type":"post","link":"https:\/\/radioleinewelle.de\/index.php\/2020\/11\/20\/3059\/","title":{"rendered":"Kapazit\u00e4t der Intensivmedizin an der UMG wird erweitert"},"content":{"rendered":"<div class=\"news__teaser-text\">\n<p>Nieders\u00e4chsischer Minister f\u00fcr Wissenschaft und Kultur Bj\u00f6rn Th\u00fcmler \u00fcbergibt Zuwendungsbescheid f\u00fcr neues Modulgeb\u00e4ude Intensivmedizin (IMG) an der UMG. Das IMG schafft mit 41 Intensivbettpl\u00e4tzen zus\u00e4tzliche Kapazit\u00e4ten f\u00fcr die Versorgung von Corona-Patient*innen in Niedersachsen. Baukosten rund 26,6 Mio. Euro. Land Niedersachsen und UMG teilen sich die Kosten.\u00a0Die Universit\u00e4tsmedizin G\u00f6ttingen (UMG) ben\u00f6tigt dringend weitere Kapazit\u00e4ten f\u00fcr die Versorgung einer gr\u00f6\u00dferen Zahl schwer erkrankter COVID-19-Patient*innen. Das Land Niedersachsen hat f\u00fcr den Fall weiterer Corona-Wellen eine Ausweitung der Kapazit\u00e4ten in der Intensivmedizin und ein Vorhalten von Betten und Personal angek\u00fcndigt. Die UMG setzt diese Vorgabe um und errichtet dazu ein neues Geb\u00e4ude f\u00fcr die Intensivmedizin in Modulbauweise. Das neue Modulgeb\u00e4ude Intensivmedizin (IMG) schafft 41 zus\u00e4tzliche Intensivbettpl\u00e4tze. Die Kosten liegen bei etwa 26,6 Mio. Euro. Davon tragen das Land Niedersachsen 12 Mio. Euro, die UMG 14,6 Mio. Euro. Das neue Modulgeb\u00e4ude Intensivmedizin entsteht zwischen den Bettenh\u00e4usern 1 und 2 und soll im zweiten Quartal des Jahres 2021 fertig gestellt sein.<\/p>\n<\/div>\n<div class=\"textImageRow--float-right u-add-margin-top-full\">\u00a0&#8212;&#8212;&#8212;&#8212;&#8212;&#8212;&#8212;&#8212;&#8212;&#8212;&#8212;&#8212;&#8212;&#8212;&#8212;&#8212;&#8212;&#8212;&#8212;&#8212;&#8212;&#8212;&#8212;&#8212;&#8212;&#8212;&#8212;&#8212;&#8212;&#8212;&#8212;&#8212;&#8212;&#8212;&#8212;&#8212;&#8212;&#8212;&#8212;&#8212;&#8212;&#8212;&#8212;&#8211;<\/div>\n<p><strong>Foto:<\/strong> Nahmen den Zuwendungsbescheid aus den H\u00e4nden des Wissenschaftsministers entgegen (v. l.): Prof. Konrad Meissner (Direktor Klinik f\u00fcr An\u00e4sthesiologie UMG), Helle Dokken (Pflegedirektorin UMG), Prof. Wolfgang Br\u00fcck (Sprecher des Vorstandes der UMG), Bj\u00f6rn Th\u00fcmler (nds. Minister f\u00fcr Wissenschaft und Kultur), Dr. Martin Siess (Vorstand Krankenversorgung UMG), Jens Finke (komm. Vorstand Wirtschaftsf\u00fchrung und Administration UMG), Prof. Thomas Paul (Direktor Klinik f\u00fcr P\u00e4diatrische Kardiologie, Intensivmedizin und Pneumologie UMG).<\/p>\n","protected":false},"excerpt":{"rendered":"<p>Nieders\u00e4chsischer Minister f\u00fcr Wissenschaft und Kultur Bj\u00f6rn Th\u00fcmler \u00fcbergibt Zuwendungsbescheid f\u00fcr neues Modulgeb\u00e4ude Intensivmedizin (IMG) an der UMG. Das IMG schafft mit 41 Intensivbettpl\u00e4tzen zus\u00e4tzliche Kapazit\u00e4ten f\u00fcr die Versorgung von Corona-Patient*innen in Niedersachsen. Baukosten rund 26,6 Mio. Euro. Land Niedersachsen und UMG teilen sich die Kosten.\u00a0Die Universit\u00e4tsmedizin G\u00f6ttingen (UMG) ben\u00f6tigt dringend weitere Kapazit\u00e4ten f\u00fcr die [&hellip;]<\/p>\n","protected":false},"author":1,"featured_media":3060,"comment_status":"closed","ping_status":"closed","sticky":false,"template":"","format":"standard","meta":{"saved_in_kubio":false,"footnotes":""},"categories":[35],"tags":[],"class_list":["post-3059","post","type-post","status-publish","format-standard","has-post-thumbnail","hentry","category-universitaet"],"yoast_head":"<!-- This site is optimized with the Yoast SEO plugin v27.5 - https:\/\/yoast.com\/product\/yoast-seo-wordpress\/ -->\n<title>Kapazit\u00e4t der Intensivmedizin an der UMG wird erweitert - Radio Leinewelle<\/title>\n<meta name=\"robots\" content=\"index, follow, max-snippet:-1, max-image-preview:large, max-video-preview:-1\" \/>\n<link rel=\"canonical\" href=\"https:\/\/radioleinewelle.de\/index.php\/2020\/11\/20\/3059\/\" \/>\n<meta property=\"og:locale\" content=\"de_DE\" \/>\n<meta property=\"og:type\" content=\"article\" \/>\n<meta property=\"og:title\" content=\"Kapazit\u00e4t der Intensivmedizin an der UMG wird erweitert - Radio Leinewelle\" \/>\n<meta property=\"og:description\" content=\"Nieders\u00e4chsischer Minister f\u00fcr Wissenschaft und Kultur Bj\u00f6rn Th\u00fcmler \u00fcbergibt Zuwendungsbescheid f\u00fcr neues Modulgeb\u00e4ude Intensivmedizin (IMG) an der UMG. Das IMG schafft mit 41 Intensivbettpl\u00e4tzen zus\u00e4tzliche Kapazit\u00e4ten f\u00fcr die Versorgung von Corona-Patient*innen in Niedersachsen. Baukosten rund 26,6 Mio. Euro. Land Niedersachsen und UMG teilen sich die Kosten.\u00a0Die Universit\u00e4tsmedizin G\u00f6ttingen (UMG) ben\u00f6tigt dringend weitere Kapazit\u00e4ten f\u00fcr die [&hellip;]\" \/>\n<meta property=\"og:url\" content=\"https:\/\/radioleinewelle.de\/index.php\/2020\/11\/20\/3059\/\" \/>\n<meta property=\"og:site_name\" content=\"Radio Leinewelle\" \/>\n<meta property=\"article:publisher\" content=\"https:\/\/www.facebook.com\/radioleinewelle\" \/>\n<meta property=\"article:author\" content=\"https:\/\/www.facebook.com\/radioleinewelle\" \/>\n<meta property=\"article:published_time\" content=\"2020-11-20T04:20:00+00:00\" \/>\n<meta property=\"og:image\" content=\"https:\/\/radioleinewelle.de\/wp-content\/uploads\/2020\/11\/csm_PIC-135-2020_UMG_Modulgebaeude_Intensivmedizin_MWK_Meissner-Dokken-Brueck-Thuemler-Siess-Finke-Paul__1__36a88a299d-e1605818253417.jpg\" \/>\n\t<meta property=\"og:image:width\" content=\"600\" \/>\n\t<meta property=\"og:image:height\" content=\"400\" \/>\n\t<meta property=\"og:image:type\" content=\"image\/jpeg\" \/>\n<meta name=\"author\" content=\"Leinewelle\" \/>\n<meta name=\"twitter:card\" content=\"summary_large_image\" \/>\n<meta name=\"twitter:creator\" content=\"@https:\/\/twitter.com\/RLeinewelle?ref_src=twsrcgoogletwcampserptwgrauthor\" \/>\n<meta name=\"twitter:site\" content=\"@RLeinewelle\" \/>\n<meta name=\"twitter:label1\" content=\"Verfasst von\" \/>\n\t<meta name=\"twitter:data1\" content=\"Leinewelle\" \/>\n\t<meta name=\"twitter:label2\" content=\"Gesch\u00e4tzte Lesezeit\" \/>\n\t<meta name=\"twitter:data2\" content=\"1\u00a0Minute\" \/>\n<script type=\"application\/ld+json\" class=\"yoast-schema-graph\">{\"@context\":\"https:\\\/\\\/schema.org\",\"@graph\":[{\"@type\":\"Article\",\"@id\":\"https:\\\/\\\/radioleinewelle.de\\\/index.php\\\/2020\\\/11\\\/20\\\/3059\\\/#article\",\"isPartOf\":{\"@id\":\"https:\\\/\\\/radioleinewelle.de\\\/index.php\\\/2020\\\/11\\\/20\\\/3059\\\/\"},\"author\":{\"name\":\"Leinewelle\",\"@id\":\"https:\\\/\\\/radioleinewelle.de\\\/#\\\/schema\\\/person\\\/45606f348637df637192dc1b68399a63\"},\"headline\":\"Kapazit\u00e4t der Intensivmedizin an der UMG wird erweitert\",\"datePublished\":\"2020-11-20T04:20:00+00:00\",\"mainEntityOfPage\":{\"@id\":\"https:\\\/\\\/radioleinewelle.de\\\/index.php\\\/2020\\\/11\\\/20\\\/3059\\\/\"},\"wordCount\":262,\"publisher\":{\"@id\":\"https:\\\/\\\/radioleinewelle.de\\\/#organization\"},\"image\":{\"@id\":\"https:\\\/\\\/radioleinewelle.de\\\/index.php\\\/2020\\\/11\\\/20\\\/3059\\\/#primaryimage\"},\"thumbnailUrl\":\"https:\\\/\\\/radioleinewelle.de\\\/wp-content\\\/uploads\\\/2020\\\/11\\\/csm_PIC-135-2020_UMG_Modulgebaeude_Intensivmedizin_MWK_Meissner-Dokken-Brueck-Thuemler-Siess-Finke-Paul__1__36a88a299d-e1605818253417.jpg\",\"articleSection\":[\"Universit\u00e4t\"],\"inLanguage\":\"de\"},{\"@type\":\"WebPage\",\"@id\":\"https:\\\/\\\/radioleinewelle.de\\\/index.php\\\/2020\\\/11\\\/20\\\/3059\\\/\",\"url\":\"https:\\\/\\\/radioleinewelle.de\\\/index.php\\\/2020\\\/11\\\/20\\\/3059\\\/\",\"name\":\"Kapazit\u00e4t der Intensivmedizin an der UMG wird erweitert - Radio Leinewelle\",\"isPartOf\":{\"@id\":\"https:\\\/\\\/radioleinewelle.de\\\/#website\"},\"primaryImageOfPage\":{\"@id\":\"https:\\\/\\\/radioleinewelle.de\\\/index.php\\\/2020\\\/11\\\/20\\\/3059\\\/#primaryimage\"},\"image\":{\"@id\":\"https:\\\/\\\/radioleinewelle.de\\\/index.php\\\/2020\\\/11\\\/20\\\/3059\\\/#primaryimage\"},\"thumbnailUrl\":\"https:\\\/\\\/radioleinewelle.de\\\/wp-content\\\/uploads\\\/2020\\\/11\\\/csm_PIC-135-2020_UMG_Modulgebaeude_Intensivmedizin_MWK_Meissner-Dokken-Brueck-Thuemler-Siess-Finke-Paul__1__36a88a299d-e1605818253417.jpg\",\"datePublished\":\"2020-11-20T04:20:00+00:00\",\"breadcrumb\":{\"@id\":\"https:\\\/\\\/radioleinewelle.de\\\/index.php\\\/2020\\\/11\\\/20\\\/3059\\\/#breadcrumb\"},\"inLanguage\":\"de\",\"potentialAction\":[{\"@type\":\"ReadAction\",\"target\":[\"https:\\\/\\\/radioleinewelle.de\\\/index.php\\\/2020\\\/11\\\/20\\\/3059\\\/\"]}]},{\"@type\":\"ImageObject\",\"inLanguage\":\"de\",\"@id\":\"https:\\\/\\\/radioleinewelle.de\\\/index.php\\\/2020\\\/11\\\/20\\\/3059\\\/#primaryimage\",\"url\":\"https:\\\/\\\/radioleinewelle.de\\\/wp-content\\\/uploads\\\/2020\\\/11\\\/csm_PIC-135-2020_UMG_Modulgebaeude_Intensivmedizin_MWK_Meissner-Dokken-Brueck-Thuemler-Siess-Finke-Paul__1__36a88a299d-e1605818253417.jpg\",\"contentUrl\":\"https:\\\/\\\/radioleinewelle.de\\\/wp-content\\\/uploads\\\/2020\\\/11\\\/csm_PIC-135-2020_UMG_Modulgebaeude_Intensivmedizin_MWK_Meissner-Dokken-Brueck-Thuemler-Siess-Finke-Paul__1__36a88a299d-e1605818253417.jpg\",\"width\":600,\"height\":400,\"caption\":\"Foto: Nahmen den Zuwendungsbescheid aus den H\u00e4nden des Wissenschaftsministers entgegen (v. l.): Prof. Konrad Meissner (Direktor Klinik f\u00fcr An\u00e4sthesiologie UMG), Helle Dokken (Pflegedirektorin UMG), Prof. Wolfgang Br\u00fcck (Sprecher des Vorstandes der UMG), Bj\u00f6rn Th\u00fcmler (nds. Minister f\u00fcr Wissenschaft und Kultur), Dr. Martin Siess (Vorstand Krankenversorgung UMG), Jens Finke (komm. Vorstand Wirtschaftsf\u00fchrung und Administration UMG), Prof. Thomas Paul (Direktor Klinik f\u00fcr P\u00e4diatrische Kardiologie, Intensivmedizin und Pneumologie UMG).\"},{\"@type\":\"BreadcrumbList\",\"@id\":\"https:\\\/\\\/radioleinewelle.de\\\/index.php\\\/2020\\\/11\\\/20\\\/3059\\\/#breadcrumb\",\"itemListElement\":[{\"@type\":\"ListItem\",\"position\":1,\"name\":\"Startseite\",\"item\":\"https:\\\/\\\/radioleinewelle.de\\\/\"},{\"@type\":\"ListItem\",\"position\":2,\"name\":\"Kapazit\u00e4t der Intensivmedizin an der UMG wird erweitert\"}]},{\"@type\":\"WebSite\",\"@id\":\"https:\\\/\\\/radioleinewelle.de\\\/#website\",\"url\":\"https:\\\/\\\/radioleinewelle.de\\\/\",\"name\":\"Radio Leinewelle\",\"description\":\"\",\"publisher\":{\"@id\":\"https:\\\/\\\/radioleinewelle.de\\\/#organization\"},\"potentialAction\":[{\"@type\":\"SearchAction\",\"target\":{\"@type\":\"EntryPoint\",\"urlTemplate\":\"https:\\\/\\\/radioleinewelle.de\\\/?s={search_term_string}\"},\"query-input\":{\"@type\":\"PropertyValueSpecification\",\"valueRequired\":true,\"valueName\":\"search_term_string\"}}],\"inLanguage\":\"de\"},{\"@type\":\"Organization\",\"@id\":\"https:\\\/\\\/radioleinewelle.de\\\/#organization\",\"name\":\"Radio Leinewelle\",\"alternateName\":\"Mein Radio f\u00fcr S\u00fcdniedersachsen\",\"url\":\"https:\\\/\\\/radioleinewelle.de\\\/\",\"logo\":{\"@type\":\"ImageObject\",\"inLanguage\":\"de\",\"@id\":\"https:\\\/\\\/radioleinewelle.de\\\/#\\\/schema\\\/logo\\\/image\\\/\",\"url\":\"https:\\\/\\\/radioleinewelle.de\\\/wp-content\\\/uploads\\\/2023\\\/11\\\/cropped-Leinewelle_Logo_weiss.png\",\"contentUrl\":\"https:\\\/\\\/radioleinewelle.de\\\/wp-content\\\/uploads\\\/2023\\\/11\\\/cropped-Leinewelle_Logo_weiss.png\",\"width\":854,\"height\":260,\"caption\":\"Radio Leinewelle\"},\"image\":{\"@id\":\"https:\\\/\\\/radioleinewelle.de\\\/#\\\/schema\\\/logo\\\/image\\\/\"},\"sameAs\":[\"https:\\\/\\\/www.facebook.com\\\/radioleinewelle\",\"https:\\\/\\\/x.com\\\/RLeinewelle\",\"https:\\\/\\\/www.instagram.com\\\/radioleinewelle\\\/?hl=de\"]},{\"@type\":\"Person\",\"@id\":\"https:\\\/\\\/radioleinewelle.de\\\/#\\\/schema\\\/person\\\/45606f348637df637192dc1b68399a63\",\"name\":\"Leinewelle\",\"image\":{\"@type\":\"ImageObject\",\"inLanguage\":\"de\",\"@id\":\"https:\\\/\\\/secure.gravatar.com\\\/avatar\\\/05c9a17bc973052ee5d91549bd32fb4dd0dc85b7b85ae94b2e2b4943476bbea5?s=96&d=blank&r=g\",\"url\":\"https:\\\/\\\/secure.gravatar.com\\\/avatar\\\/05c9a17bc973052ee5d91549bd32fb4dd0dc85b7b85ae94b2e2b4943476bbea5?s=96&d=blank&r=g\",\"contentUrl\":\"https:\\\/\\\/secure.gravatar.com\\\/avatar\\\/05c9a17bc973052ee5d91549bd32fb4dd0dc85b7b85ae94b2e2b4943476bbea5?s=96&d=blank&r=g\",\"caption\":\"Leinewelle\"},\"sameAs\":[\"http:\\\/\\\/localhost\\\/radio%20leinewelle\\\/wordpress\",\"https:\\\/\\\/www.facebook.com\\\/radioleinewelle\",\"https:\\\/\\\/www.instagram.com\\\/radioleinewelle\",\"https:\\\/\\\/x.com\\\/https:\\\/\\\/twitter.com\\\/RLeinewelle?ref_src=twsrcgoogletwcampserptwgrauthor\",\"https:\\\/\\\/soundcloud.com\\\/foerderverein-lokalradio?utm_source=clipboard&utm_medium=text&utm_campaign=social_sharing\"],\"url\":\"https:\\\/\\\/radioleinewelle.de\\\/index.php\\\/author\\\/leinewelle\\\/\"}]}<\/script>\n<!-- \/ Yoast SEO plugin. -->","yoast_head_json":{"title":"Kapazit\u00e4t der Intensivmedizin an der UMG wird erweitert - Radio Leinewelle","robots":{"index":"index","follow":"follow","max-snippet":"max-snippet:-1","max-image-preview":"max-image-preview:large","max-video-preview":"max-video-preview:-1"},"canonical":"https:\/\/radioleinewelle.de\/index.php\/2020\/11\/20\/3059\/","og_locale":"de_DE","og_type":"article","og_title":"Kapazit\u00e4t der Intensivmedizin an der UMG wird erweitert - Radio Leinewelle","og_description":"Nieders\u00e4chsischer Minister f\u00fcr Wissenschaft und Kultur Bj\u00f6rn Th\u00fcmler \u00fcbergibt Zuwendungsbescheid f\u00fcr neues Modulgeb\u00e4ude Intensivmedizin (IMG) an der UMG. Das IMG schafft mit 41 Intensivbettpl\u00e4tzen zus\u00e4tzliche Kapazit\u00e4ten f\u00fcr die Versorgung von Corona-Patient*innen in Niedersachsen. Baukosten rund 26,6 Mio. Euro. Land Niedersachsen und UMG teilen sich die Kosten.\u00a0Die Universit\u00e4tsmedizin G\u00f6ttingen (UMG) ben\u00f6tigt dringend weitere Kapazit\u00e4ten f\u00fcr die [&hellip;]","og_url":"https:\/\/radioleinewelle.de\/index.php\/2020\/11\/20\/3059\/","og_site_name":"Radio Leinewelle","article_publisher":"https:\/\/www.facebook.com\/radioleinewelle","article_author":"https:\/\/www.facebook.com\/radioleinewelle","article_published_time":"2020-11-20T04:20:00+00:00","og_image":[{"width":600,"height":400,"url":"https:\/\/radioleinewelle.de\/wp-content\/uploads\/2020\/11\/csm_PIC-135-2020_UMG_Modulgebaeude_Intensivmedizin_MWK_Meissner-Dokken-Brueck-Thuemler-Siess-Finke-Paul__1__36a88a299d-e1605818253417.jpg","type":"image\/jpeg"}],"author":"Leinewelle","twitter_card":"summary_large_image","twitter_creator":"@https:\/\/twitter.com\/RLeinewelle?ref_src=twsrcgoogletwcampserptwgrauthor","twitter_site":"@RLeinewelle","twitter_misc":{"Verfasst von":"Leinewelle","Gesch\u00e4tzte Lesezeit":"1\u00a0Minute"},"schema":{"@context":"https:\/\/schema.org","@graph":[{"@type":"Article","@id":"https:\/\/radioleinewelle.de\/index.php\/2020\/11\/20\/3059\/#article","isPartOf":{"@id":"https:\/\/radioleinewelle.de\/index.php\/2020\/11\/20\/3059\/"},"author":{"name":"Leinewelle","@id":"https:\/\/radioleinewelle.de\/#\/schema\/person\/45606f348637df637192dc1b68399a63"},"headline":"Kapazit\u00e4t der Intensivmedizin an der UMG wird erweitert","datePublished":"2020-11-20T04:20:00+00:00","mainEntityOfPage":{"@id":"https:\/\/radioleinewelle.de\/index.php\/2020\/11\/20\/3059\/"},"wordCount":262,"publisher":{"@id":"https:\/\/radioleinewelle.de\/#organization"},"image":{"@id":"https:\/\/radioleinewelle.de\/index.php\/2020\/11\/20\/3059\/#primaryimage"},"thumbnailUrl":"https:\/\/radioleinewelle.de\/wp-content\/uploads\/2020\/11\/csm_PIC-135-2020_UMG_Modulgebaeude_Intensivmedizin_MWK_Meissner-Dokken-Brueck-Thuemler-Siess-Finke-Paul__1__36a88a299d-e1605818253417.jpg","articleSection":["Universit\u00e4t"],"inLanguage":"de"},{"@type":"WebPage","@id":"https:\/\/radioleinewelle.de\/index.php\/2020\/11\/20\/3059\/","url":"https:\/\/radioleinewelle.de\/index.php\/2020\/11\/20\/3059\/","name":"Kapazit\u00e4t der Intensivmedizin an der UMG wird erweitert - Radio Leinewelle","isPartOf":{"@id":"https:\/\/radioleinewelle.de\/#website"},"primaryImageOfPage":{"@id":"https:\/\/radioleinewelle.de\/index.php\/2020\/11\/20\/3059\/#primaryimage"},"image":{"@id":"https:\/\/radioleinewelle.de\/index.php\/2020\/11\/20\/3059\/#primaryimage"},"thumbnailUrl":"https:\/\/radioleinewelle.de\/wp-content\/uploads\/2020\/11\/csm_PIC-135-2020_UMG_Modulgebaeude_Intensivmedizin_MWK_Meissner-Dokken-Brueck-Thuemler-Siess-Finke-Paul__1__36a88a299d-e1605818253417.jpg","datePublished":"2020-11-20T04:20:00+00:00","breadcrumb":{"@id":"https:\/\/radioleinewelle.de\/index.php\/2020\/11\/20\/3059\/#breadcrumb"},"inLanguage":"de","potentialAction":[{"@type":"ReadAction","target":["https:\/\/radioleinewelle.de\/index.php\/2020\/11\/20\/3059\/"]}]},{"@type":"ImageObject","inLanguage":"de","@id":"https:\/\/radioleinewelle.de\/index.php\/2020\/11\/20\/3059\/#primaryimage","url":"https:\/\/radioleinewelle.de\/wp-content\/uploads\/2020\/11\/csm_PIC-135-2020_UMG_Modulgebaeude_Intensivmedizin_MWK_Meissner-Dokken-Brueck-Thuemler-Siess-Finke-Paul__1__36a88a299d-e1605818253417.jpg","contentUrl":"https:\/\/radioleinewelle.de\/wp-content\/uploads\/2020\/11\/csm_PIC-135-2020_UMG_Modulgebaeude_Intensivmedizin_MWK_Meissner-Dokken-Brueck-Thuemler-Siess-Finke-Paul__1__36a88a299d-e1605818253417.jpg","width":600,"height":400,"caption":"Foto: Nahmen den Zuwendungsbescheid aus den H\u00e4nden des Wissenschaftsministers entgegen (v. l.): Prof. Konrad Meissner (Direktor Klinik f\u00fcr An\u00e4sthesiologie UMG), Helle Dokken (Pflegedirektorin UMG), Prof. Wolfgang Br\u00fcck (Sprecher des Vorstandes der UMG), Bj\u00f6rn Th\u00fcmler (nds. Minister f\u00fcr Wissenschaft und Kultur), Dr. Martin Siess (Vorstand Krankenversorgung UMG), Jens Finke (komm. Vorstand Wirtschaftsf\u00fchrung und Administration UMG), Prof. Thomas Paul (Direktor Klinik f\u00fcr P\u00e4diatrische Kardiologie, Intensivmedizin und Pneumologie UMG)."},{"@type":"BreadcrumbList","@id":"https:\/\/radioleinewelle.de\/index.php\/2020\/11\/20\/3059\/#breadcrumb","itemListElement":[{"@type":"ListItem","position":1,"name":"Startseite","item":"https:\/\/radioleinewelle.de\/"},{"@type":"ListItem","position":2,"name":"Kapazit\u00e4t der Intensivmedizin an der UMG wird erweitert"}]},{"@type":"WebSite","@id":"https:\/\/radioleinewelle.de\/#website","url":"https:\/\/radioleinewelle.de\/","name":"Radio Leinewelle","description":"","publisher":{"@id":"https:\/\/radioleinewelle.de\/#organization"},"potentialAction":[{"@type":"SearchAction","target":{"@type":"EntryPoint","urlTemplate":"https:\/\/radioleinewelle.de\/?s={search_term_string}"},"query-input":{"@type":"PropertyValueSpecification","valueRequired":true,"valueName":"search_term_string"}}],"inLanguage":"de"},{"@type":"Organization","@id":"https:\/\/radioleinewelle.de\/#organization","name":"Radio Leinewelle","alternateName":"Mein Radio f\u00fcr S\u00fcdniedersachsen","url":"https:\/\/radioleinewelle.de\/","logo":{"@type":"ImageObject","inLanguage":"de","@id":"https:\/\/radioleinewelle.de\/#\/schema\/logo\/image\/","url":"https:\/\/radioleinewelle.de\/wp-content\/uploads\/2023\/11\/cropped-Leinewelle_Logo_weiss.png","contentUrl":"https:\/\/radioleinewelle.de\/wp-content\/uploads\/2023\/11\/cropped-Leinewelle_Logo_weiss.png","width":854,"height":260,"caption":"Radio Leinewelle"},"image":{"@id":"https:\/\/radioleinewelle.de\/#\/schema\/logo\/image\/"},"sameAs":["https:\/\/www.facebook.com\/radioleinewelle","https:\/\/x.com\/RLeinewelle","https:\/\/www.instagram.com\/radioleinewelle\/?hl=de"]},{"@type":"Person","@id":"https:\/\/radioleinewelle.de\/#\/schema\/person\/45606f348637df637192dc1b68399a63","name":"Leinewelle","image":{"@type":"ImageObject","inLanguage":"de","@id":"https:\/\/secure.gravatar.com\/avatar\/05c9a17bc973052ee5d91549bd32fb4dd0dc85b7b85ae94b2e2b4943476bbea5?s=96&d=blank&r=g","url":"https:\/\/secure.gravatar.com\/avatar\/05c9a17bc973052ee5d91549bd32fb4dd0dc85b7b85ae94b2e2b4943476bbea5?s=96&d=blank&r=g","contentUrl":"https:\/\/secure.gravatar.com\/avatar\/05c9a17bc973052ee5d91549bd32fb4dd0dc85b7b85ae94b2e2b4943476bbea5?s=96&d=blank&r=g","caption":"Leinewelle"},"sameAs":["http:\/\/localhost\/radio%20leinewelle\/wordpress","https:\/\/www.facebook.com\/radioleinewelle","https:\/\/www.instagram.com\/radioleinewelle","https:\/\/x.com\/https:\/\/twitter.com\/RLeinewelle?ref_src=twsrcgoogletwcampserptwgrauthor","https:\/\/soundcloud.com\/foerderverein-lokalradio?utm_source=clipboard&utm_medium=text&utm_campaign=social_sharing"],"url":"https:\/\/radioleinewelle.de\/index.php\/author\/leinewelle\/"}]}},"_links":{"self":[{"href":"https:\/\/radioleinewelle.de\/index.php\/wp-json\/wp\/v2\/posts\/3059","targetHints":{"allow":["GET"]}}],"collection":[{"href":"https:\/\/radioleinewelle.de\/index.php\/wp-json\/wp\/v2\/posts"}],"about":[{"href":"https:\/\/radioleinewelle.de\/index.php\/wp-json\/wp\/v2\/types\/post"}],"author":[{"embeddable":true,"href":"https:\/\/radioleinewelle.de\/index.php\/wp-json\/wp\/v2\/users\/1"}],"replies":[{"embeddable":true,"href":"https:\/\/radioleinewelle.de\/index.php\/wp-json\/wp\/v2\/comments?post=3059"}],"version-history":[{"count":0,"href":"https:\/\/radioleinewelle.de\/index.php\/wp-json\/wp\/v2\/posts\/3059\/revisions"}],"wp:featuredmedia":[{"embeddable":true,"href":"https:\/\/radioleinewelle.de\/index.php\/wp-json\/wp\/v2\/media\/3060"}],"wp:attachment":[{"href":"https:\/\/radioleinewelle.de\/index.php\/wp-json\/wp\/v2\/media?parent=3059"}],"wp:term":[{"taxonomy":"category","embeddable":true,"href":"https:\/\/radioleinewelle.de\/index.php\/wp-json\/wp\/v2\/categories?post=3059"},{"taxonomy":"post_tag","embeddable":true,"href":"https:\/\/radioleinewelle.de\/index.php\/wp-json\/wp\/v2\/tags?post=3059"}],"curies":[{"name":"wp","href":"https:\/\/api.w.org\/{rel}","templated":true}]}}