{"id":30620,"date":"2026-03-08T09:39:59","date_gmt":"2026-03-08T08:39:59","guid":{"rendered":"https:\/\/radioleinewelle.de\/?p=30620"},"modified":"2026-03-08T09:47:16","modified_gmt":"2026-03-08T08:47:16","slug":"feministischer-kampftag-in-goettingen-demo-und-strassenfest-am-8-maerz","status":"publish","type":"post","link":"https:\/\/radioleinewelle.de\/index.php\/2026\/03\/08\/feministischer-kampftag-in-goettingen-demo-und-strassenfest-am-8-maerz\/","title":{"rendered":"Feministischer Kampftag in G\u00f6ttingen: Demo und Stra\u00dfenfest am 8. M\u00e4rz"},"content":{"rendered":"\n\n\n<p>Am Internationalen Feministischen Kampftag am\u00a08. M\u00e4rz 2026\u00a0gehen auch in G\u00f6ttingen zahlreiche Aktivist*innen auf die Stra\u00dfe. Ein feministisches B\u00fcndnis ruft zu einer Demonstration unter dem Motto\u00a0\u201eFriede, Freiheit, Feminismus \u2013 statt Patriarchat und Kapitalismus\u201c\u00a0auf. Die Veranstaltung soll auf patriarchale Gewalt, soziale Ungleichheit und globale politische Entwicklungen aufmerksam machen.<\/p>\n\n\n\n<p>Die Demonstration beginnt am Sonntag um\u00a011.30 Uhr am Albaniplatz. Von dort aus f\u00fchrt die Demonstration durch die G\u00f6ttinger Innenstadt und endet am\u00a0G\u00e4nseliesel auf dem Marktplatz.<\/p>\n\n\n\n\n\n<p>Im Anschluss an die Demo l\u00e4dt das B\u00fcndnis ab\u00a014 Uhr zu einem feministischen Stra\u00dfenfest\u00a0ein. Rund um das G\u00e4nseliesel sind Infost\u00e4nde, Aktionen sowie Essen und Getr\u00e4nke geplant. Au\u00dferdem soll ein\u00a0Open Mic\u00a0Raum f\u00fcr Beitr\u00e4ge und Austausch bieten.<\/p>\n\n\n\n<p>In ihrem Aufruf kritisieren die Organisator*innen verschiedene gesellschaftliche Entwicklungen. Dazu z\u00e4hlen unter anderem patriarchale Gewalt, antifeministische Mobilisierungen, Angriffe auf queere Rechte sowie Einschr\u00e4nkungen beim Zugang zu Schwangerschaftsabbr\u00fcchen. Zudem verweisen sie auf globale Konflikte und autorit\u00e4re politische Entwicklungen. Nach Ansicht des B\u00fcndnisses stehen\u00a0Patriarchat, Kapitalismus und Rassismus\u00a0in engem Zusammenhang und verst\u00e4rken soziale Ungleichheiten weltweit.<\/p>\n\n\n\n<p>Besonders Frauen, queere Menschen sowie migrantische und rassifizierte Personen seien h\u00e4ufig von Ausbeutung, Diskriminierung und Gewalt betroffen. Gleichzeitig sei gesellschaftliche Arbeit wie Kindererziehung, Pflege oder emotionale Sorgearbeit \u2013 sogenannte Care-Arbeit \u2013 oft schlecht bezahlt oder unbezahlt und werde \u00fcberwiegend Frauen und migrantischen Menschen zugeschrieben.<\/p>\n\n\n\n<p>Mit dem Motto <strong>\u201eFriede, Freiheit, Feminismus<\/strong>\u201c verbinden die Aktivistinnen mehrere Forderungen: Frieden statt Militarisierung, Selbstbestimmung \u00fcber K\u00f6rper und Sexualit\u00e4t, gleiche Rechte und Schutz f\u00fcr alle Geschlechter sowie eine st\u00e4rkere gesellschaftliche Anerkennung von Care-Arbeit. Feminismus verstehen die Organisatorinnen dabei als Antwort auf patriarchale Gewalt, Ausbeutung und autorit\u00e4re Entwicklungen weltweit.<\/p>\n\n\n\n<p>Weitere Informationen zur Demonstration, zur Route und zum Ablauf stellt das B\u00fcndnis auf Instagram bereit.<\/p>\n\n\n\n<p class=\"has-text-align-right has-small-font-size\"><strong>Foto: <\/strong>\u00a9Radio Leinewelle &amp; Screenshots<\/p>\n\n\n\n<p><\/p>\n","protected":false},"excerpt":{"rendered":"<p>Am Internationalen Feministischen Kampftag am\u00a08. M\u00e4rz 2026\u00a0gehen auch in G\u00f6ttingen zahlreiche Aktivist*innen auf die Stra\u00dfe. Ein feministisches B\u00fcndnis ruft zu einer Demonstration unter dem Motto\u00a0\u201eFriede, Freiheit, Feminismus \u2013 statt Patriarchat und Kapitalismus\u201c\u00a0auf. Die Veranstaltung soll auf patriarchale Gewalt, soziale Ungleichheit und globale politische Entwicklungen aufmerksam machen. Die Demonstration beginnt am Sonntag um\u00a011.30 Uhr am Albaniplatz. [&hellip;]<\/p>\n","protected":false},"author":1,"featured_media":30622,"comment_status":"open","ping_status":"open","sticky":false,"template":"","format":"standard","meta":{"saved_in_kubio":false,"footnotes":""},"categories":[4270,53],"tags":[4933,4932,4931,4934,4930,63,186],"class_list":["post-30620","post","type-post","status-publish","format-standard","has-post-thumbnail","hentry","category-feminismus","category-gesellschaft","tag-8maerz-goettingen","tag-feminismus","tag-feministischer-kampftag","tag-frauenrechte","tag-frauentag","tag-goettingen","tag-internationaler-frauentag"],"yoast_head":"<!-- This site is optimized with the Yoast SEO plugin v27.4 - https:\/\/yoast.com\/product\/yoast-seo-wordpress\/ -->\n<title>Feministischer Kampftag in G\u00f6ttingen: Demo und Stra\u00dfenfest am 8. M\u00e4rz - Radio Leinewelle<\/title>\n<meta name=\"description\" content=\"m 8. M\u00e4rz 2026 findet in G\u00f6ttingen eine feministische Demonstration vom Albaniplatz zum G\u00e4nseliesel statt. Anschlie\u00dfend gibt es ein Stra\u00dfenfest mit Aktionen und Open Mic.Fokus-Keyword: Frauentag G\u00f6ttingen 2026\" \/>\n<meta name=\"robots\" content=\"index, follow, max-snippet:-1, max-image-preview:large, max-video-preview:-1\" \/>\n<link rel=\"canonical\" href=\"https:\/\/radioleinewelle.de\/index.php\/2026\/03\/08\/feministischer-kampftag-in-goettingen-demo-und-strassenfest-am-8-maerz\/\" \/>\n<meta property=\"og:locale\" content=\"de_DE\" \/>\n<meta property=\"og:type\" content=\"article\" \/>\n<meta property=\"og:title\" content=\"Feministischer Kampftag in G\u00f6ttingen: Demo und Stra\u00dfenfest am 8. M\u00e4rz - Radio Leinewelle\" \/>\n<meta property=\"og:description\" content=\"m 8. M\u00e4rz 2026 findet in G\u00f6ttingen eine feministische Demonstration vom Albaniplatz zum G\u00e4nseliesel statt. Anschlie\u00dfend gibt es ein Stra\u00dfenfest mit Aktionen und Open Mic.Fokus-Keyword: Frauentag G\u00f6ttingen 2026\" \/>\n<meta property=\"og:url\" content=\"https:\/\/radioleinewelle.de\/index.php\/2026\/03\/08\/feministischer-kampftag-in-goettingen-demo-und-strassenfest-am-8-maerz\/\" \/>\n<meta property=\"og:site_name\" content=\"Radio Leinewelle\" \/>\n<meta property=\"article:publisher\" content=\"https:\/\/www.facebook.com\/radioleinewelle\" \/>\n<meta property=\"article:author\" content=\"https:\/\/www.facebook.com\/radioleinewelle\" \/>\n<meta property=\"article:published_time\" content=\"2026-03-08T08:39:59+00:00\" \/>\n<meta property=\"article:modified_time\" content=\"2026-03-08T08:47:16+00:00\" \/>\n<meta property=\"og:image\" content=\"https:\/\/radioleinewelle.de\/wp-content\/uploads\/2026\/03\/Gaenseliesel-08.-Maerz-e1772958631235.jpg\" \/>\n\t<meta property=\"og:image:width\" content=\"835\" \/>\n\t<meta property=\"og:image:height\" content=\"757\" \/>\n\t<meta property=\"og:image:type\" content=\"image\/jpeg\" \/>\n<meta name=\"author\" content=\"Leinewelle\" \/>\n<meta name=\"twitter:card\" content=\"summary_large_image\" \/>\n<meta name=\"twitter:creator\" content=\"@https:\/\/twitter.com\/RLeinewelle?ref_src=twsrcgoogletwcampserptwgrauthor\" \/>\n<meta name=\"twitter:site\" content=\"@RLeinewelle\" \/>\n<meta name=\"twitter:label1\" content=\"Verfasst von\" \/>\n\t<meta name=\"twitter:data1\" content=\"Leinewelle\" \/>\n\t<meta name=\"twitter:label2\" content=\"Gesch\u00e4tzte Lesezeit\" \/>\n\t<meta name=\"twitter:data2\" content=\"2\u00a0Minuten\" \/>\n<script type=\"application\/ld+json\" class=\"yoast-schema-graph\">{\"@context\":\"https:\\\/\\\/schema.org\",\"@graph\":[{\"@type\":\"Article\",\"@id\":\"https:\\\/\\\/radioleinewelle.de\\\/index.php\\\/2026\\\/03\\\/08\\\/feministischer-kampftag-in-goettingen-demo-und-strassenfest-am-8-maerz\\\/#article\",\"isPartOf\":{\"@id\":\"https:\\\/\\\/radioleinewelle.de\\\/index.php\\\/2026\\\/03\\\/08\\\/feministischer-kampftag-in-goettingen-demo-und-strassenfest-am-8-maerz\\\/\"},\"author\":{\"name\":\"Leinewelle\",\"@id\":\"https:\\\/\\\/radioleinewelle.de\\\/#\\\/schema\\\/person\\\/45606f348637df637192dc1b68399a63\"},\"headline\":\"Feministischer Kampftag in G\u00f6ttingen: Demo und Stra\u00dfenfest am 8. M\u00e4rz\",\"datePublished\":\"2026-03-08T08:39:59+00:00\",\"dateModified\":\"2026-03-08T08:47:16+00:00\",\"mainEntityOfPage\":{\"@id\":\"https:\\\/\\\/radioleinewelle.de\\\/index.php\\\/2026\\\/03\\\/08\\\/feministischer-kampftag-in-goettingen-demo-und-strassenfest-am-8-maerz\\\/\"},\"wordCount\":320,\"commentCount\":0,\"publisher\":{\"@id\":\"https:\\\/\\\/radioleinewelle.de\\\/#organization\"},\"image\":{\"@id\":\"https:\\\/\\\/radioleinewelle.de\\\/index.php\\\/2026\\\/03\\\/08\\\/feministischer-kampftag-in-goettingen-demo-und-strassenfest-am-8-maerz\\\/#primaryimage\"},\"thumbnailUrl\":\"https:\\\/\\\/radioleinewelle.de\\\/wp-content\\\/uploads\\\/2026\\\/03\\\/Gaenseliesel-08.-Maerz-e1772958631235.jpg\",\"keywords\":[\"8M\u00e4rz G\u00f6ttingen\",\"Feminismus\",\"Feministischer Kampftag\",\"Frauenrechte\",\"Frauentag\",\"G\u00f6ttingen\",\"Internationaler Frauentag\"],\"articleSection\":[\"Feminismus\",\"Gesellschaft\"],\"inLanguage\":\"de\",\"potentialAction\":[{\"@type\":\"CommentAction\",\"name\":\"Comment\",\"target\":[\"https:\\\/\\\/radioleinewelle.de\\\/index.php\\\/2026\\\/03\\\/08\\\/feministischer-kampftag-in-goettingen-demo-und-strassenfest-am-8-maerz\\\/#respond\"]}]},{\"@type\":\"WebPage\",\"@id\":\"https:\\\/\\\/radioleinewelle.de\\\/index.php\\\/2026\\\/03\\\/08\\\/feministischer-kampftag-in-goettingen-demo-und-strassenfest-am-8-maerz\\\/\",\"url\":\"https:\\\/\\\/radioleinewelle.de\\\/index.php\\\/2026\\\/03\\\/08\\\/feministischer-kampftag-in-goettingen-demo-und-strassenfest-am-8-maerz\\\/\",\"name\":\"Feministischer Kampftag in G\u00f6ttingen: Demo und Stra\u00dfenfest am 8. M\u00e4rz - Radio Leinewelle\",\"isPartOf\":{\"@id\":\"https:\\\/\\\/radioleinewelle.de\\\/#website\"},\"primaryImageOfPage\":{\"@id\":\"https:\\\/\\\/radioleinewelle.de\\\/index.php\\\/2026\\\/03\\\/08\\\/feministischer-kampftag-in-goettingen-demo-und-strassenfest-am-8-maerz\\\/#primaryimage\"},\"image\":{\"@id\":\"https:\\\/\\\/radioleinewelle.de\\\/index.php\\\/2026\\\/03\\\/08\\\/feministischer-kampftag-in-goettingen-demo-und-strassenfest-am-8-maerz\\\/#primaryimage\"},\"thumbnailUrl\":\"https:\\\/\\\/radioleinewelle.de\\\/wp-content\\\/uploads\\\/2026\\\/03\\\/Gaenseliesel-08.-Maerz-e1772958631235.jpg\",\"datePublished\":\"2026-03-08T08:39:59+00:00\",\"dateModified\":\"2026-03-08T08:47:16+00:00\",\"description\":\"m 8. M\u00e4rz 2026 findet in G\u00f6ttingen eine feministische Demonstration vom Albaniplatz zum G\u00e4nseliesel statt. Anschlie\u00dfend gibt es ein Stra\u00dfenfest mit Aktionen und Open Mic.Fokus-Keyword: Frauentag G\u00f6ttingen 2026\",\"breadcrumb\":{\"@id\":\"https:\\\/\\\/radioleinewelle.de\\\/index.php\\\/2026\\\/03\\\/08\\\/feministischer-kampftag-in-goettingen-demo-und-strassenfest-am-8-maerz\\\/#breadcrumb\"},\"inLanguage\":\"de\",\"potentialAction\":[{\"@type\":\"ReadAction\",\"target\":[\"https:\\\/\\\/radioleinewelle.de\\\/index.php\\\/2026\\\/03\\\/08\\\/feministischer-kampftag-in-goettingen-demo-und-strassenfest-am-8-maerz\\\/\"]}]},{\"@type\":\"ImageObject\",\"inLanguage\":\"de\",\"@id\":\"https:\\\/\\\/radioleinewelle.de\\\/index.php\\\/2026\\\/03\\\/08\\\/feministischer-kampftag-in-goettingen-demo-und-strassenfest-am-8-maerz\\\/#primaryimage\",\"url\":\"https:\\\/\\\/radioleinewelle.de\\\/wp-content\\\/uploads\\\/2026\\\/03\\\/Gaenseliesel-08.-Maerz-e1772958631235.jpg\",\"contentUrl\":\"https:\\\/\\\/radioleinewelle.de\\\/wp-content\\\/uploads\\\/2026\\\/03\\\/Gaenseliesel-08.-Maerz-e1772958631235.jpg\",\"width\":835,\"height\":757},{\"@type\":\"BreadcrumbList\",\"@id\":\"https:\\\/\\\/radioleinewelle.de\\\/index.php\\\/2026\\\/03\\\/08\\\/feministischer-kampftag-in-goettingen-demo-und-strassenfest-am-8-maerz\\\/#breadcrumb\",\"itemListElement\":[{\"@type\":\"ListItem\",\"position\":1,\"name\":\"Startseite\",\"item\":\"https:\\\/\\\/radioleinewelle.de\\\/\"},{\"@type\":\"ListItem\",\"position\":2,\"name\":\"Feministischer Kampftag in G\u00f6ttingen: Demo und Stra\u00dfenfest am 8. M\u00e4rz\"}]},{\"@type\":\"WebSite\",\"@id\":\"https:\\\/\\\/radioleinewelle.de\\\/#website\",\"url\":\"https:\\\/\\\/radioleinewelle.de\\\/\",\"name\":\"Radio Leinewelle\",\"description\":\"\",\"publisher\":{\"@id\":\"https:\\\/\\\/radioleinewelle.de\\\/#organization\"},\"potentialAction\":[{\"@type\":\"SearchAction\",\"target\":{\"@type\":\"EntryPoint\",\"urlTemplate\":\"https:\\\/\\\/radioleinewelle.de\\\/?s={search_term_string}\"},\"query-input\":{\"@type\":\"PropertyValueSpecification\",\"valueRequired\":true,\"valueName\":\"search_term_string\"}}],\"inLanguage\":\"de\"},{\"@type\":\"Organization\",\"@id\":\"https:\\\/\\\/radioleinewelle.de\\\/#organization\",\"name\":\"Radio Leinewelle\",\"alternateName\":\"Mein Radio f\u00fcr S\u00fcdniedersachsen\",\"url\":\"https:\\\/\\\/radioleinewelle.de\\\/\",\"logo\":{\"@type\":\"ImageObject\",\"inLanguage\":\"de\",\"@id\":\"https:\\\/\\\/radioleinewelle.de\\\/#\\\/schema\\\/logo\\\/image\\\/\",\"url\":\"https:\\\/\\\/radioleinewelle.de\\\/wp-content\\\/uploads\\\/2023\\\/11\\\/cropped-Leinewelle_Logo_weiss.png\",\"contentUrl\":\"https:\\\/\\\/radioleinewelle.de\\\/wp-content\\\/uploads\\\/2023\\\/11\\\/cropped-Leinewelle_Logo_weiss.png\",\"width\":854,\"height\":260,\"caption\":\"Radio Leinewelle\"},\"image\":{\"@id\":\"https:\\\/\\\/radioleinewelle.de\\\/#\\\/schema\\\/logo\\\/image\\\/\"},\"sameAs\":[\"https:\\\/\\\/www.facebook.com\\\/radioleinewelle\",\"https:\\\/\\\/x.com\\\/RLeinewelle\",\"https:\\\/\\\/www.instagram.com\\\/radioleinewelle\\\/?hl=de\"]},{\"@type\":\"Person\",\"@id\":\"https:\\\/\\\/radioleinewelle.de\\\/#\\\/schema\\\/person\\\/45606f348637df637192dc1b68399a63\",\"name\":\"Leinewelle\",\"image\":{\"@type\":\"ImageObject\",\"inLanguage\":\"de\",\"@id\":\"https:\\\/\\\/secure.gravatar.com\\\/avatar\\\/05c9a17bc973052ee5d91549bd32fb4dd0dc85b7b85ae94b2e2b4943476bbea5?s=96&d=blank&r=g\",\"url\":\"https:\\\/\\\/secure.gravatar.com\\\/avatar\\\/05c9a17bc973052ee5d91549bd32fb4dd0dc85b7b85ae94b2e2b4943476bbea5?s=96&d=blank&r=g\",\"contentUrl\":\"https:\\\/\\\/secure.gravatar.com\\\/avatar\\\/05c9a17bc973052ee5d91549bd32fb4dd0dc85b7b85ae94b2e2b4943476bbea5?s=96&d=blank&r=g\",\"caption\":\"Leinewelle\"},\"sameAs\":[\"http:\\\/\\\/localhost\\\/radio%20leinewelle\\\/wordpress\",\"https:\\\/\\\/www.facebook.com\\\/radioleinewelle\",\"https:\\\/\\\/www.instagram.com\\\/radioleinewelle\",\"https:\\\/\\\/x.com\\\/https:\\\/\\\/twitter.com\\\/RLeinewelle?ref_src=twsrcgoogletwcampserptwgrauthor\",\"https:\\\/\\\/soundcloud.com\\\/foerderverein-lokalradio?utm_source=clipboard&utm_medium=text&utm_campaign=social_sharing\"],\"url\":\"https:\\\/\\\/radioleinewelle.de\\\/index.php\\\/author\\\/leinewelle\\\/\"}]}<\/script>\n<!-- \/ Yoast SEO plugin. -->","yoast_head_json":{"title":"Feministischer Kampftag in G\u00f6ttingen: Demo und Stra\u00dfenfest am 8. M\u00e4rz - Radio Leinewelle","description":"m 8. M\u00e4rz 2026 findet in G\u00f6ttingen eine feministische Demonstration vom Albaniplatz zum G\u00e4nseliesel statt. Anschlie\u00dfend gibt es ein Stra\u00dfenfest mit Aktionen und Open Mic.Fokus-Keyword: Frauentag G\u00f6ttingen 2026","robots":{"index":"index","follow":"follow","max-snippet":"max-snippet:-1","max-image-preview":"max-image-preview:large","max-video-preview":"max-video-preview:-1"},"canonical":"https:\/\/radioleinewelle.de\/index.php\/2026\/03\/08\/feministischer-kampftag-in-goettingen-demo-und-strassenfest-am-8-maerz\/","og_locale":"de_DE","og_type":"article","og_title":"Feministischer Kampftag in G\u00f6ttingen: Demo und Stra\u00dfenfest am 8. M\u00e4rz - Radio Leinewelle","og_description":"m 8. M\u00e4rz 2026 findet in G\u00f6ttingen eine feministische Demonstration vom Albaniplatz zum G\u00e4nseliesel statt. Anschlie\u00dfend gibt es ein Stra\u00dfenfest mit Aktionen und Open Mic.Fokus-Keyword: Frauentag G\u00f6ttingen 2026","og_url":"https:\/\/radioleinewelle.de\/index.php\/2026\/03\/08\/feministischer-kampftag-in-goettingen-demo-und-strassenfest-am-8-maerz\/","og_site_name":"Radio Leinewelle","article_publisher":"https:\/\/www.facebook.com\/radioleinewelle","article_author":"https:\/\/www.facebook.com\/radioleinewelle","article_published_time":"2026-03-08T08:39:59+00:00","article_modified_time":"2026-03-08T08:47:16+00:00","og_image":[{"width":835,"height":757,"url":"https:\/\/radioleinewelle.de\/wp-content\/uploads\/2026\/03\/Gaenseliesel-08.-Maerz-e1772958631235.jpg","type":"image\/jpeg"}],"author":"Leinewelle","twitter_card":"summary_large_image","twitter_creator":"@https:\/\/twitter.com\/RLeinewelle?ref_src=twsrcgoogletwcampserptwgrauthor","twitter_site":"@RLeinewelle","twitter_misc":{"Verfasst von":"Leinewelle","Gesch\u00e4tzte Lesezeit":"2\u00a0Minuten"},"schema":{"@context":"https:\/\/schema.org","@graph":[{"@type":"Article","@id":"https:\/\/radioleinewelle.de\/index.php\/2026\/03\/08\/feministischer-kampftag-in-goettingen-demo-und-strassenfest-am-8-maerz\/#article","isPartOf":{"@id":"https:\/\/radioleinewelle.de\/index.php\/2026\/03\/08\/feministischer-kampftag-in-goettingen-demo-und-strassenfest-am-8-maerz\/"},"author":{"name":"Leinewelle","@id":"https:\/\/radioleinewelle.de\/#\/schema\/person\/45606f348637df637192dc1b68399a63"},"headline":"Feministischer Kampftag in G\u00f6ttingen: Demo und Stra\u00dfenfest am 8. M\u00e4rz","datePublished":"2026-03-08T08:39:59+00:00","dateModified":"2026-03-08T08:47:16+00:00","mainEntityOfPage":{"@id":"https:\/\/radioleinewelle.de\/index.php\/2026\/03\/08\/feministischer-kampftag-in-goettingen-demo-und-strassenfest-am-8-maerz\/"},"wordCount":320,"commentCount":0,"publisher":{"@id":"https:\/\/radioleinewelle.de\/#organization"},"image":{"@id":"https:\/\/radioleinewelle.de\/index.php\/2026\/03\/08\/feministischer-kampftag-in-goettingen-demo-und-strassenfest-am-8-maerz\/#primaryimage"},"thumbnailUrl":"https:\/\/radioleinewelle.de\/wp-content\/uploads\/2026\/03\/Gaenseliesel-08.-Maerz-e1772958631235.jpg","keywords":["8M\u00e4rz G\u00f6ttingen","Feminismus","Feministischer Kampftag","Frauenrechte","Frauentag","G\u00f6ttingen","Internationaler Frauentag"],"articleSection":["Feminismus","Gesellschaft"],"inLanguage":"de","potentialAction":[{"@type":"CommentAction","name":"Comment","target":["https:\/\/radioleinewelle.de\/index.php\/2026\/03\/08\/feministischer-kampftag-in-goettingen-demo-und-strassenfest-am-8-maerz\/#respond"]}]},{"@type":"WebPage","@id":"https:\/\/radioleinewelle.de\/index.php\/2026\/03\/08\/feministischer-kampftag-in-goettingen-demo-und-strassenfest-am-8-maerz\/","url":"https:\/\/radioleinewelle.de\/index.php\/2026\/03\/08\/feministischer-kampftag-in-goettingen-demo-und-strassenfest-am-8-maerz\/","name":"Feministischer Kampftag in G\u00f6ttingen: Demo und Stra\u00dfenfest am 8. M\u00e4rz - Radio Leinewelle","isPartOf":{"@id":"https:\/\/radioleinewelle.de\/#website"},"primaryImageOfPage":{"@id":"https:\/\/radioleinewelle.de\/index.php\/2026\/03\/08\/feministischer-kampftag-in-goettingen-demo-und-strassenfest-am-8-maerz\/#primaryimage"},"image":{"@id":"https:\/\/radioleinewelle.de\/index.php\/2026\/03\/08\/feministischer-kampftag-in-goettingen-demo-und-strassenfest-am-8-maerz\/#primaryimage"},"thumbnailUrl":"https:\/\/radioleinewelle.de\/wp-content\/uploads\/2026\/03\/Gaenseliesel-08.-Maerz-e1772958631235.jpg","datePublished":"2026-03-08T08:39:59+00:00","dateModified":"2026-03-08T08:47:16+00:00","description":"m 8. M\u00e4rz 2026 findet in G\u00f6ttingen eine feministische Demonstration vom Albaniplatz zum G\u00e4nseliesel statt. Anschlie\u00dfend gibt es ein Stra\u00dfenfest mit Aktionen und Open Mic.Fokus-Keyword: Frauentag G\u00f6ttingen 2026","breadcrumb":{"@id":"https:\/\/radioleinewelle.de\/index.php\/2026\/03\/08\/feministischer-kampftag-in-goettingen-demo-und-strassenfest-am-8-maerz\/#breadcrumb"},"inLanguage":"de","potentialAction":[{"@type":"ReadAction","target":["https:\/\/radioleinewelle.de\/index.php\/2026\/03\/08\/feministischer-kampftag-in-goettingen-demo-und-strassenfest-am-8-maerz\/"]}]},{"@type":"ImageObject","inLanguage":"de","@id":"https:\/\/radioleinewelle.de\/index.php\/2026\/03\/08\/feministischer-kampftag-in-goettingen-demo-und-strassenfest-am-8-maerz\/#primaryimage","url":"https:\/\/radioleinewelle.de\/wp-content\/uploads\/2026\/03\/Gaenseliesel-08.-Maerz-e1772958631235.jpg","contentUrl":"https:\/\/radioleinewelle.de\/wp-content\/uploads\/2026\/03\/Gaenseliesel-08.-Maerz-e1772958631235.jpg","width":835,"height":757},{"@type":"BreadcrumbList","@id":"https:\/\/radioleinewelle.de\/index.php\/2026\/03\/08\/feministischer-kampftag-in-goettingen-demo-und-strassenfest-am-8-maerz\/#breadcrumb","itemListElement":[{"@type":"ListItem","position":1,"name":"Startseite","item":"https:\/\/radioleinewelle.de\/"},{"@type":"ListItem","position":2,"name":"Feministischer Kampftag in G\u00f6ttingen: Demo und Stra\u00dfenfest am 8. M\u00e4rz"}]},{"@type":"WebSite","@id":"https:\/\/radioleinewelle.de\/#website","url":"https:\/\/radioleinewelle.de\/","name":"Radio Leinewelle","description":"","publisher":{"@id":"https:\/\/radioleinewelle.de\/#organization"},"potentialAction":[{"@type":"SearchAction","target":{"@type":"EntryPoint","urlTemplate":"https:\/\/radioleinewelle.de\/?s={search_term_string}"},"query-input":{"@type":"PropertyValueSpecification","valueRequired":true,"valueName":"search_term_string"}}],"inLanguage":"de"},{"@type":"Organization","@id":"https:\/\/radioleinewelle.de\/#organization","name":"Radio Leinewelle","alternateName":"Mein Radio f\u00fcr S\u00fcdniedersachsen","url":"https:\/\/radioleinewelle.de\/","logo":{"@type":"ImageObject","inLanguage":"de","@id":"https:\/\/radioleinewelle.de\/#\/schema\/logo\/image\/","url":"https:\/\/radioleinewelle.de\/wp-content\/uploads\/2023\/11\/cropped-Leinewelle_Logo_weiss.png","contentUrl":"https:\/\/radioleinewelle.de\/wp-content\/uploads\/2023\/11\/cropped-Leinewelle_Logo_weiss.png","width":854,"height":260,"caption":"Radio Leinewelle"},"image":{"@id":"https:\/\/radioleinewelle.de\/#\/schema\/logo\/image\/"},"sameAs":["https:\/\/www.facebook.com\/radioleinewelle","https:\/\/x.com\/RLeinewelle","https:\/\/www.instagram.com\/radioleinewelle\/?hl=de"]},{"@type":"Person","@id":"https:\/\/radioleinewelle.de\/#\/schema\/person\/45606f348637df637192dc1b68399a63","name":"Leinewelle","image":{"@type":"ImageObject","inLanguage":"de","@id":"https:\/\/secure.gravatar.com\/avatar\/05c9a17bc973052ee5d91549bd32fb4dd0dc85b7b85ae94b2e2b4943476bbea5?s=96&d=blank&r=g","url":"https:\/\/secure.gravatar.com\/avatar\/05c9a17bc973052ee5d91549bd32fb4dd0dc85b7b85ae94b2e2b4943476bbea5?s=96&d=blank&r=g","contentUrl":"https:\/\/secure.gravatar.com\/avatar\/05c9a17bc973052ee5d91549bd32fb4dd0dc85b7b85ae94b2e2b4943476bbea5?s=96&d=blank&r=g","caption":"Leinewelle"},"sameAs":["http:\/\/localhost\/radio%20leinewelle\/wordpress","https:\/\/www.facebook.com\/radioleinewelle","https:\/\/www.instagram.com\/radioleinewelle","https:\/\/x.com\/https:\/\/twitter.com\/RLeinewelle?ref_src=twsrcgoogletwcampserptwgrauthor","https:\/\/soundcloud.com\/foerderverein-lokalradio?utm_source=clipboard&utm_medium=text&utm_campaign=social_sharing"],"url":"https:\/\/radioleinewelle.de\/index.php\/author\/leinewelle\/"}]}},"_links":{"self":[{"href":"https:\/\/radioleinewelle.de\/index.php\/wp-json\/wp\/v2\/posts\/30620","targetHints":{"allow":["GET"]}}],"collection":[{"href":"https:\/\/radioleinewelle.de\/index.php\/wp-json\/wp\/v2\/posts"}],"about":[{"href":"https:\/\/radioleinewelle.de\/index.php\/wp-json\/wp\/v2\/types\/post"}],"author":[{"embeddable":true,"href":"https:\/\/radioleinewelle.de\/index.php\/wp-json\/wp\/v2\/users\/1"}],"replies":[{"embeddable":true,"href":"https:\/\/radioleinewelle.de\/index.php\/wp-json\/wp\/v2\/comments?post=30620"}],"version-history":[{"count":7,"href":"https:\/\/radioleinewelle.de\/index.php\/wp-json\/wp\/v2\/posts\/30620\/revisions"}],"predecessor-version":[{"id":30630,"href":"https:\/\/radioleinewelle.de\/index.php\/wp-json\/wp\/v2\/posts\/30620\/revisions\/30630"}],"wp:featuredmedia":[{"embeddable":true,"href":"https:\/\/radioleinewelle.de\/index.php\/wp-json\/wp\/v2\/media\/30622"}],"wp:attachment":[{"href":"https:\/\/radioleinewelle.de\/index.php\/wp-json\/wp\/v2\/media?parent=30620"}],"wp:term":[{"taxonomy":"category","embeddable":true,"href":"https:\/\/radioleinewelle.de\/index.php\/wp-json\/wp\/v2\/categories?post=30620"},{"taxonomy":"post_tag","embeddable":true,"href":"https:\/\/radioleinewelle.de\/index.php\/wp-json\/wp\/v2\/tags?post=30620"}],"curies":[{"name":"wp","href":"https:\/\/api.w.org\/{rel}","templated":true}]}}